{"id":11863,"date":"2021-07-15T18:46:04","date_gmt":"2021-07-15T18:46:04","guid":{"rendered":"https:\/\/www.cargo-montreal.ca\/?p=11863"},"modified":"2021-07-15T18:46:04","modified_gmt":"2021-07-15T18:46:04","slug":"participation-de-cargom-au-programme-passerelle-sectorielle","status":"publish","type":"post","link":"https:\/\/www.cargo-montreal.ca\/en\/participation-de-cargom-au-programme-passerelle-sectorielle\/","title":{"rendered":"Participation de CargoM au programme Passerelle sectorielle"},"content":{"rendered":"Nous sommes ravis d\u2019avoir pr\u00e9sent\u00e9 CargoM \u00e0 plusieurs nouveaux arrivants qui ont de l\u2019exp\u00e9rience ou de l\u2019int\u00e9r\u00eat pour les m\u00e9tiers de la logistique et du transport de marchandises dans le cadre du programme\u00a0<a href=\"https:\/\/www.ccmm.ca\/fr\/services-acclr\/passerelle-sectorielle\/?utm_source=hs_email&amp;utm_medium=email&amp;utm_content=2&amp;_hsenc=p2ANqtz-_eeCPr0IcMwI2m_IJYDlnRUeYZRpuXjbDFzKtc90l_ofriCQYDmklvUC_XMiZ2-0Sy6FSXnThkBxaxG6L_F0NWoFTPEAfjxkm8OGs6Pt6JYEn7g28\" target=\"_blank\" rel=\"noopener\" data-hs-link-id=\"0\">Passerelle sectorielle<\/a>.\r\n<p align=\"justify\">Gr\u00e2ce \u00e0 cette belle initiative de la\u00a0<a href=\"https:\/\/www.ccmm.ca\/?gclid=CjwKCAjwlrqHBhByEiwAnLmYUEjaUeX3BoM02a58CysNGzFAXUPekR4weVY5lvpGPdzeNjAEuhogsBoCR7MQAvD_BwE&amp;utm_source=hs_email&amp;utm_medium=email&amp;utm_content=2&amp;_hsenc=p2ANqtz-_eeCPr0IcMwI2m_IJYDlnRUeYZRpuXjbDFzKtc90l_ofriCQYDmklvUC_XMiZ2-0Sy6FSXnThkBxaxG6L_F0NWoFTPEAfjxkm8OGs6Pt6JYEn7g28\" target=\"_blank\" rel=\"noopener\" data-hs-link-id=\"0\">Chambre de commerce du Montr\u00e9al m\u00e9tropolitain (CCMM),<\/a>\u00a0les participants ont une meilleure compr\u00e9hension de notre secteur et seront mieux outill\u00e9s afin de saisir toutes les opportunit\u00e9s de carri\u00e8re qui s\u2019offrent \u00e0 eux !<\/p>\r\n<p align=\"justify\">Ils ont \u00e9galement eu la chance de rencontrer certains de nos membres, dont le\u00a0<a href=\"https:\/\/www.groupocean.com\/?utm_source=hs_email&amp;utm_medium=email&amp;utm_content=2&amp;_hsenc=p2ANqtz-_eeCPr0IcMwI2m_IJYDlnRUeYZRpuXjbDFzKtc90l_ofriCQYDmklvUC_XMiZ2-0Sy6FSXnThkBxaxG6L_F0NWoFTPEAfjxkm8OGs6Pt6JYEn7g28\" target=\"_blank\" rel=\"noopener\" data-hs-link-id=\"0\">Groupe Oc\u00e9an<\/a>,\u00a0<a href=\"https:\/\/www.bollore-logistics.com\/fr\/?utm_source=hs_email&amp;utm_medium=email&amp;utm_content=2&amp;_hsenc=p2ANqtz-_eeCPr0IcMwI2m_IJYDlnRUeYZRpuXjbDFzKtc90l_ofriCQYDmklvUC_XMiZ2-0Sy6FSXnThkBxaxG6L_F0NWoFTPEAfjxkm8OGs6Pt6JYEn7g28\" target=\"_blank\" rel=\"noopener\" data-hs-link-id=\"0\">Bollor\u00e9 Logistics<\/a>,\u00a0<a href=\"https:\/\/www.logistec.com\/fr\/?utm_source=hs_email&amp;utm_medium=email&amp;utm_content=2&amp;_hsenc=p2ANqtz-_eeCPr0IcMwI2m_IJYDlnRUeYZRpuXjbDFzKtc90l_ofriCQYDmklvUC_XMiZ2-0Sy6FSXnThkBxaxG6L_F0NWoFTPEAfjxkm8OGs6Pt6JYEn7g28\" target=\"_blank\" rel=\"noopener\" data-hs-link-id=\"1\">Logistec<\/a>,\u00a0<a href=\"http:\/\/www.groupemorneau.com\/?utm_source=hs_email&amp;utm_medium=email&amp;utm_content=2&amp;_hsenc=p2ANqtz-_eeCPr0IcMwI2m_IJYDlnRUeYZRpuXjbDFzKtc90l_ofriCQYDmklvUC_XMiZ2-0Sy6FSXnThkBxaxG6L_F0NWoFTPEAfjxkm8OGs6Pt6JYEn7g28\" target=\"_blank\" rel=\"noopener\" data-hs-link-id=\"0\">Groupe Morneau<\/a>, et le\u00a0<a href=\"https:\/\/www.cn.ca\/fr\/?utm_source=hs_email&amp;utm_medium=email&amp;utm_content=2&amp;_hsenc=p2ANqtz-_eeCPr0IcMwI2m_IJYDlnRUeYZRpuXjbDFzKtc90l_ofriCQYDmklvUC_XMiZ2-0Sy6FSXnThkBxaxG6L_F0NWoFTPEAfjxkm8OGs6Pt6JYEn7g28\" target=\"_blank\" rel=\"noopener\" data-hs-link-id=\"0\">CN<\/a>\u00a0qui ne manquent pas une occasion d\u2019\u00eatre proactif dans la recherche de candidats.<\/p>\r\n<p align=\"justify\">Merci \u00e0 toute l\u2019\u00e9quipe de Acclr !<\/p>","protected":false},"excerpt":{"rendered":"Nous sommes ravis d\u2019avoir pr\u00e9sent\u00e9 CargoM \u00e0 plusieurs nouveaux arrivants qui ont de l\u2019exp\u00e9rience ou de l\u2019int\u00e9r\u00eat pour les m\u00e9tiers de la logistique et du transport de marchandises dans le cadre du programme\u00a0Passerelle sectorielle. Gr\u00e2ce \u00e0 cette belle initiative de la\u00a0Chambre de commerce du Montr\u00e9al m\u00e9tropolitain (CCMM),\u00a0les participants ont une meilleure compr\u00e9hension de notre secteur [&hellip;]","protected":false},"author":39,"featured_media":11846,"comment_status":"open","ping_status":"open","sticky":false,"template":"","format":"standard","meta":{"_acf_changed":false,"footnotes":""},"categories":[33],"tags":[],"class_list":["post-11863","post","type-post","status-publish","format-standard","has-post-thumbnail","hentry","category-logistics-services-2"],"acf":[],"yoast_head":"<!-- This site is optimized with the Yoast SEO plugin v27.3 - https:\/\/yoast.com\/product\/yoast-seo-wordpress\/ -->\n<title>Participation de CargoM au programme Passerelle sectorielle - CargoM<\/title>\n<meta name=\"robots\" content=\"index, follow, max-snippet:-1, max-image-preview:large, max-video-preview:-1\" \/>\n<link rel=\"canonical\" href=\"https:\/\/www.cargo-montreal.ca\/en\/participation-de-cargom-au-programme-passerelle-sectorielle\/\" \/>\n<meta property=\"og:locale\" content=\"en_US\" \/>\n<meta property=\"og:type\" content=\"article\" \/>\n<meta property=\"og:title\" content=\"Participation de CargoM au programme Passerelle sectorielle - CargoM\" \/>\n<meta property=\"og:description\" content=\"Nous sommes ravis d\u2019avoir pr\u00e9sent\u00e9 CargoM \u00e0 plusieurs nouveaux arrivants qui ont de l\u2019exp\u00e9rience ou de l\u2019int\u00e9r\u00eat pour les m\u00e9tiers de la logistique et du transport de marchandises dans le cadre du programme\u00a0Passerelle sectorielle. Gr\u00e2ce \u00e0 cette belle initiative de la\u00a0Chambre de commerce du Montr\u00e9al m\u00e9tropolitain (CCMM),\u00a0les participants ont une meilleure compr\u00e9hension de notre secteur [&hellip;]\" \/>\n<meta property=\"og:url\" content=\"https:\/\/www.cargo-montreal.ca\/en\/participation-de-cargom-au-programme-passerelle-sectorielle\/\" \/>\n<meta property=\"og:site_name\" content=\"CargoM\" \/>\n<meta property=\"article:published_time\" content=\"2021-07-15T18:46:04+00:00\" \/>\n<meta property=\"og:image\" content=\"https:\/\/www.cargo-montreal.ca\/wp-content\/uploads\/2021\/07\/Passerelle-sectorielle-Banniere_retour_evenement_transport_1200x630_V02.jpg\" \/>\n\t<meta property=\"og:image:width\" content=\"1200\" \/>\n\t<meta property=\"og:image:height\" content=\"630\" \/>\n\t<meta property=\"og:image:type\" content=\"image\/jpeg\" \/>\n<meta name=\"author\" content=\"Karine Dudognon\" \/>\n<meta name=\"twitter:card\" content=\"summary_large_image\" \/>\n<meta name=\"twitter:label1\" content=\"Written by\" \/>\n\t<meta name=\"twitter:data1\" content=\"Karine Dudognon\" \/>\n\t<meta name=\"twitter:label2\" content=\"Est. reading time\" \/>\n\t<meta name=\"twitter:data2\" content=\"1 minute\" \/>\n<script type=\"application\/ld+json\" class=\"yoast-schema-graph\">{\"@context\":\"https:\\\/\\\/schema.org\",\"@graph\":[{\"@type\":\"Article\",\"@id\":\"https:\\\/\\\/www.cargo-montreal.ca\\\/en\\\/participation-de-cargom-au-programme-passerelle-sectorielle\\\/#article\",\"isPartOf\":{\"@id\":\"https:\\\/\\\/www.cargo-montreal.ca\\\/en\\\/participation-de-cargom-au-programme-passerelle-sectorielle\\\/\"},\"author\":{\"name\":\"Karine Dudognon\",\"@id\":\"https:\\\/\\\/www.cargo-montreal.ca\\\/en\\\/#\\\/schema\\\/person\\\/80476d173ce654813db9fd1533901365\"},\"headline\":\"Participation de CargoM au programme Passerelle sectorielle\",\"datePublished\":\"2021-07-15T18:46:04+00:00\",\"mainEntityOfPage\":{\"@id\":\"https:\\\/\\\/www.cargo-montreal.ca\\\/en\\\/participation-de-cargom-au-programme-passerelle-sectorielle\\\/\"},\"wordCount\":139,\"commentCount\":0,\"image\":{\"@id\":\"https:\\\/\\\/www.cargo-montreal.ca\\\/en\\\/participation-de-cargom-au-programme-passerelle-sectorielle\\\/#primaryimage\"},\"thumbnailUrl\":\"https:\\\/\\\/www.cargo-montreal.ca\\\/wp-content\\\/uploads\\\/2021\\\/07\\\/Passerelle-sectorielle-Banniere_retour_evenement_transport_1200x630_V02.jpg\",\"articleSection\":[\"Logistics Services\"],\"inLanguage\":\"en-US\",\"potentialAction\":[{\"@type\":\"CommentAction\",\"name\":\"Comment\",\"target\":[\"https:\\\/\\\/www.cargo-montreal.ca\\\/en\\\/participation-de-cargom-au-programme-passerelle-sectorielle\\\/#respond\"]}]},{\"@type\":\"WebPage\",\"@id\":\"https:\\\/\\\/www.cargo-montreal.ca\\\/en\\\/participation-de-cargom-au-programme-passerelle-sectorielle\\\/\",\"url\":\"https:\\\/\\\/www.cargo-montreal.ca\\\/en\\\/participation-de-cargom-au-programme-passerelle-sectorielle\\\/\",\"name\":\"Participation de CargoM au programme Passerelle sectorielle - CargoM\",\"isPartOf\":{\"@id\":\"https:\\\/\\\/www.cargo-montreal.ca\\\/en\\\/#website\"},\"primaryImageOfPage\":{\"@id\":\"https:\\\/\\\/www.cargo-montreal.ca\\\/en\\\/participation-de-cargom-au-programme-passerelle-sectorielle\\\/#primaryimage\"},\"image\":{\"@id\":\"https:\\\/\\\/www.cargo-montreal.ca\\\/en\\\/participation-de-cargom-au-programme-passerelle-sectorielle\\\/#primaryimage\"},\"thumbnailUrl\":\"https:\\\/\\\/www.cargo-montreal.ca\\\/wp-content\\\/uploads\\\/2021\\\/07\\\/Passerelle-sectorielle-Banniere_retour_evenement_transport_1200x630_V02.jpg\",\"datePublished\":\"2021-07-15T18:46:04+00:00\",\"author\":{\"@id\":\"https:\\\/\\\/www.cargo-montreal.ca\\\/en\\\/#\\\/schema\\\/person\\\/80476d173ce654813db9fd1533901365\"},\"breadcrumb\":{\"@id\":\"https:\\\/\\\/www.cargo-montreal.ca\\\/en\\\/participation-de-cargom-au-programme-passerelle-sectorielle\\\/#breadcrumb\"},\"inLanguage\":\"en-US\",\"potentialAction\":[{\"@type\":\"ReadAction\",\"target\":[\"https:\\\/\\\/www.cargo-montreal.ca\\\/en\\\/participation-de-cargom-au-programme-passerelle-sectorielle\\\/\"]}]},{\"@type\":\"ImageObject\",\"inLanguage\":\"en-US\",\"@id\":\"https:\\\/\\\/www.cargo-montreal.ca\\\/en\\\/participation-de-cargom-au-programme-passerelle-sectorielle\\\/#primaryimage\",\"url\":\"https:\\\/\\\/www.cargo-montreal.ca\\\/wp-content\\\/uploads\\\/2021\\\/07\\\/Passerelle-sectorielle-Banniere_retour_evenement_transport_1200x630_V02.jpg\",\"contentUrl\":\"https:\\\/\\\/www.cargo-montreal.ca\\\/wp-content\\\/uploads\\\/2021\\\/07\\\/Passerelle-sectorielle-Banniere_retour_evenement_transport_1200x630_V02.jpg\",\"width\":1200,\"height\":630},{\"@type\":\"BreadcrumbList\",\"@id\":\"https:\\\/\\\/www.cargo-montreal.ca\\\/en\\\/participation-de-cargom-au-programme-passerelle-sectorielle\\\/#breadcrumb\",\"itemListElement\":[{\"@type\":\"ListItem\",\"position\":1,\"name\":\"Home\",\"item\":\"https:\\\/\\\/www.cargo-montreal.ca\\\/en\\\/\"},{\"@type\":\"ListItem\",\"position\":2,\"name\":\"Participation de CargoM au programme Passerelle sectorielle\"}]},{\"@type\":\"WebSite\",\"@id\":\"https:\\\/\\\/www.cargo-montreal.ca\\\/en\\\/#website\",\"url\":\"https:\\\/\\\/www.cargo-montreal.ca\\\/en\\\/\",\"name\":\"CargoM\",\"description\":\"La mission de CargoM: Rassembler les acteurs de la logistique &amp; du transport de marchandises du Grand Montr\u00e9al autour d&#039;objectifs communs, d&#039;actions concert\u00e9es\",\"potentialAction\":[{\"@type\":\"SearchAction\",\"target\":{\"@type\":\"EntryPoint\",\"urlTemplate\":\"https:\\\/\\\/www.cargo-montreal.ca\\\/en\\\/?s={search_term_string}\"},\"query-input\":{\"@type\":\"PropertyValueSpecification\",\"valueRequired\":true,\"valueName\":\"search_term_string\"}}],\"inLanguage\":\"en-US\"},{\"@type\":\"Person\",\"@id\":\"https:\\\/\\\/www.cargo-montreal.ca\\\/en\\\/#\\\/schema\\\/person\\\/80476d173ce654813db9fd1533901365\",\"name\":\"Karine Dudognon\",\"image\":{\"@type\":\"ImageObject\",\"inLanguage\":\"en-US\",\"@id\":\"https:\\\/\\\/secure.gravatar.com\\\/avatar\\\/673bdfb703a9b6685a88bc7dfb04a9ea2b48b30e9d1663a5e759a4e9bfa3e2c0?s=96&d=mm&r=g\",\"url\":\"https:\\\/\\\/secure.gravatar.com\\\/avatar\\\/673bdfb703a9b6685a88bc7dfb04a9ea2b48b30e9d1663a5e759a4e9bfa3e2c0?s=96&d=mm&r=g\",\"contentUrl\":\"https:\\\/\\\/secure.gravatar.com\\\/avatar\\\/673bdfb703a9b6685a88bc7dfb04a9ea2b48b30e9d1663a5e759a4e9bfa3e2c0?s=96&d=mm&r=g\",\"caption\":\"Karine Dudognon\"},\"url\":\"https:\\\/\\\/www.cargo-montreal.ca\\\/en\\\/author\\\/karine\\\/\"}]}<\/script>\n<!-- \/ Yoast SEO plugin. -->","yoast_head_json":{"title":"Participation de CargoM au programme Passerelle sectorielle - CargoM","robots":{"index":"index","follow":"follow","max-snippet":"max-snippet:-1","max-image-preview":"max-image-preview:large","max-video-preview":"max-video-preview:-1"},"canonical":"https:\/\/www.cargo-montreal.ca\/en\/participation-de-cargom-au-programme-passerelle-sectorielle\/","og_locale":"en_US","og_type":"article","og_title":"Participation de CargoM au programme Passerelle sectorielle - CargoM","og_description":"Nous sommes ravis d\u2019avoir pr\u00e9sent\u00e9 CargoM \u00e0 plusieurs nouveaux arrivants qui ont de l\u2019exp\u00e9rience ou de l\u2019int\u00e9r\u00eat pour les m\u00e9tiers de la logistique et du transport de marchandises dans le cadre du programme\u00a0Passerelle sectorielle. Gr\u00e2ce \u00e0 cette belle initiative de la\u00a0Chambre de commerce du Montr\u00e9al m\u00e9tropolitain (CCMM),\u00a0les participants ont une meilleure compr\u00e9hension de notre secteur [&hellip;]","og_url":"https:\/\/www.cargo-montreal.ca\/en\/participation-de-cargom-au-programme-passerelle-sectorielle\/","og_site_name":"CargoM","article_published_time":"2021-07-15T18:46:04+00:00","og_image":[{"width":1200,"height":630,"url":"https:\/\/www.cargo-montreal.ca\/wp-content\/uploads\/2021\/07\/Passerelle-sectorielle-Banniere_retour_evenement_transport_1200x630_V02.jpg","type":"image\/jpeg"}],"author":"Karine Dudognon","twitter_card":"summary_large_image","twitter_misc":{"Written by":"Karine Dudognon","Est. reading time":"1 minute"},"schema":{"@context":"https:\/\/schema.org","@graph":[{"@type":"Article","@id":"https:\/\/www.cargo-montreal.ca\/en\/participation-de-cargom-au-programme-passerelle-sectorielle\/#article","isPartOf":{"@id":"https:\/\/www.cargo-montreal.ca\/en\/participation-de-cargom-au-programme-passerelle-sectorielle\/"},"author":{"name":"Karine Dudognon","@id":"https:\/\/www.cargo-montreal.ca\/en\/#\/schema\/person\/80476d173ce654813db9fd1533901365"},"headline":"Participation de CargoM au programme Passerelle sectorielle","datePublished":"2021-07-15T18:46:04+00:00","mainEntityOfPage":{"@id":"https:\/\/www.cargo-montreal.ca\/en\/participation-de-cargom-au-programme-passerelle-sectorielle\/"},"wordCount":139,"commentCount":0,"image":{"@id":"https:\/\/www.cargo-montreal.ca\/en\/participation-de-cargom-au-programme-passerelle-sectorielle\/#primaryimage"},"thumbnailUrl":"https:\/\/www.cargo-montreal.ca\/wp-content\/uploads\/2021\/07\/Passerelle-sectorielle-Banniere_retour_evenement_transport_1200x630_V02.jpg","articleSection":["Logistics Services"],"inLanguage":"en-US","potentialAction":[{"@type":"CommentAction","name":"Comment","target":["https:\/\/www.cargo-montreal.ca\/en\/participation-de-cargom-au-programme-passerelle-sectorielle\/#respond"]}]},{"@type":"WebPage","@id":"https:\/\/www.cargo-montreal.ca\/en\/participation-de-cargom-au-programme-passerelle-sectorielle\/","url":"https:\/\/www.cargo-montreal.ca\/en\/participation-de-cargom-au-programme-passerelle-sectorielle\/","name":"Participation de CargoM au programme Passerelle sectorielle - CargoM","isPartOf":{"@id":"https:\/\/www.cargo-montreal.ca\/en\/#website"},"primaryImageOfPage":{"@id":"https:\/\/www.cargo-montreal.ca\/en\/participation-de-cargom-au-programme-passerelle-sectorielle\/#primaryimage"},"image":{"@id":"https:\/\/www.cargo-montreal.ca\/en\/participation-de-cargom-au-programme-passerelle-sectorielle\/#primaryimage"},"thumbnailUrl":"https:\/\/www.cargo-montreal.ca\/wp-content\/uploads\/2021\/07\/Passerelle-sectorielle-Banniere_retour_evenement_transport_1200x630_V02.jpg","datePublished":"2021-07-15T18:46:04+00:00","author":{"@id":"https:\/\/www.cargo-montreal.ca\/en\/#\/schema\/person\/80476d173ce654813db9fd1533901365"},"breadcrumb":{"@id":"https:\/\/www.cargo-montreal.ca\/en\/participation-de-cargom-au-programme-passerelle-sectorielle\/#breadcrumb"},"inLanguage":"en-US","potentialAction":[{"@type":"ReadAction","target":["https:\/\/www.cargo-montreal.ca\/en\/participation-de-cargom-au-programme-passerelle-sectorielle\/"]}]},{"@type":"ImageObject","inLanguage":"en-US","@id":"https:\/\/www.cargo-montreal.ca\/en\/participation-de-cargom-au-programme-passerelle-sectorielle\/#primaryimage","url":"https:\/\/www.cargo-montreal.ca\/wp-content\/uploads\/2021\/07\/Passerelle-sectorielle-Banniere_retour_evenement_transport_1200x630_V02.jpg","contentUrl":"https:\/\/www.cargo-montreal.ca\/wp-content\/uploads\/2021\/07\/Passerelle-sectorielle-Banniere_retour_evenement_transport_1200x630_V02.jpg","width":1200,"height":630},{"@type":"BreadcrumbList","@id":"https:\/\/www.cargo-montreal.ca\/en\/participation-de-cargom-au-programme-passerelle-sectorielle\/#breadcrumb","itemListElement":[{"@type":"ListItem","position":1,"name":"Home","item":"https:\/\/www.cargo-montreal.ca\/en\/"},{"@type":"ListItem","position":2,"name":"Participation de CargoM au programme Passerelle sectorielle"}]},{"@type":"WebSite","@id":"https:\/\/www.cargo-montreal.ca\/en\/#website","url":"https:\/\/www.cargo-montreal.ca\/en\/","name":"CargoM","description":"La mission de CargoM: Rassembler les acteurs de la logistique &amp; du transport de marchandises du Grand Montr\u00e9al autour d&#039;objectifs communs, d&#039;actions concert\u00e9es","potentialAction":[{"@type":"SearchAction","target":{"@type":"EntryPoint","urlTemplate":"https:\/\/www.cargo-montreal.ca\/en\/?s={search_term_string}"},"query-input":{"@type":"PropertyValueSpecification","valueRequired":true,"valueName":"search_term_string"}}],"inLanguage":"en-US"},{"@type":"Person","@id":"https:\/\/www.cargo-montreal.ca\/en\/#\/schema\/person\/80476d173ce654813db9fd1533901365","name":"Karine Dudognon","image":{"@type":"ImageObject","inLanguage":"en-US","@id":"https:\/\/secure.gravatar.com\/avatar\/673bdfb703a9b6685a88bc7dfb04a9ea2b48b30e9d1663a5e759a4e9bfa3e2c0?s=96&d=mm&r=g","url":"https:\/\/secure.gravatar.com\/avatar\/673bdfb703a9b6685a88bc7dfb04a9ea2b48b30e9d1663a5e759a4e9bfa3e2c0?s=96&d=mm&r=g","contentUrl":"https:\/\/secure.gravatar.com\/avatar\/673bdfb703a9b6685a88bc7dfb04a9ea2b48b30e9d1663a5e759a4e9bfa3e2c0?s=96&d=mm&r=g","caption":"Karine Dudognon"},"url":"https:\/\/www.cargo-montreal.ca\/en\/author\/karine\/"}]}},"_links":{"self":[{"href":"https:\/\/www.cargo-montreal.ca\/en\/wp-json\/wp\/v2\/posts\/11863","targetHints":{"allow":["GET"]}}],"collection":[{"href":"https:\/\/www.cargo-montreal.ca\/en\/wp-json\/wp\/v2\/posts"}],"about":[{"href":"https:\/\/www.cargo-montreal.ca\/en\/wp-json\/wp\/v2\/types\/post"}],"author":[{"embeddable":true,"href":"https:\/\/www.cargo-montreal.ca\/en\/wp-json\/wp\/v2\/users\/39"}],"replies":[{"embeddable":true,"href":"https:\/\/www.cargo-montreal.ca\/en\/wp-json\/wp\/v2\/comments?post=11863"}],"version-history":[{"count":1,"href":"https:\/\/www.cargo-montreal.ca\/en\/wp-json\/wp\/v2\/posts\/11863\/revisions"}],"predecessor-version":[{"id":11864,"href":"https:\/\/www.cargo-montreal.ca\/en\/wp-json\/wp\/v2\/posts\/11863\/revisions\/11864"}],"wp:featuredmedia":[{"embeddable":true,"href":"https:\/\/www.cargo-montreal.ca\/en\/wp-json\/wp\/v2\/media\/11846"}],"wp:attachment":[{"href":"https:\/\/www.cargo-montreal.ca\/en\/wp-json\/wp\/v2\/media?parent=11863"}],"wp:term":[{"taxonomy":"category","embeddable":true,"href":"https:\/\/www.cargo-montreal.ca\/en\/wp-json\/wp\/v2\/categories?post=11863"},{"taxonomy":"post_tag","embeddable":true,"href":"https:\/\/www.cargo-montreal.ca\/en\/wp-json\/wp\/v2\/tags?post=11863"}],"curies":[{"name":"wp","href":"https:\/\/api.w.org\/{rel}","templated":true}]}}