{"id":10285,"date":"2020-09-10T15:43:12","date_gmt":"2020-09-10T15:43:12","guid":{"rendered":"https:\/\/www.cargo-montreal.ca\/?p=10285"},"modified":"2020-09-10T16:00:04","modified_gmt":"2020-09-10T16:00:04","slug":"9e-edition-10-septembre-2020","status":"publish","type":"post","link":"https:\/\/www.cargo-montreal.ca\/fr\/9e-edition-10-septembre-2020\/","title":{"rendered":"9e \u00e9dition &#8211; 10 septembre 2020"},"content":{"rendered":"<h2 style=\"text-align: center;\"><strong><u>Communications sp\u00e9ciales CargoM \u2013 COVID-19 9<sup>e<\/sup> \u00e9dition <\/u><\/strong><\/h2>\r\n<p style=\"text-align: justify;\">CargoM vous informe, depuis le d\u00e9but de la pand\u00e9mie, sur l\u2019\u00e9volution de la situation par l\u2019entremise de communications sp\u00e9ciales. Nous travaillons en \u00e9troite collaboration avec nos membres, les instances gouvernementales et nos partenaires afin de renseigner les acteurs de la cha\u00eene logistique du Grand Montr\u00e9al.<\/p>\r\nVous trouverez, dans cette 9e \u00e9dition, les derni\u00e8res nouvelles concernant CargoM et le secteur de la logistique et du transport de marchandises. Pour consulter les \u00e9ditions pr\u00e9c\u00e9dentes, cliquez <a href=\"http:\/\/www.cargo-montreal.ca\/fr\/infolettre\/communications-speciales-cargom-covid-19\/\">ici<\/a>.\r\n<h2 style=\"text-align: center;\"><strong><u>Informations sur la situation sanitaire (COVID-19)<\/u><\/strong><\/h2>\r\n<a href=\"https:\/\/www.cargo-montreal.ca\/wp-content\/uploads\/2020\/09\/Code-couleurs-du-gouvernementpetit.jpg\"><img loading=\"lazy\" decoding=\"async\" class=\"wp-image-10287 aligncenter\" src=\"https:\/\/www.cargo-montreal.ca\/wp-content\/uploads\/2020\/09\/Code-couleurs-du-gouvernementpetit.jpg\" alt=\"\" width=\"486\" height=\"297\" srcset=\"https:\/\/www.cargo-montreal.ca\/wp-content\/uploads\/2020\/09\/Code-couleurs-du-gouvernementpetit.jpg 639w, https:\/\/www.cargo-montreal.ca\/wp-content\/uploads\/2020\/09\/Code-couleurs-du-gouvernementpetit-300x183.jpg 300w\" sizes=\"auto, (max-width: 486px) 100vw, 486px\" \/><\/a>\r\n<p style=\"text-align: justify;\">Les activit\u00e9s \u00e9conomiques relatives \u00e0 la logistique et au transport de marchandises se maintiennent.<\/p>\r\n<p style=\"text-align: justify;\">Le gouvernement provincial vient de cr\u00e9er un syst\u00e8me d\u2019alertes r\u00e9gionales et d\u2019intervention graduelle pr\u00e9cise pour chacune des r\u00e9gions sociosanitaires du Qu\u00e9bec. Ce syst\u00e8me permettra de mettre en place des mesures additionnelles \u00e0 d\u00e9ployer, au besoin, pour assurer la s\u00e9curit\u00e9 des citoyens.<\/p>\r\n<p style=\"text-align: justify;\">Pour conna\u00eetre le niveau d&rsquo;alerte dans votre r\u00e9gion, consultez la carte des paliers d&rsquo;alerte par r\u00e9gion, cliquez <a href=\"https:\/\/www.quebec.ca\/sante\/problemes-de-sante\/a-z\/coronavirus-2019\/systeme-alertes-regionales-et-intervention-graduelle\/cartes-paliers-alerte-covid-19-par-region\/\">ici<\/a>. Pour en savoir plus sur les paliers d\u2019alerte, cliquez<a href=\"https:\/\/www.quebec.ca\/sante\/problemes-de-sante\/a-z\/coronavirus-2019\/systeme-alertes-regionales-et-intervention-graduelle\/\"> ici<\/a>.<\/p>\r\n<p style=\"text-align: justify;\">Nous rappelons qu\u2019il incombe aux employeurs de s\u2019assurer de mettre en place des mesures visant \u00e0 prot\u00e9ger la sant\u00e9 et la s\u00e9curit\u00e9 des travailleurs et des clients.<\/p>\r\n<p style=\"text-align: justify;\">Des outils de pr\u00e9vention ont \u00e9t\u00e9 d\u00e9ploy\u00e9s pour les milieux de travail afin de r\u00e9pondre aux interrogations des employeurs et des travailleurs\u00a0:<\/p>\r\n\r\n<ul style=\"text-align: justify;\">\r\n \t<li><a href=\"https:\/\/www.cnesst.gouv.qc.ca\/salle-de-presse\/covid-19\/Pages\/outils.aspx\">CNESST \u2013 Des outils pour vous aider<\/a><\/li>\r\n \t<li><a href=\"https:\/\/www.quebec.ca\/sante\/problemes-de-sante\/a-z\/coronavirus-2019\/reponses-questions-coronavirus-covid19\/questions-reponses-employeurs-travailleurs-covid-19\/\">Foire aux questions pour les employeurs et les travailleurs<\/a><\/li>\r\n \t<li><a href=\"https:\/\/cargo-montreal.us4.list-manage.com\/track\/click?u=6c780ba3e5ef3a37a6eae79d3&amp;id=bcb6ba3d89&amp;e=dd36a8599b\">Sant\u00e9 Montr\u00e9al<\/a><\/li>\r\n<\/ul>\r\n<p style=\"text-align: justify;\">La population doit en tout temps continuer \u00e0 respecter les <a href=\"https:\/\/cdn-contenu.quebec.ca\/cdn-contenu\/sante\/documents\/Problemes_de_sante\/covid-19\/Aide-memoire_reprise-activites_14_juillet.pdf?1594752700\">consignes sanitaires<\/a> afin de limiter les risques associ\u00e9s \u00e0 la propagation du virus.<\/p>\r\n\r\n<h2 style=\"text-align: center;\"><strong><u>Nouvelles du secteur<\/u><\/strong><\/h2>\r\n<p style=\"text-align: center;\"><strong>Tr\u00eave entre le Syndicat des d\u00e9bardeurs et l\u2019Association des employeurs maritimes (AEM)<\/strong><\/p>\r\n<p style=\"text-align: justify;\">Le 21 ao\u00fbt dernier, le Syndicat des d\u00e9bardeurs du Port de Montr\u00e9al (SCFP 375) et l\u2019Association des employeurs maritimes (AEM) se sont entendus sur une entente de principe pour une tr\u00eave sept mois, mettant ainsi fin \u00e0 un d\u00e9brayage commenc\u00e9 le 10 ao\u00fbt dernier.<\/p>\r\n<p style=\"text-align: justify;\">Les parties ont annonc\u00e9 en conf\u00e9rence de presse qu\u2019elles esp\u00e8rent arriver \u00e0 une entente de principe n\u00e9goci\u00e9e d\u2019ici le 20 mars 2021. Elles ont \u00e9galement conjointement affirm\u00e9 la suspension des moyens de pression pendant la p\u00e9riode de tr\u00eave. Lors de n\u00e9gociations, en cas de litige, d\u2019un commun accord, elles pourront avoir recours \u00e0 un arbitrage.<\/p>\r\n<p style=\"text-align: justify;\">Les op\u00e9rations au port de Montr\u00e9al ont repris normalement depuis le dimanche 23 ao\u00fbt.<\/p>\r\n\r\n\r\n<hr \/>\r\n<p style=\"text-align: center;\"><strong>Les v\u00e9rificateurs du port de Montr\u00e9al signent l\u2019entente de principe <\/strong><\/p>\r\n<p style=\"text-align: justify;\">\u00c9galement le 21 ao\u00fbt, une entente de principe a \u00e9t\u00e9 conclue entre le syndicat des v\u00e9rificateurs du port de Montr\u00e9al et l\u2019Association des employeurs maritimes (AEM).<\/p>\r\n<p style=\"text-align: justify;\">Le vote, approuv\u00e9 \u00e0 plus de 87% par les 175 v\u00e9rificateurs, mettait ainsi fin \u00e0 12 jours de gr\u00e8ve. Les principales pr\u00e9occupations de la section locale 1657 de l&rsquo;Association internationale des d\u00e9bardeurs-v\u00e9rificateurs (AID) relevaient des horaires de travail et des nouvelles technologies qui risquent de modifier \u00e0 leurs fonctions.<\/p>\r\n\r\n\r\n<hr \/>\r\n<p style=\"text-align: center;\"><strong>Relan\u00e7ons Montr\u00e9al<\/strong><\/p>\r\n<a href=\"https:\/\/www.cargo-montreal.ca\/wp-content\/uploads\/2020\/09\/IMG_2116.jpg\"><img loading=\"lazy\" decoding=\"async\" class=\"wp-image-10291 aligncenter\" src=\"https:\/\/www.cargo-montreal.ca\/wp-content\/uploads\/2020\/09\/IMG_2116-1024x540.jpg\" alt=\"\" width=\"404\" height=\"213\" srcset=\"https:\/\/www.cargo-montreal.ca\/wp-content\/uploads\/2020\/09\/IMG_2116-1024x540.jpg 1024w, https:\/\/www.cargo-montreal.ca\/wp-content\/uploads\/2020\/09\/IMG_2116-300x158.jpg 300w, https:\/\/www.cargo-montreal.ca\/wp-content\/uploads\/2020\/09\/IMG_2116-768x405.jpg 768w, https:\/\/www.cargo-montreal.ca\/wp-content\/uploads\/2020\/09\/IMG_2116.jpg 1124w\" sizes=\"auto, (max-width: 404px) 100vw, 404px\" \/><\/a>\r\n<p style=\"text-align: justify;\">CargoM assistait mardi dernier au lancement du mouvement \u00e9conomique m\u00e9tropolitain Relan\u00e7onsMTL. Nous sommes fiers de participer \u00e0 cette initiative qui favorise la relance \u00e9conomique suivant la pand\u00e9mie de la COVID-19 par des actions concert\u00e9es, notamment par 9 forums et plans sectoriels, 5 causeries virtuelles et 1 grand \u00e9v\u00e9nement multisectoriel. R\u00e9servez la date du <strong>20 novembre <\/strong>prochain, l&rsquo;un des forums aura pour th\u00e9matique le transport et la logistique. Les d\u00e9tails suivront.<\/p>\r\n<p style=\"text-align: justify;\">Lanc\u00e9e par Chambre de commerce du Montr\u00e9al m\u00e9tropolitain (CCMM) Relan\u00e7onMtl a pour mission d\u2019identifier les occasions d\u2019affaires, de revoir les fa\u00e7ons de faire et de d\u00e9terminer comment les industries peuvent devenir encore plus innovantes et r\u00e9silientes.<\/p>\r\n<p style=\"text-align: justify;\">Plusieurs grappes se sont jointes au mouvement propuls\u00e9 par le Gouvernement du Canada, le Gouvernement du Qu\u00e9bec, la Ville de Montr\u00e9al, la Communaut\u00e9 m\u00e9tropolitaine de Montr\u00e9al (CMM) et Investissement Qu\u00e9bec.<\/p>\r\n<p style=\"text-align: justify;\">Pour plus d\u2019informations, cliquez <a href=\"https:\/\/www.ccmm.ca\/fr\/relanconsmtl\/?from=1599537600000\">ici<\/a>.<\/p>\r\n\r\n<h2 style=\"text-align: center;\"><strong><u>\u00c9v\u00e9nements \u00e0 venir<\/u><\/strong><\/h2>\r\n<p style=\"text-align: center;\"><strong>Tirer profit des programmes canadiens de type zones franches<\/strong><\/p>\r\n<a href=\"https:\/\/www.cargo-montreal.ca\/wp-content\/uploads\/2020\/06\/Les-2-logos-pour-la-formation.jpg\"><img loading=\"lazy\" decoding=\"async\" class=\"wp-image-9796 aligncenter\" src=\"https:\/\/www.cargo-montreal.ca\/wp-content\/uploads\/2020\/06\/Les-2-logos-pour-la-formation-1024x178.jpg\" alt=\"\" width=\"662\" height=\"115\" srcset=\"https:\/\/www.cargo-montreal.ca\/wp-content\/uploads\/2020\/06\/Les-2-logos-pour-la-formation-1024x178.jpg 1024w, https:\/\/www.cargo-montreal.ca\/wp-content\/uploads\/2020\/06\/Les-2-logos-pour-la-formation-300x52.jpg 300w, https:\/\/www.cargo-montreal.ca\/wp-content\/uploads\/2020\/06\/Les-2-logos-pour-la-formation-768x133.jpg 768w, https:\/\/www.cargo-montreal.ca\/wp-content\/uploads\/2020\/06\/Les-2-logos-pour-la-formation-1536x266.jpg 1536w, https:\/\/www.cargo-montreal.ca\/wp-content\/uploads\/2020\/06\/Les-2-logos-pour-la-formation.jpg 1643w\" sizes=\"auto, (max-width: 662px) 100vw, 662px\" \/><\/a>\r\n<p style=\"text-align: justify;\">Les formations en ligne portant sur les programmes canadiens de type zones franches, offertes par le Service aux entreprises du C\u00e9gep Andr\u00e9-Laurendeau en collaboration avec CargoM, permettent aux soci\u00e9t\u00e9s canadiennes de demeurer comp\u00e9titives en leur offrant la possibilit\u00e9 d\u2019\u00eatre exon\u00e9r\u00e9es, de diff\u00e9rer ou de se faire rembourser (\u00ab drawback \u00bb) une partie ou la totalit\u00e9 des droits de douane et taxes qui seraient autrement exigibles au moment de l\u2019importation des produits.<\/p>\r\n<p style=\"text-align: justify;\"><strong>Dates\u00a0:<\/strong><\/p>\r\n\r\n<ul style=\"text-align: justify;\">\r\n \t<li><strong>23 septembre<\/strong> 2020 \u2013 9 h &#8211; Module 2: Introduction au programme de Drawback<\/li>\r\n \t<li><strong>24 Septembre<\/strong> 2020 \u2013 9 h &#8211; Modules 3 &amp; 4: Programmes de report des droits ou d&rsquo;exon\u00e9ration des taxes de vente<\/li>\r\n<\/ul>\r\n<p style=\"text-align: justify;\">Pour plus de renseignements,\u00a0cliquez <a href=\"https:\/\/formation.claurendeau.qc.ca\/Web\/MyCatalog\/ViewP?id=nKZMrSpLvkNBbolZaK%2fmhQ%3d%3d&amp;pid=a3HXxMXKppHRgbj6woAkVQ%3d%3d\">ici<\/a>.<\/p>\r\n\r\n\r\n<hr \/>\r\n<p style=\"text-align: center;\"><strong>Applications de l\u2019IA dans les transports et la logistique<\/strong><\/p>\r\n<a href=\"https:\/\/www.cargo-montreal.ca\/wp-content\/uploads\/2020\/09\/unnamed-3.jpg\"><img loading=\"lazy\" decoding=\"async\" class=\"wp-image-10293 aligncenter\" src=\"https:\/\/www.cargo-montreal.ca\/wp-content\/uploads\/2020\/09\/unnamed-3-1024x889.jpg\" alt=\"\" width=\"373\" height=\"323\" srcset=\"https:\/\/www.cargo-montreal.ca\/wp-content\/uploads\/2020\/09\/unnamed-3-1024x889.jpg 1024w, https:\/\/www.cargo-montreal.ca\/wp-content\/uploads\/2020\/09\/unnamed-3-300x261.jpg 300w, https:\/\/www.cargo-montreal.ca\/wp-content\/uploads\/2020\/09\/unnamed-3-768x667.jpg 768w, https:\/\/www.cargo-montreal.ca\/wp-content\/uploads\/2020\/09\/unnamed-3.jpg 1200w\" sizes=\"auto, (max-width: 373px) 100vw, 373px\" \/><\/a>\r\n<p style=\"text-align: justify;\">L\u2019intelligence artificielle est en train de transformer radicalement l\u2019industrie des transports et de la logistique. Les impacts de l\u2019IA ont une port\u00e9e consid\u00e9rable et peuvent ajouter une valeur immense.<\/p>\r\n<p style=\"text-align: justify;\">Venez d\u00e9couvrir comment vous pouvez appliquer des innovations en IA aux solutions de transport de votre entreprise. \u00a0Joignez-vous \u00e0 Scale AI le mercredi <strong>21 octobre 2020 <\/strong>d\u00e8s 9 h lors du webinaire : Applications de l\u2019IA dans les transports et la logistique.<\/p>\r\n<p style=\"text-align: justify;\">Des acteurs cl\u00e9s de l\u2019industrie des transports partageront leurs exp\u00e9riences dans l\u2019application d\u2019innovations en IA \u00e0 leurs mod\u00e8les d\u2019affaires et animeront des discussions \u00e9clairantes sur la fa\u00e7on dont vous pourriez utiliser l\u2019IA pour propulser vos initiatives.<\/p>\r\n<p style=\"text-align: justify;\">\u00a0Scale AI profitera \u00e9galement de l\u2019occasion pour vous pr\u00e9senter les possibilit\u00e9s de financement qu\u2019elle rend disponible \u00e0 l\u2019industrie des transports.<\/p>\r\n<p style=\"text-align: justify;\">Pour vous inscrire,\u00a0cliquez <a href=\"https:\/\/studiocast.ca\/client\/scaleai\/event\/8179\/fr\/?utm_source=Scale+AI+General+Communication+Audience&amp;utm_campaign=01ed00e2e8-EVENT_INVITATION_AI+FOR+TRANSPORT&amp;utm_medium=email&amp;utm_term=0_497fe4964c-01ed00e2e8-52984421\">ici<\/a>.<\/p>\r\n<p style=\"text-align: justify;\">Il est important de noter que la conf\u00e9rence se d\u00e9roulera en anglais.<\/p>\r\n<p style=\"text-align: justify;\">L\u2019\u00e9v\u00e9nement est organis\u00e9 en collaboration avec CargoM.<\/p>\r\n\r\n\r\n<hr \/>\r\n<p style=\"text-align: center;\"><strong>Congr\u00e8s national 2020 de la Cha\u00eene d\u2019approvisionnement Canada<\/strong><\/p>\r\n<a href=\"https:\/\/www.cargo-montreal.ca\/wp-content\/uploads\/2020\/09\/Supply-chain-canada.jpg\"><img loading=\"lazy\" decoding=\"async\" class=\"wp-image-10296 aligncenter\" src=\"https:\/\/www.cargo-montreal.ca\/wp-content\/uploads\/2020\/09\/Supply-chain-canada-1024x535.jpg\" alt=\"\" width=\"424\" height=\"222\" srcset=\"https:\/\/www.cargo-montreal.ca\/wp-content\/uploads\/2020\/09\/Supply-chain-canada-1024x535.jpg 1024w, https:\/\/www.cargo-montreal.ca\/wp-content\/uploads\/2020\/09\/Supply-chain-canada-300x157.jpg 300w, https:\/\/www.cargo-montreal.ca\/wp-content\/uploads\/2020\/09\/Supply-chain-canada-768x401.jpg 768w, https:\/\/www.cargo-montreal.ca\/wp-content\/uploads\/2020\/09\/Supply-chain-canada.jpg 1277w\" sizes=\"auto, (max-width: 424px) 100vw, 424px\" \/><\/a>\r\n<p style=\"text-align: justify;\"><strong>Du 5 au 9 octobre, <\/strong>venez profiter virtuellement de la plus grande vitrine sur la cha\u00eene d&rsquo;approvisionnement au Canada &#8211; avec plus de possibilit\u00e9s d&rsquo;acc\u00e8s, plus de leaders d&rsquo;opinion, plus de r\u00e9seautage &#8211; le tout sans avoir \u00e0 vous d\u00e9placer !<\/p>\r\n<p style=\"text-align: justify;\">L\u2019\u00e9v\u00e9nement propose 10 th\u00e8mes et plus de 50 s\u00e9ances. CargoM est heureux de participer \u00e0 2 s\u00e9ances le <strong>9 octobre<\/strong> soient celles de 13 h 30 et de 14 h 30.<\/p>\r\n<p style=\"text-align: justify;\">Pour plus d\u2019informations et pour vous inscrire, cliquez <a href=\"https:\/\/conference.supplychaincanada.com\/FR\">ici<\/a>.<\/p>\r\n\r\n\r\n<hr \/>\r\n<p style=\"text-align: center;\"><strong>Journ\u00e9es Qu\u00e9bec Tunisie du Minist\u00e8re de l\u2019Immigration, de la Francisation et de l\u2019Int\u00e9gration du Qu\u00e9bec (MIFI)<\/strong><\/p>\r\n<a href=\"https:\/\/www.cargo-montreal.ca\/wp-content\/uploads\/2020\/09\/Journ\u00e9e-du-qu\u00e9bec-en-tun\u00e9sie.jpg\"><img loading=\"lazy\" decoding=\"async\" class=\"wp-image-10298 aligncenter\" src=\"https:\/\/www.cargo-montreal.ca\/wp-content\/uploads\/2020\/09\/Journ\u00e9e-du-qu\u00e9bec-en-tun\u00e9sie.jpg\" alt=\"\" width=\"442\" height=\"220\" srcset=\"https:\/\/www.cargo-montreal.ca\/wp-content\/uploads\/2020\/09\/Journ\u00e9e-du-qu\u00e9bec-en-tun\u00e9sie.jpg 800w, https:\/\/www.cargo-montreal.ca\/wp-content\/uploads\/2020\/09\/Journ\u00e9e-du-qu\u00e9bec-en-tun\u00e9sie-300x149.jpg 300w, https:\/\/www.cargo-montreal.ca\/wp-content\/uploads\/2020\/09\/Journ\u00e9e-du-qu\u00e9bec-en-tun\u00e9sie-768x381.jpg 768w\" sizes=\"auto, (max-width: 442px) 100vw, 442px\" \/><\/a>\r\n<p style=\"text-align: justify;\">??????????? | Recrutez \u00e0 l\u2019international en participant aux Journ\u00e9es Qu\u00e9bec virtuelles. Ces missions de recrutement \u00e0 l\u2019international s\u2019adressent aux entreprises qui ont des besoins de main-d\u2019\u0153uvre notamment dans les domaines suivants\u00a0: sant\u00e9, technologies de l\u2019information (TI), intelligence artificielle, transformation agroalimentaire, manufacturier \u2009et transport de marchandises!<\/p>\r\n<p style=\"text-align: justify;\">Toute entreprise qui est int\u00e9ress\u00e9e par le recrutement international et qui est admissible peut participer aux missions.<\/p>\r\n<p style=\"text-align: justify;\">Participez aux <a href=\"http:\/\/www.immigration-quebec.gouv.qc.ca\/fr\/employeurs\/activites-recrutement\/jq-tunisie.html\">\u00a0Journ\u00e9es Qu\u00e9bec Tunisie<\/a> du <strong><u>26 au 30\u00a0octobre 2020<\/u><\/strong>.<\/p>\r\n<p style=\"text-align: justify;\">Sachez que le secteur\u00a0manufacturier en Tunisie\u00a0constitue\u00a0l\u2019une des principales locomotives des exportations industrielles nationales. Les industries du\u00a0textile\u00a0et de l\u2019habillement, les industries agroalimentaires et les industries m\u00e9caniques et \u00e9lectriques repr\u00e9sentent pr\u00e8s de 30\u00a0% du PIB et concentrent 70\u00a0% des\u00a0investissements directs\u00a0\u00e0 l\u2019\u00e9tranger\u00a0et 80\u00a0% des emplois.<\/p>\r\n<p style=\"text-align: justify;\">Les entrevues de s\u00e9lection se tiendront en mode virtuel du 26 au 30\u00a0octobre 2020. Inscrivez votre entreprise avant le<strong> 18\u00a0septembre<\/strong>.<\/p>\r\n<p style=\"text-align: justify;\">D\u00e9couvrez la programmation\u00a02020-2021 des <a href=\"http:\/\/www.immigration-quebec.gouv.qc.ca\/fr\/employeurs\/activites-recrutement\/index.html\">Journ\u00e9es Qu\u00e9bec<\/a><\/p>\r\n\r\n\r\n<hr \/>\r\n<p style=\"text-align: center;\"><strong>Journ\u00e9e carri\u00e8res virtuelle de CargoM<\/strong><a href=\"https:\/\/www.cargo-montreal.ca\/wp-content\/uploads\/2020\/09\/CARGOM_BAN_WEB_5eJourneeCarrieres_FR_2400x400.jpg\"><img loading=\"lazy\" decoding=\"async\" class=\"wp-image-10300 aligncenter\" src=\"https:\/\/www.cargo-montreal.ca\/wp-content\/uploads\/2020\/09\/CARGOM_BAN_WEB_5eJourneeCarrieres_FR_2400x400-1024x171.jpg\" alt=\"\" width=\"862\" height=\"144\" \/><\/a><\/p>\r\n<p style=\"text-align: justify;\">Ne manquez pas le 3 novembre prochain la Journ\u00e9e carri\u00e8res de CargoM. L\u2019\u00e9v\u00e9nement virtuel, h\u00e9berg\u00e9 par la plateforme <a href=\"https:\/\/easyvirtualfair.com\/fr\/\">Easy Virtual Fair<\/a>, permettra aux entreprises de promouvoir aupr\u00e8s des visiteurs les postes et les formations offerts par notre secteur.<\/p>\r\n<p style=\"text-align: justify;\">L\u2019\u00e9v\u00e9nement virtuel offre de nombreux avantages et vous permettra notamment\u00a0:<\/p>\r\n\r\n<ul style=\"text-align: justify;\">\r\n \t<li>d\u2019\u00e9conomiser du temps et de l\u2019argent\u00a0;<\/li>\r\n \t<li>d\u2019\u00e9viter les d\u00e9placements\u00a0;<\/li>\r\n \t<li>de recruter \u00e0 plusieurs niveaux, soit local, r\u00e9gional et international\u00a0;<\/li>\r\n \t<li>d\u2019avoir acc\u00e8s \u00e0 un plus vaste bassin de candidats.<\/li>\r\n<\/ul>\r\n<p style=\"text-align: justify;\">De plus, suivant l\u2019\u00e9v\u00e9nement, la plateforme restera active 2 semaines vous donnant l\u2019occasion d\u2019\u00e9tendre votre p\u00e9riode de recrutement.<\/p>\r\n<p style=\"text-align: justify;\"><strong>Date\u00a0: 3 novembre<\/strong> 2020 de 9 h \u00e0 17 h\r\n<strong>Co\u00fbt\u00a0:<\/strong> Gratuit pour les <a href=\"https:\/\/www.cargo-montreal.ca\/fr\/membres\/\">membres de CargoM<\/a> et 200 $ (+taxes) pour les non-membres.<\/p>\r\n<p style=\"text-align: justify;\">Pour plus d\u2019information et pour vous inscrire, cliquez <a href=\"https:\/\/docs.google.com\/forms\/d\/e\/1FAIpQLScYcgtZjvCbg6T7Bn4OOSKkrpDaLUh7U5_Q3pkmx5h1aVnPbw\/viewform\">ici<\/a>.<\/p>\r\n<p style=\"text-align: justify;\">Si vous avez des questions, n\u2019h\u00e9sitez pas \u00e0 contacter Yves Murray, Charg\u00e9 de projets \u00e0 l\u2019adresse suivante <a href=\"mailto:ymurray@cargo-montreal.ca\">ymurray@cargo-montreal.ca<\/a> ou au 514\u00a0508-2609 poste 226<\/p>\r\n\r\n<h2 style=\"text-align: center;\"><strong><u>Inventaire des espaces d\u2019entreposage<\/u><\/strong><\/h2>\r\n<h2 style=\"text-align: center;\"><u><\/u><a href=\"https:\/\/www.cargo-montreal.ca\/wp-content\/uploads\/2020\/04\/Entrepos.jpg.png\"><img loading=\"lazy\" decoding=\"async\" class=\"wp-image-9754 aligncenter\" src=\"https:\/\/www.cargo-montreal.ca\/wp-content\/uploads\/2020\/04\/Entrepos.jpg-1024x339.png\" alt=\"\" width=\"556\" height=\"184\" srcset=\"https:\/\/www.cargo-montreal.ca\/wp-content\/uploads\/2020\/04\/Entrepos.jpg-1024x339.png 1024w, https:\/\/www.cargo-montreal.ca\/wp-content\/uploads\/2020\/04\/Entrepos.jpg-300x99.png 300w, https:\/\/www.cargo-montreal.ca\/wp-content\/uploads\/2020\/04\/Entrepos.jpg-768x254.png 768w, https:\/\/www.cargo-montreal.ca\/wp-content\/uploads\/2020\/04\/Entrepos.jpg.png 1699w\" sizes=\"auto, (max-width: 556px) 100vw, 556px\" \/><\/a><\/h2>\r\n<p style=\"text-align: justify;\">CargoM continue de recenser les espaces d&rsquo;entreposage int\u00e9rieurs et ext\u00e9rieurs disponibles dans la grande r\u00e9gion de Montr\u00e9al et dans ses environs. Nous remercions toutes les entreprises du secteur du transport et de la logistique ayant r\u00e9pondu \u00e0 notre appel.\u00a0<strong>Nous avons, \u00e0 ce jour, inventori\u00e9\u00a0plus de 1,6\u00a0M pi<sup>2<\/sup> d&rsquo;espace int\u00e9rieur et pr\u00e8s de 17,5\u00a0M pi<sup>2<\/sup> d&rsquo;espace ext\u00e9rieur dans le Grand Montr\u00e9al et ailleurs. <\/strong>Pour conna\u00eetre les espaces disponibles, merci de contacter lnelis@cargo-montreal.ca.<\/p>\r\n<strong>Si vous avez de l&rsquo;espace d&rsquo;entreposage int\u00e9rieur et ext\u00e9rieur exc\u00e9dentaire<\/strong>, merci de nous faire parvenir l&rsquo;information via le lien suivant : <a href=\"http:\/\/www.cargo-montreal.ca\/fr\/covid19-message-important\/\">Covid-19\u00a0\u2013 Message important aux membres et partenaires de CargoM<\/a>\u00a0ou par courriel \u00e0\u00a0<a href=\"mailto:mcharbonneau@cargo-montreal.ca\">mcharbonneau@cargo-montreal.ca<\/a>.\r\n<h2 style=\"text-align: center;\"><strong><u>Soutien \u00e0 la main-d\u2019oeuvre<\/u><\/strong><\/h2>\r\n<a href=\"https:\/\/www.cargo-montreal.ca\/wp-content\/uploads\/2020\/09\/Infolettre10septembre.jpg\"><img loading=\"lazy\" decoding=\"async\" class=\"wp-image-10303 aligncenter\" src=\"https:\/\/www.cargo-montreal.ca\/wp-content\/uploads\/2020\/09\/Infolettre10septembre-1024x682.jpg\" alt=\"\" width=\"404\" height=\"270\" \/><\/a>\r\n<p style=\"text-align: justify;\">Les activit\u00e9s du chantier 4 \u2013 Main-d\u2019\u0153uvre de CargoM se poursuivent. N\u2019h\u00e9sitez pas \u00e0 nous faire part de vos id\u00e9es, suggestions ou propositions en ce qui a trait \u00e0 la main-d\u2019\u0153uvre. Par ailleurs, si vous avez besoin de main-d\u2019\u0153uvre suppl\u00e9mentaire pour soutenir vos activit\u00e9s de transport et de logistique ou s\u2019il vous est possible de r\u00e9affecter certains de vos employ\u00e9s, n\u2019h\u00e9sitez pas \u00e0 contacter Yves Murray \u00e0 l\u2019adresse suivante : ymurray@cargo-montreal.ca ou encore remplissez le <a href=\"http:\/\/www.cargo-montreal.ca\/fr\/covid19-message-important\/\">formulaire en ligne<\/a>.<\/p>\r\n<p style=\"text-align: justify;\">Les membres de CargoM peuvent afficher leurs offres d\u2019emploi sur la page <a href=\"http:\/\/www.cargo-montreal.ca\/fr\/emplois-cargom\/\">Emplois<\/a> de notre site Internet. Merci de les faire parvenir en fichier PDF \u00e0 Mme Oc\u00e9ane Dinant \u00e0 l\u2019adresse suivante\u00a0: <a href=\"mailto:odinant@cargo-montreal.ca\">odinant@cargo-montreal.ca<\/a>.<\/p>\r\n\r\n<h2 style=\"text-align: center;\"><strong><u>Aide aux entreprises<\/u><\/strong><\/h2>\r\nPour obtenir des informations sur l\u2019aide offerte aux entreprises, nous vous invitons \u00e0 consulter les sites Internet suivants.\r\n\r\n<strong>Programmes de financement, mesures fiscales et aide \u00e0 l\u2019emploi<\/strong>\r\n\r\nGouvernement du Canada\u00a0:\r\n<ul>\r\n \t<li>Minist\u00e8re des Finances\u00a0: <a href=\"https:\/\/www.canada.ca\/fr\/ministere-finances\/nouvelles\/2020\/07\/soutenir-les-travailleurs-et-les-entreprises-du-canada-en-rajustant-la-subvention-salariale-durgence-du-canada.html?utm_source=Cyberimpact&amp;utm_medium=email&amp;utm_campaign=La-Subvention-salariale-d39urgence-du-Canada-est-reconduite-et-elargie\">Subvention salariale d\u2019urgence du Canada (SSUC)<\/a><\/li>\r\n \t<li><a href=\"https:\/\/mcusercontent.com\/6c780ba3e5ef3a37a6eae79d3\/files\/bfe5045c-ff7b-4ac9-962a-35c620e31c5d\/Mesures_du_Canada___Suivis_08_06_2020.01.pdf\">Suivi des mesures du gouvernement du Canada \u2013 COVID-19<\/a><\/li>\r\n \t<li><a href=\"https:\/\/www.canada.ca\/fr\/ministere-finances\/nouvelles\/2020\/03\/soutien-supplementaire-aux-entreprises-canadiennes-pour-faire-face-aux-repercussions-economiques-de-la-covid19.html#_Report_des_versements\">Report des versements de la taxe de vente et des droits de douane<\/a><\/li>\r\n \t<li><a href=\"https:\/\/nrc.canada.ca\/fr\/soutien-linnovation-technologique\/programme-daide-linnovation-pai-pari-cnrc?utm_campaign=IRAP_funding_program&amp;utm_medium=link_to_program_page_f&amp;utm_source=home_page_f\">Le Programme d&rsquo;aide \u00e0 l&rsquo;innovation (PAI) du PARI CNRC<\/a><\/li>\r\n<\/ul>\r\nGouvernement du Qu\u00e9bec\u00a0:\r\n<ul>\r\n \t<li>R\u00e9pertoire des programmes d\u2019aide\u00a0: <a href=\"https:\/\/www.quebec.ca\/sante\/problemes-de-sante\/a-z\/coronavirus-2019\/aide-financiere-covid19\/\">Aide financi\u00e8re<\/a><\/li>\r\n \t<li>R\u00e9pertoire des programmes d\u2019aide\u00a0: <a href=\"https:\/\/www.quebec.ca\/sante\/problemes-de-sante\/a-z\/coronavirus-2019\/entreprises-maindoeuvre-covid19\/\">Entreprises et main-d\u2019\u0153uvre<\/a><\/li>\r\n<\/ul>\r\nCommunaut\u00e9 m\u00e9tropolitaine de Montr\u00e9al (CMM) : <a href=\"https:\/\/cmm.qc.ca\/nouvelles\/comment-passer-a-travers-la-crise-et-mieux-rebondir\/\">Comment passer \u00e0 travers la crise et mieux rebondir<\/a>\r\n\r\nChambre de commerce du Montr\u00e9al m\u00e9tropolitain (CCMM) : Acc\u00e9dez \u00e0 des ressources utiles pour vous aider \u00e0 naviguer \u00e0 travers la crise de la COVID-19 au sein de votre organisation &#8211; <a href=\"https:\/\/www.ccmm.ca\/fr\/interventions\/covid-19\/boite-a-outils\/\">Bo\u00eete \u00e0 outils<\/a>\r\n\r\nPME MTL : <a href=\"https:\/\/pmemtl.com\/a-propos\/actualites\/nouveau-service-en-logistique-du-commerce-electronique\">Nouveau service en logistique du commerce \u00e9lectronique<\/a>\r\n\r\n<strong>Sant\u00e9 et s\u00e9curit\u00e9 au travail<\/strong>\r\n\r\nInstitut national de sant\u00e9 publique du Qu\u00e9bec\u00a0: Formation <a href=\"https:\/\/www.inspq.qc.ca\/covid-19\/formations\/sante-au-travail\">COVID-19 et sant\u00e9 au travail<\/a>\r\n\r\nCommission des normes, de l&rsquo;\u00e9quit\u00e9, de la sant\u00e9 et de la s\u00e9curit\u00e9 du travail (CNESST)\u00a0: <a href=\"https:\/\/www.cnesst.gouv.qc.ca\/salle-de-presse\/covid-19\/Pages\/trousse.aspx\">Nouvelle trousse COVID-19<\/a>\r\n\r\nInstitut de recherche Robert-Sauv\u00e9 en sant\u00e9 et en s\u00e9curit\u00e9 au travail (IRSST)\u00a0: <a href=\"https:\/\/www.irsst.qc.ca\/covid-19\/avis-irsst\/id\/2659\/aide-a-la-planification-de-la-reprise-des-activites-dans-les-pme-quebecoises\">Avis, recommandations et outils de l&rsquo;IRSST concernant la COVID-19<\/a>\r\n\r\nTransports Canada\u00a0: <a href=\"https:\/\/www.tc.gc.ca\/fr\/initiatives\/covid-19-mesures-mises-a-jour-lignes-directrices-tc.html\">Mesures, mises \u00e0 jour et lignes directrices li\u00e9es \u00e0 la COVID-19 \u00e9mises par Transports Canada<\/a> (aviation, maritime, transport ferroviaire, transport routier)\r\n\r\n&nbsp;\r\n\r\n&nbsp;\r\n\r\n&nbsp;\r\n\r\n&nbsp;","protected":false},"excerpt":{"rendered":"Communications sp\u00e9ciales CargoM \u2013 COVID-19 9e \u00e9dition CargoM vous informe, depuis le d\u00e9but de la pand\u00e9mie, sur l\u2019\u00e9volution de la situation par l\u2019entremise de communications sp\u00e9ciales. Nous travaillons en \u00e9troite collaboration avec nos membres, les instances gouvernementales et nos partenaires afin de renseigner les acteurs de la cha\u00eene logistique du Grand Montr\u00e9al. Vous trouverez, dans [&hellip;]","protected":false},"author":39,"featured_media":10306,"comment_status":"open","ping_status":"open","sticky":false,"template":"","format":"standard","meta":{"_acf_changed":false,"footnotes":""},"categories":[20],"tags":[],"class_list":["post-10285","post","type-post","status-publish","format-standard","has-post-thumbnail","hentry","category-services-logistiques"],"acf":[],"yoast_head":"<!-- This site is optimized with the Yoast SEO plugin v27.3 - https:\/\/yoast.com\/product\/yoast-seo-wordpress\/ -->\n<title>9e \u00e9dition - 10 septembre 2020 - CargoM<\/title>\n<meta name=\"robots\" content=\"index, follow, max-snippet:-1, max-image-preview:large, max-video-preview:-1\" \/>\n<link rel=\"canonical\" href=\"https:\/\/www.cargo-montreal.ca\/fr\/9e-edition-10-septembre-2020\/\" \/>\n<meta property=\"og:locale\" content=\"fr_FR\" \/>\n<meta property=\"og:type\" content=\"article\" \/>\n<meta property=\"og:title\" content=\"9e \u00e9dition - 10 septembre 2020 - CargoM\" \/>\n<meta property=\"og:description\" content=\"Communications sp\u00e9ciales CargoM \u2013 COVID-19 9e \u00e9dition CargoM vous informe, depuis le d\u00e9but de la pand\u00e9mie, sur l\u2019\u00e9volution de la situation par l\u2019entremise de communications sp\u00e9ciales. Nous travaillons en \u00e9troite collaboration avec nos membres, les instances gouvernementales et nos partenaires afin de renseigner les acteurs de la cha\u00eene logistique du Grand Montr\u00e9al. Vous trouverez, dans [&hellip;]\" \/>\n<meta property=\"og:url\" content=\"https:\/\/www.cargo-montreal.ca\/fr\/9e-edition-10-septembre-2020\/\" \/>\n<meta property=\"og:site_name\" content=\"CargoM\" \/>\n<meta property=\"article:published_time\" content=\"2020-09-10T15:43:12+00:00\" \/>\n<meta property=\"article:modified_time\" content=\"2020-09-10T16:00:04+00:00\" \/>\n<meta property=\"og:image\" content=\"https:\/\/www.cargo-montreal.ca\/wp-content\/uploads\/2020\/09\/Slide1.jpg\" \/>\n\t<meta property=\"og:image:width\" content=\"1280\" \/>\n\t<meta property=\"og:image:height\" content=\"720\" \/>\n\t<meta property=\"og:image:type\" content=\"image\/jpeg\" \/>\n<meta name=\"author\" content=\"Karine Dudognon\" \/>\n<meta name=\"twitter:card\" content=\"summary_large_image\" \/>\n<meta name=\"twitter:label1\" content=\"\u00c9crit par\" \/>\n\t<meta name=\"twitter:data1\" content=\"Karine Dudognon\" \/>\n\t<meta name=\"twitter:label2\" content=\"Dur\u00e9e de lecture estim\u00e9e\" \/>\n\t<meta name=\"twitter:data2\" content=\"10 minutes\" \/>\n<script type=\"application\/ld+json\" class=\"yoast-schema-graph\">{\"@context\":\"https:\\\/\\\/schema.org\",\"@graph\":[{\"@type\":\"Article\",\"@id\":\"https:\\\/\\\/www.cargo-montreal.ca\\\/fr\\\/9e-edition-10-septembre-2020\\\/#article\",\"isPartOf\":{\"@id\":\"https:\\\/\\\/www.cargo-montreal.ca\\\/fr\\\/9e-edition-10-septembre-2020\\\/\"},\"author\":{\"name\":\"Karine Dudognon\",\"@id\":\"https:\\\/\\\/www.cargo-montreal.ca\\\/fr\\\/#\\\/schema\\\/person\\\/80476d173ce654813db9fd1533901365\"},\"headline\":\"9e \u00e9dition &#8211; 10 septembre 2020\",\"datePublished\":\"2020-09-10T15:43:12+00:00\",\"dateModified\":\"2020-09-10T16:00:04+00:00\",\"mainEntityOfPage\":{\"@id\":\"https:\\\/\\\/www.cargo-montreal.ca\\\/fr\\\/9e-edition-10-septembre-2020\\\/\"},\"wordCount\":1944,\"commentCount\":0,\"image\":{\"@id\":\"https:\\\/\\\/www.cargo-montreal.ca\\\/fr\\\/9e-edition-10-septembre-2020\\\/#primaryimage\"},\"thumbnailUrl\":\"https:\\\/\\\/www.cargo-montreal.ca\\\/wp-content\\\/uploads\\\/2020\\\/09\\\/Slide1.jpg\",\"articleSection\":[\"Services logistiques\"],\"inLanguage\":\"fr-FR\",\"potentialAction\":[{\"@type\":\"CommentAction\",\"name\":\"Comment\",\"target\":[\"https:\\\/\\\/www.cargo-montreal.ca\\\/fr\\\/9e-edition-10-septembre-2020\\\/#respond\"]}]},{\"@type\":\"WebPage\",\"@id\":\"https:\\\/\\\/www.cargo-montreal.ca\\\/fr\\\/9e-edition-10-septembre-2020\\\/\",\"url\":\"https:\\\/\\\/www.cargo-montreal.ca\\\/fr\\\/9e-edition-10-septembre-2020\\\/\",\"name\":\"9e \u00e9dition - 10 septembre 2020 - CargoM\",\"isPartOf\":{\"@id\":\"https:\\\/\\\/www.cargo-montreal.ca\\\/fr\\\/#website\"},\"primaryImageOfPage\":{\"@id\":\"https:\\\/\\\/www.cargo-montreal.ca\\\/fr\\\/9e-edition-10-septembre-2020\\\/#primaryimage\"},\"image\":{\"@id\":\"https:\\\/\\\/www.cargo-montreal.ca\\\/fr\\\/9e-edition-10-septembre-2020\\\/#primaryimage\"},\"thumbnailUrl\":\"https:\\\/\\\/www.cargo-montreal.ca\\\/wp-content\\\/uploads\\\/2020\\\/09\\\/Slide1.jpg\",\"datePublished\":\"2020-09-10T15:43:12+00:00\",\"dateModified\":\"2020-09-10T16:00:04+00:00\",\"author\":{\"@id\":\"https:\\\/\\\/www.cargo-montreal.ca\\\/fr\\\/#\\\/schema\\\/person\\\/80476d173ce654813db9fd1533901365\"},\"breadcrumb\":{\"@id\":\"https:\\\/\\\/www.cargo-montreal.ca\\\/fr\\\/9e-edition-10-septembre-2020\\\/#breadcrumb\"},\"inLanguage\":\"fr-FR\",\"potentialAction\":[{\"@type\":\"ReadAction\",\"target\":[\"https:\\\/\\\/www.cargo-montreal.ca\\\/fr\\\/9e-edition-10-septembre-2020\\\/\"]}]},{\"@type\":\"ImageObject\",\"inLanguage\":\"fr-FR\",\"@id\":\"https:\\\/\\\/www.cargo-montreal.ca\\\/fr\\\/9e-edition-10-septembre-2020\\\/#primaryimage\",\"url\":\"https:\\\/\\\/www.cargo-montreal.ca\\\/wp-content\\\/uploads\\\/2020\\\/09\\\/Slide1.jpg\",\"contentUrl\":\"https:\\\/\\\/www.cargo-montreal.ca\\\/wp-content\\\/uploads\\\/2020\\\/09\\\/Slide1.jpg\",\"width\":1280,\"height\":720},{\"@type\":\"BreadcrumbList\",\"@id\":\"https:\\\/\\\/www.cargo-montreal.ca\\\/fr\\\/9e-edition-10-septembre-2020\\\/#breadcrumb\",\"itemListElement\":[{\"@type\":\"ListItem\",\"position\":1,\"name\":\"Home\",\"item\":\"https:\\\/\\\/www.cargo-montreal.ca\\\/fr\\\/\"},{\"@type\":\"ListItem\",\"position\":2,\"name\":\"9e \u00e9dition &#8211; 10 septembre 2020\"}]},{\"@type\":\"WebSite\",\"@id\":\"https:\\\/\\\/www.cargo-montreal.ca\\\/fr\\\/#website\",\"url\":\"https:\\\/\\\/www.cargo-montreal.ca\\\/fr\\\/\",\"name\":\"CargoM\",\"description\":\"La mission de CargoM: Rassembler les acteurs de la logistique &amp; du transport de marchandises du Grand Montr\u00e9al autour d&#039;objectifs communs, d&#039;actions concert\u00e9es\",\"potentialAction\":[{\"@type\":\"SearchAction\",\"target\":{\"@type\":\"EntryPoint\",\"urlTemplate\":\"https:\\\/\\\/www.cargo-montreal.ca\\\/fr\\\/?s={search_term_string}\"},\"query-input\":{\"@type\":\"PropertyValueSpecification\",\"valueRequired\":true,\"valueName\":\"search_term_string\"}}],\"inLanguage\":\"fr-FR\"},{\"@type\":\"Person\",\"@id\":\"https:\\\/\\\/www.cargo-montreal.ca\\\/fr\\\/#\\\/schema\\\/person\\\/80476d173ce654813db9fd1533901365\",\"name\":\"Karine Dudognon\",\"image\":{\"@type\":\"ImageObject\",\"inLanguage\":\"fr-FR\",\"@id\":\"https:\\\/\\\/secure.gravatar.com\\\/avatar\\\/673bdfb703a9b6685a88bc7dfb04a9ea2b48b30e9d1663a5e759a4e9bfa3e2c0?s=96&d=mm&r=g\",\"url\":\"https:\\\/\\\/secure.gravatar.com\\\/avatar\\\/673bdfb703a9b6685a88bc7dfb04a9ea2b48b30e9d1663a5e759a4e9bfa3e2c0?s=96&d=mm&r=g\",\"contentUrl\":\"https:\\\/\\\/secure.gravatar.com\\\/avatar\\\/673bdfb703a9b6685a88bc7dfb04a9ea2b48b30e9d1663a5e759a4e9bfa3e2c0?s=96&d=mm&r=g\",\"caption\":\"Karine Dudognon\"},\"url\":\"https:\\\/\\\/www.cargo-montreal.ca\\\/fr\\\/author\\\/karine\\\/\"}]}<\/script>\n<!-- \/ Yoast SEO plugin. -->","yoast_head_json":{"title":"9e \u00e9dition - 10 septembre 2020 - CargoM","robots":{"index":"index","follow":"follow","max-snippet":"max-snippet:-1","max-image-preview":"max-image-preview:large","max-video-preview":"max-video-preview:-1"},"canonical":"https:\/\/www.cargo-montreal.ca\/fr\/9e-edition-10-septembre-2020\/","og_locale":"fr_FR","og_type":"article","og_title":"9e \u00e9dition - 10 septembre 2020 - CargoM","og_description":"Communications sp\u00e9ciales CargoM \u2013 COVID-19 9e \u00e9dition CargoM vous informe, depuis le d\u00e9but de la pand\u00e9mie, sur l\u2019\u00e9volution de la situation par l\u2019entremise de communications sp\u00e9ciales. Nous travaillons en \u00e9troite collaboration avec nos membres, les instances gouvernementales et nos partenaires afin de renseigner les acteurs de la cha\u00eene logistique du Grand Montr\u00e9al. Vous trouverez, dans [&hellip;]","og_url":"https:\/\/www.cargo-montreal.ca\/fr\/9e-edition-10-septembre-2020\/","og_site_name":"CargoM","article_published_time":"2020-09-10T15:43:12+00:00","article_modified_time":"2020-09-10T16:00:04+00:00","og_image":[{"width":1280,"height":720,"url":"https:\/\/www.cargo-montreal.ca\/wp-content\/uploads\/2020\/09\/Slide1.jpg","type":"image\/jpeg"}],"author":"Karine Dudognon","twitter_card":"summary_large_image","twitter_misc":{"\u00c9crit par":"Karine Dudognon","Dur\u00e9e de lecture estim\u00e9e":"10 minutes"},"schema":{"@context":"https:\/\/schema.org","@graph":[{"@type":"Article","@id":"https:\/\/www.cargo-montreal.ca\/fr\/9e-edition-10-septembre-2020\/#article","isPartOf":{"@id":"https:\/\/www.cargo-montreal.ca\/fr\/9e-edition-10-septembre-2020\/"},"author":{"name":"Karine Dudognon","@id":"https:\/\/www.cargo-montreal.ca\/fr\/#\/schema\/person\/80476d173ce654813db9fd1533901365"},"headline":"9e \u00e9dition &#8211; 10 septembre 2020","datePublished":"2020-09-10T15:43:12+00:00","dateModified":"2020-09-10T16:00:04+00:00","mainEntityOfPage":{"@id":"https:\/\/www.cargo-montreal.ca\/fr\/9e-edition-10-septembre-2020\/"},"wordCount":1944,"commentCount":0,"image":{"@id":"https:\/\/www.cargo-montreal.ca\/fr\/9e-edition-10-septembre-2020\/#primaryimage"},"thumbnailUrl":"https:\/\/www.cargo-montreal.ca\/wp-content\/uploads\/2020\/09\/Slide1.jpg","articleSection":["Services logistiques"],"inLanguage":"fr-FR","potentialAction":[{"@type":"CommentAction","name":"Comment","target":["https:\/\/www.cargo-montreal.ca\/fr\/9e-edition-10-septembre-2020\/#respond"]}]},{"@type":"WebPage","@id":"https:\/\/www.cargo-montreal.ca\/fr\/9e-edition-10-septembre-2020\/","url":"https:\/\/www.cargo-montreal.ca\/fr\/9e-edition-10-septembre-2020\/","name":"9e \u00e9dition - 10 septembre 2020 - CargoM","isPartOf":{"@id":"https:\/\/www.cargo-montreal.ca\/fr\/#website"},"primaryImageOfPage":{"@id":"https:\/\/www.cargo-montreal.ca\/fr\/9e-edition-10-septembre-2020\/#primaryimage"},"image":{"@id":"https:\/\/www.cargo-montreal.ca\/fr\/9e-edition-10-septembre-2020\/#primaryimage"},"thumbnailUrl":"https:\/\/www.cargo-montreal.ca\/wp-content\/uploads\/2020\/09\/Slide1.jpg","datePublished":"2020-09-10T15:43:12+00:00","dateModified":"2020-09-10T16:00:04+00:00","author":{"@id":"https:\/\/www.cargo-montreal.ca\/fr\/#\/schema\/person\/80476d173ce654813db9fd1533901365"},"breadcrumb":{"@id":"https:\/\/www.cargo-montreal.ca\/fr\/9e-edition-10-septembre-2020\/#breadcrumb"},"inLanguage":"fr-FR","potentialAction":[{"@type":"ReadAction","target":["https:\/\/www.cargo-montreal.ca\/fr\/9e-edition-10-septembre-2020\/"]}]},{"@type":"ImageObject","inLanguage":"fr-FR","@id":"https:\/\/www.cargo-montreal.ca\/fr\/9e-edition-10-septembre-2020\/#primaryimage","url":"https:\/\/www.cargo-montreal.ca\/wp-content\/uploads\/2020\/09\/Slide1.jpg","contentUrl":"https:\/\/www.cargo-montreal.ca\/wp-content\/uploads\/2020\/09\/Slide1.jpg","width":1280,"height":720},{"@type":"BreadcrumbList","@id":"https:\/\/www.cargo-montreal.ca\/fr\/9e-edition-10-septembre-2020\/#breadcrumb","itemListElement":[{"@type":"ListItem","position":1,"name":"Home","item":"https:\/\/www.cargo-montreal.ca\/fr\/"},{"@type":"ListItem","position":2,"name":"9e \u00e9dition &#8211; 10 septembre 2020"}]},{"@type":"WebSite","@id":"https:\/\/www.cargo-montreal.ca\/fr\/#website","url":"https:\/\/www.cargo-montreal.ca\/fr\/","name":"CargoM","description":"La mission de CargoM: Rassembler les acteurs de la logistique &amp; du transport de marchandises du Grand Montr\u00e9al autour d&#039;objectifs communs, d&#039;actions concert\u00e9es","potentialAction":[{"@type":"SearchAction","target":{"@type":"EntryPoint","urlTemplate":"https:\/\/www.cargo-montreal.ca\/fr\/?s={search_term_string}"},"query-input":{"@type":"PropertyValueSpecification","valueRequired":true,"valueName":"search_term_string"}}],"inLanguage":"fr-FR"},{"@type":"Person","@id":"https:\/\/www.cargo-montreal.ca\/fr\/#\/schema\/person\/80476d173ce654813db9fd1533901365","name":"Karine Dudognon","image":{"@type":"ImageObject","inLanguage":"fr-FR","@id":"https:\/\/secure.gravatar.com\/avatar\/673bdfb703a9b6685a88bc7dfb04a9ea2b48b30e9d1663a5e759a4e9bfa3e2c0?s=96&d=mm&r=g","url":"https:\/\/secure.gravatar.com\/avatar\/673bdfb703a9b6685a88bc7dfb04a9ea2b48b30e9d1663a5e759a4e9bfa3e2c0?s=96&d=mm&r=g","contentUrl":"https:\/\/secure.gravatar.com\/avatar\/673bdfb703a9b6685a88bc7dfb04a9ea2b48b30e9d1663a5e759a4e9bfa3e2c0?s=96&d=mm&r=g","caption":"Karine Dudognon"},"url":"https:\/\/www.cargo-montreal.ca\/fr\/author\/karine\/"}]}},"_links":{"self":[{"href":"https:\/\/www.cargo-montreal.ca\/fr\/wp-json\/wp\/v2\/posts\/10285","targetHints":{"allow":["GET"]}}],"collection":[{"href":"https:\/\/www.cargo-montreal.ca\/fr\/wp-json\/wp\/v2\/posts"}],"about":[{"href":"https:\/\/www.cargo-montreal.ca\/fr\/wp-json\/wp\/v2\/types\/post"}],"author":[{"embeddable":true,"href":"https:\/\/www.cargo-montreal.ca\/fr\/wp-json\/wp\/v2\/users\/39"}],"replies":[{"embeddable":true,"href":"https:\/\/www.cargo-montreal.ca\/fr\/wp-json\/wp\/v2\/comments?post=10285"}],"version-history":[{"count":7,"href":"https:\/\/www.cargo-montreal.ca\/fr\/wp-json\/wp\/v2\/posts\/10285\/revisions"}],"predecessor-version":[{"id":10309,"href":"https:\/\/www.cargo-montreal.ca\/fr\/wp-json\/wp\/v2\/posts\/10285\/revisions\/10309"}],"wp:featuredmedia":[{"embeddable":true,"href":"https:\/\/www.cargo-montreal.ca\/fr\/wp-json\/wp\/v2\/media\/10306"}],"wp:attachment":[{"href":"https:\/\/www.cargo-montreal.ca\/fr\/wp-json\/wp\/v2\/media?parent=10285"}],"wp:term":[{"taxonomy":"category","embeddable":true,"href":"https:\/\/www.cargo-montreal.ca\/fr\/wp-json\/wp\/v2\/categories?post=10285"},{"taxonomy":"post_tag","embeddable":true,"href":"https:\/\/www.cargo-montreal.ca\/fr\/wp-json\/wp\/v2\/tags?post=10285"}],"curies":[{"name":"wp","href":"https:\/\/api.w.org\/{rel}","templated":true}]}}