{"id":10777,"date":"2020-12-16T16:08:45","date_gmt":"2020-12-16T16:08:45","guid":{"rendered":"https:\/\/www.cargo-montreal.ca\/?p=10777"},"modified":"2020-12-16T16:08:45","modified_gmt":"2020-12-16T16:08:45","slug":"nouvelle-chargee-de-projets-au-sein-de-lequipe-de-cargom","status":"publish","type":"post","link":"https:\/\/www.cargo-montreal.ca\/fr\/nouvelle-chargee-de-projets-au-sein-de-lequipe-de-cargom\/","title":{"rendered":"Nouvelle charg\u00e9e de projets au sein de l\u2019\u00e9quipe de CargoM"},"content":{"rendered":"<p style=\"text-align: justify;\">Nous sommes heureux d\u2019annoncer l\u2019arriv\u00e9e de Mme Amy Lombard parmi nos rangs. En tant que charg\u00e9e de projets, Mme Lombard sera responsable des chantiers <a href=\"https:\/\/www.cargo-montreal.ca\/fr\/groupes-de-travail\/opportunites-de-developpement-sectoriel\/\">Opportunit\u00e9s de d\u00e9veloppement sectoriel<\/a>, <a href=\"https:\/\/www.cargo-montreal.ca\/fr\/groupes-de-travail\/communication-et-rayonnement\/\">Communication et rayonnement<\/a>\u00a0et <a href=\"https:\/\/www.cargo-montreal.ca\/fr\/groupes-de-travail\/innovation-et-fluidite\/\">Innovation et fluidit\u00e9<\/a>. Dipl\u00f4m\u00e9e de l&rsquo;Universit\u00e9 de Montr\u00e9al, Amy est titulaire d&rsquo;un baccalaur\u00e9at en g\u00e9ographie environnementale ainsi que d&rsquo;une ma\u00eetrise en g\u00e9ographie ax\u00e9e sur le transport maritime et compte plus de six ans d&rsquo;exp\u00e9rience dans le milieu du transport et de l&rsquo;environnement. Ayant auparavant travaill\u00e9 au sein de diverses entreprises telles le CIRRELT, Logistec, Lowe&rsquo;s Canada, elle d\u00e9sire maintenant mettre \u00e0 profit ses comp\u00e9tences au sein de CargoM dans le but de travailler sur des projets rassembleurs qui int\u00e8grent tous les acteurs de la logistique et du transport du Grand Montr\u00e9al.<\/p>\r\n<p style=\"text-align: justify;\">Le conseil d&rsquo;administration et toute l&rsquo;\u00e9quipe de CargoM lui souhaitent la bienvenue et beaucoup de succ\u00e8s dans la r\u00e9alisation de ses nouveaux projets.<\/p>\r\n<a href=\"https:\/\/www.cargo-montreal.ca\/fr\/qui-sommes-nous\/equipe-cargom\/\">D\u00e9couvrez les membres de notre \u00e9quipe<\/a>","protected":false},"excerpt":{"rendered":"Nous sommes heureux d\u2019annoncer l\u2019arriv\u00e9e de Mme Amy Lombard parmi nos rangs. En tant que charg\u00e9e de projets, Mme Lombard sera responsable des chantiers Opportunit\u00e9s de d\u00e9veloppement sectoriel, Communication et rayonnement\u00a0et Innovation et fluidit\u00e9. Dipl\u00f4m\u00e9e de l&rsquo;Universit\u00e9 de Montr\u00e9al, Amy est titulaire d&rsquo;un baccalaur\u00e9at en g\u00e9ographie environnementale ainsi que d&rsquo;une ma\u00eetrise en g\u00e9ographie ax\u00e9e sur [&hellip;]","protected":false},"author":39,"featured_media":0,"comment_status":"open","ping_status":"open","sticky":false,"template":"","format":"standard","meta":{"_acf_changed":false,"footnotes":""},"categories":[20],"tags":[],"class_list":["post-10777","post","type-post","status-publish","format-standard","hentry","category-services-logistiques"],"acf":[],"yoast_head":"<!-- This site is optimized with the Yoast SEO plugin v27.3 - https:\/\/yoast.com\/product\/yoast-seo-wordpress\/ -->\n<title>Nouvelle charg\u00e9e de projets au sein de l\u2019\u00e9quipe de CargoM - CargoM<\/title>\n<meta name=\"robots\" content=\"index, follow, max-snippet:-1, max-image-preview:large, max-video-preview:-1\" \/>\n<link rel=\"canonical\" href=\"https:\/\/www.cargo-montreal.ca\/fr\/nouvelle-chargee-de-projets-au-sein-de-lequipe-de-cargom\/\" \/>\n<meta property=\"og:locale\" content=\"fr_FR\" \/>\n<meta property=\"og:type\" content=\"article\" \/>\n<meta property=\"og:title\" content=\"Nouvelle charg\u00e9e de projets au sein de l\u2019\u00e9quipe de CargoM - CargoM\" \/>\n<meta property=\"og:description\" content=\"Nous sommes heureux d\u2019annoncer l\u2019arriv\u00e9e de Mme Amy Lombard parmi nos rangs. En tant que charg\u00e9e de projets, Mme Lombard sera responsable des chantiers Opportunit\u00e9s de d\u00e9veloppement sectoriel, Communication et rayonnement\u00a0et Innovation et fluidit\u00e9. Dipl\u00f4m\u00e9e de l&rsquo;Universit\u00e9 de Montr\u00e9al, Amy est titulaire d&rsquo;un baccalaur\u00e9at en g\u00e9ographie environnementale ainsi que d&rsquo;une ma\u00eetrise en g\u00e9ographie ax\u00e9e sur [&hellip;]\" \/>\n<meta property=\"og:url\" content=\"https:\/\/www.cargo-montreal.ca\/fr\/nouvelle-chargee-de-projets-au-sein-de-lequipe-de-cargom\/\" \/>\n<meta property=\"og:site_name\" content=\"CargoM\" \/>\n<meta property=\"article:published_time\" content=\"2020-12-16T16:08:45+00:00\" \/>\n<meta name=\"author\" content=\"Karine Dudognon\" \/>\n<meta name=\"twitter:card\" content=\"summary_large_image\" \/>\n<meta name=\"twitter:label1\" content=\"\u00c9crit par\" \/>\n\t<meta name=\"twitter:data1\" content=\"Karine Dudognon\" \/>\n\t<meta name=\"twitter:label2\" content=\"Dur\u00e9e de lecture estim\u00e9e\" \/>\n\t<meta name=\"twitter:data2\" content=\"1 minute\" \/>\n<script type=\"application\/ld+json\" class=\"yoast-schema-graph\">{\"@context\":\"https:\\\/\\\/schema.org\",\"@graph\":[{\"@type\":\"Article\",\"@id\":\"https:\\\/\\\/www.cargo-montreal.ca\\\/fr\\\/nouvelle-chargee-de-projets-au-sein-de-lequipe-de-cargom\\\/#article\",\"isPartOf\":{\"@id\":\"https:\\\/\\\/www.cargo-montreal.ca\\\/fr\\\/nouvelle-chargee-de-projets-au-sein-de-lequipe-de-cargom\\\/\"},\"author\":{\"name\":\"Karine Dudognon\",\"@id\":\"https:\\\/\\\/www.cargo-montreal.ca\\\/fr\\\/#\\\/schema\\\/person\\\/80476d173ce654813db9fd1533901365\"},\"headline\":\"Nouvelle charg\u00e9e de projets au sein de l\u2019\u00e9quipe de CargoM\",\"datePublished\":\"2020-12-16T16:08:45+00:00\",\"mainEntityOfPage\":{\"@id\":\"https:\\\/\\\/www.cargo-montreal.ca\\\/fr\\\/nouvelle-chargee-de-projets-au-sein-de-lequipe-de-cargom\\\/\"},\"wordCount\":193,\"commentCount\":0,\"articleSection\":[\"Services logistiques\"],\"inLanguage\":\"fr-FR\",\"potentialAction\":[{\"@type\":\"CommentAction\",\"name\":\"Comment\",\"target\":[\"https:\\\/\\\/www.cargo-montreal.ca\\\/fr\\\/nouvelle-chargee-de-projets-au-sein-de-lequipe-de-cargom\\\/#respond\"]}]},{\"@type\":\"WebPage\",\"@id\":\"https:\\\/\\\/www.cargo-montreal.ca\\\/fr\\\/nouvelle-chargee-de-projets-au-sein-de-lequipe-de-cargom\\\/\",\"url\":\"https:\\\/\\\/www.cargo-montreal.ca\\\/fr\\\/nouvelle-chargee-de-projets-au-sein-de-lequipe-de-cargom\\\/\",\"name\":\"Nouvelle charg\u00e9e de projets au sein de l\u2019\u00e9quipe de CargoM - CargoM\",\"isPartOf\":{\"@id\":\"https:\\\/\\\/www.cargo-montreal.ca\\\/fr\\\/#website\"},\"datePublished\":\"2020-12-16T16:08:45+00:00\",\"author\":{\"@id\":\"https:\\\/\\\/www.cargo-montreal.ca\\\/fr\\\/#\\\/schema\\\/person\\\/80476d173ce654813db9fd1533901365\"},\"breadcrumb\":{\"@id\":\"https:\\\/\\\/www.cargo-montreal.ca\\\/fr\\\/nouvelle-chargee-de-projets-au-sein-de-lequipe-de-cargom\\\/#breadcrumb\"},\"inLanguage\":\"fr-FR\",\"potentialAction\":[{\"@type\":\"ReadAction\",\"target\":[\"https:\\\/\\\/www.cargo-montreal.ca\\\/fr\\\/nouvelle-chargee-de-projets-au-sein-de-lequipe-de-cargom\\\/\"]}]},{\"@type\":\"BreadcrumbList\",\"@id\":\"https:\\\/\\\/www.cargo-montreal.ca\\\/fr\\\/nouvelle-chargee-de-projets-au-sein-de-lequipe-de-cargom\\\/#breadcrumb\",\"itemListElement\":[{\"@type\":\"ListItem\",\"position\":1,\"name\":\"Home\",\"item\":\"https:\\\/\\\/www.cargo-montreal.ca\\\/fr\\\/\"},{\"@type\":\"ListItem\",\"position\":2,\"name\":\"Nouvelle charg\u00e9e de projets au sein de l\u2019\u00e9quipe de CargoM\"}]},{\"@type\":\"WebSite\",\"@id\":\"https:\\\/\\\/www.cargo-montreal.ca\\\/fr\\\/#website\",\"url\":\"https:\\\/\\\/www.cargo-montreal.ca\\\/fr\\\/\",\"name\":\"CargoM\",\"description\":\"La mission de CargoM: Rassembler les acteurs de la logistique &amp; du transport de marchandises du Grand Montr\u00e9al autour d&#039;objectifs communs, d&#039;actions concert\u00e9es\",\"potentialAction\":[{\"@type\":\"SearchAction\",\"target\":{\"@type\":\"EntryPoint\",\"urlTemplate\":\"https:\\\/\\\/www.cargo-montreal.ca\\\/fr\\\/?s={search_term_string}\"},\"query-input\":{\"@type\":\"PropertyValueSpecification\",\"valueRequired\":true,\"valueName\":\"search_term_string\"}}],\"inLanguage\":\"fr-FR\"},{\"@type\":\"Person\",\"@id\":\"https:\\\/\\\/www.cargo-montreal.ca\\\/fr\\\/#\\\/schema\\\/person\\\/80476d173ce654813db9fd1533901365\",\"name\":\"Karine Dudognon\",\"image\":{\"@type\":\"ImageObject\",\"inLanguage\":\"fr-FR\",\"@id\":\"https:\\\/\\\/secure.gravatar.com\\\/avatar\\\/673bdfb703a9b6685a88bc7dfb04a9ea2b48b30e9d1663a5e759a4e9bfa3e2c0?s=96&d=mm&r=g\",\"url\":\"https:\\\/\\\/secure.gravatar.com\\\/avatar\\\/673bdfb703a9b6685a88bc7dfb04a9ea2b48b30e9d1663a5e759a4e9bfa3e2c0?s=96&d=mm&r=g\",\"contentUrl\":\"https:\\\/\\\/secure.gravatar.com\\\/avatar\\\/673bdfb703a9b6685a88bc7dfb04a9ea2b48b30e9d1663a5e759a4e9bfa3e2c0?s=96&d=mm&r=g\",\"caption\":\"Karine Dudognon\"},\"url\":\"https:\\\/\\\/www.cargo-montreal.ca\\\/fr\\\/author\\\/karine\\\/\"}]}<\/script>\n<!-- \/ Yoast SEO plugin. -->","yoast_head_json":{"title":"Nouvelle charg\u00e9e de projets au sein de l\u2019\u00e9quipe de CargoM - CargoM","robots":{"index":"index","follow":"follow","max-snippet":"max-snippet:-1","max-image-preview":"max-image-preview:large","max-video-preview":"max-video-preview:-1"},"canonical":"https:\/\/www.cargo-montreal.ca\/fr\/nouvelle-chargee-de-projets-au-sein-de-lequipe-de-cargom\/","og_locale":"fr_FR","og_type":"article","og_title":"Nouvelle charg\u00e9e de projets au sein de l\u2019\u00e9quipe de CargoM - CargoM","og_description":"Nous sommes heureux d\u2019annoncer l\u2019arriv\u00e9e de Mme Amy Lombard parmi nos rangs. En tant que charg\u00e9e de projets, Mme Lombard sera responsable des chantiers Opportunit\u00e9s de d\u00e9veloppement sectoriel, Communication et rayonnement\u00a0et Innovation et fluidit\u00e9. Dipl\u00f4m\u00e9e de l&rsquo;Universit\u00e9 de Montr\u00e9al, Amy est titulaire d&rsquo;un baccalaur\u00e9at en g\u00e9ographie environnementale ainsi que d&rsquo;une ma\u00eetrise en g\u00e9ographie ax\u00e9e sur [&hellip;]","og_url":"https:\/\/www.cargo-montreal.ca\/fr\/nouvelle-chargee-de-projets-au-sein-de-lequipe-de-cargom\/","og_site_name":"CargoM","article_published_time":"2020-12-16T16:08:45+00:00","author":"Karine Dudognon","twitter_card":"summary_large_image","twitter_misc":{"\u00c9crit par":"Karine Dudognon","Dur\u00e9e de lecture estim\u00e9e":"1 minute"},"schema":{"@context":"https:\/\/schema.org","@graph":[{"@type":"Article","@id":"https:\/\/www.cargo-montreal.ca\/fr\/nouvelle-chargee-de-projets-au-sein-de-lequipe-de-cargom\/#article","isPartOf":{"@id":"https:\/\/www.cargo-montreal.ca\/fr\/nouvelle-chargee-de-projets-au-sein-de-lequipe-de-cargom\/"},"author":{"name":"Karine Dudognon","@id":"https:\/\/www.cargo-montreal.ca\/fr\/#\/schema\/person\/80476d173ce654813db9fd1533901365"},"headline":"Nouvelle charg\u00e9e de projets au sein de l\u2019\u00e9quipe de CargoM","datePublished":"2020-12-16T16:08:45+00:00","mainEntityOfPage":{"@id":"https:\/\/www.cargo-montreal.ca\/fr\/nouvelle-chargee-de-projets-au-sein-de-lequipe-de-cargom\/"},"wordCount":193,"commentCount":0,"articleSection":["Services logistiques"],"inLanguage":"fr-FR","potentialAction":[{"@type":"CommentAction","name":"Comment","target":["https:\/\/www.cargo-montreal.ca\/fr\/nouvelle-chargee-de-projets-au-sein-de-lequipe-de-cargom\/#respond"]}]},{"@type":"WebPage","@id":"https:\/\/www.cargo-montreal.ca\/fr\/nouvelle-chargee-de-projets-au-sein-de-lequipe-de-cargom\/","url":"https:\/\/www.cargo-montreal.ca\/fr\/nouvelle-chargee-de-projets-au-sein-de-lequipe-de-cargom\/","name":"Nouvelle charg\u00e9e de projets au sein de l\u2019\u00e9quipe de CargoM - CargoM","isPartOf":{"@id":"https:\/\/www.cargo-montreal.ca\/fr\/#website"},"datePublished":"2020-12-16T16:08:45+00:00","author":{"@id":"https:\/\/www.cargo-montreal.ca\/fr\/#\/schema\/person\/80476d173ce654813db9fd1533901365"},"breadcrumb":{"@id":"https:\/\/www.cargo-montreal.ca\/fr\/nouvelle-chargee-de-projets-au-sein-de-lequipe-de-cargom\/#breadcrumb"},"inLanguage":"fr-FR","potentialAction":[{"@type":"ReadAction","target":["https:\/\/www.cargo-montreal.ca\/fr\/nouvelle-chargee-de-projets-au-sein-de-lequipe-de-cargom\/"]}]},{"@type":"BreadcrumbList","@id":"https:\/\/www.cargo-montreal.ca\/fr\/nouvelle-chargee-de-projets-au-sein-de-lequipe-de-cargom\/#breadcrumb","itemListElement":[{"@type":"ListItem","position":1,"name":"Home","item":"https:\/\/www.cargo-montreal.ca\/fr\/"},{"@type":"ListItem","position":2,"name":"Nouvelle charg\u00e9e de projets au sein de l\u2019\u00e9quipe de CargoM"}]},{"@type":"WebSite","@id":"https:\/\/www.cargo-montreal.ca\/fr\/#website","url":"https:\/\/www.cargo-montreal.ca\/fr\/","name":"CargoM","description":"La mission de CargoM: Rassembler les acteurs de la logistique &amp; du transport de marchandises du Grand Montr\u00e9al autour d&#039;objectifs communs, d&#039;actions concert\u00e9es","potentialAction":[{"@type":"SearchAction","target":{"@type":"EntryPoint","urlTemplate":"https:\/\/www.cargo-montreal.ca\/fr\/?s={search_term_string}"},"query-input":{"@type":"PropertyValueSpecification","valueRequired":true,"valueName":"search_term_string"}}],"inLanguage":"fr-FR"},{"@type":"Person","@id":"https:\/\/www.cargo-montreal.ca\/fr\/#\/schema\/person\/80476d173ce654813db9fd1533901365","name":"Karine Dudognon","image":{"@type":"ImageObject","inLanguage":"fr-FR","@id":"https:\/\/secure.gravatar.com\/avatar\/673bdfb703a9b6685a88bc7dfb04a9ea2b48b30e9d1663a5e759a4e9bfa3e2c0?s=96&d=mm&r=g","url":"https:\/\/secure.gravatar.com\/avatar\/673bdfb703a9b6685a88bc7dfb04a9ea2b48b30e9d1663a5e759a4e9bfa3e2c0?s=96&d=mm&r=g","contentUrl":"https:\/\/secure.gravatar.com\/avatar\/673bdfb703a9b6685a88bc7dfb04a9ea2b48b30e9d1663a5e759a4e9bfa3e2c0?s=96&d=mm&r=g","caption":"Karine Dudognon"},"url":"https:\/\/www.cargo-montreal.ca\/fr\/author\/karine\/"}]}},"_links":{"self":[{"href":"https:\/\/www.cargo-montreal.ca\/fr\/wp-json\/wp\/v2\/posts\/10777","targetHints":{"allow":["GET"]}}],"collection":[{"href":"https:\/\/www.cargo-montreal.ca\/fr\/wp-json\/wp\/v2\/posts"}],"about":[{"href":"https:\/\/www.cargo-montreal.ca\/fr\/wp-json\/wp\/v2\/types\/post"}],"author":[{"embeddable":true,"href":"https:\/\/www.cargo-montreal.ca\/fr\/wp-json\/wp\/v2\/users\/39"}],"replies":[{"embeddable":true,"href":"https:\/\/www.cargo-montreal.ca\/fr\/wp-json\/wp\/v2\/comments?post=10777"}],"version-history":[{"count":1,"href":"https:\/\/www.cargo-montreal.ca\/fr\/wp-json\/wp\/v2\/posts\/10777\/revisions"}],"predecessor-version":[{"id":10778,"href":"https:\/\/www.cargo-montreal.ca\/fr\/wp-json\/wp\/v2\/posts\/10777\/revisions\/10778"}],"wp:attachment":[{"href":"https:\/\/www.cargo-montreal.ca\/fr\/wp-json\/wp\/v2\/media?parent=10777"}],"wp:term":[{"taxonomy":"category","embeddable":true,"href":"https:\/\/www.cargo-montreal.ca\/fr\/wp-json\/wp\/v2\/categories?post=10777"},{"taxonomy":"post_tag","embeddable":true,"href":"https:\/\/www.cargo-montreal.ca\/fr\/wp-json\/wp\/v2\/tags?post=10777"}],"curies":[{"name":"wp","href":"https:\/\/api.w.org\/{rel}","templated":true}]}}