{"id":10871,"date":"2021-01-14T19:06:09","date_gmt":"2021-01-14T19:06:09","guid":{"rendered":"https:\/\/www.cargo-montreal.ca\/?p=10871"},"modified":"2021-01-14T19:24:09","modified_gmt":"2021-01-14T19:24:09","slug":"covid-19","status":"publish","type":"post","link":"https:\/\/www.cargo-montreal.ca\/fr\/covid-19\/","title":{"rendered":"Covid-19"},"content":{"rendered":"<h3 style=\"text-align: justify;\"><strong>Maintien des services essentiels<\/strong><\/h3>\r\nSuivant l\u2019annonce du confinement du 9 janvier au 8 f\u00e9vrier 2021, les activit\u00e9s \u00e9conomiques relatives \u00e0 la logistique et au transport de marchandises se maintiennent.\r\n\r\nVoici les informations agr\u00e9g\u00e9es concernant le d\u00e9cret du 8 janvier dernier.\r\n\r\nFermeture des commerces non prioritaires :\r\n<ul>\r\n \t<li>Les commerces consid\u00e9r\u00e9s comme non prioritaires doivent fermer leurs portes jusqu\u2019au 8 f\u00e9vrier 2021. Ceux ayant l\u2019autorisation d\u2019exercer leurs activit\u00e9s doivent quant \u00e0 eux offrir seulement des biens et services consid\u00e9r\u00e9s comme essentiels.<\/li>\r\n \t<li>La cueillette \u00e0 la porte sera toutefois permise. Ainsi, il sera possible d\u2019acheter un produit en ligne et de le faire livrer ou d\u2019aller le chercher sur place, sans entrer dans le commerce, en respectant les consignes sanitaires.<\/li>\r\n \t<li>\u00c0 compter du 9 janvier, afin de s\u2019arrimer avec le couvre-feu de 20 h, tous les commerces devront fermer leurs portes au plus tard \u00e0 19 h 30.<\/li>\r\n \t<li>Durant la p\u00e9riode de couvre-feu, les pharmacies et les stations-service demeureront ouvertes selon leur horaire habituel. Les pharmacies ne pourront vendre que des m\u00e9dicaments et des produits essentiels, tandis que les stations-service ne pourront vendre que de la nourriture, de l\u2019essence et des produits pour v\u00e9hicules routiers.<\/li>\r\n<\/ul>\r\nSecteurs manufacturiers et de la construction :\r\n<ul>\r\n \t<li>R\u00e9duction des activit\u00e9s au minimum n\u00e9cessaire pour assurer la r\u00e9alisation des engagements.<\/li>\r\n \t<li>Obligation de t\u00e9l\u00e9travail lorsque possible et ajustement des quarts de travail pour limiter les pr\u00e9sences sur les sites de production et de construction au m\u00eame moment.<\/li>\r\n \t<li>La CNESST intensifiera ses interventions dans les milieux de travail afin de s\u2019assurer du respecter des consignes sanitaires.<\/li>\r\n<\/ul>\r\nPour toute demande de renseignements, les entreprises sont invit\u00e9es \u00e0 consulter <a href=\"https:\/\/www.quebec.ca\/sante\/problemes-de-sante\/a-z\/coronavirus-2019\/liste-commerces-prioritaires\/\">la liste des commerces prioritaires<\/a>.\r\n\r\nVeuillez noter qu\u2019il y a \u00e9galement <a href=\"https:\/\/www.quebec.ca\/sante\/problemes-de-sante\/a-z\/coronavirus-2019\/liste-secteurs-economiques-ordre-fermeture-covid-19\/\">la liste des secteurs \u00e9conomiques vis\u00e9s par un ordre de fermeture (COVID-19)<\/a>.\r\n\r\nCes informations pourraient faire l\u2019objet de mises \u00e0 jour. Nous vous invitons \u00e0 consulter r\u00e9guli\u00e8rement le site <a href=\"https:\/\/www.quebec.ca\/sante\/problemes-de-sante\/a-z\/coronavirus-2019\/confinement-du-quebec-covid-19\/\">Quebec.ca<\/a>.\r\n\r\nDes outils de pr\u00e9vention ont \u00e9t\u00e9 d\u00e9ploy\u00e9s pour les milieux de travail afin de r\u00e9pondre aux interrogations des employeurs et des travailleurs\u00a0:\r\n<ul style=\"text-align: justify;\">\r\n \t<li><a href=\"https:\/\/www.cnesst.gouv.qc.ca\/salle-de-presse\/covid-19\/Pages\/outils.aspx\">CNESST \u2013 Des outils pour vous aider<\/a><\/li>\r\n \t<li><a href=\"https:\/\/www.quebec.ca\/sante\/problemes-de-sante\/a-z\/coronavirus-2019\/reponses-questions-coronavirus-covid19\/questions-reponses-employeurs-travailleurs-covid-19\/\">Foire aux questions pour les employeurs et les travailleurs<\/a><\/li>\r\n \t<li><a href=\"https:\/\/cargo-montreal.us4.list-manage.com\/track\/click?u=6c780ba3e5ef3a37a6eae79d3&amp;id=bcb6ba3d89&amp;e=dd36a8599b\">Sant\u00e9 Montr\u00e9al<\/a><\/li>\r\n<\/ul>\r\n\r\n<hr \/>\r\n\r\n<h3 style=\"text-align: justify;\"><strong>Attestation de l\u2019employeur \u2013 D\u00e9placement durant le couvre-feu<\/strong><\/h3>\r\n<p style=\"text-align: justify;\">Afin de permettre aux personnes qui se d\u00e9placent durant le couvre-feu, soit entre 20h et 5h, en raison de leur travail de d\u00e9montrer facilement la n\u00e9cessit\u00e9 de leur d\u00e9placement, les employeurs sont invit\u00e9s \u00e0 remplir le formulaire Attestation de l\u2019employeur \u2013 D\u00e9placement durant le couvre-feu d\u00e9cr\u00e9t\u00e9 par le gouvernement du Qu\u00e9bec.<\/p>\r\n<p style=\"text-align: justify;\">Vous le trouverez, en cliquant <a href=\"https:\/\/www.quebec.ca\/sante\/problemes-de-sante\/a-z\/coronavirus-2019\/confinement-du-quebec-covid-19\/#c81010\">ici<\/a>.<\/p>\r\n\r\n\r\n<hr \/>\r\n\r\n<h3><strong>Aide aux entreprises <\/strong><\/h3>\r\n<p style=\"text-align: justify;\"><strong>Ville de Montr\u00e9al &#8211; Plan de relance \u00e9conomique 2021<\/strong><\/p>\r\n<p style=\"text-align: justify;\">Afin de maintenir le cap face \u00e0 la pand\u00e9mie, la Ville de Montr\u00e9al met en place un plan pour soutenir l\u2019\u00e9conomie montr\u00e9alaise. L\u2019initiative <a href=\"http:\/\/app.dialoginsight.com\/T\/OFC4\/L2S\/6596\/B2736298\/68j4\/747743\/28104701\/vq0BwG\/1\/184653\/wnI3tuXn\/I\/760734\/hfYNxK.html?h=dAdndh2YEuTbrx309Gbr5byAhUtbPF-DZUtJuYoFzu8\">Agir\u00a0maintenant pour pr\u00e9parer la relance<\/a>, feuille de route de la Ville de Montr\u00e9al pour la relance,\u00a0a \u00e9t\u00e9 \u00e9tablie de concert avec de nombreux experts et acteurs \u00e9conomiques de Montr\u00e9al.\u00a0Cette feuille de route, qui rassemble les diff\u00e9rents \u00e9l\u00e9ments de la vision du Montr\u00e9al de demain pour assurer une relance verte et inclusive, dispose d\u2019une enveloppe de 60\u00a0M$ et permettra de financer\u00a0<a href=\"http:\/\/app.dialoginsight.com\/T\/OFC4\/L2S\/6596\/B2736298\/68j4\/747743\/28104702\/GFBt24\/1\/184653\/wnI3tuXn\/I\/760734\/hfYNxK.html?h=BgSTEeW4v5AwZL4Pxtw5WCpZcDpq-ru2AmU5XjAud1U\">10\u00a0mesures phares<\/a>\u00a0d\u00e8s 2021.<\/p>\r\n<p style=\"text-align: justify;\"><strong>Qu\u00e9bec bonifie son soutien aux PME de toutes les r\u00e9gions<\/strong><\/p>\r\n<p style=\"text-align: justify;\">Afin d&rsquo;am\u00e9liorer le soutien offert aux entreprises et de mieux r\u00e9pondre \u00e0 leurs besoins, le ministre de l&rsquo;\u00c9conomie et de l&rsquo;Innovation, M. Pierre Fitzgibbon, annonce des ajustements importants aux mesures d&rsquo;aide destin\u00e9es aux PME dans le contexte de la pand\u00e9mie de la COVID-19, notamment une enveloppe suppl\u00e9mentaire de 50 millions de dollars a \u00e9t\u00e9 pr\u00e9vue pour le programme Aide d&rsquo;urgence aux petites et moyennes entreprises (PAUPME).<\/p>\r\n<p style=\"text-align: justify;\">Pour en savoir plus, cliquez <a href=\"https:\/\/www.quebec.ca\/nouvelles\/actualites\/details\/pandemie-de-la-covid-19-quebec-bonifie-son-soutien-aux-pme-de-toutes-les-regions\/\">ici<\/a>.<\/p>\r\n\r\n\r\n<hr \/>\r\n\r\n<h3><strong>Programmes de financement, mesures fiscales et aide \u00e0 l\u2019emploi<\/strong><\/h3>\r\n<u>Gouvernement du Canada\u00a0:<\/u>\r\n<ul>\r\n \t<li>Minist\u00e8re des Finances\u00a0: <a href=\"https:\/\/www.canada.ca\/fr\/ministere-finances\/nouvelles\/2020\/07\/soutenir-les-travailleurs-et-les-entreprises-du-canada-en-rajustant-la-subvention-salariale-durgence-du-canada.html?utm_source=Cyberimpact&amp;utm_medium=email&amp;utm_campaign=La-Subvention-salariale-d39urgence-du-Canada-est-reconduite-et-elargie\">Subvention salariale d\u2019urgence du Canada (SSUC)<\/a><\/li>\r\n \t<li><a href=\"https:\/\/mcusercontent.com\/6c780ba3e5ef3a37a6eae79d3\/files\/bfe5045c-ff7b-4ac9-962a-35c620e31c5d\/Mesures_du_Canada___Suivis_08_06_2020.01.pdf\">Suivi des mesures du gouvernement du Canada \u2013 COVID-19<\/a><\/li>\r\n<\/ul>\r\n<ul>\r\n \t<li><a href=\"https:\/\/nrc.canada.ca\/fr\/soutien-linnovation-technologique\/programme-daide-linnovation-pai-pari-cnrc?utm_campaign=IRAP_funding_program&amp;utm_medium=link_to_program_page_f&amp;utm_source=home_page_f\">Le Programme d&rsquo;aide \u00e0 l&rsquo;innovation (PAI) du PARI CNRC<\/a><\/li>\r\n<\/ul>\r\n<u>Gouvernement du Qu\u00e9bec\u00a0:<\/u>\r\n<ul>\r\n \t<li>R\u00e9pertoire des programmes d\u2019aide\u00a0: <a href=\"https:\/\/www.quebec.ca\/sante\/problemes-de-sante\/a-z\/coronavirus-2019\/aide-financiere-covid19\/\">Aide financi\u00e8re<\/a><\/li>\r\n \t<li>R\u00e9pertoire des programmes d\u2019aide\u00a0: <a href=\"https:\/\/www.quebec.ca\/sante\/problemes-de-sante\/a-z\/coronavirus-2019\/entreprises-maindoeuvre-covid19\/\">Entreprises et main-d\u2019\u0153uvre<\/a><\/li>\r\n<\/ul>\r\n<u>Organismes de d\u00e9veloppement \u00e9conomique<\/u>\r\n<ul>\r\n \t<li>Communaut\u00e9 m\u00e9tropolitaine de Montr\u00e9al (CMM) : <a href=\"https:\/\/cmm.qc.ca\/nouvelles\/comment-passer-a-travers-la-crise-et-mieux-rebondir\/\">Comment passer \u00e0 travers la crise et mieux rebondir<\/a><\/li>\r\n \t<li>Chambre de commerce du Montr\u00e9al m\u00e9tropolitain (CCMM) : Acc\u00e9dez \u00e0 des ressources utiles pour vous aider \u00e0 naviguer \u00e0 travers la crise de la COVID-19 au sein de votre organisation &#8211; <a href=\"https:\/\/www.ccmm.ca\/fr\/interventions\/covid-19\/boite-a-outils\/\">Bo\u00eete \u00e0 outils<\/a><\/li>\r\n \t<li>PME MTL : <a href=\"https:\/\/pmemtl.com\/a-propos\/actualites\/nouveau-service-en-logistique-du-commerce-electronique\">Nouveau service en logistique du commerce \u00e9lectronique<\/a><\/li>\r\n<\/ul>\r\n<u>Sant\u00e9 et s\u00e9curit\u00e9 au travail<\/u>\r\n<ul>\r\n \t<li>Institut national de sant\u00e9 publique du Qu\u00e9bec\u00a0: Formation <a href=\"https:\/\/www.inspq.qc.ca\/covid-19\/formations\/sante-au-travail\">COVID-19 et sant\u00e9 au travail<\/a><\/li>\r\n \t<li>Commission des normes, de l&rsquo;\u00e9quit\u00e9, de la sant\u00e9 et de la s\u00e9curit\u00e9 du travail (CNESST)\u00a0: <a href=\"https:\/\/www.cnesst.gouv.qc.ca\/salle-de-presse\/covid-19\/Pages\/trousse.aspx\">Nouvelle trousse COVID-19<\/a><\/li>\r\n \t<li>Institut de recherche Robert-Sauv\u00e9 en sant\u00e9 et en s\u00e9curit\u00e9 au travail (IRSST)\u00a0: <a href=\"https:\/\/www.irsst.qc.ca\/covid-19\/avis-irsst\/id\/2659\/aide-a-la-planification-de-la-reprise-des-activites-dans-les-pme-quebecoises\">Avis, recommandations et outils de l&rsquo;IRSST concernant la COVID-19<\/a><\/li>\r\n \t<li>Transports Canada\u00a0: <a href=\"https:\/\/www.tc.gc.ca\/fr\/initiatives\/covid-19-mesures-mises-a-jour-lignes-directrices-tc.html\">Mesures, mises \u00e0 jour et lignes directrices li\u00e9es \u00e0 la COVID-19 \u00e9mises par Transports Canada<\/a> (aviation, maritime, transport ferroviaire, transport routier)<\/li>\r\n<\/ul>","protected":false},"excerpt":{"rendered":"Maintien des services essentiels Suivant l\u2019annonce du confinement du 9 janvier au 8 f\u00e9vrier 2021, les activit\u00e9s \u00e9conomiques relatives \u00e0 la logistique et au transport de marchandises se maintiennent. Voici les informations agr\u00e9g\u00e9es concernant le d\u00e9cret du 8 janvier dernier. Fermeture des commerces non prioritaires : Les commerces consid\u00e9r\u00e9s comme non prioritaires doivent fermer leurs [&hellip;]","protected":false},"author":39,"featured_media":10872,"comment_status":"open","ping_status":"open","sticky":false,"template":"","format":"standard","meta":{"_acf_changed":false,"footnotes":""},"categories":[20],"tags":[],"class_list":["post-10871","post","type-post","status-publish","format-standard","has-post-thumbnail","hentry","category-services-logistiques"],"acf":[],"yoast_head":"<!-- This site is optimized with the Yoast SEO plugin v27.3 - https:\/\/yoast.com\/product\/yoast-seo-wordpress\/ -->\n<title>Covid-19 - CargoM<\/title>\n<meta name=\"robots\" content=\"index, follow, max-snippet:-1, max-image-preview:large, max-video-preview:-1\" \/>\n<link rel=\"canonical\" href=\"https:\/\/www.cargo-montreal.ca\/fr\/covid-19\/\" \/>\n<meta property=\"og:locale\" content=\"fr_FR\" \/>\n<meta property=\"og:type\" content=\"article\" \/>\n<meta property=\"og:title\" content=\"Covid-19 - CargoM\" \/>\n<meta property=\"og:description\" content=\"Maintien des services essentiels Suivant l\u2019annonce du confinement du 9 janvier au 8 f\u00e9vrier 2021, les activit\u00e9s \u00e9conomiques relatives \u00e0 la logistique et au transport de marchandises se maintiennent. Voici les informations agr\u00e9g\u00e9es concernant le d\u00e9cret du 8 janvier dernier. Fermeture des commerces non prioritaires : Les commerces consid\u00e9r\u00e9s comme non prioritaires doivent fermer leurs [&hellip;]\" \/>\n<meta property=\"og:url\" content=\"https:\/\/www.cargo-montreal.ca\/fr\/covid-19\/\" \/>\n<meta property=\"og:site_name\" content=\"CargoM\" \/>\n<meta property=\"article:published_time\" content=\"2021-01-14T19:06:09+00:00\" \/>\n<meta property=\"article:modified_time\" content=\"2021-01-14T19:24:09+00:00\" \/>\n<meta property=\"og:image\" content=\"https:\/\/www.cargo-montreal.ca\/wp-content\/uploads\/2021\/01\/iStock-825171938-reduit.jpg\" \/>\n\t<meta property=\"og:image:width\" content=\"1732\" \/>\n\t<meta property=\"og:image:height\" content=\"1154\" \/>\n\t<meta property=\"og:image:type\" content=\"image\/jpeg\" \/>\n<meta name=\"author\" content=\"Karine Dudognon\" \/>\n<meta name=\"twitter:card\" content=\"summary_large_image\" \/>\n<meta name=\"twitter:label1\" content=\"\u00c9crit par\" \/>\n\t<meta name=\"twitter:data1\" content=\"Karine Dudognon\" \/>\n\t<meta name=\"twitter:label2\" content=\"Dur\u00e9e de lecture estim\u00e9e\" \/>\n\t<meta name=\"twitter:data2\" content=\"4 minutes\" \/>\n<script type=\"application\/ld+json\" class=\"yoast-schema-graph\">{\"@context\":\"https:\\\/\\\/schema.org\",\"@graph\":[{\"@type\":\"Article\",\"@id\":\"https:\\\/\\\/www.cargo-montreal.ca\\\/fr\\\/covid-19\\\/#article\",\"isPartOf\":{\"@id\":\"https:\\\/\\\/www.cargo-montreal.ca\\\/fr\\\/covid-19\\\/\"},\"author\":{\"name\":\"Karine Dudognon\",\"@id\":\"https:\\\/\\\/www.cargo-montreal.ca\\\/fr\\\/#\\\/schema\\\/person\\\/80476d173ce654813db9fd1533901365\"},\"headline\":\"Covid-19\",\"datePublished\":\"2021-01-14T19:06:09+00:00\",\"dateModified\":\"2021-01-14T19:24:09+00:00\",\"mainEntityOfPage\":{\"@id\":\"https:\\\/\\\/www.cargo-montreal.ca\\\/fr\\\/covid-19\\\/\"},\"wordCount\":861,\"commentCount\":0,\"image\":{\"@id\":\"https:\\\/\\\/www.cargo-montreal.ca\\\/fr\\\/covid-19\\\/#primaryimage\"},\"thumbnailUrl\":\"https:\\\/\\\/www.cargo-montreal.ca\\\/wp-content\\\/uploads\\\/2021\\\/01\\\/iStock-825171938-reduit.jpg\",\"articleSection\":[\"Services logistiques\"],\"inLanguage\":\"fr-FR\",\"potentialAction\":[{\"@type\":\"CommentAction\",\"name\":\"Comment\",\"target\":[\"https:\\\/\\\/www.cargo-montreal.ca\\\/fr\\\/covid-19\\\/#respond\"]}]},{\"@type\":\"WebPage\",\"@id\":\"https:\\\/\\\/www.cargo-montreal.ca\\\/fr\\\/covid-19\\\/\",\"url\":\"https:\\\/\\\/www.cargo-montreal.ca\\\/fr\\\/covid-19\\\/\",\"name\":\"Covid-19 - CargoM\",\"isPartOf\":{\"@id\":\"https:\\\/\\\/www.cargo-montreal.ca\\\/fr\\\/#website\"},\"primaryImageOfPage\":{\"@id\":\"https:\\\/\\\/www.cargo-montreal.ca\\\/fr\\\/covid-19\\\/#primaryimage\"},\"image\":{\"@id\":\"https:\\\/\\\/www.cargo-montreal.ca\\\/fr\\\/covid-19\\\/#primaryimage\"},\"thumbnailUrl\":\"https:\\\/\\\/www.cargo-montreal.ca\\\/wp-content\\\/uploads\\\/2021\\\/01\\\/iStock-825171938-reduit.jpg\",\"datePublished\":\"2021-01-14T19:06:09+00:00\",\"dateModified\":\"2021-01-14T19:24:09+00:00\",\"author\":{\"@id\":\"https:\\\/\\\/www.cargo-montreal.ca\\\/fr\\\/#\\\/schema\\\/person\\\/80476d173ce654813db9fd1533901365\"},\"breadcrumb\":{\"@id\":\"https:\\\/\\\/www.cargo-montreal.ca\\\/fr\\\/covid-19\\\/#breadcrumb\"},\"inLanguage\":\"fr-FR\",\"potentialAction\":[{\"@type\":\"ReadAction\",\"target\":[\"https:\\\/\\\/www.cargo-montreal.ca\\\/fr\\\/covid-19\\\/\"]}]},{\"@type\":\"ImageObject\",\"inLanguage\":\"fr-FR\",\"@id\":\"https:\\\/\\\/www.cargo-montreal.ca\\\/fr\\\/covid-19\\\/#primaryimage\",\"url\":\"https:\\\/\\\/www.cargo-montreal.ca\\\/wp-content\\\/uploads\\\/2021\\\/01\\\/iStock-825171938-reduit.jpg\",\"contentUrl\":\"https:\\\/\\\/www.cargo-montreal.ca\\\/wp-content\\\/uploads\\\/2021\\\/01\\\/iStock-825171938-reduit.jpg\",\"width\":1732,\"height\":1154},{\"@type\":\"BreadcrumbList\",\"@id\":\"https:\\\/\\\/www.cargo-montreal.ca\\\/fr\\\/covid-19\\\/#breadcrumb\",\"itemListElement\":[{\"@type\":\"ListItem\",\"position\":1,\"name\":\"Home\",\"item\":\"https:\\\/\\\/www.cargo-montreal.ca\\\/fr\\\/\"},{\"@type\":\"ListItem\",\"position\":2,\"name\":\"Covid-19\"}]},{\"@type\":\"WebSite\",\"@id\":\"https:\\\/\\\/www.cargo-montreal.ca\\\/fr\\\/#website\",\"url\":\"https:\\\/\\\/www.cargo-montreal.ca\\\/fr\\\/\",\"name\":\"CargoM\",\"description\":\"La mission de CargoM: Rassembler les acteurs de la logistique &amp; du transport de marchandises du Grand Montr\u00e9al autour d&#039;objectifs communs, d&#039;actions concert\u00e9es\",\"potentialAction\":[{\"@type\":\"SearchAction\",\"target\":{\"@type\":\"EntryPoint\",\"urlTemplate\":\"https:\\\/\\\/www.cargo-montreal.ca\\\/fr\\\/?s={search_term_string}\"},\"query-input\":{\"@type\":\"PropertyValueSpecification\",\"valueRequired\":true,\"valueName\":\"search_term_string\"}}],\"inLanguage\":\"fr-FR\"},{\"@type\":\"Person\",\"@id\":\"https:\\\/\\\/www.cargo-montreal.ca\\\/fr\\\/#\\\/schema\\\/person\\\/80476d173ce654813db9fd1533901365\",\"name\":\"Karine Dudognon\",\"image\":{\"@type\":\"ImageObject\",\"inLanguage\":\"fr-FR\",\"@id\":\"https:\\\/\\\/secure.gravatar.com\\\/avatar\\\/673bdfb703a9b6685a88bc7dfb04a9ea2b48b30e9d1663a5e759a4e9bfa3e2c0?s=96&d=mm&r=g\",\"url\":\"https:\\\/\\\/secure.gravatar.com\\\/avatar\\\/673bdfb703a9b6685a88bc7dfb04a9ea2b48b30e9d1663a5e759a4e9bfa3e2c0?s=96&d=mm&r=g\",\"contentUrl\":\"https:\\\/\\\/secure.gravatar.com\\\/avatar\\\/673bdfb703a9b6685a88bc7dfb04a9ea2b48b30e9d1663a5e759a4e9bfa3e2c0?s=96&d=mm&r=g\",\"caption\":\"Karine Dudognon\"},\"url\":\"https:\\\/\\\/www.cargo-montreal.ca\\\/fr\\\/author\\\/karine\\\/\"}]}<\/script>\n<!-- \/ Yoast SEO plugin. -->","yoast_head_json":{"title":"Covid-19 - CargoM","robots":{"index":"index","follow":"follow","max-snippet":"max-snippet:-1","max-image-preview":"max-image-preview:large","max-video-preview":"max-video-preview:-1"},"canonical":"https:\/\/www.cargo-montreal.ca\/fr\/covid-19\/","og_locale":"fr_FR","og_type":"article","og_title":"Covid-19 - CargoM","og_description":"Maintien des services essentiels Suivant l\u2019annonce du confinement du 9 janvier au 8 f\u00e9vrier 2021, les activit\u00e9s \u00e9conomiques relatives \u00e0 la logistique et au transport de marchandises se maintiennent. Voici les informations agr\u00e9g\u00e9es concernant le d\u00e9cret du 8 janvier dernier. Fermeture des commerces non prioritaires : Les commerces consid\u00e9r\u00e9s comme non prioritaires doivent fermer leurs [&hellip;]","og_url":"https:\/\/www.cargo-montreal.ca\/fr\/covid-19\/","og_site_name":"CargoM","article_published_time":"2021-01-14T19:06:09+00:00","article_modified_time":"2021-01-14T19:24:09+00:00","og_image":[{"width":1732,"height":1154,"url":"https:\/\/www.cargo-montreal.ca\/wp-content\/uploads\/2021\/01\/iStock-825171938-reduit.jpg","type":"image\/jpeg"}],"author":"Karine Dudognon","twitter_card":"summary_large_image","twitter_misc":{"\u00c9crit par":"Karine Dudognon","Dur\u00e9e de lecture estim\u00e9e":"4 minutes"},"schema":{"@context":"https:\/\/schema.org","@graph":[{"@type":"Article","@id":"https:\/\/www.cargo-montreal.ca\/fr\/covid-19\/#article","isPartOf":{"@id":"https:\/\/www.cargo-montreal.ca\/fr\/covid-19\/"},"author":{"name":"Karine Dudognon","@id":"https:\/\/www.cargo-montreal.ca\/fr\/#\/schema\/person\/80476d173ce654813db9fd1533901365"},"headline":"Covid-19","datePublished":"2021-01-14T19:06:09+00:00","dateModified":"2021-01-14T19:24:09+00:00","mainEntityOfPage":{"@id":"https:\/\/www.cargo-montreal.ca\/fr\/covid-19\/"},"wordCount":861,"commentCount":0,"image":{"@id":"https:\/\/www.cargo-montreal.ca\/fr\/covid-19\/#primaryimage"},"thumbnailUrl":"https:\/\/www.cargo-montreal.ca\/wp-content\/uploads\/2021\/01\/iStock-825171938-reduit.jpg","articleSection":["Services logistiques"],"inLanguage":"fr-FR","potentialAction":[{"@type":"CommentAction","name":"Comment","target":["https:\/\/www.cargo-montreal.ca\/fr\/covid-19\/#respond"]}]},{"@type":"WebPage","@id":"https:\/\/www.cargo-montreal.ca\/fr\/covid-19\/","url":"https:\/\/www.cargo-montreal.ca\/fr\/covid-19\/","name":"Covid-19 - CargoM","isPartOf":{"@id":"https:\/\/www.cargo-montreal.ca\/fr\/#website"},"primaryImageOfPage":{"@id":"https:\/\/www.cargo-montreal.ca\/fr\/covid-19\/#primaryimage"},"image":{"@id":"https:\/\/www.cargo-montreal.ca\/fr\/covid-19\/#primaryimage"},"thumbnailUrl":"https:\/\/www.cargo-montreal.ca\/wp-content\/uploads\/2021\/01\/iStock-825171938-reduit.jpg","datePublished":"2021-01-14T19:06:09+00:00","dateModified":"2021-01-14T19:24:09+00:00","author":{"@id":"https:\/\/www.cargo-montreal.ca\/fr\/#\/schema\/person\/80476d173ce654813db9fd1533901365"},"breadcrumb":{"@id":"https:\/\/www.cargo-montreal.ca\/fr\/covid-19\/#breadcrumb"},"inLanguage":"fr-FR","potentialAction":[{"@type":"ReadAction","target":["https:\/\/www.cargo-montreal.ca\/fr\/covid-19\/"]}]},{"@type":"ImageObject","inLanguage":"fr-FR","@id":"https:\/\/www.cargo-montreal.ca\/fr\/covid-19\/#primaryimage","url":"https:\/\/www.cargo-montreal.ca\/wp-content\/uploads\/2021\/01\/iStock-825171938-reduit.jpg","contentUrl":"https:\/\/www.cargo-montreal.ca\/wp-content\/uploads\/2021\/01\/iStock-825171938-reduit.jpg","width":1732,"height":1154},{"@type":"BreadcrumbList","@id":"https:\/\/www.cargo-montreal.ca\/fr\/covid-19\/#breadcrumb","itemListElement":[{"@type":"ListItem","position":1,"name":"Home","item":"https:\/\/www.cargo-montreal.ca\/fr\/"},{"@type":"ListItem","position":2,"name":"Covid-19"}]},{"@type":"WebSite","@id":"https:\/\/www.cargo-montreal.ca\/fr\/#website","url":"https:\/\/www.cargo-montreal.ca\/fr\/","name":"CargoM","description":"La mission de CargoM: Rassembler les acteurs de la logistique &amp; du transport de marchandises du Grand Montr\u00e9al autour d&#039;objectifs communs, d&#039;actions concert\u00e9es","potentialAction":[{"@type":"SearchAction","target":{"@type":"EntryPoint","urlTemplate":"https:\/\/www.cargo-montreal.ca\/fr\/?s={search_term_string}"},"query-input":{"@type":"PropertyValueSpecification","valueRequired":true,"valueName":"search_term_string"}}],"inLanguage":"fr-FR"},{"@type":"Person","@id":"https:\/\/www.cargo-montreal.ca\/fr\/#\/schema\/person\/80476d173ce654813db9fd1533901365","name":"Karine Dudognon","image":{"@type":"ImageObject","inLanguage":"fr-FR","@id":"https:\/\/secure.gravatar.com\/avatar\/673bdfb703a9b6685a88bc7dfb04a9ea2b48b30e9d1663a5e759a4e9bfa3e2c0?s=96&d=mm&r=g","url":"https:\/\/secure.gravatar.com\/avatar\/673bdfb703a9b6685a88bc7dfb04a9ea2b48b30e9d1663a5e759a4e9bfa3e2c0?s=96&d=mm&r=g","contentUrl":"https:\/\/secure.gravatar.com\/avatar\/673bdfb703a9b6685a88bc7dfb04a9ea2b48b30e9d1663a5e759a4e9bfa3e2c0?s=96&d=mm&r=g","caption":"Karine Dudognon"},"url":"https:\/\/www.cargo-montreal.ca\/fr\/author\/karine\/"}]}},"_links":{"self":[{"href":"https:\/\/www.cargo-montreal.ca\/fr\/wp-json\/wp\/v2\/posts\/10871","targetHints":{"allow":["GET"]}}],"collection":[{"href":"https:\/\/www.cargo-montreal.ca\/fr\/wp-json\/wp\/v2\/posts"}],"about":[{"href":"https:\/\/www.cargo-montreal.ca\/fr\/wp-json\/wp\/v2\/types\/post"}],"author":[{"embeddable":true,"href":"https:\/\/www.cargo-montreal.ca\/fr\/wp-json\/wp\/v2\/users\/39"}],"replies":[{"embeddable":true,"href":"https:\/\/www.cargo-montreal.ca\/fr\/wp-json\/wp\/v2\/comments?post=10871"}],"version-history":[{"count":3,"href":"https:\/\/www.cargo-montreal.ca\/fr\/wp-json\/wp\/v2\/posts\/10871\/revisions"}],"predecessor-version":[{"id":10886,"href":"https:\/\/www.cargo-montreal.ca\/fr\/wp-json\/wp\/v2\/posts\/10871\/revisions\/10886"}],"wp:featuredmedia":[{"embeddable":true,"href":"https:\/\/www.cargo-montreal.ca\/fr\/wp-json\/wp\/v2\/media\/10872"}],"wp:attachment":[{"href":"https:\/\/www.cargo-montreal.ca\/fr\/wp-json\/wp\/v2\/media?parent=10871"}],"wp:term":[{"taxonomy":"category","embeddable":true,"href":"https:\/\/www.cargo-montreal.ca\/fr\/wp-json\/wp\/v2\/categories?post=10871"},{"taxonomy":"post_tag","embeddable":true,"href":"https:\/\/www.cargo-montreal.ca\/fr\/wp-json\/wp\/v2\/tags?post=10871"}],"curies":[{"name":"wp","href":"https:\/\/api.w.org\/{rel}","templated":true}]}}