{"id":10887,"date":"2021-01-14T19:28:41","date_gmt":"2021-01-14T19:28:41","guid":{"rendered":"https:\/\/www.cargo-montreal.ca\/?p=10887"},"modified":"2021-01-14T19:30:07","modified_gmt":"2021-01-14T19:30:07","slug":"quebec-annonce-une-aide-financiere-de-55-millions-de-dollars-au-port-de-montreal","status":"publish","type":"post","link":"https:\/\/www.cargo-montreal.ca\/fr\/quebec-annonce-une-aide-financiere-de-55-millions-de-dollars-au-port-de-montreal\/","title":{"rendered":"Qu\u00e9bec annonce une aide financi\u00e8re de 55 millions de dollars au Port de Montr\u00e9al"},"content":{"rendered":"<p style=\"text-align: justify;\">Qu\u00e9bec a annonc\u00e9, le 12 janvier dernier, une aide financi\u00e8re de 55 M$ au Port de Montr\u00e9al afin d\u2019appuyer la phase de d\u00e9marrage du projet de terminal \u00e0 Contrec\u0153ur. L\u2019annonce a \u00e9t\u00e9 d\u00e9voil\u00e9e en conf\u00e9rence de presse par la ministre d\u00e9l\u00e9gu\u00e9e aux Transports et ministre responsable de la M\u00e9tropole et de la r\u00e9gion de Montr\u00e9al, Mme Chantal Rouleau, par le ministre des Transports, M. Fran\u00e7ois Bonnardel et par M. Martin Imbleau, Pr\u00e9sident-directeur g\u00e9n\u00e9ral du Port de Montr\u00e9al.<\/p>\r\n<p style=\"text-align: justify;\">Pour en savoir plus, cliquez <a href=\"https:\/\/www.lapresse.ca\/affaires\/2021-01-12\/quebec-met-55-millions-pour-amorcer-l-expansion-du-port-de-montreal.php\">ici<\/a>.<\/p>","protected":false},"excerpt":{"rendered":"Qu\u00e9bec a annonc\u00e9, le 12 janvier dernier, une aide financi\u00e8re de 55 M$ au Port de Montr\u00e9al afin d\u2019appuyer la phase de d\u00e9marrage du projet de terminal \u00e0 Contrec\u0153ur. L\u2019annonce a \u00e9t\u00e9 d\u00e9voil\u00e9e en conf\u00e9rence de presse par la ministre d\u00e9l\u00e9gu\u00e9e aux Transports et ministre responsable de la M\u00e9tropole et de la r\u00e9gion de Montr\u00e9al, [&hellip;]","protected":false},"author":39,"featured_media":10888,"comment_status":"open","ping_status":"open","sticky":false,"template":"","format":"standard","meta":{"_acf_changed":false,"footnotes":""},"categories":[20],"tags":[],"class_list":["post-10887","post","type-post","status-publish","format-standard","has-post-thumbnail","hentry","category-services-logistiques"],"acf":[],"yoast_head":"<!-- This site is optimized with the Yoast SEO plugin v27.3 - https:\/\/yoast.com\/product\/yoast-seo-wordpress\/ -->\n<title>Qu\u00e9bec annonce une aide financi\u00e8re de 55 millions de dollars au Port de Montr\u00e9al - CargoM<\/title>\n<meta name=\"robots\" content=\"index, follow, max-snippet:-1, max-image-preview:large, max-video-preview:-1\" \/>\n<link rel=\"canonical\" href=\"https:\/\/www.cargo-montreal.ca\/fr\/quebec-annonce-une-aide-financiere-de-55-millions-de-dollars-au-port-de-montreal\/\" \/>\n<meta property=\"og:locale\" content=\"fr_FR\" \/>\n<meta property=\"og:type\" content=\"article\" \/>\n<meta property=\"og:title\" content=\"Qu\u00e9bec annonce une aide financi\u00e8re de 55 millions de dollars au Port de Montr\u00e9al - CargoM\" \/>\n<meta property=\"og:description\" content=\"Qu\u00e9bec a annonc\u00e9, le 12 janvier dernier, une aide financi\u00e8re de 55 M$ au Port de Montr\u00e9al afin d\u2019appuyer la phase de d\u00e9marrage du projet de terminal \u00e0 Contrec\u0153ur. L\u2019annonce a \u00e9t\u00e9 d\u00e9voil\u00e9e en conf\u00e9rence de presse par la ministre d\u00e9l\u00e9gu\u00e9e aux Transports et ministre responsable de la M\u00e9tropole et de la r\u00e9gion de Montr\u00e9al, [&hellip;]\" \/>\n<meta property=\"og:url\" content=\"https:\/\/www.cargo-montreal.ca\/fr\/quebec-annonce-une-aide-financiere-de-55-millions-de-dollars-au-port-de-montreal\/\" \/>\n<meta property=\"og:site_name\" content=\"CargoM\" \/>\n<meta property=\"article:published_time\" content=\"2021-01-14T19:28:41+00:00\" \/>\n<meta property=\"article:modified_time\" content=\"2021-01-14T19:30:07+00:00\" \/>\n<meta property=\"og:image\" content=\"https:\/\/www.cargo-montreal.ca\/wp-content\/uploads\/2021\/01\/CONTRECOEUR-PROJECTION.jpg\" \/>\n\t<meta property=\"og:image:width\" content=\"1000\" \/>\n\t<meta property=\"og:image:height\" content=\"562\" \/>\n\t<meta property=\"og:image:type\" content=\"image\/jpeg\" \/>\n<meta name=\"author\" content=\"Karine Dudognon\" \/>\n<meta name=\"twitter:card\" content=\"summary_large_image\" \/>\n<meta name=\"twitter:label1\" content=\"\u00c9crit par\" \/>\n\t<meta name=\"twitter:data1\" content=\"Karine Dudognon\" \/>\n\t<meta name=\"twitter:label2\" content=\"Dur\u00e9e de lecture estim\u00e9e\" \/>\n\t<meta name=\"twitter:data2\" content=\"1 minute\" \/>\n<script type=\"application\/ld+json\" class=\"yoast-schema-graph\">{\"@context\":\"https:\\\/\\\/schema.org\",\"@graph\":[{\"@type\":\"Article\",\"@id\":\"https:\\\/\\\/www.cargo-montreal.ca\\\/fr\\\/quebec-annonce-une-aide-financiere-de-55-millions-de-dollars-au-port-de-montreal\\\/#article\",\"isPartOf\":{\"@id\":\"https:\\\/\\\/www.cargo-montreal.ca\\\/fr\\\/quebec-annonce-une-aide-financiere-de-55-millions-de-dollars-au-port-de-montreal\\\/\"},\"author\":{\"name\":\"Karine Dudognon\",\"@id\":\"https:\\\/\\\/www.cargo-montreal.ca\\\/fr\\\/#\\\/schema\\\/person\\\/80476d173ce654813db9fd1533901365\"},\"headline\":\"Qu\u00e9bec annonce une aide financi\u00e8re de 55 millions de dollars au Port de Montr\u00e9al\",\"datePublished\":\"2021-01-14T19:28:41+00:00\",\"dateModified\":\"2021-01-14T19:30:07+00:00\",\"mainEntityOfPage\":{\"@id\":\"https:\\\/\\\/www.cargo-montreal.ca\\\/fr\\\/quebec-annonce-une-aide-financiere-de-55-millions-de-dollars-au-port-de-montreal\\\/\"},\"wordCount\":117,\"commentCount\":0,\"image\":{\"@id\":\"https:\\\/\\\/www.cargo-montreal.ca\\\/fr\\\/quebec-annonce-une-aide-financiere-de-55-millions-de-dollars-au-port-de-montreal\\\/#primaryimage\"},\"thumbnailUrl\":\"https:\\\/\\\/www.cargo-montreal.ca\\\/wp-content\\\/uploads\\\/2021\\\/01\\\/CONTRECOEUR-PROJECTION.jpg\",\"articleSection\":[\"Services logistiques\"],\"inLanguage\":\"fr-FR\",\"potentialAction\":[{\"@type\":\"CommentAction\",\"name\":\"Comment\",\"target\":[\"https:\\\/\\\/www.cargo-montreal.ca\\\/fr\\\/quebec-annonce-une-aide-financiere-de-55-millions-de-dollars-au-port-de-montreal\\\/#respond\"]}]},{\"@type\":\"WebPage\",\"@id\":\"https:\\\/\\\/www.cargo-montreal.ca\\\/fr\\\/quebec-annonce-une-aide-financiere-de-55-millions-de-dollars-au-port-de-montreal\\\/\",\"url\":\"https:\\\/\\\/www.cargo-montreal.ca\\\/fr\\\/quebec-annonce-une-aide-financiere-de-55-millions-de-dollars-au-port-de-montreal\\\/\",\"name\":\"Qu\u00e9bec annonce une aide financi\u00e8re de 55 millions de dollars au Port de Montr\u00e9al - CargoM\",\"isPartOf\":{\"@id\":\"https:\\\/\\\/www.cargo-montreal.ca\\\/fr\\\/#website\"},\"primaryImageOfPage\":{\"@id\":\"https:\\\/\\\/www.cargo-montreal.ca\\\/fr\\\/quebec-annonce-une-aide-financiere-de-55-millions-de-dollars-au-port-de-montreal\\\/#primaryimage\"},\"image\":{\"@id\":\"https:\\\/\\\/www.cargo-montreal.ca\\\/fr\\\/quebec-annonce-une-aide-financiere-de-55-millions-de-dollars-au-port-de-montreal\\\/#primaryimage\"},\"thumbnailUrl\":\"https:\\\/\\\/www.cargo-montreal.ca\\\/wp-content\\\/uploads\\\/2021\\\/01\\\/CONTRECOEUR-PROJECTION.jpg\",\"datePublished\":\"2021-01-14T19:28:41+00:00\",\"dateModified\":\"2021-01-14T19:30:07+00:00\",\"author\":{\"@id\":\"https:\\\/\\\/www.cargo-montreal.ca\\\/fr\\\/#\\\/schema\\\/person\\\/80476d173ce654813db9fd1533901365\"},\"breadcrumb\":{\"@id\":\"https:\\\/\\\/www.cargo-montreal.ca\\\/fr\\\/quebec-annonce-une-aide-financiere-de-55-millions-de-dollars-au-port-de-montreal\\\/#breadcrumb\"},\"inLanguage\":\"fr-FR\",\"potentialAction\":[{\"@type\":\"ReadAction\",\"target\":[\"https:\\\/\\\/www.cargo-montreal.ca\\\/fr\\\/quebec-annonce-une-aide-financiere-de-55-millions-de-dollars-au-port-de-montreal\\\/\"]}]},{\"@type\":\"ImageObject\",\"inLanguage\":\"fr-FR\",\"@id\":\"https:\\\/\\\/www.cargo-montreal.ca\\\/fr\\\/quebec-annonce-une-aide-financiere-de-55-millions-de-dollars-au-port-de-montreal\\\/#primaryimage\",\"url\":\"https:\\\/\\\/www.cargo-montreal.ca\\\/wp-content\\\/uploads\\\/2021\\\/01\\\/CONTRECOEUR-PROJECTION.jpg\",\"contentUrl\":\"https:\\\/\\\/www.cargo-montreal.ca\\\/wp-content\\\/uploads\\\/2021\\\/01\\\/CONTRECOEUR-PROJECTION.jpg\",\"width\":1000,\"height\":562},{\"@type\":\"BreadcrumbList\",\"@id\":\"https:\\\/\\\/www.cargo-montreal.ca\\\/fr\\\/quebec-annonce-une-aide-financiere-de-55-millions-de-dollars-au-port-de-montreal\\\/#breadcrumb\",\"itemListElement\":[{\"@type\":\"ListItem\",\"position\":1,\"name\":\"Home\",\"item\":\"https:\\\/\\\/www.cargo-montreal.ca\\\/fr\\\/\"},{\"@type\":\"ListItem\",\"position\":2,\"name\":\"Qu\u00e9bec annonce une aide financi\u00e8re de 55 millions de dollars au Port de Montr\u00e9al\"}]},{\"@type\":\"WebSite\",\"@id\":\"https:\\\/\\\/www.cargo-montreal.ca\\\/fr\\\/#website\",\"url\":\"https:\\\/\\\/www.cargo-montreal.ca\\\/fr\\\/\",\"name\":\"CargoM\",\"description\":\"La mission de CargoM: Rassembler les acteurs de la logistique &amp; du transport de marchandises du Grand Montr\u00e9al autour d&#039;objectifs communs, d&#039;actions concert\u00e9es\",\"potentialAction\":[{\"@type\":\"SearchAction\",\"target\":{\"@type\":\"EntryPoint\",\"urlTemplate\":\"https:\\\/\\\/www.cargo-montreal.ca\\\/fr\\\/?s={search_term_string}\"},\"query-input\":{\"@type\":\"PropertyValueSpecification\",\"valueRequired\":true,\"valueName\":\"search_term_string\"}}],\"inLanguage\":\"fr-FR\"},{\"@type\":\"Person\",\"@id\":\"https:\\\/\\\/www.cargo-montreal.ca\\\/fr\\\/#\\\/schema\\\/person\\\/80476d173ce654813db9fd1533901365\",\"name\":\"Karine Dudognon\",\"image\":{\"@type\":\"ImageObject\",\"inLanguage\":\"fr-FR\",\"@id\":\"https:\\\/\\\/secure.gravatar.com\\\/avatar\\\/673bdfb703a9b6685a88bc7dfb04a9ea2b48b30e9d1663a5e759a4e9bfa3e2c0?s=96&d=mm&r=g\",\"url\":\"https:\\\/\\\/secure.gravatar.com\\\/avatar\\\/673bdfb703a9b6685a88bc7dfb04a9ea2b48b30e9d1663a5e759a4e9bfa3e2c0?s=96&d=mm&r=g\",\"contentUrl\":\"https:\\\/\\\/secure.gravatar.com\\\/avatar\\\/673bdfb703a9b6685a88bc7dfb04a9ea2b48b30e9d1663a5e759a4e9bfa3e2c0?s=96&d=mm&r=g\",\"caption\":\"Karine Dudognon\"},\"url\":\"https:\\\/\\\/www.cargo-montreal.ca\\\/fr\\\/author\\\/karine\\\/\"}]}<\/script>\n<!-- \/ Yoast SEO plugin. -->","yoast_head_json":{"title":"Qu\u00e9bec annonce une aide financi\u00e8re de 55 millions de dollars au Port de Montr\u00e9al - CargoM","robots":{"index":"index","follow":"follow","max-snippet":"max-snippet:-1","max-image-preview":"max-image-preview:large","max-video-preview":"max-video-preview:-1"},"canonical":"https:\/\/www.cargo-montreal.ca\/fr\/quebec-annonce-une-aide-financiere-de-55-millions-de-dollars-au-port-de-montreal\/","og_locale":"fr_FR","og_type":"article","og_title":"Qu\u00e9bec annonce une aide financi\u00e8re de 55 millions de dollars au Port de Montr\u00e9al - CargoM","og_description":"Qu\u00e9bec a annonc\u00e9, le 12 janvier dernier, une aide financi\u00e8re de 55 M$ au Port de Montr\u00e9al afin d\u2019appuyer la phase de d\u00e9marrage du projet de terminal \u00e0 Contrec\u0153ur. L\u2019annonce a \u00e9t\u00e9 d\u00e9voil\u00e9e en conf\u00e9rence de presse par la ministre d\u00e9l\u00e9gu\u00e9e aux Transports et ministre responsable de la M\u00e9tropole et de la r\u00e9gion de Montr\u00e9al, [&hellip;]","og_url":"https:\/\/www.cargo-montreal.ca\/fr\/quebec-annonce-une-aide-financiere-de-55-millions-de-dollars-au-port-de-montreal\/","og_site_name":"CargoM","article_published_time":"2021-01-14T19:28:41+00:00","article_modified_time":"2021-01-14T19:30:07+00:00","og_image":[{"width":1000,"height":562,"url":"https:\/\/www.cargo-montreal.ca\/wp-content\/uploads\/2021\/01\/CONTRECOEUR-PROJECTION.jpg","type":"image\/jpeg"}],"author":"Karine Dudognon","twitter_card":"summary_large_image","twitter_misc":{"\u00c9crit par":"Karine Dudognon","Dur\u00e9e de lecture estim\u00e9e":"1 minute"},"schema":{"@context":"https:\/\/schema.org","@graph":[{"@type":"Article","@id":"https:\/\/www.cargo-montreal.ca\/fr\/quebec-annonce-une-aide-financiere-de-55-millions-de-dollars-au-port-de-montreal\/#article","isPartOf":{"@id":"https:\/\/www.cargo-montreal.ca\/fr\/quebec-annonce-une-aide-financiere-de-55-millions-de-dollars-au-port-de-montreal\/"},"author":{"name":"Karine Dudognon","@id":"https:\/\/www.cargo-montreal.ca\/fr\/#\/schema\/person\/80476d173ce654813db9fd1533901365"},"headline":"Qu\u00e9bec annonce une aide financi\u00e8re de 55 millions de dollars au Port de Montr\u00e9al","datePublished":"2021-01-14T19:28:41+00:00","dateModified":"2021-01-14T19:30:07+00:00","mainEntityOfPage":{"@id":"https:\/\/www.cargo-montreal.ca\/fr\/quebec-annonce-une-aide-financiere-de-55-millions-de-dollars-au-port-de-montreal\/"},"wordCount":117,"commentCount":0,"image":{"@id":"https:\/\/www.cargo-montreal.ca\/fr\/quebec-annonce-une-aide-financiere-de-55-millions-de-dollars-au-port-de-montreal\/#primaryimage"},"thumbnailUrl":"https:\/\/www.cargo-montreal.ca\/wp-content\/uploads\/2021\/01\/CONTRECOEUR-PROJECTION.jpg","articleSection":["Services logistiques"],"inLanguage":"fr-FR","potentialAction":[{"@type":"CommentAction","name":"Comment","target":["https:\/\/www.cargo-montreal.ca\/fr\/quebec-annonce-une-aide-financiere-de-55-millions-de-dollars-au-port-de-montreal\/#respond"]}]},{"@type":"WebPage","@id":"https:\/\/www.cargo-montreal.ca\/fr\/quebec-annonce-une-aide-financiere-de-55-millions-de-dollars-au-port-de-montreal\/","url":"https:\/\/www.cargo-montreal.ca\/fr\/quebec-annonce-une-aide-financiere-de-55-millions-de-dollars-au-port-de-montreal\/","name":"Qu\u00e9bec annonce une aide financi\u00e8re de 55 millions de dollars au Port de Montr\u00e9al - CargoM","isPartOf":{"@id":"https:\/\/www.cargo-montreal.ca\/fr\/#website"},"primaryImageOfPage":{"@id":"https:\/\/www.cargo-montreal.ca\/fr\/quebec-annonce-une-aide-financiere-de-55-millions-de-dollars-au-port-de-montreal\/#primaryimage"},"image":{"@id":"https:\/\/www.cargo-montreal.ca\/fr\/quebec-annonce-une-aide-financiere-de-55-millions-de-dollars-au-port-de-montreal\/#primaryimage"},"thumbnailUrl":"https:\/\/www.cargo-montreal.ca\/wp-content\/uploads\/2021\/01\/CONTRECOEUR-PROJECTION.jpg","datePublished":"2021-01-14T19:28:41+00:00","dateModified":"2021-01-14T19:30:07+00:00","author":{"@id":"https:\/\/www.cargo-montreal.ca\/fr\/#\/schema\/person\/80476d173ce654813db9fd1533901365"},"breadcrumb":{"@id":"https:\/\/www.cargo-montreal.ca\/fr\/quebec-annonce-une-aide-financiere-de-55-millions-de-dollars-au-port-de-montreal\/#breadcrumb"},"inLanguage":"fr-FR","potentialAction":[{"@type":"ReadAction","target":["https:\/\/www.cargo-montreal.ca\/fr\/quebec-annonce-une-aide-financiere-de-55-millions-de-dollars-au-port-de-montreal\/"]}]},{"@type":"ImageObject","inLanguage":"fr-FR","@id":"https:\/\/www.cargo-montreal.ca\/fr\/quebec-annonce-une-aide-financiere-de-55-millions-de-dollars-au-port-de-montreal\/#primaryimage","url":"https:\/\/www.cargo-montreal.ca\/wp-content\/uploads\/2021\/01\/CONTRECOEUR-PROJECTION.jpg","contentUrl":"https:\/\/www.cargo-montreal.ca\/wp-content\/uploads\/2021\/01\/CONTRECOEUR-PROJECTION.jpg","width":1000,"height":562},{"@type":"BreadcrumbList","@id":"https:\/\/www.cargo-montreal.ca\/fr\/quebec-annonce-une-aide-financiere-de-55-millions-de-dollars-au-port-de-montreal\/#breadcrumb","itemListElement":[{"@type":"ListItem","position":1,"name":"Home","item":"https:\/\/www.cargo-montreal.ca\/fr\/"},{"@type":"ListItem","position":2,"name":"Qu\u00e9bec annonce une aide financi\u00e8re de 55 millions de dollars au Port de Montr\u00e9al"}]},{"@type":"WebSite","@id":"https:\/\/www.cargo-montreal.ca\/fr\/#website","url":"https:\/\/www.cargo-montreal.ca\/fr\/","name":"CargoM","description":"La mission de CargoM: Rassembler les acteurs de la logistique &amp; du transport de marchandises du Grand Montr\u00e9al autour d&#039;objectifs communs, d&#039;actions concert\u00e9es","potentialAction":[{"@type":"SearchAction","target":{"@type":"EntryPoint","urlTemplate":"https:\/\/www.cargo-montreal.ca\/fr\/?s={search_term_string}"},"query-input":{"@type":"PropertyValueSpecification","valueRequired":true,"valueName":"search_term_string"}}],"inLanguage":"fr-FR"},{"@type":"Person","@id":"https:\/\/www.cargo-montreal.ca\/fr\/#\/schema\/person\/80476d173ce654813db9fd1533901365","name":"Karine Dudognon","image":{"@type":"ImageObject","inLanguage":"fr-FR","@id":"https:\/\/secure.gravatar.com\/avatar\/673bdfb703a9b6685a88bc7dfb04a9ea2b48b30e9d1663a5e759a4e9bfa3e2c0?s=96&d=mm&r=g","url":"https:\/\/secure.gravatar.com\/avatar\/673bdfb703a9b6685a88bc7dfb04a9ea2b48b30e9d1663a5e759a4e9bfa3e2c0?s=96&d=mm&r=g","contentUrl":"https:\/\/secure.gravatar.com\/avatar\/673bdfb703a9b6685a88bc7dfb04a9ea2b48b30e9d1663a5e759a4e9bfa3e2c0?s=96&d=mm&r=g","caption":"Karine Dudognon"},"url":"https:\/\/www.cargo-montreal.ca\/fr\/author\/karine\/"}]}},"_links":{"self":[{"href":"https:\/\/www.cargo-montreal.ca\/fr\/wp-json\/wp\/v2\/posts\/10887","targetHints":{"allow":["GET"]}}],"collection":[{"href":"https:\/\/www.cargo-montreal.ca\/fr\/wp-json\/wp\/v2\/posts"}],"about":[{"href":"https:\/\/www.cargo-montreal.ca\/fr\/wp-json\/wp\/v2\/types\/post"}],"author":[{"embeddable":true,"href":"https:\/\/www.cargo-montreal.ca\/fr\/wp-json\/wp\/v2\/users\/39"}],"replies":[{"embeddable":true,"href":"https:\/\/www.cargo-montreal.ca\/fr\/wp-json\/wp\/v2\/comments?post=10887"}],"version-history":[{"count":2,"href":"https:\/\/www.cargo-montreal.ca\/fr\/wp-json\/wp\/v2\/posts\/10887\/revisions"}],"predecessor-version":[{"id":10891,"href":"https:\/\/www.cargo-montreal.ca\/fr\/wp-json\/wp\/v2\/posts\/10887\/revisions\/10891"}],"wp:featuredmedia":[{"embeddable":true,"href":"https:\/\/www.cargo-montreal.ca\/fr\/wp-json\/wp\/v2\/media\/10888"}],"wp:attachment":[{"href":"https:\/\/www.cargo-montreal.ca\/fr\/wp-json\/wp\/v2\/media?parent=10887"}],"wp:term":[{"taxonomy":"category","embeddable":true,"href":"https:\/\/www.cargo-montreal.ca\/fr\/wp-json\/wp\/v2\/categories?post=10887"},{"taxonomy":"post_tag","embeddable":true,"href":"https:\/\/www.cargo-montreal.ca\/fr\/wp-json\/wp\/v2\/tags?post=10887"}],"curies":[{"name":"wp","href":"https:\/\/api.w.org\/{rel}","templated":true}]}}