{"id":10949,"date":"2021-02-04T21:15:05","date_gmt":"2021-02-04T21:15:05","guid":{"rendered":"https:\/\/www.cargo-montreal.ca\/?p=10949"},"modified":"2021-02-05T13:48:29","modified_gmt":"2021-02-05T13:48:29","slug":"nouvelles-du-secteur","status":"publish","type":"post","link":"https:\/\/www.cargo-montreal.ca\/fr\/nouvelles-du-secteur\/","title":{"rendered":"Nouvelles du secteur"},"content":{"rendered":"&nbsp;\r\n<h2 style=\"text-align: center;\"><strong>Le Canada investit dans un projet pilote pour r\u00e9duire les \u00e9missions de gaz \u00e0 effet de serre au Qu\u00e9bec<\/strong><\/h2>\r\n<p style=\"text-align: justify;\">Le gouvernement du Canada est d\u00e9termin\u00e9 \u00e0 favoriser l&rsquo;innovation et \u00e0 b\u00e2tir un avenir fond\u00e9 sur l&rsquo;\u00e9nergie propre pour stimuler l&rsquo;\u00e9conomie, cr\u00e9er de bons emplois et soutenir le secteur des ressources naturelles. Cet engagement sera plus important que jamais maintenant que nous commen\u00e7ons \u00e0 rouvrir l&rsquo;\u00e9conomie et \u00e0 planifier notre reprise pour l&rsquo;apr\u00e8s-pand\u00e9mie.<\/p>\r\n<p style=\"text-align: justify;\">Le ministre des Ressources naturelles du Canada, l&rsquo;honorable <a href=\"https:\/\/pm.gc.ca\/fr\/cabinet\/lhonorable-seamus-oregan\">Seamus O&rsquo;Regan Jr<\/a>., a annonc\u00e9 aujourd&rsquo;hui un investissement de 97\u2009000 $ pour aider une entreprise de camionnage qu\u00e9b\u00e9coise \u00e0 r\u00e9duire ses frais de carburant et les \u00e9missions de gaz \u00e0 effet de serre de sa flotte de v\u00e9hicules lourds.<\/p>\r\n<p style=\"text-align: justify;\">Pour en savoir plus\u00a0cliquez <a href=\"https:\/\/www.newswire.ca\/news-releases\/le-canada-investit-dans-un-projet-pilote-pour-reduire-les-emissions-de-gaz-a-effet-de-serre-au-quebec-887981479.html\">ici<\/a>.<\/p>\r\n<p style=\"text-align: justify;\">Liens vers les programmes\u00a0:<\/p>\r\n\r\n<ul>\r\n \t<li style=\"text-align: justify;\"><a href=\"https:\/\/www.rncan.gc.ca\/efficacite-energetique\/efficacite-energetique-pour-les\/programme-de-transport-ecoenerge\/programme-devaluation-ecoenergetique-flottes-transport-marchandises\/20894?_ga=2.173009571.1642400158.1610974596-84616142.1579288225\">Programme d\u2019\u00e9valuation \u00e9co\u00e9nerg\u00e9tique des flottes de transport des marchandises<\/a><\/li>\r\n \t<li style=\"text-align: justify;\"><a href=\"https:\/\/www.rncan.gc.ca\/efficacite-energetique\/efficacite-energetique-pour-les\/programme-de-transport-ecoenerge\/transport-de-marchandises-ecoene\/propos-smartway\/21053?_ga=2.30037304.681160826.1611582445-84616142.1579288225\">SmartWay<\/a><\/li>\r\n<\/ul>\r\n\r\n<hr \/>\r\n\r\n<h2 style=\"text-align: center;\"><strong>Consultations pr\u00e9-budg\u00e9taires du gouvernement f\u00e9d\u00e9ral<\/strong><\/h2>\r\n<p style=\"text-align: justify;\"><strong>\u00a0<\/strong><strong>Le gouvernement f\u00e9d\u00e9ral,<\/strong> dans le cadre d\u2019une consultation pr\u00e9-budg\u00e9taire pour l\u2019ann\u00e9e 2021,<strong> permet <\/strong>\u00e0 tous les Canadiens de lui faire part de leurs id\u00e9es et de leurs priorit\u00e9s quant aux fa\u00e7ons dont le gouvernement peut r\u00e9aliser des investissements en vue de favoriser la croissance de l\u2019\u00e9conomie. Le gouvernement canadien souhaite ainsi conna\u00eetre vos meilleures id\u00e9es sur les fa\u00e7ons de cr\u00e9er de nouveaux emplois et de b\u00e2tir un Canada plus vert, plus comp\u00e9titif, plus novateur, plus inclusif et plus r\u00e9silient.<\/p>\r\n<p style=\"text-align: justify;\">CargoM invite ses membres et partenaires \u00e0 r\u00e9pondre au <a href=\"https:\/\/parlonsbudget2021.ca\/consultations_prebudgetaires\">questionnaire<\/a> qui sera en ligne jusqu\u2019au 19 f\u00e9vrier 2021.<\/p>","protected":false},"excerpt":{"rendered":"&nbsp; Le Canada investit dans un projet pilote pour r\u00e9duire les \u00e9missions de gaz \u00e0 effet de serre au Qu\u00e9bec Le gouvernement du Canada est d\u00e9termin\u00e9 \u00e0 favoriser l&rsquo;innovation et \u00e0 b\u00e2tir un avenir fond\u00e9 sur l&rsquo;\u00e9nergie propre pour stimuler l&rsquo;\u00e9conomie, cr\u00e9er de bons emplois et soutenir le secteur des ressources naturelles. Cet engagement sera [&hellip;]","protected":false},"author":39,"featured_media":10977,"comment_status":"open","ping_status":"open","sticky":false,"template":"","format":"standard","meta":{"_acf_changed":false,"footnotes":""},"categories":[20],"tags":[],"class_list":["post-10949","post","type-post","status-publish","format-standard","has-post-thumbnail","hentry","category-services-logistiques"],"acf":[],"yoast_head":"<!-- This site is optimized with the Yoast SEO plugin v27.3 - https:\/\/yoast.com\/product\/yoast-seo-wordpress\/ -->\n<title>Nouvelles du secteur - CargoM<\/title>\n<meta name=\"robots\" content=\"index, follow, max-snippet:-1, max-image-preview:large, max-video-preview:-1\" \/>\n<link rel=\"canonical\" href=\"https:\/\/www.cargo-montreal.ca\/fr\/nouvelles-du-secteur\/\" \/>\n<meta property=\"og:locale\" content=\"fr_FR\" \/>\n<meta property=\"og:type\" content=\"article\" \/>\n<meta property=\"og:title\" content=\"Nouvelles du secteur - CargoM\" \/>\n<meta property=\"og:description\" content=\"&nbsp; Le Canada investit dans un projet pilote pour r\u00e9duire les \u00e9missions de gaz \u00e0 effet de serre au Qu\u00e9bec Le gouvernement du Canada est d\u00e9termin\u00e9 \u00e0 favoriser l&rsquo;innovation et \u00e0 b\u00e2tir un avenir fond\u00e9 sur l&rsquo;\u00e9nergie propre pour stimuler l&rsquo;\u00e9conomie, cr\u00e9er de bons emplois et soutenir le secteur des ressources naturelles. Cet engagement sera [&hellip;]\" \/>\n<meta property=\"og:url\" content=\"https:\/\/www.cargo-montreal.ca\/fr\/nouvelles-du-secteur\/\" \/>\n<meta property=\"og:site_name\" content=\"CargoM\" \/>\n<meta property=\"article:published_time\" content=\"2021-02-04T21:15:05+00:00\" \/>\n<meta property=\"article:modified_time\" content=\"2021-02-05T13:48:29+00:00\" \/>\n<meta property=\"og:image\" content=\"https:\/\/www.cargo-montreal.ca\/wp-content\/uploads\/2021\/02\/iStock-1148727734-SITE2.jpg\" \/>\n\t<meta property=\"og:image:width\" content=\"1366\" \/>\n\t<meta property=\"og:image:height\" content=\"811\" \/>\n\t<meta property=\"og:image:type\" content=\"image\/jpeg\" \/>\n<meta name=\"author\" content=\"Karine Dudognon\" \/>\n<meta name=\"twitter:card\" content=\"summary_large_image\" \/>\n<meta name=\"twitter:label1\" content=\"\u00c9crit par\" \/>\n\t<meta name=\"twitter:data1\" content=\"Karine Dudognon\" \/>\n\t<meta name=\"twitter:label2\" content=\"Dur\u00e9e de lecture estim\u00e9e\" \/>\n\t<meta name=\"twitter:data2\" content=\"1 minute\" \/>\n<script type=\"application\/ld+json\" class=\"yoast-schema-graph\">{\"@context\":\"https:\\\/\\\/schema.org\",\"@graph\":[{\"@type\":\"Article\",\"@id\":\"https:\\\/\\\/www.cargo-montreal.ca\\\/fr\\\/nouvelles-du-secteur\\\/#article\",\"isPartOf\":{\"@id\":\"https:\\\/\\\/www.cargo-montreal.ca\\\/fr\\\/nouvelles-du-secteur\\\/\"},\"author\":{\"name\":\"Karine Dudognon\",\"@id\":\"https:\\\/\\\/www.cargo-montreal.ca\\\/fr\\\/#\\\/schema\\\/person\\\/80476d173ce654813db9fd1533901365\"},\"headline\":\"Nouvelles du secteur\",\"datePublished\":\"2021-02-04T21:15:05+00:00\",\"dateModified\":\"2021-02-05T13:48:29+00:00\",\"mainEntityOfPage\":{\"@id\":\"https:\\\/\\\/www.cargo-montreal.ca\\\/fr\\\/nouvelles-du-secteur\\\/\"},\"wordCount\":280,\"commentCount\":0,\"image\":{\"@id\":\"https:\\\/\\\/www.cargo-montreal.ca\\\/fr\\\/nouvelles-du-secteur\\\/#primaryimage\"},\"thumbnailUrl\":\"https:\\\/\\\/www.cargo-montreal.ca\\\/wp-content\\\/uploads\\\/2021\\\/02\\\/iStock-1148727734-SITE2.jpg\",\"articleSection\":[\"Services logistiques\"],\"inLanguage\":\"fr-FR\",\"potentialAction\":[{\"@type\":\"CommentAction\",\"name\":\"Comment\",\"target\":[\"https:\\\/\\\/www.cargo-montreal.ca\\\/fr\\\/nouvelles-du-secteur\\\/#respond\"]}]},{\"@type\":\"WebPage\",\"@id\":\"https:\\\/\\\/www.cargo-montreal.ca\\\/fr\\\/nouvelles-du-secteur\\\/\",\"url\":\"https:\\\/\\\/www.cargo-montreal.ca\\\/fr\\\/nouvelles-du-secteur\\\/\",\"name\":\"Nouvelles du secteur - CargoM\",\"isPartOf\":{\"@id\":\"https:\\\/\\\/www.cargo-montreal.ca\\\/fr\\\/#website\"},\"primaryImageOfPage\":{\"@id\":\"https:\\\/\\\/www.cargo-montreal.ca\\\/fr\\\/nouvelles-du-secteur\\\/#primaryimage\"},\"image\":{\"@id\":\"https:\\\/\\\/www.cargo-montreal.ca\\\/fr\\\/nouvelles-du-secteur\\\/#primaryimage\"},\"thumbnailUrl\":\"https:\\\/\\\/www.cargo-montreal.ca\\\/wp-content\\\/uploads\\\/2021\\\/02\\\/iStock-1148727734-SITE2.jpg\",\"datePublished\":\"2021-02-04T21:15:05+00:00\",\"dateModified\":\"2021-02-05T13:48:29+00:00\",\"author\":{\"@id\":\"https:\\\/\\\/www.cargo-montreal.ca\\\/fr\\\/#\\\/schema\\\/person\\\/80476d173ce654813db9fd1533901365\"},\"breadcrumb\":{\"@id\":\"https:\\\/\\\/www.cargo-montreal.ca\\\/fr\\\/nouvelles-du-secteur\\\/#breadcrumb\"},\"inLanguage\":\"fr-FR\",\"potentialAction\":[{\"@type\":\"ReadAction\",\"target\":[\"https:\\\/\\\/www.cargo-montreal.ca\\\/fr\\\/nouvelles-du-secteur\\\/\"]}]},{\"@type\":\"ImageObject\",\"inLanguage\":\"fr-FR\",\"@id\":\"https:\\\/\\\/www.cargo-montreal.ca\\\/fr\\\/nouvelles-du-secteur\\\/#primaryimage\",\"url\":\"https:\\\/\\\/www.cargo-montreal.ca\\\/wp-content\\\/uploads\\\/2021\\\/02\\\/iStock-1148727734-SITE2.jpg\",\"contentUrl\":\"https:\\\/\\\/www.cargo-montreal.ca\\\/wp-content\\\/uploads\\\/2021\\\/02\\\/iStock-1148727734-SITE2.jpg\",\"width\":1366,\"height\":811},{\"@type\":\"BreadcrumbList\",\"@id\":\"https:\\\/\\\/www.cargo-montreal.ca\\\/fr\\\/nouvelles-du-secteur\\\/#breadcrumb\",\"itemListElement\":[{\"@type\":\"ListItem\",\"position\":1,\"name\":\"Home\",\"item\":\"https:\\\/\\\/www.cargo-montreal.ca\\\/fr\\\/\"},{\"@type\":\"ListItem\",\"position\":2,\"name\":\"Nouvelles du secteur\"}]},{\"@type\":\"WebSite\",\"@id\":\"https:\\\/\\\/www.cargo-montreal.ca\\\/fr\\\/#website\",\"url\":\"https:\\\/\\\/www.cargo-montreal.ca\\\/fr\\\/\",\"name\":\"CargoM\",\"description\":\"La mission de CargoM: Rassembler les acteurs de la logistique &amp; du transport de marchandises du Grand Montr\u00e9al autour d&#039;objectifs communs, d&#039;actions concert\u00e9es\",\"potentialAction\":[{\"@type\":\"SearchAction\",\"target\":{\"@type\":\"EntryPoint\",\"urlTemplate\":\"https:\\\/\\\/www.cargo-montreal.ca\\\/fr\\\/?s={search_term_string}\"},\"query-input\":{\"@type\":\"PropertyValueSpecification\",\"valueRequired\":true,\"valueName\":\"search_term_string\"}}],\"inLanguage\":\"fr-FR\"},{\"@type\":\"Person\",\"@id\":\"https:\\\/\\\/www.cargo-montreal.ca\\\/fr\\\/#\\\/schema\\\/person\\\/80476d173ce654813db9fd1533901365\",\"name\":\"Karine Dudognon\",\"image\":{\"@type\":\"ImageObject\",\"inLanguage\":\"fr-FR\",\"@id\":\"https:\\\/\\\/secure.gravatar.com\\\/avatar\\\/673bdfb703a9b6685a88bc7dfb04a9ea2b48b30e9d1663a5e759a4e9bfa3e2c0?s=96&d=mm&r=g\",\"url\":\"https:\\\/\\\/secure.gravatar.com\\\/avatar\\\/673bdfb703a9b6685a88bc7dfb04a9ea2b48b30e9d1663a5e759a4e9bfa3e2c0?s=96&d=mm&r=g\",\"contentUrl\":\"https:\\\/\\\/secure.gravatar.com\\\/avatar\\\/673bdfb703a9b6685a88bc7dfb04a9ea2b48b30e9d1663a5e759a4e9bfa3e2c0?s=96&d=mm&r=g\",\"caption\":\"Karine Dudognon\"},\"url\":\"https:\\\/\\\/www.cargo-montreal.ca\\\/fr\\\/author\\\/karine\\\/\"}]}<\/script>\n<!-- \/ Yoast SEO plugin. -->","yoast_head_json":{"title":"Nouvelles du secteur - CargoM","robots":{"index":"index","follow":"follow","max-snippet":"max-snippet:-1","max-image-preview":"max-image-preview:large","max-video-preview":"max-video-preview:-1"},"canonical":"https:\/\/www.cargo-montreal.ca\/fr\/nouvelles-du-secteur\/","og_locale":"fr_FR","og_type":"article","og_title":"Nouvelles du secteur - CargoM","og_description":"&nbsp; Le Canada investit dans un projet pilote pour r\u00e9duire les \u00e9missions de gaz \u00e0 effet de serre au Qu\u00e9bec Le gouvernement du Canada est d\u00e9termin\u00e9 \u00e0 favoriser l&rsquo;innovation et \u00e0 b\u00e2tir un avenir fond\u00e9 sur l&rsquo;\u00e9nergie propre pour stimuler l&rsquo;\u00e9conomie, cr\u00e9er de bons emplois et soutenir le secteur des ressources naturelles. Cet engagement sera [&hellip;]","og_url":"https:\/\/www.cargo-montreal.ca\/fr\/nouvelles-du-secteur\/","og_site_name":"CargoM","article_published_time":"2021-02-04T21:15:05+00:00","article_modified_time":"2021-02-05T13:48:29+00:00","og_image":[{"width":1366,"height":811,"url":"https:\/\/www.cargo-montreal.ca\/wp-content\/uploads\/2021\/02\/iStock-1148727734-SITE2.jpg","type":"image\/jpeg"}],"author":"Karine Dudognon","twitter_card":"summary_large_image","twitter_misc":{"\u00c9crit par":"Karine Dudognon","Dur\u00e9e de lecture estim\u00e9e":"1 minute"},"schema":{"@context":"https:\/\/schema.org","@graph":[{"@type":"Article","@id":"https:\/\/www.cargo-montreal.ca\/fr\/nouvelles-du-secteur\/#article","isPartOf":{"@id":"https:\/\/www.cargo-montreal.ca\/fr\/nouvelles-du-secteur\/"},"author":{"name":"Karine Dudognon","@id":"https:\/\/www.cargo-montreal.ca\/fr\/#\/schema\/person\/80476d173ce654813db9fd1533901365"},"headline":"Nouvelles du secteur","datePublished":"2021-02-04T21:15:05+00:00","dateModified":"2021-02-05T13:48:29+00:00","mainEntityOfPage":{"@id":"https:\/\/www.cargo-montreal.ca\/fr\/nouvelles-du-secteur\/"},"wordCount":280,"commentCount":0,"image":{"@id":"https:\/\/www.cargo-montreal.ca\/fr\/nouvelles-du-secteur\/#primaryimage"},"thumbnailUrl":"https:\/\/www.cargo-montreal.ca\/wp-content\/uploads\/2021\/02\/iStock-1148727734-SITE2.jpg","articleSection":["Services logistiques"],"inLanguage":"fr-FR","potentialAction":[{"@type":"CommentAction","name":"Comment","target":["https:\/\/www.cargo-montreal.ca\/fr\/nouvelles-du-secteur\/#respond"]}]},{"@type":"WebPage","@id":"https:\/\/www.cargo-montreal.ca\/fr\/nouvelles-du-secteur\/","url":"https:\/\/www.cargo-montreal.ca\/fr\/nouvelles-du-secteur\/","name":"Nouvelles du secteur - CargoM","isPartOf":{"@id":"https:\/\/www.cargo-montreal.ca\/fr\/#website"},"primaryImageOfPage":{"@id":"https:\/\/www.cargo-montreal.ca\/fr\/nouvelles-du-secteur\/#primaryimage"},"image":{"@id":"https:\/\/www.cargo-montreal.ca\/fr\/nouvelles-du-secteur\/#primaryimage"},"thumbnailUrl":"https:\/\/www.cargo-montreal.ca\/wp-content\/uploads\/2021\/02\/iStock-1148727734-SITE2.jpg","datePublished":"2021-02-04T21:15:05+00:00","dateModified":"2021-02-05T13:48:29+00:00","author":{"@id":"https:\/\/www.cargo-montreal.ca\/fr\/#\/schema\/person\/80476d173ce654813db9fd1533901365"},"breadcrumb":{"@id":"https:\/\/www.cargo-montreal.ca\/fr\/nouvelles-du-secteur\/#breadcrumb"},"inLanguage":"fr-FR","potentialAction":[{"@type":"ReadAction","target":["https:\/\/www.cargo-montreal.ca\/fr\/nouvelles-du-secteur\/"]}]},{"@type":"ImageObject","inLanguage":"fr-FR","@id":"https:\/\/www.cargo-montreal.ca\/fr\/nouvelles-du-secteur\/#primaryimage","url":"https:\/\/www.cargo-montreal.ca\/wp-content\/uploads\/2021\/02\/iStock-1148727734-SITE2.jpg","contentUrl":"https:\/\/www.cargo-montreal.ca\/wp-content\/uploads\/2021\/02\/iStock-1148727734-SITE2.jpg","width":1366,"height":811},{"@type":"BreadcrumbList","@id":"https:\/\/www.cargo-montreal.ca\/fr\/nouvelles-du-secteur\/#breadcrumb","itemListElement":[{"@type":"ListItem","position":1,"name":"Home","item":"https:\/\/www.cargo-montreal.ca\/fr\/"},{"@type":"ListItem","position":2,"name":"Nouvelles du secteur"}]},{"@type":"WebSite","@id":"https:\/\/www.cargo-montreal.ca\/fr\/#website","url":"https:\/\/www.cargo-montreal.ca\/fr\/","name":"CargoM","description":"La mission de CargoM: Rassembler les acteurs de la logistique &amp; du transport de marchandises du Grand Montr\u00e9al autour d&#039;objectifs communs, d&#039;actions concert\u00e9es","potentialAction":[{"@type":"SearchAction","target":{"@type":"EntryPoint","urlTemplate":"https:\/\/www.cargo-montreal.ca\/fr\/?s={search_term_string}"},"query-input":{"@type":"PropertyValueSpecification","valueRequired":true,"valueName":"search_term_string"}}],"inLanguage":"fr-FR"},{"@type":"Person","@id":"https:\/\/www.cargo-montreal.ca\/fr\/#\/schema\/person\/80476d173ce654813db9fd1533901365","name":"Karine Dudognon","image":{"@type":"ImageObject","inLanguage":"fr-FR","@id":"https:\/\/secure.gravatar.com\/avatar\/673bdfb703a9b6685a88bc7dfb04a9ea2b48b30e9d1663a5e759a4e9bfa3e2c0?s=96&d=mm&r=g","url":"https:\/\/secure.gravatar.com\/avatar\/673bdfb703a9b6685a88bc7dfb04a9ea2b48b30e9d1663a5e759a4e9bfa3e2c0?s=96&d=mm&r=g","contentUrl":"https:\/\/secure.gravatar.com\/avatar\/673bdfb703a9b6685a88bc7dfb04a9ea2b48b30e9d1663a5e759a4e9bfa3e2c0?s=96&d=mm&r=g","caption":"Karine Dudognon"},"url":"https:\/\/www.cargo-montreal.ca\/fr\/author\/karine\/"}]}},"_links":{"self":[{"href":"https:\/\/www.cargo-montreal.ca\/fr\/wp-json\/wp\/v2\/posts\/10949","targetHints":{"allow":["GET"]}}],"collection":[{"href":"https:\/\/www.cargo-montreal.ca\/fr\/wp-json\/wp\/v2\/posts"}],"about":[{"href":"https:\/\/www.cargo-montreal.ca\/fr\/wp-json\/wp\/v2\/types\/post"}],"author":[{"embeddable":true,"href":"https:\/\/www.cargo-montreal.ca\/fr\/wp-json\/wp\/v2\/users\/39"}],"replies":[{"embeddable":true,"href":"https:\/\/www.cargo-montreal.ca\/fr\/wp-json\/wp\/v2\/comments?post=10949"}],"version-history":[{"count":5,"href":"https:\/\/www.cargo-montreal.ca\/fr\/wp-json\/wp\/v2\/posts\/10949\/revisions"}],"predecessor-version":[{"id":10982,"href":"https:\/\/www.cargo-montreal.ca\/fr\/wp-json\/wp\/v2\/posts\/10949\/revisions\/10982"}],"wp:featuredmedia":[{"embeddable":true,"href":"https:\/\/www.cargo-montreal.ca\/fr\/wp-json\/wp\/v2\/media\/10977"}],"wp:attachment":[{"href":"https:\/\/www.cargo-montreal.ca\/fr\/wp-json\/wp\/v2\/media?parent=10949"}],"wp:term":[{"taxonomy":"category","embeddable":true,"href":"https:\/\/www.cargo-montreal.ca\/fr\/wp-json\/wp\/v2\/categories?post=10949"},{"taxonomy":"post_tag","embeddable":true,"href":"https:\/\/www.cargo-montreal.ca\/fr\/wp-json\/wp\/v2\/tags?post=10949"}],"curies":[{"name":"wp","href":"https:\/\/api.w.org\/{rel}","templated":true}]}}