{"id":11416,"date":"2021-04-13T20:14:08","date_gmt":"2021-04-13T20:14:08","guid":{"rendered":"https:\/\/www.cargo-montreal.ca\/?p=11416"},"modified":"2021-04-13T20:14:08","modified_gmt":"2021-04-13T20:14:08","slug":"nouveaux-membres-au-sein-de-la-grappe","status":"publish","type":"post","link":"https:\/\/www.cargo-montreal.ca\/fr\/nouveaux-membres-au-sein-de-la-grappe\/","title":{"rendered":"Nouveaux membres au sein de la Grappe"},"content":{"rendered":"<span style=\"font-weight: 400;\">Depuis la derni\u00e8re ann\u00e9e, nous sommes heureux d\u2019accueillir de nouveaux membres chez CargoM. Nous souhaitons la bienvenue \u00e0 l\u2019<\/span><a href=\"https:\/\/allianceverte.org\/\"><span style=\"font-weight: 400;\">Alliance verte<\/span><\/a><span style=\"font-weight: 400;\">, <\/span><a href=\"https:\/\/domeplex.ca\/\"><span style=\"font-weight: 400;\">D\u00f4meplex<\/span><\/a><span style=\"font-weight: 400;\">, <\/span><a href=\"https:\/\/www.e4c.ca\/\"><span style=\"font-weight: 400;\">Emballages 4 coins<\/span><\/a><span style=\"font-weight: 400;\">, <\/span><a href=\"https:\/\/expressmondor.net\/\"><span style=\"font-weight: 400;\">Express Mondor<\/span><\/a><span style=\"font-weight: 400;\">, <\/span><a href=\"https:\/\/greenfield.com\/fr\/\"><span style=\"font-weight: 400;\">Greenfield Global<\/span><\/a><span style=\"font-weight: 400;\">, <\/span><a href=\"http:\/\/www.groupemorneau.com\/\"><span style=\"font-weight: 400;\">Groupe Morneau<\/span><\/a><span style=\"font-weight: 400;\">, <\/span><a href=\"https:\/\/www.pagesjaunes.ca\/bus\/Quebec\/Montreal\/Petroles-Norcan-Inc\/6919007.html\"><span style=\"font-weight: 400;\">Groupe P\u00e9trolier Norcan<\/span><\/a><span style=\"font-weight: 400;\"> et <\/span><a href=\"https:\/\/tspmentrepot.com\/fr\/\"><span style=\"font-weight: 400;\">TSPM<\/span><\/a><span style=\"font-weight: 400;\">. Au plaisir de travailler en collaboration avec ces nouveaux joueurs sur nos diff\u00e9rents projets\u00a0!<\/span>\r\n\r\n&nbsp;\r\n\r\n<a href=\"https:\/\/www.cargo-montreal.ca\/wp-content\/uploads\/2021\/02\/CargoM-Formulaire-OUT-Devenir-membre.pdf\"><span style=\"font-weight: 400;\">\u00catre de membre de CargoM<\/span><\/a><span style=\"font-weight: 400;\"> permet notamment de participer aux travaux des quatre chantiers, d\u2019acc\u00e9der \u00e0 un r\u00e9seau d\u2019entreprises, d\u2019avoir une voix aupr\u00e8s des \u00e9lus, d\u2019\u00eatre inform\u00e9 sur tout ce qui touche la cha\u00eene logistique du Grand Montr\u00e9al et d\u2019assister gratuitement \u00e0 tous les \u00e9v\u00e9nements de la Grappe.\u00a0<\/span>\r\n\r\n&nbsp;\r\n\r\n<span style=\"font-weight: 400;\">Pour consulter la liste des membres de CargoM, consultez la page <\/span><a href=\"https:\/\/www.cargo-montreal.ca\/fr\/membres\/\"><i><span style=\"font-weight: 400;\">Membres<\/span><\/i><\/a><span style=\"font-weight: 400;\"> de notre site Internet.\u00a0<\/span>","protected":false},"excerpt":{"rendered":"Depuis la derni\u00e8re ann\u00e9e, nous sommes heureux d\u2019accueillir de nouveaux membres chez CargoM. Nous souhaitons la bienvenue \u00e0 l\u2019Alliance verte, D\u00f4meplex, Emballages 4 coins, Express Mondor, Greenfield Global, Groupe Morneau, Groupe P\u00e9trolier Norcan et TSPM. Au plaisir de travailler en collaboration avec ces nouveaux joueurs sur nos diff\u00e9rents projets\u00a0! &nbsp; \u00catre de membre de CargoM [&hellip;]","protected":false},"author":39,"featured_media":11405,"comment_status":"open","ping_status":"open","sticky":false,"template":"","format":"standard","meta":{"_acf_changed":false,"footnotes":""},"categories":[20],"tags":[],"class_list":["post-11416","post","type-post","status-publish","format-standard","has-post-thumbnail","hentry","category-services-logistiques"],"acf":[],"yoast_head":"<!-- This site is optimized with the Yoast SEO plugin v27.3 - https:\/\/yoast.com\/product\/yoast-seo-wordpress\/ -->\n<title>Nouveaux membres au sein de la Grappe - CargoM<\/title>\n<meta name=\"robots\" content=\"index, follow, max-snippet:-1, max-image-preview:large, max-video-preview:-1\" \/>\n<link rel=\"canonical\" href=\"https:\/\/www.cargo-montreal.ca\/fr\/nouveaux-membres-au-sein-de-la-grappe\/\" \/>\n<meta property=\"og:locale\" content=\"fr_FR\" \/>\n<meta property=\"og:type\" content=\"article\" \/>\n<meta property=\"og:title\" content=\"Nouveaux membres au sein de la Grappe - CargoM\" \/>\n<meta property=\"og:description\" content=\"Depuis la derni\u00e8re ann\u00e9e, nous sommes heureux d\u2019accueillir de nouveaux membres chez CargoM. Nous souhaitons la bienvenue \u00e0 l\u2019Alliance verte, D\u00f4meplex, Emballages 4 coins, Express Mondor, Greenfield Global, Groupe Morneau, Groupe P\u00e9trolier Norcan et TSPM. Au plaisir de travailler en collaboration avec ces nouveaux joueurs sur nos diff\u00e9rents projets\u00a0! &nbsp; \u00catre de membre de CargoM [&hellip;]\" \/>\n<meta property=\"og:url\" content=\"https:\/\/www.cargo-montreal.ca\/fr\/nouveaux-membres-au-sein-de-la-grappe\/\" \/>\n<meta property=\"og:site_name\" content=\"CargoM\" \/>\n<meta property=\"article:published_time\" content=\"2021-04-13T20:14:08+00:00\" \/>\n<meta property=\"og:image\" content=\"https:\/\/www.cargo-montreal.ca\/wp-content\/uploads\/2021\/04\/Nouveau-membre-2021.jpg\" \/>\n\t<meta property=\"og:image:width\" content=\"1764\" \/>\n\t<meta property=\"og:image:height\" content=\"621\" \/>\n\t<meta property=\"og:image:type\" content=\"image\/jpeg\" \/>\n<meta name=\"author\" content=\"Karine Dudognon\" \/>\n<meta name=\"twitter:card\" content=\"summary_large_image\" \/>\n<meta name=\"twitter:label1\" content=\"\u00c9crit par\" \/>\n\t<meta name=\"twitter:data1\" content=\"Karine Dudognon\" \/>\n\t<meta name=\"twitter:label2\" content=\"Dur\u00e9e de lecture estim\u00e9e\" \/>\n\t<meta name=\"twitter:data2\" content=\"1 minute\" \/>\n<script type=\"application\/ld+json\" class=\"yoast-schema-graph\">{\"@context\":\"https:\\\/\\\/schema.org\",\"@graph\":[{\"@type\":\"Article\",\"@id\":\"https:\\\/\\\/www.cargo-montreal.ca\\\/fr\\\/nouveaux-membres-au-sein-de-la-grappe\\\/#article\",\"isPartOf\":{\"@id\":\"https:\\\/\\\/www.cargo-montreal.ca\\\/fr\\\/nouveaux-membres-au-sein-de-la-grappe\\\/\"},\"author\":{\"name\":\"Karine Dudognon\",\"@id\":\"https:\\\/\\\/www.cargo-montreal.ca\\\/fr\\\/#\\\/schema\\\/person\\\/80476d173ce654813db9fd1533901365\"},\"headline\":\"Nouveaux membres au sein de la Grappe\",\"datePublished\":\"2021-04-13T20:14:08+00:00\",\"mainEntityOfPage\":{\"@id\":\"https:\\\/\\\/www.cargo-montreal.ca\\\/fr\\\/nouveaux-membres-au-sein-de-la-grappe\\\/\"},\"wordCount\":136,\"commentCount\":0,\"image\":{\"@id\":\"https:\\\/\\\/www.cargo-montreal.ca\\\/fr\\\/nouveaux-membres-au-sein-de-la-grappe\\\/#primaryimage\"},\"thumbnailUrl\":\"https:\\\/\\\/www.cargo-montreal.ca\\\/wp-content\\\/uploads\\\/2021\\\/04\\\/Nouveau-membre-2021.jpg\",\"articleSection\":[\"Services logistiques\"],\"inLanguage\":\"fr-FR\",\"potentialAction\":[{\"@type\":\"CommentAction\",\"name\":\"Comment\",\"target\":[\"https:\\\/\\\/www.cargo-montreal.ca\\\/fr\\\/nouveaux-membres-au-sein-de-la-grappe\\\/#respond\"]}]},{\"@type\":\"WebPage\",\"@id\":\"https:\\\/\\\/www.cargo-montreal.ca\\\/fr\\\/nouveaux-membres-au-sein-de-la-grappe\\\/\",\"url\":\"https:\\\/\\\/www.cargo-montreal.ca\\\/fr\\\/nouveaux-membres-au-sein-de-la-grappe\\\/\",\"name\":\"Nouveaux membres au sein de la Grappe - CargoM\",\"isPartOf\":{\"@id\":\"https:\\\/\\\/www.cargo-montreal.ca\\\/fr\\\/#website\"},\"primaryImageOfPage\":{\"@id\":\"https:\\\/\\\/www.cargo-montreal.ca\\\/fr\\\/nouveaux-membres-au-sein-de-la-grappe\\\/#primaryimage\"},\"image\":{\"@id\":\"https:\\\/\\\/www.cargo-montreal.ca\\\/fr\\\/nouveaux-membres-au-sein-de-la-grappe\\\/#primaryimage\"},\"thumbnailUrl\":\"https:\\\/\\\/www.cargo-montreal.ca\\\/wp-content\\\/uploads\\\/2021\\\/04\\\/Nouveau-membre-2021.jpg\",\"datePublished\":\"2021-04-13T20:14:08+00:00\",\"author\":{\"@id\":\"https:\\\/\\\/www.cargo-montreal.ca\\\/fr\\\/#\\\/schema\\\/person\\\/80476d173ce654813db9fd1533901365\"},\"breadcrumb\":{\"@id\":\"https:\\\/\\\/www.cargo-montreal.ca\\\/fr\\\/nouveaux-membres-au-sein-de-la-grappe\\\/#breadcrumb\"},\"inLanguage\":\"fr-FR\",\"potentialAction\":[{\"@type\":\"ReadAction\",\"target\":[\"https:\\\/\\\/www.cargo-montreal.ca\\\/fr\\\/nouveaux-membres-au-sein-de-la-grappe\\\/\"]}]},{\"@type\":\"ImageObject\",\"inLanguage\":\"fr-FR\",\"@id\":\"https:\\\/\\\/www.cargo-montreal.ca\\\/fr\\\/nouveaux-membres-au-sein-de-la-grappe\\\/#primaryimage\",\"url\":\"https:\\\/\\\/www.cargo-montreal.ca\\\/wp-content\\\/uploads\\\/2021\\\/04\\\/Nouveau-membre-2021.jpg\",\"contentUrl\":\"https:\\\/\\\/www.cargo-montreal.ca\\\/wp-content\\\/uploads\\\/2021\\\/04\\\/Nouveau-membre-2021.jpg\",\"width\":1764,\"height\":621},{\"@type\":\"BreadcrumbList\",\"@id\":\"https:\\\/\\\/www.cargo-montreal.ca\\\/fr\\\/nouveaux-membres-au-sein-de-la-grappe\\\/#breadcrumb\",\"itemListElement\":[{\"@type\":\"ListItem\",\"position\":1,\"name\":\"Home\",\"item\":\"https:\\\/\\\/www.cargo-montreal.ca\\\/fr\\\/\"},{\"@type\":\"ListItem\",\"position\":2,\"name\":\"Nouveaux membres au sein de la Grappe\"}]},{\"@type\":\"WebSite\",\"@id\":\"https:\\\/\\\/www.cargo-montreal.ca\\\/fr\\\/#website\",\"url\":\"https:\\\/\\\/www.cargo-montreal.ca\\\/fr\\\/\",\"name\":\"CargoM\",\"description\":\"La mission de CargoM: Rassembler les acteurs de la logistique &amp; du transport de marchandises du Grand Montr\u00e9al autour d&#039;objectifs communs, d&#039;actions concert\u00e9es\",\"potentialAction\":[{\"@type\":\"SearchAction\",\"target\":{\"@type\":\"EntryPoint\",\"urlTemplate\":\"https:\\\/\\\/www.cargo-montreal.ca\\\/fr\\\/?s={search_term_string}\"},\"query-input\":{\"@type\":\"PropertyValueSpecification\",\"valueRequired\":true,\"valueName\":\"search_term_string\"}}],\"inLanguage\":\"fr-FR\"},{\"@type\":\"Person\",\"@id\":\"https:\\\/\\\/www.cargo-montreal.ca\\\/fr\\\/#\\\/schema\\\/person\\\/80476d173ce654813db9fd1533901365\",\"name\":\"Karine Dudognon\",\"image\":{\"@type\":\"ImageObject\",\"inLanguage\":\"fr-FR\",\"@id\":\"https:\\\/\\\/secure.gravatar.com\\\/avatar\\\/673bdfb703a9b6685a88bc7dfb04a9ea2b48b30e9d1663a5e759a4e9bfa3e2c0?s=96&d=mm&r=g\",\"url\":\"https:\\\/\\\/secure.gravatar.com\\\/avatar\\\/673bdfb703a9b6685a88bc7dfb04a9ea2b48b30e9d1663a5e759a4e9bfa3e2c0?s=96&d=mm&r=g\",\"contentUrl\":\"https:\\\/\\\/secure.gravatar.com\\\/avatar\\\/673bdfb703a9b6685a88bc7dfb04a9ea2b48b30e9d1663a5e759a4e9bfa3e2c0?s=96&d=mm&r=g\",\"caption\":\"Karine Dudognon\"},\"url\":\"https:\\\/\\\/www.cargo-montreal.ca\\\/fr\\\/author\\\/karine\\\/\"}]}<\/script>\n<!-- \/ Yoast SEO plugin. -->","yoast_head_json":{"title":"Nouveaux membres au sein de la Grappe - CargoM","robots":{"index":"index","follow":"follow","max-snippet":"max-snippet:-1","max-image-preview":"max-image-preview:large","max-video-preview":"max-video-preview:-1"},"canonical":"https:\/\/www.cargo-montreal.ca\/fr\/nouveaux-membres-au-sein-de-la-grappe\/","og_locale":"fr_FR","og_type":"article","og_title":"Nouveaux membres au sein de la Grappe - CargoM","og_description":"Depuis la derni\u00e8re ann\u00e9e, nous sommes heureux d\u2019accueillir de nouveaux membres chez CargoM. Nous souhaitons la bienvenue \u00e0 l\u2019Alliance verte, D\u00f4meplex, Emballages 4 coins, Express Mondor, Greenfield Global, Groupe Morneau, Groupe P\u00e9trolier Norcan et TSPM. Au plaisir de travailler en collaboration avec ces nouveaux joueurs sur nos diff\u00e9rents projets\u00a0! &nbsp; \u00catre de membre de CargoM [&hellip;]","og_url":"https:\/\/www.cargo-montreal.ca\/fr\/nouveaux-membres-au-sein-de-la-grappe\/","og_site_name":"CargoM","article_published_time":"2021-04-13T20:14:08+00:00","og_image":[{"width":1764,"height":621,"url":"https:\/\/www.cargo-montreal.ca\/wp-content\/uploads\/2021\/04\/Nouveau-membre-2021.jpg","type":"image\/jpeg"}],"author":"Karine Dudognon","twitter_card":"summary_large_image","twitter_misc":{"\u00c9crit par":"Karine Dudognon","Dur\u00e9e de lecture estim\u00e9e":"1 minute"},"schema":{"@context":"https:\/\/schema.org","@graph":[{"@type":"Article","@id":"https:\/\/www.cargo-montreal.ca\/fr\/nouveaux-membres-au-sein-de-la-grappe\/#article","isPartOf":{"@id":"https:\/\/www.cargo-montreal.ca\/fr\/nouveaux-membres-au-sein-de-la-grappe\/"},"author":{"name":"Karine Dudognon","@id":"https:\/\/www.cargo-montreal.ca\/fr\/#\/schema\/person\/80476d173ce654813db9fd1533901365"},"headline":"Nouveaux membres au sein de la Grappe","datePublished":"2021-04-13T20:14:08+00:00","mainEntityOfPage":{"@id":"https:\/\/www.cargo-montreal.ca\/fr\/nouveaux-membres-au-sein-de-la-grappe\/"},"wordCount":136,"commentCount":0,"image":{"@id":"https:\/\/www.cargo-montreal.ca\/fr\/nouveaux-membres-au-sein-de-la-grappe\/#primaryimage"},"thumbnailUrl":"https:\/\/www.cargo-montreal.ca\/wp-content\/uploads\/2021\/04\/Nouveau-membre-2021.jpg","articleSection":["Services logistiques"],"inLanguage":"fr-FR","potentialAction":[{"@type":"CommentAction","name":"Comment","target":["https:\/\/www.cargo-montreal.ca\/fr\/nouveaux-membres-au-sein-de-la-grappe\/#respond"]}]},{"@type":"WebPage","@id":"https:\/\/www.cargo-montreal.ca\/fr\/nouveaux-membres-au-sein-de-la-grappe\/","url":"https:\/\/www.cargo-montreal.ca\/fr\/nouveaux-membres-au-sein-de-la-grappe\/","name":"Nouveaux membres au sein de la Grappe - CargoM","isPartOf":{"@id":"https:\/\/www.cargo-montreal.ca\/fr\/#website"},"primaryImageOfPage":{"@id":"https:\/\/www.cargo-montreal.ca\/fr\/nouveaux-membres-au-sein-de-la-grappe\/#primaryimage"},"image":{"@id":"https:\/\/www.cargo-montreal.ca\/fr\/nouveaux-membres-au-sein-de-la-grappe\/#primaryimage"},"thumbnailUrl":"https:\/\/www.cargo-montreal.ca\/wp-content\/uploads\/2021\/04\/Nouveau-membre-2021.jpg","datePublished":"2021-04-13T20:14:08+00:00","author":{"@id":"https:\/\/www.cargo-montreal.ca\/fr\/#\/schema\/person\/80476d173ce654813db9fd1533901365"},"breadcrumb":{"@id":"https:\/\/www.cargo-montreal.ca\/fr\/nouveaux-membres-au-sein-de-la-grappe\/#breadcrumb"},"inLanguage":"fr-FR","potentialAction":[{"@type":"ReadAction","target":["https:\/\/www.cargo-montreal.ca\/fr\/nouveaux-membres-au-sein-de-la-grappe\/"]}]},{"@type":"ImageObject","inLanguage":"fr-FR","@id":"https:\/\/www.cargo-montreal.ca\/fr\/nouveaux-membres-au-sein-de-la-grappe\/#primaryimage","url":"https:\/\/www.cargo-montreal.ca\/wp-content\/uploads\/2021\/04\/Nouveau-membre-2021.jpg","contentUrl":"https:\/\/www.cargo-montreal.ca\/wp-content\/uploads\/2021\/04\/Nouveau-membre-2021.jpg","width":1764,"height":621},{"@type":"BreadcrumbList","@id":"https:\/\/www.cargo-montreal.ca\/fr\/nouveaux-membres-au-sein-de-la-grappe\/#breadcrumb","itemListElement":[{"@type":"ListItem","position":1,"name":"Home","item":"https:\/\/www.cargo-montreal.ca\/fr\/"},{"@type":"ListItem","position":2,"name":"Nouveaux membres au sein de la Grappe"}]},{"@type":"WebSite","@id":"https:\/\/www.cargo-montreal.ca\/fr\/#website","url":"https:\/\/www.cargo-montreal.ca\/fr\/","name":"CargoM","description":"La mission de CargoM: Rassembler les acteurs de la logistique &amp; du transport de marchandises du Grand Montr\u00e9al autour d&#039;objectifs communs, d&#039;actions concert\u00e9es","potentialAction":[{"@type":"SearchAction","target":{"@type":"EntryPoint","urlTemplate":"https:\/\/www.cargo-montreal.ca\/fr\/?s={search_term_string}"},"query-input":{"@type":"PropertyValueSpecification","valueRequired":true,"valueName":"search_term_string"}}],"inLanguage":"fr-FR"},{"@type":"Person","@id":"https:\/\/www.cargo-montreal.ca\/fr\/#\/schema\/person\/80476d173ce654813db9fd1533901365","name":"Karine Dudognon","image":{"@type":"ImageObject","inLanguage":"fr-FR","@id":"https:\/\/secure.gravatar.com\/avatar\/673bdfb703a9b6685a88bc7dfb04a9ea2b48b30e9d1663a5e759a4e9bfa3e2c0?s=96&d=mm&r=g","url":"https:\/\/secure.gravatar.com\/avatar\/673bdfb703a9b6685a88bc7dfb04a9ea2b48b30e9d1663a5e759a4e9bfa3e2c0?s=96&d=mm&r=g","contentUrl":"https:\/\/secure.gravatar.com\/avatar\/673bdfb703a9b6685a88bc7dfb04a9ea2b48b30e9d1663a5e759a4e9bfa3e2c0?s=96&d=mm&r=g","caption":"Karine Dudognon"},"url":"https:\/\/www.cargo-montreal.ca\/fr\/author\/karine\/"}]}},"_links":{"self":[{"href":"https:\/\/www.cargo-montreal.ca\/fr\/wp-json\/wp\/v2\/posts\/11416","targetHints":{"allow":["GET"]}}],"collection":[{"href":"https:\/\/www.cargo-montreal.ca\/fr\/wp-json\/wp\/v2\/posts"}],"about":[{"href":"https:\/\/www.cargo-montreal.ca\/fr\/wp-json\/wp\/v2\/types\/post"}],"author":[{"embeddable":true,"href":"https:\/\/www.cargo-montreal.ca\/fr\/wp-json\/wp\/v2\/users\/39"}],"replies":[{"embeddable":true,"href":"https:\/\/www.cargo-montreal.ca\/fr\/wp-json\/wp\/v2\/comments?post=11416"}],"version-history":[{"count":1,"href":"https:\/\/www.cargo-montreal.ca\/fr\/wp-json\/wp\/v2\/posts\/11416\/revisions"}],"predecessor-version":[{"id":11417,"href":"https:\/\/www.cargo-montreal.ca\/fr\/wp-json\/wp\/v2\/posts\/11416\/revisions\/11417"}],"wp:featuredmedia":[{"embeddable":true,"href":"https:\/\/www.cargo-montreal.ca\/fr\/wp-json\/wp\/v2\/media\/11405"}],"wp:attachment":[{"href":"https:\/\/www.cargo-montreal.ca\/fr\/wp-json\/wp\/v2\/media?parent=11416"}],"wp:term":[{"taxonomy":"category","embeddable":true,"href":"https:\/\/www.cargo-montreal.ca\/fr\/wp-json\/wp\/v2\/categories?post=11416"},{"taxonomy":"post_tag","embeddable":true,"href":"https:\/\/www.cargo-montreal.ca\/fr\/wp-json\/wp\/v2\/tags?post=11416"}],"curies":[{"name":"wp","href":"https:\/\/api.w.org\/{rel}","templated":true}]}}