{"id":11420,"date":"2021-04-13T20:16:10","date_gmt":"2021-04-13T20:16:10","guid":{"rendered":"https:\/\/www.cargo-montreal.ca\/?p=11420"},"modified":"2021-05-06T14:41:46","modified_gmt":"2021-05-06T14:41:46","slug":"programme-dimmersion-professionnelle-en-camionnage","status":"publish","type":"post","link":"https:\/\/www.cargo-montreal.ca\/fr\/programme-dimmersion-professionnelle-en-camionnage\/","title":{"rendered":"Programme d\u2019immersion professionnelle en camionnage"},"content":{"rendered":"<p style=\"text-align: justify;\"><span style=\"font-weight: 400;\">CargoM travaille \u00e0 mettre sur pied un programme d\u2019immersion professionnelle en camionnage (PIPC) en partenariat avec le <\/span><a href=\"https:\/\/www.cftr.ca\/\"><span style=\"font-weight: 400;\">CFTR<\/span><\/a><span style=\"font-weight: 400;\"> et <\/span><a href=\"https:\/\/camo-route.com\/\"><span style=\"font-weight: 400;\">Camo-route<\/span><\/a><span style=\"font-weight: 400;\"> et financ\u00e9 par <\/span><a href=\"https:\/\/www.emploi-metropole.org\/\"><span style=\"font-weight: 400;\">Conseil emploi-m\u00e9tropole<\/span><\/a><span style=\"font-weight: 400;\">, visant \u00e0 promouvoir le m\u00e9tier de conducteur et de conductrice de camion.<\/span><\/p>\r\n<p style=\"text-align: justify;\"><span style=\"font-weight: 400;\">S\u2019adressant \u00e0 toute personne int\u00e9ress\u00e9e d\u2019en conna\u00eetre davantage sur le m\u00e9tier de camionneur et sur les opportunit\u00e9s de carri\u00e8re, le programme fera vivre aux participants les diff\u00e9rentes facettes du m\u00e9tier par la tenue de quatre activit\u00e9s immersives, soit\u00a0:<\/span><\/p>\r\n<p style=\"text-align: justify;\"><span style=\"font-weight: 400;\">1-\u00a0\u00a0\u00a0\u00a0\u00a0 Une s\u00e9ance d\u2019information<\/span><\/p>\r\n<p style=\"text-align: justify;\"><span style=\"font-weight: 400;\">2-\u00a0\u00a0\u00a0\u00a0\u00a0 Une s\u00e9ance d\u2019essais pratiques (simulateur, conduite en circuit ferm\u00e9, etc.)<\/span><\/p>\r\n<p style=\"text-align: justify;\"><span style=\"font-weight: 400;\">3-\u00a0\u00a0\u00a0\u00a0\u00a0 Une visite en entreprise<\/span><\/p>\r\n<p style=\"text-align: justify;\"><span style=\"font-weight: 400;\">4-\u00a0\u00a0\u00a0\u00a0\u00a0 Un service d\u2019accompagnement personnalis\u00e9<\/span><\/p>\r\n<p style=\"text-align: justify;\"><span style=\"font-weight: 400;\">L\u2019objectif final du programme est, gr\u00e2ce \u00e0 une solide campagne de promotion, d\u2019attirer la main-d\u2019\u0153uvre vers ce secteur, d\u2019inciter une client\u00e8le sous repr\u00e9sent\u00e9e de femmes, de jeunes et de nouveaux arrivants \u00e0 s\u2019inscrire au DEP et ce faisant, \u00e0 court et moyen terme, de r\u00e9pondre aux enjeux de raret\u00e9 de main-d\u2019\u0153uvre.\u00a0<\/span><\/p>\r\n<p style=\"text-align: justify;\"><span style=\"font-weight: 400;\">CargoM est \u00e0 la recherche d\u2019entreprises en camionnage qui souhaiterait accueillir la visite en entreprise dans le cadre de l\u2019activit\u00e9 trois. En plus de donner une visibilit\u00e9 \u00e0 votre entreprise par la campagne de promotion, la visite vous permettra de mettre de l\u2019avant ce qui vous d\u00e9marque aupr\u00e8s de potentiels futurs employ\u00e9s.\u00a0<\/span><\/p>\r\n<p style=\"text-align: justify;\"><span style=\"font-weight: 400;\">Les visites sont pr\u00e9vues \u00e0 partir de l\u2019automne 2021 et seront organis\u00e9es selon les r\u00e8gles sanitaires en vigueur.<\/span><\/p>\r\n<p style=\"text-align: justify;\"><span style=\"font-weight: 400;\">Pour plus d\u2019informations, ou si vous \u00eates int\u00e9ress\u00e9 par le programme, merci de contacter Yves Murray \u00e0 l\u2019adresse suivante\u00a0: <\/span><a href=\"mailto:ymurray@cargo-montreal.ca\"><span style=\"font-weight: 400;\">ymurray@cargo-montreal.ca<\/span><\/a><\/p>","protected":false},"excerpt":{"rendered":"CargoM travaille \u00e0 mettre sur pied un programme d\u2019immersion professionnelle en camionnage (PIPC) en partenariat avec le CFTR et Camo-route et financ\u00e9 par Conseil emploi-m\u00e9tropole, visant \u00e0 promouvoir le m\u00e9tier de conducteur et de conductrice de camion. S\u2019adressant \u00e0 toute personne int\u00e9ress\u00e9e d\u2019en conna\u00eetre davantage sur le m\u00e9tier de camionneur et sur les opportunit\u00e9s de [&hellip;]","protected":false},"author":39,"featured_media":11409,"comment_status":"open","ping_status":"open","sticky":false,"template":"","format":"standard","meta":{"_acf_changed":false,"footnotes":""},"categories":[20],"tags":[],"class_list":["post-11420","post","type-post","status-publish","format-standard","has-post-thumbnail","hentry","category-services-logistiques"],"acf":[],"yoast_head":"<!-- This site is optimized with the Yoast SEO plugin v27.3 - https:\/\/yoast.com\/product\/yoast-seo-wordpress\/ -->\n<title>Programme d\u2019immersion professionnelle en camionnage - CargoM<\/title>\n<meta name=\"robots\" content=\"index, follow, max-snippet:-1, max-image-preview:large, max-video-preview:-1\" \/>\n<link rel=\"canonical\" href=\"https:\/\/www.cargo-montreal.ca\/fr\/programme-dimmersion-professionnelle-en-camionnage\/\" \/>\n<meta property=\"og:locale\" content=\"fr_FR\" \/>\n<meta property=\"og:type\" content=\"article\" \/>\n<meta property=\"og:title\" content=\"Programme d\u2019immersion professionnelle en camionnage - CargoM\" \/>\n<meta property=\"og:description\" content=\"CargoM travaille \u00e0 mettre sur pied un programme d\u2019immersion professionnelle en camionnage (PIPC) en partenariat avec le CFTR et Camo-route et financ\u00e9 par Conseil emploi-m\u00e9tropole, visant \u00e0 promouvoir le m\u00e9tier de conducteur et de conductrice de camion. S\u2019adressant \u00e0 toute personne int\u00e9ress\u00e9e d\u2019en conna\u00eetre davantage sur le m\u00e9tier de camionneur et sur les opportunit\u00e9s de [&hellip;]\" \/>\n<meta property=\"og:url\" content=\"https:\/\/www.cargo-montreal.ca\/fr\/programme-dimmersion-professionnelle-en-camionnage\/\" \/>\n<meta property=\"og:site_name\" content=\"CargoM\" \/>\n<meta property=\"article:published_time\" content=\"2021-04-13T20:16:10+00:00\" \/>\n<meta property=\"article:modified_time\" content=\"2021-05-06T14:41:46+00:00\" \/>\n<meta property=\"og:image\" content=\"https:\/\/www.cargo-montreal.ca\/wp-content\/uploads\/2021\/04\/PIPC-scaled.jpg\" \/>\n\t<meta property=\"og:image:width\" content=\"2560\" \/>\n\t<meta property=\"og:image:height\" content=\"1746\" \/>\n\t<meta property=\"og:image:type\" content=\"image\/jpeg\" \/>\n<meta name=\"author\" content=\"Karine Dudognon\" \/>\n<meta name=\"twitter:card\" content=\"summary_large_image\" \/>\n<meta name=\"twitter:label1\" content=\"\u00c9crit par\" \/>\n\t<meta name=\"twitter:data1\" content=\"Karine Dudognon\" \/>\n\t<meta name=\"twitter:label2\" content=\"Dur\u00e9e de lecture estim\u00e9e\" \/>\n\t<meta name=\"twitter:data2\" content=\"2 minutes\" \/>\n<script type=\"application\/ld+json\" class=\"yoast-schema-graph\">{\"@context\":\"https:\\\/\\\/schema.org\",\"@graph\":[{\"@type\":\"Article\",\"@id\":\"https:\\\/\\\/www.cargo-montreal.ca\\\/fr\\\/programme-dimmersion-professionnelle-en-camionnage\\\/#article\",\"isPartOf\":{\"@id\":\"https:\\\/\\\/www.cargo-montreal.ca\\\/fr\\\/programme-dimmersion-professionnelle-en-camionnage\\\/\"},\"author\":{\"name\":\"Karine Dudognon\",\"@id\":\"https:\\\/\\\/www.cargo-montreal.ca\\\/fr\\\/#\\\/schema\\\/person\\\/80476d173ce654813db9fd1533901365\"},\"headline\":\"Programme d\u2019immersion professionnelle en camionnage\",\"datePublished\":\"2021-04-13T20:16:10+00:00\",\"dateModified\":\"2021-05-06T14:41:46+00:00\",\"mainEntityOfPage\":{\"@id\":\"https:\\\/\\\/www.cargo-montreal.ca\\\/fr\\\/programme-dimmersion-professionnelle-en-camionnage\\\/\"},\"wordCount\":281,\"commentCount\":0,\"image\":{\"@id\":\"https:\\\/\\\/www.cargo-montreal.ca\\\/fr\\\/programme-dimmersion-professionnelle-en-camionnage\\\/#primaryimage\"},\"thumbnailUrl\":\"https:\\\/\\\/www.cargo-montreal.ca\\\/wp-content\\\/uploads\\\/2021\\\/04\\\/PIPC-scaled.jpg\",\"articleSection\":[\"Services logistiques\"],\"inLanguage\":\"fr-FR\",\"potentialAction\":[{\"@type\":\"CommentAction\",\"name\":\"Comment\",\"target\":[\"https:\\\/\\\/www.cargo-montreal.ca\\\/fr\\\/programme-dimmersion-professionnelle-en-camionnage\\\/#respond\"]}]},{\"@type\":\"WebPage\",\"@id\":\"https:\\\/\\\/www.cargo-montreal.ca\\\/fr\\\/programme-dimmersion-professionnelle-en-camionnage\\\/\",\"url\":\"https:\\\/\\\/www.cargo-montreal.ca\\\/fr\\\/programme-dimmersion-professionnelle-en-camionnage\\\/\",\"name\":\"Programme d\u2019immersion professionnelle en camionnage - CargoM\",\"isPartOf\":{\"@id\":\"https:\\\/\\\/www.cargo-montreal.ca\\\/fr\\\/#website\"},\"primaryImageOfPage\":{\"@id\":\"https:\\\/\\\/www.cargo-montreal.ca\\\/fr\\\/programme-dimmersion-professionnelle-en-camionnage\\\/#primaryimage\"},\"image\":{\"@id\":\"https:\\\/\\\/www.cargo-montreal.ca\\\/fr\\\/programme-dimmersion-professionnelle-en-camionnage\\\/#primaryimage\"},\"thumbnailUrl\":\"https:\\\/\\\/www.cargo-montreal.ca\\\/wp-content\\\/uploads\\\/2021\\\/04\\\/PIPC-scaled.jpg\",\"datePublished\":\"2021-04-13T20:16:10+00:00\",\"dateModified\":\"2021-05-06T14:41:46+00:00\",\"author\":{\"@id\":\"https:\\\/\\\/www.cargo-montreal.ca\\\/fr\\\/#\\\/schema\\\/person\\\/80476d173ce654813db9fd1533901365\"},\"breadcrumb\":{\"@id\":\"https:\\\/\\\/www.cargo-montreal.ca\\\/fr\\\/programme-dimmersion-professionnelle-en-camionnage\\\/#breadcrumb\"},\"inLanguage\":\"fr-FR\",\"potentialAction\":[{\"@type\":\"ReadAction\",\"target\":[\"https:\\\/\\\/www.cargo-montreal.ca\\\/fr\\\/programme-dimmersion-professionnelle-en-camionnage\\\/\"]}]},{\"@type\":\"ImageObject\",\"inLanguage\":\"fr-FR\",\"@id\":\"https:\\\/\\\/www.cargo-montreal.ca\\\/fr\\\/programme-dimmersion-professionnelle-en-camionnage\\\/#primaryimage\",\"url\":\"https:\\\/\\\/www.cargo-montreal.ca\\\/wp-content\\\/uploads\\\/2021\\\/04\\\/PIPC-scaled.jpg\",\"contentUrl\":\"https:\\\/\\\/www.cargo-montreal.ca\\\/wp-content\\\/uploads\\\/2021\\\/04\\\/PIPC-scaled.jpg\",\"width\":2560,\"height\":1746,\"caption\":\"African American truck driver (20s) standing in front of semi-truck.\"},{\"@type\":\"BreadcrumbList\",\"@id\":\"https:\\\/\\\/www.cargo-montreal.ca\\\/fr\\\/programme-dimmersion-professionnelle-en-camionnage\\\/#breadcrumb\",\"itemListElement\":[{\"@type\":\"ListItem\",\"position\":1,\"name\":\"Home\",\"item\":\"https:\\\/\\\/www.cargo-montreal.ca\\\/fr\\\/\"},{\"@type\":\"ListItem\",\"position\":2,\"name\":\"Programme d\u2019immersion professionnelle en camionnage\"}]},{\"@type\":\"WebSite\",\"@id\":\"https:\\\/\\\/www.cargo-montreal.ca\\\/fr\\\/#website\",\"url\":\"https:\\\/\\\/www.cargo-montreal.ca\\\/fr\\\/\",\"name\":\"CargoM\",\"description\":\"La mission de CargoM: Rassembler les acteurs de la logistique &amp; du transport de marchandises du Grand Montr\u00e9al autour d&#039;objectifs communs, d&#039;actions concert\u00e9es\",\"potentialAction\":[{\"@type\":\"SearchAction\",\"target\":{\"@type\":\"EntryPoint\",\"urlTemplate\":\"https:\\\/\\\/www.cargo-montreal.ca\\\/fr\\\/?s={search_term_string}\"},\"query-input\":{\"@type\":\"PropertyValueSpecification\",\"valueRequired\":true,\"valueName\":\"search_term_string\"}}],\"inLanguage\":\"fr-FR\"},{\"@type\":\"Person\",\"@id\":\"https:\\\/\\\/www.cargo-montreal.ca\\\/fr\\\/#\\\/schema\\\/person\\\/80476d173ce654813db9fd1533901365\",\"name\":\"Karine Dudognon\",\"image\":{\"@type\":\"ImageObject\",\"inLanguage\":\"fr-FR\",\"@id\":\"https:\\\/\\\/secure.gravatar.com\\\/avatar\\\/673bdfb703a9b6685a88bc7dfb04a9ea2b48b30e9d1663a5e759a4e9bfa3e2c0?s=96&d=mm&r=g\",\"url\":\"https:\\\/\\\/secure.gravatar.com\\\/avatar\\\/673bdfb703a9b6685a88bc7dfb04a9ea2b48b30e9d1663a5e759a4e9bfa3e2c0?s=96&d=mm&r=g\",\"contentUrl\":\"https:\\\/\\\/secure.gravatar.com\\\/avatar\\\/673bdfb703a9b6685a88bc7dfb04a9ea2b48b30e9d1663a5e759a4e9bfa3e2c0?s=96&d=mm&r=g\",\"caption\":\"Karine Dudognon\"},\"url\":\"https:\\\/\\\/www.cargo-montreal.ca\\\/fr\\\/author\\\/karine\\\/\"}]}<\/script>\n<!-- \/ Yoast SEO plugin. -->","yoast_head_json":{"title":"Programme d\u2019immersion professionnelle en camionnage - CargoM","robots":{"index":"index","follow":"follow","max-snippet":"max-snippet:-1","max-image-preview":"max-image-preview:large","max-video-preview":"max-video-preview:-1"},"canonical":"https:\/\/www.cargo-montreal.ca\/fr\/programme-dimmersion-professionnelle-en-camionnage\/","og_locale":"fr_FR","og_type":"article","og_title":"Programme d\u2019immersion professionnelle en camionnage - CargoM","og_description":"CargoM travaille \u00e0 mettre sur pied un programme d\u2019immersion professionnelle en camionnage (PIPC) en partenariat avec le CFTR et Camo-route et financ\u00e9 par Conseil emploi-m\u00e9tropole, visant \u00e0 promouvoir le m\u00e9tier de conducteur et de conductrice de camion. S\u2019adressant \u00e0 toute personne int\u00e9ress\u00e9e d\u2019en conna\u00eetre davantage sur le m\u00e9tier de camionneur et sur les opportunit\u00e9s de [&hellip;]","og_url":"https:\/\/www.cargo-montreal.ca\/fr\/programme-dimmersion-professionnelle-en-camionnage\/","og_site_name":"CargoM","article_published_time":"2021-04-13T20:16:10+00:00","article_modified_time":"2021-05-06T14:41:46+00:00","og_image":[{"width":2560,"height":1746,"url":"https:\/\/www.cargo-montreal.ca\/wp-content\/uploads\/2021\/04\/PIPC-scaled.jpg","type":"image\/jpeg"}],"author":"Karine Dudognon","twitter_card":"summary_large_image","twitter_misc":{"\u00c9crit par":"Karine Dudognon","Dur\u00e9e de lecture estim\u00e9e":"2 minutes"},"schema":{"@context":"https:\/\/schema.org","@graph":[{"@type":"Article","@id":"https:\/\/www.cargo-montreal.ca\/fr\/programme-dimmersion-professionnelle-en-camionnage\/#article","isPartOf":{"@id":"https:\/\/www.cargo-montreal.ca\/fr\/programme-dimmersion-professionnelle-en-camionnage\/"},"author":{"name":"Karine Dudognon","@id":"https:\/\/www.cargo-montreal.ca\/fr\/#\/schema\/person\/80476d173ce654813db9fd1533901365"},"headline":"Programme d\u2019immersion professionnelle en camionnage","datePublished":"2021-04-13T20:16:10+00:00","dateModified":"2021-05-06T14:41:46+00:00","mainEntityOfPage":{"@id":"https:\/\/www.cargo-montreal.ca\/fr\/programme-dimmersion-professionnelle-en-camionnage\/"},"wordCount":281,"commentCount":0,"image":{"@id":"https:\/\/www.cargo-montreal.ca\/fr\/programme-dimmersion-professionnelle-en-camionnage\/#primaryimage"},"thumbnailUrl":"https:\/\/www.cargo-montreal.ca\/wp-content\/uploads\/2021\/04\/PIPC-scaled.jpg","articleSection":["Services logistiques"],"inLanguage":"fr-FR","potentialAction":[{"@type":"CommentAction","name":"Comment","target":["https:\/\/www.cargo-montreal.ca\/fr\/programme-dimmersion-professionnelle-en-camionnage\/#respond"]}]},{"@type":"WebPage","@id":"https:\/\/www.cargo-montreal.ca\/fr\/programme-dimmersion-professionnelle-en-camionnage\/","url":"https:\/\/www.cargo-montreal.ca\/fr\/programme-dimmersion-professionnelle-en-camionnage\/","name":"Programme d\u2019immersion professionnelle en camionnage - CargoM","isPartOf":{"@id":"https:\/\/www.cargo-montreal.ca\/fr\/#website"},"primaryImageOfPage":{"@id":"https:\/\/www.cargo-montreal.ca\/fr\/programme-dimmersion-professionnelle-en-camionnage\/#primaryimage"},"image":{"@id":"https:\/\/www.cargo-montreal.ca\/fr\/programme-dimmersion-professionnelle-en-camionnage\/#primaryimage"},"thumbnailUrl":"https:\/\/www.cargo-montreal.ca\/wp-content\/uploads\/2021\/04\/PIPC-scaled.jpg","datePublished":"2021-04-13T20:16:10+00:00","dateModified":"2021-05-06T14:41:46+00:00","author":{"@id":"https:\/\/www.cargo-montreal.ca\/fr\/#\/schema\/person\/80476d173ce654813db9fd1533901365"},"breadcrumb":{"@id":"https:\/\/www.cargo-montreal.ca\/fr\/programme-dimmersion-professionnelle-en-camionnage\/#breadcrumb"},"inLanguage":"fr-FR","potentialAction":[{"@type":"ReadAction","target":["https:\/\/www.cargo-montreal.ca\/fr\/programme-dimmersion-professionnelle-en-camionnage\/"]}]},{"@type":"ImageObject","inLanguage":"fr-FR","@id":"https:\/\/www.cargo-montreal.ca\/fr\/programme-dimmersion-professionnelle-en-camionnage\/#primaryimage","url":"https:\/\/www.cargo-montreal.ca\/wp-content\/uploads\/2021\/04\/PIPC-scaled.jpg","contentUrl":"https:\/\/www.cargo-montreal.ca\/wp-content\/uploads\/2021\/04\/PIPC-scaled.jpg","width":2560,"height":1746,"caption":"African American truck driver (20s) standing in front of semi-truck."},{"@type":"BreadcrumbList","@id":"https:\/\/www.cargo-montreal.ca\/fr\/programme-dimmersion-professionnelle-en-camionnage\/#breadcrumb","itemListElement":[{"@type":"ListItem","position":1,"name":"Home","item":"https:\/\/www.cargo-montreal.ca\/fr\/"},{"@type":"ListItem","position":2,"name":"Programme d\u2019immersion professionnelle en camionnage"}]},{"@type":"WebSite","@id":"https:\/\/www.cargo-montreal.ca\/fr\/#website","url":"https:\/\/www.cargo-montreal.ca\/fr\/","name":"CargoM","description":"La mission de CargoM: Rassembler les acteurs de la logistique &amp; du transport de marchandises du Grand Montr\u00e9al autour d&#039;objectifs communs, d&#039;actions concert\u00e9es","potentialAction":[{"@type":"SearchAction","target":{"@type":"EntryPoint","urlTemplate":"https:\/\/www.cargo-montreal.ca\/fr\/?s={search_term_string}"},"query-input":{"@type":"PropertyValueSpecification","valueRequired":true,"valueName":"search_term_string"}}],"inLanguage":"fr-FR"},{"@type":"Person","@id":"https:\/\/www.cargo-montreal.ca\/fr\/#\/schema\/person\/80476d173ce654813db9fd1533901365","name":"Karine Dudognon","image":{"@type":"ImageObject","inLanguage":"fr-FR","@id":"https:\/\/secure.gravatar.com\/avatar\/673bdfb703a9b6685a88bc7dfb04a9ea2b48b30e9d1663a5e759a4e9bfa3e2c0?s=96&d=mm&r=g","url":"https:\/\/secure.gravatar.com\/avatar\/673bdfb703a9b6685a88bc7dfb04a9ea2b48b30e9d1663a5e759a4e9bfa3e2c0?s=96&d=mm&r=g","contentUrl":"https:\/\/secure.gravatar.com\/avatar\/673bdfb703a9b6685a88bc7dfb04a9ea2b48b30e9d1663a5e759a4e9bfa3e2c0?s=96&d=mm&r=g","caption":"Karine Dudognon"},"url":"https:\/\/www.cargo-montreal.ca\/fr\/author\/karine\/"}]}},"_links":{"self":[{"href":"https:\/\/www.cargo-montreal.ca\/fr\/wp-json\/wp\/v2\/posts\/11420","targetHints":{"allow":["GET"]}}],"collection":[{"href":"https:\/\/www.cargo-montreal.ca\/fr\/wp-json\/wp\/v2\/posts"}],"about":[{"href":"https:\/\/www.cargo-montreal.ca\/fr\/wp-json\/wp\/v2\/types\/post"}],"author":[{"embeddable":true,"href":"https:\/\/www.cargo-montreal.ca\/fr\/wp-json\/wp\/v2\/users\/39"}],"replies":[{"embeddable":true,"href":"https:\/\/www.cargo-montreal.ca\/fr\/wp-json\/wp\/v2\/comments?post=11420"}],"version-history":[{"count":2,"href":"https:\/\/www.cargo-montreal.ca\/fr\/wp-json\/wp\/v2\/posts\/11420\/revisions"}],"predecessor-version":[{"id":11540,"href":"https:\/\/www.cargo-montreal.ca\/fr\/wp-json\/wp\/v2\/posts\/11420\/revisions\/11540"}],"wp:featuredmedia":[{"embeddable":true,"href":"https:\/\/www.cargo-montreal.ca\/fr\/wp-json\/wp\/v2\/media\/11409"}],"wp:attachment":[{"href":"https:\/\/www.cargo-montreal.ca\/fr\/wp-json\/wp\/v2\/media?parent=11420"}],"wp:term":[{"taxonomy":"category","embeddable":true,"href":"https:\/\/www.cargo-montreal.ca\/fr\/wp-json\/wp\/v2\/categories?post=11420"},{"taxonomy":"post_tag","embeddable":true,"href":"https:\/\/www.cargo-montreal.ca\/fr\/wp-json\/wp\/v2\/tags?post=11420"}],"curies":[{"name":"wp","href":"https:\/\/api.w.org\/{rel}","templated":true}]}}