{"id":11424,"date":"2021-04-13T20:18:44","date_gmt":"2021-04-13T20:18:44","guid":{"rendered":"https:\/\/www.cargo-montreal.ca\/?p=11424"},"modified":"2021-04-13T20:18:44","modified_gmt":"2021-04-13T20:18:44","slug":"covid-19-mesures-en-vigueur","status":"publish","type":"post","link":"https:\/\/www.cargo-montreal.ca\/fr\/covid-19-mesures-en-vigueur\/","title":{"rendered":"COVID-19 : Mesures en vigueur"},"content":{"rendered":"<span style=\"font-weight: 400;\">Les activit\u00e9s \u00e9conomiques relatives \u00e0 la logistique et au transport de marchandises se maintiennent.\u00a0<\/span>\r\n\r\n<span style=\"font-weight: 400;\">Depuis le 11 avril, le couvre-feu est en vigueur de 20 h \u00e0 5 h dans les r\u00e9gions de Montr\u00e9al (\u00eele de Montr\u00e9al) et Laval (Ville de Laval). Le couvre-feu de 20 h \u00e0 5 h doit aussi \u00eatre respect\u00e9 dans les r\u00e9gions ou les mesures sp\u00e9ciales ont \u00e9t\u00e9 d\u00e9cr\u00e9t\u00e9es. Pour les autres r\u00e9gions se situant en zone rouge ou orange le couvre-feu est en vigueur de 21h30 et se termine \u00e0 5h. Pour plus d\u2019informations, consultez la <\/span><a href=\"https:\/\/www.quebec.ca\/sante\/problemes-de-sante\/a-z\/coronavirus-2019\/systeme-alertes-regionales-et-intervention-graduelle\/cartes-paliers-alerte-covid-19-par-region\/\"><span style=\"font-weight: 400;\">carte des paliers d\u2019alerte<\/span><\/a><span style=\"font-weight: 400;\">.<\/span>\r\n\r\n&nbsp;\r\n\r\n<span style=\"font-weight: 400;\">Les d\u00e9placements non essentiels sont interdits des zones rouges ou oranges vers les zones jaunes, soit la Gasp\u00e9sie\u2013\u00celes-de-la-Madeleine, C\u00f4te-Nord et Nord-du-Qu\u00e9bec.\u00a0<\/span>\r\n\r\n&nbsp;\r\n\r\n<span style=\"font-weight: 400;\">Afin de justifier les d\u00e9placements entre les r\u00e9gions cibl\u00e9es ou en p\u00e9riode de couvre-feu, les entreprises sont invit\u00e9es \u00e0 remplir et \u00e0 remettre \u00e0 leurs employ\u00e9s le formulaire suivant\u00a0: <\/span><span style=\"font-weight: 400;\">\u00a0<\/span><a href=\"https:\/\/cdn-contenu.quebec.ca\/cdn-contenu\/sante\/documents\/Problemes_de_sante\/covid-19\/Confinement\/Attestation_Deplacement_Couvre-feu_.docx?1610042655\"><span style=\"font-weight: 400;\">Attestation de l\u2019employeur-D\u00e9placement durant le couvre-feu d\u00e9cr\u00e9t\u00e9 par le gouvernement du Qu\u00e9bec.<\/span><\/a>\r\n\r\n&nbsp;\r\n\r\n<span style=\"font-weight: 400;\">Lorsque possible, le t\u00e9l\u00e9travail demeure obligatoire. Pour les entreprises dont les employ\u00e9s doivent se rendre \u00e0 leurs lieux de travail, des outils de pr\u00e9vention ont \u00e9t\u00e9 d\u00e9ploy\u00e9s afin d\u2019assurer la s\u00e9curit\u00e9 de tous\u00a0:\u00a0\u00a0<\/span>\r\n<ul>\r\n \t<li style=\"font-weight: 400;\" aria-level=\"1\"><a href=\"https:\/\/www.cnesst.gouv.qc.ca\/salle-de-presse\/covid-19\/Pages\/outils.aspx\"><span style=\"font-weight: 400;\">CNESST \u2013 Des outils pour vous aider<\/span><\/a><\/li>\r\n \t<li style=\"font-weight: 400;\" aria-level=\"1\"><a href=\"https:\/\/www.quebec.ca\/sante\/problemes-de-sante\/a-z\/coronavirus-2019\/reponses-questions-coronavirus-covid19\/questions-reponses-employeurs-travailleurs-covid-19\/\"><span style=\"font-weight: 400;\">Foire aux questions pour les employeurs et les travailleurs<\/span><\/a><\/li>\r\n \t<li style=\"font-weight: 400;\" aria-level=\"1\"><a href=\"https:\/\/cargo-montreal.us4.list-manage.com\/track\/click?u=6c780ba3e5ef3a37a6eae79d3&amp;id=bcb6ba3d89&amp;e=dd36a8599b\"><span style=\"font-weight: 400;\">Sant\u00e9 Montr\u00e9al<\/span><\/a><span style=\"font-weight: 400;\">\u00a0<\/span><\/li>\r\n<\/ul>","protected":false},"excerpt":{"rendered":"Les activit\u00e9s \u00e9conomiques relatives \u00e0 la logistique et au transport de marchandises se maintiennent.\u00a0 Depuis le 11 avril, le couvre-feu est en vigueur de 20 h \u00e0 5 h dans les r\u00e9gions de Montr\u00e9al (\u00eele de Montr\u00e9al) et Laval (Ville de Laval). Le couvre-feu de 20 h \u00e0 5 h doit aussi \u00eatre respect\u00e9 dans [&hellip;]","protected":false},"author":39,"featured_media":11333,"comment_status":"open","ping_status":"open","sticky":false,"template":"","format":"standard","meta":{"_acf_changed":false,"footnotes":""},"categories":[20],"tags":[],"class_list":["post-11424","post","type-post","status-publish","format-standard","has-post-thumbnail","hentry","category-services-logistiques"],"acf":[],"yoast_head":"<!-- This site is optimized with the Yoast SEO plugin v27.3 - https:\/\/yoast.com\/product\/yoast-seo-wordpress\/ -->\n<title>COVID-19 : Mesures en vigueur - CargoM<\/title>\n<meta name=\"robots\" content=\"index, follow, max-snippet:-1, max-image-preview:large, max-video-preview:-1\" \/>\n<link rel=\"canonical\" href=\"https:\/\/www.cargo-montreal.ca\/fr\/covid-19-mesures-en-vigueur\/\" \/>\n<meta property=\"og:locale\" content=\"fr_FR\" \/>\n<meta property=\"og:type\" content=\"article\" \/>\n<meta property=\"og:title\" content=\"COVID-19 : Mesures en vigueur - CargoM\" \/>\n<meta property=\"og:description\" content=\"Les activit\u00e9s \u00e9conomiques relatives \u00e0 la logistique et au transport de marchandises se maintiennent.\u00a0 Depuis le 11 avril, le couvre-feu est en vigueur de 20 h \u00e0 5 h dans les r\u00e9gions de Montr\u00e9al (\u00eele de Montr\u00e9al) et Laval (Ville de Laval). Le couvre-feu de 20 h \u00e0 5 h doit aussi \u00eatre respect\u00e9 dans [&hellip;]\" \/>\n<meta property=\"og:url\" content=\"https:\/\/www.cargo-montreal.ca\/fr\/covid-19-mesures-en-vigueur\/\" \/>\n<meta property=\"og:site_name\" content=\"CargoM\" \/>\n<meta property=\"article:published_time\" content=\"2021-04-13T20:18:44+00:00\" \/>\n<meta property=\"og:image\" content=\"https:\/\/www.cargo-montreal.ca\/wp-content\/uploads\/2021\/03\/covid-19-4939288_960_720.jpg\" \/>\n\t<meta property=\"og:image:width\" content=\"960\" \/>\n\t<meta property=\"og:image:height\" content=\"640\" \/>\n\t<meta property=\"og:image:type\" content=\"image\/jpeg\" \/>\n<meta name=\"author\" content=\"Karine Dudognon\" \/>\n<meta name=\"twitter:card\" content=\"summary_large_image\" \/>\n<meta name=\"twitter:label1\" content=\"\u00c9crit par\" \/>\n\t<meta name=\"twitter:data1\" content=\"Karine Dudognon\" \/>\n\t<meta name=\"twitter:label2\" content=\"Dur\u00e9e de lecture estim\u00e9e\" \/>\n\t<meta name=\"twitter:data2\" content=\"1 minute\" \/>\n<script type=\"application\/ld+json\" class=\"yoast-schema-graph\">{\"@context\":\"https:\\\/\\\/schema.org\",\"@graph\":[{\"@type\":\"Article\",\"@id\":\"https:\\\/\\\/www.cargo-montreal.ca\\\/fr\\\/covid-19-mesures-en-vigueur\\\/#article\",\"isPartOf\":{\"@id\":\"https:\\\/\\\/www.cargo-montreal.ca\\\/fr\\\/covid-19-mesures-en-vigueur\\\/\"},\"author\":{\"name\":\"Karine Dudognon\",\"@id\":\"https:\\\/\\\/www.cargo-montreal.ca\\\/fr\\\/#\\\/schema\\\/person\\\/80476d173ce654813db9fd1533901365\"},\"headline\":\"COVID-19 : Mesures en vigueur\",\"datePublished\":\"2021-04-13T20:18:44+00:00\",\"mainEntityOfPage\":{\"@id\":\"https:\\\/\\\/www.cargo-montreal.ca\\\/fr\\\/covid-19-mesures-en-vigueur\\\/\"},\"wordCount\":239,\"commentCount\":0,\"image\":{\"@id\":\"https:\\\/\\\/www.cargo-montreal.ca\\\/fr\\\/covid-19-mesures-en-vigueur\\\/#primaryimage\"},\"thumbnailUrl\":\"https:\\\/\\\/www.cargo-montreal.ca\\\/wp-content\\\/uploads\\\/2021\\\/03\\\/covid-19-4939288_960_720.jpg\",\"articleSection\":[\"Services logistiques\"],\"inLanguage\":\"fr-FR\",\"potentialAction\":[{\"@type\":\"CommentAction\",\"name\":\"Comment\",\"target\":[\"https:\\\/\\\/www.cargo-montreal.ca\\\/fr\\\/covid-19-mesures-en-vigueur\\\/#respond\"]}]},{\"@type\":\"WebPage\",\"@id\":\"https:\\\/\\\/www.cargo-montreal.ca\\\/fr\\\/covid-19-mesures-en-vigueur\\\/\",\"url\":\"https:\\\/\\\/www.cargo-montreal.ca\\\/fr\\\/covid-19-mesures-en-vigueur\\\/\",\"name\":\"COVID-19 : Mesures en vigueur - CargoM\",\"isPartOf\":{\"@id\":\"https:\\\/\\\/www.cargo-montreal.ca\\\/fr\\\/#website\"},\"primaryImageOfPage\":{\"@id\":\"https:\\\/\\\/www.cargo-montreal.ca\\\/fr\\\/covid-19-mesures-en-vigueur\\\/#primaryimage\"},\"image\":{\"@id\":\"https:\\\/\\\/www.cargo-montreal.ca\\\/fr\\\/covid-19-mesures-en-vigueur\\\/#primaryimage\"},\"thumbnailUrl\":\"https:\\\/\\\/www.cargo-montreal.ca\\\/wp-content\\\/uploads\\\/2021\\\/03\\\/covid-19-4939288_960_720.jpg\",\"datePublished\":\"2021-04-13T20:18:44+00:00\",\"author\":{\"@id\":\"https:\\\/\\\/www.cargo-montreal.ca\\\/fr\\\/#\\\/schema\\\/person\\\/80476d173ce654813db9fd1533901365\"},\"breadcrumb\":{\"@id\":\"https:\\\/\\\/www.cargo-montreal.ca\\\/fr\\\/covid-19-mesures-en-vigueur\\\/#breadcrumb\"},\"inLanguage\":\"fr-FR\",\"potentialAction\":[{\"@type\":\"ReadAction\",\"target\":[\"https:\\\/\\\/www.cargo-montreal.ca\\\/fr\\\/covid-19-mesures-en-vigueur\\\/\"]}]},{\"@type\":\"ImageObject\",\"inLanguage\":\"fr-FR\",\"@id\":\"https:\\\/\\\/www.cargo-montreal.ca\\\/fr\\\/covid-19-mesures-en-vigueur\\\/#primaryimage\",\"url\":\"https:\\\/\\\/www.cargo-montreal.ca\\\/wp-content\\\/uploads\\\/2021\\\/03\\\/covid-19-4939288_960_720.jpg\",\"contentUrl\":\"https:\\\/\\\/www.cargo-montreal.ca\\\/wp-content\\\/uploads\\\/2021\\\/03\\\/covid-19-4939288_960_720.jpg\",\"width\":960,\"height\":640},{\"@type\":\"BreadcrumbList\",\"@id\":\"https:\\\/\\\/www.cargo-montreal.ca\\\/fr\\\/covid-19-mesures-en-vigueur\\\/#breadcrumb\",\"itemListElement\":[{\"@type\":\"ListItem\",\"position\":1,\"name\":\"Home\",\"item\":\"https:\\\/\\\/www.cargo-montreal.ca\\\/fr\\\/\"},{\"@type\":\"ListItem\",\"position\":2,\"name\":\"COVID-19 : Mesures en vigueur\"}]},{\"@type\":\"WebSite\",\"@id\":\"https:\\\/\\\/www.cargo-montreal.ca\\\/fr\\\/#website\",\"url\":\"https:\\\/\\\/www.cargo-montreal.ca\\\/fr\\\/\",\"name\":\"CargoM\",\"description\":\"La mission de CargoM: Rassembler les acteurs de la logistique &amp; du transport de marchandises du Grand Montr\u00e9al autour d&#039;objectifs communs, d&#039;actions concert\u00e9es\",\"potentialAction\":[{\"@type\":\"SearchAction\",\"target\":{\"@type\":\"EntryPoint\",\"urlTemplate\":\"https:\\\/\\\/www.cargo-montreal.ca\\\/fr\\\/?s={search_term_string}\"},\"query-input\":{\"@type\":\"PropertyValueSpecification\",\"valueRequired\":true,\"valueName\":\"search_term_string\"}}],\"inLanguage\":\"fr-FR\"},{\"@type\":\"Person\",\"@id\":\"https:\\\/\\\/www.cargo-montreal.ca\\\/fr\\\/#\\\/schema\\\/person\\\/80476d173ce654813db9fd1533901365\",\"name\":\"Karine Dudognon\",\"image\":{\"@type\":\"ImageObject\",\"inLanguage\":\"fr-FR\",\"@id\":\"https:\\\/\\\/secure.gravatar.com\\\/avatar\\\/673bdfb703a9b6685a88bc7dfb04a9ea2b48b30e9d1663a5e759a4e9bfa3e2c0?s=96&d=mm&r=g\",\"url\":\"https:\\\/\\\/secure.gravatar.com\\\/avatar\\\/673bdfb703a9b6685a88bc7dfb04a9ea2b48b30e9d1663a5e759a4e9bfa3e2c0?s=96&d=mm&r=g\",\"contentUrl\":\"https:\\\/\\\/secure.gravatar.com\\\/avatar\\\/673bdfb703a9b6685a88bc7dfb04a9ea2b48b30e9d1663a5e759a4e9bfa3e2c0?s=96&d=mm&r=g\",\"caption\":\"Karine Dudognon\"},\"url\":\"https:\\\/\\\/www.cargo-montreal.ca\\\/fr\\\/author\\\/karine\\\/\"}]}<\/script>\n<!-- \/ Yoast SEO plugin. -->","yoast_head_json":{"title":"COVID-19 : Mesures en vigueur - CargoM","robots":{"index":"index","follow":"follow","max-snippet":"max-snippet:-1","max-image-preview":"max-image-preview:large","max-video-preview":"max-video-preview:-1"},"canonical":"https:\/\/www.cargo-montreal.ca\/fr\/covid-19-mesures-en-vigueur\/","og_locale":"fr_FR","og_type":"article","og_title":"COVID-19 : Mesures en vigueur - CargoM","og_description":"Les activit\u00e9s \u00e9conomiques relatives \u00e0 la logistique et au transport de marchandises se maintiennent.\u00a0 Depuis le 11 avril, le couvre-feu est en vigueur de 20 h \u00e0 5 h dans les r\u00e9gions de Montr\u00e9al (\u00eele de Montr\u00e9al) et Laval (Ville de Laval). Le couvre-feu de 20 h \u00e0 5 h doit aussi \u00eatre respect\u00e9 dans [&hellip;]","og_url":"https:\/\/www.cargo-montreal.ca\/fr\/covid-19-mesures-en-vigueur\/","og_site_name":"CargoM","article_published_time":"2021-04-13T20:18:44+00:00","og_image":[{"width":960,"height":640,"url":"https:\/\/www.cargo-montreal.ca\/wp-content\/uploads\/2021\/03\/covid-19-4939288_960_720.jpg","type":"image\/jpeg"}],"author":"Karine Dudognon","twitter_card":"summary_large_image","twitter_misc":{"\u00c9crit par":"Karine Dudognon","Dur\u00e9e de lecture estim\u00e9e":"1 minute"},"schema":{"@context":"https:\/\/schema.org","@graph":[{"@type":"Article","@id":"https:\/\/www.cargo-montreal.ca\/fr\/covid-19-mesures-en-vigueur\/#article","isPartOf":{"@id":"https:\/\/www.cargo-montreal.ca\/fr\/covid-19-mesures-en-vigueur\/"},"author":{"name":"Karine Dudognon","@id":"https:\/\/www.cargo-montreal.ca\/fr\/#\/schema\/person\/80476d173ce654813db9fd1533901365"},"headline":"COVID-19 : Mesures en vigueur","datePublished":"2021-04-13T20:18:44+00:00","mainEntityOfPage":{"@id":"https:\/\/www.cargo-montreal.ca\/fr\/covid-19-mesures-en-vigueur\/"},"wordCount":239,"commentCount":0,"image":{"@id":"https:\/\/www.cargo-montreal.ca\/fr\/covid-19-mesures-en-vigueur\/#primaryimage"},"thumbnailUrl":"https:\/\/www.cargo-montreal.ca\/wp-content\/uploads\/2021\/03\/covid-19-4939288_960_720.jpg","articleSection":["Services logistiques"],"inLanguage":"fr-FR","potentialAction":[{"@type":"CommentAction","name":"Comment","target":["https:\/\/www.cargo-montreal.ca\/fr\/covid-19-mesures-en-vigueur\/#respond"]}]},{"@type":"WebPage","@id":"https:\/\/www.cargo-montreal.ca\/fr\/covid-19-mesures-en-vigueur\/","url":"https:\/\/www.cargo-montreal.ca\/fr\/covid-19-mesures-en-vigueur\/","name":"COVID-19 : Mesures en vigueur - CargoM","isPartOf":{"@id":"https:\/\/www.cargo-montreal.ca\/fr\/#website"},"primaryImageOfPage":{"@id":"https:\/\/www.cargo-montreal.ca\/fr\/covid-19-mesures-en-vigueur\/#primaryimage"},"image":{"@id":"https:\/\/www.cargo-montreal.ca\/fr\/covid-19-mesures-en-vigueur\/#primaryimage"},"thumbnailUrl":"https:\/\/www.cargo-montreal.ca\/wp-content\/uploads\/2021\/03\/covid-19-4939288_960_720.jpg","datePublished":"2021-04-13T20:18:44+00:00","author":{"@id":"https:\/\/www.cargo-montreal.ca\/fr\/#\/schema\/person\/80476d173ce654813db9fd1533901365"},"breadcrumb":{"@id":"https:\/\/www.cargo-montreal.ca\/fr\/covid-19-mesures-en-vigueur\/#breadcrumb"},"inLanguage":"fr-FR","potentialAction":[{"@type":"ReadAction","target":["https:\/\/www.cargo-montreal.ca\/fr\/covid-19-mesures-en-vigueur\/"]}]},{"@type":"ImageObject","inLanguage":"fr-FR","@id":"https:\/\/www.cargo-montreal.ca\/fr\/covid-19-mesures-en-vigueur\/#primaryimage","url":"https:\/\/www.cargo-montreal.ca\/wp-content\/uploads\/2021\/03\/covid-19-4939288_960_720.jpg","contentUrl":"https:\/\/www.cargo-montreal.ca\/wp-content\/uploads\/2021\/03\/covid-19-4939288_960_720.jpg","width":960,"height":640},{"@type":"BreadcrumbList","@id":"https:\/\/www.cargo-montreal.ca\/fr\/covid-19-mesures-en-vigueur\/#breadcrumb","itemListElement":[{"@type":"ListItem","position":1,"name":"Home","item":"https:\/\/www.cargo-montreal.ca\/fr\/"},{"@type":"ListItem","position":2,"name":"COVID-19 : Mesures en vigueur"}]},{"@type":"WebSite","@id":"https:\/\/www.cargo-montreal.ca\/fr\/#website","url":"https:\/\/www.cargo-montreal.ca\/fr\/","name":"CargoM","description":"La mission de CargoM: Rassembler les acteurs de la logistique &amp; du transport de marchandises du Grand Montr\u00e9al autour d&#039;objectifs communs, d&#039;actions concert\u00e9es","potentialAction":[{"@type":"SearchAction","target":{"@type":"EntryPoint","urlTemplate":"https:\/\/www.cargo-montreal.ca\/fr\/?s={search_term_string}"},"query-input":{"@type":"PropertyValueSpecification","valueRequired":true,"valueName":"search_term_string"}}],"inLanguage":"fr-FR"},{"@type":"Person","@id":"https:\/\/www.cargo-montreal.ca\/fr\/#\/schema\/person\/80476d173ce654813db9fd1533901365","name":"Karine Dudognon","image":{"@type":"ImageObject","inLanguage":"fr-FR","@id":"https:\/\/secure.gravatar.com\/avatar\/673bdfb703a9b6685a88bc7dfb04a9ea2b48b30e9d1663a5e759a4e9bfa3e2c0?s=96&d=mm&r=g","url":"https:\/\/secure.gravatar.com\/avatar\/673bdfb703a9b6685a88bc7dfb04a9ea2b48b30e9d1663a5e759a4e9bfa3e2c0?s=96&d=mm&r=g","contentUrl":"https:\/\/secure.gravatar.com\/avatar\/673bdfb703a9b6685a88bc7dfb04a9ea2b48b30e9d1663a5e759a4e9bfa3e2c0?s=96&d=mm&r=g","caption":"Karine Dudognon"},"url":"https:\/\/www.cargo-montreal.ca\/fr\/author\/karine\/"}]}},"_links":{"self":[{"href":"https:\/\/www.cargo-montreal.ca\/fr\/wp-json\/wp\/v2\/posts\/11424","targetHints":{"allow":["GET"]}}],"collection":[{"href":"https:\/\/www.cargo-montreal.ca\/fr\/wp-json\/wp\/v2\/posts"}],"about":[{"href":"https:\/\/www.cargo-montreal.ca\/fr\/wp-json\/wp\/v2\/types\/post"}],"author":[{"embeddable":true,"href":"https:\/\/www.cargo-montreal.ca\/fr\/wp-json\/wp\/v2\/users\/39"}],"replies":[{"embeddable":true,"href":"https:\/\/www.cargo-montreal.ca\/fr\/wp-json\/wp\/v2\/comments?post=11424"}],"version-history":[{"count":1,"href":"https:\/\/www.cargo-montreal.ca\/fr\/wp-json\/wp\/v2\/posts\/11424\/revisions"}],"predecessor-version":[{"id":11425,"href":"https:\/\/www.cargo-montreal.ca\/fr\/wp-json\/wp\/v2\/posts\/11424\/revisions\/11425"}],"wp:featuredmedia":[{"embeddable":true,"href":"https:\/\/www.cargo-montreal.ca\/fr\/wp-json\/wp\/v2\/media\/11333"}],"wp:attachment":[{"href":"https:\/\/www.cargo-montreal.ca\/fr\/wp-json\/wp\/v2\/media?parent=11424"}],"wp:term":[{"taxonomy":"category","embeddable":true,"href":"https:\/\/www.cargo-montreal.ca\/fr\/wp-json\/wp\/v2\/categories?post=11424"},{"taxonomy":"post_tag","embeddable":true,"href":"https:\/\/www.cargo-montreal.ca\/fr\/wp-json\/wp\/v2\/tags?post=11424"}],"curies":[{"name":"wp","href":"https:\/\/api.w.org\/{rel}","templated":true}]}}