{"id":11432,"date":"2021-04-13T20:25:51","date_gmt":"2021-04-13T20:25:51","guid":{"rendered":"https:\/\/www.cargo-montreal.ca\/?p=11432"},"modified":"2021-04-13T20:25:51","modified_gmt":"2021-04-13T20:25:51","slug":"evenements-a-venir-4","status":"publish","type":"post","link":"https:\/\/www.cargo-montreal.ca\/fr\/evenements-a-venir-4\/","title":{"rendered":"\u00c9v\u00e9nements \u00e0 venir"},"content":{"rendered":"<span style=\"font-weight: 400;\">Ne manquez pas les \u00e9v\u00e9nements suivants. Si vous souhaitez que CargoM ajoute votre \u00e9v\u00e9nement \u00e0 son <\/span><a href=\"https:\/\/www.cargo-montreal.ca\/fr\/calendrier\/\"><span style=\"font-weight: 400;\">calendrier<\/span><\/a><span style=\"font-weight: 400;\">, contactez Mme Karine Dudognon \u00e0 l\u2019adresse suivante\u00a0: <\/span><a href=\"mailto:kdudognon@cargo-montreal.ca\"><span style=\"font-weight: 400;\">kdudognon@cargo-montreal.ca<\/span><\/a><span style=\"font-weight: 400;\">.\u00a0<\/span>\r\n\r\n<span style=\"font-weight: 400;\">19 avril 2021\u00a0: <\/span><a href=\"https:\/\/www.ccmm.ca\/fr\/evenements-ccmm\/conferences\/le-talent-au-coeur-de-la-relance-5159\/\"><span style=\"font-weight: 400;\">Le talent au c\u0153ur de la relance<\/span><\/a> <span style=\"font-weight: 400;\">\u2013 <\/span><a href=\"https:\/\/www.ccmm.ca\"><span style=\"font-weight: 400;\">CCMM<\/span><\/a><span style=\"font-weight: 400;\">\u00a0<\/span>\r\n\r\n<span style=\"font-weight: 400;\">22 avril 2021\u00a0: <\/span><a href=\"https:\/\/www.carrefour-acq.org\/grv2021-avril\/-grands-rendez-vous-2021-laboratoire-meilleures-pratiques-resultats-decouvertes-decoulant-programme-meilleurs-transporteurs-employeurs-canada\"><span style=\"font-weight: 400;\">Grand Rendez-vous de l\u2019ACQ\u00a0: Un laboratoire des meilleures pratiques : R\u00e9sultats et d\u00e9couvertes d\u00e9coulant du programme des Meilleurs transporteurs employeurs du Canada<\/span><\/a><span style=\"font-weight: 400;\"> \u2013 <\/span><a href=\"https:\/\/www.carrefour-acq.org\/accueil\"><span style=\"font-weight: 400;\">ACQ<\/span><\/a>\r\n\r\n<span style=\"font-weight: 400;\">13 mai\u00a0: <\/span><a href=\"https:\/\/share.hsforms.com\/1LEv8N1hRSU6VzG7Ynpl-DA56vxc\"><span style=\"font-weight: 400;\">Planification des activit\u00e9s import &amp; export : plus qu&rsquo;un simple mouvement des biens, une activit\u00e9 strat\u00e9gique\u00a0<\/span><\/a>\r\n\r\n<span style=\"font-weight: 400;\">18 mai\u00a0: <\/span><a href=\"https:\/\/docs.google.com\/forms\/d\/e\/1FAIpQLSdIs2bMlXUrXK_X4stgZ7XKJ5znCm6qRwja5jRo8BVznZzGlQ\/viewform?gxids=7628\"><span style=\"font-weight: 400;\">Assembl\u00e9e g\u00e9n\u00e9rale annuelle de CargoM<\/span><\/a>\r\n\r\n<span style=\"font-weight: 400;\">31 mai 2021\u00a0: <\/span><a href=\"https:\/\/www.cerclecanadien-montreal.ca\/fr\/tous-les-evenements\/detail\/rendez-vous-avec-madeleine-paquin\/20113\"><span style=\"font-weight: 400;\">Rendez-vous avec Madeleine Paquin : Collaborer pour innover<\/span><\/a><span style=\"font-weight: 400;\"> \u2013 <\/span><a href=\"https:\/\/www.cerclecanadien-montreal.ca\/fr\/\"><span style=\"font-weight: 400;\">Le Cercle canadien<\/span><\/a><span style=\"font-weight: 400;\">\u00a0<\/span>","protected":false},"excerpt":{"rendered":"Ne manquez pas les \u00e9v\u00e9nements suivants. Si vous souhaitez que CargoM ajoute votre \u00e9v\u00e9nement \u00e0 son calendrier, contactez Mme Karine Dudognon \u00e0 l\u2019adresse suivante\u00a0: kdudognon@cargo-montreal.ca.\u00a0 19 avril 2021\u00a0: Le talent au c\u0153ur de la relance \u2013 CCMM\u00a0 22 avril 2021\u00a0: Grand Rendez-vous de l\u2019ACQ\u00a0: Un laboratoire des meilleures pratiques : R\u00e9sultats et d\u00e9couvertes d\u00e9coulant du [&hellip;]","protected":false},"author":39,"featured_media":11399,"comment_status":"open","ping_status":"open","sticky":false,"template":"","format":"standard","meta":{"_acf_changed":false,"footnotes":""},"categories":[20],"tags":[],"class_list":["post-11432","post","type-post","status-publish","format-standard","has-post-thumbnail","hentry","category-services-logistiques"],"acf":[],"yoast_head":"<!-- This site is optimized with the Yoast SEO plugin v27.3 - https:\/\/yoast.com\/product\/yoast-seo-wordpress\/ -->\n<title>\u00c9v\u00e9nements \u00e0 venir - CargoM<\/title>\n<meta name=\"robots\" content=\"index, follow, max-snippet:-1, max-image-preview:large, max-video-preview:-1\" \/>\n<link rel=\"canonical\" href=\"https:\/\/www.cargo-montreal.ca\/fr\/evenements-a-venir-4\/\" \/>\n<meta property=\"og:locale\" content=\"fr_FR\" \/>\n<meta property=\"og:type\" content=\"article\" \/>\n<meta property=\"og:title\" content=\"\u00c9v\u00e9nements \u00e0 venir - CargoM\" \/>\n<meta property=\"og:description\" content=\"Ne manquez pas les \u00e9v\u00e9nements suivants. Si vous souhaitez que CargoM ajoute votre \u00e9v\u00e9nement \u00e0 son calendrier, contactez Mme Karine Dudognon \u00e0 l\u2019adresse suivante\u00a0: kdudognon@cargo-montreal.ca.\u00a0 19 avril 2021\u00a0: Le talent au c\u0153ur de la relance \u2013 CCMM\u00a0 22 avril 2021\u00a0: Grand Rendez-vous de l\u2019ACQ\u00a0: Un laboratoire des meilleures pratiques : R\u00e9sultats et d\u00e9couvertes d\u00e9coulant du [&hellip;]\" \/>\n<meta property=\"og:url\" content=\"https:\/\/www.cargo-montreal.ca\/fr\/evenements-a-venir-4\/\" \/>\n<meta property=\"og:site_name\" content=\"CargoM\" \/>\n<meta property=\"article:published_time\" content=\"2021-04-13T20:25:51+00:00\" \/>\n<meta property=\"og:image\" content=\"https:\/\/www.cargo-montreal.ca\/wp-content\/uploads\/2021\/04\/Evenements.jpg\" \/>\n\t<meta property=\"og:image:width\" content=\"2117\" \/>\n\t<meta property=\"og:image:height\" content=\"1108\" \/>\n\t<meta property=\"og:image:type\" content=\"image\/jpeg\" \/>\n<meta name=\"author\" content=\"Karine Dudognon\" \/>\n<meta name=\"twitter:card\" content=\"summary_large_image\" \/>\n<meta name=\"twitter:label1\" content=\"\u00c9crit par\" \/>\n\t<meta name=\"twitter:data1\" content=\"Karine Dudognon\" \/>\n\t<meta name=\"twitter:label2\" content=\"Dur\u00e9e de lecture estim\u00e9e\" \/>\n\t<meta name=\"twitter:data2\" content=\"1 minute\" \/>\n<script type=\"application\/ld+json\" class=\"yoast-schema-graph\">{\"@context\":\"https:\\\/\\\/schema.org\",\"@graph\":[{\"@type\":\"Article\",\"@id\":\"https:\\\/\\\/www.cargo-montreal.ca\\\/fr\\\/evenements-a-venir-4\\\/#article\",\"isPartOf\":{\"@id\":\"https:\\\/\\\/www.cargo-montreal.ca\\\/fr\\\/evenements-a-venir-4\\\/\"},\"author\":{\"name\":\"Karine Dudognon\",\"@id\":\"https:\\\/\\\/www.cargo-montreal.ca\\\/fr\\\/#\\\/schema\\\/person\\\/80476d173ce654813db9fd1533901365\"},\"headline\":\"\u00c9v\u00e9nements \u00e0 venir\",\"datePublished\":\"2021-04-13T20:25:51+00:00\",\"mainEntityOfPage\":{\"@id\":\"https:\\\/\\\/www.cargo-montreal.ca\\\/fr\\\/evenements-a-venir-4\\\/\"},\"wordCount\":107,\"commentCount\":0,\"image\":{\"@id\":\"https:\\\/\\\/www.cargo-montreal.ca\\\/fr\\\/evenements-a-venir-4\\\/#primaryimage\"},\"thumbnailUrl\":\"https:\\\/\\\/www.cargo-montreal.ca\\\/wp-content\\\/uploads\\\/2021\\\/04\\\/Evenements.jpg\",\"articleSection\":[\"Services logistiques\"],\"inLanguage\":\"fr-FR\",\"potentialAction\":[{\"@type\":\"CommentAction\",\"name\":\"Comment\",\"target\":[\"https:\\\/\\\/www.cargo-montreal.ca\\\/fr\\\/evenements-a-venir-4\\\/#respond\"]}]},{\"@type\":\"WebPage\",\"@id\":\"https:\\\/\\\/www.cargo-montreal.ca\\\/fr\\\/evenements-a-venir-4\\\/\",\"url\":\"https:\\\/\\\/www.cargo-montreal.ca\\\/fr\\\/evenements-a-venir-4\\\/\",\"name\":\"\u00c9v\u00e9nements \u00e0 venir - CargoM\",\"isPartOf\":{\"@id\":\"https:\\\/\\\/www.cargo-montreal.ca\\\/fr\\\/#website\"},\"primaryImageOfPage\":{\"@id\":\"https:\\\/\\\/www.cargo-montreal.ca\\\/fr\\\/evenements-a-venir-4\\\/#primaryimage\"},\"image\":{\"@id\":\"https:\\\/\\\/www.cargo-montreal.ca\\\/fr\\\/evenements-a-venir-4\\\/#primaryimage\"},\"thumbnailUrl\":\"https:\\\/\\\/www.cargo-montreal.ca\\\/wp-content\\\/uploads\\\/2021\\\/04\\\/Evenements.jpg\",\"datePublished\":\"2021-04-13T20:25:51+00:00\",\"author\":{\"@id\":\"https:\\\/\\\/www.cargo-montreal.ca\\\/fr\\\/#\\\/schema\\\/person\\\/80476d173ce654813db9fd1533901365\"},\"breadcrumb\":{\"@id\":\"https:\\\/\\\/www.cargo-montreal.ca\\\/fr\\\/evenements-a-venir-4\\\/#breadcrumb\"},\"inLanguage\":\"fr-FR\",\"potentialAction\":[{\"@type\":\"ReadAction\",\"target\":[\"https:\\\/\\\/www.cargo-montreal.ca\\\/fr\\\/evenements-a-venir-4\\\/\"]}]},{\"@type\":\"ImageObject\",\"inLanguage\":\"fr-FR\",\"@id\":\"https:\\\/\\\/www.cargo-montreal.ca\\\/fr\\\/evenements-a-venir-4\\\/#primaryimage\",\"url\":\"https:\\\/\\\/www.cargo-montreal.ca\\\/wp-content\\\/uploads\\\/2021\\\/04\\\/Evenements.jpg\",\"contentUrl\":\"https:\\\/\\\/www.cargo-montreal.ca\\\/wp-content\\\/uploads\\\/2021\\\/04\\\/Evenements.jpg\",\"width\":2117,\"height\":1108},{\"@type\":\"BreadcrumbList\",\"@id\":\"https:\\\/\\\/www.cargo-montreal.ca\\\/fr\\\/evenements-a-venir-4\\\/#breadcrumb\",\"itemListElement\":[{\"@type\":\"ListItem\",\"position\":1,\"name\":\"Home\",\"item\":\"https:\\\/\\\/www.cargo-montreal.ca\\\/fr\\\/\"},{\"@type\":\"ListItem\",\"position\":2,\"name\":\"\u00c9v\u00e9nements \u00e0 venir\"}]},{\"@type\":\"WebSite\",\"@id\":\"https:\\\/\\\/www.cargo-montreal.ca\\\/fr\\\/#website\",\"url\":\"https:\\\/\\\/www.cargo-montreal.ca\\\/fr\\\/\",\"name\":\"CargoM\",\"description\":\"La mission de CargoM: Rassembler les acteurs de la logistique &amp; du transport de marchandises du Grand Montr\u00e9al autour d&#039;objectifs communs, d&#039;actions concert\u00e9es\",\"potentialAction\":[{\"@type\":\"SearchAction\",\"target\":{\"@type\":\"EntryPoint\",\"urlTemplate\":\"https:\\\/\\\/www.cargo-montreal.ca\\\/fr\\\/?s={search_term_string}\"},\"query-input\":{\"@type\":\"PropertyValueSpecification\",\"valueRequired\":true,\"valueName\":\"search_term_string\"}}],\"inLanguage\":\"fr-FR\"},{\"@type\":\"Person\",\"@id\":\"https:\\\/\\\/www.cargo-montreal.ca\\\/fr\\\/#\\\/schema\\\/person\\\/80476d173ce654813db9fd1533901365\",\"name\":\"Karine Dudognon\",\"image\":{\"@type\":\"ImageObject\",\"inLanguage\":\"fr-FR\",\"@id\":\"https:\\\/\\\/secure.gravatar.com\\\/avatar\\\/673bdfb703a9b6685a88bc7dfb04a9ea2b48b30e9d1663a5e759a4e9bfa3e2c0?s=96&d=mm&r=g\",\"url\":\"https:\\\/\\\/secure.gravatar.com\\\/avatar\\\/673bdfb703a9b6685a88bc7dfb04a9ea2b48b30e9d1663a5e759a4e9bfa3e2c0?s=96&d=mm&r=g\",\"contentUrl\":\"https:\\\/\\\/secure.gravatar.com\\\/avatar\\\/673bdfb703a9b6685a88bc7dfb04a9ea2b48b30e9d1663a5e759a4e9bfa3e2c0?s=96&d=mm&r=g\",\"caption\":\"Karine Dudognon\"},\"url\":\"https:\\\/\\\/www.cargo-montreal.ca\\\/fr\\\/author\\\/karine\\\/\"}]}<\/script>\n<!-- \/ Yoast SEO plugin. -->","yoast_head_json":{"title":"\u00c9v\u00e9nements \u00e0 venir - CargoM","robots":{"index":"index","follow":"follow","max-snippet":"max-snippet:-1","max-image-preview":"max-image-preview:large","max-video-preview":"max-video-preview:-1"},"canonical":"https:\/\/www.cargo-montreal.ca\/fr\/evenements-a-venir-4\/","og_locale":"fr_FR","og_type":"article","og_title":"\u00c9v\u00e9nements \u00e0 venir - CargoM","og_description":"Ne manquez pas les \u00e9v\u00e9nements suivants. Si vous souhaitez que CargoM ajoute votre \u00e9v\u00e9nement \u00e0 son calendrier, contactez Mme Karine Dudognon \u00e0 l\u2019adresse suivante\u00a0: kdudognon@cargo-montreal.ca.\u00a0 19 avril 2021\u00a0: Le talent au c\u0153ur de la relance \u2013 CCMM\u00a0 22 avril 2021\u00a0: Grand Rendez-vous de l\u2019ACQ\u00a0: Un laboratoire des meilleures pratiques : R\u00e9sultats et d\u00e9couvertes d\u00e9coulant du [&hellip;]","og_url":"https:\/\/www.cargo-montreal.ca\/fr\/evenements-a-venir-4\/","og_site_name":"CargoM","article_published_time":"2021-04-13T20:25:51+00:00","og_image":[{"width":2117,"height":1108,"url":"https:\/\/www.cargo-montreal.ca\/wp-content\/uploads\/2021\/04\/Evenements.jpg","type":"image\/jpeg"}],"author":"Karine Dudognon","twitter_card":"summary_large_image","twitter_misc":{"\u00c9crit par":"Karine Dudognon","Dur\u00e9e de lecture estim\u00e9e":"1 minute"},"schema":{"@context":"https:\/\/schema.org","@graph":[{"@type":"Article","@id":"https:\/\/www.cargo-montreal.ca\/fr\/evenements-a-venir-4\/#article","isPartOf":{"@id":"https:\/\/www.cargo-montreal.ca\/fr\/evenements-a-venir-4\/"},"author":{"name":"Karine Dudognon","@id":"https:\/\/www.cargo-montreal.ca\/fr\/#\/schema\/person\/80476d173ce654813db9fd1533901365"},"headline":"\u00c9v\u00e9nements \u00e0 venir","datePublished":"2021-04-13T20:25:51+00:00","mainEntityOfPage":{"@id":"https:\/\/www.cargo-montreal.ca\/fr\/evenements-a-venir-4\/"},"wordCount":107,"commentCount":0,"image":{"@id":"https:\/\/www.cargo-montreal.ca\/fr\/evenements-a-venir-4\/#primaryimage"},"thumbnailUrl":"https:\/\/www.cargo-montreal.ca\/wp-content\/uploads\/2021\/04\/Evenements.jpg","articleSection":["Services logistiques"],"inLanguage":"fr-FR","potentialAction":[{"@type":"CommentAction","name":"Comment","target":["https:\/\/www.cargo-montreal.ca\/fr\/evenements-a-venir-4\/#respond"]}]},{"@type":"WebPage","@id":"https:\/\/www.cargo-montreal.ca\/fr\/evenements-a-venir-4\/","url":"https:\/\/www.cargo-montreal.ca\/fr\/evenements-a-venir-4\/","name":"\u00c9v\u00e9nements \u00e0 venir - CargoM","isPartOf":{"@id":"https:\/\/www.cargo-montreal.ca\/fr\/#website"},"primaryImageOfPage":{"@id":"https:\/\/www.cargo-montreal.ca\/fr\/evenements-a-venir-4\/#primaryimage"},"image":{"@id":"https:\/\/www.cargo-montreal.ca\/fr\/evenements-a-venir-4\/#primaryimage"},"thumbnailUrl":"https:\/\/www.cargo-montreal.ca\/wp-content\/uploads\/2021\/04\/Evenements.jpg","datePublished":"2021-04-13T20:25:51+00:00","author":{"@id":"https:\/\/www.cargo-montreal.ca\/fr\/#\/schema\/person\/80476d173ce654813db9fd1533901365"},"breadcrumb":{"@id":"https:\/\/www.cargo-montreal.ca\/fr\/evenements-a-venir-4\/#breadcrumb"},"inLanguage":"fr-FR","potentialAction":[{"@type":"ReadAction","target":["https:\/\/www.cargo-montreal.ca\/fr\/evenements-a-venir-4\/"]}]},{"@type":"ImageObject","inLanguage":"fr-FR","@id":"https:\/\/www.cargo-montreal.ca\/fr\/evenements-a-venir-4\/#primaryimage","url":"https:\/\/www.cargo-montreal.ca\/wp-content\/uploads\/2021\/04\/Evenements.jpg","contentUrl":"https:\/\/www.cargo-montreal.ca\/wp-content\/uploads\/2021\/04\/Evenements.jpg","width":2117,"height":1108},{"@type":"BreadcrumbList","@id":"https:\/\/www.cargo-montreal.ca\/fr\/evenements-a-venir-4\/#breadcrumb","itemListElement":[{"@type":"ListItem","position":1,"name":"Home","item":"https:\/\/www.cargo-montreal.ca\/fr\/"},{"@type":"ListItem","position":2,"name":"\u00c9v\u00e9nements \u00e0 venir"}]},{"@type":"WebSite","@id":"https:\/\/www.cargo-montreal.ca\/fr\/#website","url":"https:\/\/www.cargo-montreal.ca\/fr\/","name":"CargoM","description":"La mission de CargoM: Rassembler les acteurs de la logistique &amp; du transport de marchandises du Grand Montr\u00e9al autour d&#039;objectifs communs, d&#039;actions concert\u00e9es","potentialAction":[{"@type":"SearchAction","target":{"@type":"EntryPoint","urlTemplate":"https:\/\/www.cargo-montreal.ca\/fr\/?s={search_term_string}"},"query-input":{"@type":"PropertyValueSpecification","valueRequired":true,"valueName":"search_term_string"}}],"inLanguage":"fr-FR"},{"@type":"Person","@id":"https:\/\/www.cargo-montreal.ca\/fr\/#\/schema\/person\/80476d173ce654813db9fd1533901365","name":"Karine Dudognon","image":{"@type":"ImageObject","inLanguage":"fr-FR","@id":"https:\/\/secure.gravatar.com\/avatar\/673bdfb703a9b6685a88bc7dfb04a9ea2b48b30e9d1663a5e759a4e9bfa3e2c0?s=96&d=mm&r=g","url":"https:\/\/secure.gravatar.com\/avatar\/673bdfb703a9b6685a88bc7dfb04a9ea2b48b30e9d1663a5e759a4e9bfa3e2c0?s=96&d=mm&r=g","contentUrl":"https:\/\/secure.gravatar.com\/avatar\/673bdfb703a9b6685a88bc7dfb04a9ea2b48b30e9d1663a5e759a4e9bfa3e2c0?s=96&d=mm&r=g","caption":"Karine Dudognon"},"url":"https:\/\/www.cargo-montreal.ca\/fr\/author\/karine\/"}]}},"_links":{"self":[{"href":"https:\/\/www.cargo-montreal.ca\/fr\/wp-json\/wp\/v2\/posts\/11432","targetHints":{"allow":["GET"]}}],"collection":[{"href":"https:\/\/www.cargo-montreal.ca\/fr\/wp-json\/wp\/v2\/posts"}],"about":[{"href":"https:\/\/www.cargo-montreal.ca\/fr\/wp-json\/wp\/v2\/types\/post"}],"author":[{"embeddable":true,"href":"https:\/\/www.cargo-montreal.ca\/fr\/wp-json\/wp\/v2\/users\/39"}],"replies":[{"embeddable":true,"href":"https:\/\/www.cargo-montreal.ca\/fr\/wp-json\/wp\/v2\/comments?post=11432"}],"version-history":[{"count":1,"href":"https:\/\/www.cargo-montreal.ca\/fr\/wp-json\/wp\/v2\/posts\/11432\/revisions"}],"predecessor-version":[{"id":11433,"href":"https:\/\/www.cargo-montreal.ca\/fr\/wp-json\/wp\/v2\/posts\/11432\/revisions\/11433"}],"wp:featuredmedia":[{"embeddable":true,"href":"https:\/\/www.cargo-montreal.ca\/fr\/wp-json\/wp\/v2\/media\/11399"}],"wp:attachment":[{"href":"https:\/\/www.cargo-montreal.ca\/fr\/wp-json\/wp\/v2\/media?parent=11432"}],"wp:term":[{"taxonomy":"category","embeddable":true,"href":"https:\/\/www.cargo-montreal.ca\/fr\/wp-json\/wp\/v2\/categories?post=11432"},{"taxonomy":"post_tag","embeddable":true,"href":"https:\/\/www.cargo-montreal.ca\/fr\/wp-json\/wp\/v2\/tags?post=11432"}],"curies":[{"name":"wp","href":"https:\/\/api.w.org\/{rel}","templated":true}]}}