{"id":11434,"date":"2021-04-13T20:26:46","date_gmt":"2021-04-13T20:26:46","guid":{"rendered":"https:\/\/www.cargo-montreal.ca\/?p=11434"},"modified":"2021-04-13T20:26:46","modified_gmt":"2021-04-13T20:26:46","slug":"formations-3","status":"publish","type":"post","link":"https:\/\/www.cargo-montreal.ca\/fr\/formations-3\/","title":{"rendered":"Formations"},"content":{"rendered":"<b>C\u00e9gep Andr\u00e9-Laurendeau\u00a0<\/b>\r\n\r\n<b>Prochains webinaires de la s\u00e9rie : import-export et conformit\u00e9 douani\u00e8re<\/b>\r\n\r\n&nbsp;\r\n<ul>\r\n \t<li style=\"font-weight: 400;\" aria-level=\"2\"><span style=\"font-weight: 400;\">15 avril 2021 &#8211; <\/span><a href=\"https:\/\/formation.claurendeau.qc.ca\/Web\/MyCatalog\/ViewP?id=Ig8At3Bl5C%2fGaXpAUFt%2b%2fg%3d%3d&amp;pid=a3HXxMXKppHRgbj6woAkVQ%3d%3d\"><span style=\"font-weight: 400;\">Les paiements internationaux, lettres de Cr\u00e9dit, encaissements documentaires<\/span><\/a> <span style=\"font-weight: 400;\">(75 $ + taxes)<\/span><\/li>\r\n \t<li style=\"font-weight: 400;\" aria-level=\"2\"><span style=\"font-weight: 400;\">22 avril 2021 &#8211; <\/span><a href=\"https:\/\/formation.claurendeau.qc.ca\/Web\/MyCatalog\/ViewP?id=SwKqmu59V7plcA7r%2fV3K8g%3d%3d&amp;pid=a3HXxMXKppHRgbj6woAkVQ%3d%3d\"><span style=\"font-weight: 400;\">Exporter outre-mer<\/span><\/a> <span style=\"font-weight: 400;\">(75 $ + taxes)<\/span><\/li>\r\n \t<li style=\"font-weight: 400;\" aria-level=\"2\"><span style=\"font-weight: 400;\">6 mai 2021 &#8211; <\/span><a href=\"https:\/\/formation.claurendeau.qc.ca\/Web\/MyCatalog\/ViewP?id=R29gfkHTMN%2bAT7MSuFJtjQ%3d%3d&amp;pid=a3HXxMXKppHRgbj6woAkVQ%3d%3d\"><span style=\"font-weight: 400;\">Le Code HS aujourd\u2019hui et demain \u2013 Conna\u00eetre la base de la conformit\u00e9 douani\u00e8re<\/span><\/a> <span style=\"font-weight: 400;\">(75 $ + taxes)<\/span><\/li>\r\n \t<li style=\"font-weight: 400;\" aria-level=\"2\"><span style=\"font-weight: 400;\">20 mai 2021 <\/span><span style=\"font-weight: 400;\">&#8211; <\/span><a href=\"https:\/\/formation.claurendeau.qc.ca\/Web\/MyCatalog\/ViewP?id=M7gQr2brDC1Fee3YOffrjA%3d%3d&amp;pid=a3HXxMXKppHRgbj6woAkVQ%3d%3d\"><span style=\"font-weight: 400;\">S\u2019approvisionner hors des fronti\u00e8res canadiennes<\/span><\/a> <span style=\"font-weight: 400;\">(75 $ + taxes)<\/span><\/li>\r\n \t<li style=\"font-weight: 400;\" aria-level=\"2\"><span style=\"font-weight: 400;\">27 mai 2021 &#8211; <\/span><a href=\"https:\/\/formation.claurendeau.qc.ca\/Web\/MyCatalog\/ViewP?id=UgjGsz5iXU1IR5LNsPZDRg%3d%3d&amp;pid=a3HXxMXKppHRgbj6woAkVQ%3d%3d\"><span style=\"font-weight: 400;\">Les Incoterms\u00ae internationaux et les termes am\u00e9ricains<\/span><\/a><span style=\"font-weight: 400;\"> (75 $ + taxes)<\/span><\/li>\r\n<\/ul>\r\n&nbsp;\r\n<ul>\r\n \t<li style=\"font-weight: 400;\" aria-level=\"2\"><span style=\"font-weight: 400;\">19 avril au 25 juin 2021 &#8211; <\/span><a href=\"https:\/\/www.claurendeau.qc.ca\/formation-continue\/formations-courtes-creditees-en-douanes\/\"><span style=\"font-weight: 400;\">Perfectionnement en douanes<\/span><\/a><\/li>\r\n \t<li style=\"font-weight: 400;\" aria-level=\"2\"><span style=\"font-weight: 400;\">26 avril au 18 juin 2021 &#8211; <\/span><a href=\"https:\/\/www.claurendeau.qc.ca\/formation-continue\/formations-courtes-creditees-en-vente-commerces-et-logistique\/\"><span style=\"font-weight: 400;\">Perfectionnement en vente \u2013 commerces et logistique<\/span><\/a><\/li>\r\n \t<li style=\"font-weight: 400;\" aria-level=\"2\"><a href=\"https:\/\/www.claurendeau.qc.ca\/formation-continue\/rac-logistique-du-transport-lca-ds\/\"><span style=\"font-weight: 400;\">RAC Logistique du transport<\/span><\/a><\/li>\r\n \t<li style=\"font-weight: 400;\" aria-level=\"2\"><a href=\"https:\/\/www.claurendeau.qc.ca\/formation-continue\/rac-specialiste-a-la-repartition-en-transport-et-logistique\/\"><span style=\"font-weight: 400;\">RAC Sp\u00e9cialiste \u00e0 la r\u00e9partition en transport et logistique<\/span><\/a><\/li>\r\n<\/ul>\r\n&nbsp;\r\n\r\n<b>Autres formations<\/b><span style=\"font-weight: 400;\">\u00a0<\/span>\r\n<ul>\r\n \t<li style=\"font-weight: 400;\" aria-level=\"2\"><span style=\"font-weight: 400;\">16 avril 2021\u00a0: <\/span><a href=\"https:\/\/acclr.ccmm.ca\/fr\/formation-acclr\/formation-nouveaux-incoterms-5157\/\"><span style=\"font-weight: 400;\">Les Incoterms\u00ae<\/span><\/a><span style=\"font-weight: 400;\"> \u00a0<\/span><\/li>\r\n \t<li style=\"font-weight: 400;\" aria-level=\"2\"><span style=\"font-weight: 400;\">23 avril 2021\u00a0: <\/span><a href=\"https:\/\/www.ccmm.ca\/fr\/formation-acclr\/royaume-uni-apres-le-brexit-comprendre-les-nouvelles-regles-5184\/\"><span style=\"font-weight: 400;\">Les cons\u00e9quences du Brexit pour nos exportateurs<\/span><\/a><\/li>\r\n \t<li style=\"font-weight: 400;\" aria-level=\"2\"><span style=\"font-weight: 400;\">26 avril 2021\u00a0: \u00a0<\/span><a href=\"https:\/\/www.investottawa.ca\/eventbrite-event\/exporting-via-e-commerce-logistics-customs-regulations\/\"><span style=\"font-weight: 400;\">Exporting via e-commerce, Logistics, Customs and Regulatory aspects<\/span><\/a><\/li>\r\n<\/ul>\r\n&nbsp;\r\n\r\n&nbsp;","protected":false},"excerpt":{"rendered":"C\u00e9gep Andr\u00e9-Laurendeau\u00a0 Prochains webinaires de la s\u00e9rie : import-export et conformit\u00e9 douani\u00e8re &nbsp; 15 avril 2021 &#8211; Les paiements internationaux, lettres de Cr\u00e9dit, encaissements documentaires (75 $ + taxes) 22 avril 2021 &#8211; Exporter outre-mer (75 $ + taxes) 6 mai 2021 &#8211; Le Code HS aujourd\u2019hui et demain \u2013 Conna\u00eetre la base de la [&hellip;]","protected":false},"author":39,"featured_media":11401,"comment_status":"open","ping_status":"open","sticky":false,"template":"","format":"standard","meta":{"_acf_changed":false,"footnotes":""},"categories":[20],"tags":[],"class_list":["post-11434","post","type-post","status-publish","format-standard","has-post-thumbnail","hentry","category-services-logistiques"],"acf":[],"yoast_head":"<!-- This site is optimized with the Yoast SEO plugin v27.3 - https:\/\/yoast.com\/product\/yoast-seo-wordpress\/ -->\n<title>Formations - CargoM<\/title>\n<meta name=\"robots\" content=\"index, follow, max-snippet:-1, max-image-preview:large, max-video-preview:-1\" \/>\n<link rel=\"canonical\" href=\"https:\/\/www.cargo-montreal.ca\/fr\/formations-3\/\" \/>\n<meta property=\"og:locale\" content=\"fr_FR\" \/>\n<meta property=\"og:type\" content=\"article\" \/>\n<meta property=\"og:title\" content=\"Formations - CargoM\" \/>\n<meta property=\"og:description\" content=\"C\u00e9gep Andr\u00e9-Laurendeau\u00a0 Prochains webinaires de la s\u00e9rie : import-export et conformit\u00e9 douani\u00e8re &nbsp; 15 avril 2021 &#8211; Les paiements internationaux, lettres de Cr\u00e9dit, encaissements documentaires (75 $ + taxes) 22 avril 2021 &#8211; Exporter outre-mer (75 $ + taxes) 6 mai 2021 &#8211; Le Code HS aujourd\u2019hui et demain \u2013 Conna\u00eetre la base de la [&hellip;]\" \/>\n<meta property=\"og:url\" content=\"https:\/\/www.cargo-montreal.ca\/fr\/formations-3\/\" \/>\n<meta property=\"og:site_name\" content=\"CargoM\" \/>\n<meta property=\"article:published_time\" content=\"2021-04-13T20:26:46+00:00\" \/>\n<meta property=\"og:image\" content=\"https:\/\/www.cargo-montreal.ca\/wp-content\/uploads\/2021\/04\/Formations.png\" \/>\n\t<meta property=\"og:image:width\" content=\"1112\" \/>\n\t<meta property=\"og:image:height\" content=\"628\" \/>\n\t<meta property=\"og:image:type\" content=\"image\/png\" \/>\n<meta name=\"author\" content=\"Karine Dudognon\" \/>\n<meta name=\"twitter:card\" content=\"summary_large_image\" \/>\n<meta name=\"twitter:label1\" content=\"\u00c9crit par\" \/>\n\t<meta name=\"twitter:data1\" content=\"Karine Dudognon\" \/>\n\t<meta name=\"twitter:label2\" content=\"Dur\u00e9e de lecture estim\u00e9e\" \/>\n\t<meta name=\"twitter:data2\" content=\"1 minute\" \/>\n<script type=\"application\/ld+json\" class=\"yoast-schema-graph\">{\"@context\":\"https:\\\/\\\/schema.org\",\"@graph\":[{\"@type\":\"Article\",\"@id\":\"https:\\\/\\\/www.cargo-montreal.ca\\\/fr\\\/formations-3\\\/#article\",\"isPartOf\":{\"@id\":\"https:\\\/\\\/www.cargo-montreal.ca\\\/fr\\\/formations-3\\\/\"},\"author\":{\"name\":\"Karine Dudognon\",\"@id\":\"https:\\\/\\\/www.cargo-montreal.ca\\\/fr\\\/#\\\/schema\\\/person\\\/80476d173ce654813db9fd1533901365\"},\"headline\":\"Formations\",\"datePublished\":\"2021-04-13T20:26:46+00:00\",\"mainEntityOfPage\":{\"@id\":\"https:\\\/\\\/www.cargo-montreal.ca\\\/fr\\\/formations-3\\\/\"},\"wordCount\":132,\"commentCount\":0,\"image\":{\"@id\":\"https:\\\/\\\/www.cargo-montreal.ca\\\/fr\\\/formations-3\\\/#primaryimage\"},\"thumbnailUrl\":\"https:\\\/\\\/www.cargo-montreal.ca\\\/wp-content\\\/uploads\\\/2021\\\/04\\\/Formations.png\",\"articleSection\":[\"Services logistiques\"],\"inLanguage\":\"fr-FR\",\"potentialAction\":[{\"@type\":\"CommentAction\",\"name\":\"Comment\",\"target\":[\"https:\\\/\\\/www.cargo-montreal.ca\\\/fr\\\/formations-3\\\/#respond\"]}]},{\"@type\":\"WebPage\",\"@id\":\"https:\\\/\\\/www.cargo-montreal.ca\\\/fr\\\/formations-3\\\/\",\"url\":\"https:\\\/\\\/www.cargo-montreal.ca\\\/fr\\\/formations-3\\\/\",\"name\":\"Formations - CargoM\",\"isPartOf\":{\"@id\":\"https:\\\/\\\/www.cargo-montreal.ca\\\/fr\\\/#website\"},\"primaryImageOfPage\":{\"@id\":\"https:\\\/\\\/www.cargo-montreal.ca\\\/fr\\\/formations-3\\\/#primaryimage\"},\"image\":{\"@id\":\"https:\\\/\\\/www.cargo-montreal.ca\\\/fr\\\/formations-3\\\/#primaryimage\"},\"thumbnailUrl\":\"https:\\\/\\\/www.cargo-montreal.ca\\\/wp-content\\\/uploads\\\/2021\\\/04\\\/Formations.png\",\"datePublished\":\"2021-04-13T20:26:46+00:00\",\"author\":{\"@id\":\"https:\\\/\\\/www.cargo-montreal.ca\\\/fr\\\/#\\\/schema\\\/person\\\/80476d173ce654813db9fd1533901365\"},\"breadcrumb\":{\"@id\":\"https:\\\/\\\/www.cargo-montreal.ca\\\/fr\\\/formations-3\\\/#breadcrumb\"},\"inLanguage\":\"fr-FR\",\"potentialAction\":[{\"@type\":\"ReadAction\",\"target\":[\"https:\\\/\\\/www.cargo-montreal.ca\\\/fr\\\/formations-3\\\/\"]}]},{\"@type\":\"ImageObject\",\"inLanguage\":\"fr-FR\",\"@id\":\"https:\\\/\\\/www.cargo-montreal.ca\\\/fr\\\/formations-3\\\/#primaryimage\",\"url\":\"https:\\\/\\\/www.cargo-montreal.ca\\\/wp-content\\\/uploads\\\/2021\\\/04\\\/Formations.png\",\"contentUrl\":\"https:\\\/\\\/www.cargo-montreal.ca\\\/wp-content\\\/uploads\\\/2021\\\/04\\\/Formations.png\",\"width\":1112,\"height\":628},{\"@type\":\"BreadcrumbList\",\"@id\":\"https:\\\/\\\/www.cargo-montreal.ca\\\/fr\\\/formations-3\\\/#breadcrumb\",\"itemListElement\":[{\"@type\":\"ListItem\",\"position\":1,\"name\":\"Home\",\"item\":\"https:\\\/\\\/www.cargo-montreal.ca\\\/fr\\\/\"},{\"@type\":\"ListItem\",\"position\":2,\"name\":\"Formations\"}]},{\"@type\":\"WebSite\",\"@id\":\"https:\\\/\\\/www.cargo-montreal.ca\\\/fr\\\/#website\",\"url\":\"https:\\\/\\\/www.cargo-montreal.ca\\\/fr\\\/\",\"name\":\"CargoM\",\"description\":\"La mission de CargoM: Rassembler les acteurs de la logistique &amp; du transport de marchandises du Grand Montr\u00e9al autour d&#039;objectifs communs, d&#039;actions concert\u00e9es\",\"potentialAction\":[{\"@type\":\"SearchAction\",\"target\":{\"@type\":\"EntryPoint\",\"urlTemplate\":\"https:\\\/\\\/www.cargo-montreal.ca\\\/fr\\\/?s={search_term_string}\"},\"query-input\":{\"@type\":\"PropertyValueSpecification\",\"valueRequired\":true,\"valueName\":\"search_term_string\"}}],\"inLanguage\":\"fr-FR\"},{\"@type\":\"Person\",\"@id\":\"https:\\\/\\\/www.cargo-montreal.ca\\\/fr\\\/#\\\/schema\\\/person\\\/80476d173ce654813db9fd1533901365\",\"name\":\"Karine Dudognon\",\"image\":{\"@type\":\"ImageObject\",\"inLanguage\":\"fr-FR\",\"@id\":\"https:\\\/\\\/secure.gravatar.com\\\/avatar\\\/673bdfb703a9b6685a88bc7dfb04a9ea2b48b30e9d1663a5e759a4e9bfa3e2c0?s=96&d=mm&r=g\",\"url\":\"https:\\\/\\\/secure.gravatar.com\\\/avatar\\\/673bdfb703a9b6685a88bc7dfb04a9ea2b48b30e9d1663a5e759a4e9bfa3e2c0?s=96&d=mm&r=g\",\"contentUrl\":\"https:\\\/\\\/secure.gravatar.com\\\/avatar\\\/673bdfb703a9b6685a88bc7dfb04a9ea2b48b30e9d1663a5e759a4e9bfa3e2c0?s=96&d=mm&r=g\",\"caption\":\"Karine Dudognon\"},\"url\":\"https:\\\/\\\/www.cargo-montreal.ca\\\/fr\\\/author\\\/karine\\\/\"}]}<\/script>\n<!-- \/ Yoast SEO plugin. -->","yoast_head_json":{"title":"Formations - CargoM","robots":{"index":"index","follow":"follow","max-snippet":"max-snippet:-1","max-image-preview":"max-image-preview:large","max-video-preview":"max-video-preview:-1"},"canonical":"https:\/\/www.cargo-montreal.ca\/fr\/formations-3\/","og_locale":"fr_FR","og_type":"article","og_title":"Formations - CargoM","og_description":"C\u00e9gep Andr\u00e9-Laurendeau\u00a0 Prochains webinaires de la s\u00e9rie : import-export et conformit\u00e9 douani\u00e8re &nbsp; 15 avril 2021 &#8211; Les paiements internationaux, lettres de Cr\u00e9dit, encaissements documentaires (75 $ + taxes) 22 avril 2021 &#8211; Exporter outre-mer (75 $ + taxes) 6 mai 2021 &#8211; Le Code HS aujourd\u2019hui et demain \u2013 Conna\u00eetre la base de la [&hellip;]","og_url":"https:\/\/www.cargo-montreal.ca\/fr\/formations-3\/","og_site_name":"CargoM","article_published_time":"2021-04-13T20:26:46+00:00","og_image":[{"width":1112,"height":628,"url":"https:\/\/www.cargo-montreal.ca\/wp-content\/uploads\/2021\/04\/Formations.png","type":"image\/png"}],"author":"Karine Dudognon","twitter_card":"summary_large_image","twitter_misc":{"\u00c9crit par":"Karine Dudognon","Dur\u00e9e de lecture estim\u00e9e":"1 minute"},"schema":{"@context":"https:\/\/schema.org","@graph":[{"@type":"Article","@id":"https:\/\/www.cargo-montreal.ca\/fr\/formations-3\/#article","isPartOf":{"@id":"https:\/\/www.cargo-montreal.ca\/fr\/formations-3\/"},"author":{"name":"Karine Dudognon","@id":"https:\/\/www.cargo-montreal.ca\/fr\/#\/schema\/person\/80476d173ce654813db9fd1533901365"},"headline":"Formations","datePublished":"2021-04-13T20:26:46+00:00","mainEntityOfPage":{"@id":"https:\/\/www.cargo-montreal.ca\/fr\/formations-3\/"},"wordCount":132,"commentCount":0,"image":{"@id":"https:\/\/www.cargo-montreal.ca\/fr\/formations-3\/#primaryimage"},"thumbnailUrl":"https:\/\/www.cargo-montreal.ca\/wp-content\/uploads\/2021\/04\/Formations.png","articleSection":["Services logistiques"],"inLanguage":"fr-FR","potentialAction":[{"@type":"CommentAction","name":"Comment","target":["https:\/\/www.cargo-montreal.ca\/fr\/formations-3\/#respond"]}]},{"@type":"WebPage","@id":"https:\/\/www.cargo-montreal.ca\/fr\/formations-3\/","url":"https:\/\/www.cargo-montreal.ca\/fr\/formations-3\/","name":"Formations - CargoM","isPartOf":{"@id":"https:\/\/www.cargo-montreal.ca\/fr\/#website"},"primaryImageOfPage":{"@id":"https:\/\/www.cargo-montreal.ca\/fr\/formations-3\/#primaryimage"},"image":{"@id":"https:\/\/www.cargo-montreal.ca\/fr\/formations-3\/#primaryimage"},"thumbnailUrl":"https:\/\/www.cargo-montreal.ca\/wp-content\/uploads\/2021\/04\/Formations.png","datePublished":"2021-04-13T20:26:46+00:00","author":{"@id":"https:\/\/www.cargo-montreal.ca\/fr\/#\/schema\/person\/80476d173ce654813db9fd1533901365"},"breadcrumb":{"@id":"https:\/\/www.cargo-montreal.ca\/fr\/formations-3\/#breadcrumb"},"inLanguage":"fr-FR","potentialAction":[{"@type":"ReadAction","target":["https:\/\/www.cargo-montreal.ca\/fr\/formations-3\/"]}]},{"@type":"ImageObject","inLanguage":"fr-FR","@id":"https:\/\/www.cargo-montreal.ca\/fr\/formations-3\/#primaryimage","url":"https:\/\/www.cargo-montreal.ca\/wp-content\/uploads\/2021\/04\/Formations.png","contentUrl":"https:\/\/www.cargo-montreal.ca\/wp-content\/uploads\/2021\/04\/Formations.png","width":1112,"height":628},{"@type":"BreadcrumbList","@id":"https:\/\/www.cargo-montreal.ca\/fr\/formations-3\/#breadcrumb","itemListElement":[{"@type":"ListItem","position":1,"name":"Home","item":"https:\/\/www.cargo-montreal.ca\/fr\/"},{"@type":"ListItem","position":2,"name":"Formations"}]},{"@type":"WebSite","@id":"https:\/\/www.cargo-montreal.ca\/fr\/#website","url":"https:\/\/www.cargo-montreal.ca\/fr\/","name":"CargoM","description":"La mission de CargoM: Rassembler les acteurs de la logistique &amp; du transport de marchandises du Grand Montr\u00e9al autour d&#039;objectifs communs, d&#039;actions concert\u00e9es","potentialAction":[{"@type":"SearchAction","target":{"@type":"EntryPoint","urlTemplate":"https:\/\/www.cargo-montreal.ca\/fr\/?s={search_term_string}"},"query-input":{"@type":"PropertyValueSpecification","valueRequired":true,"valueName":"search_term_string"}}],"inLanguage":"fr-FR"},{"@type":"Person","@id":"https:\/\/www.cargo-montreal.ca\/fr\/#\/schema\/person\/80476d173ce654813db9fd1533901365","name":"Karine Dudognon","image":{"@type":"ImageObject","inLanguage":"fr-FR","@id":"https:\/\/secure.gravatar.com\/avatar\/673bdfb703a9b6685a88bc7dfb04a9ea2b48b30e9d1663a5e759a4e9bfa3e2c0?s=96&d=mm&r=g","url":"https:\/\/secure.gravatar.com\/avatar\/673bdfb703a9b6685a88bc7dfb04a9ea2b48b30e9d1663a5e759a4e9bfa3e2c0?s=96&d=mm&r=g","contentUrl":"https:\/\/secure.gravatar.com\/avatar\/673bdfb703a9b6685a88bc7dfb04a9ea2b48b30e9d1663a5e759a4e9bfa3e2c0?s=96&d=mm&r=g","caption":"Karine Dudognon"},"url":"https:\/\/www.cargo-montreal.ca\/fr\/author\/karine\/"}]}},"_links":{"self":[{"href":"https:\/\/www.cargo-montreal.ca\/fr\/wp-json\/wp\/v2\/posts\/11434","targetHints":{"allow":["GET"]}}],"collection":[{"href":"https:\/\/www.cargo-montreal.ca\/fr\/wp-json\/wp\/v2\/posts"}],"about":[{"href":"https:\/\/www.cargo-montreal.ca\/fr\/wp-json\/wp\/v2\/types\/post"}],"author":[{"embeddable":true,"href":"https:\/\/www.cargo-montreal.ca\/fr\/wp-json\/wp\/v2\/users\/39"}],"replies":[{"embeddable":true,"href":"https:\/\/www.cargo-montreal.ca\/fr\/wp-json\/wp\/v2\/comments?post=11434"}],"version-history":[{"count":1,"href":"https:\/\/www.cargo-montreal.ca\/fr\/wp-json\/wp\/v2\/posts\/11434\/revisions"}],"predecessor-version":[{"id":11435,"href":"https:\/\/www.cargo-montreal.ca\/fr\/wp-json\/wp\/v2\/posts\/11434\/revisions\/11435"}],"wp:featuredmedia":[{"embeddable":true,"href":"https:\/\/www.cargo-montreal.ca\/fr\/wp-json\/wp\/v2\/media\/11401"}],"wp:attachment":[{"href":"https:\/\/www.cargo-montreal.ca\/fr\/wp-json\/wp\/v2\/media?parent=11434"}],"wp:term":[{"taxonomy":"category","embeddable":true,"href":"https:\/\/www.cargo-montreal.ca\/fr\/wp-json\/wp\/v2\/categories?post=11434"},{"taxonomy":"post_tag","embeddable":true,"href":"https:\/\/www.cargo-montreal.ca\/fr\/wp-json\/wp\/v2\/tags?post=11434"}],"curies":[{"name":"wp","href":"https:\/\/api.w.org\/{rel}","templated":true}]}}