{"id":11517,"date":"2021-05-06T13:55:22","date_gmt":"2021-05-06T13:55:22","guid":{"rendered":"https:\/\/www.cargo-montreal.ca\/?p=11517"},"modified":"2021-05-06T15:27:50","modified_gmt":"2021-05-06T15:27:50","slug":"sondage-sodes-impacts-de-la-covid-19-dans-vos-organisations","status":"publish","type":"post","link":"https:\/\/www.cargo-montreal.ca\/fr\/sondage-sodes-impacts-de-la-covid-19-dans-vos-organisations\/","title":{"rendered":"Sondage SODES \u2013 Impacts de la Covid-19 dans vos organisations"},"content":{"rendered":"<p style=\"text-align: justify;\">La <a href=\"https:\/\/www.st-laurent.org\/\">Soci\u00e9t\u00e9 de d\u00e9veloppement \u00e9conomique du Saint-Laurent (Sodes)<\/a> en collaboration avec le Comit\u00e9 sectoriel de main-d\u2019\u0153uvre de l\u2019industrie maritime, Innovation, Sciences et D\u00e9veloppement \u00e9conomique Canada et le minist\u00e8re des Transports du Qu\u00e9bec vous invite \u00e0 compl\u00e9ter\u00a0<a href=\"https:\/\/fr.surveymonkey.com\/r\/FLSYSZ7\">ce court sondage<\/a>\u00a0de dix questions sur les impacts de la Covid-19 dans vos organisations.<\/p>\r\n<p style=\"text-align: justify;\">Les informations recueillies demeureront confidentielles et serviront \u00e0 bonifier les r\u00e9flexions et mieux comprendre les impacts de la pand\u00e9mie actuelle sur notre secteur d\u2019activit\u00e9.<\/p>","protected":false},"excerpt":{"rendered":"La Soci\u00e9t\u00e9 de d\u00e9veloppement \u00e9conomique du Saint-Laurent (Sodes) en collaboration avec le Comit\u00e9 sectoriel de main-d\u2019\u0153uvre de l\u2019industrie maritime, Innovation, Sciences et D\u00e9veloppement \u00e9conomique Canada et le minist\u00e8re des Transports du Qu\u00e9bec vous invite \u00e0 compl\u00e9ter\u00a0ce court sondage\u00a0de dix questions sur les impacts de la Covid-19 dans vos organisations. Les informations recueillies demeureront confidentielles et [&hellip;]","protected":false},"author":39,"featured_media":11521,"comment_status":"open","ping_status":"open","sticky":false,"template":"","format":"standard","meta":{"_acf_changed":false,"footnotes":""},"categories":[20],"tags":[],"class_list":["post-11517","post","type-post","status-publish","format-standard","has-post-thumbnail","hentry","category-services-logistiques"],"acf":[],"yoast_head":"<!-- This site is optimized with the Yoast SEO plugin v27.3 - https:\/\/yoast.com\/product\/yoast-seo-wordpress\/ -->\n<title>Sondage SODES \u2013 Impacts de la Covid-19 dans vos organisations - CargoM<\/title>\n<meta name=\"robots\" content=\"index, follow, max-snippet:-1, max-image-preview:large, max-video-preview:-1\" \/>\n<link rel=\"canonical\" href=\"https:\/\/www.cargo-montreal.ca\/fr\/sondage-sodes-impacts-de-la-covid-19-dans-vos-organisations\/\" \/>\n<meta property=\"og:locale\" content=\"fr_FR\" \/>\n<meta property=\"og:type\" content=\"article\" \/>\n<meta property=\"og:title\" content=\"Sondage SODES \u2013 Impacts de la Covid-19 dans vos organisations - CargoM\" \/>\n<meta property=\"og:description\" content=\"La Soci\u00e9t\u00e9 de d\u00e9veloppement \u00e9conomique du Saint-Laurent (Sodes) en collaboration avec le Comit\u00e9 sectoriel de main-d\u2019\u0153uvre de l\u2019industrie maritime, Innovation, Sciences et D\u00e9veloppement \u00e9conomique Canada et le minist\u00e8re des Transports du Qu\u00e9bec vous invite \u00e0 compl\u00e9ter\u00a0ce court sondage\u00a0de dix questions sur les impacts de la Covid-19 dans vos organisations. Les informations recueillies demeureront confidentielles et [&hellip;]\" \/>\n<meta property=\"og:url\" content=\"https:\/\/www.cargo-montreal.ca\/fr\/sondage-sodes-impacts-de-la-covid-19-dans-vos-organisations\/\" \/>\n<meta property=\"og:site_name\" content=\"CargoM\" \/>\n<meta property=\"article:published_time\" content=\"2021-05-06T13:55:22+00:00\" \/>\n<meta property=\"article:modified_time\" content=\"2021-05-06T15:27:50+00:00\" \/>\n<meta property=\"og:image\" content=\"https:\/\/www.cargo-montreal.ca\/wp-content\/uploads\/2021\/05\/SODES_coul-300x261-1.jpg\" \/>\n\t<meta property=\"og:image:width\" content=\"300\" \/>\n\t<meta property=\"og:image:height\" content=\"261\" \/>\n\t<meta property=\"og:image:type\" content=\"image\/jpeg\" \/>\n<meta name=\"author\" content=\"Karine Dudognon\" \/>\n<meta name=\"twitter:card\" content=\"summary_large_image\" \/>\n<meta name=\"twitter:label1\" content=\"\u00c9crit par\" \/>\n\t<meta name=\"twitter:data1\" content=\"Karine Dudognon\" \/>\n\t<meta name=\"twitter:label2\" content=\"Dur\u00e9e de lecture estim\u00e9e\" \/>\n\t<meta name=\"twitter:data2\" content=\"1 minute\" \/>\n<script type=\"application\/ld+json\" class=\"yoast-schema-graph\">{\"@context\":\"https:\\\/\\\/schema.org\",\"@graph\":[{\"@type\":\"Article\",\"@id\":\"https:\\\/\\\/www.cargo-montreal.ca\\\/fr\\\/sondage-sodes-impacts-de-la-covid-19-dans-vos-organisations\\\/#article\",\"isPartOf\":{\"@id\":\"https:\\\/\\\/www.cargo-montreal.ca\\\/fr\\\/sondage-sodes-impacts-de-la-covid-19-dans-vos-organisations\\\/\"},\"author\":{\"name\":\"Karine Dudognon\",\"@id\":\"https:\\\/\\\/www.cargo-montreal.ca\\\/fr\\\/#\\\/schema\\\/person\\\/80476d173ce654813db9fd1533901365\"},\"headline\":\"Sondage SODES \u2013 Impacts de la Covid-19 dans vos organisations\",\"datePublished\":\"2021-05-06T13:55:22+00:00\",\"dateModified\":\"2021-05-06T15:27:50+00:00\",\"mainEntityOfPage\":{\"@id\":\"https:\\\/\\\/www.cargo-montreal.ca\\\/fr\\\/sondage-sodes-impacts-de-la-covid-19-dans-vos-organisations\\\/\"},\"wordCount\":93,\"commentCount\":0,\"image\":{\"@id\":\"https:\\\/\\\/www.cargo-montreal.ca\\\/fr\\\/sondage-sodes-impacts-de-la-covid-19-dans-vos-organisations\\\/#primaryimage\"},\"thumbnailUrl\":\"https:\\\/\\\/www.cargo-montreal.ca\\\/wp-content\\\/uploads\\\/2021\\\/05\\\/SODES_coul-300x261-1.jpg\",\"articleSection\":[\"Services logistiques\"],\"inLanguage\":\"fr-FR\",\"potentialAction\":[{\"@type\":\"CommentAction\",\"name\":\"Comment\",\"target\":[\"https:\\\/\\\/www.cargo-montreal.ca\\\/fr\\\/sondage-sodes-impacts-de-la-covid-19-dans-vos-organisations\\\/#respond\"]}]},{\"@type\":\"WebPage\",\"@id\":\"https:\\\/\\\/www.cargo-montreal.ca\\\/fr\\\/sondage-sodes-impacts-de-la-covid-19-dans-vos-organisations\\\/\",\"url\":\"https:\\\/\\\/www.cargo-montreal.ca\\\/fr\\\/sondage-sodes-impacts-de-la-covid-19-dans-vos-organisations\\\/\",\"name\":\"Sondage SODES \u2013 Impacts de la Covid-19 dans vos organisations - CargoM\",\"isPartOf\":{\"@id\":\"https:\\\/\\\/www.cargo-montreal.ca\\\/fr\\\/#website\"},\"primaryImageOfPage\":{\"@id\":\"https:\\\/\\\/www.cargo-montreal.ca\\\/fr\\\/sondage-sodes-impacts-de-la-covid-19-dans-vos-organisations\\\/#primaryimage\"},\"image\":{\"@id\":\"https:\\\/\\\/www.cargo-montreal.ca\\\/fr\\\/sondage-sodes-impacts-de-la-covid-19-dans-vos-organisations\\\/#primaryimage\"},\"thumbnailUrl\":\"https:\\\/\\\/www.cargo-montreal.ca\\\/wp-content\\\/uploads\\\/2021\\\/05\\\/SODES_coul-300x261-1.jpg\",\"datePublished\":\"2021-05-06T13:55:22+00:00\",\"dateModified\":\"2021-05-06T15:27:50+00:00\",\"author\":{\"@id\":\"https:\\\/\\\/www.cargo-montreal.ca\\\/fr\\\/#\\\/schema\\\/person\\\/80476d173ce654813db9fd1533901365\"},\"breadcrumb\":{\"@id\":\"https:\\\/\\\/www.cargo-montreal.ca\\\/fr\\\/sondage-sodes-impacts-de-la-covid-19-dans-vos-organisations\\\/#breadcrumb\"},\"inLanguage\":\"fr-FR\",\"potentialAction\":[{\"@type\":\"ReadAction\",\"target\":[\"https:\\\/\\\/www.cargo-montreal.ca\\\/fr\\\/sondage-sodes-impacts-de-la-covid-19-dans-vos-organisations\\\/\"]}]},{\"@type\":\"ImageObject\",\"inLanguage\":\"fr-FR\",\"@id\":\"https:\\\/\\\/www.cargo-montreal.ca\\\/fr\\\/sondage-sodes-impacts-de-la-covid-19-dans-vos-organisations\\\/#primaryimage\",\"url\":\"https:\\\/\\\/www.cargo-montreal.ca\\\/wp-content\\\/uploads\\\/2021\\\/05\\\/SODES_coul-300x261-1.jpg\",\"contentUrl\":\"https:\\\/\\\/www.cargo-montreal.ca\\\/wp-content\\\/uploads\\\/2021\\\/05\\\/SODES_coul-300x261-1.jpg\",\"width\":300,\"height\":261},{\"@type\":\"BreadcrumbList\",\"@id\":\"https:\\\/\\\/www.cargo-montreal.ca\\\/fr\\\/sondage-sodes-impacts-de-la-covid-19-dans-vos-organisations\\\/#breadcrumb\",\"itemListElement\":[{\"@type\":\"ListItem\",\"position\":1,\"name\":\"Home\",\"item\":\"https:\\\/\\\/www.cargo-montreal.ca\\\/fr\\\/\"},{\"@type\":\"ListItem\",\"position\":2,\"name\":\"Sondage SODES \u2013 Impacts de la Covid-19 dans vos organisations\"}]},{\"@type\":\"WebSite\",\"@id\":\"https:\\\/\\\/www.cargo-montreal.ca\\\/fr\\\/#website\",\"url\":\"https:\\\/\\\/www.cargo-montreal.ca\\\/fr\\\/\",\"name\":\"CargoM\",\"description\":\"La mission de CargoM: Rassembler les acteurs de la logistique &amp; du transport de marchandises du Grand Montr\u00e9al autour d&#039;objectifs communs, d&#039;actions concert\u00e9es\",\"potentialAction\":[{\"@type\":\"SearchAction\",\"target\":{\"@type\":\"EntryPoint\",\"urlTemplate\":\"https:\\\/\\\/www.cargo-montreal.ca\\\/fr\\\/?s={search_term_string}\"},\"query-input\":{\"@type\":\"PropertyValueSpecification\",\"valueRequired\":true,\"valueName\":\"search_term_string\"}}],\"inLanguage\":\"fr-FR\"},{\"@type\":\"Person\",\"@id\":\"https:\\\/\\\/www.cargo-montreal.ca\\\/fr\\\/#\\\/schema\\\/person\\\/80476d173ce654813db9fd1533901365\",\"name\":\"Karine Dudognon\",\"image\":{\"@type\":\"ImageObject\",\"inLanguage\":\"fr-FR\",\"@id\":\"https:\\\/\\\/secure.gravatar.com\\\/avatar\\\/673bdfb703a9b6685a88bc7dfb04a9ea2b48b30e9d1663a5e759a4e9bfa3e2c0?s=96&d=mm&r=g\",\"url\":\"https:\\\/\\\/secure.gravatar.com\\\/avatar\\\/673bdfb703a9b6685a88bc7dfb04a9ea2b48b30e9d1663a5e759a4e9bfa3e2c0?s=96&d=mm&r=g\",\"contentUrl\":\"https:\\\/\\\/secure.gravatar.com\\\/avatar\\\/673bdfb703a9b6685a88bc7dfb04a9ea2b48b30e9d1663a5e759a4e9bfa3e2c0?s=96&d=mm&r=g\",\"caption\":\"Karine Dudognon\"},\"url\":\"https:\\\/\\\/www.cargo-montreal.ca\\\/fr\\\/author\\\/karine\\\/\"}]}<\/script>\n<!-- \/ Yoast SEO plugin. -->","yoast_head_json":{"title":"Sondage SODES \u2013 Impacts de la Covid-19 dans vos organisations - CargoM","robots":{"index":"index","follow":"follow","max-snippet":"max-snippet:-1","max-image-preview":"max-image-preview:large","max-video-preview":"max-video-preview:-1"},"canonical":"https:\/\/www.cargo-montreal.ca\/fr\/sondage-sodes-impacts-de-la-covid-19-dans-vos-organisations\/","og_locale":"fr_FR","og_type":"article","og_title":"Sondage SODES \u2013 Impacts de la Covid-19 dans vos organisations - CargoM","og_description":"La Soci\u00e9t\u00e9 de d\u00e9veloppement \u00e9conomique du Saint-Laurent (Sodes) en collaboration avec le Comit\u00e9 sectoriel de main-d\u2019\u0153uvre de l\u2019industrie maritime, Innovation, Sciences et D\u00e9veloppement \u00e9conomique Canada et le minist\u00e8re des Transports du Qu\u00e9bec vous invite \u00e0 compl\u00e9ter\u00a0ce court sondage\u00a0de dix questions sur les impacts de la Covid-19 dans vos organisations. Les informations recueillies demeureront confidentielles et [&hellip;]","og_url":"https:\/\/www.cargo-montreal.ca\/fr\/sondage-sodes-impacts-de-la-covid-19-dans-vos-organisations\/","og_site_name":"CargoM","article_published_time":"2021-05-06T13:55:22+00:00","article_modified_time":"2021-05-06T15:27:50+00:00","og_image":[{"width":300,"height":261,"url":"https:\/\/www.cargo-montreal.ca\/wp-content\/uploads\/2021\/05\/SODES_coul-300x261-1.jpg","type":"image\/jpeg"}],"author":"Karine Dudognon","twitter_card":"summary_large_image","twitter_misc":{"\u00c9crit par":"Karine Dudognon","Dur\u00e9e de lecture estim\u00e9e":"1 minute"},"schema":{"@context":"https:\/\/schema.org","@graph":[{"@type":"Article","@id":"https:\/\/www.cargo-montreal.ca\/fr\/sondage-sodes-impacts-de-la-covid-19-dans-vos-organisations\/#article","isPartOf":{"@id":"https:\/\/www.cargo-montreal.ca\/fr\/sondage-sodes-impacts-de-la-covid-19-dans-vos-organisations\/"},"author":{"name":"Karine Dudognon","@id":"https:\/\/www.cargo-montreal.ca\/fr\/#\/schema\/person\/80476d173ce654813db9fd1533901365"},"headline":"Sondage SODES \u2013 Impacts de la Covid-19 dans vos organisations","datePublished":"2021-05-06T13:55:22+00:00","dateModified":"2021-05-06T15:27:50+00:00","mainEntityOfPage":{"@id":"https:\/\/www.cargo-montreal.ca\/fr\/sondage-sodes-impacts-de-la-covid-19-dans-vos-organisations\/"},"wordCount":93,"commentCount":0,"image":{"@id":"https:\/\/www.cargo-montreal.ca\/fr\/sondage-sodes-impacts-de-la-covid-19-dans-vos-organisations\/#primaryimage"},"thumbnailUrl":"https:\/\/www.cargo-montreal.ca\/wp-content\/uploads\/2021\/05\/SODES_coul-300x261-1.jpg","articleSection":["Services logistiques"],"inLanguage":"fr-FR","potentialAction":[{"@type":"CommentAction","name":"Comment","target":["https:\/\/www.cargo-montreal.ca\/fr\/sondage-sodes-impacts-de-la-covid-19-dans-vos-organisations\/#respond"]}]},{"@type":"WebPage","@id":"https:\/\/www.cargo-montreal.ca\/fr\/sondage-sodes-impacts-de-la-covid-19-dans-vos-organisations\/","url":"https:\/\/www.cargo-montreal.ca\/fr\/sondage-sodes-impacts-de-la-covid-19-dans-vos-organisations\/","name":"Sondage SODES \u2013 Impacts de la Covid-19 dans vos organisations - CargoM","isPartOf":{"@id":"https:\/\/www.cargo-montreal.ca\/fr\/#website"},"primaryImageOfPage":{"@id":"https:\/\/www.cargo-montreal.ca\/fr\/sondage-sodes-impacts-de-la-covid-19-dans-vos-organisations\/#primaryimage"},"image":{"@id":"https:\/\/www.cargo-montreal.ca\/fr\/sondage-sodes-impacts-de-la-covid-19-dans-vos-organisations\/#primaryimage"},"thumbnailUrl":"https:\/\/www.cargo-montreal.ca\/wp-content\/uploads\/2021\/05\/SODES_coul-300x261-1.jpg","datePublished":"2021-05-06T13:55:22+00:00","dateModified":"2021-05-06T15:27:50+00:00","author":{"@id":"https:\/\/www.cargo-montreal.ca\/fr\/#\/schema\/person\/80476d173ce654813db9fd1533901365"},"breadcrumb":{"@id":"https:\/\/www.cargo-montreal.ca\/fr\/sondage-sodes-impacts-de-la-covid-19-dans-vos-organisations\/#breadcrumb"},"inLanguage":"fr-FR","potentialAction":[{"@type":"ReadAction","target":["https:\/\/www.cargo-montreal.ca\/fr\/sondage-sodes-impacts-de-la-covid-19-dans-vos-organisations\/"]}]},{"@type":"ImageObject","inLanguage":"fr-FR","@id":"https:\/\/www.cargo-montreal.ca\/fr\/sondage-sodes-impacts-de-la-covid-19-dans-vos-organisations\/#primaryimage","url":"https:\/\/www.cargo-montreal.ca\/wp-content\/uploads\/2021\/05\/SODES_coul-300x261-1.jpg","contentUrl":"https:\/\/www.cargo-montreal.ca\/wp-content\/uploads\/2021\/05\/SODES_coul-300x261-1.jpg","width":300,"height":261},{"@type":"BreadcrumbList","@id":"https:\/\/www.cargo-montreal.ca\/fr\/sondage-sodes-impacts-de-la-covid-19-dans-vos-organisations\/#breadcrumb","itemListElement":[{"@type":"ListItem","position":1,"name":"Home","item":"https:\/\/www.cargo-montreal.ca\/fr\/"},{"@type":"ListItem","position":2,"name":"Sondage SODES \u2013 Impacts de la Covid-19 dans vos organisations"}]},{"@type":"WebSite","@id":"https:\/\/www.cargo-montreal.ca\/fr\/#website","url":"https:\/\/www.cargo-montreal.ca\/fr\/","name":"CargoM","description":"La mission de CargoM: Rassembler les acteurs de la logistique &amp; du transport de marchandises du Grand Montr\u00e9al autour d&#039;objectifs communs, d&#039;actions concert\u00e9es","potentialAction":[{"@type":"SearchAction","target":{"@type":"EntryPoint","urlTemplate":"https:\/\/www.cargo-montreal.ca\/fr\/?s={search_term_string}"},"query-input":{"@type":"PropertyValueSpecification","valueRequired":true,"valueName":"search_term_string"}}],"inLanguage":"fr-FR"},{"@type":"Person","@id":"https:\/\/www.cargo-montreal.ca\/fr\/#\/schema\/person\/80476d173ce654813db9fd1533901365","name":"Karine Dudognon","image":{"@type":"ImageObject","inLanguage":"fr-FR","@id":"https:\/\/secure.gravatar.com\/avatar\/673bdfb703a9b6685a88bc7dfb04a9ea2b48b30e9d1663a5e759a4e9bfa3e2c0?s=96&d=mm&r=g","url":"https:\/\/secure.gravatar.com\/avatar\/673bdfb703a9b6685a88bc7dfb04a9ea2b48b30e9d1663a5e759a4e9bfa3e2c0?s=96&d=mm&r=g","contentUrl":"https:\/\/secure.gravatar.com\/avatar\/673bdfb703a9b6685a88bc7dfb04a9ea2b48b30e9d1663a5e759a4e9bfa3e2c0?s=96&d=mm&r=g","caption":"Karine Dudognon"},"url":"https:\/\/www.cargo-montreal.ca\/fr\/author\/karine\/"}]}},"_links":{"self":[{"href":"https:\/\/www.cargo-montreal.ca\/fr\/wp-json\/wp\/v2\/posts\/11517","targetHints":{"allow":["GET"]}}],"collection":[{"href":"https:\/\/www.cargo-montreal.ca\/fr\/wp-json\/wp\/v2\/posts"}],"about":[{"href":"https:\/\/www.cargo-montreal.ca\/fr\/wp-json\/wp\/v2\/types\/post"}],"author":[{"embeddable":true,"href":"https:\/\/www.cargo-montreal.ca\/fr\/wp-json\/wp\/v2\/users\/39"}],"replies":[{"embeddable":true,"href":"https:\/\/www.cargo-montreal.ca\/fr\/wp-json\/wp\/v2\/comments?post=11517"}],"version-history":[{"count":2,"href":"https:\/\/www.cargo-montreal.ca\/fr\/wp-json\/wp\/v2\/posts\/11517\/revisions"}],"predecessor-version":[{"id":11560,"href":"https:\/\/www.cargo-montreal.ca\/fr\/wp-json\/wp\/v2\/posts\/11517\/revisions\/11560"}],"wp:featuredmedia":[{"embeddable":true,"href":"https:\/\/www.cargo-montreal.ca\/fr\/wp-json\/wp\/v2\/media\/11521"}],"wp:attachment":[{"href":"https:\/\/www.cargo-montreal.ca\/fr\/wp-json\/wp\/v2\/media?parent=11517"}],"wp:term":[{"taxonomy":"category","embeddable":true,"href":"https:\/\/www.cargo-montreal.ca\/fr\/wp-json\/wp\/v2\/categories?post=11517"},{"taxonomy":"post_tag","embeddable":true,"href":"https:\/\/www.cargo-montreal.ca\/fr\/wp-json\/wp\/v2\/tags?post=11517"}],"curies":[{"name":"wp","href":"https:\/\/api.w.org\/{rel}","templated":true}]}}