{"id":11741,"date":"2021-06-08T18:15:50","date_gmt":"2021-06-08T18:15:50","guid":{"rendered":"https:\/\/www.cargo-montreal.ca\/?p=11741"},"modified":"2021-06-08T19:13:14","modified_gmt":"2021-06-08T19:13:14","slug":"covid-19-4","status":"publish","type":"post","link":"https:\/\/www.cargo-montreal.ca\/fr\/covid-19-4\/","title":{"rendered":"COVID-19"},"content":{"rendered":"<strong>Mesures en vigueur<\/strong>\r\n<p align=\"justify\">La situation \u00e9pid\u00e9miologique a beaucoup \u00e9volu\u00e9 depuis des derni\u00e8res semaines suivant la r\u00e9ponse positive de la population \u00e0 la campagne de vaccination. Depuis lundi 7 juin, les r\u00e9gions de Montr\u00e9al et de Laval sont pass\u00e9es en zone orange. Plus aucune r\u00e9gion n\u2019est en alerte maximale depuis cette date au Qu\u00e9bec.<\/p>\r\n<p align=\"justify\">Pour plus de d\u00e9tails sur les mesures en vigueur selon les r\u00e9gions, nous vous invitons \u00e0 consulter la\u00a0<a href=\"https:\/\/hs-8719392.t.hubspotstarter-hj.net\/e2t\/tc\/VXk0pb7FGsr3VcbWvV7vRPZZW7Kkhd54szCJFN6fpSW15kbT_V3Zsc37Cg-rGW1MP4l51V13WjN8Cfv4Z7K4srW7pVSng40_LB7W6GwVlK8ybcrlW1C_Z189hZgP4W1b89XC1GjhpLW8TssrZ4X2NPxW7FcNTy663JMKW8PdrBL1zl2P2W8b64Lj2HkL4hW4qndT94b2hWGW5YxD1F2GlRRwW8VybLx22gv-TW75wr3L8P_CmsW8cDpvY58sfZSW1NrRW113gHXYW3-wdSX5X7yy7VR03JD7XFb3bW3yWK6h1fPnpTW99Ctxy5MPFfrW4d5ZSM785spKW3c1gPy841NvNW3GBd6v1bMm7mW8HtNcg3gKyy5W3HgDdC2RLWhWW90tcm67CvvVzTD-6s2XNM2ZN6gbRXXDzqRhW5jP0x56N_Bn8W76b_F98PM1vgW7q0G3X5YHd3jN5GQ3NpR5fTxW61jSZG8ZXvjMW1jV2WL1-4kXwW6RR-QZ3r9sDFW3VN5r72N2vhsN3LzqDcFWHcmW36Yw7m710nbv3lV41\" target=\"_blank\" rel=\"noopener\" data-saferedirecturl=\"https:\/\/www.google.com\/url?q=https:\/\/hs-8719392.t.hubspotstarter-hj.net\/e2t\/tc\/VXk0pb7FGsr3VcbWvV7vRPZZW7Kkhd54szCJFN6fpSW15kbT_V3Zsc37Cg-rGW1MP4l51V13WjN8Cfv4Z7K4srW7pVSng40_LB7W6GwVlK8ybcrlW1C_Z189hZgP4W1b89XC1GjhpLW8TssrZ4X2NPxW7FcNTy663JMKW8PdrBL1zl2P2W8b64Lj2HkL4hW4qndT94b2hWGW5YxD1F2GlRRwW8VybLx22gv-TW75wr3L8P_CmsW8cDpvY58sfZSW1NrRW113gHXYW3-wdSX5X7yy7VR03JD7XFb3bW3yWK6h1fPnpTW99Ctxy5MPFfrW4d5ZSM785spKW3c1gPy841NvNW3GBd6v1bMm7mW8HtNcg3gKyy5W3HgDdC2RLWhWW90tcm67CvvVzTD-6s2XNM2ZN6gbRXXDzqRhW5jP0x56N_Bn8W76b_F98PM1vgW7q0G3X5YHd3jN5GQ3NpR5fTxW61jSZG8ZXvjMW1jV2WL1-4kXwW6RR-QZ3r9sDFW3VN5r72N2vhsN3LzqDcFWHcmW36Yw7m710nbv3lV41&amp;source=gmail&amp;ust=1623259524818000&amp;usg=AFQjCNF-BUIKNVK0yi0zTUJOwoBd8UGRaA\">carte des paliers d&rsquo;alerte<\/a>.<\/p>\r\n<p align=\"justify\">Tous les employ\u00e9s des entreprises en zone orange qui effectuent des t\u00e2ches administratives ou du travail de bureau continuent ces t\u00e2ches en t\u00e9l\u00e9travail \u00e0 l\u2019exception des employ\u00e9s dont la pr\u00e9sence est essentielle \u00e0 la poursuite des activit\u00e9s de l\u2019entreprise.<\/p>\r\n<p align=\"justify\">Pour les entreprises dont les employ\u00e9s doivent se rendre \u00e0 leurs lieux de travail, des outils de pr\u00e9vention ont \u00e9t\u00e9 d\u00e9ploy\u00e9s afin d\u2019assurer la s\u00e9curit\u00e9 de tous\u00a0:<\/p>\r\n\r\n<ul>\r\n \t<li><a href=\"https:\/\/hs-8719392.t.hubspotstarter-hj.net\/e2t\/tc\/VXk0pb7FGsr3VcbWvV7vRPZZW7Kkhd54szCJFN6fpSW13lGmQV1-WJV7CgQTvW6ghxJr6r3bjCW6yb8cC92ZWm2W6-xfVk1r4MH-W53J2gh4FVXX5N8jrX_rgk4N7W6HY5VC2GZF8TW7G_qYz85KdRgW8n7l123-3TLCW58--lv40fd3cW83G93T4PW0qVVRm5vh1kRB5kN3-Q4MC1pSWQW17Sw8d3LnmX3W5qDTzR71vTPXW3mY8nv2NlxwxW2H2YmD7gDL6vVf7rxl8NfY8QW8x9DqY6bCKzGN3mZZqYJ6p-JW6RXlBZ6hmtPCW2tjK8f4Gv2GnW11VxTx31VHmD3jpw1\" target=\"_blank\" rel=\"noopener\" data-saferedirecturl=\"https:\/\/www.google.com\/url?q=https:\/\/hs-8719392.t.hubspotstarter-hj.net\/e2t\/tc\/VXk0pb7FGsr3VcbWvV7vRPZZW7Kkhd54szCJFN6fpSW13lGmQV1-WJV7CgQTvW6ghxJr6r3bjCW6yb8cC92ZWm2W6-xfVk1r4MH-W53J2gh4FVXX5N8jrX_rgk4N7W6HY5VC2GZF8TW7G_qYz85KdRgW8n7l123-3TLCW58--lv40fd3cW83G93T4PW0qVVRm5vh1kRB5kN3-Q4MC1pSWQW17Sw8d3LnmX3W5qDTzR71vTPXW3mY8nv2NlxwxW2H2YmD7gDL6vVf7rxl8NfY8QW8x9DqY6bCKzGN3mZZqYJ6p-JW6RXlBZ6hmtPCW2tjK8f4Gv2GnW11VxTx31VHmD3jpw1&amp;source=gmail&amp;ust=1623259524818000&amp;usg=AFQjCNFIpXfjec39OKXlD28nqShAqMSbIA\">CNESST \u2013 Des outils pour vous aider<\/a><\/li>\r\n \t<li><a href=\"https:\/\/hs-8719392.t.hubspotstarter-hj.net\/e2t\/tc\/VXk0pb7FGsr3VcbWvV7vRPZZW7Kkhd54szCJFN6fpSW15kbT_V3Zsc37CgGpYW3S3wWc3DVRfvW7SJVNg5nRW4nN4ly22nNTrbFW2DPSQV91n28kW3LsXMg5wfYL4VCrpGG9jlwPCW33Tv_46pD9hLW9hYzLy39Tn5nW1-WV867LV-gNVVLMJt2K3t1GW7RNxpK5T1Y1fW7wSHNB2p2gL7W6Y9J8m8HzYmfDxCXpT87KyW969xWf8hdvwWN60d72ykCCB1W3z9l9v8bWkMMW2ctGwm6mrk58W4QQ7wD4BbxW_VzJ6017QNwvWW4bp_jh33gWZwW3fg1cY41tczhW36D0CQ80wCpHW6Mb68Z1HzSqYW29t2Z-2wvP9zW7f9f_q6Y3rztW7tPhsq8Jqm89VJ85-C1Pc13vW5YYkKm2cl_HrW1xGmmw50WQzlW63Sj772W3drLW5yvLfN4YZptfMCQ0pWm9_YbW7PpnbF5N6mKwW3fwb8X2y2jtdW6FRt4m69pF14W8Fm9Zp5N0lY4W1PHlDL65cYck3np91\" target=\"_blank\" rel=\"noopener\" data-saferedirecturl=\"https:\/\/www.google.com\/url?q=https:\/\/hs-8719392.t.hubspotstarter-hj.net\/e2t\/tc\/VXk0pb7FGsr3VcbWvV7vRPZZW7Kkhd54szCJFN6fpSW15kbT_V3Zsc37CgGpYW3S3wWc3DVRfvW7SJVNg5nRW4nN4ly22nNTrbFW2DPSQV91n28kW3LsXMg5wfYL4VCrpGG9jlwPCW33Tv_46pD9hLW9hYzLy39Tn5nW1-WV867LV-gNVVLMJt2K3t1GW7RNxpK5T1Y1fW7wSHNB2p2gL7W6Y9J8m8HzYmfDxCXpT87KyW969xWf8hdvwWN60d72ykCCB1W3z9l9v8bWkMMW2ctGwm6mrk58W4QQ7wD4BbxW_VzJ6017QNwvWW4bp_jh33gWZwW3fg1cY41tczhW36D0CQ80wCpHW6Mb68Z1HzSqYW29t2Z-2wvP9zW7f9f_q6Y3rztW7tPhsq8Jqm89VJ85-C1Pc13vW5YYkKm2cl_HrW1xGmmw50WQzlW63Sj772W3drLW5yvLfN4YZptfMCQ0pWm9_YbW7PpnbF5N6mKwW3fwb8X2y2jtdW6FRt4m69pF14W8Fm9Zp5N0lY4W1PHlDL65cYck3np91&amp;source=gmail&amp;ust=1623259524818000&amp;usg=AFQjCNF4zqnOw9cPScXLmm6drdxmJmYANw\">Foire aux questions pour les employeurs et les travailleurs<\/a><\/li>\r\n \t<li><a href=\"https:\/\/hs-8719392.t.hubspotstarter-hj.net\/e2t\/tc\/VXk0pb7FGsr3VcbWvV7vRPZZW7Kkhd54szCJFN6fpSV75kbT5V3Zsc37CgFtnW6q6Xkg7449lKW46m5cs4P2jnxVT5rDy8Z6RH4VPSGg-4GLRKJW4csVtc37JnDBN8DywdB_HNzHW4zQly22yZdS6W8cS-8f72TyzHVQmdMv4QlWr8W3zPBj_7F-0QKW8ZVgmh5Lyf4kW7rQrCG7WLw9cW3x6YW37ZPHsTW1dvHYK2gMrSrW7QZmGW3pYXDSW259psy3DjqsFW66XXVY6bwjhdW3MccGZ6CTcV2W28rZsy1z-C99W50QZyK63bxmwW1g4htl7qJnhzW8_kWNX34d0CwW2mJMsG6Qf6xGW98p01n4c2zx1W659Bwc1xNj2tN7qk6yBZ9SrqN7RCppR2tKM9W90lZMw5JP7PJW2YV8fy4MDLNSW4_LBNx4QX34gN21HjNnR-jx5VLrGZf7s0qnc3hRs1\" target=\"_blank\" rel=\"noopener\" data-saferedirecturl=\"https:\/\/www.google.com\/url?q=https:\/\/hs-8719392.t.hubspotstarter-hj.net\/e2t\/tc\/VXk0pb7FGsr3VcbWvV7vRPZZW7Kkhd54szCJFN6fpSV75kbT5V3Zsc37CgFtnW6q6Xkg7449lKW46m5cs4P2jnxVT5rDy8Z6RH4VPSGg-4GLRKJW4csVtc37JnDBN8DywdB_HNzHW4zQly22yZdS6W8cS-8f72TyzHVQmdMv4QlWr8W3zPBj_7F-0QKW8ZVgmh5Lyf4kW7rQrCG7WLw9cW3x6YW37ZPHsTW1dvHYK2gMrSrW7QZmGW3pYXDSW259psy3DjqsFW66XXVY6bwjhdW3MccGZ6CTcV2W28rZsy1z-C99W50QZyK63bxmwW1g4htl7qJnhzW8_kWNX34d0CwW2mJMsG6Qf6xGW98p01n4c2zx1W659Bwc1xNj2tN7qk6yBZ9SrqN7RCppR2tKM9W90lZMw5JP7PJW2YV8fy4MDLNSW4_LBNx4QX34gN21HjNnR-jx5VLrGZf7s0qnc3hRs1&amp;source=gmail&amp;ust=1623259524819000&amp;usg=AFQjCNGpot92_6JrJ05XWu3HF55ieCE8fA\">Sant\u00e9 Montr\u00e9al<\/a><\/li>\r\n<\/ul>\r\n<p align=\"justify\">La campagne de vaccination se poursuit et la date d\u2019administration de la 2<sup>e\u00a0<\/sup>dose peut-\u00eatre devanc\u00e9e selon votre groupe d\u2019\u00e2ge. Vous devez cependant vous assurer de respecter le d\u00e9lai de 8 semaines entre les deux doses. Pour en savoir plus, cliquez\u00a0<a href=\"https:\/\/hs-8719392.t.hubspotstarter-hj.net\/e2t\/tc\/VXk0pb7FGsr3VcbWvV7vRPZZW7Kkhd54szCJFN6fpSVL5kbTJV3Zsc37CgPbNW8MH-Bh5qtB6NV7dM5Z6YDGrvW5Vmlzx6WYpNFW9llV2d7K4x15W6jd4XQ4dndGYW8LLkdb2K9-W_W7WY_JV9c1g7GW3Bm2Lm6SF2yLW7b4WWN6YPfLpW8YBfC69m3r7wW2gF9w07CWkLQW2Zgn496PWxpRW80XCcq4hHbRYW5rfsNp2qChz_W7kSGJm2P1502W6glg2r1p63L3W8nY3Bn6dP2kxW8kMQHr4dbzp5W3Kd4t37n43wXN610N5DQB79jW3NBykM77S_t3W6ZrhCK2Dx_bCW2JD_Nm8z1hXJW59mdS-6-qdZRW4QFhXw6_Y5GwN1vngn23S3-NVsZqzR2x9bYbW3QqCBX83R32vW2tyQZm7Pw62CV8jdkp3x-VBfW85d4Yz8RnrQLN6Zk3RvYvy8lVLCxqK8XLSKPW4NSTKf7JnwX3VCq-7f6CYyM_W8QSKQQ995H5H3lXJ1\" target=\"_blank\" rel=\"noopener\" data-saferedirecturl=\"https:\/\/www.google.com\/url?q=https:\/\/hs-8719392.t.hubspotstarter-hj.net\/e2t\/tc\/VXk0pb7FGsr3VcbWvV7vRPZZW7Kkhd54szCJFN6fpSVL5kbTJV3Zsc37CgPbNW8MH-Bh5qtB6NV7dM5Z6YDGrvW5Vmlzx6WYpNFW9llV2d7K4x15W6jd4XQ4dndGYW8LLkdb2K9-W_W7WY_JV9c1g7GW3Bm2Lm6SF2yLW7b4WWN6YPfLpW8YBfC69m3r7wW2gF9w07CWkLQW2Zgn496PWxpRW80XCcq4hHbRYW5rfsNp2qChz_W7kSGJm2P1502W6glg2r1p63L3W8nY3Bn6dP2kxW8kMQHr4dbzp5W3Kd4t37n43wXN610N5DQB79jW3NBykM77S_t3W6ZrhCK2Dx_bCW2JD_Nm8z1hXJW59mdS-6-qdZRW4QFhXw6_Y5GwN1vngn23S3-NVsZqzR2x9bYbW3QqCBX83R32vW2tyQZm7Pw62CV8jdkp3x-VBfW85d4Yz8RnrQLN6Zk3RvYvy8lVLCxqK8XLSKPW4NSTKf7JnwX3VCq-7f6CYyM_W8QSKQQ995H5H3lXJ1&amp;source=gmail&amp;ust=1623259524819000&amp;usg=AFQjCNFGkyV23VY65ESieG1ckqI0y4UnXQ\">ici<\/a>.<\/p>","protected":false},"excerpt":{"rendered":"Mesures en vigueur La situation \u00e9pid\u00e9miologique a beaucoup \u00e9volu\u00e9 depuis des derni\u00e8res semaines suivant la r\u00e9ponse positive de la population \u00e0 la campagne de vaccination. Depuis lundi 7 juin, les r\u00e9gions de Montr\u00e9al et de Laval sont pass\u00e9es en zone orange. Plus aucune r\u00e9gion n\u2019est en alerte maximale depuis cette date au Qu\u00e9bec. Pour plus [&hellip;]","protected":false},"author":39,"featured_media":11536,"comment_status":"open","ping_status":"open","sticky":false,"template":"","format":"standard","meta":{"_acf_changed":false,"footnotes":""},"categories":[20],"tags":[],"class_list":["post-11741","post","type-post","status-publish","format-standard","has-post-thumbnail","hentry","category-services-logistiques"],"acf":[],"yoast_head":"<!-- This site is optimized with the Yoast SEO plugin v27.3 - https:\/\/yoast.com\/product\/yoast-seo-wordpress\/ -->\n<title>COVID-19 - CargoM<\/title>\n<meta name=\"robots\" content=\"index, follow, max-snippet:-1, max-image-preview:large, max-video-preview:-1\" \/>\n<link rel=\"canonical\" href=\"https:\/\/www.cargo-montreal.ca\/fr\/covid-19-4\/\" \/>\n<meta property=\"og:locale\" content=\"fr_FR\" \/>\n<meta property=\"og:type\" content=\"article\" \/>\n<meta property=\"og:title\" content=\"COVID-19 - CargoM\" \/>\n<meta property=\"og:description\" content=\"Mesures en vigueur La situation \u00e9pid\u00e9miologique a beaucoup \u00e9volu\u00e9 depuis des derni\u00e8res semaines suivant la r\u00e9ponse positive de la population \u00e0 la campagne de vaccination. Depuis lundi 7 juin, les r\u00e9gions de Montr\u00e9al et de Laval sont pass\u00e9es en zone orange. Plus aucune r\u00e9gion n\u2019est en alerte maximale depuis cette date au Qu\u00e9bec. Pour plus [&hellip;]\" \/>\n<meta property=\"og:url\" content=\"https:\/\/www.cargo-montreal.ca\/fr\/covid-19-4\/\" \/>\n<meta property=\"og:site_name\" content=\"CargoM\" \/>\n<meta property=\"article:published_time\" content=\"2021-06-08T18:15:50+00:00\" \/>\n<meta property=\"article:modified_time\" content=\"2021-06-08T19:13:14+00:00\" \/>\n<meta property=\"og:image\" content=\"https:\/\/www.cargo-montreal.ca\/wp-content\/uploads\/2021\/05\/iStock-1212634081-1024x683.jpg\" \/>\n\t<meta property=\"og:image:width\" content=\"1024\" \/>\n\t<meta property=\"og:image:height\" content=\"683\" \/>\n\t<meta property=\"og:image:type\" content=\"image\/jpeg\" \/>\n<meta name=\"author\" content=\"Karine Dudognon\" \/>\n<meta name=\"twitter:card\" content=\"summary_large_image\" \/>\n<meta name=\"twitter:label1\" content=\"\u00c9crit par\" \/>\n\t<meta name=\"twitter:data1\" content=\"Karine Dudognon\" \/>\n\t<meta name=\"twitter:label2\" content=\"Dur\u00e9e de lecture estim\u00e9e\" \/>\n\t<meta name=\"twitter:data2\" content=\"1 minute\" \/>\n<script type=\"application\/ld+json\" class=\"yoast-schema-graph\">{\"@context\":\"https:\\\/\\\/schema.org\",\"@graph\":[{\"@type\":\"Article\",\"@id\":\"https:\\\/\\\/www.cargo-montreal.ca\\\/fr\\\/covid-19-4\\\/#article\",\"isPartOf\":{\"@id\":\"https:\\\/\\\/www.cargo-montreal.ca\\\/fr\\\/covid-19-4\\\/\"},\"author\":{\"name\":\"Karine Dudognon\",\"@id\":\"https:\\\/\\\/www.cargo-montreal.ca\\\/fr\\\/#\\\/schema\\\/person\\\/80476d173ce654813db9fd1533901365\"},\"headline\":\"COVID-19\",\"datePublished\":\"2021-06-08T18:15:50+00:00\",\"dateModified\":\"2021-06-08T19:13:14+00:00\",\"mainEntityOfPage\":{\"@id\":\"https:\\\/\\\/www.cargo-montreal.ca\\\/fr\\\/covid-19-4\\\/\"},\"wordCount\":228,\"commentCount\":0,\"image\":{\"@id\":\"https:\\\/\\\/www.cargo-montreal.ca\\\/fr\\\/covid-19-4\\\/#primaryimage\"},\"thumbnailUrl\":\"https:\\\/\\\/www.cargo-montreal.ca\\\/wp-content\\\/uploads\\\/2021\\\/05\\\/iStock-1212634081.jpg\",\"articleSection\":[\"Services logistiques\"],\"inLanguage\":\"fr-FR\",\"potentialAction\":[{\"@type\":\"CommentAction\",\"name\":\"Comment\",\"target\":[\"https:\\\/\\\/www.cargo-montreal.ca\\\/fr\\\/covid-19-4\\\/#respond\"]}]},{\"@type\":\"WebPage\",\"@id\":\"https:\\\/\\\/www.cargo-montreal.ca\\\/fr\\\/covid-19-4\\\/\",\"url\":\"https:\\\/\\\/www.cargo-montreal.ca\\\/fr\\\/covid-19-4\\\/\",\"name\":\"COVID-19 - CargoM\",\"isPartOf\":{\"@id\":\"https:\\\/\\\/www.cargo-montreal.ca\\\/fr\\\/#website\"},\"primaryImageOfPage\":{\"@id\":\"https:\\\/\\\/www.cargo-montreal.ca\\\/fr\\\/covid-19-4\\\/#primaryimage\"},\"image\":{\"@id\":\"https:\\\/\\\/www.cargo-montreal.ca\\\/fr\\\/covid-19-4\\\/#primaryimage\"},\"thumbnailUrl\":\"https:\\\/\\\/www.cargo-montreal.ca\\\/wp-content\\\/uploads\\\/2021\\\/05\\\/iStock-1212634081.jpg\",\"datePublished\":\"2021-06-08T18:15:50+00:00\",\"dateModified\":\"2021-06-08T19:13:14+00:00\",\"author\":{\"@id\":\"https:\\\/\\\/www.cargo-montreal.ca\\\/fr\\\/#\\\/schema\\\/person\\\/80476d173ce654813db9fd1533901365\"},\"breadcrumb\":{\"@id\":\"https:\\\/\\\/www.cargo-montreal.ca\\\/fr\\\/covid-19-4\\\/#breadcrumb\"},\"inLanguage\":\"fr-FR\",\"potentialAction\":[{\"@type\":\"ReadAction\",\"target\":[\"https:\\\/\\\/www.cargo-montreal.ca\\\/fr\\\/covid-19-4\\\/\"]}]},{\"@type\":\"ImageObject\",\"inLanguage\":\"fr-FR\",\"@id\":\"https:\\\/\\\/www.cargo-montreal.ca\\\/fr\\\/covid-19-4\\\/#primaryimage\",\"url\":\"https:\\\/\\\/www.cargo-montreal.ca\\\/wp-content\\\/uploads\\\/2021\\\/05\\\/iStock-1212634081.jpg\",\"contentUrl\":\"https:\\\/\\\/www.cargo-montreal.ca\\\/wp-content\\\/uploads\\\/2021\\\/05\\\/iStock-1212634081.jpg\",\"width\":8660,\"height\":5773,\"caption\":\"Can be used for a website, mobile application, presentation, corporate identity design, wherever you decide that you need is. Looks good, high quality.\"},{\"@type\":\"BreadcrumbList\",\"@id\":\"https:\\\/\\\/www.cargo-montreal.ca\\\/fr\\\/covid-19-4\\\/#breadcrumb\",\"itemListElement\":[{\"@type\":\"ListItem\",\"position\":1,\"name\":\"Home\",\"item\":\"https:\\\/\\\/www.cargo-montreal.ca\\\/fr\\\/\"},{\"@type\":\"ListItem\",\"position\":2,\"name\":\"COVID-19\"}]},{\"@type\":\"WebSite\",\"@id\":\"https:\\\/\\\/www.cargo-montreal.ca\\\/fr\\\/#website\",\"url\":\"https:\\\/\\\/www.cargo-montreal.ca\\\/fr\\\/\",\"name\":\"CargoM\",\"description\":\"La mission de CargoM: Rassembler les acteurs de la logistique &amp; du transport de marchandises du Grand Montr\u00e9al autour d&#039;objectifs communs, d&#039;actions concert\u00e9es\",\"potentialAction\":[{\"@type\":\"SearchAction\",\"target\":{\"@type\":\"EntryPoint\",\"urlTemplate\":\"https:\\\/\\\/www.cargo-montreal.ca\\\/fr\\\/?s={search_term_string}\"},\"query-input\":{\"@type\":\"PropertyValueSpecification\",\"valueRequired\":true,\"valueName\":\"search_term_string\"}}],\"inLanguage\":\"fr-FR\"},{\"@type\":\"Person\",\"@id\":\"https:\\\/\\\/www.cargo-montreal.ca\\\/fr\\\/#\\\/schema\\\/person\\\/80476d173ce654813db9fd1533901365\",\"name\":\"Karine Dudognon\",\"image\":{\"@type\":\"ImageObject\",\"inLanguage\":\"fr-FR\",\"@id\":\"https:\\\/\\\/secure.gravatar.com\\\/avatar\\\/673bdfb703a9b6685a88bc7dfb04a9ea2b48b30e9d1663a5e759a4e9bfa3e2c0?s=96&d=mm&r=g\",\"url\":\"https:\\\/\\\/secure.gravatar.com\\\/avatar\\\/673bdfb703a9b6685a88bc7dfb04a9ea2b48b30e9d1663a5e759a4e9bfa3e2c0?s=96&d=mm&r=g\",\"contentUrl\":\"https:\\\/\\\/secure.gravatar.com\\\/avatar\\\/673bdfb703a9b6685a88bc7dfb04a9ea2b48b30e9d1663a5e759a4e9bfa3e2c0?s=96&d=mm&r=g\",\"caption\":\"Karine Dudognon\"},\"url\":\"https:\\\/\\\/www.cargo-montreal.ca\\\/fr\\\/author\\\/karine\\\/\"}]}<\/script>\n<!-- \/ Yoast SEO plugin. -->","yoast_head_json":{"title":"COVID-19 - CargoM","robots":{"index":"index","follow":"follow","max-snippet":"max-snippet:-1","max-image-preview":"max-image-preview:large","max-video-preview":"max-video-preview:-1"},"canonical":"https:\/\/www.cargo-montreal.ca\/fr\/covid-19-4\/","og_locale":"fr_FR","og_type":"article","og_title":"COVID-19 - CargoM","og_description":"Mesures en vigueur La situation \u00e9pid\u00e9miologique a beaucoup \u00e9volu\u00e9 depuis des derni\u00e8res semaines suivant la r\u00e9ponse positive de la population \u00e0 la campagne de vaccination. Depuis lundi 7 juin, les r\u00e9gions de Montr\u00e9al et de Laval sont pass\u00e9es en zone orange. Plus aucune r\u00e9gion n\u2019est en alerte maximale depuis cette date au Qu\u00e9bec. Pour plus [&hellip;]","og_url":"https:\/\/www.cargo-montreal.ca\/fr\/covid-19-4\/","og_site_name":"CargoM","article_published_time":"2021-06-08T18:15:50+00:00","article_modified_time":"2021-06-08T19:13:14+00:00","og_image":[{"width":1024,"height":683,"url":"https:\/\/www.cargo-montreal.ca\/wp-content\/uploads\/2021\/05\/iStock-1212634081-1024x683.jpg","type":"image\/jpeg"}],"author":"Karine Dudognon","twitter_card":"summary_large_image","twitter_misc":{"\u00c9crit par":"Karine Dudognon","Dur\u00e9e de lecture estim\u00e9e":"1 minute"},"schema":{"@context":"https:\/\/schema.org","@graph":[{"@type":"Article","@id":"https:\/\/www.cargo-montreal.ca\/fr\/covid-19-4\/#article","isPartOf":{"@id":"https:\/\/www.cargo-montreal.ca\/fr\/covid-19-4\/"},"author":{"name":"Karine Dudognon","@id":"https:\/\/www.cargo-montreal.ca\/fr\/#\/schema\/person\/80476d173ce654813db9fd1533901365"},"headline":"COVID-19","datePublished":"2021-06-08T18:15:50+00:00","dateModified":"2021-06-08T19:13:14+00:00","mainEntityOfPage":{"@id":"https:\/\/www.cargo-montreal.ca\/fr\/covid-19-4\/"},"wordCount":228,"commentCount":0,"image":{"@id":"https:\/\/www.cargo-montreal.ca\/fr\/covid-19-4\/#primaryimage"},"thumbnailUrl":"https:\/\/www.cargo-montreal.ca\/wp-content\/uploads\/2021\/05\/iStock-1212634081.jpg","articleSection":["Services logistiques"],"inLanguage":"fr-FR","potentialAction":[{"@type":"CommentAction","name":"Comment","target":["https:\/\/www.cargo-montreal.ca\/fr\/covid-19-4\/#respond"]}]},{"@type":"WebPage","@id":"https:\/\/www.cargo-montreal.ca\/fr\/covid-19-4\/","url":"https:\/\/www.cargo-montreal.ca\/fr\/covid-19-4\/","name":"COVID-19 - CargoM","isPartOf":{"@id":"https:\/\/www.cargo-montreal.ca\/fr\/#website"},"primaryImageOfPage":{"@id":"https:\/\/www.cargo-montreal.ca\/fr\/covid-19-4\/#primaryimage"},"image":{"@id":"https:\/\/www.cargo-montreal.ca\/fr\/covid-19-4\/#primaryimage"},"thumbnailUrl":"https:\/\/www.cargo-montreal.ca\/wp-content\/uploads\/2021\/05\/iStock-1212634081.jpg","datePublished":"2021-06-08T18:15:50+00:00","dateModified":"2021-06-08T19:13:14+00:00","author":{"@id":"https:\/\/www.cargo-montreal.ca\/fr\/#\/schema\/person\/80476d173ce654813db9fd1533901365"},"breadcrumb":{"@id":"https:\/\/www.cargo-montreal.ca\/fr\/covid-19-4\/#breadcrumb"},"inLanguage":"fr-FR","potentialAction":[{"@type":"ReadAction","target":["https:\/\/www.cargo-montreal.ca\/fr\/covid-19-4\/"]}]},{"@type":"ImageObject","inLanguage":"fr-FR","@id":"https:\/\/www.cargo-montreal.ca\/fr\/covid-19-4\/#primaryimage","url":"https:\/\/www.cargo-montreal.ca\/wp-content\/uploads\/2021\/05\/iStock-1212634081.jpg","contentUrl":"https:\/\/www.cargo-montreal.ca\/wp-content\/uploads\/2021\/05\/iStock-1212634081.jpg","width":8660,"height":5773,"caption":"Can be used for a website, mobile application, presentation, corporate identity design, wherever you decide that you need is. Looks good, high quality."},{"@type":"BreadcrumbList","@id":"https:\/\/www.cargo-montreal.ca\/fr\/covid-19-4\/#breadcrumb","itemListElement":[{"@type":"ListItem","position":1,"name":"Home","item":"https:\/\/www.cargo-montreal.ca\/fr\/"},{"@type":"ListItem","position":2,"name":"COVID-19"}]},{"@type":"WebSite","@id":"https:\/\/www.cargo-montreal.ca\/fr\/#website","url":"https:\/\/www.cargo-montreal.ca\/fr\/","name":"CargoM","description":"La mission de CargoM: Rassembler les acteurs de la logistique &amp; du transport de marchandises du Grand Montr\u00e9al autour d&#039;objectifs communs, d&#039;actions concert\u00e9es","potentialAction":[{"@type":"SearchAction","target":{"@type":"EntryPoint","urlTemplate":"https:\/\/www.cargo-montreal.ca\/fr\/?s={search_term_string}"},"query-input":{"@type":"PropertyValueSpecification","valueRequired":true,"valueName":"search_term_string"}}],"inLanguage":"fr-FR"},{"@type":"Person","@id":"https:\/\/www.cargo-montreal.ca\/fr\/#\/schema\/person\/80476d173ce654813db9fd1533901365","name":"Karine Dudognon","image":{"@type":"ImageObject","inLanguage":"fr-FR","@id":"https:\/\/secure.gravatar.com\/avatar\/673bdfb703a9b6685a88bc7dfb04a9ea2b48b30e9d1663a5e759a4e9bfa3e2c0?s=96&d=mm&r=g","url":"https:\/\/secure.gravatar.com\/avatar\/673bdfb703a9b6685a88bc7dfb04a9ea2b48b30e9d1663a5e759a4e9bfa3e2c0?s=96&d=mm&r=g","contentUrl":"https:\/\/secure.gravatar.com\/avatar\/673bdfb703a9b6685a88bc7dfb04a9ea2b48b30e9d1663a5e759a4e9bfa3e2c0?s=96&d=mm&r=g","caption":"Karine Dudognon"},"url":"https:\/\/www.cargo-montreal.ca\/fr\/author\/karine\/"}]}},"_links":{"self":[{"href":"https:\/\/www.cargo-montreal.ca\/fr\/wp-json\/wp\/v2\/posts\/11741","targetHints":{"allow":["GET"]}}],"collection":[{"href":"https:\/\/www.cargo-montreal.ca\/fr\/wp-json\/wp\/v2\/posts"}],"about":[{"href":"https:\/\/www.cargo-montreal.ca\/fr\/wp-json\/wp\/v2\/types\/post"}],"author":[{"embeddable":true,"href":"https:\/\/www.cargo-montreal.ca\/fr\/wp-json\/wp\/v2\/users\/39"}],"replies":[{"embeddable":true,"href":"https:\/\/www.cargo-montreal.ca\/fr\/wp-json\/wp\/v2\/comments?post=11741"}],"version-history":[{"count":1,"href":"https:\/\/www.cargo-montreal.ca\/fr\/wp-json\/wp\/v2\/posts\/11741\/revisions"}],"predecessor-version":[{"id":11742,"href":"https:\/\/www.cargo-montreal.ca\/fr\/wp-json\/wp\/v2\/posts\/11741\/revisions\/11742"}],"wp:featuredmedia":[{"embeddable":true,"href":"https:\/\/www.cargo-montreal.ca\/fr\/wp-json\/wp\/v2\/media\/11536"}],"wp:attachment":[{"href":"https:\/\/www.cargo-montreal.ca\/fr\/wp-json\/wp\/v2\/media?parent=11741"}],"wp:term":[{"taxonomy":"category","embeddable":true,"href":"https:\/\/www.cargo-montreal.ca\/fr\/wp-json\/wp\/v2\/categories?post=11741"},{"taxonomy":"post_tag","embeddable":true,"href":"https:\/\/www.cargo-montreal.ca\/fr\/wp-json\/wp\/v2\/tags?post=11741"}],"curies":[{"name":"wp","href":"https:\/\/api.w.org\/{rel}","templated":true}]}}