{"id":11891,"date":"2021-07-15T19:36:39","date_gmt":"2021-07-15T19:36:39","guid":{"rendered":"https:\/\/www.cargo-montreal.ca\/?p=11891"},"modified":"2021-07-15T19:38:31","modified_gmt":"2021-07-15T19:38:31","slug":"lancement-davantage-saint-laurent","status":"publish","type":"post","link":"https:\/\/www.cargo-montreal.ca\/fr\/lancement-davantage-saint-laurent\/","title":{"rendered":"Lancement d\u2019Avantage Saint-Laurent"},"content":{"rendered":"<p align=\"justify\">La ministre d\u00e9l\u00e9gu\u00e9e aux Transports et ministre responsable de la M\u00e9tropole et de la r\u00e9gion de Montr\u00e9al, Mme Chantal Rouleau, a annonc\u00e9 en juin dernier la mise en place d\u2019Avantage Saint-Laurent en pr\u00e9sence du ministre du Travail, de l&rsquo;Emploi et de la Solidarit\u00e9 sociale et ministre responsable de la r\u00e9gion de Mauricie, M. Jean Boulet.<\/p>\r\n<p align=\"justify\">Cette strat\u00e9gie, d\u00e9ploy\u00e9e d\u2019ici 2024-2025, est d\u00e9clin\u00e9e en trois orientations, pour une enveloppe totale de 926,9 M$. Des investissements de 300 M$ permettront de doter le Saint-Laurent d&rsquo;infrastructures portuaires modernes et comp\u00e9titives, 232,6 M$ assureront une navigation efficace et respectueuse des \u00e9cosyst\u00e8mes sur le fleuve et 394,3 M$ seront consacr\u00e9s \u00e0 offrir aux communaut\u00e9s maritimes des possibilit\u00e9s de d\u00e9veloppement prometteuses et durables.<\/p>\r\n<p align=\"justify\"><a href=\"https:\/\/t.sidekickopen01.com\/s3t\/c\/5\/f18dQhb0S7kF8bG4PhVnQDXh59hl3kW7_k2841CXdp3VQ0CKs7vBkTfW2bzNNx5CF-HL101?te=W3R5hFj4cm2zwW3R4MX220Wx-cW24T1wg1JzCRvW4cNDSb4cQgwjW4fGCmm3SCl2bW3K9y3r1SyHpgW3DJPLf2TLk2xW1V1J1J3QNN7lW30n_vG22V6TKW4kfW8B1X9RlWW3ghl9C1QnqTxW2TkJNH49jSmfW3ZFLMz383sxLW2KHjXS3NR5vXW38hBs547F1NHW4t3zQW3b4bnKW49jMDk234jT9W3NW85q41shd2W4fFkVG2FLFklW3v3jZN1X1QlXW2F-BX42CvZWwW1Q44QY41YyqBW1_jtnz3P7tQ5W21b1yc3b3m46W4tjtr53V_30qW1Vj8hw34HsmCW21hrW33jwfXBW49TN4h3Vzx2sW2Tr2C7233BmjW2CwN9B3F1kFFW3b4CT23VLjQSW4chPcF3bkS2mW2qzWMY1Z94R-W4mJ17X3tZXGYW4kf3n62F_15fW1QbRbz3_-MjCW218Lvj38l70NW2FG2X13d35hcW3b2VfQ2MnKsVW2YBljZ3bkRCTW23rwkt1V2Xq0W1Xl4XT1ZbnrgW2zyHm84mk0VxW23gmk62FGztXW1QB7kf1_3XsbW3W3xDs3NH4qjW2Tl6fb2t3jcCW3VXFRT3b25d6W3XQDKq2zSZHgW3G-Y2B2vS-vhW23nyKx1GHBRrW1ZsvFT1ZqrBXW2MqStf3vh13bW3862XQ23qLKrW1_h6xz3_K9JqW4fxwf83b4zGyW3LZgRC4m9ZJpW3djnbJ4cxgKvW1_352c3QDnw64nxv51&amp;si=8000000006256072&amp;pi=a66c9cde-a722-45eb-857b-d8d18434c807\" target=\"_blank\" rel=\"noopener\" data-saferedirecturl=\"https:\/\/www.google.com\/url?q=https:\/\/t.sidekickopen01.com\/s3t\/c\/5\/f18dQhb0S7kF8bG4PhVnQDXh59hl3kW7_k2841CXdp3VQ0CKs7vBkTfW2bzNNx5CF-HL101?te%3DW3R5hFj4cm2zwW3R4MX220Wx-cW24T1wg1JzCRvW4cNDSb4cQgwjW4fGCmm3SCl2bW3K9y3r1SyHpgW3DJPLf2TLk2xW1V1J1J3QNN7lW30n_vG22V6TKW4kfW8B1X9RlWW3ghl9C1QnqTxW2TkJNH49jSmfW3ZFLMz383sxLW2KHjXS3NR5vXW38hBs547F1NHW4t3zQW3b4bnKW49jMDk234jT9W3NW85q41shd2W4fFkVG2FLFklW3v3jZN1X1QlXW2F-BX42CvZWwW1Q44QY41YyqBW1_jtnz3P7tQ5W21b1yc3b3m46W4tjtr53V_30qW1Vj8hw34HsmCW21hrW33jwfXBW49TN4h3Vzx2sW2Tr2C7233BmjW2CwN9B3F1kFFW3b4CT23VLjQSW4chPcF3bkS2mW2qzWMY1Z94R-W4mJ17X3tZXGYW4kf3n62F_15fW1QbRbz3_-MjCW218Lvj38l70NW2FG2X13d35hcW3b2VfQ2MnKsVW2YBljZ3bkRCTW23rwkt1V2Xq0W1Xl4XT1ZbnrgW2zyHm84mk0VxW23gmk62FGztXW1QB7kf1_3XsbW3W3xDs3NH4qjW2Tl6fb2t3jcCW3VXFRT3b25d6W3XQDKq2zSZHgW3G-Y2B2vS-vhW23nyKx1GHBRrW1ZsvFT1ZqrBXW2MqStf3vh13bW3862XQ23qLKrW1_h6xz3_K9JqW4fxwf83b4zGyW3LZgRC4m9ZJpW3djnbJ4cxgKvW1_352c3QDnw64nxv51%26si%3D8000000006256072%26pi%3Da66c9cde-a722-45eb-857b-d8d18434c807&amp;source=gmail&amp;ust=1626463769676000&amp;usg=AFQjCNFU2UvC11aCRUZ4wKTYyRPr8xZI2g\">CargoM salue cette nouvelle vision<\/a>\u00a0et envisage avec enthousiasme sa collaboration active aux projets qui na\u00eetront d\u2019Avantage Saint-Laurent afin que tous les acteurs de notre grande communaut\u00e9 logistique y participent et en b\u00e9n\u00e9ficient.<\/p>\r\n<p align=\"justify\">Pour en savoir plus sur Avantage Saint-Laurent, cliquez\u00a0<a href=\"https:\/\/t.sidekickopen01.com\/s3t\/c\/5\/f18dQhb0S7kF8bG4PhVnQDXh59hl3kW7_k2841CXdp3VQ0CKs7vBkTfW2bzNNx5CF-HL101?te=W3R5hFj4cm2zwW3R4MX220Wx-cW24T1wg1JzCRvW4cNDSb4cQgwjW4fGCmm3SCl2bW3K9y3r1SyHpgW3DJPLf2TLk2xW1V1J1J3QNN7lW30n_vG22V6TKW4kfW8B1X9RlWW3ghl9C1QnqTxW2TkJNH47Jt09W3XVnNL384mrSW3DLpWr3NXVf2W3b2Zz02PBSX0W3XKhqZ3LY1wnW1Gj_Ys1QgYR4W4kdGlV3dqGSMW4pChSd47F22lW2w5Fgk1S8_8hW3N_bdv1_r28nW2CVTbR4cSLGZW3ZTn062q_ryzW4fppT13j4Pz7W2MpD6f3H7g8LW1QdTr-4fKRyGW1ZwWLD38gn25W41sfjj2-fgH9W3b2Zv03F8kMyW1Z8Nlt47F1ZLW3R3-lB1W-Yd3W4crg1Q1XrTwJW21q07b49xW3DW49JCz81V2V2RW3XH8pW1-YV7MW23mnlB2TJfmNW2152gW1Nt5DBW4pz-pf3b4y-7W3XLSHY3dskp7W2vSsc61_85xvW1Xdgyg45PDpBW3XZ3Dq3_vDYDW4mzlqQ1Zs8FYW4myW0v1GC04hW3b4ZX92FM-1hW3C86gS47F1V6W1-WlLq1X8yTjW3dtBJm2t510CW2qCCkS49sk__W1--tF73ZtWZ8W1Zv7X_3b2rzHW32C3qK3V-zqFW3GX9P43NRSJjW38rWCc3v6bD-W34zBQh213jg1W3v6fNN4cv7wMW3BNjyj3jrWt9W1Q1H_72CTv_mW3db_kr2Tk9H6W3NCnP32t77C4W3b3mJ838yQ0hW3tVhRV4kvrn3W4ppqwB3gc9lsW45GvmJ1Z8mpSW1_bBp31Zd02y4nxSH1&amp;si=8000000006256072&amp;pi=a66c9cde-a722-45eb-857b-d8d18434c807\" target=\"_blank\" rel=\"noopener\" data-saferedirecturl=\"https:\/\/www.google.com\/url?q=https:\/\/t.sidekickopen01.com\/s3t\/c\/5\/f18dQhb0S7kF8bG4PhVnQDXh59hl3kW7_k2841CXdp3VQ0CKs7vBkTfW2bzNNx5CF-HL101?te%3DW3R5hFj4cm2zwW3R4MX220Wx-cW24T1wg1JzCRvW4cNDSb4cQgwjW4fGCmm3SCl2bW3K9y3r1SyHpgW3DJPLf2TLk2xW1V1J1J3QNN7lW30n_vG22V6TKW4kfW8B1X9RlWW3ghl9C1QnqTxW2TkJNH47Jt09W3XVnNL384mrSW3DLpWr3NXVf2W3b2Zz02PBSX0W3XKhqZ3LY1wnW1Gj_Ys1QgYR4W4kdGlV3dqGSMW4pChSd47F22lW2w5Fgk1S8_8hW3N_bdv1_r28nW2CVTbR4cSLGZW3ZTn062q_ryzW4fppT13j4Pz7W2MpD6f3H7g8LW1QdTr-4fKRyGW1ZwWLD38gn25W41sfjj2-fgH9W3b2Zv03F8kMyW1Z8Nlt47F1ZLW3R3-lB1W-Yd3W4crg1Q1XrTwJW21q07b49xW3DW49JCz81V2V2RW3XH8pW1-YV7MW23mnlB2TJfmNW2152gW1Nt5DBW4pz-pf3b4y-7W3XLSHY3dskp7W2vSsc61_85xvW1Xdgyg45PDpBW3XZ3Dq3_vDYDW4mzlqQ1Zs8FYW4myW0v1GC04hW3b4ZX92FM-1hW3C86gS47F1V6W1-WlLq1X8yTjW3dtBJm2t510CW2qCCkS49sk__W1--tF73ZtWZ8W1Zv7X_3b2rzHW32C3qK3V-zqFW3GX9P43NRSJjW38rWCc3v6bD-W34zBQh213jg1W3v6fNN4cv7wMW3BNjyj3jrWt9W1Q1H_72CTv_mW3db_kr2Tk9H6W3NCnP32t77C4W3b3mJ838yQ0hW3tVhRV4kvrn3W4ppqwB3gc9lsW45GvmJ1Z8mpSW1_bBp31Zd02y4nxSH1%26si%3D8000000006256072%26pi%3Da66c9cde-a722-45eb-857b-d8d18434c807&amp;source=gmail&amp;ust=1626463769676000&amp;usg=AFQjCNE15f2ek5hwn7aJupj3-N3KmdjyTg\">ici<\/a>.<\/p>","protected":false},"excerpt":{"rendered":"La ministre d\u00e9l\u00e9gu\u00e9e aux Transports et ministre responsable de la M\u00e9tropole et de la r\u00e9gion de Montr\u00e9al, Mme Chantal Rouleau, a annonc\u00e9 en juin dernier la mise en place d\u2019Avantage Saint-Laurent en pr\u00e9sence du ministre du Travail, de l&rsquo;Emploi et de la Solidarit\u00e9 sociale et ministre responsable de la r\u00e9gion de Mauricie, M. Jean Boulet. [&hellip;]","protected":false},"author":39,"featured_media":11837,"comment_status":"open","ping_status":"open","sticky":false,"template":"","format":"standard","meta":{"_acf_changed":false,"footnotes":""},"categories":[20],"tags":[],"class_list":["post-11891","post","type-post","status-publish","format-standard","has-post-thumbnail","hentry","category-services-logistiques"],"acf":[],"yoast_head":"<!-- This site is optimized with the Yoast SEO plugin v27.3 - https:\/\/yoast.com\/product\/yoast-seo-wordpress\/ -->\n<title>Lancement d\u2019Avantage Saint-Laurent - CargoM<\/title>\n<meta name=\"robots\" content=\"index, follow, max-snippet:-1, max-image-preview:large, max-video-preview:-1\" \/>\n<link rel=\"canonical\" href=\"https:\/\/www.cargo-montreal.ca\/fr\/lancement-davantage-saint-laurent\/\" \/>\n<meta property=\"og:locale\" content=\"fr_FR\" \/>\n<meta property=\"og:type\" content=\"article\" \/>\n<meta property=\"og:title\" content=\"Lancement d\u2019Avantage Saint-Laurent - CargoM\" \/>\n<meta property=\"og:description\" content=\"La ministre d\u00e9l\u00e9gu\u00e9e aux Transports et ministre responsable de la M\u00e9tropole et de la r\u00e9gion de Montr\u00e9al, Mme Chantal Rouleau, a annonc\u00e9 en juin dernier la mise en place d\u2019Avantage Saint-Laurent en pr\u00e9sence du ministre du Travail, de l&rsquo;Emploi et de la Solidarit\u00e9 sociale et ministre responsable de la r\u00e9gion de Mauricie, M. Jean Boulet. [&hellip;]\" \/>\n<meta property=\"og:url\" content=\"https:\/\/www.cargo-montreal.ca\/fr\/lancement-davantage-saint-laurent\/\" \/>\n<meta property=\"og:site_name\" content=\"CargoM\" \/>\n<meta property=\"article:published_time\" content=\"2021-07-15T19:36:39+00:00\" \/>\n<meta property=\"article:modified_time\" content=\"2021-07-15T19:38:31+00:00\" \/>\n<meta property=\"og:image\" content=\"https:\/\/www.cargo-montreal.ca\/wp-content\/uploads\/2021\/07\/avantage-st-laurent.jpg\" \/>\n\t<meta property=\"og:image:width\" content=\"850\" \/>\n\t<meta property=\"og:image:height\" content=\"1100\" \/>\n\t<meta property=\"og:image:type\" content=\"image\/jpeg\" \/>\n<meta name=\"author\" content=\"Karine Dudognon\" \/>\n<meta name=\"twitter:card\" content=\"summary_large_image\" \/>\n<meta name=\"twitter:label1\" content=\"\u00c9crit par\" \/>\n\t<meta name=\"twitter:data1\" content=\"Karine Dudognon\" \/>\n\t<meta name=\"twitter:label2\" content=\"Dur\u00e9e de lecture estim\u00e9e\" \/>\n\t<meta name=\"twitter:data2\" content=\"1 minute\" \/>\n<script type=\"application\/ld+json\" class=\"yoast-schema-graph\">{\"@context\":\"https:\\\/\\\/schema.org\",\"@graph\":[{\"@type\":\"Article\",\"@id\":\"https:\\\/\\\/www.cargo-montreal.ca\\\/fr\\\/lancement-davantage-saint-laurent\\\/#article\",\"isPartOf\":{\"@id\":\"https:\\\/\\\/www.cargo-montreal.ca\\\/fr\\\/lancement-davantage-saint-laurent\\\/\"},\"author\":{\"name\":\"Karine Dudognon\",\"@id\":\"https:\\\/\\\/www.cargo-montreal.ca\\\/fr\\\/#\\\/schema\\\/person\\\/80476d173ce654813db9fd1533901365\"},\"headline\":\"Lancement d\u2019Avantage Saint-Laurent\",\"datePublished\":\"2021-07-15T19:36:39+00:00\",\"dateModified\":\"2021-07-15T19:38:31+00:00\",\"mainEntityOfPage\":{\"@id\":\"https:\\\/\\\/www.cargo-montreal.ca\\\/fr\\\/lancement-davantage-saint-laurent\\\/\"},\"wordCount\":185,\"commentCount\":0,\"image\":{\"@id\":\"https:\\\/\\\/www.cargo-montreal.ca\\\/fr\\\/lancement-davantage-saint-laurent\\\/#primaryimage\"},\"thumbnailUrl\":\"https:\\\/\\\/www.cargo-montreal.ca\\\/wp-content\\\/uploads\\\/2021\\\/07\\\/avantage-st-laurent.jpg\",\"articleSection\":[\"Services logistiques\"],\"inLanguage\":\"fr-FR\",\"potentialAction\":[{\"@type\":\"CommentAction\",\"name\":\"Comment\",\"target\":[\"https:\\\/\\\/www.cargo-montreal.ca\\\/fr\\\/lancement-davantage-saint-laurent\\\/#respond\"]}]},{\"@type\":\"WebPage\",\"@id\":\"https:\\\/\\\/www.cargo-montreal.ca\\\/fr\\\/lancement-davantage-saint-laurent\\\/\",\"url\":\"https:\\\/\\\/www.cargo-montreal.ca\\\/fr\\\/lancement-davantage-saint-laurent\\\/\",\"name\":\"Lancement d\u2019Avantage Saint-Laurent - CargoM\",\"isPartOf\":{\"@id\":\"https:\\\/\\\/www.cargo-montreal.ca\\\/fr\\\/#website\"},\"primaryImageOfPage\":{\"@id\":\"https:\\\/\\\/www.cargo-montreal.ca\\\/fr\\\/lancement-davantage-saint-laurent\\\/#primaryimage\"},\"image\":{\"@id\":\"https:\\\/\\\/www.cargo-montreal.ca\\\/fr\\\/lancement-davantage-saint-laurent\\\/#primaryimage\"},\"thumbnailUrl\":\"https:\\\/\\\/www.cargo-montreal.ca\\\/wp-content\\\/uploads\\\/2021\\\/07\\\/avantage-st-laurent.jpg\",\"datePublished\":\"2021-07-15T19:36:39+00:00\",\"dateModified\":\"2021-07-15T19:38:31+00:00\",\"author\":{\"@id\":\"https:\\\/\\\/www.cargo-montreal.ca\\\/fr\\\/#\\\/schema\\\/person\\\/80476d173ce654813db9fd1533901365\"},\"breadcrumb\":{\"@id\":\"https:\\\/\\\/www.cargo-montreal.ca\\\/fr\\\/lancement-davantage-saint-laurent\\\/#breadcrumb\"},\"inLanguage\":\"fr-FR\",\"potentialAction\":[{\"@type\":\"ReadAction\",\"target\":[\"https:\\\/\\\/www.cargo-montreal.ca\\\/fr\\\/lancement-davantage-saint-laurent\\\/\"]}]},{\"@type\":\"ImageObject\",\"inLanguage\":\"fr-FR\",\"@id\":\"https:\\\/\\\/www.cargo-montreal.ca\\\/fr\\\/lancement-davantage-saint-laurent\\\/#primaryimage\",\"url\":\"https:\\\/\\\/www.cargo-montreal.ca\\\/wp-content\\\/uploads\\\/2021\\\/07\\\/avantage-st-laurent.jpg\",\"contentUrl\":\"https:\\\/\\\/www.cargo-montreal.ca\\\/wp-content\\\/uploads\\\/2021\\\/07\\\/avantage-st-laurent.jpg\",\"width\":850,\"height\":1100},{\"@type\":\"BreadcrumbList\",\"@id\":\"https:\\\/\\\/www.cargo-montreal.ca\\\/fr\\\/lancement-davantage-saint-laurent\\\/#breadcrumb\",\"itemListElement\":[{\"@type\":\"ListItem\",\"position\":1,\"name\":\"Home\",\"item\":\"https:\\\/\\\/www.cargo-montreal.ca\\\/fr\\\/\"},{\"@type\":\"ListItem\",\"position\":2,\"name\":\"Lancement d\u2019Avantage Saint-Laurent\"}]},{\"@type\":\"WebSite\",\"@id\":\"https:\\\/\\\/www.cargo-montreal.ca\\\/fr\\\/#website\",\"url\":\"https:\\\/\\\/www.cargo-montreal.ca\\\/fr\\\/\",\"name\":\"CargoM\",\"description\":\"La mission de CargoM: Rassembler les acteurs de la logistique &amp; du transport de marchandises du Grand Montr\u00e9al autour d&#039;objectifs communs, d&#039;actions concert\u00e9es\",\"potentialAction\":[{\"@type\":\"SearchAction\",\"target\":{\"@type\":\"EntryPoint\",\"urlTemplate\":\"https:\\\/\\\/www.cargo-montreal.ca\\\/fr\\\/?s={search_term_string}\"},\"query-input\":{\"@type\":\"PropertyValueSpecification\",\"valueRequired\":true,\"valueName\":\"search_term_string\"}}],\"inLanguage\":\"fr-FR\"},{\"@type\":\"Person\",\"@id\":\"https:\\\/\\\/www.cargo-montreal.ca\\\/fr\\\/#\\\/schema\\\/person\\\/80476d173ce654813db9fd1533901365\",\"name\":\"Karine Dudognon\",\"image\":{\"@type\":\"ImageObject\",\"inLanguage\":\"fr-FR\",\"@id\":\"https:\\\/\\\/secure.gravatar.com\\\/avatar\\\/673bdfb703a9b6685a88bc7dfb04a9ea2b48b30e9d1663a5e759a4e9bfa3e2c0?s=96&d=mm&r=g\",\"url\":\"https:\\\/\\\/secure.gravatar.com\\\/avatar\\\/673bdfb703a9b6685a88bc7dfb04a9ea2b48b30e9d1663a5e759a4e9bfa3e2c0?s=96&d=mm&r=g\",\"contentUrl\":\"https:\\\/\\\/secure.gravatar.com\\\/avatar\\\/673bdfb703a9b6685a88bc7dfb04a9ea2b48b30e9d1663a5e759a4e9bfa3e2c0?s=96&d=mm&r=g\",\"caption\":\"Karine Dudognon\"},\"url\":\"https:\\\/\\\/www.cargo-montreal.ca\\\/fr\\\/author\\\/karine\\\/\"}]}<\/script>\n<!-- \/ Yoast SEO plugin. -->","yoast_head_json":{"title":"Lancement d\u2019Avantage Saint-Laurent - CargoM","robots":{"index":"index","follow":"follow","max-snippet":"max-snippet:-1","max-image-preview":"max-image-preview:large","max-video-preview":"max-video-preview:-1"},"canonical":"https:\/\/www.cargo-montreal.ca\/fr\/lancement-davantage-saint-laurent\/","og_locale":"fr_FR","og_type":"article","og_title":"Lancement d\u2019Avantage Saint-Laurent - CargoM","og_description":"La ministre d\u00e9l\u00e9gu\u00e9e aux Transports et ministre responsable de la M\u00e9tropole et de la r\u00e9gion de Montr\u00e9al, Mme Chantal Rouleau, a annonc\u00e9 en juin dernier la mise en place d\u2019Avantage Saint-Laurent en pr\u00e9sence du ministre du Travail, de l&rsquo;Emploi et de la Solidarit\u00e9 sociale et ministre responsable de la r\u00e9gion de Mauricie, M. Jean Boulet. [&hellip;]","og_url":"https:\/\/www.cargo-montreal.ca\/fr\/lancement-davantage-saint-laurent\/","og_site_name":"CargoM","article_published_time":"2021-07-15T19:36:39+00:00","article_modified_time":"2021-07-15T19:38:31+00:00","og_image":[{"width":850,"height":1100,"url":"https:\/\/www.cargo-montreal.ca\/wp-content\/uploads\/2021\/07\/avantage-st-laurent.jpg","type":"image\/jpeg"}],"author":"Karine Dudognon","twitter_card":"summary_large_image","twitter_misc":{"\u00c9crit par":"Karine Dudognon","Dur\u00e9e de lecture estim\u00e9e":"1 minute"},"schema":{"@context":"https:\/\/schema.org","@graph":[{"@type":"Article","@id":"https:\/\/www.cargo-montreal.ca\/fr\/lancement-davantage-saint-laurent\/#article","isPartOf":{"@id":"https:\/\/www.cargo-montreal.ca\/fr\/lancement-davantage-saint-laurent\/"},"author":{"name":"Karine Dudognon","@id":"https:\/\/www.cargo-montreal.ca\/fr\/#\/schema\/person\/80476d173ce654813db9fd1533901365"},"headline":"Lancement d\u2019Avantage Saint-Laurent","datePublished":"2021-07-15T19:36:39+00:00","dateModified":"2021-07-15T19:38:31+00:00","mainEntityOfPage":{"@id":"https:\/\/www.cargo-montreal.ca\/fr\/lancement-davantage-saint-laurent\/"},"wordCount":185,"commentCount":0,"image":{"@id":"https:\/\/www.cargo-montreal.ca\/fr\/lancement-davantage-saint-laurent\/#primaryimage"},"thumbnailUrl":"https:\/\/www.cargo-montreal.ca\/wp-content\/uploads\/2021\/07\/avantage-st-laurent.jpg","articleSection":["Services logistiques"],"inLanguage":"fr-FR","potentialAction":[{"@type":"CommentAction","name":"Comment","target":["https:\/\/www.cargo-montreal.ca\/fr\/lancement-davantage-saint-laurent\/#respond"]}]},{"@type":"WebPage","@id":"https:\/\/www.cargo-montreal.ca\/fr\/lancement-davantage-saint-laurent\/","url":"https:\/\/www.cargo-montreal.ca\/fr\/lancement-davantage-saint-laurent\/","name":"Lancement d\u2019Avantage Saint-Laurent - CargoM","isPartOf":{"@id":"https:\/\/www.cargo-montreal.ca\/fr\/#website"},"primaryImageOfPage":{"@id":"https:\/\/www.cargo-montreal.ca\/fr\/lancement-davantage-saint-laurent\/#primaryimage"},"image":{"@id":"https:\/\/www.cargo-montreal.ca\/fr\/lancement-davantage-saint-laurent\/#primaryimage"},"thumbnailUrl":"https:\/\/www.cargo-montreal.ca\/wp-content\/uploads\/2021\/07\/avantage-st-laurent.jpg","datePublished":"2021-07-15T19:36:39+00:00","dateModified":"2021-07-15T19:38:31+00:00","author":{"@id":"https:\/\/www.cargo-montreal.ca\/fr\/#\/schema\/person\/80476d173ce654813db9fd1533901365"},"breadcrumb":{"@id":"https:\/\/www.cargo-montreal.ca\/fr\/lancement-davantage-saint-laurent\/#breadcrumb"},"inLanguage":"fr-FR","potentialAction":[{"@type":"ReadAction","target":["https:\/\/www.cargo-montreal.ca\/fr\/lancement-davantage-saint-laurent\/"]}]},{"@type":"ImageObject","inLanguage":"fr-FR","@id":"https:\/\/www.cargo-montreal.ca\/fr\/lancement-davantage-saint-laurent\/#primaryimage","url":"https:\/\/www.cargo-montreal.ca\/wp-content\/uploads\/2021\/07\/avantage-st-laurent.jpg","contentUrl":"https:\/\/www.cargo-montreal.ca\/wp-content\/uploads\/2021\/07\/avantage-st-laurent.jpg","width":850,"height":1100},{"@type":"BreadcrumbList","@id":"https:\/\/www.cargo-montreal.ca\/fr\/lancement-davantage-saint-laurent\/#breadcrumb","itemListElement":[{"@type":"ListItem","position":1,"name":"Home","item":"https:\/\/www.cargo-montreal.ca\/fr\/"},{"@type":"ListItem","position":2,"name":"Lancement d\u2019Avantage Saint-Laurent"}]},{"@type":"WebSite","@id":"https:\/\/www.cargo-montreal.ca\/fr\/#website","url":"https:\/\/www.cargo-montreal.ca\/fr\/","name":"CargoM","description":"La mission de CargoM: Rassembler les acteurs de la logistique &amp; du transport de marchandises du Grand Montr\u00e9al autour d&#039;objectifs communs, d&#039;actions concert\u00e9es","potentialAction":[{"@type":"SearchAction","target":{"@type":"EntryPoint","urlTemplate":"https:\/\/www.cargo-montreal.ca\/fr\/?s={search_term_string}"},"query-input":{"@type":"PropertyValueSpecification","valueRequired":true,"valueName":"search_term_string"}}],"inLanguage":"fr-FR"},{"@type":"Person","@id":"https:\/\/www.cargo-montreal.ca\/fr\/#\/schema\/person\/80476d173ce654813db9fd1533901365","name":"Karine Dudognon","image":{"@type":"ImageObject","inLanguage":"fr-FR","@id":"https:\/\/secure.gravatar.com\/avatar\/673bdfb703a9b6685a88bc7dfb04a9ea2b48b30e9d1663a5e759a4e9bfa3e2c0?s=96&d=mm&r=g","url":"https:\/\/secure.gravatar.com\/avatar\/673bdfb703a9b6685a88bc7dfb04a9ea2b48b30e9d1663a5e759a4e9bfa3e2c0?s=96&d=mm&r=g","contentUrl":"https:\/\/secure.gravatar.com\/avatar\/673bdfb703a9b6685a88bc7dfb04a9ea2b48b30e9d1663a5e759a4e9bfa3e2c0?s=96&d=mm&r=g","caption":"Karine Dudognon"},"url":"https:\/\/www.cargo-montreal.ca\/fr\/author\/karine\/"}]}},"_links":{"self":[{"href":"https:\/\/www.cargo-montreal.ca\/fr\/wp-json\/wp\/v2\/posts\/11891","targetHints":{"allow":["GET"]}}],"collection":[{"href":"https:\/\/www.cargo-montreal.ca\/fr\/wp-json\/wp\/v2\/posts"}],"about":[{"href":"https:\/\/www.cargo-montreal.ca\/fr\/wp-json\/wp\/v2\/types\/post"}],"author":[{"embeddable":true,"href":"https:\/\/www.cargo-montreal.ca\/fr\/wp-json\/wp\/v2\/users\/39"}],"replies":[{"embeddable":true,"href":"https:\/\/www.cargo-montreal.ca\/fr\/wp-json\/wp\/v2\/comments?post=11891"}],"version-history":[{"count":1,"href":"https:\/\/www.cargo-montreal.ca\/fr\/wp-json\/wp\/v2\/posts\/11891\/revisions"}],"predecessor-version":[{"id":11892,"href":"https:\/\/www.cargo-montreal.ca\/fr\/wp-json\/wp\/v2\/posts\/11891\/revisions\/11892"}],"wp:featuredmedia":[{"embeddable":true,"href":"https:\/\/www.cargo-montreal.ca\/fr\/wp-json\/wp\/v2\/media\/11837"}],"wp:attachment":[{"href":"https:\/\/www.cargo-montreal.ca\/fr\/wp-json\/wp\/v2\/media?parent=11891"}],"wp:term":[{"taxonomy":"category","embeddable":true,"href":"https:\/\/www.cargo-montreal.ca\/fr\/wp-json\/wp\/v2\/categories?post=11891"},{"taxonomy":"post_tag","embeddable":true,"href":"https:\/\/www.cargo-montreal.ca\/fr\/wp-json\/wp\/v2\/tags?post=11891"}],"curies":[{"name":"wp","href":"https:\/\/api.w.org\/{rel}","templated":true}]}}