{"id":11901,"date":"2021-07-15T19:55:21","date_gmt":"2021-07-15T19:55:21","guid":{"rendered":"https:\/\/www.cargo-montreal.ca\/?p=11901"},"modified":"2021-07-15T19:55:36","modified_gmt":"2021-07-15T19:55:36","slug":"des-entrepreneurs-du-quebec-obtiennent-la-plus-haute-distinction-remise-par-ey","status":"publish","type":"post","link":"https:\/\/www.cargo-montreal.ca\/fr\/des-entrepreneurs-du-quebec-obtiennent-la-plus-haute-distinction-remise-par-ey\/","title":{"rendered":"Des entrepreneurs du Qu\u00e9bec obtiennent la plus haute distinction remise par EY"},"content":{"rendered":"Toutes nos f\u00e9licitations \u00e0 Mme\u00a0Madeleine Paquin, pr\u00e9sidente du conseil d\u2019administration de CargoM et pr\u00e9sidente et chef de la direction de\u00a0<a href=\"https:\/\/t.sidekickopen01.com\/s3t\/c\/5\/f18dQhb0S7kF8bG4PhVnQDXh59hl3kW7_k2841CXdp3VQ0CKs7vBkTfW2bzNNx5CF-HL101?te=W3R5hFj4cm2zwW3R4MX220Wx-cW24T1wg1JzCRvW4cNDSb4cQgwjW4fGCmm3SCl2bW3K9y3r1SyHpgW3DJPLf2TLk2xW1V1J1J3QNN7lW30n_vG22V6TKW4kfW8B1X9RlWW3ghl9C1QnqTxW2TkJNH49jlvBW3ZFLHG383sxLW2KHjXS3NX2yRW3b2x7q2r5G49W2552062Yx0rdW3M2Jb61QgvfJW4cBCk63XxdqmW4t64n2255rfpW1Vj-X124W6pCW3F8pxn3b3l5mW4rGKKC3ZHqD8W2vSsbH2sMk7nW1Z4B_T3dx4ybW231SqW41r16dW1QrK_s4cJVj7W3tT4SM4cy6VHW23n6xN4fh-QxW1Vs2-7213mrhW1XxrsW34h5wbW3b2t2j232JYlW47w1tY2qV_g0W2KTnVh1-Y1f4W1Vj8sS1XdGQJW232dv44mJ17RW1Y-mzr2MqmHzW3-1YX11SkDfgW1QzL1B3ZtC0HW3b45mX1V9y3qW3GSTrl2CN4mdW2YgPr01VdxrZW3gg-MG38wCHgW2RlDR81VmxhJW1_7J7L23hyGFW4cvFnQ3b3kq8W3v6dsF4mv80Kw2PlXxT4lv2&amp;si=8000000006256072&amp;pi=a66c9cde-a722-45eb-857b-d8d18434c807\" target=\"_blank\" rel=\"noopener\" data-saferedirecturl=\"https:\/\/www.google.com\/url?q=https:\/\/t.sidekickopen01.com\/s3t\/c\/5\/f18dQhb0S7kF8bG4PhVnQDXh59hl3kW7_k2841CXdp3VQ0CKs7vBkTfW2bzNNx5CF-HL101?te%3DW3R5hFj4cm2zwW3R4MX220Wx-cW24T1wg1JzCRvW4cNDSb4cQgwjW4fGCmm3SCl2bW3K9y3r1SyHpgW3DJPLf2TLk2xW1V1J1J3QNN7lW30n_vG22V6TKW4kfW8B1X9RlWW3ghl9C1QnqTxW2TkJNH49jlvBW3ZFLHG383sxLW2KHjXS3NX2yRW3b2x7q2r5G49W2552062Yx0rdW3M2Jb61QgvfJW4cBCk63XxdqmW4t64n2255rfpW1Vj-X124W6pCW3F8pxn3b3l5mW4rGKKC3ZHqD8W2vSsbH2sMk7nW1Z4B_T3dx4ybW231SqW41r16dW1QrK_s4cJVj7W3tT4SM4cy6VHW23n6xN4fh-QxW1Vs2-7213mrhW1XxrsW34h5wbW3b2t2j232JYlW47w1tY2qV_g0W2KTnVh1-Y1f4W1Vj8sS1XdGQJW232dv44mJ17RW1Y-mzr2MqmHzW3-1YX11SkDfgW1QzL1B3ZtC0HW3b45mX1V9y3qW3GSTrl2CN4mdW2YgPr01VdxrZW3gg-MG38wCHgW2RlDR81VmxhJW1_7J7L23hyGFW4cvFnQ3b3kq8W3v6dsF4mv80Kw2PlXxT4lv2%26si%3D8000000006256072%26pi%3Da66c9cde-a722-45eb-857b-d8d18434c807&amp;source=gmail&amp;ust=1626463769677000&amp;usg=AFQjCNG7IiVTv9IS7Z0nFkn8Ns7Guc8NEw\">Logistec Corporation<\/a>, qui vient tout juste de recevoir, avec six autres entrepreneurs qu\u00e9b\u00e9cois, le Grand Prix de l\u2019Entrepreneur d\u2019<a href=\"https:\/\/t.sidekickopen01.com\/s3t\/c\/5\/f18dQhb0S7kF8bG4PhVnQDXh59hl3kW7_k2841CXdp3VQ0CKs7vBkTfW2bzNNx5CF-HL101?te=W3R5hFj4cm2zwW3R4MX220Wx-cW24T1wg1JzCRvW4cNDSb4cQgwjW4fGCmm3SCl2bW3K9y3r1SyHpgW3DJPLf2TLk2xW1V1J1J3QNN7lW30n_vG22V6TKW4kfW8B1X9RlWW3ghl9C1QnqTxW2TkJNH49jlvBW3ZFLHG383sxLW2KHjXS3NB7fXW3b3gqC30cpCrW45GWRY3G-X-xW4md1V-1Vs8vSW4tfYj43BXJ-DW3NCQw32MF1v7W1ZjJlb2CYfqVW2Fz_-v2Tkgd-W2KxsVR216BJCW3b3MNJ1SxSJ1W2PvLR445Gv9dW1QmtNX1Y-LZwW3Vx1Ql20Xs2HW2Kn-lv3_LZ1yW21rL5_4mvzjdW3BMY-n3b26KfW1Sddbp30qgHvW3ZNjfX4rxKK8W1Qk2wj3P5TDcW1GqWCM349nblW2FG8gw1_qLbTW2r10F04tGB02W3b2VVd3jslCcW252Wjd21b1_DW2Mq3kC2qCcCBW3QV6r638wFlbW1Xdc7x212vDsW4ms-m92qDmHqW3vflX11StD9BW2PBLNC238_xLW3b5lV72RCnZCW1_7M6r3VRcxjW3GTJmG1_7LlrF3h-Wv5nz2R1&amp;si=8000000006256072&amp;pi=a66c9cde-a722-45eb-857b-d8d18434c807\" target=\"_blank\" rel=\"noopener\" data-saferedirecturl=\"https:\/\/www.google.com\/url?q=https:\/\/t.sidekickopen01.com\/s3t\/c\/5\/f18dQhb0S7kF8bG4PhVnQDXh59hl3kW7_k2841CXdp3VQ0CKs7vBkTfW2bzNNx5CF-HL101?te%3DW3R5hFj4cm2zwW3R4MX220Wx-cW24T1wg1JzCRvW4cNDSb4cQgwjW4fGCmm3SCl2bW3K9y3r1SyHpgW3DJPLf2TLk2xW1V1J1J3QNN7lW30n_vG22V6TKW4kfW8B1X9RlWW3ghl9C1QnqTxW2TkJNH49jlvBW3ZFLHG383sxLW2KHjXS3NB7fXW3b3gqC30cpCrW45GWRY3G-X-xW4md1V-1Vs8vSW4tfYj43BXJ-DW3NCQw32MF1v7W1ZjJlb2CYfqVW2Fz_-v2Tkgd-W2KxsVR216BJCW3b3MNJ1SxSJ1W2PvLR445Gv9dW1QmtNX1Y-LZwW3Vx1Ql20Xs2HW2Kn-lv3_LZ1yW21rL5_4mvzjdW3BMY-n3b26KfW1Sddbp30qgHvW3ZNjfX4rxKK8W1Qk2wj3P5TDcW1GqWCM349nblW2FG8gw1_qLbTW2r10F04tGB02W3b2VVd3jslCcW252Wjd21b1_DW2Mq3kC2qCcCBW3QV6r638wFlbW1Xdc7x212vDsW4ms-m92qDmHqW3vflX11StD9BW2PBLNC238_xLW3b5lV72RCnZCW1_7M6r3VRcxjW3GTJmG1_7LlrF3h-Wv5nz2R1%26si%3D8000000006256072%26pi%3Da66c9cde-a722-45eb-857b-d8d18434c807&amp;source=gmail&amp;ust=1626463769677000&amp;usg=AFQjCNGRnjmYsyUGoMFWDpnzSRRaC8snjQ\">EY du Qu\u00e9bec<\/a>.\r\n\r\n\u00ab Les laur\u00e9ats de cette ann\u00e9e sont des pionniers ; ils trouvent des solutions aux plus grands d\u00e9fis et tracent de nouvelles voies pour l\u2019avenir, rench\u00e9rit Luc Charbonneau, codirecteur du Grand Prix de l\u2019Entrepreneur d\u2019EY du Qu\u00e9bec.\u00a0\u00bb\r\n\r\nRemis \u00e0 des entrepreneurs que rien n\u2019arr\u00eate,\u00a0Le Grand Prix de\u00a0l\u2019Entrepreneur<sup>MC<\/sup>\u00a0d\u2019EY est le prix le plus prestigieux du monde des affaires.\r\n\r\nPour plus de d\u00e9tails, consultez le\u00a0<a href=\"https:\/\/t.sidekickopen01.com\/s3t\/c\/5\/f18dQhb0S7kF8bG4PhVnQDXh59hl3kW7_k2841CXdp3VQ0CKs7vBkTfW2bzNNx5CF-HL101?te=W3R5hFj4cm2zwW3R4MX220Wx-cW24T1wg1JzCRvW4cNDSb4cQgwjW4fGCmm3SCl2bW3K9y3r1SyHpgW3DJPLf2TLk2xW1V1J1J3QNN7lW30n_vG22V6TKW4kfW8B1X9RlWW3ghl9C1QnqTxW2TkJNH47Jt09W3XVnNL384mrSW3DLpWr3NTBhtW3b49vn4tnxFSW1_vqqb32rdcfW32szVj2PDSsvW1Zffpt1Vxk46W234P753dyMrKW4kfYDX49khHxW2KztYr1V96qYW3VMs-z1--zrJW3b2rjK2RMJpqW1NdbbJ2PDQVxW3LFLFR1ZfJL3W25jG4J3H9plYW3LFg-C2zZM6cW211Cly1Zv867W2zJC39385DGlW4ctL342FFcD6W3b2V0R3_W9f3W2qWpzQ3jftydW3M7PGC1Qzq8RW34D3B71VgZYYW1--wRs4fyj-qW4thCcT41slFSW2PDTrf1VnSzpW234Lq92CPlkJW3b2qZW1V01zTW3LVYPn238VRHW38Bm2s1Xx3K3W34BpCL2THnz9W1Q4X2Y3DKDMDW3d9lSN3BPwY-W4rwWb3214bysW2sW7YN41NL82W3b5lKF3NFsD0W4tBVxR3F0n_sW4tzbzs232JB_W2MXWfv3glfYLW1XpQxY3DKDMBW2PxvyP1Q44npW1X8sZ5238_9tW3H855r3LXKpbW3b252r2550vWW2YNS9v4kvNcqW4fHkCZ1XwJTPW3QzYPS3fZx8DW22VCGz4rhPk1W22Y3Yj34fTB-W4rGNrD38ghH0W3VGVH22RJmPcW38mnbl3V-69JW2YGZFk3b21VsW2qP_p62-vdDyw4t62Zd4lw2&amp;si=8000000006256072&amp;pi=a66c9cde-a722-45eb-857b-d8d18434c807\" target=\"_blank\" rel=\"noopener\" data-saferedirecturl=\"https:\/\/www.google.com\/url?q=https:\/\/t.sidekickopen01.com\/s3t\/c\/5\/f18dQhb0S7kF8bG4PhVnQDXh59hl3kW7_k2841CXdp3VQ0CKs7vBkTfW2bzNNx5CF-HL101?te%3DW3R5hFj4cm2zwW3R4MX220Wx-cW24T1wg1JzCRvW4cNDSb4cQgwjW4fGCmm3SCl2bW3K9y3r1SyHpgW3DJPLf2TLk2xW1V1J1J3QNN7lW30n_vG22V6TKW4kfW8B1X9RlWW3ghl9C1QnqTxW2TkJNH47Jt09W3XVnNL384mrSW3DLpWr3NTBhtW3b49vn4tnxFSW1_vqqb32rdcfW32szVj2PDSsvW1Zffpt1Vxk46W234P753dyMrKW4kfYDX49khHxW2KztYr1V96qYW3VMs-z1--zrJW3b2rjK2RMJpqW1NdbbJ2PDQVxW3LFLFR1ZfJL3W25jG4J3H9plYW3LFg-C2zZM6cW211Cly1Zv867W2zJC39385DGlW4ctL342FFcD6W3b2V0R3_W9f3W2qWpzQ3jftydW3M7PGC1Qzq8RW34D3B71VgZYYW1--wRs4fyj-qW4thCcT41slFSW2PDTrf1VnSzpW234Lq92CPlkJW3b2qZW1V01zTW3LVYPn238VRHW38Bm2s1Xx3K3W34BpCL2THnz9W1Q4X2Y3DKDMDW3d9lSN3BPwY-W4rwWb3214bysW2sW7YN41NL82W3b5lKF3NFsD0W4tBVxR3F0n_sW4tzbzs232JB_W2MXWfv3glfYLW1XpQxY3DKDMBW2PxvyP1Q44npW1X8sZ5238_9tW3H855r3LXKpbW3b252r2550vWW2YNS9v4kvNcqW4fHkCZ1XwJTPW3QzYPS3fZx8DW22VCGz4rhPk1W22Y3Yj34fTB-W4rGNrD38ghH0W3VGVH22RJmPcW38mnbl3V-69JW2YGZFk3b21VsW2qP_p62-vdDyw4t62Zd4lw2%26si%3D8000000006256072%26pi%3Da66c9cde-a722-45eb-857b-d8d18434c807&amp;source=gmail&amp;ust=1626463769678000&amp;usg=AFQjCNG7Hjpm3nXrznrcR8eZ_zcON86OUw\">communiqu\u00e9 de presse<\/a>.","protected":false},"excerpt":{"rendered":"Toutes nos f\u00e9licitations \u00e0 Mme\u00a0Madeleine Paquin, pr\u00e9sidente du conseil d\u2019administration de CargoM et pr\u00e9sidente et chef de la direction de\u00a0Logistec Corporation, qui vient tout juste de recevoir, avec six autres entrepreneurs qu\u00e9b\u00e9cois, le Grand Prix de l\u2019Entrepreneur d\u2019EY du Qu\u00e9bec. \u00ab Les laur\u00e9ats de cette ann\u00e9e sont des pionniers ; ils trouvent des solutions aux [&hellip;]","protected":false},"author":39,"featured_media":11849,"comment_status":"open","ping_status":"open","sticky":false,"template":"","format":"standard","meta":{"_acf_changed":false,"footnotes":""},"categories":[20],"tags":[],"class_list":["post-11901","post","type-post","status-publish","format-standard","has-post-thumbnail","hentry","category-services-logistiques"],"acf":[],"yoast_head":"<!-- This site is optimized with the Yoast SEO plugin v27.3 - https:\/\/yoast.com\/product\/yoast-seo-wordpress\/ -->\n<title>Des entrepreneurs du Qu\u00e9bec obtiennent la plus haute distinction remise par EY - CargoM<\/title>\n<meta name=\"robots\" content=\"index, follow, max-snippet:-1, max-image-preview:large, max-video-preview:-1\" \/>\n<link rel=\"canonical\" href=\"https:\/\/www.cargo-montreal.ca\/fr\/des-entrepreneurs-du-quebec-obtiennent-la-plus-haute-distinction-remise-par-ey\/\" \/>\n<meta property=\"og:locale\" content=\"fr_FR\" \/>\n<meta property=\"og:type\" content=\"article\" \/>\n<meta property=\"og:title\" content=\"Des entrepreneurs du Qu\u00e9bec obtiennent la plus haute distinction remise par EY - CargoM\" \/>\n<meta property=\"og:description\" content=\"Toutes nos f\u00e9licitations \u00e0 Mme\u00a0Madeleine Paquin, pr\u00e9sidente du conseil d\u2019administration de CargoM et pr\u00e9sidente et chef de la direction de\u00a0Logistec Corporation, qui vient tout juste de recevoir, avec six autres entrepreneurs qu\u00e9b\u00e9cois, le Grand Prix de l\u2019Entrepreneur d\u2019EY du Qu\u00e9bec. \u00ab Les laur\u00e9ats de cette ann\u00e9e sont des pionniers ; ils trouvent des solutions aux [&hellip;]\" \/>\n<meta property=\"og:url\" content=\"https:\/\/www.cargo-montreal.ca\/fr\/des-entrepreneurs-du-quebec-obtiennent-la-plus-haute-distinction-remise-par-ey\/\" \/>\n<meta property=\"og:site_name\" content=\"CargoM\" \/>\n<meta property=\"article:published_time\" content=\"2021-07-15T19:55:21+00:00\" \/>\n<meta property=\"article:modified_time\" content=\"2021-07-15T19:55:36+00:00\" \/>\n<meta property=\"og:image\" content=\"https:\/\/www.cargo-montreal.ca\/wp-content\/uploads\/2021\/07\/PrixEYMP.jpg\" \/>\n\t<meta property=\"og:image:width\" content=\"1200\" \/>\n\t<meta property=\"og:image:height\" content=\"628\" \/>\n\t<meta property=\"og:image:type\" content=\"image\/jpeg\" \/>\n<meta name=\"author\" content=\"Karine Dudognon\" \/>\n<meta name=\"twitter:card\" content=\"summary_large_image\" \/>\n<meta name=\"twitter:label1\" content=\"\u00c9crit par\" \/>\n\t<meta name=\"twitter:data1\" content=\"Karine Dudognon\" \/>\n\t<meta name=\"twitter:label2\" content=\"Dur\u00e9e de lecture estim\u00e9e\" \/>\n\t<meta name=\"twitter:data2\" content=\"1 minute\" \/>\n<script type=\"application\/ld+json\" class=\"yoast-schema-graph\">{\"@context\":\"https:\\\/\\\/schema.org\",\"@graph\":[{\"@type\":\"Article\",\"@id\":\"https:\\\/\\\/www.cargo-montreal.ca\\\/fr\\\/des-entrepreneurs-du-quebec-obtiennent-la-plus-haute-distinction-remise-par-ey\\\/#article\",\"isPartOf\":{\"@id\":\"https:\\\/\\\/www.cargo-montreal.ca\\\/fr\\\/des-entrepreneurs-du-quebec-obtiennent-la-plus-haute-distinction-remise-par-ey\\\/\"},\"author\":{\"name\":\"Karine Dudognon\",\"@id\":\"https:\\\/\\\/www.cargo-montreal.ca\\\/fr\\\/#\\\/schema\\\/person\\\/80476d173ce654813db9fd1533901365\"},\"headline\":\"Des entrepreneurs du Qu\u00e9bec obtiennent la plus haute distinction remise par EY\",\"datePublished\":\"2021-07-15T19:55:21+00:00\",\"dateModified\":\"2021-07-15T19:55:36+00:00\",\"mainEntityOfPage\":{\"@id\":\"https:\\\/\\\/www.cargo-montreal.ca\\\/fr\\\/des-entrepreneurs-du-quebec-obtiennent-la-plus-haute-distinction-remise-par-ey\\\/\"},\"wordCount\":142,\"commentCount\":0,\"image\":{\"@id\":\"https:\\\/\\\/www.cargo-montreal.ca\\\/fr\\\/des-entrepreneurs-du-quebec-obtiennent-la-plus-haute-distinction-remise-par-ey\\\/#primaryimage\"},\"thumbnailUrl\":\"https:\\\/\\\/www.cargo-montreal.ca\\\/wp-content\\\/uploads\\\/2021\\\/07\\\/PrixEYMP.jpg\",\"articleSection\":[\"Services logistiques\"],\"inLanguage\":\"fr-FR\",\"potentialAction\":[{\"@type\":\"CommentAction\",\"name\":\"Comment\",\"target\":[\"https:\\\/\\\/www.cargo-montreal.ca\\\/fr\\\/des-entrepreneurs-du-quebec-obtiennent-la-plus-haute-distinction-remise-par-ey\\\/#respond\"]}]},{\"@type\":\"WebPage\",\"@id\":\"https:\\\/\\\/www.cargo-montreal.ca\\\/fr\\\/des-entrepreneurs-du-quebec-obtiennent-la-plus-haute-distinction-remise-par-ey\\\/\",\"url\":\"https:\\\/\\\/www.cargo-montreal.ca\\\/fr\\\/des-entrepreneurs-du-quebec-obtiennent-la-plus-haute-distinction-remise-par-ey\\\/\",\"name\":\"Des entrepreneurs du Qu\u00e9bec obtiennent la plus haute distinction remise par EY - CargoM\",\"isPartOf\":{\"@id\":\"https:\\\/\\\/www.cargo-montreal.ca\\\/fr\\\/#website\"},\"primaryImageOfPage\":{\"@id\":\"https:\\\/\\\/www.cargo-montreal.ca\\\/fr\\\/des-entrepreneurs-du-quebec-obtiennent-la-plus-haute-distinction-remise-par-ey\\\/#primaryimage\"},\"image\":{\"@id\":\"https:\\\/\\\/www.cargo-montreal.ca\\\/fr\\\/des-entrepreneurs-du-quebec-obtiennent-la-plus-haute-distinction-remise-par-ey\\\/#primaryimage\"},\"thumbnailUrl\":\"https:\\\/\\\/www.cargo-montreal.ca\\\/wp-content\\\/uploads\\\/2021\\\/07\\\/PrixEYMP.jpg\",\"datePublished\":\"2021-07-15T19:55:21+00:00\",\"dateModified\":\"2021-07-15T19:55:36+00:00\",\"author\":{\"@id\":\"https:\\\/\\\/www.cargo-montreal.ca\\\/fr\\\/#\\\/schema\\\/person\\\/80476d173ce654813db9fd1533901365\"},\"breadcrumb\":{\"@id\":\"https:\\\/\\\/www.cargo-montreal.ca\\\/fr\\\/des-entrepreneurs-du-quebec-obtiennent-la-plus-haute-distinction-remise-par-ey\\\/#breadcrumb\"},\"inLanguage\":\"fr-FR\",\"potentialAction\":[{\"@type\":\"ReadAction\",\"target\":[\"https:\\\/\\\/www.cargo-montreal.ca\\\/fr\\\/des-entrepreneurs-du-quebec-obtiennent-la-plus-haute-distinction-remise-par-ey\\\/\"]}]},{\"@type\":\"ImageObject\",\"inLanguage\":\"fr-FR\",\"@id\":\"https:\\\/\\\/www.cargo-montreal.ca\\\/fr\\\/des-entrepreneurs-du-quebec-obtiennent-la-plus-haute-distinction-remise-par-ey\\\/#primaryimage\",\"url\":\"https:\\\/\\\/www.cargo-montreal.ca\\\/wp-content\\\/uploads\\\/2021\\\/07\\\/PrixEYMP.jpg\",\"contentUrl\":\"https:\\\/\\\/www.cargo-montreal.ca\\\/wp-content\\\/uploads\\\/2021\\\/07\\\/PrixEYMP.jpg\",\"width\":1200,\"height\":628},{\"@type\":\"BreadcrumbList\",\"@id\":\"https:\\\/\\\/www.cargo-montreal.ca\\\/fr\\\/des-entrepreneurs-du-quebec-obtiennent-la-plus-haute-distinction-remise-par-ey\\\/#breadcrumb\",\"itemListElement\":[{\"@type\":\"ListItem\",\"position\":1,\"name\":\"Home\",\"item\":\"https:\\\/\\\/www.cargo-montreal.ca\\\/fr\\\/\"},{\"@type\":\"ListItem\",\"position\":2,\"name\":\"Des entrepreneurs du Qu\u00e9bec obtiennent la plus haute distinction remise par EY\"}]},{\"@type\":\"WebSite\",\"@id\":\"https:\\\/\\\/www.cargo-montreal.ca\\\/fr\\\/#website\",\"url\":\"https:\\\/\\\/www.cargo-montreal.ca\\\/fr\\\/\",\"name\":\"CargoM\",\"description\":\"La mission de CargoM: Rassembler les acteurs de la logistique &amp; du transport de marchandises du Grand Montr\u00e9al autour d&#039;objectifs communs, d&#039;actions concert\u00e9es\",\"potentialAction\":[{\"@type\":\"SearchAction\",\"target\":{\"@type\":\"EntryPoint\",\"urlTemplate\":\"https:\\\/\\\/www.cargo-montreal.ca\\\/fr\\\/?s={search_term_string}\"},\"query-input\":{\"@type\":\"PropertyValueSpecification\",\"valueRequired\":true,\"valueName\":\"search_term_string\"}}],\"inLanguage\":\"fr-FR\"},{\"@type\":\"Person\",\"@id\":\"https:\\\/\\\/www.cargo-montreal.ca\\\/fr\\\/#\\\/schema\\\/person\\\/80476d173ce654813db9fd1533901365\",\"name\":\"Karine Dudognon\",\"image\":{\"@type\":\"ImageObject\",\"inLanguage\":\"fr-FR\",\"@id\":\"https:\\\/\\\/secure.gravatar.com\\\/avatar\\\/673bdfb703a9b6685a88bc7dfb04a9ea2b48b30e9d1663a5e759a4e9bfa3e2c0?s=96&d=mm&r=g\",\"url\":\"https:\\\/\\\/secure.gravatar.com\\\/avatar\\\/673bdfb703a9b6685a88bc7dfb04a9ea2b48b30e9d1663a5e759a4e9bfa3e2c0?s=96&d=mm&r=g\",\"contentUrl\":\"https:\\\/\\\/secure.gravatar.com\\\/avatar\\\/673bdfb703a9b6685a88bc7dfb04a9ea2b48b30e9d1663a5e759a4e9bfa3e2c0?s=96&d=mm&r=g\",\"caption\":\"Karine Dudognon\"},\"url\":\"https:\\\/\\\/www.cargo-montreal.ca\\\/fr\\\/author\\\/karine\\\/\"}]}<\/script>\n<!-- \/ Yoast SEO plugin. -->","yoast_head_json":{"title":"Des entrepreneurs du Qu\u00e9bec obtiennent la plus haute distinction remise par EY - CargoM","robots":{"index":"index","follow":"follow","max-snippet":"max-snippet:-1","max-image-preview":"max-image-preview:large","max-video-preview":"max-video-preview:-1"},"canonical":"https:\/\/www.cargo-montreal.ca\/fr\/des-entrepreneurs-du-quebec-obtiennent-la-plus-haute-distinction-remise-par-ey\/","og_locale":"fr_FR","og_type":"article","og_title":"Des entrepreneurs du Qu\u00e9bec obtiennent la plus haute distinction remise par EY - CargoM","og_description":"Toutes nos f\u00e9licitations \u00e0 Mme\u00a0Madeleine Paquin, pr\u00e9sidente du conseil d\u2019administration de CargoM et pr\u00e9sidente et chef de la direction de\u00a0Logistec Corporation, qui vient tout juste de recevoir, avec six autres entrepreneurs qu\u00e9b\u00e9cois, le Grand Prix de l\u2019Entrepreneur d\u2019EY du Qu\u00e9bec. \u00ab Les laur\u00e9ats de cette ann\u00e9e sont des pionniers ; ils trouvent des solutions aux [&hellip;]","og_url":"https:\/\/www.cargo-montreal.ca\/fr\/des-entrepreneurs-du-quebec-obtiennent-la-plus-haute-distinction-remise-par-ey\/","og_site_name":"CargoM","article_published_time":"2021-07-15T19:55:21+00:00","article_modified_time":"2021-07-15T19:55:36+00:00","og_image":[{"width":1200,"height":628,"url":"https:\/\/www.cargo-montreal.ca\/wp-content\/uploads\/2021\/07\/PrixEYMP.jpg","type":"image\/jpeg"}],"author":"Karine Dudognon","twitter_card":"summary_large_image","twitter_misc":{"\u00c9crit par":"Karine Dudognon","Dur\u00e9e de lecture estim\u00e9e":"1 minute"},"schema":{"@context":"https:\/\/schema.org","@graph":[{"@type":"Article","@id":"https:\/\/www.cargo-montreal.ca\/fr\/des-entrepreneurs-du-quebec-obtiennent-la-plus-haute-distinction-remise-par-ey\/#article","isPartOf":{"@id":"https:\/\/www.cargo-montreal.ca\/fr\/des-entrepreneurs-du-quebec-obtiennent-la-plus-haute-distinction-remise-par-ey\/"},"author":{"name":"Karine Dudognon","@id":"https:\/\/www.cargo-montreal.ca\/fr\/#\/schema\/person\/80476d173ce654813db9fd1533901365"},"headline":"Des entrepreneurs du Qu\u00e9bec obtiennent la plus haute distinction remise par EY","datePublished":"2021-07-15T19:55:21+00:00","dateModified":"2021-07-15T19:55:36+00:00","mainEntityOfPage":{"@id":"https:\/\/www.cargo-montreal.ca\/fr\/des-entrepreneurs-du-quebec-obtiennent-la-plus-haute-distinction-remise-par-ey\/"},"wordCount":142,"commentCount":0,"image":{"@id":"https:\/\/www.cargo-montreal.ca\/fr\/des-entrepreneurs-du-quebec-obtiennent-la-plus-haute-distinction-remise-par-ey\/#primaryimage"},"thumbnailUrl":"https:\/\/www.cargo-montreal.ca\/wp-content\/uploads\/2021\/07\/PrixEYMP.jpg","articleSection":["Services logistiques"],"inLanguage":"fr-FR","potentialAction":[{"@type":"CommentAction","name":"Comment","target":["https:\/\/www.cargo-montreal.ca\/fr\/des-entrepreneurs-du-quebec-obtiennent-la-plus-haute-distinction-remise-par-ey\/#respond"]}]},{"@type":"WebPage","@id":"https:\/\/www.cargo-montreal.ca\/fr\/des-entrepreneurs-du-quebec-obtiennent-la-plus-haute-distinction-remise-par-ey\/","url":"https:\/\/www.cargo-montreal.ca\/fr\/des-entrepreneurs-du-quebec-obtiennent-la-plus-haute-distinction-remise-par-ey\/","name":"Des entrepreneurs du Qu\u00e9bec obtiennent la plus haute distinction remise par EY - CargoM","isPartOf":{"@id":"https:\/\/www.cargo-montreal.ca\/fr\/#website"},"primaryImageOfPage":{"@id":"https:\/\/www.cargo-montreal.ca\/fr\/des-entrepreneurs-du-quebec-obtiennent-la-plus-haute-distinction-remise-par-ey\/#primaryimage"},"image":{"@id":"https:\/\/www.cargo-montreal.ca\/fr\/des-entrepreneurs-du-quebec-obtiennent-la-plus-haute-distinction-remise-par-ey\/#primaryimage"},"thumbnailUrl":"https:\/\/www.cargo-montreal.ca\/wp-content\/uploads\/2021\/07\/PrixEYMP.jpg","datePublished":"2021-07-15T19:55:21+00:00","dateModified":"2021-07-15T19:55:36+00:00","author":{"@id":"https:\/\/www.cargo-montreal.ca\/fr\/#\/schema\/person\/80476d173ce654813db9fd1533901365"},"breadcrumb":{"@id":"https:\/\/www.cargo-montreal.ca\/fr\/des-entrepreneurs-du-quebec-obtiennent-la-plus-haute-distinction-remise-par-ey\/#breadcrumb"},"inLanguage":"fr-FR","potentialAction":[{"@type":"ReadAction","target":["https:\/\/www.cargo-montreal.ca\/fr\/des-entrepreneurs-du-quebec-obtiennent-la-plus-haute-distinction-remise-par-ey\/"]}]},{"@type":"ImageObject","inLanguage":"fr-FR","@id":"https:\/\/www.cargo-montreal.ca\/fr\/des-entrepreneurs-du-quebec-obtiennent-la-plus-haute-distinction-remise-par-ey\/#primaryimage","url":"https:\/\/www.cargo-montreal.ca\/wp-content\/uploads\/2021\/07\/PrixEYMP.jpg","contentUrl":"https:\/\/www.cargo-montreal.ca\/wp-content\/uploads\/2021\/07\/PrixEYMP.jpg","width":1200,"height":628},{"@type":"BreadcrumbList","@id":"https:\/\/www.cargo-montreal.ca\/fr\/des-entrepreneurs-du-quebec-obtiennent-la-plus-haute-distinction-remise-par-ey\/#breadcrumb","itemListElement":[{"@type":"ListItem","position":1,"name":"Home","item":"https:\/\/www.cargo-montreal.ca\/fr\/"},{"@type":"ListItem","position":2,"name":"Des entrepreneurs du Qu\u00e9bec obtiennent la plus haute distinction remise par EY"}]},{"@type":"WebSite","@id":"https:\/\/www.cargo-montreal.ca\/fr\/#website","url":"https:\/\/www.cargo-montreal.ca\/fr\/","name":"CargoM","description":"La mission de CargoM: Rassembler les acteurs de la logistique &amp; du transport de marchandises du Grand Montr\u00e9al autour d&#039;objectifs communs, d&#039;actions concert\u00e9es","potentialAction":[{"@type":"SearchAction","target":{"@type":"EntryPoint","urlTemplate":"https:\/\/www.cargo-montreal.ca\/fr\/?s={search_term_string}"},"query-input":{"@type":"PropertyValueSpecification","valueRequired":true,"valueName":"search_term_string"}}],"inLanguage":"fr-FR"},{"@type":"Person","@id":"https:\/\/www.cargo-montreal.ca\/fr\/#\/schema\/person\/80476d173ce654813db9fd1533901365","name":"Karine Dudognon","image":{"@type":"ImageObject","inLanguage":"fr-FR","@id":"https:\/\/secure.gravatar.com\/avatar\/673bdfb703a9b6685a88bc7dfb04a9ea2b48b30e9d1663a5e759a4e9bfa3e2c0?s=96&d=mm&r=g","url":"https:\/\/secure.gravatar.com\/avatar\/673bdfb703a9b6685a88bc7dfb04a9ea2b48b30e9d1663a5e759a4e9bfa3e2c0?s=96&d=mm&r=g","contentUrl":"https:\/\/secure.gravatar.com\/avatar\/673bdfb703a9b6685a88bc7dfb04a9ea2b48b30e9d1663a5e759a4e9bfa3e2c0?s=96&d=mm&r=g","caption":"Karine Dudognon"},"url":"https:\/\/www.cargo-montreal.ca\/fr\/author\/karine\/"}]}},"_links":{"self":[{"href":"https:\/\/www.cargo-montreal.ca\/fr\/wp-json\/wp\/v2\/posts\/11901","targetHints":{"allow":["GET"]}}],"collection":[{"href":"https:\/\/www.cargo-montreal.ca\/fr\/wp-json\/wp\/v2\/posts"}],"about":[{"href":"https:\/\/www.cargo-montreal.ca\/fr\/wp-json\/wp\/v2\/types\/post"}],"author":[{"embeddable":true,"href":"https:\/\/www.cargo-montreal.ca\/fr\/wp-json\/wp\/v2\/users\/39"}],"replies":[{"embeddable":true,"href":"https:\/\/www.cargo-montreal.ca\/fr\/wp-json\/wp\/v2\/comments?post=11901"}],"version-history":[{"count":1,"href":"https:\/\/www.cargo-montreal.ca\/fr\/wp-json\/wp\/v2\/posts\/11901\/revisions"}],"predecessor-version":[{"id":11902,"href":"https:\/\/www.cargo-montreal.ca\/fr\/wp-json\/wp\/v2\/posts\/11901\/revisions\/11902"}],"wp:featuredmedia":[{"embeddable":true,"href":"https:\/\/www.cargo-montreal.ca\/fr\/wp-json\/wp\/v2\/media\/11849"}],"wp:attachment":[{"href":"https:\/\/www.cargo-montreal.ca\/fr\/wp-json\/wp\/v2\/media?parent=11901"}],"wp:term":[{"taxonomy":"category","embeddable":true,"href":"https:\/\/www.cargo-montreal.ca\/fr\/wp-json\/wp\/v2\/categories?post=11901"},{"taxonomy":"post_tag","embeddable":true,"href":"https:\/\/www.cargo-montreal.ca\/fr\/wp-json\/wp\/v2\/tags?post=11901"}],"curies":[{"name":"wp","href":"https:\/\/api.w.org\/{rel}","templated":true}]}}