{"id":12511,"date":"2021-11-16T15:28:35","date_gmt":"2021-11-16T15:28:35","guid":{"rendered":"https:\/\/www.cargo-montreal.ca\/?p=12511"},"modified":"2021-11-16T16:52:48","modified_gmt":"2021-11-16T16:52:48","slug":"journee-carrieres-en-transport-et-logistique","status":"publish","type":"post","link":"https:\/\/www.cargo-montreal.ca\/fr\/journee-carrieres-en-transport-et-logistique\/","title":{"rendered":"Journ\u00e9e carri\u00e8res en transport et logistique"},"content":{"rendered":"<p style=\"text-align: justify; line-height: 125%;\"><strong><span style=\"font-size: 10px;\">De gauche \u00e0 droite : M. Marc Cadieux, pr\u00e9sident-directeur g\u00e9n\u00e9ral de l\u2019Association du camionnage du Qu\u00e9bec ; Mme Chantal Rouleau, ministre d\u00e9l\u00e9gu\u00e9e aux Transports et ministre responsable de la M\u00e9tropole et de la r\u00e9gion de Montr\u00e9al ; M. Martin Imbleau, pr\u00e9sident-directeur g\u00e9n\u00e9ral de l&rsquo;Administration portuaire de Montr\u00e9al et M. Mathieu Charbonneau, directeur g\u00e9n\u00e9ral de CargoM.<\/span><\/strong><\/p>\r\nCargoM est heureuse de pr\u00e9senter le bilan de sa Journ\u00e9e carri\u00e8res en transport et logistique qui s\u2019est cl\u00f4tur\u00e9e vendredi dernier par la fermeture du salon virtuel apr\u00e8s 13 jours d\u2019activit\u00e9s de recrutement, de promotion et de valorisation des m\u00e9tiers et des formations de notre secteur.\r\n\r\nPour cette 6<sup>e<\/sup> \u00e9dition la Grappe s\u2019est associ\u00e9e au Salon de l\u2019emploi et de la formation continue \u2013 Formule hybride dans l\u2019objectif d\u2019offrir \u00e0 ses membres et partenaires la possibilit\u00e9 de choisir le format, en pr\u00e9sentiel ou virtuel, correspondant le mieux \u00e0 leur besoin. \u00c0 l\u2019occasion de ces deux salons, un pavillon en transport et logistique, pr\u00e9sent\u00e9 par CargoM, regroupait une trentaine d\u2019entreprises de notre secteur qui avaient \u00e0 elles seules plus de 650 postes \u00e0 pourvoir. Plus de 3500 personnes ont visit\u00e9 le salon pr\u00e9sentiel qui avait lieu 27 et 28 octobre et quelque 4000\u00a0personnes ont visit\u00e9 le salon virtuel du 3 au 12 novembre.\r\n\r\nCargoM remercie chaleureusement ses membres et partenaires qui ont particip\u00e9 \u00e0 l\u2019\u00e9v\u00e9nement et souligne la visite de Mme Chantal Rouleau, ministre d\u00e9l\u00e9gu\u00e9e aux Transports et ministre responsable de la M\u00e9tropole et de la r\u00e9gion de Montr\u00e9al, de M. Martin Imbleau, pr\u00e9sident-directeur g\u00e9n\u00e9ral de l&rsquo;Administration portuaire de Montr\u00e9al, de M. Marc Cadieux, pr\u00e9sident-directeur g\u00e9n\u00e9ral de l\u2019Association du camionnage du Qu\u00e9bec et de M. Luc Rabouin, maire de l&rsquo;arrondissement Le Plateau-Mont-Royal.\r\n\r\nPour plus de d\u00e9tails, lire les communiqu\u00e9s :\r\n<ul>\r\n \t<li><a href=\"https:\/\/www.cargo-montreal.ca\/wp-content\/uploads\/2021\/10\/CargoM_Communique_JC_2021_Physique_29_10_Fr-VF.pdf\">Pour une 6e ann\u00e9e, CargoM rassemble le secteur du transport et de la logistique lors de sa journ\u00e9e carri\u00e8res<\/a><\/li>\r\n \t<li><a href=\"https:\/\/www.cargo-montreal.ca\/wp-content\/uploads\/2021\/11\/CargoM_Communique_JC_2021_Bilanfinal_15-11-V1-VF2_Fr.pdf\">Bilan de la Journ\u00e9e carri\u00e8res en transport et logistique de Cargo<\/a><a href=\"https:\/\/www.cargo-montreal.ca\/wp-content\/uploads\/2021\/11\/CargoM_Communique_JC_2021_Bilanfinal_15-11-V1-VF2_Fr.pdf\">M<\/a><\/li>\r\n<\/ul>\r\n&nbsp;","protected":false},"excerpt":{"rendered":"De gauche \u00e0 droite : M. Marc Cadieux, pr\u00e9sident-directeur g\u00e9n\u00e9ral de l\u2019Association du camionnage du Qu\u00e9bec ; Mme Chantal Rouleau, ministre d\u00e9l\u00e9gu\u00e9e aux Transports et ministre responsable de la M\u00e9tropole et de la r\u00e9gion de Montr\u00e9al ; M. Martin Imbleau, pr\u00e9sident-directeur g\u00e9n\u00e9ral de l&rsquo;Administration portuaire de Montr\u00e9al et M. Mathieu Charbonneau, directeur g\u00e9n\u00e9ral de CargoM. [&hellip;]","protected":false},"author":39,"featured_media":12512,"comment_status":"open","ping_status":"open","sticky":false,"template":"","format":"standard","meta":{"_acf_changed":false,"footnotes":""},"categories":[20],"tags":[],"class_list":["post-12511","post","type-post","status-publish","format-standard","has-post-thumbnail","hentry","category-services-logistiques"],"acf":[],"yoast_head":"<!-- This site is optimized with the Yoast SEO plugin v27.3 - https:\/\/yoast.com\/product\/yoast-seo-wordpress\/ -->\n<title>Journ\u00e9e carri\u00e8res en transport et logistique - CargoM<\/title>\n<meta name=\"robots\" content=\"index, follow, max-snippet:-1, max-image-preview:large, max-video-preview:-1\" \/>\n<link rel=\"canonical\" href=\"https:\/\/www.cargo-montreal.ca\/fr\/journee-carrieres-en-transport-et-logistique\/\" \/>\n<meta property=\"og:locale\" content=\"fr_FR\" \/>\n<meta property=\"og:type\" content=\"article\" \/>\n<meta property=\"og:title\" content=\"Journ\u00e9e carri\u00e8res en transport et logistique - CargoM\" \/>\n<meta property=\"og:description\" content=\"De gauche \u00e0 droite : M. Marc Cadieux, pr\u00e9sident-directeur g\u00e9n\u00e9ral de l\u2019Association du camionnage du Qu\u00e9bec ; Mme Chantal Rouleau, ministre d\u00e9l\u00e9gu\u00e9e aux Transports et ministre responsable de la M\u00e9tropole et de la r\u00e9gion de Montr\u00e9al ; M. Martin Imbleau, pr\u00e9sident-directeur g\u00e9n\u00e9ral de l&rsquo;Administration portuaire de Montr\u00e9al et M. Mathieu Charbonneau, directeur g\u00e9n\u00e9ral de CargoM. [&hellip;]\" \/>\n<meta property=\"og:url\" content=\"https:\/\/www.cargo-montreal.ca\/fr\/journee-carrieres-en-transport-et-logistique\/\" \/>\n<meta property=\"og:site_name\" content=\"CargoM\" \/>\n<meta property=\"article:published_time\" content=\"2021-11-16T15:28:35+00:00\" \/>\n<meta property=\"article:modified_time\" content=\"2021-11-16T16:52:48+00:00\" \/>\n<meta property=\"og:image\" content=\"https:\/\/www.cargo-montreal.ca\/wp-content\/uploads\/2021\/11\/Brophoto2021-NiceMktg-CargoM-55491-1-scaled.jpg\" \/>\n\t<meta property=\"og:image:width\" content=\"2560\" \/>\n\t<meta property=\"og:image:height\" content=\"1708\" \/>\n\t<meta property=\"og:image:type\" content=\"image\/jpeg\" \/>\n<meta name=\"author\" content=\"Karine Dudognon\" \/>\n<meta name=\"twitter:card\" content=\"summary_large_image\" \/>\n<meta name=\"twitter:label1\" content=\"\u00c9crit par\" \/>\n\t<meta name=\"twitter:data1\" content=\"Karine Dudognon\" \/>\n\t<meta name=\"twitter:label2\" content=\"Dur\u00e9e de lecture estim\u00e9e\" \/>\n\t<meta name=\"twitter:data2\" content=\"2 minutes\" \/>\n<script type=\"application\/ld+json\" class=\"yoast-schema-graph\">{\"@context\":\"https:\\\/\\\/schema.org\",\"@graph\":[{\"@type\":\"Article\",\"@id\":\"https:\\\/\\\/www.cargo-montreal.ca\\\/fr\\\/journee-carrieres-en-transport-et-logistique\\\/#article\",\"isPartOf\":{\"@id\":\"https:\\\/\\\/www.cargo-montreal.ca\\\/fr\\\/journee-carrieres-en-transport-et-logistique\\\/\"},\"author\":{\"name\":\"Karine Dudognon\",\"@id\":\"https:\\\/\\\/www.cargo-montreal.ca\\\/fr\\\/#\\\/schema\\\/person\\\/80476d173ce654813db9fd1533901365\"},\"headline\":\"Journ\u00e9e carri\u00e8res en transport et logistique\",\"datePublished\":\"2021-11-16T15:28:35+00:00\",\"dateModified\":\"2021-11-16T16:52:48+00:00\",\"mainEntityOfPage\":{\"@id\":\"https:\\\/\\\/www.cargo-montreal.ca\\\/fr\\\/journee-carrieres-en-transport-et-logistique\\\/\"},\"wordCount\":368,\"commentCount\":0,\"image\":{\"@id\":\"https:\\\/\\\/www.cargo-montreal.ca\\\/fr\\\/journee-carrieres-en-transport-et-logistique\\\/#primaryimage\"},\"thumbnailUrl\":\"https:\\\/\\\/www.cargo-montreal.ca\\\/wp-content\\\/uploads\\\/2021\\\/11\\\/Brophoto2021-NiceMktg-CargoM-55491-1-scaled.jpg\",\"articleSection\":[\"Services logistiques\"],\"inLanguage\":\"fr-FR\",\"potentialAction\":[{\"@type\":\"CommentAction\",\"name\":\"Comment\",\"target\":[\"https:\\\/\\\/www.cargo-montreal.ca\\\/fr\\\/journee-carrieres-en-transport-et-logistique\\\/#respond\"]}]},{\"@type\":\"WebPage\",\"@id\":\"https:\\\/\\\/www.cargo-montreal.ca\\\/fr\\\/journee-carrieres-en-transport-et-logistique\\\/\",\"url\":\"https:\\\/\\\/www.cargo-montreal.ca\\\/fr\\\/journee-carrieres-en-transport-et-logistique\\\/\",\"name\":\"Journ\u00e9e carri\u00e8res en transport et logistique - CargoM\",\"isPartOf\":{\"@id\":\"https:\\\/\\\/www.cargo-montreal.ca\\\/fr\\\/#website\"},\"primaryImageOfPage\":{\"@id\":\"https:\\\/\\\/www.cargo-montreal.ca\\\/fr\\\/journee-carrieres-en-transport-et-logistique\\\/#primaryimage\"},\"image\":{\"@id\":\"https:\\\/\\\/www.cargo-montreal.ca\\\/fr\\\/journee-carrieres-en-transport-et-logistique\\\/#primaryimage\"},\"thumbnailUrl\":\"https:\\\/\\\/www.cargo-montreal.ca\\\/wp-content\\\/uploads\\\/2021\\\/11\\\/Brophoto2021-NiceMktg-CargoM-55491-1-scaled.jpg\",\"datePublished\":\"2021-11-16T15:28:35+00:00\",\"dateModified\":\"2021-11-16T16:52:48+00:00\",\"author\":{\"@id\":\"https:\\\/\\\/www.cargo-montreal.ca\\\/fr\\\/#\\\/schema\\\/person\\\/80476d173ce654813db9fd1533901365\"},\"breadcrumb\":{\"@id\":\"https:\\\/\\\/www.cargo-montreal.ca\\\/fr\\\/journee-carrieres-en-transport-et-logistique\\\/#breadcrumb\"},\"inLanguage\":\"fr-FR\",\"potentialAction\":[{\"@type\":\"ReadAction\",\"target\":[\"https:\\\/\\\/www.cargo-montreal.ca\\\/fr\\\/journee-carrieres-en-transport-et-logistique\\\/\"]}]},{\"@type\":\"ImageObject\",\"inLanguage\":\"fr-FR\",\"@id\":\"https:\\\/\\\/www.cargo-montreal.ca\\\/fr\\\/journee-carrieres-en-transport-et-logistique\\\/#primaryimage\",\"url\":\"https:\\\/\\\/www.cargo-montreal.ca\\\/wp-content\\\/uploads\\\/2021\\\/11\\\/Brophoto2021-NiceMktg-CargoM-55491-1-scaled.jpg\",\"contentUrl\":\"https:\\\/\\\/www.cargo-montreal.ca\\\/wp-content\\\/uploads\\\/2021\\\/11\\\/Brophoto2021-NiceMktg-CargoM-55491-1-scaled.jpg\",\"width\":2560,\"height\":1708},{\"@type\":\"BreadcrumbList\",\"@id\":\"https:\\\/\\\/www.cargo-montreal.ca\\\/fr\\\/journee-carrieres-en-transport-et-logistique\\\/#breadcrumb\",\"itemListElement\":[{\"@type\":\"ListItem\",\"position\":1,\"name\":\"Home\",\"item\":\"https:\\\/\\\/www.cargo-montreal.ca\\\/fr\\\/\"},{\"@type\":\"ListItem\",\"position\":2,\"name\":\"Journ\u00e9e carri\u00e8res en transport et logistique\"}]},{\"@type\":\"WebSite\",\"@id\":\"https:\\\/\\\/www.cargo-montreal.ca\\\/fr\\\/#website\",\"url\":\"https:\\\/\\\/www.cargo-montreal.ca\\\/fr\\\/\",\"name\":\"CargoM\",\"description\":\"La mission de CargoM: Rassembler les acteurs de la logistique &amp; du transport de marchandises du Grand Montr\u00e9al autour d&#039;objectifs communs, d&#039;actions concert\u00e9es\",\"potentialAction\":[{\"@type\":\"SearchAction\",\"target\":{\"@type\":\"EntryPoint\",\"urlTemplate\":\"https:\\\/\\\/www.cargo-montreal.ca\\\/fr\\\/?s={search_term_string}\"},\"query-input\":{\"@type\":\"PropertyValueSpecification\",\"valueRequired\":true,\"valueName\":\"search_term_string\"}}],\"inLanguage\":\"fr-FR\"},{\"@type\":\"Person\",\"@id\":\"https:\\\/\\\/www.cargo-montreal.ca\\\/fr\\\/#\\\/schema\\\/person\\\/80476d173ce654813db9fd1533901365\",\"name\":\"Karine Dudognon\",\"image\":{\"@type\":\"ImageObject\",\"inLanguage\":\"fr-FR\",\"@id\":\"https:\\\/\\\/secure.gravatar.com\\\/avatar\\\/673bdfb703a9b6685a88bc7dfb04a9ea2b48b30e9d1663a5e759a4e9bfa3e2c0?s=96&d=mm&r=g\",\"url\":\"https:\\\/\\\/secure.gravatar.com\\\/avatar\\\/673bdfb703a9b6685a88bc7dfb04a9ea2b48b30e9d1663a5e759a4e9bfa3e2c0?s=96&d=mm&r=g\",\"contentUrl\":\"https:\\\/\\\/secure.gravatar.com\\\/avatar\\\/673bdfb703a9b6685a88bc7dfb04a9ea2b48b30e9d1663a5e759a4e9bfa3e2c0?s=96&d=mm&r=g\",\"caption\":\"Karine Dudognon\"},\"url\":\"https:\\\/\\\/www.cargo-montreal.ca\\\/fr\\\/author\\\/karine\\\/\"}]}<\/script>\n<!-- \/ Yoast SEO plugin. -->","yoast_head_json":{"title":"Journ\u00e9e carri\u00e8res en transport et logistique - CargoM","robots":{"index":"index","follow":"follow","max-snippet":"max-snippet:-1","max-image-preview":"max-image-preview:large","max-video-preview":"max-video-preview:-1"},"canonical":"https:\/\/www.cargo-montreal.ca\/fr\/journee-carrieres-en-transport-et-logistique\/","og_locale":"fr_FR","og_type":"article","og_title":"Journ\u00e9e carri\u00e8res en transport et logistique - CargoM","og_description":"De gauche \u00e0 droite : M. Marc Cadieux, pr\u00e9sident-directeur g\u00e9n\u00e9ral de l\u2019Association du camionnage du Qu\u00e9bec ; Mme Chantal Rouleau, ministre d\u00e9l\u00e9gu\u00e9e aux Transports et ministre responsable de la M\u00e9tropole et de la r\u00e9gion de Montr\u00e9al ; M. Martin Imbleau, pr\u00e9sident-directeur g\u00e9n\u00e9ral de l&rsquo;Administration portuaire de Montr\u00e9al et M. Mathieu Charbonneau, directeur g\u00e9n\u00e9ral de CargoM. [&hellip;]","og_url":"https:\/\/www.cargo-montreal.ca\/fr\/journee-carrieres-en-transport-et-logistique\/","og_site_name":"CargoM","article_published_time":"2021-11-16T15:28:35+00:00","article_modified_time":"2021-11-16T16:52:48+00:00","og_image":[{"width":2560,"height":1708,"url":"https:\/\/www.cargo-montreal.ca\/wp-content\/uploads\/2021\/11\/Brophoto2021-NiceMktg-CargoM-55491-1-scaled.jpg","type":"image\/jpeg"}],"author":"Karine Dudognon","twitter_card":"summary_large_image","twitter_misc":{"\u00c9crit par":"Karine Dudognon","Dur\u00e9e de lecture estim\u00e9e":"2 minutes"},"schema":{"@context":"https:\/\/schema.org","@graph":[{"@type":"Article","@id":"https:\/\/www.cargo-montreal.ca\/fr\/journee-carrieres-en-transport-et-logistique\/#article","isPartOf":{"@id":"https:\/\/www.cargo-montreal.ca\/fr\/journee-carrieres-en-transport-et-logistique\/"},"author":{"name":"Karine Dudognon","@id":"https:\/\/www.cargo-montreal.ca\/fr\/#\/schema\/person\/80476d173ce654813db9fd1533901365"},"headline":"Journ\u00e9e carri\u00e8res en transport et logistique","datePublished":"2021-11-16T15:28:35+00:00","dateModified":"2021-11-16T16:52:48+00:00","mainEntityOfPage":{"@id":"https:\/\/www.cargo-montreal.ca\/fr\/journee-carrieres-en-transport-et-logistique\/"},"wordCount":368,"commentCount":0,"image":{"@id":"https:\/\/www.cargo-montreal.ca\/fr\/journee-carrieres-en-transport-et-logistique\/#primaryimage"},"thumbnailUrl":"https:\/\/www.cargo-montreal.ca\/wp-content\/uploads\/2021\/11\/Brophoto2021-NiceMktg-CargoM-55491-1-scaled.jpg","articleSection":["Services logistiques"],"inLanguage":"fr-FR","potentialAction":[{"@type":"CommentAction","name":"Comment","target":["https:\/\/www.cargo-montreal.ca\/fr\/journee-carrieres-en-transport-et-logistique\/#respond"]}]},{"@type":"WebPage","@id":"https:\/\/www.cargo-montreal.ca\/fr\/journee-carrieres-en-transport-et-logistique\/","url":"https:\/\/www.cargo-montreal.ca\/fr\/journee-carrieres-en-transport-et-logistique\/","name":"Journ\u00e9e carri\u00e8res en transport et logistique - CargoM","isPartOf":{"@id":"https:\/\/www.cargo-montreal.ca\/fr\/#website"},"primaryImageOfPage":{"@id":"https:\/\/www.cargo-montreal.ca\/fr\/journee-carrieres-en-transport-et-logistique\/#primaryimage"},"image":{"@id":"https:\/\/www.cargo-montreal.ca\/fr\/journee-carrieres-en-transport-et-logistique\/#primaryimage"},"thumbnailUrl":"https:\/\/www.cargo-montreal.ca\/wp-content\/uploads\/2021\/11\/Brophoto2021-NiceMktg-CargoM-55491-1-scaled.jpg","datePublished":"2021-11-16T15:28:35+00:00","dateModified":"2021-11-16T16:52:48+00:00","author":{"@id":"https:\/\/www.cargo-montreal.ca\/fr\/#\/schema\/person\/80476d173ce654813db9fd1533901365"},"breadcrumb":{"@id":"https:\/\/www.cargo-montreal.ca\/fr\/journee-carrieres-en-transport-et-logistique\/#breadcrumb"},"inLanguage":"fr-FR","potentialAction":[{"@type":"ReadAction","target":["https:\/\/www.cargo-montreal.ca\/fr\/journee-carrieres-en-transport-et-logistique\/"]}]},{"@type":"ImageObject","inLanguage":"fr-FR","@id":"https:\/\/www.cargo-montreal.ca\/fr\/journee-carrieres-en-transport-et-logistique\/#primaryimage","url":"https:\/\/www.cargo-montreal.ca\/wp-content\/uploads\/2021\/11\/Brophoto2021-NiceMktg-CargoM-55491-1-scaled.jpg","contentUrl":"https:\/\/www.cargo-montreal.ca\/wp-content\/uploads\/2021\/11\/Brophoto2021-NiceMktg-CargoM-55491-1-scaled.jpg","width":2560,"height":1708},{"@type":"BreadcrumbList","@id":"https:\/\/www.cargo-montreal.ca\/fr\/journee-carrieres-en-transport-et-logistique\/#breadcrumb","itemListElement":[{"@type":"ListItem","position":1,"name":"Home","item":"https:\/\/www.cargo-montreal.ca\/fr\/"},{"@type":"ListItem","position":2,"name":"Journ\u00e9e carri\u00e8res en transport et logistique"}]},{"@type":"WebSite","@id":"https:\/\/www.cargo-montreal.ca\/fr\/#website","url":"https:\/\/www.cargo-montreal.ca\/fr\/","name":"CargoM","description":"La mission de CargoM: Rassembler les acteurs de la logistique &amp; du transport de marchandises du Grand Montr\u00e9al autour d&#039;objectifs communs, d&#039;actions concert\u00e9es","potentialAction":[{"@type":"SearchAction","target":{"@type":"EntryPoint","urlTemplate":"https:\/\/www.cargo-montreal.ca\/fr\/?s={search_term_string}"},"query-input":{"@type":"PropertyValueSpecification","valueRequired":true,"valueName":"search_term_string"}}],"inLanguage":"fr-FR"},{"@type":"Person","@id":"https:\/\/www.cargo-montreal.ca\/fr\/#\/schema\/person\/80476d173ce654813db9fd1533901365","name":"Karine Dudognon","image":{"@type":"ImageObject","inLanguage":"fr-FR","@id":"https:\/\/secure.gravatar.com\/avatar\/673bdfb703a9b6685a88bc7dfb04a9ea2b48b30e9d1663a5e759a4e9bfa3e2c0?s=96&d=mm&r=g","url":"https:\/\/secure.gravatar.com\/avatar\/673bdfb703a9b6685a88bc7dfb04a9ea2b48b30e9d1663a5e759a4e9bfa3e2c0?s=96&d=mm&r=g","contentUrl":"https:\/\/secure.gravatar.com\/avatar\/673bdfb703a9b6685a88bc7dfb04a9ea2b48b30e9d1663a5e759a4e9bfa3e2c0?s=96&d=mm&r=g","caption":"Karine Dudognon"},"url":"https:\/\/www.cargo-montreal.ca\/fr\/author\/karine\/"}]}},"_links":{"self":[{"href":"https:\/\/www.cargo-montreal.ca\/fr\/wp-json\/wp\/v2\/posts\/12511","targetHints":{"allow":["GET"]}}],"collection":[{"href":"https:\/\/www.cargo-montreal.ca\/fr\/wp-json\/wp\/v2\/posts"}],"about":[{"href":"https:\/\/www.cargo-montreal.ca\/fr\/wp-json\/wp\/v2\/types\/post"}],"author":[{"embeddable":true,"href":"https:\/\/www.cargo-montreal.ca\/fr\/wp-json\/wp\/v2\/users\/39"}],"replies":[{"embeddable":true,"href":"https:\/\/www.cargo-montreal.ca\/fr\/wp-json\/wp\/v2\/comments?post=12511"}],"version-history":[{"count":6,"href":"https:\/\/www.cargo-montreal.ca\/fr\/wp-json\/wp\/v2\/posts\/12511\/revisions"}],"predecessor-version":[{"id":12575,"href":"https:\/\/www.cargo-montreal.ca\/fr\/wp-json\/wp\/v2\/posts\/12511\/revisions\/12575"}],"wp:featuredmedia":[{"embeddable":true,"href":"https:\/\/www.cargo-montreal.ca\/fr\/wp-json\/wp\/v2\/media\/12512"}],"wp:attachment":[{"href":"https:\/\/www.cargo-montreal.ca\/fr\/wp-json\/wp\/v2\/media?parent=12511"}],"wp:term":[{"taxonomy":"category","embeddable":true,"href":"https:\/\/www.cargo-montreal.ca\/fr\/wp-json\/wp\/v2\/categories?post=12511"},{"taxonomy":"post_tag","embeddable":true,"href":"https:\/\/www.cargo-montreal.ca\/fr\/wp-json\/wp\/v2\/tags?post=12511"}],"curies":[{"name":"wp","href":"https:\/\/api.w.org\/{rel}","templated":true}]}}