{"id":12752,"date":"2022-01-18T15:14:01","date_gmt":"2022-01-18T15:14:01","guid":{"rendered":"https:\/\/www.cargo-montreal.ca\/?p=12752"},"modified":"2022-01-18T15:14:01","modified_gmt":"2022-01-18T15:14:01","slug":"vaccination-des-camionneurs","status":"publish","type":"post","link":"https:\/\/www.cargo-montreal.ca\/fr\/vaccination-des-camionneurs\/","title":{"rendered":"Vaccination des camionneurs"},"content":{"rendered":"Depuis samedi 15 janvier, les conducteurs de camion canadiens sont tenus d\u2019\u00eatre doublement vaccin\u00e9s contre la COVID-19 afin d\u2019\u00e9viter la mise en quarantaine de 10 jours \u00e0 leur retour des \u00c9tats-Unis. Ils doivent dor\u00e9navant tester n\u00e9gatif\u00a0avant leur arriv\u00e9e, \u00e0 leur arriv\u00e9e et au huiti\u00e8me jour suivant leur arriv\u00e9e et se soumettre aux exigences de la quarantaine.\r\n<p align=\"justify\">Pour ce qui est des camionneurs en provenance des \u00c9tats-Unis qui ne sont pas vaccin\u00e9s ou que partiellement, ils seront retourn\u00e9s en sol am\u00e9ricain. \u00c0 compter du 22 janvier, les \u00c9tats-Unis imposeront le m\u00eame type de restriction aux camionneurs canadiens.<\/p>\r\nPour en savoir plus :\r\n<ul>\r\n \t<li><a href=\"https:\/\/info.cargo-montreal.ca\/e3t\/Btc\/ZU+113\/d11nbd04\/VVqwD-1q6VSBW3WbPfy7YlBJGW1vWpFD4Dsq_JMwF3SG5kh4fV3Zsc37CgB_FW1X6QRK82hQlZW5xxMc65Rnv__W4sZ44M4vh0QjW412BsD6Kk0DdVJLx0l1Q2kXpW8L5NJj9hQNsYW8JQztY8-qRfvVBkMhb12gQ-KV-sQqh57w7gdW12ZVDX2q9WY2W3-P9Xw7j1kNyW4YBN305tbSZ8W7NfbSc64zhCsW1SFj6n1bSmhlW1cYc0X4sGf2kVJx8RB45tTj2W7YfVp84qNGSJW6MQBdG6lmjYNN4WCX1WV9CbRW1Sxrgs1xPY0mW5CnzHx2m9Q3XW4H-ZJ843Y346W8Hmvqx8VcWxnW1HPMzv4G99jYW47P8xy30dcB0W7670Db95rp1xW8LyGp-736cMbW8Lnghr8lgJmLN58-mMtPtHh5N1jmBrwTbjf9W64v3dw6g3DqzW5YZGcS8bB-DpW3MP6rz7_ZRxpW23pBXz5mHLXJVSXBfp7HN92CW7rwJ_F8S71m53gRH1\" target=\"_blank\" rel=\"noopener\" data-saferedirecturl=\"https:\/\/www.google.com\/url?hl=fr-CA&amp;q=https:\/\/info.cargo-montreal.ca\/e3t\/Btc\/ZU%2B113\/d11nbd04\/VVqwD-1q6VSBW3WbPfy7YlBJGW1vWpFD4Dsq_JMwF3SG5kh4fV3Zsc37CgB_FW1X6QRK82hQlZW5xxMc65Rnv__W4sZ44M4vh0QjW412BsD6Kk0DdVJLx0l1Q2kXpW8L5NJj9hQNsYW8JQztY8-qRfvVBkMhb12gQ-KV-sQqh57w7gdW12ZVDX2q9WY2W3-P9Xw7j1kNyW4YBN305tbSZ8W7NfbSc64zhCsW1SFj6n1bSmhlW1cYc0X4sGf2kVJx8RB45tTj2W7YfVp84qNGSJW6MQBdG6lmjYNN4WCX1WV9CbRW1Sxrgs1xPY0mW5CnzHx2m9Q3XW4H-ZJ843Y346W8Hmvqx8VcWxnW1HPMzv4G99jYW47P8xy30dcB0W7670Db95rp1xW8LyGp-736cMbW8Lnghr8lgJmLN58-mMtPtHh5N1jmBrwTbjf9W64v3dw6g3DqzW5YZGcS8bB-DpW3MP6rz7_ZRxpW23pBXz5mHLXJVSXBfp7HN92CW7rwJ_F8S71m53gRH1&amp;source=gmail&amp;ust=1642601501400000&amp;usg=AOvVaw0hL1AyF36TRwsneIC_r2co\">Les exigences pour les camionneurs qui entreront au Canada seront en vigueur \u00e0 partir du 15 janvier 2022<\/a><\/li>\r\n \t<li><a href=\"https:\/\/info.cargo-montreal.ca\/e3t\/Btc\/ZU+113\/d11nbd04\/VVqwD-1q6VSBW3WbPfy7YlBJGW1vWpFD4Dsq_JMwF3Ty3lLBZV1-WJV7CgWsPW6ffJtL2NjBsRW1Y2ytq3w-j34W4sp_ft7ZcDBvW2jt0N241kCXbVJC0tb3hyQ5mV5nG9M2fk-KFW5ScG-H52RJ2ZW1xJ35d4vMjnQW6zYDk31QLQthW8TTBkD7qqQBdW3NfcZj8zZR2vW2NB5jc2FPfV-W8T9SbZ1Q8hKhW1mMB_l7PWG3FVQY64G1vJq0QW1g5gX56SjDxBW97PvqZ8mNk25W7d4pfl51C7HcW1Mw-Qm6SrVNbVsfcHg5XTzQqW2cdC1g87sFBSW86vyHR34tzz7W4pMCql2Wq1qPN1PMzBV_Cp4tW7p7n7y2ZcFD-W71R5bq1BBc0m33mk1\" target=\"_blank\" rel=\"noopener\" data-saferedirecturl=\"https:\/\/www.google.com\/url?hl=fr-CA&amp;q=https:\/\/info.cargo-montreal.ca\/e3t\/Btc\/ZU%2B113\/d11nbd04\/VVqwD-1q6VSBW3WbPfy7YlBJGW1vWpFD4Dsq_JMwF3Ty3lLBZV1-WJV7CgWsPW6ffJtL2NjBsRW1Y2ytq3w-j34W4sp_ft7ZcDBvW2jt0N241kCXbVJC0tb3hyQ5mV5nG9M2fk-KFW5ScG-H52RJ2ZW1xJ35d4vMjnQW6zYDk31QLQthW8TTBkD7qqQBdW3NfcZj8zZR2vW2NB5jc2FPfV-W8T9SbZ1Q8hKhW1mMB_l7PWG3FVQY64G1vJq0QW1g5gX56SjDxBW97PvqZ8mNk25W7d4pfl51C7HcW1Mw-Qm6SrVNbVsfcHg5XTzQqW2cdC1g87sFBSW86vyHR34tzz7W4pMCql2Wq1qPN1PMzBV_Cp4tW7p7n7y2ZcFD-W71R5bq1BBc0m33mk1&amp;source=gmail&amp;ust=1642601501400000&amp;usg=AOvVaw22VebxerCDT0hFwaPxRrC6\">Les r\u00e8gles frontali\u00e8res de vaccination obligatoire des camionneurs maintenues<\/a><\/li>\r\n<\/ul>\r\n<p align=\"justify\"><em>Sources\u00a0: Radio-Canada et Transports Canada<\/em><\/p>","protected":false},"excerpt":{"rendered":"Depuis samedi 15 janvier, les conducteurs de camion canadiens sont tenus d\u2019\u00eatre doublement vaccin\u00e9s contre la COVID-19 afin d\u2019\u00e9viter la mise en quarantaine de 10 jours \u00e0 leur retour des \u00c9tats-Unis. Ils doivent dor\u00e9navant tester n\u00e9gatif\u00a0avant leur arriv\u00e9e, \u00e0 leur arriv\u00e9e et au huiti\u00e8me jour suivant leur arriv\u00e9e et se soumettre aux exigences de la [&hellip;]","protected":false},"author":39,"featured_media":12717,"comment_status":"open","ping_status":"open","sticky":false,"template":"","format":"standard","meta":{"_acf_changed":false,"footnotes":""},"categories":[20],"tags":[],"class_list":["post-12752","post","type-post","status-publish","format-standard","has-post-thumbnail","hentry","category-services-logistiques"],"acf":[],"yoast_head":"<!-- This site is optimized with the Yoast SEO plugin v27.3 - https:\/\/yoast.com\/product\/yoast-seo-wordpress\/ -->\n<title>Vaccination des camionneurs - CargoM<\/title>\n<meta name=\"robots\" content=\"index, follow, max-snippet:-1, max-image-preview:large, max-video-preview:-1\" \/>\n<link rel=\"canonical\" href=\"https:\/\/www.cargo-montreal.ca\/fr\/vaccination-des-camionneurs\/\" \/>\n<meta property=\"og:locale\" content=\"fr_FR\" \/>\n<meta property=\"og:type\" content=\"article\" \/>\n<meta property=\"og:title\" content=\"Vaccination des camionneurs - CargoM\" \/>\n<meta property=\"og:description\" content=\"Depuis samedi 15 janvier, les conducteurs de camion canadiens sont tenus d\u2019\u00eatre doublement vaccin\u00e9s contre la COVID-19 afin d\u2019\u00e9viter la mise en quarantaine de 10 jours \u00e0 leur retour des \u00c9tats-Unis. Ils doivent dor\u00e9navant tester n\u00e9gatif\u00a0avant leur arriv\u00e9e, \u00e0 leur arriv\u00e9e et au huiti\u00e8me jour suivant leur arriv\u00e9e et se soumettre aux exigences de la [&hellip;]\" \/>\n<meta property=\"og:url\" content=\"https:\/\/www.cargo-montreal.ca\/fr\/vaccination-des-camionneurs\/\" \/>\n<meta property=\"og:site_name\" content=\"CargoM\" \/>\n<meta property=\"article:published_time\" content=\"2022-01-18T15:14:01+00:00\" \/>\n<meta property=\"og:image\" content=\"https:\/\/www.cargo-montreal.ca\/wp-content\/uploads\/2022\/01\/Camion-1024x576.jpg\" \/>\n\t<meta property=\"og:image:width\" content=\"1024\" \/>\n\t<meta property=\"og:image:height\" content=\"576\" \/>\n\t<meta property=\"og:image:type\" content=\"image\/jpeg\" \/>\n<meta name=\"author\" content=\"Karine Dudognon\" \/>\n<meta name=\"twitter:card\" content=\"summary_large_image\" \/>\n<meta name=\"twitter:label1\" content=\"\u00c9crit par\" \/>\n\t<meta name=\"twitter:data1\" content=\"Karine Dudognon\" \/>\n\t<meta name=\"twitter:label2\" content=\"Dur\u00e9e de lecture estim\u00e9e\" \/>\n\t<meta name=\"twitter:data2\" content=\"1 minute\" \/>\n<script type=\"application\/ld+json\" class=\"yoast-schema-graph\">{\"@context\":\"https:\\\/\\\/schema.org\",\"@graph\":[{\"@type\":\"Article\",\"@id\":\"https:\\\/\\\/www.cargo-montreal.ca\\\/fr\\\/vaccination-des-camionneurs\\\/#article\",\"isPartOf\":{\"@id\":\"https:\\\/\\\/www.cargo-montreal.ca\\\/fr\\\/vaccination-des-camionneurs\\\/\"},\"author\":{\"name\":\"Karine Dudognon\",\"@id\":\"https:\\\/\\\/www.cargo-montreal.ca\\\/fr\\\/#\\\/schema\\\/person\\\/80476d173ce654813db9fd1533901365\"},\"headline\":\"Vaccination des camionneurs\",\"datePublished\":\"2022-01-18T15:14:01+00:00\",\"mainEntityOfPage\":{\"@id\":\"https:\\\/\\\/www.cargo-montreal.ca\\\/fr\\\/vaccination-des-camionneurs\\\/\"},\"wordCount\":142,\"commentCount\":0,\"image\":{\"@id\":\"https:\\\/\\\/www.cargo-montreal.ca\\\/fr\\\/vaccination-des-camionneurs\\\/#primaryimage\"},\"thumbnailUrl\":\"https:\\\/\\\/www.cargo-montreal.ca\\\/wp-content\\\/uploads\\\/2022\\\/01\\\/Camion.jpg\",\"articleSection\":[\"Services logistiques\"],\"inLanguage\":\"fr-FR\",\"potentialAction\":[{\"@type\":\"CommentAction\",\"name\":\"Comment\",\"target\":[\"https:\\\/\\\/www.cargo-montreal.ca\\\/fr\\\/vaccination-des-camionneurs\\\/#respond\"]}]},{\"@type\":\"WebPage\",\"@id\":\"https:\\\/\\\/www.cargo-montreal.ca\\\/fr\\\/vaccination-des-camionneurs\\\/\",\"url\":\"https:\\\/\\\/www.cargo-montreal.ca\\\/fr\\\/vaccination-des-camionneurs\\\/\",\"name\":\"Vaccination des camionneurs - CargoM\",\"isPartOf\":{\"@id\":\"https:\\\/\\\/www.cargo-montreal.ca\\\/fr\\\/#website\"},\"primaryImageOfPage\":{\"@id\":\"https:\\\/\\\/www.cargo-montreal.ca\\\/fr\\\/vaccination-des-camionneurs\\\/#primaryimage\"},\"image\":{\"@id\":\"https:\\\/\\\/www.cargo-montreal.ca\\\/fr\\\/vaccination-des-camionneurs\\\/#primaryimage\"},\"thumbnailUrl\":\"https:\\\/\\\/www.cargo-montreal.ca\\\/wp-content\\\/uploads\\\/2022\\\/01\\\/Camion.jpg\",\"datePublished\":\"2022-01-18T15:14:01+00:00\",\"author\":{\"@id\":\"https:\\\/\\\/www.cargo-montreal.ca\\\/fr\\\/#\\\/schema\\\/person\\\/80476d173ce654813db9fd1533901365\"},\"breadcrumb\":{\"@id\":\"https:\\\/\\\/www.cargo-montreal.ca\\\/fr\\\/vaccination-des-camionneurs\\\/#breadcrumb\"},\"inLanguage\":\"fr-FR\",\"potentialAction\":[{\"@type\":\"ReadAction\",\"target\":[\"https:\\\/\\\/www.cargo-montreal.ca\\\/fr\\\/vaccination-des-camionneurs\\\/\"]}]},{\"@type\":\"ImageObject\",\"inLanguage\":\"fr-FR\",\"@id\":\"https:\\\/\\\/www.cargo-montreal.ca\\\/fr\\\/vaccination-des-camionneurs\\\/#primaryimage\",\"url\":\"https:\\\/\\\/www.cargo-montreal.ca\\\/wp-content\\\/uploads\\\/2022\\\/01\\\/Camion.jpg\",\"contentUrl\":\"https:\\\/\\\/www.cargo-montreal.ca\\\/wp-content\\\/uploads\\\/2022\\\/01\\\/Camion.jpg\",\"width\":1930,\"height\":1086},{\"@type\":\"BreadcrumbList\",\"@id\":\"https:\\\/\\\/www.cargo-montreal.ca\\\/fr\\\/vaccination-des-camionneurs\\\/#breadcrumb\",\"itemListElement\":[{\"@type\":\"ListItem\",\"position\":1,\"name\":\"Home\",\"item\":\"https:\\\/\\\/www.cargo-montreal.ca\\\/fr\\\/\"},{\"@type\":\"ListItem\",\"position\":2,\"name\":\"Vaccination des camionneurs\"}]},{\"@type\":\"WebSite\",\"@id\":\"https:\\\/\\\/www.cargo-montreal.ca\\\/fr\\\/#website\",\"url\":\"https:\\\/\\\/www.cargo-montreal.ca\\\/fr\\\/\",\"name\":\"CargoM\",\"description\":\"La mission de CargoM: Rassembler les acteurs de la logistique &amp; du transport de marchandises du Grand Montr\u00e9al autour d&#039;objectifs communs, d&#039;actions concert\u00e9es\",\"potentialAction\":[{\"@type\":\"SearchAction\",\"target\":{\"@type\":\"EntryPoint\",\"urlTemplate\":\"https:\\\/\\\/www.cargo-montreal.ca\\\/fr\\\/?s={search_term_string}\"},\"query-input\":{\"@type\":\"PropertyValueSpecification\",\"valueRequired\":true,\"valueName\":\"search_term_string\"}}],\"inLanguage\":\"fr-FR\"},{\"@type\":\"Person\",\"@id\":\"https:\\\/\\\/www.cargo-montreal.ca\\\/fr\\\/#\\\/schema\\\/person\\\/80476d173ce654813db9fd1533901365\",\"name\":\"Karine Dudognon\",\"image\":{\"@type\":\"ImageObject\",\"inLanguage\":\"fr-FR\",\"@id\":\"https:\\\/\\\/secure.gravatar.com\\\/avatar\\\/673bdfb703a9b6685a88bc7dfb04a9ea2b48b30e9d1663a5e759a4e9bfa3e2c0?s=96&d=mm&r=g\",\"url\":\"https:\\\/\\\/secure.gravatar.com\\\/avatar\\\/673bdfb703a9b6685a88bc7dfb04a9ea2b48b30e9d1663a5e759a4e9bfa3e2c0?s=96&d=mm&r=g\",\"contentUrl\":\"https:\\\/\\\/secure.gravatar.com\\\/avatar\\\/673bdfb703a9b6685a88bc7dfb04a9ea2b48b30e9d1663a5e759a4e9bfa3e2c0?s=96&d=mm&r=g\",\"caption\":\"Karine Dudognon\"},\"url\":\"https:\\\/\\\/www.cargo-montreal.ca\\\/fr\\\/author\\\/karine\\\/\"}]}<\/script>\n<!-- \/ Yoast SEO plugin. -->","yoast_head_json":{"title":"Vaccination des camionneurs - CargoM","robots":{"index":"index","follow":"follow","max-snippet":"max-snippet:-1","max-image-preview":"max-image-preview:large","max-video-preview":"max-video-preview:-1"},"canonical":"https:\/\/www.cargo-montreal.ca\/fr\/vaccination-des-camionneurs\/","og_locale":"fr_FR","og_type":"article","og_title":"Vaccination des camionneurs - CargoM","og_description":"Depuis samedi 15 janvier, les conducteurs de camion canadiens sont tenus d\u2019\u00eatre doublement vaccin\u00e9s contre la COVID-19 afin d\u2019\u00e9viter la mise en quarantaine de 10 jours \u00e0 leur retour des \u00c9tats-Unis. Ils doivent dor\u00e9navant tester n\u00e9gatif\u00a0avant leur arriv\u00e9e, \u00e0 leur arriv\u00e9e et au huiti\u00e8me jour suivant leur arriv\u00e9e et se soumettre aux exigences de la [&hellip;]","og_url":"https:\/\/www.cargo-montreal.ca\/fr\/vaccination-des-camionneurs\/","og_site_name":"CargoM","article_published_time":"2022-01-18T15:14:01+00:00","og_image":[{"width":1024,"height":576,"url":"https:\/\/www.cargo-montreal.ca\/wp-content\/uploads\/2022\/01\/Camion-1024x576.jpg","type":"image\/jpeg"}],"author":"Karine Dudognon","twitter_card":"summary_large_image","twitter_misc":{"\u00c9crit par":"Karine Dudognon","Dur\u00e9e de lecture estim\u00e9e":"1 minute"},"schema":{"@context":"https:\/\/schema.org","@graph":[{"@type":"Article","@id":"https:\/\/www.cargo-montreal.ca\/fr\/vaccination-des-camionneurs\/#article","isPartOf":{"@id":"https:\/\/www.cargo-montreal.ca\/fr\/vaccination-des-camionneurs\/"},"author":{"name":"Karine Dudognon","@id":"https:\/\/www.cargo-montreal.ca\/fr\/#\/schema\/person\/80476d173ce654813db9fd1533901365"},"headline":"Vaccination des camionneurs","datePublished":"2022-01-18T15:14:01+00:00","mainEntityOfPage":{"@id":"https:\/\/www.cargo-montreal.ca\/fr\/vaccination-des-camionneurs\/"},"wordCount":142,"commentCount":0,"image":{"@id":"https:\/\/www.cargo-montreal.ca\/fr\/vaccination-des-camionneurs\/#primaryimage"},"thumbnailUrl":"https:\/\/www.cargo-montreal.ca\/wp-content\/uploads\/2022\/01\/Camion.jpg","articleSection":["Services logistiques"],"inLanguage":"fr-FR","potentialAction":[{"@type":"CommentAction","name":"Comment","target":["https:\/\/www.cargo-montreal.ca\/fr\/vaccination-des-camionneurs\/#respond"]}]},{"@type":"WebPage","@id":"https:\/\/www.cargo-montreal.ca\/fr\/vaccination-des-camionneurs\/","url":"https:\/\/www.cargo-montreal.ca\/fr\/vaccination-des-camionneurs\/","name":"Vaccination des camionneurs - CargoM","isPartOf":{"@id":"https:\/\/www.cargo-montreal.ca\/fr\/#website"},"primaryImageOfPage":{"@id":"https:\/\/www.cargo-montreal.ca\/fr\/vaccination-des-camionneurs\/#primaryimage"},"image":{"@id":"https:\/\/www.cargo-montreal.ca\/fr\/vaccination-des-camionneurs\/#primaryimage"},"thumbnailUrl":"https:\/\/www.cargo-montreal.ca\/wp-content\/uploads\/2022\/01\/Camion.jpg","datePublished":"2022-01-18T15:14:01+00:00","author":{"@id":"https:\/\/www.cargo-montreal.ca\/fr\/#\/schema\/person\/80476d173ce654813db9fd1533901365"},"breadcrumb":{"@id":"https:\/\/www.cargo-montreal.ca\/fr\/vaccination-des-camionneurs\/#breadcrumb"},"inLanguage":"fr-FR","potentialAction":[{"@type":"ReadAction","target":["https:\/\/www.cargo-montreal.ca\/fr\/vaccination-des-camionneurs\/"]}]},{"@type":"ImageObject","inLanguage":"fr-FR","@id":"https:\/\/www.cargo-montreal.ca\/fr\/vaccination-des-camionneurs\/#primaryimage","url":"https:\/\/www.cargo-montreal.ca\/wp-content\/uploads\/2022\/01\/Camion.jpg","contentUrl":"https:\/\/www.cargo-montreal.ca\/wp-content\/uploads\/2022\/01\/Camion.jpg","width":1930,"height":1086},{"@type":"BreadcrumbList","@id":"https:\/\/www.cargo-montreal.ca\/fr\/vaccination-des-camionneurs\/#breadcrumb","itemListElement":[{"@type":"ListItem","position":1,"name":"Home","item":"https:\/\/www.cargo-montreal.ca\/fr\/"},{"@type":"ListItem","position":2,"name":"Vaccination des camionneurs"}]},{"@type":"WebSite","@id":"https:\/\/www.cargo-montreal.ca\/fr\/#website","url":"https:\/\/www.cargo-montreal.ca\/fr\/","name":"CargoM","description":"La mission de CargoM: Rassembler les acteurs de la logistique &amp; du transport de marchandises du Grand Montr\u00e9al autour d&#039;objectifs communs, d&#039;actions concert\u00e9es","potentialAction":[{"@type":"SearchAction","target":{"@type":"EntryPoint","urlTemplate":"https:\/\/www.cargo-montreal.ca\/fr\/?s={search_term_string}"},"query-input":{"@type":"PropertyValueSpecification","valueRequired":true,"valueName":"search_term_string"}}],"inLanguage":"fr-FR"},{"@type":"Person","@id":"https:\/\/www.cargo-montreal.ca\/fr\/#\/schema\/person\/80476d173ce654813db9fd1533901365","name":"Karine Dudognon","image":{"@type":"ImageObject","inLanguage":"fr-FR","@id":"https:\/\/secure.gravatar.com\/avatar\/673bdfb703a9b6685a88bc7dfb04a9ea2b48b30e9d1663a5e759a4e9bfa3e2c0?s=96&d=mm&r=g","url":"https:\/\/secure.gravatar.com\/avatar\/673bdfb703a9b6685a88bc7dfb04a9ea2b48b30e9d1663a5e759a4e9bfa3e2c0?s=96&d=mm&r=g","contentUrl":"https:\/\/secure.gravatar.com\/avatar\/673bdfb703a9b6685a88bc7dfb04a9ea2b48b30e9d1663a5e759a4e9bfa3e2c0?s=96&d=mm&r=g","caption":"Karine Dudognon"},"url":"https:\/\/www.cargo-montreal.ca\/fr\/author\/karine\/"}]}},"_links":{"self":[{"href":"https:\/\/www.cargo-montreal.ca\/fr\/wp-json\/wp\/v2\/posts\/12752","targetHints":{"allow":["GET"]}}],"collection":[{"href":"https:\/\/www.cargo-montreal.ca\/fr\/wp-json\/wp\/v2\/posts"}],"about":[{"href":"https:\/\/www.cargo-montreal.ca\/fr\/wp-json\/wp\/v2\/types\/post"}],"author":[{"embeddable":true,"href":"https:\/\/www.cargo-montreal.ca\/fr\/wp-json\/wp\/v2\/users\/39"}],"replies":[{"embeddable":true,"href":"https:\/\/www.cargo-montreal.ca\/fr\/wp-json\/wp\/v2\/comments?post=12752"}],"version-history":[{"count":1,"href":"https:\/\/www.cargo-montreal.ca\/fr\/wp-json\/wp\/v2\/posts\/12752\/revisions"}],"predecessor-version":[{"id":12753,"href":"https:\/\/www.cargo-montreal.ca\/fr\/wp-json\/wp\/v2\/posts\/12752\/revisions\/12753"}],"wp:featuredmedia":[{"embeddable":true,"href":"https:\/\/www.cargo-montreal.ca\/fr\/wp-json\/wp\/v2\/media\/12717"}],"wp:attachment":[{"href":"https:\/\/www.cargo-montreal.ca\/fr\/wp-json\/wp\/v2\/media?parent=12752"}],"wp:term":[{"taxonomy":"category","embeddable":true,"href":"https:\/\/www.cargo-montreal.ca\/fr\/wp-json\/wp\/v2\/categories?post=12752"},{"taxonomy":"post_tag","embeddable":true,"href":"https:\/\/www.cargo-montreal.ca\/fr\/wp-json\/wp\/v2\/tags?post=12752"}],"curies":[{"name":"wp","href":"https:\/\/api.w.org\/{rel}","templated":true}]}}