{"id":12877,"date":"2022-02-17T19:26:21","date_gmt":"2022-02-17T19:26:21","guid":{"rendered":"https:\/\/www.cargo-montreal.ca\/?p=12877"},"modified":"2022-02-17T19:26:21","modified_gmt":"2022-02-17T19:26:21","slug":"prochaines-rencontres-des-chantiers-de-cargom","status":"publish","type":"post","link":"https:\/\/www.cargo-montreal.ca\/fr\/prochaines-rencontres-des-chantiers-de-cargom\/","title":{"rendered":"Prochaines rencontres des chantiers de CargoM"},"content":{"rendered":"<p align=\"justify\">Les premi\u00e8res rencontres de l\u2019ann\u00e9e des chantiers auront lieu bient\u00f4t. Vous \u00eates membre de CargoM et vous souhaitez vous impliquer ? Venez prendre part \u00e0 nos travaux et \u00e0 nos orientations.<\/p>\r\n<p align=\"justify\"><img decoding=\"async\" class=\"an1\" src=\"https:\/\/fonts.gstatic.com\/s\/e\/notoemoji\/14.0\/27a1_fe0f\/32.png\" alt=\"\u27a1\ufe0f\" data-emoji=\"\u27a1\ufe0f\" aria-label=\"\u27a1\ufe0f\" \/>\u00a017 mars 2022 (13h30 \u00e0 15h30)\u00a0\u2013\u00a0<a href=\"https:\/\/info.cargo-montreal.ca\/e3t\/Btc\/ZU+113\/d11nbd04\/VWw-JT6SszQNW53Kq-n2Cfg4CW3rtmkr4FG7sXN8mSy533lLBGV1-WJV7CgDFWW7Gz36m55ffCsW6wl5HF3HyJ-cW4yVLvJ8gLXKpW3byzjk8kP0cfW5K5P1Y3pcQhNW30hqTF72d1PtW3sVK-q6mgSXXW85bxrC5-R0FqW6fTn3z76d7CsW5Jy0Wz2l9kPkW8KqW661RbZlSW49Qmty7k1tK8Vjl3Ry2r_n6RN7WmQZBQjSycW2BPM18918CqGW6N2bWL1yg_f_N6GWP7XDwXPXW9kR2984l82LJW7BKygR6mnyPLW107rKK2SGZ5cW7njBqW5xtLT_W7zjF0f1S4K2MN3T3kPKLVzY4N2zJJB8Yw20x3dwZ1\" target=\"_blank\" rel=\"noopener\" data-saferedirecturl=\"https:\/\/www.google.com\/url?q=https:\/\/info.cargo-montreal.ca\/e3t\/Btc\/ZU%2B113\/d11nbd04\/VWw-JT6SszQNW53Kq-n2Cfg4CW3rtmkr4FG7sXN8mSy533lLBGV1-WJV7CgDFWW7Gz36m55ffCsW6wl5HF3HyJ-cW4yVLvJ8gLXKpW3byzjk8kP0cfW5K5P1Y3pcQhNW30hqTF72d1PtW3sVK-q6mgSXXW85bxrC5-R0FqW6fTn3z76d7CsW5Jy0Wz2l9kPkW8KqW661RbZlSW49Qmty7k1tK8Vjl3Ry2r_n6RN7WmQZBQjSycW2BPM18918CqGW6N2bWL1yg_f_N6GWP7XDwXPXW9kR2984l82LJW7BKygR6mnyPLW107rKK2SGZ5cW7njBqW5xtLT_W7zjF0f1S4K2MN3T3kPKLVzY4N2zJJB8Yw20x3dwZ1&amp;source=gmail&amp;ust=1645210421723000&amp;usg=AOvVaw3bHI__5KYcDYsg-lSFf6TJ\">Chantier 4 \u2013 Main-d\u2019\u0153uvre<\/a><\/p>\r\n<p align=\"justify\"><img decoding=\"async\" class=\"an1\" src=\"https:\/\/fonts.gstatic.com\/s\/e\/notoemoji\/14.0\/27a1_fe0f\/32.png\" alt=\"\u27a1\ufe0f\" data-emoji=\"\u27a1\ufe0f\" aria-label=\"\u27a1\ufe0f\" \/>\u00a024 mars 2022 (13h30 \u00e0 15h30) \u2013\u00a0<a href=\"https:\/\/info.cargo-montreal.ca\/e3t\/Btc\/ZU+113\/d11nbd04\/VWw-JT6SszQNW53Kq-n2Cfg4CW3rtmkr4FG7sXN8mSy5m3lLBZV1-WJV7CgFPYW2FH6rc2LMJPmW46Lsx33PF14HW6qPh-K8jZwbmN8Wl7T7-c4QTVQNf_M7mqHR8W5S_kf_4kZGNlVcysB06j21qDW5TQX3N5t3KhYW1q_mqJ6G0ZvJW1vm7LS3y_K2nW4m5lmm639D_lW78gk9D3R-6npW96_NWW18FjKqW8TNpsV74WNtcW4jVWJl94jfS-W1pn-WP87pwnxW8pfVYz9jJqC1N4mJ838h-pr4N7NY_hp75VX3W6n-LFR3_svTtW66j5s61M3wpGVkT_Wy6wh78nW31zP_X53L9-4N31nYd_fwdP6W41g24B2SpS4HW6wwxfv6mCN5c38fb1\" target=\"_blank\" rel=\"noopener\" data-saferedirecturl=\"https:\/\/www.google.com\/url?q=https:\/\/info.cargo-montreal.ca\/e3t\/Btc\/ZU%2B113\/d11nbd04\/VWw-JT6SszQNW53Kq-n2Cfg4CW3rtmkr4FG7sXN8mSy5m3lLBZV1-WJV7CgFPYW2FH6rc2LMJPmW46Lsx33PF14HW6qPh-K8jZwbmN8Wl7T7-c4QTVQNf_M7mqHR8W5S_kf_4kZGNlVcysB06j21qDW5TQX3N5t3KhYW1q_mqJ6G0ZvJW1vm7LS3y_K2nW4m5lmm639D_lW78gk9D3R-6npW96_NWW18FjKqW8TNpsV74WNtcW4jVWJl94jfS-W1pn-WP87pwnxW8pfVYz9jJqC1N4mJ838h-pr4N7NY_hp75VX3W6n-LFR3_svTtW66j5s61M3wpGVkT_Wy6wh78nW31zP_X53L9-4N31nYd_fwdP6W41g24B2SpS4HW6wwxfv6mCN5c38fb1&amp;source=gmail&amp;ust=1645210421723000&amp;usg=AOvVaw1A-hki8CDJdFQgG11xWmq5\">Chantier 1 \u2013 Opportunit\u00e9s de d\u00e9veloppement sectoriel<\/a><\/p>\r\n\r\n<div id=\"m_-1816005875177137955section_1642514973088\" class=\"m_-1816005875177137955hse-section\">\r\n<div class=\"m_-1816005875177137955hse-column-container\">\r\n<div><img decoding=\"async\" class=\"an1\" src=\"https:\/\/fonts.gstatic.com\/s\/e\/notoemoji\/14.0\/27a1_fe0f\/32.png\" alt=\"\u27a1\ufe0f\" data-emoji=\"\u27a1\ufe0f\" aria-label=\"\u27a1\ufe0f\" \/>\u00a029 mars 2022 (13h30 \u00e0 15h30) \u2013\u00a0<a href=\"https:\/\/info.cargo-montreal.ca\/e3t\/Btc\/ZU+113\/d11nbd04\/VWw-JT6SszQNW53Kq-n2Cfg4CW3rtmkr4FG7sXN8mSy5m3lLBZV1-WJV7CgH71N3yC-hN1mqJjW9cT6CY4jSbkzW17XCV14bzHp_V7kd__6NStffVSHfsJ82_7gKN1dnDtVHymlFW8vVQdn2CjlbkW7ZsNVH4lhyS0W8H21M75gcp8wN9c08RHHsBvpW8gz4G23ZTCYXW7WDZr_56Rn6BW6jcfG84dTMM_W70Wybh18YgBFW6wT9df7DYcJdW8qPttp4C50_TW4DgCkT8Kkf92V3tpxR8y4Rd4W127KDY65CB_2W6z6QKR395MBJW3b9J2T2zdkKVMqD7ySlGMVKW8yZpZ96zcDRlW1gKJqN5Qrrr2W2wbtnZ97K4mdW1SKSF14JWwnT39-y1\" target=\"_blank\" rel=\"noopener\" data-saferedirecturl=\"https:\/\/www.google.com\/url?q=https:\/\/info.cargo-montreal.ca\/e3t\/Btc\/ZU%2B113\/d11nbd04\/VWw-JT6SszQNW53Kq-n2Cfg4CW3rtmkr4FG7sXN8mSy5m3lLBZV1-WJV7CgH71N3yC-hN1mqJjW9cT6CY4jSbkzW17XCV14bzHp_V7kd__6NStffVSHfsJ82_7gKN1dnDtVHymlFW8vVQdn2CjlbkW7ZsNVH4lhyS0W8H21M75gcp8wN9c08RHHsBvpW8gz4G23ZTCYXW7WDZr_56Rn6BW6jcfG84dTMM_W70Wybh18YgBFW6wT9df7DYcJdW8qPttp4C50_TW4DgCkT8Kkf92V3tpxR8y4Rd4W127KDY65CB_2W6z6QKR395MBJW3b9J2T2zdkKVMqD7ySlGMVKW8yZpZ96zcDRlW1gKJqN5Qrrr2W2wbtnZ97K4mdW1SKSF14JWwnT39-y1&amp;source=gmail&amp;ust=1645210421723000&amp;usg=AOvVaw1VbobExI7aq3bGU94G8pyJ\">Chantier 2 \u2013 Communication et rayonnement\u00a0<\/a><\/div>\r\n<div><\/div>\r\n<div><img decoding=\"async\" class=\"an1\" src=\"https:\/\/fonts.gstatic.com\/s\/e\/notoemoji\/14.0\/27a1_fe0f\/32.png\" alt=\"\u27a1\ufe0f\" data-emoji=\"\u27a1\ufe0f\" aria-label=\"\u27a1\ufe0f\" \/>\u00a013 avril 2022\u00a0(13h30 \u00e0 15h30) \u2013\u00a0<a href=\"https:\/\/info.cargo-montreal.ca\/e3t\/Btc\/ZU+113\/d11nbd04\/VWw-JT6SszQNW53Kq-n2Cfg4CW3rtmkr4FG7sXN8mSy533lLBGV1-WJV7CgJb2W1S2xq885VM-MW7c_0Rv5l3yXJW1JSkxv3PlyQqN5wT4VzMHVgLW7xk_kj5FCYXYW27QVSH17s6gjVXWGvh8t2_pHN6_gHlwzMr8GW3j-Vg42_lyprW6fwgbP837XPLW2QbyFg5nbxByN5hyM1KRGXYfW1Clt0w2f8yY7W5qJSkw8zF4cmW7Qr1Jz4vwk7FW3SPk0n1FnfSSW2rY7R781ZjFsW55jcVS38m6JfW7lxQyW4XbTp9W2cpM1L7zrFs7W2wQDV07KSKSLN4zDJHcjk7VCM-kDTcHlX3-W4YzJTW2Nh96N3cJH1\" target=\"_blank\" rel=\"noopener\" data-saferedirecturl=\"https:\/\/www.google.com\/url?q=https:\/\/info.cargo-montreal.ca\/e3t\/Btc\/ZU%2B113\/d11nbd04\/VWw-JT6SszQNW53Kq-n2Cfg4CW3rtmkr4FG7sXN8mSy533lLBGV1-WJV7CgJb2W1S2xq885VM-MW7c_0Rv5l3yXJW1JSkxv3PlyQqN5wT4VzMHVgLW7xk_kj5FCYXYW27QVSH17s6gjVXWGvh8t2_pHN6_gHlwzMr8GW3j-Vg42_lyprW6fwgbP837XPLW2QbyFg5nbxByN5hyM1KRGXYfW1Clt0w2f8yY7W5qJSkw8zF4cmW7Qr1Jz4vwk7FW3SPk0n1FnfSSW2rY7R781ZjFsW55jcVS38m6JfW7lxQyW4XbTp9W2cpM1L7zrFs7W2wQDV07KSKSLN4zDJHcjk7VCM-kDTcHlX3-W4YzJTW2Nh96N3cJH1&amp;source=gmail&amp;ust=1645210421723000&amp;usg=AOvVaw2IoTEMv2qA9waw5xC_-DX4\">Chantier 3 \u2013 Innovation et fluidit\u00e9<\/a><\/div>\r\n<div><\/div>\r\n<\/div>\r\n<\/div>\r\n<div>\r\n<p align=\"justify\">Pour \u00eatre invit\u00e9.es aux chantiers 2 et 4, contactez M.\u00a0<a href=\"mailto:ymurray@cargo-montreal.ca\" target=\"_blank\" rel=\"noopener\">Yves Murray<\/a>. Les membres des chantiers 1 et 3 recevront l&rsquo;invitation aux rencontres sous peu. Si vous souhaitez participer \u00e0 ces deux chantiers, n&rsquo;h\u00e9sitez pas \u00e0 contacter Mme\u00a0<a href=\"mailto:alombard@cargo-montreal.ca\" target=\"_blank\" rel=\"noopener\">Amy Lombard<\/a>.<\/p>\r\nDevenez un acteur actif dans la mise en \u0153uvre de projets et d\u2019initiatives b\u00e9n\u00e9fiques pour notre secteur!\r\n\r\n<\/div>\r\n<div id=\"m_-1816005875177137955section_1642514973088\" class=\"m_-1816005875177137955hse-section\">\r\n<div class=\"m_-1816005875177137955hse-column-container\">\r\n<div><\/div>\r\n<\/div>\r\n<\/div>","protected":false},"excerpt":{"rendered":"Les premi\u00e8res rencontres de l\u2019ann\u00e9e des chantiers auront lieu bient\u00f4t. Vous \u00eates membre de CargoM et vous souhaitez vous impliquer ? Venez prendre part \u00e0 nos travaux et \u00e0 nos orientations. \u00a017 mars 2022 (13h30 \u00e0 15h30)\u00a0\u2013\u00a0Chantier 4 \u2013 Main-d\u2019\u0153uvre \u00a024 mars 2022 (13h30 \u00e0 15h30) \u2013\u00a0Chantier 1 \u2013 Opportunit\u00e9s de d\u00e9veloppement sectoriel \u00a029 mars [&hellip;]","protected":false},"author":39,"featured_media":12859,"comment_status":"closed","ping_status":"closed","sticky":false,"template":"","format":"standard","meta":{"_acf_changed":false,"footnotes":""},"categories":[20],"tags":[],"class_list":["post-12877","post","type-post","status-publish","format-standard","has-post-thumbnail","hentry","category-services-logistiques"],"acf":[],"yoast_head":"<!-- This site is optimized with the Yoast SEO plugin v27.3 - https:\/\/yoast.com\/product\/yoast-seo-wordpress\/ -->\n<title>Prochaines rencontres des chantiers de CargoM - CargoM<\/title>\n<meta name=\"robots\" content=\"index, follow, max-snippet:-1, max-image-preview:large, max-video-preview:-1\" \/>\n<link rel=\"canonical\" href=\"https:\/\/www.cargo-montreal.ca\/fr\/prochaines-rencontres-des-chantiers-de-cargom\/\" \/>\n<meta property=\"og:locale\" content=\"fr_FR\" \/>\n<meta property=\"og:type\" content=\"article\" \/>\n<meta property=\"og:title\" content=\"Prochaines rencontres des chantiers de CargoM - CargoM\" \/>\n<meta property=\"og:description\" content=\"Les premi\u00e8res rencontres de l\u2019ann\u00e9e des chantiers auront lieu bient\u00f4t. Vous \u00eates membre de CargoM et vous souhaitez vous impliquer ? Venez prendre part \u00e0 nos travaux et \u00e0 nos orientations. \u00a017 mars 2022 (13h30 \u00e0 15h30)\u00a0\u2013\u00a0Chantier 4 \u2013 Main-d\u2019\u0153uvre \u00a024 mars 2022 (13h30 \u00e0 15h30) \u2013\u00a0Chantier 1 \u2013 Opportunit\u00e9s de d\u00e9veloppement sectoriel \u00a029 mars [&hellip;]\" \/>\n<meta property=\"og:url\" content=\"https:\/\/www.cargo-montreal.ca\/fr\/prochaines-rencontres-des-chantiers-de-cargom\/\" \/>\n<meta property=\"og:site_name\" content=\"CargoM\" \/>\n<meta property=\"article:published_time\" content=\"2022-02-17T19:26:21+00:00\" \/>\n<meta property=\"og:image\" content=\"https:\/\/www.cargo-montreal.ca\/wp-content\/uploads\/2022\/02\/Les-4-logos-1.jpg\" \/>\n\t<meta property=\"og:image:width\" content=\"906\" \/>\n\t<meta property=\"og:image:height\" content=\"733\" \/>\n\t<meta property=\"og:image:type\" content=\"image\/jpeg\" \/>\n<meta name=\"author\" content=\"Karine Dudognon\" \/>\n<meta name=\"twitter:card\" content=\"summary_large_image\" \/>\n<meta name=\"twitter:label1\" content=\"\u00c9crit par\" \/>\n\t<meta name=\"twitter:data1\" content=\"Karine Dudognon\" \/>\n\t<meta name=\"twitter:label2\" content=\"Dur\u00e9e de lecture estim\u00e9e\" \/>\n\t<meta name=\"twitter:data2\" content=\"1 minute\" \/>\n<script type=\"application\/ld+json\" class=\"yoast-schema-graph\">{\"@context\":\"https:\\\/\\\/schema.org\",\"@graph\":[{\"@type\":\"Article\",\"@id\":\"https:\\\/\\\/www.cargo-montreal.ca\\\/fr\\\/prochaines-rencontres-des-chantiers-de-cargom\\\/#article\",\"isPartOf\":{\"@id\":\"https:\\\/\\\/www.cargo-montreal.ca\\\/fr\\\/prochaines-rencontres-des-chantiers-de-cargom\\\/\"},\"author\":{\"name\":\"Karine Dudognon\",\"@id\":\"https:\\\/\\\/www.cargo-montreal.ca\\\/fr\\\/#\\\/schema\\\/person\\\/80476d173ce654813db9fd1533901365\"},\"headline\":\"Prochaines rencontres des chantiers de CargoM\",\"datePublished\":\"2022-02-17T19:26:21+00:00\",\"mainEntityOfPage\":{\"@id\":\"https:\\\/\\\/www.cargo-montreal.ca\\\/fr\\\/prochaines-rencontres-des-chantiers-de-cargom\\\/\"},\"wordCount\":126,\"image\":{\"@id\":\"https:\\\/\\\/www.cargo-montreal.ca\\\/fr\\\/prochaines-rencontres-des-chantiers-de-cargom\\\/#primaryimage\"},\"thumbnailUrl\":\"https:\\\/\\\/www.cargo-montreal.ca\\\/wp-content\\\/uploads\\\/2022\\\/02\\\/Les-4-logos-1.jpg\",\"articleSection\":[\"Services logistiques\"],\"inLanguage\":\"fr-FR\"},{\"@type\":\"WebPage\",\"@id\":\"https:\\\/\\\/www.cargo-montreal.ca\\\/fr\\\/prochaines-rencontres-des-chantiers-de-cargom\\\/\",\"url\":\"https:\\\/\\\/www.cargo-montreal.ca\\\/fr\\\/prochaines-rencontres-des-chantiers-de-cargom\\\/\",\"name\":\"Prochaines rencontres des chantiers de CargoM - CargoM\",\"isPartOf\":{\"@id\":\"https:\\\/\\\/www.cargo-montreal.ca\\\/fr\\\/#website\"},\"primaryImageOfPage\":{\"@id\":\"https:\\\/\\\/www.cargo-montreal.ca\\\/fr\\\/prochaines-rencontres-des-chantiers-de-cargom\\\/#primaryimage\"},\"image\":{\"@id\":\"https:\\\/\\\/www.cargo-montreal.ca\\\/fr\\\/prochaines-rencontres-des-chantiers-de-cargom\\\/#primaryimage\"},\"thumbnailUrl\":\"https:\\\/\\\/www.cargo-montreal.ca\\\/wp-content\\\/uploads\\\/2022\\\/02\\\/Les-4-logos-1.jpg\",\"datePublished\":\"2022-02-17T19:26:21+00:00\",\"author\":{\"@id\":\"https:\\\/\\\/www.cargo-montreal.ca\\\/fr\\\/#\\\/schema\\\/person\\\/80476d173ce654813db9fd1533901365\"},\"breadcrumb\":{\"@id\":\"https:\\\/\\\/www.cargo-montreal.ca\\\/fr\\\/prochaines-rencontres-des-chantiers-de-cargom\\\/#breadcrumb\"},\"inLanguage\":\"fr-FR\",\"potentialAction\":[{\"@type\":\"ReadAction\",\"target\":[\"https:\\\/\\\/www.cargo-montreal.ca\\\/fr\\\/prochaines-rencontres-des-chantiers-de-cargom\\\/\"]}]},{\"@type\":\"ImageObject\",\"inLanguage\":\"fr-FR\",\"@id\":\"https:\\\/\\\/www.cargo-montreal.ca\\\/fr\\\/prochaines-rencontres-des-chantiers-de-cargom\\\/#primaryimage\",\"url\":\"https:\\\/\\\/www.cargo-montreal.ca\\\/wp-content\\\/uploads\\\/2022\\\/02\\\/Les-4-logos-1.jpg\",\"contentUrl\":\"https:\\\/\\\/www.cargo-montreal.ca\\\/wp-content\\\/uploads\\\/2022\\\/02\\\/Les-4-logos-1.jpg\",\"width\":906,\"height\":733},{\"@type\":\"BreadcrumbList\",\"@id\":\"https:\\\/\\\/www.cargo-montreal.ca\\\/fr\\\/prochaines-rencontres-des-chantiers-de-cargom\\\/#breadcrumb\",\"itemListElement\":[{\"@type\":\"ListItem\",\"position\":1,\"name\":\"Home\",\"item\":\"https:\\\/\\\/www.cargo-montreal.ca\\\/fr\\\/\"},{\"@type\":\"ListItem\",\"position\":2,\"name\":\"Prochaines rencontres des chantiers de CargoM\"}]},{\"@type\":\"WebSite\",\"@id\":\"https:\\\/\\\/www.cargo-montreal.ca\\\/fr\\\/#website\",\"url\":\"https:\\\/\\\/www.cargo-montreal.ca\\\/fr\\\/\",\"name\":\"CargoM\",\"description\":\"La mission de CargoM: Rassembler les acteurs de la logistique &amp; du transport de marchandises du Grand Montr\u00e9al autour d&#039;objectifs communs, d&#039;actions concert\u00e9es\",\"potentialAction\":[{\"@type\":\"SearchAction\",\"target\":{\"@type\":\"EntryPoint\",\"urlTemplate\":\"https:\\\/\\\/www.cargo-montreal.ca\\\/fr\\\/?s={search_term_string}\"},\"query-input\":{\"@type\":\"PropertyValueSpecification\",\"valueRequired\":true,\"valueName\":\"search_term_string\"}}],\"inLanguage\":\"fr-FR\"},{\"@type\":\"Person\",\"@id\":\"https:\\\/\\\/www.cargo-montreal.ca\\\/fr\\\/#\\\/schema\\\/person\\\/80476d173ce654813db9fd1533901365\",\"name\":\"Karine Dudognon\",\"image\":{\"@type\":\"ImageObject\",\"inLanguage\":\"fr-FR\",\"@id\":\"https:\\\/\\\/secure.gravatar.com\\\/avatar\\\/673bdfb703a9b6685a88bc7dfb04a9ea2b48b30e9d1663a5e759a4e9bfa3e2c0?s=96&d=mm&r=g\",\"url\":\"https:\\\/\\\/secure.gravatar.com\\\/avatar\\\/673bdfb703a9b6685a88bc7dfb04a9ea2b48b30e9d1663a5e759a4e9bfa3e2c0?s=96&d=mm&r=g\",\"contentUrl\":\"https:\\\/\\\/secure.gravatar.com\\\/avatar\\\/673bdfb703a9b6685a88bc7dfb04a9ea2b48b30e9d1663a5e759a4e9bfa3e2c0?s=96&d=mm&r=g\",\"caption\":\"Karine Dudognon\"},\"url\":\"https:\\\/\\\/www.cargo-montreal.ca\\\/fr\\\/author\\\/karine\\\/\"}]}<\/script>\n<!-- \/ Yoast SEO plugin. -->","yoast_head_json":{"title":"Prochaines rencontres des chantiers de CargoM - CargoM","robots":{"index":"index","follow":"follow","max-snippet":"max-snippet:-1","max-image-preview":"max-image-preview:large","max-video-preview":"max-video-preview:-1"},"canonical":"https:\/\/www.cargo-montreal.ca\/fr\/prochaines-rencontres-des-chantiers-de-cargom\/","og_locale":"fr_FR","og_type":"article","og_title":"Prochaines rencontres des chantiers de CargoM - CargoM","og_description":"Les premi\u00e8res rencontres de l\u2019ann\u00e9e des chantiers auront lieu bient\u00f4t. Vous \u00eates membre de CargoM et vous souhaitez vous impliquer ? Venez prendre part \u00e0 nos travaux et \u00e0 nos orientations. \u00a017 mars 2022 (13h30 \u00e0 15h30)\u00a0\u2013\u00a0Chantier 4 \u2013 Main-d\u2019\u0153uvre \u00a024 mars 2022 (13h30 \u00e0 15h30) \u2013\u00a0Chantier 1 \u2013 Opportunit\u00e9s de d\u00e9veloppement sectoriel \u00a029 mars [&hellip;]","og_url":"https:\/\/www.cargo-montreal.ca\/fr\/prochaines-rencontres-des-chantiers-de-cargom\/","og_site_name":"CargoM","article_published_time":"2022-02-17T19:26:21+00:00","og_image":[{"width":906,"height":733,"url":"https:\/\/www.cargo-montreal.ca\/wp-content\/uploads\/2022\/02\/Les-4-logos-1.jpg","type":"image\/jpeg"}],"author":"Karine Dudognon","twitter_card":"summary_large_image","twitter_misc":{"\u00c9crit par":"Karine Dudognon","Dur\u00e9e de lecture estim\u00e9e":"1 minute"},"schema":{"@context":"https:\/\/schema.org","@graph":[{"@type":"Article","@id":"https:\/\/www.cargo-montreal.ca\/fr\/prochaines-rencontres-des-chantiers-de-cargom\/#article","isPartOf":{"@id":"https:\/\/www.cargo-montreal.ca\/fr\/prochaines-rencontres-des-chantiers-de-cargom\/"},"author":{"name":"Karine Dudognon","@id":"https:\/\/www.cargo-montreal.ca\/fr\/#\/schema\/person\/80476d173ce654813db9fd1533901365"},"headline":"Prochaines rencontres des chantiers de CargoM","datePublished":"2022-02-17T19:26:21+00:00","mainEntityOfPage":{"@id":"https:\/\/www.cargo-montreal.ca\/fr\/prochaines-rencontres-des-chantiers-de-cargom\/"},"wordCount":126,"image":{"@id":"https:\/\/www.cargo-montreal.ca\/fr\/prochaines-rencontres-des-chantiers-de-cargom\/#primaryimage"},"thumbnailUrl":"https:\/\/www.cargo-montreal.ca\/wp-content\/uploads\/2022\/02\/Les-4-logos-1.jpg","articleSection":["Services logistiques"],"inLanguage":"fr-FR"},{"@type":"WebPage","@id":"https:\/\/www.cargo-montreal.ca\/fr\/prochaines-rencontres-des-chantiers-de-cargom\/","url":"https:\/\/www.cargo-montreal.ca\/fr\/prochaines-rencontres-des-chantiers-de-cargom\/","name":"Prochaines rencontres des chantiers de CargoM - CargoM","isPartOf":{"@id":"https:\/\/www.cargo-montreal.ca\/fr\/#website"},"primaryImageOfPage":{"@id":"https:\/\/www.cargo-montreal.ca\/fr\/prochaines-rencontres-des-chantiers-de-cargom\/#primaryimage"},"image":{"@id":"https:\/\/www.cargo-montreal.ca\/fr\/prochaines-rencontres-des-chantiers-de-cargom\/#primaryimage"},"thumbnailUrl":"https:\/\/www.cargo-montreal.ca\/wp-content\/uploads\/2022\/02\/Les-4-logos-1.jpg","datePublished":"2022-02-17T19:26:21+00:00","author":{"@id":"https:\/\/www.cargo-montreal.ca\/fr\/#\/schema\/person\/80476d173ce654813db9fd1533901365"},"breadcrumb":{"@id":"https:\/\/www.cargo-montreal.ca\/fr\/prochaines-rencontres-des-chantiers-de-cargom\/#breadcrumb"},"inLanguage":"fr-FR","potentialAction":[{"@type":"ReadAction","target":["https:\/\/www.cargo-montreal.ca\/fr\/prochaines-rencontres-des-chantiers-de-cargom\/"]}]},{"@type":"ImageObject","inLanguage":"fr-FR","@id":"https:\/\/www.cargo-montreal.ca\/fr\/prochaines-rencontres-des-chantiers-de-cargom\/#primaryimage","url":"https:\/\/www.cargo-montreal.ca\/wp-content\/uploads\/2022\/02\/Les-4-logos-1.jpg","contentUrl":"https:\/\/www.cargo-montreal.ca\/wp-content\/uploads\/2022\/02\/Les-4-logos-1.jpg","width":906,"height":733},{"@type":"BreadcrumbList","@id":"https:\/\/www.cargo-montreal.ca\/fr\/prochaines-rencontres-des-chantiers-de-cargom\/#breadcrumb","itemListElement":[{"@type":"ListItem","position":1,"name":"Home","item":"https:\/\/www.cargo-montreal.ca\/fr\/"},{"@type":"ListItem","position":2,"name":"Prochaines rencontres des chantiers de CargoM"}]},{"@type":"WebSite","@id":"https:\/\/www.cargo-montreal.ca\/fr\/#website","url":"https:\/\/www.cargo-montreal.ca\/fr\/","name":"CargoM","description":"La mission de CargoM: Rassembler les acteurs de la logistique &amp; du transport de marchandises du Grand Montr\u00e9al autour d&#039;objectifs communs, d&#039;actions concert\u00e9es","potentialAction":[{"@type":"SearchAction","target":{"@type":"EntryPoint","urlTemplate":"https:\/\/www.cargo-montreal.ca\/fr\/?s={search_term_string}"},"query-input":{"@type":"PropertyValueSpecification","valueRequired":true,"valueName":"search_term_string"}}],"inLanguage":"fr-FR"},{"@type":"Person","@id":"https:\/\/www.cargo-montreal.ca\/fr\/#\/schema\/person\/80476d173ce654813db9fd1533901365","name":"Karine Dudognon","image":{"@type":"ImageObject","inLanguage":"fr-FR","@id":"https:\/\/secure.gravatar.com\/avatar\/673bdfb703a9b6685a88bc7dfb04a9ea2b48b30e9d1663a5e759a4e9bfa3e2c0?s=96&d=mm&r=g","url":"https:\/\/secure.gravatar.com\/avatar\/673bdfb703a9b6685a88bc7dfb04a9ea2b48b30e9d1663a5e759a4e9bfa3e2c0?s=96&d=mm&r=g","contentUrl":"https:\/\/secure.gravatar.com\/avatar\/673bdfb703a9b6685a88bc7dfb04a9ea2b48b30e9d1663a5e759a4e9bfa3e2c0?s=96&d=mm&r=g","caption":"Karine Dudognon"},"url":"https:\/\/www.cargo-montreal.ca\/fr\/author\/karine\/"}]}},"_links":{"self":[{"href":"https:\/\/www.cargo-montreal.ca\/fr\/wp-json\/wp\/v2\/posts\/12877","targetHints":{"allow":["GET"]}}],"collection":[{"href":"https:\/\/www.cargo-montreal.ca\/fr\/wp-json\/wp\/v2\/posts"}],"about":[{"href":"https:\/\/www.cargo-montreal.ca\/fr\/wp-json\/wp\/v2\/types\/post"}],"author":[{"embeddable":true,"href":"https:\/\/www.cargo-montreal.ca\/fr\/wp-json\/wp\/v2\/users\/39"}],"replies":[{"embeddable":true,"href":"https:\/\/www.cargo-montreal.ca\/fr\/wp-json\/wp\/v2\/comments?post=12877"}],"version-history":[{"count":1,"href":"https:\/\/www.cargo-montreal.ca\/fr\/wp-json\/wp\/v2\/posts\/12877\/revisions"}],"predecessor-version":[{"id":12878,"href":"https:\/\/www.cargo-montreal.ca\/fr\/wp-json\/wp\/v2\/posts\/12877\/revisions\/12878"}],"wp:featuredmedia":[{"embeddable":true,"href":"https:\/\/www.cargo-montreal.ca\/fr\/wp-json\/wp\/v2\/media\/12859"}],"wp:attachment":[{"href":"https:\/\/www.cargo-montreal.ca\/fr\/wp-json\/wp\/v2\/media?parent=12877"}],"wp:term":[{"taxonomy":"category","embeddable":true,"href":"https:\/\/www.cargo-montreal.ca\/fr\/wp-json\/wp\/v2\/categories?post=12877"},{"taxonomy":"post_tag","embeddable":true,"href":"https:\/\/www.cargo-montreal.ca\/fr\/wp-json\/wp\/v2\/tags?post=12877"}],"curies":[{"name":"wp","href":"https:\/\/api.w.org\/{rel}","templated":true}]}}