{"id":12881,"date":"2022-02-17T19:29:31","date_gmt":"2022-02-17T19:29:31","guid":{"rendered":"https:\/\/www.cargo-montreal.ca\/?p=12881"},"modified":"2022-02-17T19:29:31","modified_gmt":"2022-02-17T19:29:31","slug":"tunnel-louis-hippolyte-la-fontaine-travaux-et-entraves-a-venir-en-2022","status":"publish","type":"post","link":"https:\/\/www.cargo-montreal.ca\/fr\/tunnel-louis-hippolyte-la-fontaine-travaux-et-entraves-a-venir-en-2022\/","title":{"rendered":"Tunnel Louis-Hippolyte-La Fontaine \u2013 travaux et entraves \u00e0 venir en 2022"},"content":{"rendered":"Le minist\u00e8re des Transports souhaite informer les usagers de la route que les travaux r\u00e9alis\u00e9s dans le cadre de la r\u00e9fection majeure du tunnel Louis-Hippolyte-La Fontaine s\u2019intensifieront \u00e0 partir des prochaines semaines, principalement avec la reconstruction de la chauss\u00e9e de l\u2019autoroute 25<strong>.<\/strong>\r\n\r\nVoici quelques messages cl\u00e9s :\r\n\r\n<img decoding=\"async\" class=\"an1\" src=\"https:\/\/fonts.gstatic.com\/s\/e\/notoemoji\/14.0\/27a1_fe0f\/32.png\" alt=\"\u27a1\ufe0f\" data-emoji=\"\u27a1\ufe0f\" aria-label=\"\u27a1\ufe0f\" \/>\u00a0Les travaux vont s&rsquo;intensifier \u00e0 partir de la mi-f\u00e9vrier;\r\n\r\n<img decoding=\"async\" class=\"an1\" src=\"https:\/\/fonts.gstatic.com\/s\/e\/notoemoji\/14.0\/27a1_fe0f\/32.png\" alt=\"\u27a1\ufe0f\" data-emoji=\"\u27a1\ufe0f\" aria-label=\"\u27a1\ufe0f\" \/>\u00a0Il n\u2019y a aucune mention de restriction pour les camions;\r\n\r\n<img decoding=\"async\" class=\"an1\" src=\"https:\/\/fonts.gstatic.com\/s\/e\/notoemoji\/14.0\/27a1_fe0f\/32.png\" alt=\"\u27a1\ufe0f\" data-emoji=\"\u27a1\ufe0f\" aria-label=\"\u27a1\ufe0f\" \/>\u00a0Il devrait y avoir deux voies de libres par direction dans la grande majeure partie du temps (du moins jusqu&rsquo;en octobre 2022), sauf pour deux fins de semaine (dates \u00e0 venir) de fermeture compl\u00e8te (une direction \u00e0 la fois) pour permettre des blitz de travaux.\r\n<p align=\"justify\">Pour en savoir plus sur les travaux et entraves du tunnel, consultez le\u00a0<a href=\"https:\/\/info.cargo-montreal.ca\/e3t\/Btc\/ZU+113\/d11nbd04\/VWw-JT6SszQNW53Kq-n2Cfg4CW3rtmkr4FG7sXN8mSy5m3lLBZV1-WJV7CgDbHVmzzCY8hc2s9W7njfLS16m-VKW5TxCWM1Cvbm1W1_1VxR4N0kYHW9klvw837sGqdW4xSl2s4-vbw6N1Yf91RtZtn4W65qprd3TpJK9W2ylzXZ6mztCfW8fPZXH23mFLQW51HtRL39SctqW1mrBkv1Th-BRW26TWB175V8F4VdZ2Yw52r-G6W43qsT_2gJFClVWqGMq4PLQhlW3nCMMs6kZzB3W2Hn0Bj7K65TgW2nQ71_6KQd65W1SJ0gH4ZFqvHN3BDMfHqcpMPW3HBNPz5MKlFfW66VnqC9b_-5PW4BMbVm8cTPy9N5JL5bCs1yZdW5rJWpJ8xG6dV2-Q1\" target=\"_blank\" rel=\"noopener\" data-saferedirecturl=\"https:\/\/www.google.com\/url?q=https:\/\/info.cargo-montreal.ca\/e3t\/Btc\/ZU%2B113\/d11nbd04\/VWw-JT6SszQNW53Kq-n2Cfg4CW3rtmkr4FG7sXN8mSy5m3lLBZV1-WJV7CgDbHVmzzCY8hc2s9W7njfLS16m-VKW5TxCWM1Cvbm1W1_1VxR4N0kYHW9klvw837sGqdW4xSl2s4-vbw6N1Yf91RtZtn4W65qprd3TpJK9W2ylzXZ6mztCfW8fPZXH23mFLQW51HtRL39SctqW1mrBkv1Th-BRW26TWB175V8F4VdZ2Yw52r-G6W43qsT_2gJFClVWqGMq4PLQhlW3nCMMs6kZzB3W2Hn0Bj7K65TgW2nQ71_6KQd65W1SJ0gH4ZFqvHN3BDMfHqcpMPW3HBNPz5MKlFfW66VnqC9b_-5PW4BMbVm8cTPy9N5JL5bCs1yZdW5rJWpJ8xG6dV2-Q1&amp;source=gmail&amp;ust=1645210421723000&amp;usg=AOvVaw373VzYOywfqEtK_DPqu4W7\">site Internet du MTQ<\/a><\/p>","protected":false},"excerpt":{"rendered":"Le minist\u00e8re des Transports souhaite informer les usagers de la route que les travaux r\u00e9alis\u00e9s dans le cadre de la r\u00e9fection majeure du tunnel Louis-Hippolyte-La Fontaine s\u2019intensifieront \u00e0 partir des prochaines semaines, principalement avec la reconstruction de la chauss\u00e9e de l\u2019autoroute 25. Voici quelques messages cl\u00e9s : \u00a0Les travaux vont s&rsquo;intensifier \u00e0 partir de la [&hellip;]","protected":false},"author":39,"featured_media":12882,"comment_status":"closed","ping_status":"closed","sticky":false,"template":"","format":"standard","meta":{"_acf_changed":false,"footnotes":""},"categories":[20],"tags":[],"class_list":["post-12881","post","type-post","status-publish","format-standard","has-post-thumbnail","hentry","category-services-logistiques"],"acf":[],"yoast_head":"<!-- This site is optimized with the Yoast SEO plugin v27.3 - https:\/\/yoast.com\/product\/yoast-seo-wordpress\/ -->\n<title>Tunnel Louis-Hippolyte-La Fontaine \u2013 travaux et entraves \u00e0 venir en 2022 - CargoM<\/title>\n<meta name=\"robots\" content=\"index, follow, max-snippet:-1, max-image-preview:large, max-video-preview:-1\" \/>\n<link rel=\"canonical\" href=\"https:\/\/www.cargo-montreal.ca\/fr\/tunnel-louis-hippolyte-la-fontaine-travaux-et-entraves-a-venir-en-2022\/\" \/>\n<meta property=\"og:locale\" content=\"fr_FR\" \/>\n<meta property=\"og:type\" content=\"article\" \/>\n<meta property=\"og:title\" content=\"Tunnel Louis-Hippolyte-La Fontaine \u2013 travaux et entraves \u00e0 venir en 2022 - CargoM\" \/>\n<meta property=\"og:description\" content=\"Le minist\u00e8re des Transports souhaite informer les usagers de la route que les travaux r\u00e9alis\u00e9s dans le cadre de la r\u00e9fection majeure du tunnel Louis-Hippolyte-La Fontaine s\u2019intensifieront \u00e0 partir des prochaines semaines, principalement avec la reconstruction de la chauss\u00e9e de l\u2019autoroute 25. Voici quelques messages cl\u00e9s : \u00a0Les travaux vont s&rsquo;intensifier \u00e0 partir de la [&hellip;]\" \/>\n<meta property=\"og:url\" content=\"https:\/\/www.cargo-montreal.ca\/fr\/tunnel-louis-hippolyte-la-fontaine-travaux-et-entraves-a-venir-en-2022\/\" \/>\n<meta property=\"og:site_name\" content=\"CargoM\" \/>\n<meta property=\"article:published_time\" content=\"2022-02-17T19:29:31+00:00\" \/>\n<meta property=\"og:image\" content=\"https:\/\/www.cargo-montreal.ca\/wp-content\/uploads\/2022\/02\/Loui-H-1.jpg\" \/>\n\t<meta property=\"og:image:width\" content=\"1773\" \/>\n\t<meta property=\"og:image:height\" content=\"1182\" \/>\n\t<meta property=\"og:image:type\" content=\"image\/jpeg\" \/>\n<meta name=\"author\" content=\"Karine Dudognon\" \/>\n<meta name=\"twitter:card\" content=\"summary_large_image\" \/>\n<meta name=\"twitter:label1\" content=\"\u00c9crit par\" \/>\n\t<meta name=\"twitter:data1\" content=\"Karine Dudognon\" \/>\n\t<meta name=\"twitter:label2\" content=\"Dur\u00e9e de lecture estim\u00e9e\" \/>\n\t<meta name=\"twitter:data2\" content=\"2 minutes\" \/>\n<script type=\"application\/ld+json\" class=\"yoast-schema-graph\">{\"@context\":\"https:\\\/\\\/schema.org\",\"@graph\":[{\"@type\":\"Article\",\"@id\":\"https:\\\/\\\/www.cargo-montreal.ca\\\/fr\\\/tunnel-louis-hippolyte-la-fontaine-travaux-et-entraves-a-venir-en-2022\\\/#article\",\"isPartOf\":{\"@id\":\"https:\\\/\\\/www.cargo-montreal.ca\\\/fr\\\/tunnel-louis-hippolyte-la-fontaine-travaux-et-entraves-a-venir-en-2022\\\/\"},\"author\":{\"name\":\"Karine Dudognon\",\"@id\":\"https:\\\/\\\/www.cargo-montreal.ca\\\/fr\\\/#\\\/schema\\\/person\\\/80476d173ce654813db9fd1533901365\"},\"headline\":\"Tunnel Louis-Hippolyte-La Fontaine \u2013 travaux et entraves \u00e0 venir en 2022\",\"datePublished\":\"2022-02-17T19:29:31+00:00\",\"mainEntityOfPage\":{\"@id\":\"https:\\\/\\\/www.cargo-montreal.ca\\\/fr\\\/tunnel-louis-hippolyte-la-fontaine-travaux-et-entraves-a-venir-en-2022\\\/\"},\"wordCount\":142,\"image\":{\"@id\":\"https:\\\/\\\/www.cargo-montreal.ca\\\/fr\\\/tunnel-louis-hippolyte-la-fontaine-travaux-et-entraves-a-venir-en-2022\\\/#primaryimage\"},\"thumbnailUrl\":\"https:\\\/\\\/www.cargo-montreal.ca\\\/wp-content\\\/uploads\\\/2022\\\/02\\\/Loui-H-1.jpg\",\"articleSection\":[\"Services logistiques\"],\"inLanguage\":\"fr-FR\"},{\"@type\":\"WebPage\",\"@id\":\"https:\\\/\\\/www.cargo-montreal.ca\\\/fr\\\/tunnel-louis-hippolyte-la-fontaine-travaux-et-entraves-a-venir-en-2022\\\/\",\"url\":\"https:\\\/\\\/www.cargo-montreal.ca\\\/fr\\\/tunnel-louis-hippolyte-la-fontaine-travaux-et-entraves-a-venir-en-2022\\\/\",\"name\":\"Tunnel Louis-Hippolyte-La Fontaine \u2013 travaux et entraves \u00e0 venir en 2022 - CargoM\",\"isPartOf\":{\"@id\":\"https:\\\/\\\/www.cargo-montreal.ca\\\/fr\\\/#website\"},\"primaryImageOfPage\":{\"@id\":\"https:\\\/\\\/www.cargo-montreal.ca\\\/fr\\\/tunnel-louis-hippolyte-la-fontaine-travaux-et-entraves-a-venir-en-2022\\\/#primaryimage\"},\"image\":{\"@id\":\"https:\\\/\\\/www.cargo-montreal.ca\\\/fr\\\/tunnel-louis-hippolyte-la-fontaine-travaux-et-entraves-a-venir-en-2022\\\/#primaryimage\"},\"thumbnailUrl\":\"https:\\\/\\\/www.cargo-montreal.ca\\\/wp-content\\\/uploads\\\/2022\\\/02\\\/Loui-H-1.jpg\",\"datePublished\":\"2022-02-17T19:29:31+00:00\",\"author\":{\"@id\":\"https:\\\/\\\/www.cargo-montreal.ca\\\/fr\\\/#\\\/schema\\\/person\\\/80476d173ce654813db9fd1533901365\"},\"breadcrumb\":{\"@id\":\"https:\\\/\\\/www.cargo-montreal.ca\\\/fr\\\/tunnel-louis-hippolyte-la-fontaine-travaux-et-entraves-a-venir-en-2022\\\/#breadcrumb\"},\"inLanguage\":\"fr-FR\",\"potentialAction\":[{\"@type\":\"ReadAction\",\"target\":[\"https:\\\/\\\/www.cargo-montreal.ca\\\/fr\\\/tunnel-louis-hippolyte-la-fontaine-travaux-et-entraves-a-venir-en-2022\\\/\"]}]},{\"@type\":\"ImageObject\",\"inLanguage\":\"fr-FR\",\"@id\":\"https:\\\/\\\/www.cargo-montreal.ca\\\/fr\\\/tunnel-louis-hippolyte-la-fontaine-travaux-et-entraves-a-venir-en-2022\\\/#primaryimage\",\"url\":\"https:\\\/\\\/www.cargo-montreal.ca\\\/wp-content\\\/uploads\\\/2022\\\/02\\\/Loui-H-1.jpg\",\"contentUrl\":\"https:\\\/\\\/www.cargo-montreal.ca\\\/wp-content\\\/uploads\\\/2022\\\/02\\\/Loui-H-1.jpg\",\"width\":1773,\"height\":1182},{\"@type\":\"BreadcrumbList\",\"@id\":\"https:\\\/\\\/www.cargo-montreal.ca\\\/fr\\\/tunnel-louis-hippolyte-la-fontaine-travaux-et-entraves-a-venir-en-2022\\\/#breadcrumb\",\"itemListElement\":[{\"@type\":\"ListItem\",\"position\":1,\"name\":\"Home\",\"item\":\"https:\\\/\\\/www.cargo-montreal.ca\\\/fr\\\/\"},{\"@type\":\"ListItem\",\"position\":2,\"name\":\"Tunnel Louis-Hippolyte-La Fontaine \u2013 travaux et entraves \u00e0 venir en 2022\"}]},{\"@type\":\"WebSite\",\"@id\":\"https:\\\/\\\/www.cargo-montreal.ca\\\/fr\\\/#website\",\"url\":\"https:\\\/\\\/www.cargo-montreal.ca\\\/fr\\\/\",\"name\":\"CargoM\",\"description\":\"La mission de CargoM: Rassembler les acteurs de la logistique &amp; du transport de marchandises du Grand Montr\u00e9al autour d&#039;objectifs communs, d&#039;actions concert\u00e9es\",\"potentialAction\":[{\"@type\":\"SearchAction\",\"target\":{\"@type\":\"EntryPoint\",\"urlTemplate\":\"https:\\\/\\\/www.cargo-montreal.ca\\\/fr\\\/?s={search_term_string}\"},\"query-input\":{\"@type\":\"PropertyValueSpecification\",\"valueRequired\":true,\"valueName\":\"search_term_string\"}}],\"inLanguage\":\"fr-FR\"},{\"@type\":\"Person\",\"@id\":\"https:\\\/\\\/www.cargo-montreal.ca\\\/fr\\\/#\\\/schema\\\/person\\\/80476d173ce654813db9fd1533901365\",\"name\":\"Karine Dudognon\",\"image\":{\"@type\":\"ImageObject\",\"inLanguage\":\"fr-FR\",\"@id\":\"https:\\\/\\\/secure.gravatar.com\\\/avatar\\\/673bdfb703a9b6685a88bc7dfb04a9ea2b48b30e9d1663a5e759a4e9bfa3e2c0?s=96&d=mm&r=g\",\"url\":\"https:\\\/\\\/secure.gravatar.com\\\/avatar\\\/673bdfb703a9b6685a88bc7dfb04a9ea2b48b30e9d1663a5e759a4e9bfa3e2c0?s=96&d=mm&r=g\",\"contentUrl\":\"https:\\\/\\\/secure.gravatar.com\\\/avatar\\\/673bdfb703a9b6685a88bc7dfb04a9ea2b48b30e9d1663a5e759a4e9bfa3e2c0?s=96&d=mm&r=g\",\"caption\":\"Karine Dudognon\"},\"url\":\"https:\\\/\\\/www.cargo-montreal.ca\\\/fr\\\/author\\\/karine\\\/\"}]}<\/script>\n<!-- \/ Yoast SEO plugin. -->","yoast_head_json":{"title":"Tunnel Louis-Hippolyte-La Fontaine \u2013 travaux et entraves \u00e0 venir en 2022 - CargoM","robots":{"index":"index","follow":"follow","max-snippet":"max-snippet:-1","max-image-preview":"max-image-preview:large","max-video-preview":"max-video-preview:-1"},"canonical":"https:\/\/www.cargo-montreal.ca\/fr\/tunnel-louis-hippolyte-la-fontaine-travaux-et-entraves-a-venir-en-2022\/","og_locale":"fr_FR","og_type":"article","og_title":"Tunnel Louis-Hippolyte-La Fontaine \u2013 travaux et entraves \u00e0 venir en 2022 - CargoM","og_description":"Le minist\u00e8re des Transports souhaite informer les usagers de la route que les travaux r\u00e9alis\u00e9s dans le cadre de la r\u00e9fection majeure du tunnel Louis-Hippolyte-La Fontaine s\u2019intensifieront \u00e0 partir des prochaines semaines, principalement avec la reconstruction de la chauss\u00e9e de l\u2019autoroute 25. Voici quelques messages cl\u00e9s : \u00a0Les travaux vont s&rsquo;intensifier \u00e0 partir de la [&hellip;]","og_url":"https:\/\/www.cargo-montreal.ca\/fr\/tunnel-louis-hippolyte-la-fontaine-travaux-et-entraves-a-venir-en-2022\/","og_site_name":"CargoM","article_published_time":"2022-02-17T19:29:31+00:00","og_image":[{"width":1773,"height":1182,"url":"https:\/\/www.cargo-montreal.ca\/wp-content\/uploads\/2022\/02\/Loui-H-1.jpg","type":"image\/jpeg"}],"author":"Karine Dudognon","twitter_card":"summary_large_image","twitter_misc":{"\u00c9crit par":"Karine Dudognon","Dur\u00e9e de lecture estim\u00e9e":"2 minutes"},"schema":{"@context":"https:\/\/schema.org","@graph":[{"@type":"Article","@id":"https:\/\/www.cargo-montreal.ca\/fr\/tunnel-louis-hippolyte-la-fontaine-travaux-et-entraves-a-venir-en-2022\/#article","isPartOf":{"@id":"https:\/\/www.cargo-montreal.ca\/fr\/tunnel-louis-hippolyte-la-fontaine-travaux-et-entraves-a-venir-en-2022\/"},"author":{"name":"Karine Dudognon","@id":"https:\/\/www.cargo-montreal.ca\/fr\/#\/schema\/person\/80476d173ce654813db9fd1533901365"},"headline":"Tunnel Louis-Hippolyte-La Fontaine \u2013 travaux et entraves \u00e0 venir en 2022","datePublished":"2022-02-17T19:29:31+00:00","mainEntityOfPage":{"@id":"https:\/\/www.cargo-montreal.ca\/fr\/tunnel-louis-hippolyte-la-fontaine-travaux-et-entraves-a-venir-en-2022\/"},"wordCount":142,"image":{"@id":"https:\/\/www.cargo-montreal.ca\/fr\/tunnel-louis-hippolyte-la-fontaine-travaux-et-entraves-a-venir-en-2022\/#primaryimage"},"thumbnailUrl":"https:\/\/www.cargo-montreal.ca\/wp-content\/uploads\/2022\/02\/Loui-H-1.jpg","articleSection":["Services logistiques"],"inLanguage":"fr-FR"},{"@type":"WebPage","@id":"https:\/\/www.cargo-montreal.ca\/fr\/tunnel-louis-hippolyte-la-fontaine-travaux-et-entraves-a-venir-en-2022\/","url":"https:\/\/www.cargo-montreal.ca\/fr\/tunnel-louis-hippolyte-la-fontaine-travaux-et-entraves-a-venir-en-2022\/","name":"Tunnel Louis-Hippolyte-La Fontaine \u2013 travaux et entraves \u00e0 venir en 2022 - CargoM","isPartOf":{"@id":"https:\/\/www.cargo-montreal.ca\/fr\/#website"},"primaryImageOfPage":{"@id":"https:\/\/www.cargo-montreal.ca\/fr\/tunnel-louis-hippolyte-la-fontaine-travaux-et-entraves-a-venir-en-2022\/#primaryimage"},"image":{"@id":"https:\/\/www.cargo-montreal.ca\/fr\/tunnel-louis-hippolyte-la-fontaine-travaux-et-entraves-a-venir-en-2022\/#primaryimage"},"thumbnailUrl":"https:\/\/www.cargo-montreal.ca\/wp-content\/uploads\/2022\/02\/Loui-H-1.jpg","datePublished":"2022-02-17T19:29:31+00:00","author":{"@id":"https:\/\/www.cargo-montreal.ca\/fr\/#\/schema\/person\/80476d173ce654813db9fd1533901365"},"breadcrumb":{"@id":"https:\/\/www.cargo-montreal.ca\/fr\/tunnel-louis-hippolyte-la-fontaine-travaux-et-entraves-a-venir-en-2022\/#breadcrumb"},"inLanguage":"fr-FR","potentialAction":[{"@type":"ReadAction","target":["https:\/\/www.cargo-montreal.ca\/fr\/tunnel-louis-hippolyte-la-fontaine-travaux-et-entraves-a-venir-en-2022\/"]}]},{"@type":"ImageObject","inLanguage":"fr-FR","@id":"https:\/\/www.cargo-montreal.ca\/fr\/tunnel-louis-hippolyte-la-fontaine-travaux-et-entraves-a-venir-en-2022\/#primaryimage","url":"https:\/\/www.cargo-montreal.ca\/wp-content\/uploads\/2022\/02\/Loui-H-1.jpg","contentUrl":"https:\/\/www.cargo-montreal.ca\/wp-content\/uploads\/2022\/02\/Loui-H-1.jpg","width":1773,"height":1182},{"@type":"BreadcrumbList","@id":"https:\/\/www.cargo-montreal.ca\/fr\/tunnel-louis-hippolyte-la-fontaine-travaux-et-entraves-a-venir-en-2022\/#breadcrumb","itemListElement":[{"@type":"ListItem","position":1,"name":"Home","item":"https:\/\/www.cargo-montreal.ca\/fr\/"},{"@type":"ListItem","position":2,"name":"Tunnel Louis-Hippolyte-La Fontaine \u2013 travaux et entraves \u00e0 venir en 2022"}]},{"@type":"WebSite","@id":"https:\/\/www.cargo-montreal.ca\/fr\/#website","url":"https:\/\/www.cargo-montreal.ca\/fr\/","name":"CargoM","description":"La mission de CargoM: Rassembler les acteurs de la logistique &amp; du transport de marchandises du Grand Montr\u00e9al autour d&#039;objectifs communs, d&#039;actions concert\u00e9es","potentialAction":[{"@type":"SearchAction","target":{"@type":"EntryPoint","urlTemplate":"https:\/\/www.cargo-montreal.ca\/fr\/?s={search_term_string}"},"query-input":{"@type":"PropertyValueSpecification","valueRequired":true,"valueName":"search_term_string"}}],"inLanguage":"fr-FR"},{"@type":"Person","@id":"https:\/\/www.cargo-montreal.ca\/fr\/#\/schema\/person\/80476d173ce654813db9fd1533901365","name":"Karine Dudognon","image":{"@type":"ImageObject","inLanguage":"fr-FR","@id":"https:\/\/secure.gravatar.com\/avatar\/673bdfb703a9b6685a88bc7dfb04a9ea2b48b30e9d1663a5e759a4e9bfa3e2c0?s=96&d=mm&r=g","url":"https:\/\/secure.gravatar.com\/avatar\/673bdfb703a9b6685a88bc7dfb04a9ea2b48b30e9d1663a5e759a4e9bfa3e2c0?s=96&d=mm&r=g","contentUrl":"https:\/\/secure.gravatar.com\/avatar\/673bdfb703a9b6685a88bc7dfb04a9ea2b48b30e9d1663a5e759a4e9bfa3e2c0?s=96&d=mm&r=g","caption":"Karine Dudognon"},"url":"https:\/\/www.cargo-montreal.ca\/fr\/author\/karine\/"}]}},"_links":{"self":[{"href":"https:\/\/www.cargo-montreal.ca\/fr\/wp-json\/wp\/v2\/posts\/12881","targetHints":{"allow":["GET"]}}],"collection":[{"href":"https:\/\/www.cargo-montreal.ca\/fr\/wp-json\/wp\/v2\/posts"}],"about":[{"href":"https:\/\/www.cargo-montreal.ca\/fr\/wp-json\/wp\/v2\/types\/post"}],"author":[{"embeddable":true,"href":"https:\/\/www.cargo-montreal.ca\/fr\/wp-json\/wp\/v2\/users\/39"}],"replies":[{"embeddable":true,"href":"https:\/\/www.cargo-montreal.ca\/fr\/wp-json\/wp\/v2\/comments?post=12881"}],"version-history":[{"count":1,"href":"https:\/\/www.cargo-montreal.ca\/fr\/wp-json\/wp\/v2\/posts\/12881\/revisions"}],"predecessor-version":[{"id":12884,"href":"https:\/\/www.cargo-montreal.ca\/fr\/wp-json\/wp\/v2\/posts\/12881\/revisions\/12884"}],"wp:featuredmedia":[{"embeddable":true,"href":"https:\/\/www.cargo-montreal.ca\/fr\/wp-json\/wp\/v2\/media\/12882"}],"wp:attachment":[{"href":"https:\/\/www.cargo-montreal.ca\/fr\/wp-json\/wp\/v2\/media?parent=12881"}],"wp:term":[{"taxonomy":"category","embeddable":true,"href":"https:\/\/www.cargo-montreal.ca\/fr\/wp-json\/wp\/v2\/categories?post=12881"},{"taxonomy":"post_tag","embeddable":true,"href":"https:\/\/www.cargo-montreal.ca\/fr\/wp-json\/wp\/v2\/tags?post=12881"}],"curies":[{"name":"wp","href":"https:\/\/api.w.org\/{rel}","templated":true}]}}