{"id":12885,"date":"2022-02-17T19:30:39","date_gmt":"2022-02-17T19:30:39","guid":{"rendered":"https:\/\/www.cargo-montreal.ca\/?p=12885"},"modified":"2022-02-17T19:32:38","modified_gmt":"2022-02-17T19:32:38","slug":"viaduc-dans-le-secteur-viau","status":"publish","type":"post","link":"https:\/\/www.cargo-montreal.ca\/fr\/viaduc-dans-le-secteur-viau\/","title":{"rendered":"Viaduc dans le secteur Viau"},"content":{"rendered":"<p align=\"justify\">Le Port de Montr\u00e9al effectue pr\u00e9sentement un important projet d\u2019infrastructure afin, gr\u00e2ce \u00e0 l&rsquo;ajout d&rsquo;un viaduc, de permettre la sortie quotidienne de plus de 1400 camions directement sur les rues Dickson\/Souligny, pour soulager la circulation sur la rue Notre-Dame.<\/p>\r\n<p align=\"justify\">Dans le cadre de ces travaux, le port a annonc\u00e9 que sa route, entre les rues Bossuet et Viau, sera ferm\u00e9e \u00e0 la circulation \u00e0 compter du\u00a021 f\u00e9vrier 2022\u00a0jusqu\u2019au 30 octobre 2022.<\/p>\r\n<p align=\"justify\">Toute la circulation devra faire un d\u00e9tour via la rue Notre-Dame.<\/p>\r\n<p align=\"justify\">\u00c0 partir du 21 f\u00e9vrier, une entr\u00e9e via la rue Sicard, \u00e0 l\u2019angle de Notre-Dame, sera accessible aux camionneurs allant au terminal Viau (section 52). Cette mesure vise \u00e0 faciliter la circulation et \u00e0 amoindrir la congestion dans ce secteur n\u00e9vralgique pendant la p\u00e9riode des travaux.<\/p>\r\n<p align=\"justify\"><img decoding=\"async\" class=\"an1\" src=\"https:\/\/fonts.gstatic.com\/s\/e\/notoemoji\/14.0\/27a1_fe0f\/32.png\" alt=\"\u27a1\ufe0f\" data-emoji=\"\u27a1\ufe0f\" aria-label=\"\u27a1\ufe0f\" \/>\u00a0Pour lire la\u00a0<a href=\"https:\/\/info.cargo-montreal.ca\/e3t\/Btc\/ZU+113\/d11nbd04\/VWw-JT6SszQNW53Kq-n2Cfg4CW3rtmkr4FG7sXN8mSy5Z3lLCyV1-WJV7CgRB9N6Tpkj6Qmk6wW1KsWGc31W4dWW7438bF2BY11kVy2F8C5TDdptW8rbv-131pGqcW2jlJDQ46-D0WW1S7-q258fWj9N6cBp-GCzzqzW7Y49612GZ9zHW36W1BB1VrvywW5f1Ts45zjrYbW2D3Bvd55L5nFW1kKm1w1yDnfmN8DNR5hhVVblW5SLw-k4bcvKQW6f8c0v4pJvfZVjd5MY5dJxDrN66rff3GTmM9Vwy8Tb1knSWmW6S7tyZ2GWXZhW3dwvbg2gxZzWW1HzGpp3PPd4PW8ShkJH6_ybjTW152CTm9g6Z2FW3_dGsG6lp0bZW8QPtqF49nx5PVtFvSG5bxWgkN4gCLGbKxZyCVy-fPl2s1DPSVz2rYt7NtFJ03plL1\" target=\"_blank\" rel=\"noopener\" data-saferedirecturl=\"https:\/\/www.google.com\/url?q=https:\/\/info.cargo-montreal.ca\/e3t\/Btc\/ZU%2B113\/d11nbd04\/VWw-JT6SszQNW53Kq-n2Cfg4CW3rtmkr4FG7sXN8mSy5Z3lLCyV1-WJV7CgRB9N6Tpkj6Qmk6wW1KsWGc31W4dWW7438bF2BY11kVy2F8C5TDdptW8rbv-131pGqcW2jlJDQ46-D0WW1S7-q258fWj9N6cBp-GCzzqzW7Y49612GZ9zHW36W1BB1VrvywW5f1Ts45zjrYbW2D3Bvd55L5nFW1kKm1w1yDnfmN8DNR5hhVVblW5SLw-k4bcvKQW6f8c0v4pJvfZVjd5MY5dJxDrN66rff3GTmM9Vwy8Tb1knSWmW6S7tyZ2GWXZhW3dwvbg2gxZzWW1HzGpp3PPd4PW8ShkJH6_ybjTW152CTm9g6Z2FW3_dGsG6lp0bZW8QPtqF49nx5PVtFvSG5bxWgkN4gCLGbKxZyCVy-fPl2s1DPSVz2rYt7NtFJ03plL1&amp;source=gmail&amp;ust=1645210421723000&amp;usg=AOvVaw3e-u6qp7_O7O9tP0RL7riM\">communication aux camionneurs de Termont<\/a>.<\/p>\r\n<p align=\"justify\"><img decoding=\"async\" class=\"an1\" src=\"https:\/\/fonts.gstatic.com\/s\/e\/notoemoji\/14.0\/27a1_fe0f\/32.png\" alt=\"\u27a1\ufe0f\" data-emoji=\"\u27a1\ufe0f\" aria-label=\"\u27a1\ufe0f\" \/>\u00a0Pour\u00a0en savoir plus sur le\u00a0<a href=\"https:\/\/info.cargo-montreal.ca\/e3t\/Btc\/ZU+113\/d11nbd04\/VWw-JT6SszQNW53Kq-n2Cfg4CW3rtmkr4FG7sXN8mSy533lLBGV1-WJV7Cg-RdW6d5Pqr4vtS0BW3RKL2V50XLX9W63QQJZ1l0V--W81YDHs4-qMqHW6rDXdQ3WxvPwW7chrpj18QWt6W4fwKBv5vSnh0W7DRjV_82Z1k5W2GsCPJ1Vv65pW3K5wKj85CyM5W6syM7T2mM9ldN7SLR7_G2H4cW8Jlgp92yj3FVW3G_5R36CqbYXW1n93NQ2d2ngfW8fGCQq2S6GhGVf1rjy5GCsc4W3hXqsT2mh6yBW8bPDMn3N7Ww-W7HfXfl8PhYZ6W5Q-8dd1gmSgNV7bKt42RkYFLVlYfkf92nf2qW6mW7-q2Mq2lK32Wz1\" target=\"_blank\" rel=\"noopener\" data-saferedirecturl=\"https:\/\/www.google.com\/url?q=https:\/\/info.cargo-montreal.ca\/e3t\/Btc\/ZU%2B113\/d11nbd04\/VWw-JT6SszQNW53Kq-n2Cfg4CW3rtmkr4FG7sXN8mSy533lLBGV1-WJV7Cg-RdW6d5Pqr4vtS0BW3RKL2V50XLX9W63QQJZ1l0V--W81YDHs4-qMqHW6rDXdQ3WxvPwW7chrpj18QWt6W4fwKBv5vSnh0W7DRjV_82Z1k5W2GsCPJ1Vv65pW3K5wKj85CyM5W6syM7T2mM9ldN7SLR7_G2H4cW8Jlgp92yj3FVW3G_5R36CqbYXW1n93NQ2d2ngfW8fGCQq2S6GhGVf1rjy5GCsc4W3hXqsT2mh6yBW8bPDMn3N7Ww-W7HfXfl8PhYZ6W5Q-8dd1gmSgNV7bKt42RkYFLVlYfkf92nf2qW6mW7-q2Mq2lK32Wz1&amp;source=gmail&amp;ust=1645210421723000&amp;usg=AOvVaw1KXBG1-IbormhJIbeYphgV\">projet de viaduc du Port de Montr\u00e9al<\/a>.<\/p>\r\n<em>Sources : Port de Montr\u00e9al et Termont\r\nPhoto : Port de Montr\u00e9al<\/em>","protected":false},"excerpt":{"rendered":"Le Port de Montr\u00e9al effectue pr\u00e9sentement un important projet d\u2019infrastructure afin, gr\u00e2ce \u00e0 l&rsquo;ajout d&rsquo;un viaduc, de permettre la sortie quotidienne de plus de 1400 camions directement sur les rues Dickson\/Souligny, pour soulager la circulation sur la rue Notre-Dame. Dans le cadre de ces travaux, le port a annonc\u00e9 que sa route, entre les rues [&hellip;]","protected":false},"author":39,"featured_media":12871,"comment_status":"closed","ping_status":"closed","sticky":false,"template":"","format":"standard","meta":{"_acf_changed":false,"footnotes":""},"categories":[20],"tags":[],"class_list":["post-12885","post","type-post","status-publish","format-standard","has-post-thumbnail","hentry","category-services-logistiques"],"acf":[],"yoast_head":"<!-- This site is optimized with the Yoast SEO plugin v27.3 - https:\/\/yoast.com\/product\/yoast-seo-wordpress\/ -->\n<title>Viaduc dans le secteur Viau - CargoM<\/title>\n<meta name=\"robots\" content=\"index, follow, max-snippet:-1, max-image-preview:large, max-video-preview:-1\" \/>\n<link rel=\"canonical\" href=\"https:\/\/www.cargo-montreal.ca\/fr\/viaduc-dans-le-secteur-viau\/\" \/>\n<meta property=\"og:locale\" content=\"fr_FR\" \/>\n<meta property=\"og:type\" content=\"article\" \/>\n<meta property=\"og:title\" content=\"Viaduc dans le secteur Viau - CargoM\" \/>\n<meta property=\"og:description\" content=\"Le Port de Montr\u00e9al effectue pr\u00e9sentement un important projet d\u2019infrastructure afin, gr\u00e2ce \u00e0 l&rsquo;ajout d&rsquo;un viaduc, de permettre la sortie quotidienne de plus de 1400 camions directement sur les rues Dickson\/Souligny, pour soulager la circulation sur la rue Notre-Dame. Dans le cadre de ces travaux, le port a annonc\u00e9 que sa route, entre les rues [&hellip;]\" \/>\n<meta property=\"og:url\" content=\"https:\/\/www.cargo-montreal.ca\/fr\/viaduc-dans-le-secteur-viau\/\" \/>\n<meta property=\"og:site_name\" content=\"CargoM\" \/>\n<meta property=\"article:published_time\" content=\"2022-02-17T19:30:39+00:00\" \/>\n<meta property=\"article:modified_time\" content=\"2022-02-17T19:32:38+00:00\" \/>\n<meta property=\"og:image\" content=\"https:\/\/www.cargo-montreal.ca\/wp-content\/uploads\/2022\/02\/Viaduc-4.jpg\" \/>\n\t<meta property=\"og:image:width\" content=\"1094\" \/>\n\t<meta property=\"og:image:height\" content=\"1071\" \/>\n\t<meta property=\"og:image:type\" content=\"image\/jpeg\" \/>\n<meta name=\"author\" content=\"Karine Dudognon\" \/>\n<meta name=\"twitter:card\" content=\"summary_large_image\" \/>\n<meta name=\"twitter:label1\" content=\"\u00c9crit par\" \/>\n\t<meta name=\"twitter:data1\" content=\"Karine Dudognon\" \/>\n\t<meta name=\"twitter:label2\" content=\"Dur\u00e9e de lecture estim\u00e9e\" \/>\n\t<meta name=\"twitter:data2\" content=\"2 minutes\" \/>\n<script type=\"application\/ld+json\" class=\"yoast-schema-graph\">{\"@context\":\"https:\\\/\\\/schema.org\",\"@graph\":[{\"@type\":\"Article\",\"@id\":\"https:\\\/\\\/www.cargo-montreal.ca\\\/fr\\\/viaduc-dans-le-secteur-viau\\\/#article\",\"isPartOf\":{\"@id\":\"https:\\\/\\\/www.cargo-montreal.ca\\\/fr\\\/viaduc-dans-le-secteur-viau\\\/\"},\"author\":{\"name\":\"Karine Dudognon\",\"@id\":\"https:\\\/\\\/www.cargo-montreal.ca\\\/fr\\\/#\\\/schema\\\/person\\\/80476d173ce654813db9fd1533901365\"},\"headline\":\"Viaduc dans le secteur Viau\",\"datePublished\":\"2022-02-17T19:30:39+00:00\",\"dateModified\":\"2022-02-17T19:32:38+00:00\",\"mainEntityOfPage\":{\"@id\":\"https:\\\/\\\/www.cargo-montreal.ca\\\/fr\\\/viaduc-dans-le-secteur-viau\\\/\"},\"wordCount\":171,\"image\":{\"@id\":\"https:\\\/\\\/www.cargo-montreal.ca\\\/fr\\\/viaduc-dans-le-secteur-viau\\\/#primaryimage\"},\"thumbnailUrl\":\"https:\\\/\\\/www.cargo-montreal.ca\\\/wp-content\\\/uploads\\\/2022\\\/02\\\/Viaduc-4.jpg\",\"articleSection\":[\"Services logistiques\"],\"inLanguage\":\"fr-FR\"},{\"@type\":\"WebPage\",\"@id\":\"https:\\\/\\\/www.cargo-montreal.ca\\\/fr\\\/viaduc-dans-le-secteur-viau\\\/\",\"url\":\"https:\\\/\\\/www.cargo-montreal.ca\\\/fr\\\/viaduc-dans-le-secteur-viau\\\/\",\"name\":\"Viaduc dans le secteur Viau - CargoM\",\"isPartOf\":{\"@id\":\"https:\\\/\\\/www.cargo-montreal.ca\\\/fr\\\/#website\"},\"primaryImageOfPage\":{\"@id\":\"https:\\\/\\\/www.cargo-montreal.ca\\\/fr\\\/viaduc-dans-le-secteur-viau\\\/#primaryimage\"},\"image\":{\"@id\":\"https:\\\/\\\/www.cargo-montreal.ca\\\/fr\\\/viaduc-dans-le-secteur-viau\\\/#primaryimage\"},\"thumbnailUrl\":\"https:\\\/\\\/www.cargo-montreal.ca\\\/wp-content\\\/uploads\\\/2022\\\/02\\\/Viaduc-4.jpg\",\"datePublished\":\"2022-02-17T19:30:39+00:00\",\"dateModified\":\"2022-02-17T19:32:38+00:00\",\"author\":{\"@id\":\"https:\\\/\\\/www.cargo-montreal.ca\\\/fr\\\/#\\\/schema\\\/person\\\/80476d173ce654813db9fd1533901365\"},\"breadcrumb\":{\"@id\":\"https:\\\/\\\/www.cargo-montreal.ca\\\/fr\\\/viaduc-dans-le-secteur-viau\\\/#breadcrumb\"},\"inLanguage\":\"fr-FR\",\"potentialAction\":[{\"@type\":\"ReadAction\",\"target\":[\"https:\\\/\\\/www.cargo-montreal.ca\\\/fr\\\/viaduc-dans-le-secteur-viau\\\/\"]}]},{\"@type\":\"ImageObject\",\"inLanguage\":\"fr-FR\",\"@id\":\"https:\\\/\\\/www.cargo-montreal.ca\\\/fr\\\/viaduc-dans-le-secteur-viau\\\/#primaryimage\",\"url\":\"https:\\\/\\\/www.cargo-montreal.ca\\\/wp-content\\\/uploads\\\/2022\\\/02\\\/Viaduc-4.jpg\",\"contentUrl\":\"https:\\\/\\\/www.cargo-montreal.ca\\\/wp-content\\\/uploads\\\/2022\\\/02\\\/Viaduc-4.jpg\",\"width\":1094,\"height\":1071},{\"@type\":\"BreadcrumbList\",\"@id\":\"https:\\\/\\\/www.cargo-montreal.ca\\\/fr\\\/viaduc-dans-le-secteur-viau\\\/#breadcrumb\",\"itemListElement\":[{\"@type\":\"ListItem\",\"position\":1,\"name\":\"Home\",\"item\":\"https:\\\/\\\/www.cargo-montreal.ca\\\/fr\\\/\"},{\"@type\":\"ListItem\",\"position\":2,\"name\":\"Viaduc dans le secteur Viau\"}]},{\"@type\":\"WebSite\",\"@id\":\"https:\\\/\\\/www.cargo-montreal.ca\\\/fr\\\/#website\",\"url\":\"https:\\\/\\\/www.cargo-montreal.ca\\\/fr\\\/\",\"name\":\"CargoM\",\"description\":\"La mission de CargoM: Rassembler les acteurs de la logistique &amp; du transport de marchandises du Grand Montr\u00e9al autour d&#039;objectifs communs, d&#039;actions concert\u00e9es\",\"potentialAction\":[{\"@type\":\"SearchAction\",\"target\":{\"@type\":\"EntryPoint\",\"urlTemplate\":\"https:\\\/\\\/www.cargo-montreal.ca\\\/fr\\\/?s={search_term_string}\"},\"query-input\":{\"@type\":\"PropertyValueSpecification\",\"valueRequired\":true,\"valueName\":\"search_term_string\"}}],\"inLanguage\":\"fr-FR\"},{\"@type\":\"Person\",\"@id\":\"https:\\\/\\\/www.cargo-montreal.ca\\\/fr\\\/#\\\/schema\\\/person\\\/80476d173ce654813db9fd1533901365\",\"name\":\"Karine Dudognon\",\"image\":{\"@type\":\"ImageObject\",\"inLanguage\":\"fr-FR\",\"@id\":\"https:\\\/\\\/secure.gravatar.com\\\/avatar\\\/673bdfb703a9b6685a88bc7dfb04a9ea2b48b30e9d1663a5e759a4e9bfa3e2c0?s=96&d=mm&r=g\",\"url\":\"https:\\\/\\\/secure.gravatar.com\\\/avatar\\\/673bdfb703a9b6685a88bc7dfb04a9ea2b48b30e9d1663a5e759a4e9bfa3e2c0?s=96&d=mm&r=g\",\"contentUrl\":\"https:\\\/\\\/secure.gravatar.com\\\/avatar\\\/673bdfb703a9b6685a88bc7dfb04a9ea2b48b30e9d1663a5e759a4e9bfa3e2c0?s=96&d=mm&r=g\",\"caption\":\"Karine Dudognon\"},\"url\":\"https:\\\/\\\/www.cargo-montreal.ca\\\/fr\\\/author\\\/karine\\\/\"}]}<\/script>\n<!-- \/ Yoast SEO plugin. -->","yoast_head_json":{"title":"Viaduc dans le secteur Viau - CargoM","robots":{"index":"index","follow":"follow","max-snippet":"max-snippet:-1","max-image-preview":"max-image-preview:large","max-video-preview":"max-video-preview:-1"},"canonical":"https:\/\/www.cargo-montreal.ca\/fr\/viaduc-dans-le-secteur-viau\/","og_locale":"fr_FR","og_type":"article","og_title":"Viaduc dans le secteur Viau - CargoM","og_description":"Le Port de Montr\u00e9al effectue pr\u00e9sentement un important projet d\u2019infrastructure afin, gr\u00e2ce \u00e0 l&rsquo;ajout d&rsquo;un viaduc, de permettre la sortie quotidienne de plus de 1400 camions directement sur les rues Dickson\/Souligny, pour soulager la circulation sur la rue Notre-Dame. Dans le cadre de ces travaux, le port a annonc\u00e9 que sa route, entre les rues [&hellip;]","og_url":"https:\/\/www.cargo-montreal.ca\/fr\/viaduc-dans-le-secteur-viau\/","og_site_name":"CargoM","article_published_time":"2022-02-17T19:30:39+00:00","article_modified_time":"2022-02-17T19:32:38+00:00","og_image":[{"width":1094,"height":1071,"url":"https:\/\/www.cargo-montreal.ca\/wp-content\/uploads\/2022\/02\/Viaduc-4.jpg","type":"image\/jpeg"}],"author":"Karine Dudognon","twitter_card":"summary_large_image","twitter_misc":{"\u00c9crit par":"Karine Dudognon","Dur\u00e9e de lecture estim\u00e9e":"2 minutes"},"schema":{"@context":"https:\/\/schema.org","@graph":[{"@type":"Article","@id":"https:\/\/www.cargo-montreal.ca\/fr\/viaduc-dans-le-secteur-viau\/#article","isPartOf":{"@id":"https:\/\/www.cargo-montreal.ca\/fr\/viaduc-dans-le-secteur-viau\/"},"author":{"name":"Karine Dudognon","@id":"https:\/\/www.cargo-montreal.ca\/fr\/#\/schema\/person\/80476d173ce654813db9fd1533901365"},"headline":"Viaduc dans le secteur Viau","datePublished":"2022-02-17T19:30:39+00:00","dateModified":"2022-02-17T19:32:38+00:00","mainEntityOfPage":{"@id":"https:\/\/www.cargo-montreal.ca\/fr\/viaduc-dans-le-secteur-viau\/"},"wordCount":171,"image":{"@id":"https:\/\/www.cargo-montreal.ca\/fr\/viaduc-dans-le-secteur-viau\/#primaryimage"},"thumbnailUrl":"https:\/\/www.cargo-montreal.ca\/wp-content\/uploads\/2022\/02\/Viaduc-4.jpg","articleSection":["Services logistiques"],"inLanguage":"fr-FR"},{"@type":"WebPage","@id":"https:\/\/www.cargo-montreal.ca\/fr\/viaduc-dans-le-secteur-viau\/","url":"https:\/\/www.cargo-montreal.ca\/fr\/viaduc-dans-le-secteur-viau\/","name":"Viaduc dans le secteur Viau - CargoM","isPartOf":{"@id":"https:\/\/www.cargo-montreal.ca\/fr\/#website"},"primaryImageOfPage":{"@id":"https:\/\/www.cargo-montreal.ca\/fr\/viaduc-dans-le-secteur-viau\/#primaryimage"},"image":{"@id":"https:\/\/www.cargo-montreal.ca\/fr\/viaduc-dans-le-secteur-viau\/#primaryimage"},"thumbnailUrl":"https:\/\/www.cargo-montreal.ca\/wp-content\/uploads\/2022\/02\/Viaduc-4.jpg","datePublished":"2022-02-17T19:30:39+00:00","dateModified":"2022-02-17T19:32:38+00:00","author":{"@id":"https:\/\/www.cargo-montreal.ca\/fr\/#\/schema\/person\/80476d173ce654813db9fd1533901365"},"breadcrumb":{"@id":"https:\/\/www.cargo-montreal.ca\/fr\/viaduc-dans-le-secteur-viau\/#breadcrumb"},"inLanguage":"fr-FR","potentialAction":[{"@type":"ReadAction","target":["https:\/\/www.cargo-montreal.ca\/fr\/viaduc-dans-le-secteur-viau\/"]}]},{"@type":"ImageObject","inLanguage":"fr-FR","@id":"https:\/\/www.cargo-montreal.ca\/fr\/viaduc-dans-le-secteur-viau\/#primaryimage","url":"https:\/\/www.cargo-montreal.ca\/wp-content\/uploads\/2022\/02\/Viaduc-4.jpg","contentUrl":"https:\/\/www.cargo-montreal.ca\/wp-content\/uploads\/2022\/02\/Viaduc-4.jpg","width":1094,"height":1071},{"@type":"BreadcrumbList","@id":"https:\/\/www.cargo-montreal.ca\/fr\/viaduc-dans-le-secteur-viau\/#breadcrumb","itemListElement":[{"@type":"ListItem","position":1,"name":"Home","item":"https:\/\/www.cargo-montreal.ca\/fr\/"},{"@type":"ListItem","position":2,"name":"Viaduc dans le secteur Viau"}]},{"@type":"WebSite","@id":"https:\/\/www.cargo-montreal.ca\/fr\/#website","url":"https:\/\/www.cargo-montreal.ca\/fr\/","name":"CargoM","description":"La mission de CargoM: Rassembler les acteurs de la logistique &amp; du transport de marchandises du Grand Montr\u00e9al autour d&#039;objectifs communs, d&#039;actions concert\u00e9es","potentialAction":[{"@type":"SearchAction","target":{"@type":"EntryPoint","urlTemplate":"https:\/\/www.cargo-montreal.ca\/fr\/?s={search_term_string}"},"query-input":{"@type":"PropertyValueSpecification","valueRequired":true,"valueName":"search_term_string"}}],"inLanguage":"fr-FR"},{"@type":"Person","@id":"https:\/\/www.cargo-montreal.ca\/fr\/#\/schema\/person\/80476d173ce654813db9fd1533901365","name":"Karine Dudognon","image":{"@type":"ImageObject","inLanguage":"fr-FR","@id":"https:\/\/secure.gravatar.com\/avatar\/673bdfb703a9b6685a88bc7dfb04a9ea2b48b30e9d1663a5e759a4e9bfa3e2c0?s=96&d=mm&r=g","url":"https:\/\/secure.gravatar.com\/avatar\/673bdfb703a9b6685a88bc7dfb04a9ea2b48b30e9d1663a5e759a4e9bfa3e2c0?s=96&d=mm&r=g","contentUrl":"https:\/\/secure.gravatar.com\/avatar\/673bdfb703a9b6685a88bc7dfb04a9ea2b48b30e9d1663a5e759a4e9bfa3e2c0?s=96&d=mm&r=g","caption":"Karine Dudognon"},"url":"https:\/\/www.cargo-montreal.ca\/fr\/author\/karine\/"}]}},"_links":{"self":[{"href":"https:\/\/www.cargo-montreal.ca\/fr\/wp-json\/wp\/v2\/posts\/12885","targetHints":{"allow":["GET"]}}],"collection":[{"href":"https:\/\/www.cargo-montreal.ca\/fr\/wp-json\/wp\/v2\/posts"}],"about":[{"href":"https:\/\/www.cargo-montreal.ca\/fr\/wp-json\/wp\/v2\/types\/post"}],"author":[{"embeddable":true,"href":"https:\/\/www.cargo-montreal.ca\/fr\/wp-json\/wp\/v2\/users\/39"}],"replies":[{"embeddable":true,"href":"https:\/\/www.cargo-montreal.ca\/fr\/wp-json\/wp\/v2\/comments?post=12885"}],"version-history":[{"count":1,"href":"https:\/\/www.cargo-montreal.ca\/fr\/wp-json\/wp\/v2\/posts\/12885\/revisions"}],"predecessor-version":[{"id":12886,"href":"https:\/\/www.cargo-montreal.ca\/fr\/wp-json\/wp\/v2\/posts\/12885\/revisions\/12886"}],"wp:featuredmedia":[{"embeddable":true,"href":"https:\/\/www.cargo-montreal.ca\/fr\/wp-json\/wp\/v2\/media\/12871"}],"wp:attachment":[{"href":"https:\/\/www.cargo-montreal.ca\/fr\/wp-json\/wp\/v2\/media?parent=12885"}],"wp:term":[{"taxonomy":"category","embeddable":true,"href":"https:\/\/www.cargo-montreal.ca\/fr\/wp-json\/wp\/v2\/categories?post=12885"},{"taxonomy":"post_tag","embeddable":true,"href":"https:\/\/www.cargo-montreal.ca\/fr\/wp-json\/wp\/v2\/tags?post=12885"}],"curies":[{"name":"wp","href":"https:\/\/api.w.org\/{rel}","templated":true}]}}