{"id":12889,"date":"2022-02-17T19:37:00","date_gmt":"2022-02-17T19:37:00","guid":{"rendered":"https:\/\/www.cargo-montreal.ca\/?p=12889"},"modified":"2022-02-17T19:46:45","modified_gmt":"2022-02-17T19:46:45","slug":"fonds-national-des-corridors-commerciaux-fncc-nouvel-appel-de-propositions","status":"publish","type":"post","link":"https:\/\/www.cargo-montreal.ca\/fr\/fonds-national-des-corridors-commerciaux-fncc-nouvel-appel-de-propositions\/","title":{"rendered":"Fonds national des corridors commerciaux (FNCC) \u2013 Nouvel appel de propositions"},"content":{"rendered":"Le Fonds national des corridors commerciaux (FNCC) est un fonds de 4,2 milliards de dollars pour aider le financement des projets d\u2019infrastructure au Canada. Le financement est r\u00e9parti sur 11 ans et se termine le 31 mars 2028.\r\n<p align=\"justify\">Depuis le 9 d\u00e9cembre 2021, le FNCC a lanc\u00e9 un nouvel appel de proposition : Accro\u00eetre la fluidit\u00e9 des cha\u00eenes d\u2019approvisionnement du Canada. L\u2019objectif est de soutenir le commerce notamment par les investissements provenant de partenaires multiples, par la r\u00e9silience du r\u00e9seau face aux changements climatiques ainsi que par l\u2019innovation et les nouvelles technologies.<\/p>\r\n<p align=\"justify\">Pour ce nouvel appel de proposition, la phase 1 \u2013\u00a0<a href=\"https:\/\/info.cargo-montreal.ca\/e3t\/Btc\/ZU+113\/d11nbd04\/VWw-JT6SszQNW53Kq-n2Cfg4CW3rtmkr4FG7sXN8mSy3V7hRzSV5X_Kf7CgKWFN9kzr5cbgxBzW8SD-Ck45DN93W2Lf0f96725vVW8xdLXg38101hW7Kz1cq8tvrybW25pby257Th_yW4B8GfZ31BjlsW2CzD_67tSCHvW6cW4sb8clv-wW1T93J_8WF2qxW4XGbSm1yp5NVW7Svn9H1wtLKLW1jbgqH154NVRW5NnRw08dN8TxW4PL85D8zRsGtVHGp_g41MVwdW4lq4pd7Cn2y3W5YgM1M1hw14WW5cr9TK7pTDTsVr2rhC6nxzhvW5Gk4dd2vr29JW4YV8Nn7d8lSKW954zGZ4sK6SqW2QqKl-4smGtdN2b4yVV5ZpS7W4r79Y336zL3wN2NtWJXmWMH9W5ZKH4g1hRPL4W8tCk276x_Yv7W3hkZKz3LcDXLW832DWJ1Gk7grW6QWqMD1Xvd_QW4hZ5LW92Jr-vW1Sxn848Vv4gCN5bdtcRYDBvwW1q_DRk19pbkSW8JbtH55BMf0tVg8J1R1Zkyt2W850Z7V7wXMXRW1vftxJ7fyM22W6TyVxH8KdpHwW5KgRm66X1BpsW8Q_wBh2FHF4XW747D-z7l_r2LV-ccny3C9yH5W45nTr345LPrYV8xvNw8L6BxSV7-wrg2_xqCc3nh21\" target=\"_blank\" rel=\"noopener\" data-saferedirecturl=\"https:\/\/www.google.com\/url?hl=fr-CA&amp;q=https:\/\/info.cargo-montreal.ca\/e3t\/Btc\/ZU%2B113\/d11nbd04\/VWw-JT6SszQNW53Kq-n2Cfg4CW3rtmkr4FG7sXN8mSy3V7hRzSV5X_Kf7CgKWFN9kzr5cbgxBzW8SD-Ck45DN93W2Lf0f96725vVW8xdLXg38101hW7Kz1cq8tvrybW25pby257Th_yW4B8GfZ31BjlsW2CzD_67tSCHvW6cW4sb8clv-wW1T93J_8WF2qxW4XGbSm1yp5NVW7Svn9H1wtLKLW1jbgqH154NVRW5NnRw08dN8TxW4PL85D8zRsGtVHGp_g41MVwdW4lq4pd7Cn2y3W5YgM1M1hw14WW5cr9TK7pTDTsVr2rhC6nxzhvW5Gk4dd2vr29JW4YV8Nn7d8lSKW954zGZ4sK6SqW2QqKl-4smGtdN2b4yVV5ZpS7W4r79Y336zL3wN2NtWJXmWMH9W5ZKH4g1hRPL4W8tCk276x_Yv7W3hkZKz3LcDXLW832DWJ1Gk7grW6QWqMD1Xvd_QW4hZ5LW92Jr-vW1Sxn848Vv4gCN5bdtcRYDBvwW1q_DRk19pbkSW8JbtH55BMf0tVg8J1R1Zkyt2W850Z7V7wXMXRW1vftxJ7fyM22W6TyVxH8KdpHwW5KgRm66X1BpsW8Q_wBh2FHF4XW747D-z7l_r2LV-ccny3C9yH5W45nTr345LPrYV8xvNw8L6BxSV7-wrg2_xqCc3nh21&amp;source=gmail&amp;ust=1645213015377000&amp;usg=AOvVaw1-gCpovm8N9c2vMWpPk_jR\">D\u00e9claration d\u2019int\u00e9r\u00eat (DI)<\/a>\u00a0doit \u00eatre pr\u00e9sent\u00e9e avant le\u00a031 mars 2022.<\/p>\r\n<p align=\"justify\">Pour\u00a0<a href=\"https:\/\/info.cargo-montreal.ca\/e3t\/Btc\/ZU+113\/d11nbd04\/VWw-JT6SszQNW53Kq-n2Cfg4CW3rtmkr4FG7sXN8mSy5G5kh5rV3Zsc37CgB5vW8khPX97pDpyfW1mpcHH5dkyf8W5GZZDX3Y9702W4g3Dwx1p48jcW8QGv1L8dSBkFW7myqXK1W12bcVRx02F1tc06KW1WdS6Q7G96V7Vzk_0S5QyFYxW6RDh0R99nGN_W8xPcy81bKxMfW7ZRSmz3Hgk-sW2qXyzF7F7q7BW8tV65M1-7c9BW5cmL938NKV47W4JP4M06GVP01W7HXzVT3X0y0BN81_-YgvMv-VW1y1tF8540CPfW6Z34fZ3fgtrZN4JYldVZHBmGW7bJ11z50CzYbW1NrRxv4c3r-_W8G8yy47D45ynW29nDh41ZRcRvW51T8d33Q0LkTW2_WRXX8Q2SNWW6L6sB27XHqD1W2JprQn1DSxsKW5TDSCj8Sv1Q9W6sGv5d8M2176W50vM2N6BGXNnW40Clcr7Vp6MDW3Fzg7t1CS_GFW8rjgx422fZwFW51rbRp5cyP5CW5Vyy4l8csN0nW2sd4n346T3htW5ryvP0229tKnVQXHJ98MxpsGW7HVtq35qkDYPW4tTsTr1M_Rt8W8qGxCW6cmRJ6W2-XvqN5QPwmW3dW71\" target=\"_blank\" rel=\"noopener\" data-saferedirecturl=\"https:\/\/www.google.com\/url?hl=fr-CA&amp;q=https:\/\/info.cargo-montreal.ca\/e3t\/Btc\/ZU%2B113\/d11nbd04\/VWw-JT6SszQNW53Kq-n2Cfg4CW3rtmkr4FG7sXN8mSy5G5kh5rV3Zsc37CgB5vW8khPX97pDpyfW1mpcHH5dkyf8W5GZZDX3Y9702W4g3Dwx1p48jcW8QGv1L8dSBkFW7myqXK1W12bcVRx02F1tc06KW1WdS6Q7G96V7Vzk_0S5QyFYxW6RDh0R99nGN_W8xPcy81bKxMfW7ZRSmz3Hgk-sW2qXyzF7F7q7BW8tV65M1-7c9BW5cmL938NKV47W4JP4M06GVP01W7HXzVT3X0y0BN81_-YgvMv-VW1y1tF8540CPfW6Z34fZ3fgtrZN4JYldVZHBmGW7bJ11z50CzYbW1NrRxv4c3r-_W8G8yy47D45ynW29nDh41ZRcRvW51T8d33Q0LkTW2_WRXX8Q2SNWW6L6sB27XHqD1W2JprQn1DSxsKW5TDSCj8Sv1Q9W6sGv5d8M2176W50vM2N6BGXNnW40Clcr7Vp6MDW3Fzg7t1CS_GFW8rjgx422fZwFW51rbRp5cyP5CW5Vyy4l8csN0nW2sd4n346T3htW5ryvP0229tKnVQXHJ98MxpsGW7HVtq35qkDYPW4tTsTr1M_Rt8W8qGxCW6cmRJ6W2-XvqN5QPwmW3dW71&amp;source=gmail&amp;ust=1645213015377000&amp;usg=AOvVaw04X-Wnbf3EAKecxIAvtEfb\">en savoir plus<\/a>.<\/p>","protected":false},"excerpt":{"rendered":"Le Fonds national des corridors commerciaux (FNCC) est un fonds de 4,2 milliards de dollars pour aider le financement des projets d\u2019infrastructure au Canada. Le financement est r\u00e9parti sur 11 ans et se termine le 31 mars 2028. Depuis le 9 d\u00e9cembre 2021, le FNCC a lanc\u00e9 un nouvel appel de proposition : Accro\u00eetre la [&hellip;]","protected":false},"author":39,"featured_media":12857,"comment_status":"closed","ping_status":"closed","sticky":false,"template":"","format":"standard","meta":{"_acf_changed":false,"footnotes":""},"categories":[20],"tags":[],"class_list":["post-12889","post","type-post","status-publish","format-standard","has-post-thumbnail","hentry","category-services-logistiques"],"acf":[],"yoast_head":"<!-- This site is optimized with the Yoast SEO plugin v27.3 - https:\/\/yoast.com\/product\/yoast-seo-wordpress\/ -->\n<title>Fonds national des corridors commerciaux (FNCC) \u2013 Nouvel appel de propositions - CargoM<\/title>\n<meta name=\"robots\" content=\"index, follow, max-snippet:-1, max-image-preview:large, max-video-preview:-1\" \/>\n<link rel=\"canonical\" href=\"https:\/\/www.cargo-montreal.ca\/fr\/fonds-national-des-corridors-commerciaux-fncc-nouvel-appel-de-propositions\/\" \/>\n<meta property=\"og:locale\" content=\"fr_FR\" \/>\n<meta property=\"og:type\" content=\"article\" \/>\n<meta property=\"og:title\" content=\"Fonds national des corridors commerciaux (FNCC) \u2013 Nouvel appel de propositions - CargoM\" \/>\n<meta property=\"og:description\" content=\"Le Fonds national des corridors commerciaux (FNCC) est un fonds de 4,2 milliards de dollars pour aider le financement des projets d\u2019infrastructure au Canada. Le financement est r\u00e9parti sur 11 ans et se termine le 31 mars 2028. Depuis le 9 d\u00e9cembre 2021, le FNCC a lanc\u00e9 un nouvel appel de proposition : Accro\u00eetre la [&hellip;]\" \/>\n<meta property=\"og:url\" content=\"https:\/\/www.cargo-montreal.ca\/fr\/fonds-national-des-corridors-commerciaux-fncc-nouvel-appel-de-propositions\/\" \/>\n<meta property=\"og:site_name\" content=\"CargoM\" \/>\n<meta property=\"article:published_time\" content=\"2022-02-17T19:37:00+00:00\" \/>\n<meta property=\"article:modified_time\" content=\"2022-02-17T19:46:45+00:00\" \/>\n<meta property=\"og:image\" content=\"https:\/\/www.cargo-montreal.ca\/wp-content\/uploads\/2022\/02\/Image-FNCC.jpg\" \/>\n\t<meta property=\"og:image:width\" content=\"1295\" \/>\n\t<meta property=\"og:image:height\" content=\"744\" \/>\n\t<meta property=\"og:image:type\" content=\"image\/jpeg\" \/>\n<meta name=\"author\" content=\"Karine Dudognon\" \/>\n<meta name=\"twitter:card\" content=\"summary_large_image\" \/>\n<meta name=\"twitter:label1\" content=\"\u00c9crit par\" \/>\n\t<meta name=\"twitter:data1\" content=\"Karine Dudognon\" \/>\n\t<meta name=\"twitter:label2\" content=\"Dur\u00e9e de lecture estim\u00e9e\" \/>\n\t<meta name=\"twitter:data2\" content=\"1 minute\" \/>\n<script type=\"application\/ld+json\" class=\"yoast-schema-graph\">{\"@context\":\"https:\\\/\\\/schema.org\",\"@graph\":[{\"@type\":\"Article\",\"@id\":\"https:\\\/\\\/www.cargo-montreal.ca\\\/fr\\\/fonds-national-des-corridors-commerciaux-fncc-nouvel-appel-de-propositions\\\/#article\",\"isPartOf\":{\"@id\":\"https:\\\/\\\/www.cargo-montreal.ca\\\/fr\\\/fonds-national-des-corridors-commerciaux-fncc-nouvel-appel-de-propositions\\\/\"},\"author\":{\"name\":\"Karine Dudognon\",\"@id\":\"https:\\\/\\\/www.cargo-montreal.ca\\\/fr\\\/#\\\/schema\\\/person\\\/80476d173ce654813db9fd1533901365\"},\"headline\":\"Fonds national des corridors commerciaux (FNCC) \u2013 Nouvel appel de propositions\",\"datePublished\":\"2022-02-17T19:37:00+00:00\",\"dateModified\":\"2022-02-17T19:46:45+00:00\",\"mainEntityOfPage\":{\"@id\":\"https:\\\/\\\/www.cargo-montreal.ca\\\/fr\\\/fonds-national-des-corridors-commerciaux-fncc-nouvel-appel-de-propositions\\\/\"},\"wordCount\":132,\"image\":{\"@id\":\"https:\\\/\\\/www.cargo-montreal.ca\\\/fr\\\/fonds-national-des-corridors-commerciaux-fncc-nouvel-appel-de-propositions\\\/#primaryimage\"},\"thumbnailUrl\":\"https:\\\/\\\/www.cargo-montreal.ca\\\/wp-content\\\/uploads\\\/2022\\\/02\\\/Image-FNCC.jpg\",\"articleSection\":[\"Services logistiques\"],\"inLanguage\":\"fr-FR\"},{\"@type\":\"WebPage\",\"@id\":\"https:\\\/\\\/www.cargo-montreal.ca\\\/fr\\\/fonds-national-des-corridors-commerciaux-fncc-nouvel-appel-de-propositions\\\/\",\"url\":\"https:\\\/\\\/www.cargo-montreal.ca\\\/fr\\\/fonds-national-des-corridors-commerciaux-fncc-nouvel-appel-de-propositions\\\/\",\"name\":\"Fonds national des corridors commerciaux (FNCC) \u2013 Nouvel appel de propositions - CargoM\",\"isPartOf\":{\"@id\":\"https:\\\/\\\/www.cargo-montreal.ca\\\/fr\\\/#website\"},\"primaryImageOfPage\":{\"@id\":\"https:\\\/\\\/www.cargo-montreal.ca\\\/fr\\\/fonds-national-des-corridors-commerciaux-fncc-nouvel-appel-de-propositions\\\/#primaryimage\"},\"image\":{\"@id\":\"https:\\\/\\\/www.cargo-montreal.ca\\\/fr\\\/fonds-national-des-corridors-commerciaux-fncc-nouvel-appel-de-propositions\\\/#primaryimage\"},\"thumbnailUrl\":\"https:\\\/\\\/www.cargo-montreal.ca\\\/wp-content\\\/uploads\\\/2022\\\/02\\\/Image-FNCC.jpg\",\"datePublished\":\"2022-02-17T19:37:00+00:00\",\"dateModified\":\"2022-02-17T19:46:45+00:00\",\"author\":{\"@id\":\"https:\\\/\\\/www.cargo-montreal.ca\\\/fr\\\/#\\\/schema\\\/person\\\/80476d173ce654813db9fd1533901365\"},\"breadcrumb\":{\"@id\":\"https:\\\/\\\/www.cargo-montreal.ca\\\/fr\\\/fonds-national-des-corridors-commerciaux-fncc-nouvel-appel-de-propositions\\\/#breadcrumb\"},\"inLanguage\":\"fr-FR\",\"potentialAction\":[{\"@type\":\"ReadAction\",\"target\":[\"https:\\\/\\\/www.cargo-montreal.ca\\\/fr\\\/fonds-national-des-corridors-commerciaux-fncc-nouvel-appel-de-propositions\\\/\"]}]},{\"@type\":\"ImageObject\",\"inLanguage\":\"fr-FR\",\"@id\":\"https:\\\/\\\/www.cargo-montreal.ca\\\/fr\\\/fonds-national-des-corridors-commerciaux-fncc-nouvel-appel-de-propositions\\\/#primaryimage\",\"url\":\"https:\\\/\\\/www.cargo-montreal.ca\\\/wp-content\\\/uploads\\\/2022\\\/02\\\/Image-FNCC.jpg\",\"contentUrl\":\"https:\\\/\\\/www.cargo-montreal.ca\\\/wp-content\\\/uploads\\\/2022\\\/02\\\/Image-FNCC.jpg\",\"width\":1295,\"height\":744},{\"@type\":\"BreadcrumbList\",\"@id\":\"https:\\\/\\\/www.cargo-montreal.ca\\\/fr\\\/fonds-national-des-corridors-commerciaux-fncc-nouvel-appel-de-propositions\\\/#breadcrumb\",\"itemListElement\":[{\"@type\":\"ListItem\",\"position\":1,\"name\":\"Home\",\"item\":\"https:\\\/\\\/www.cargo-montreal.ca\\\/fr\\\/\"},{\"@type\":\"ListItem\",\"position\":2,\"name\":\"Fonds national des corridors commerciaux (FNCC) \u2013 Nouvel appel de propositions\"}]},{\"@type\":\"WebSite\",\"@id\":\"https:\\\/\\\/www.cargo-montreal.ca\\\/fr\\\/#website\",\"url\":\"https:\\\/\\\/www.cargo-montreal.ca\\\/fr\\\/\",\"name\":\"CargoM\",\"description\":\"La mission de CargoM: Rassembler les acteurs de la logistique &amp; du transport de marchandises du Grand Montr\u00e9al autour d&#039;objectifs communs, d&#039;actions concert\u00e9es\",\"potentialAction\":[{\"@type\":\"SearchAction\",\"target\":{\"@type\":\"EntryPoint\",\"urlTemplate\":\"https:\\\/\\\/www.cargo-montreal.ca\\\/fr\\\/?s={search_term_string}\"},\"query-input\":{\"@type\":\"PropertyValueSpecification\",\"valueRequired\":true,\"valueName\":\"search_term_string\"}}],\"inLanguage\":\"fr-FR\"},{\"@type\":\"Person\",\"@id\":\"https:\\\/\\\/www.cargo-montreal.ca\\\/fr\\\/#\\\/schema\\\/person\\\/80476d173ce654813db9fd1533901365\",\"name\":\"Karine Dudognon\",\"image\":{\"@type\":\"ImageObject\",\"inLanguage\":\"fr-FR\",\"@id\":\"https:\\\/\\\/secure.gravatar.com\\\/avatar\\\/673bdfb703a9b6685a88bc7dfb04a9ea2b48b30e9d1663a5e759a4e9bfa3e2c0?s=96&d=mm&r=g\",\"url\":\"https:\\\/\\\/secure.gravatar.com\\\/avatar\\\/673bdfb703a9b6685a88bc7dfb04a9ea2b48b30e9d1663a5e759a4e9bfa3e2c0?s=96&d=mm&r=g\",\"contentUrl\":\"https:\\\/\\\/secure.gravatar.com\\\/avatar\\\/673bdfb703a9b6685a88bc7dfb04a9ea2b48b30e9d1663a5e759a4e9bfa3e2c0?s=96&d=mm&r=g\",\"caption\":\"Karine Dudognon\"},\"url\":\"https:\\\/\\\/www.cargo-montreal.ca\\\/fr\\\/author\\\/karine\\\/\"}]}<\/script>\n<!-- \/ Yoast SEO plugin. -->","yoast_head_json":{"title":"Fonds national des corridors commerciaux (FNCC) \u2013 Nouvel appel de propositions - CargoM","robots":{"index":"index","follow":"follow","max-snippet":"max-snippet:-1","max-image-preview":"max-image-preview:large","max-video-preview":"max-video-preview:-1"},"canonical":"https:\/\/www.cargo-montreal.ca\/fr\/fonds-national-des-corridors-commerciaux-fncc-nouvel-appel-de-propositions\/","og_locale":"fr_FR","og_type":"article","og_title":"Fonds national des corridors commerciaux (FNCC) \u2013 Nouvel appel de propositions - CargoM","og_description":"Le Fonds national des corridors commerciaux (FNCC) est un fonds de 4,2 milliards de dollars pour aider le financement des projets d\u2019infrastructure au Canada. Le financement est r\u00e9parti sur 11 ans et se termine le 31 mars 2028. Depuis le 9 d\u00e9cembre 2021, le FNCC a lanc\u00e9 un nouvel appel de proposition : Accro\u00eetre la [&hellip;]","og_url":"https:\/\/www.cargo-montreal.ca\/fr\/fonds-national-des-corridors-commerciaux-fncc-nouvel-appel-de-propositions\/","og_site_name":"CargoM","article_published_time":"2022-02-17T19:37:00+00:00","article_modified_time":"2022-02-17T19:46:45+00:00","og_image":[{"width":1295,"height":744,"url":"https:\/\/www.cargo-montreal.ca\/wp-content\/uploads\/2022\/02\/Image-FNCC.jpg","type":"image\/jpeg"}],"author":"Karine Dudognon","twitter_card":"summary_large_image","twitter_misc":{"\u00c9crit par":"Karine Dudognon","Dur\u00e9e de lecture estim\u00e9e":"1 minute"},"schema":{"@context":"https:\/\/schema.org","@graph":[{"@type":"Article","@id":"https:\/\/www.cargo-montreal.ca\/fr\/fonds-national-des-corridors-commerciaux-fncc-nouvel-appel-de-propositions\/#article","isPartOf":{"@id":"https:\/\/www.cargo-montreal.ca\/fr\/fonds-national-des-corridors-commerciaux-fncc-nouvel-appel-de-propositions\/"},"author":{"name":"Karine Dudognon","@id":"https:\/\/www.cargo-montreal.ca\/fr\/#\/schema\/person\/80476d173ce654813db9fd1533901365"},"headline":"Fonds national des corridors commerciaux (FNCC) \u2013 Nouvel appel de propositions","datePublished":"2022-02-17T19:37:00+00:00","dateModified":"2022-02-17T19:46:45+00:00","mainEntityOfPage":{"@id":"https:\/\/www.cargo-montreal.ca\/fr\/fonds-national-des-corridors-commerciaux-fncc-nouvel-appel-de-propositions\/"},"wordCount":132,"image":{"@id":"https:\/\/www.cargo-montreal.ca\/fr\/fonds-national-des-corridors-commerciaux-fncc-nouvel-appel-de-propositions\/#primaryimage"},"thumbnailUrl":"https:\/\/www.cargo-montreal.ca\/wp-content\/uploads\/2022\/02\/Image-FNCC.jpg","articleSection":["Services logistiques"],"inLanguage":"fr-FR"},{"@type":"WebPage","@id":"https:\/\/www.cargo-montreal.ca\/fr\/fonds-national-des-corridors-commerciaux-fncc-nouvel-appel-de-propositions\/","url":"https:\/\/www.cargo-montreal.ca\/fr\/fonds-national-des-corridors-commerciaux-fncc-nouvel-appel-de-propositions\/","name":"Fonds national des corridors commerciaux (FNCC) \u2013 Nouvel appel de propositions - CargoM","isPartOf":{"@id":"https:\/\/www.cargo-montreal.ca\/fr\/#website"},"primaryImageOfPage":{"@id":"https:\/\/www.cargo-montreal.ca\/fr\/fonds-national-des-corridors-commerciaux-fncc-nouvel-appel-de-propositions\/#primaryimage"},"image":{"@id":"https:\/\/www.cargo-montreal.ca\/fr\/fonds-national-des-corridors-commerciaux-fncc-nouvel-appel-de-propositions\/#primaryimage"},"thumbnailUrl":"https:\/\/www.cargo-montreal.ca\/wp-content\/uploads\/2022\/02\/Image-FNCC.jpg","datePublished":"2022-02-17T19:37:00+00:00","dateModified":"2022-02-17T19:46:45+00:00","author":{"@id":"https:\/\/www.cargo-montreal.ca\/fr\/#\/schema\/person\/80476d173ce654813db9fd1533901365"},"breadcrumb":{"@id":"https:\/\/www.cargo-montreal.ca\/fr\/fonds-national-des-corridors-commerciaux-fncc-nouvel-appel-de-propositions\/#breadcrumb"},"inLanguage":"fr-FR","potentialAction":[{"@type":"ReadAction","target":["https:\/\/www.cargo-montreal.ca\/fr\/fonds-national-des-corridors-commerciaux-fncc-nouvel-appel-de-propositions\/"]}]},{"@type":"ImageObject","inLanguage":"fr-FR","@id":"https:\/\/www.cargo-montreal.ca\/fr\/fonds-national-des-corridors-commerciaux-fncc-nouvel-appel-de-propositions\/#primaryimage","url":"https:\/\/www.cargo-montreal.ca\/wp-content\/uploads\/2022\/02\/Image-FNCC.jpg","contentUrl":"https:\/\/www.cargo-montreal.ca\/wp-content\/uploads\/2022\/02\/Image-FNCC.jpg","width":1295,"height":744},{"@type":"BreadcrumbList","@id":"https:\/\/www.cargo-montreal.ca\/fr\/fonds-national-des-corridors-commerciaux-fncc-nouvel-appel-de-propositions\/#breadcrumb","itemListElement":[{"@type":"ListItem","position":1,"name":"Home","item":"https:\/\/www.cargo-montreal.ca\/fr\/"},{"@type":"ListItem","position":2,"name":"Fonds national des corridors commerciaux (FNCC) \u2013 Nouvel appel de propositions"}]},{"@type":"WebSite","@id":"https:\/\/www.cargo-montreal.ca\/fr\/#website","url":"https:\/\/www.cargo-montreal.ca\/fr\/","name":"CargoM","description":"La mission de CargoM: Rassembler les acteurs de la logistique &amp; du transport de marchandises du Grand Montr\u00e9al autour d&#039;objectifs communs, d&#039;actions concert\u00e9es","potentialAction":[{"@type":"SearchAction","target":{"@type":"EntryPoint","urlTemplate":"https:\/\/www.cargo-montreal.ca\/fr\/?s={search_term_string}"},"query-input":{"@type":"PropertyValueSpecification","valueRequired":true,"valueName":"search_term_string"}}],"inLanguage":"fr-FR"},{"@type":"Person","@id":"https:\/\/www.cargo-montreal.ca\/fr\/#\/schema\/person\/80476d173ce654813db9fd1533901365","name":"Karine Dudognon","image":{"@type":"ImageObject","inLanguage":"fr-FR","@id":"https:\/\/secure.gravatar.com\/avatar\/673bdfb703a9b6685a88bc7dfb04a9ea2b48b30e9d1663a5e759a4e9bfa3e2c0?s=96&d=mm&r=g","url":"https:\/\/secure.gravatar.com\/avatar\/673bdfb703a9b6685a88bc7dfb04a9ea2b48b30e9d1663a5e759a4e9bfa3e2c0?s=96&d=mm&r=g","contentUrl":"https:\/\/secure.gravatar.com\/avatar\/673bdfb703a9b6685a88bc7dfb04a9ea2b48b30e9d1663a5e759a4e9bfa3e2c0?s=96&d=mm&r=g","caption":"Karine Dudognon"},"url":"https:\/\/www.cargo-montreal.ca\/fr\/author\/karine\/"}]}},"_links":{"self":[{"href":"https:\/\/www.cargo-montreal.ca\/fr\/wp-json\/wp\/v2\/posts\/12889","targetHints":{"allow":["GET"]}}],"collection":[{"href":"https:\/\/www.cargo-montreal.ca\/fr\/wp-json\/wp\/v2\/posts"}],"about":[{"href":"https:\/\/www.cargo-montreal.ca\/fr\/wp-json\/wp\/v2\/types\/post"}],"author":[{"embeddable":true,"href":"https:\/\/www.cargo-montreal.ca\/fr\/wp-json\/wp\/v2\/users\/39"}],"replies":[{"embeddable":true,"href":"https:\/\/www.cargo-montreal.ca\/fr\/wp-json\/wp\/v2\/comments?post=12889"}],"version-history":[{"count":1,"href":"https:\/\/www.cargo-montreal.ca\/fr\/wp-json\/wp\/v2\/posts\/12889\/revisions"}],"predecessor-version":[{"id":12890,"href":"https:\/\/www.cargo-montreal.ca\/fr\/wp-json\/wp\/v2\/posts\/12889\/revisions\/12890"}],"wp:featuredmedia":[{"embeddable":true,"href":"https:\/\/www.cargo-montreal.ca\/fr\/wp-json\/wp\/v2\/media\/12857"}],"wp:attachment":[{"href":"https:\/\/www.cargo-montreal.ca\/fr\/wp-json\/wp\/v2\/media?parent=12889"}],"wp:term":[{"taxonomy":"category","embeddable":true,"href":"https:\/\/www.cargo-montreal.ca\/fr\/wp-json\/wp\/v2\/categories?post=12889"},{"taxonomy":"post_tag","embeddable":true,"href":"https:\/\/www.cargo-montreal.ca\/fr\/wp-json\/wp\/v2\/tags?post=12889"}],"curies":[{"name":"wp","href":"https:\/\/api.w.org\/{rel}","templated":true}]}}