{"id":12891,"date":"2022-02-17T19:47:45","date_gmt":"2022-02-17T19:47:45","guid":{"rendered":"https:\/\/www.cargo-montreal.ca\/?p=12891"},"modified":"2022-02-17T19:47:45","modified_gmt":"2022-02-17T19:47:45","slug":"le-cn-a-annonce-la-nomination-de-mme-tracy-robinson-au-poste-de-presidente-directrice-generale","status":"publish","type":"post","link":"https:\/\/www.cargo-montreal.ca\/fr\/le-cn-a-annonce-la-nomination-de-mme-tracy-robinson-au-poste-de-presidente-directrice-generale\/","title":{"rendered":"Le CN a annonc\u00e9 la nomination de Mme Tracy Robinson au poste de pr\u00e9sidente directrice g\u00e9n\u00e9rale"},"content":{"rendered":"Le\u00a0<a href=\"https:\/\/info.cargo-montreal.ca\/e3t\/Btc\/ZU+113\/d11nbd04\/VWw-JT6SszQNW53Kq-n2Cfg4CW3rtmkr4FG7sXN8mSy493lLzNV1-WJV7CgRFHW1NdfQn36Rgg5W2nxLVX3Bkmz_W908JSr6gsxKNW7Bbk_N3p4jWzMFt_cv1Zr1FW5mbH_q8f-jlzW28Qj9Y5qBR1mW3kT85M893Dv1VJfhBj7Yy9dCW4DGJ-69hgPRZVVg8sC69DXycW2mgF1D9knP3hW6zdLh_35NpW7W3s3ZL02vbQy5W8s4sD727Sx32W53sMBS4kj5dxW2bm38T7NRK5jW9lqp4x9kSzmm34-f1\" target=\"_blank\" rel=\"noopener\" data-saferedirecturl=\"https:\/\/www.google.com\/url?hl=fr-CA&amp;q=https:\/\/info.cargo-montreal.ca\/e3t\/Btc\/ZU%2B113\/d11nbd04\/VWw-JT6SszQNW53Kq-n2Cfg4CW3rtmkr4FG7sXN8mSy493lLzNV1-WJV7CgRFHW1NdfQn36Rgg5W2nxLVX3Bkmz_W908JSr6gsxKNW7Bbk_N3p4jWzMFt_cv1Zr1FW5mbH_q8f-jlzW28Qj9Y5qBR1mW3kT85M893Dv1VJfhBj7Yy9dCW4DGJ-69hgPRZVVg8sC69DXycW2mgF1D9knP3hW6zdLh_35NpW7W3s3ZL02vbQy5W8s4sD727Sx32W53sMBS4kj5dxW2bm38T7NRK5jW9lqp4x9kSzmm34-f1&amp;source=gmail&amp;ust=1645213015377000&amp;usg=AOvVaw2mYJ8X_km9shHRHx3Z0GSv\">CN<\/a>\u00a0a annonc\u00e9 le 25 janvier dernier la nomination de Mme Tracy Robinson \u00e0 titre de pr\u00e9sidente-directrice g\u00e9n\u00e9rale et de membre de son conseil d\u2019administration, avec prise d\u2019effet le 28 f\u00e9vrier 2022.\r\n<p align=\"justify\">Avant se joindre au CN, Mme Robinson travaillait au sein de Corporation TC \u00c9nergie et, auparavant, elle a pass\u00e9 pr\u00e8s de 30 ans au sein du Canadien Pacifique. Elle est une dirigeante d\u2019entreprises ouvertes chevronn\u00e9e et respect\u00e9e qui compte plus de 35 ans d\u2019exp\u00e9rience dans la gestion des op\u00e9rations, l\u2019\u00e9laboration de strat\u00e9gies et l\u2019ex\u00e9cution de projets, exp\u00e9rience qu\u2019elle pourra mettre \u00e0 profit pour stimuler la croissance et la rentabilit\u00e9 du CN.<\/p>\r\nPour en savoir plus, lisez le\u00a0<a href=\"https:\/\/info.cargo-montreal.ca\/e3t\/Btc\/ZU+113\/d11nbd04\/VWw-JT6SszQNW53Kq-n2Cfg4CW3rtmkr4FG7sXN8mSy5G3lLCfV1-WJV7CgDG3W67tYjM42D-F0W91Qj-_1kyZ2cW61ZD0Q5cYnk0W7MpjX61MlXS_W6TDT-Q3g5HJZVPKshR7xcQjkW2tNftm1vmzpzW7zKr4h6_Rkp_W7rxsyL3MfRLTW5JZBg86sjls1N1GYQKW8zPS9W4NYmCd7xfJkJW98LZgw4Z93FsW58Z0V-1GrBJXW2jqXcN7ttNdbW1NpsBg5bp2mqW3_l7H_1lyV0cW33K-pb2LkXfyN8p-22GGRjF-W5xckN33pjYvvN6TCJ77VslLXW9hFlrP5wt3L6W8XsJR-3Px-_MVlyz8j40Z6FZW28c2S-8KtmjJW2Dv3MY2j3xfxW8VqPNB1Vw7RgW5ZKQCc3kQS_w3hDY1\" target=\"_blank\" rel=\"noopener\" data-saferedirecturl=\"https:\/\/www.google.com\/url?hl=fr-CA&amp;q=https:\/\/info.cargo-montreal.ca\/e3t\/Btc\/ZU%2B113\/d11nbd04\/VWw-JT6SszQNW53Kq-n2Cfg4CW3rtmkr4FG7sXN8mSy5G3lLCfV1-WJV7CgDG3W67tYjM42D-F0W91Qj-_1kyZ2cW61ZD0Q5cYnk0W7MpjX61MlXS_W6TDT-Q3g5HJZVPKshR7xcQjkW2tNftm1vmzpzW7zKr4h6_Rkp_W7rxsyL3MfRLTW5JZBg86sjls1N1GYQKW8zPS9W4NYmCd7xfJkJW98LZgw4Z93FsW58Z0V-1GrBJXW2jqXcN7ttNdbW1NpsBg5bp2mqW3_l7H_1lyV0cW33K-pb2LkXfyN8p-22GGRjF-W5xckN33pjYvvN6TCJ77VslLXW9hFlrP5wt3L6W8XsJR-3Px-_MVlyz8j40Z6FZW28c2S-8KtmjJW2Dv3MY2j3xfxW8VqPNB1Vw7RgW5ZKQCc3kQS_w3hDY1&amp;source=gmail&amp;ust=1645213015377000&amp;usg=AOvVaw2qarT5r4Jvk1_6QM-bUj3j\">communiqu\u00e9 de presse<\/a>.\r\n\r\n<em>Source\u00a0: Canadien National<\/em>","protected":false},"excerpt":{"rendered":"Le\u00a0CN\u00a0a annonc\u00e9 le 25 janvier dernier la nomination de Mme Tracy Robinson \u00e0 titre de pr\u00e9sidente-directrice g\u00e9n\u00e9rale et de membre de son conseil d\u2019administration, avec prise d\u2019effet le 28 f\u00e9vrier 2022. Avant se joindre au CN, Mme Robinson travaillait au sein de Corporation TC \u00c9nergie et, auparavant, elle a pass\u00e9 pr\u00e8s de 30 ans au [&hellip;]","protected":false},"author":39,"featured_media":12841,"comment_status":"closed","ping_status":"closed","sticky":false,"template":"","format":"standard","meta":{"_acf_changed":false,"footnotes":""},"categories":[20],"tags":[],"class_list":["post-12891","post","type-post","status-publish","format-standard","has-post-thumbnail","hentry","category-services-logistiques"],"acf":[],"yoast_head":"<!-- This site is optimized with the Yoast SEO plugin v27.3 - https:\/\/yoast.com\/product\/yoast-seo-wordpress\/ -->\n<title>Le CN a annonc\u00e9 la nomination de Mme Tracy Robinson au poste de pr\u00e9sidente directrice g\u00e9n\u00e9rale - CargoM<\/title>\n<meta name=\"robots\" content=\"index, follow, max-snippet:-1, max-image-preview:large, max-video-preview:-1\" \/>\n<link rel=\"canonical\" href=\"https:\/\/www.cargo-montreal.ca\/fr\/le-cn-a-annonce-la-nomination-de-mme-tracy-robinson-au-poste-de-presidente-directrice-generale\/\" \/>\n<meta property=\"og:locale\" content=\"fr_FR\" \/>\n<meta property=\"og:type\" content=\"article\" \/>\n<meta property=\"og:title\" content=\"Le CN a annonc\u00e9 la nomination de Mme Tracy Robinson au poste de pr\u00e9sidente directrice g\u00e9n\u00e9rale - CargoM\" \/>\n<meta property=\"og:description\" content=\"Le\u00a0CN\u00a0a annonc\u00e9 le 25 janvier dernier la nomination de Mme Tracy Robinson \u00e0 titre de pr\u00e9sidente-directrice g\u00e9n\u00e9rale et de membre de son conseil d\u2019administration, avec prise d\u2019effet le 28 f\u00e9vrier 2022. Avant se joindre au CN, Mme Robinson travaillait au sein de Corporation TC \u00c9nergie et, auparavant, elle a pass\u00e9 pr\u00e8s de 30 ans au [&hellip;]\" \/>\n<meta property=\"og:url\" content=\"https:\/\/www.cargo-montreal.ca\/fr\/le-cn-a-annonce-la-nomination-de-mme-tracy-robinson-au-poste-de-presidente-directrice-generale\/\" \/>\n<meta property=\"og:site_name\" content=\"CargoM\" \/>\n<meta property=\"article:published_time\" content=\"2022-02-17T19:47:45+00:00\" \/>\n<meta property=\"og:image\" content=\"https:\/\/www.cargo-montreal.ca\/wp-content\/uploads\/2022\/02\/CN-Tracy_Robinson.jpg\" \/>\n\t<meta property=\"og:image:width\" content=\"1200\" \/>\n\t<meta property=\"og:image:height\" content=\"627\" \/>\n\t<meta property=\"og:image:type\" content=\"image\/jpeg\" \/>\n<meta name=\"author\" content=\"Karine Dudognon\" \/>\n<meta name=\"twitter:card\" content=\"summary_large_image\" \/>\n<meta name=\"twitter:label1\" content=\"\u00c9crit par\" \/>\n\t<meta name=\"twitter:data1\" content=\"Karine Dudognon\" \/>\n\t<meta name=\"twitter:label2\" content=\"Dur\u00e9e de lecture estim\u00e9e\" \/>\n\t<meta name=\"twitter:data2\" content=\"1 minute\" \/>\n<script type=\"application\/ld+json\" class=\"yoast-schema-graph\">{\"@context\":\"https:\\\/\\\/schema.org\",\"@graph\":[{\"@type\":\"Article\",\"@id\":\"https:\\\/\\\/www.cargo-montreal.ca\\\/fr\\\/le-cn-a-annonce-la-nomination-de-mme-tracy-robinson-au-poste-de-presidente-directrice-generale\\\/#article\",\"isPartOf\":{\"@id\":\"https:\\\/\\\/www.cargo-montreal.ca\\\/fr\\\/le-cn-a-annonce-la-nomination-de-mme-tracy-robinson-au-poste-de-presidente-directrice-generale\\\/\"},\"author\":{\"name\":\"Karine Dudognon\",\"@id\":\"https:\\\/\\\/www.cargo-montreal.ca\\\/fr\\\/#\\\/schema\\\/person\\\/80476d173ce654813db9fd1533901365\"},\"headline\":\"Le CN a annonc\u00e9 la nomination de Mme Tracy Robinson au poste de pr\u00e9sidente directrice g\u00e9n\u00e9rale\",\"datePublished\":\"2022-02-17T19:47:45+00:00\",\"mainEntityOfPage\":{\"@id\":\"https:\\\/\\\/www.cargo-montreal.ca\\\/fr\\\/le-cn-a-annonce-la-nomination-de-mme-tracy-robinson-au-poste-de-presidente-directrice-generale\\\/\"},\"wordCount\":147,\"image\":{\"@id\":\"https:\\\/\\\/www.cargo-montreal.ca\\\/fr\\\/le-cn-a-annonce-la-nomination-de-mme-tracy-robinson-au-poste-de-presidente-directrice-generale\\\/#primaryimage\"},\"thumbnailUrl\":\"https:\\\/\\\/www.cargo-montreal.ca\\\/wp-content\\\/uploads\\\/2022\\\/02\\\/CN-Tracy_Robinson.jpg\",\"articleSection\":[\"Services logistiques\"],\"inLanguage\":\"fr-FR\"},{\"@type\":\"WebPage\",\"@id\":\"https:\\\/\\\/www.cargo-montreal.ca\\\/fr\\\/le-cn-a-annonce-la-nomination-de-mme-tracy-robinson-au-poste-de-presidente-directrice-generale\\\/\",\"url\":\"https:\\\/\\\/www.cargo-montreal.ca\\\/fr\\\/le-cn-a-annonce-la-nomination-de-mme-tracy-robinson-au-poste-de-presidente-directrice-generale\\\/\",\"name\":\"Le CN a annonc\u00e9 la nomination de Mme Tracy Robinson au poste de pr\u00e9sidente directrice g\u00e9n\u00e9rale - CargoM\",\"isPartOf\":{\"@id\":\"https:\\\/\\\/www.cargo-montreal.ca\\\/fr\\\/#website\"},\"primaryImageOfPage\":{\"@id\":\"https:\\\/\\\/www.cargo-montreal.ca\\\/fr\\\/le-cn-a-annonce-la-nomination-de-mme-tracy-robinson-au-poste-de-presidente-directrice-generale\\\/#primaryimage\"},\"image\":{\"@id\":\"https:\\\/\\\/www.cargo-montreal.ca\\\/fr\\\/le-cn-a-annonce-la-nomination-de-mme-tracy-robinson-au-poste-de-presidente-directrice-generale\\\/#primaryimage\"},\"thumbnailUrl\":\"https:\\\/\\\/www.cargo-montreal.ca\\\/wp-content\\\/uploads\\\/2022\\\/02\\\/CN-Tracy_Robinson.jpg\",\"datePublished\":\"2022-02-17T19:47:45+00:00\",\"author\":{\"@id\":\"https:\\\/\\\/www.cargo-montreal.ca\\\/fr\\\/#\\\/schema\\\/person\\\/80476d173ce654813db9fd1533901365\"},\"breadcrumb\":{\"@id\":\"https:\\\/\\\/www.cargo-montreal.ca\\\/fr\\\/le-cn-a-annonce-la-nomination-de-mme-tracy-robinson-au-poste-de-presidente-directrice-generale\\\/#breadcrumb\"},\"inLanguage\":\"fr-FR\",\"potentialAction\":[{\"@type\":\"ReadAction\",\"target\":[\"https:\\\/\\\/www.cargo-montreal.ca\\\/fr\\\/le-cn-a-annonce-la-nomination-de-mme-tracy-robinson-au-poste-de-presidente-directrice-generale\\\/\"]}]},{\"@type\":\"ImageObject\",\"inLanguage\":\"fr-FR\",\"@id\":\"https:\\\/\\\/www.cargo-montreal.ca\\\/fr\\\/le-cn-a-annonce-la-nomination-de-mme-tracy-robinson-au-poste-de-presidente-directrice-generale\\\/#primaryimage\",\"url\":\"https:\\\/\\\/www.cargo-montreal.ca\\\/wp-content\\\/uploads\\\/2022\\\/02\\\/CN-Tracy_Robinson.jpg\",\"contentUrl\":\"https:\\\/\\\/www.cargo-montreal.ca\\\/wp-content\\\/uploads\\\/2022\\\/02\\\/CN-Tracy_Robinson.jpg\",\"width\":1200,\"height\":627},{\"@type\":\"BreadcrumbList\",\"@id\":\"https:\\\/\\\/www.cargo-montreal.ca\\\/fr\\\/le-cn-a-annonce-la-nomination-de-mme-tracy-robinson-au-poste-de-presidente-directrice-generale\\\/#breadcrumb\",\"itemListElement\":[{\"@type\":\"ListItem\",\"position\":1,\"name\":\"Home\",\"item\":\"https:\\\/\\\/www.cargo-montreal.ca\\\/fr\\\/\"},{\"@type\":\"ListItem\",\"position\":2,\"name\":\"Le CN a annonc\u00e9 la nomination de Mme Tracy Robinson au poste de pr\u00e9sidente directrice g\u00e9n\u00e9rale\"}]},{\"@type\":\"WebSite\",\"@id\":\"https:\\\/\\\/www.cargo-montreal.ca\\\/fr\\\/#website\",\"url\":\"https:\\\/\\\/www.cargo-montreal.ca\\\/fr\\\/\",\"name\":\"CargoM\",\"description\":\"La mission de CargoM: Rassembler les acteurs de la logistique &amp; du transport de marchandises du Grand Montr\u00e9al autour d&#039;objectifs communs, d&#039;actions concert\u00e9es\",\"potentialAction\":[{\"@type\":\"SearchAction\",\"target\":{\"@type\":\"EntryPoint\",\"urlTemplate\":\"https:\\\/\\\/www.cargo-montreal.ca\\\/fr\\\/?s={search_term_string}\"},\"query-input\":{\"@type\":\"PropertyValueSpecification\",\"valueRequired\":true,\"valueName\":\"search_term_string\"}}],\"inLanguage\":\"fr-FR\"},{\"@type\":\"Person\",\"@id\":\"https:\\\/\\\/www.cargo-montreal.ca\\\/fr\\\/#\\\/schema\\\/person\\\/80476d173ce654813db9fd1533901365\",\"name\":\"Karine Dudognon\",\"image\":{\"@type\":\"ImageObject\",\"inLanguage\":\"fr-FR\",\"@id\":\"https:\\\/\\\/secure.gravatar.com\\\/avatar\\\/673bdfb703a9b6685a88bc7dfb04a9ea2b48b30e9d1663a5e759a4e9bfa3e2c0?s=96&d=mm&r=g\",\"url\":\"https:\\\/\\\/secure.gravatar.com\\\/avatar\\\/673bdfb703a9b6685a88bc7dfb04a9ea2b48b30e9d1663a5e759a4e9bfa3e2c0?s=96&d=mm&r=g\",\"contentUrl\":\"https:\\\/\\\/secure.gravatar.com\\\/avatar\\\/673bdfb703a9b6685a88bc7dfb04a9ea2b48b30e9d1663a5e759a4e9bfa3e2c0?s=96&d=mm&r=g\",\"caption\":\"Karine Dudognon\"},\"url\":\"https:\\\/\\\/www.cargo-montreal.ca\\\/fr\\\/author\\\/karine\\\/\"}]}<\/script>\n<!-- \/ Yoast SEO plugin. -->","yoast_head_json":{"title":"Le CN a annonc\u00e9 la nomination de Mme Tracy Robinson au poste de pr\u00e9sidente directrice g\u00e9n\u00e9rale - CargoM","robots":{"index":"index","follow":"follow","max-snippet":"max-snippet:-1","max-image-preview":"max-image-preview:large","max-video-preview":"max-video-preview:-1"},"canonical":"https:\/\/www.cargo-montreal.ca\/fr\/le-cn-a-annonce-la-nomination-de-mme-tracy-robinson-au-poste-de-presidente-directrice-generale\/","og_locale":"fr_FR","og_type":"article","og_title":"Le CN a annonc\u00e9 la nomination de Mme Tracy Robinson au poste de pr\u00e9sidente directrice g\u00e9n\u00e9rale - CargoM","og_description":"Le\u00a0CN\u00a0a annonc\u00e9 le 25 janvier dernier la nomination de Mme Tracy Robinson \u00e0 titre de pr\u00e9sidente-directrice g\u00e9n\u00e9rale et de membre de son conseil d\u2019administration, avec prise d\u2019effet le 28 f\u00e9vrier 2022. Avant se joindre au CN, Mme Robinson travaillait au sein de Corporation TC \u00c9nergie et, auparavant, elle a pass\u00e9 pr\u00e8s de 30 ans au [&hellip;]","og_url":"https:\/\/www.cargo-montreal.ca\/fr\/le-cn-a-annonce-la-nomination-de-mme-tracy-robinson-au-poste-de-presidente-directrice-generale\/","og_site_name":"CargoM","article_published_time":"2022-02-17T19:47:45+00:00","og_image":[{"width":1200,"height":627,"url":"https:\/\/www.cargo-montreal.ca\/wp-content\/uploads\/2022\/02\/CN-Tracy_Robinson.jpg","type":"image\/jpeg"}],"author":"Karine Dudognon","twitter_card":"summary_large_image","twitter_misc":{"\u00c9crit par":"Karine Dudognon","Dur\u00e9e de lecture estim\u00e9e":"1 minute"},"schema":{"@context":"https:\/\/schema.org","@graph":[{"@type":"Article","@id":"https:\/\/www.cargo-montreal.ca\/fr\/le-cn-a-annonce-la-nomination-de-mme-tracy-robinson-au-poste-de-presidente-directrice-generale\/#article","isPartOf":{"@id":"https:\/\/www.cargo-montreal.ca\/fr\/le-cn-a-annonce-la-nomination-de-mme-tracy-robinson-au-poste-de-presidente-directrice-generale\/"},"author":{"name":"Karine Dudognon","@id":"https:\/\/www.cargo-montreal.ca\/fr\/#\/schema\/person\/80476d173ce654813db9fd1533901365"},"headline":"Le CN a annonc\u00e9 la nomination de Mme Tracy Robinson au poste de pr\u00e9sidente directrice g\u00e9n\u00e9rale","datePublished":"2022-02-17T19:47:45+00:00","mainEntityOfPage":{"@id":"https:\/\/www.cargo-montreal.ca\/fr\/le-cn-a-annonce-la-nomination-de-mme-tracy-robinson-au-poste-de-presidente-directrice-generale\/"},"wordCount":147,"image":{"@id":"https:\/\/www.cargo-montreal.ca\/fr\/le-cn-a-annonce-la-nomination-de-mme-tracy-robinson-au-poste-de-presidente-directrice-generale\/#primaryimage"},"thumbnailUrl":"https:\/\/www.cargo-montreal.ca\/wp-content\/uploads\/2022\/02\/CN-Tracy_Robinson.jpg","articleSection":["Services logistiques"],"inLanguage":"fr-FR"},{"@type":"WebPage","@id":"https:\/\/www.cargo-montreal.ca\/fr\/le-cn-a-annonce-la-nomination-de-mme-tracy-robinson-au-poste-de-presidente-directrice-generale\/","url":"https:\/\/www.cargo-montreal.ca\/fr\/le-cn-a-annonce-la-nomination-de-mme-tracy-robinson-au-poste-de-presidente-directrice-generale\/","name":"Le CN a annonc\u00e9 la nomination de Mme Tracy Robinson au poste de pr\u00e9sidente directrice g\u00e9n\u00e9rale - CargoM","isPartOf":{"@id":"https:\/\/www.cargo-montreal.ca\/fr\/#website"},"primaryImageOfPage":{"@id":"https:\/\/www.cargo-montreal.ca\/fr\/le-cn-a-annonce-la-nomination-de-mme-tracy-robinson-au-poste-de-presidente-directrice-generale\/#primaryimage"},"image":{"@id":"https:\/\/www.cargo-montreal.ca\/fr\/le-cn-a-annonce-la-nomination-de-mme-tracy-robinson-au-poste-de-presidente-directrice-generale\/#primaryimage"},"thumbnailUrl":"https:\/\/www.cargo-montreal.ca\/wp-content\/uploads\/2022\/02\/CN-Tracy_Robinson.jpg","datePublished":"2022-02-17T19:47:45+00:00","author":{"@id":"https:\/\/www.cargo-montreal.ca\/fr\/#\/schema\/person\/80476d173ce654813db9fd1533901365"},"breadcrumb":{"@id":"https:\/\/www.cargo-montreal.ca\/fr\/le-cn-a-annonce-la-nomination-de-mme-tracy-robinson-au-poste-de-presidente-directrice-generale\/#breadcrumb"},"inLanguage":"fr-FR","potentialAction":[{"@type":"ReadAction","target":["https:\/\/www.cargo-montreal.ca\/fr\/le-cn-a-annonce-la-nomination-de-mme-tracy-robinson-au-poste-de-presidente-directrice-generale\/"]}]},{"@type":"ImageObject","inLanguage":"fr-FR","@id":"https:\/\/www.cargo-montreal.ca\/fr\/le-cn-a-annonce-la-nomination-de-mme-tracy-robinson-au-poste-de-presidente-directrice-generale\/#primaryimage","url":"https:\/\/www.cargo-montreal.ca\/wp-content\/uploads\/2022\/02\/CN-Tracy_Robinson.jpg","contentUrl":"https:\/\/www.cargo-montreal.ca\/wp-content\/uploads\/2022\/02\/CN-Tracy_Robinson.jpg","width":1200,"height":627},{"@type":"BreadcrumbList","@id":"https:\/\/www.cargo-montreal.ca\/fr\/le-cn-a-annonce-la-nomination-de-mme-tracy-robinson-au-poste-de-presidente-directrice-generale\/#breadcrumb","itemListElement":[{"@type":"ListItem","position":1,"name":"Home","item":"https:\/\/www.cargo-montreal.ca\/fr\/"},{"@type":"ListItem","position":2,"name":"Le CN a annonc\u00e9 la nomination de Mme Tracy Robinson au poste de pr\u00e9sidente directrice g\u00e9n\u00e9rale"}]},{"@type":"WebSite","@id":"https:\/\/www.cargo-montreal.ca\/fr\/#website","url":"https:\/\/www.cargo-montreal.ca\/fr\/","name":"CargoM","description":"La mission de CargoM: Rassembler les acteurs de la logistique &amp; du transport de marchandises du Grand Montr\u00e9al autour d&#039;objectifs communs, d&#039;actions concert\u00e9es","potentialAction":[{"@type":"SearchAction","target":{"@type":"EntryPoint","urlTemplate":"https:\/\/www.cargo-montreal.ca\/fr\/?s={search_term_string}"},"query-input":{"@type":"PropertyValueSpecification","valueRequired":true,"valueName":"search_term_string"}}],"inLanguage":"fr-FR"},{"@type":"Person","@id":"https:\/\/www.cargo-montreal.ca\/fr\/#\/schema\/person\/80476d173ce654813db9fd1533901365","name":"Karine Dudognon","image":{"@type":"ImageObject","inLanguage":"fr-FR","@id":"https:\/\/secure.gravatar.com\/avatar\/673bdfb703a9b6685a88bc7dfb04a9ea2b48b30e9d1663a5e759a4e9bfa3e2c0?s=96&d=mm&r=g","url":"https:\/\/secure.gravatar.com\/avatar\/673bdfb703a9b6685a88bc7dfb04a9ea2b48b30e9d1663a5e759a4e9bfa3e2c0?s=96&d=mm&r=g","contentUrl":"https:\/\/secure.gravatar.com\/avatar\/673bdfb703a9b6685a88bc7dfb04a9ea2b48b30e9d1663a5e759a4e9bfa3e2c0?s=96&d=mm&r=g","caption":"Karine Dudognon"},"url":"https:\/\/www.cargo-montreal.ca\/fr\/author\/karine\/"}]}},"_links":{"self":[{"href":"https:\/\/www.cargo-montreal.ca\/fr\/wp-json\/wp\/v2\/posts\/12891","targetHints":{"allow":["GET"]}}],"collection":[{"href":"https:\/\/www.cargo-montreal.ca\/fr\/wp-json\/wp\/v2\/posts"}],"about":[{"href":"https:\/\/www.cargo-montreal.ca\/fr\/wp-json\/wp\/v2\/types\/post"}],"author":[{"embeddable":true,"href":"https:\/\/www.cargo-montreal.ca\/fr\/wp-json\/wp\/v2\/users\/39"}],"replies":[{"embeddable":true,"href":"https:\/\/www.cargo-montreal.ca\/fr\/wp-json\/wp\/v2\/comments?post=12891"}],"version-history":[{"count":1,"href":"https:\/\/www.cargo-montreal.ca\/fr\/wp-json\/wp\/v2\/posts\/12891\/revisions"}],"predecessor-version":[{"id":12892,"href":"https:\/\/www.cargo-montreal.ca\/fr\/wp-json\/wp\/v2\/posts\/12891\/revisions\/12892"}],"wp:featuredmedia":[{"embeddable":true,"href":"https:\/\/www.cargo-montreal.ca\/fr\/wp-json\/wp\/v2\/media\/12841"}],"wp:attachment":[{"href":"https:\/\/www.cargo-montreal.ca\/fr\/wp-json\/wp\/v2\/media?parent=12891"}],"wp:term":[{"taxonomy":"category","embeddable":true,"href":"https:\/\/www.cargo-montreal.ca\/fr\/wp-json\/wp\/v2\/categories?post=12891"},{"taxonomy":"post_tag","embeddable":true,"href":"https:\/\/www.cargo-montreal.ca\/fr\/wp-json\/wp\/v2\/tags?post=12891"}],"curies":[{"name":"wp","href":"https:\/\/api.w.org\/{rel}","templated":true}]}}