{"id":12897,"date":"2022-02-17T19:54:52","date_gmt":"2022-02-17T19:54:52","guid":{"rendered":"https:\/\/www.cargo-montreal.ca\/?p=12897"},"modified":"2022-02-17T19:54:52","modified_gmt":"2022-02-17T19:54:52","slug":"revue-de-presse-2","status":"publish","type":"post","link":"https:\/\/www.cargo-montreal.ca\/fr\/revue-de-presse-2\/","title":{"rendered":"Revue de presse"},"content":{"rendered":"Voici quelques articles d&rsquo;int\u00e9r\u00eat pour notre secteur. Si vous avez des nouvelles \u00e0 diffuser concernant la logistique et le transport de marchandises, n&rsquo;h\u00e9sitez pas \u00e0 nous les faire parvenir.\r\n<ul>\r\n \t<li><a href=\"https:\/\/info.cargo-montreal.ca\/e3t\/Btc\/ZU+113\/d11nbd04\/VWw-JT6SszQNW53Kq-n2Cfg4CW3rtmkr4FG7sXN8mSy5G3q3phV1-WJV7CgHXvMGHgxnGwZwsW4J2ZVS5nGqDsW7dWx6-9bsPcYW2gsmd67F3MRBW7g7Sd03dg_sLW1qGYjp1R30rqW63mYdZ2GV5j8Vt8QVN6SF2WdN9m1dfm5zfdMW2_QG052fqcyBN6pp6vyjJVpnW78292Q7TB7zLW6hwYTB1Jj3MyN96KHj1YML5lW4tLMsm60sm8_W3V7krh3BL_j5VGyX9j99Ln0BN5pCLdLPpY1rN2dsYDSPsb3WW4VHtgL3gNg45VPP-RP73H2bDW4qYcyj2bJh9HW8LVtH63JMZwCW8Bvnf-8pj8C2Vk2ktQ3C8V7NW4yR3lQ5XcCzSVtzjJ184YyZ-W2SrFg5921cq-3qtv1\" target=\"_blank\" rel=\"noopener\" data-saferedirecturl=\"https:\/\/www.google.com\/url?hl=fr-CA&amp;q=https:\/\/info.cargo-montreal.ca\/e3t\/Btc\/ZU%2B113\/d11nbd04\/VWw-JT6SszQNW53Kq-n2Cfg4CW3rtmkr4FG7sXN8mSy5G3q3phV1-WJV7CgHXvMGHgxnGwZwsW4J2ZVS5nGqDsW7dWx6-9bsPcYW2gsmd67F3MRBW7g7Sd03dg_sLW1qGYjp1R30rqW63mYdZ2GV5j8Vt8QVN6SF2WdN9m1dfm5zfdMW2_QG052fqcyBN6pp6vyjJVpnW78292Q7TB7zLW6hwYTB1Jj3MyN96KHj1YML5lW4tLMsm60sm8_W3V7krh3BL_j5VGyX9j99Ln0BN5pCLdLPpY1rN2dsYDSPsb3WW4VHtgL3gNg45VPP-RP73H2bDW4qYcyj2bJh9HW8LVtH63JMZwCW8Bvnf-8pj8C2Vk2ktQ3C8V7NW4yR3lQ5XcCzSVtzjJ184YyZ-W2SrFg5921cq-3qtv1&amp;source=gmail&amp;ust=1645213015378000&amp;usg=AOvVaw2HpXOTyPiyJyhjgmgHnpt3\">Port de Montr\u00e9al &#8211; Naviguer vers la croissance malgr\u00e9 la pand\u00e9mie<\/a><\/li>\r\n \t<li><a href=\"https:\/\/info.cargo-montreal.ca\/e3t\/Btc\/ZU+113\/d11nbd04\/VWw-JT6SszQNW53Kq-n2Cfg4CW3rtmkr4FG7sXN8mSy5m3lLBZV1-WJV7CgLc9W8X-86V8Gqj8XW8cmHPK1n2XQjW2fqtxx9ghtbTW14CsWH4l9rNSW5YwF903nFgLwW59m7Jy64CTNfN7KTX8bnJ1N6W488XXp1vZ3KrW5hxVn112q3K4W20f4_c8lXRFPW1Lvwy36ztmGzW1kGz831sLhDjW5lyPRV3R7RFWW8QQ5Cp3fLXq4N7kkVz38TgzyW3wRl0N38LFbwW1Czh8Y3ZSMBgW6s7HDQ7MWDqkVz_H0P7b1663W6Nk5lq8sR0G-N5WGDYvghq8qW6wdNxv376JB6W8KTVlx30ldvWW4Lz6yr2TjJlqN6WK0lcjD1LkW7Kr4hk6hhKp63j1C1\" target=\"_blank\" rel=\"noopener\" data-saferedirecturl=\"https:\/\/www.google.com\/url?hl=fr-CA&amp;q=https:\/\/info.cargo-montreal.ca\/e3t\/Btc\/ZU%2B113\/d11nbd04\/VWw-JT6SszQNW53Kq-n2Cfg4CW3rtmkr4FG7sXN8mSy5m3lLBZV1-WJV7CgLc9W8X-86V8Gqj8XW8cmHPK1n2XQjW2fqtxx9ghtbTW14CsWH4l9rNSW5YwF903nFgLwW59m7Jy64CTNfN7KTX8bnJ1N6W488XXp1vZ3KrW5hxVn112q3K4W20f4_c8lXRFPW1Lvwy36ztmGzW1kGz831sLhDjW5lyPRV3R7RFWW8QQ5Cp3fLXq4N7kkVz38TgzyW3wRl0N38LFbwW1Czh8Y3ZSMBgW6s7HDQ7MWDqkVz_H0P7b1663W6Nk5lq8sR0G-N5WGDYvghq8qW6wdNxv376JB6W8KTVlx30ldvWW4Lz6yr2TjJlqN6WK0lcjD1LkW7Kr4hk6hhKp63j1C1&amp;source=gmail&amp;ust=1645213015378000&amp;usg=AOvVaw2PGbqsmLOZQ4HOnPQdnkDF\">Logistec re\u00e7oit le prix de leadership ex\u00e9cutif de Signal Mutual pour la s\u00e9curit\u00e9 en manutention de marchandises<\/a><\/li>\r\n \t<li><a href=\"https:\/\/info.cargo-montreal.ca\/e3t\/Btc\/ZU+113\/d11nbd04\/VWw-JT6SszQNW53Kq-n2Cfg4CW3rtmkr4FG7sXN8mSy5Z3lLCyV1-WJV7CgSD5W8-v3tq8mWqW2W9dwJSy1tdCsLW3f5Qq57FfrDWW1ktpxB1FPwX2W91z68k3ZlX_DW2x_D8T6yMF1rW5M-WRF4FbFw_W7VtlVb6QM525W6rCKRJ5mlmMtW2ylnYr2jTnQFW8BCC9h5jf1qCW49m_Qj13nClLW5vZFJL2N9W5DW1tNsdv503k3FW4txWBm5SF_fmW4NdzsX7bxHn8V8Llr35Kw-04W12YDg-6JMnXTW5SKZVf3h9jW6W61gJlK95KgrnW4tGwTZ9kTWhsVwlXf73d_6mpW6-Sl3Z74G4JsW2QtWGN3x8myfW96TP-N6P-9kHN2Z_Lr6dZV7HW7nkD7q3nGy6RW6P5FF28lhSmLW3TxY0d2_nffrW3R9hQs3-0njT39Vk1\" target=\"_blank\" rel=\"noopener\" data-saferedirecturl=\"https:\/\/www.google.com\/url?hl=fr-CA&amp;q=https:\/\/info.cargo-montreal.ca\/e3t\/Btc\/ZU%2B113\/d11nbd04\/VWw-JT6SszQNW53Kq-n2Cfg4CW3rtmkr4FG7sXN8mSy5Z3lLCyV1-WJV7CgSD5W8-v3tq8mWqW2W9dwJSy1tdCsLW3f5Qq57FfrDWW1ktpxB1FPwX2W91z68k3ZlX_DW2x_D8T6yMF1rW5M-WRF4FbFw_W7VtlVb6QM525W6rCKRJ5mlmMtW2ylnYr2jTnQFW8BCC9h5jf1qCW49m_Qj13nClLW5vZFJL2N9W5DW1tNsdv503k3FW4txWBm5SF_fmW4NdzsX7bxHn8V8Llr35Kw-04W12YDg-6JMnXTW5SKZVf3h9jW6W61gJlK95KgrnW4tGwTZ9kTWhsVwlXf73d_6mpW6-Sl3Z74G4JsW2QtWGN3x8myfW96TP-N6P-9kHN2Z_Lr6dZV7HW7nkD7q3nGy6RW6P5FF28lhSmLW3TxY0d2_nffrW3R9hQs3-0njT39Vk1&amp;source=gmail&amp;ust=1645213015378000&amp;usg=AOvVaw32fv3a_H9WGnqdbPNSJjzx\">Plus de 38 M$ de tonnes de marchandise ont transit\u00e9 dans la voie maritime l&rsquo;an dernier<\/a><\/li>\r\n \t<li><a href=\"https:\/\/info.cargo-montreal.ca\/e3t\/Btc\/ZU+113\/d11nbd04\/VWw-JT6SszQNW53Kq-n2Cfg4CW3rtmkr4FG7sXN8mSy495kh3ZV3Zsc37CgT6QVxbL_15ttVl-W6080Qy8813q6W5zr4XV7wc0gsW5lCzg146_lK0W7tDRfT6PKgxRV4wjP65bYxlxMFj8wPB9YNPN61ClxtHzrCnW877RyC6W1KwWW5XC86R1zW8w4W7-RSHz8QWSdDW8tHdTh3fJ89JVGDyNg7vJfFRW51CCsd5CF8J3W6Gryxg5Cb_mHW5DRQdM86GtYqN8w7ynxT-JMZW4QTZM75lr694W7962Lk5B7vMxW7j1_817p6-VpW6sjWl81v9W7jW7nWNss3x8v5DW2jcZwB7ZvTmbW6Ycl2Z18tTXRVTjQwM86-xYmVhhnSt7GC3ZJMTv69WmYPN7W7wNVkC3vrtCxW958b-j8n-qfxW2ZmkD81MtS-4W3CR75M70ZmpVW13407y7McGM_W76K6Q35Gj76XW5ThHlx92fdf63mcP1\" target=\"_blank\" rel=\"noopener\" data-saferedirecturl=\"https:\/\/www.google.com\/url?hl=fr-CA&amp;q=https:\/\/info.cargo-montreal.ca\/e3t\/Btc\/ZU%2B113\/d11nbd04\/VWw-JT6SszQNW53Kq-n2Cfg4CW3rtmkr4FG7sXN8mSy495kh3ZV3Zsc37CgT6QVxbL_15ttVl-W6080Qy8813q6W5zr4XV7wc0gsW5lCzg146_lK0W7tDRfT6PKgxRV4wjP65bYxlxMFj8wPB9YNPN61ClxtHzrCnW877RyC6W1KwWW5XC86R1zW8w4W7-RSHz8QWSdDW8tHdTh3fJ89JVGDyNg7vJfFRW51CCsd5CF8J3W6Gryxg5Cb_mHW5DRQdM86GtYqN8w7ynxT-JMZW4QTZM75lr694W7962Lk5B7vMxW7j1_817p6-VpW6sjWl81v9W7jW7nWNss3x8v5DW2jcZwB7ZvTmbW6Ycl2Z18tTXRVTjQwM86-xYmVhhnSt7GC3ZJMTv69WmYPN7W7wNVkC3vrtCxW958b-j8n-qfxW2ZmkD81MtS-4W3CR75M70ZmpVW13407y7McGM_W76K6Q35Gj76XW5ThHlx92fdf63mcP1&amp;source=gmail&amp;ust=1645213015378000&amp;usg=AOvVaw2BwPm-Ko4ghVwUZHPNc6zp\">CSL figure au palmar\u00e8s des meilleurs employeurs au Canada pour les jeunes en 2022<\/a><\/li>\r\n<\/ul>","protected":false},"excerpt":{"rendered":"Voici quelques articles d&rsquo;int\u00e9r\u00eat pour notre secteur. Si vous avez des nouvelles \u00e0 diffuser concernant la logistique et le transport de marchandises, n&rsquo;h\u00e9sitez pas \u00e0 nous les faire parvenir. Port de Montr\u00e9al &#8211; Naviguer vers la croissance malgr\u00e9 la pand\u00e9mie Logistec re\u00e7oit le prix de leadership ex\u00e9cutif de Signal Mutual pour la s\u00e9curit\u00e9 en manutention [&hellip;]","protected":false},"author":39,"featured_media":12898,"comment_status":"closed","ping_status":"closed","sticky":false,"template":"","format":"standard","meta":{"_acf_changed":false,"footnotes":""},"categories":[20],"tags":[],"class_list":["post-12897","post","type-post","status-publish","format-standard","has-post-thumbnail","hentry","category-services-logistiques"],"acf":[],"yoast_head":"<!-- This site is optimized with the Yoast SEO plugin v27.3 - https:\/\/yoast.com\/product\/yoast-seo-wordpress\/ -->\n<title>Revue de presse - CargoM<\/title>\n<meta name=\"robots\" content=\"index, follow, max-snippet:-1, max-image-preview:large, max-video-preview:-1\" \/>\n<link rel=\"canonical\" href=\"https:\/\/www.cargo-montreal.ca\/fr\/revue-de-presse-2\/\" \/>\n<meta property=\"og:locale\" content=\"fr_FR\" \/>\n<meta property=\"og:type\" content=\"article\" \/>\n<meta property=\"og:title\" content=\"Revue de presse - CargoM\" \/>\n<meta property=\"og:description\" content=\"Voici quelques articles d&rsquo;int\u00e9r\u00eat pour notre secteur. Si vous avez des nouvelles \u00e0 diffuser concernant la logistique et le transport de marchandises, n&rsquo;h\u00e9sitez pas \u00e0 nous les faire parvenir. Port de Montr\u00e9al &#8211; Naviguer vers la croissance malgr\u00e9 la pand\u00e9mie Logistec re\u00e7oit le prix de leadership ex\u00e9cutif de Signal Mutual pour la s\u00e9curit\u00e9 en manutention [&hellip;]\" \/>\n<meta property=\"og:url\" content=\"https:\/\/www.cargo-montreal.ca\/fr\/revue-de-presse-2\/\" \/>\n<meta property=\"og:site_name\" content=\"CargoM\" \/>\n<meta property=\"article:published_time\" content=\"2022-02-17T19:54:52+00:00\" \/>\n<meta property=\"og:image\" content=\"https:\/\/www.cargo-montreal.ca\/wp-content\/uploads\/2022\/02\/Journaux-1160x768-1.jpg\" \/>\n\t<meta property=\"og:image:width\" content=\"1160\" \/>\n\t<meta property=\"og:image:height\" content=\"768\" \/>\n\t<meta property=\"og:image:type\" content=\"image\/jpeg\" \/>\n<meta name=\"author\" content=\"Karine Dudognon\" \/>\n<meta name=\"twitter:card\" content=\"summary_large_image\" \/>\n<meta name=\"twitter:label1\" content=\"\u00c9crit par\" \/>\n\t<meta name=\"twitter:data1\" content=\"Karine Dudognon\" \/>\n\t<meta name=\"twitter:label2\" content=\"Dur\u00e9e de lecture estim\u00e9e\" \/>\n\t<meta name=\"twitter:data2\" content=\"1 minute\" \/>\n<script type=\"application\/ld+json\" class=\"yoast-schema-graph\">{\"@context\":\"https:\\\/\\\/schema.org\",\"@graph\":[{\"@type\":\"Article\",\"@id\":\"https:\\\/\\\/www.cargo-montreal.ca\\\/fr\\\/revue-de-presse-2\\\/#article\",\"isPartOf\":{\"@id\":\"https:\\\/\\\/www.cargo-montreal.ca\\\/fr\\\/revue-de-presse-2\\\/\"},\"author\":{\"name\":\"Karine Dudognon\",\"@id\":\"https:\\\/\\\/www.cargo-montreal.ca\\\/fr\\\/#\\\/schema\\\/person\\\/80476d173ce654813db9fd1533901365\"},\"headline\":\"Revue de presse\",\"datePublished\":\"2022-02-17T19:54:52+00:00\",\"mainEntityOfPage\":{\"@id\":\"https:\\\/\\\/www.cargo-montreal.ca\\\/fr\\\/revue-de-presse-2\\\/\"},\"wordCount\":98,\"image\":{\"@id\":\"https:\\\/\\\/www.cargo-montreal.ca\\\/fr\\\/revue-de-presse-2\\\/#primaryimage\"},\"thumbnailUrl\":\"https:\\\/\\\/www.cargo-montreal.ca\\\/wp-content\\\/uploads\\\/2022\\\/02\\\/Journaux-1160x768-1.jpg\",\"articleSection\":[\"Services logistiques\"],\"inLanguage\":\"fr-FR\"},{\"@type\":\"WebPage\",\"@id\":\"https:\\\/\\\/www.cargo-montreal.ca\\\/fr\\\/revue-de-presse-2\\\/\",\"url\":\"https:\\\/\\\/www.cargo-montreal.ca\\\/fr\\\/revue-de-presse-2\\\/\",\"name\":\"Revue de presse - CargoM\",\"isPartOf\":{\"@id\":\"https:\\\/\\\/www.cargo-montreal.ca\\\/fr\\\/#website\"},\"primaryImageOfPage\":{\"@id\":\"https:\\\/\\\/www.cargo-montreal.ca\\\/fr\\\/revue-de-presse-2\\\/#primaryimage\"},\"image\":{\"@id\":\"https:\\\/\\\/www.cargo-montreal.ca\\\/fr\\\/revue-de-presse-2\\\/#primaryimage\"},\"thumbnailUrl\":\"https:\\\/\\\/www.cargo-montreal.ca\\\/wp-content\\\/uploads\\\/2022\\\/02\\\/Journaux-1160x768-1.jpg\",\"datePublished\":\"2022-02-17T19:54:52+00:00\",\"author\":{\"@id\":\"https:\\\/\\\/www.cargo-montreal.ca\\\/fr\\\/#\\\/schema\\\/person\\\/80476d173ce654813db9fd1533901365\"},\"breadcrumb\":{\"@id\":\"https:\\\/\\\/www.cargo-montreal.ca\\\/fr\\\/revue-de-presse-2\\\/#breadcrumb\"},\"inLanguage\":\"fr-FR\",\"potentialAction\":[{\"@type\":\"ReadAction\",\"target\":[\"https:\\\/\\\/www.cargo-montreal.ca\\\/fr\\\/revue-de-presse-2\\\/\"]}]},{\"@type\":\"ImageObject\",\"inLanguage\":\"fr-FR\",\"@id\":\"https:\\\/\\\/www.cargo-montreal.ca\\\/fr\\\/revue-de-presse-2\\\/#primaryimage\",\"url\":\"https:\\\/\\\/www.cargo-montreal.ca\\\/wp-content\\\/uploads\\\/2022\\\/02\\\/Journaux-1160x768-1.jpg\",\"contentUrl\":\"https:\\\/\\\/www.cargo-montreal.ca\\\/wp-content\\\/uploads\\\/2022\\\/02\\\/Journaux-1160x768-1.jpg\",\"width\":1160,\"height\":768},{\"@type\":\"BreadcrumbList\",\"@id\":\"https:\\\/\\\/www.cargo-montreal.ca\\\/fr\\\/revue-de-presse-2\\\/#breadcrumb\",\"itemListElement\":[{\"@type\":\"ListItem\",\"position\":1,\"name\":\"Home\",\"item\":\"https:\\\/\\\/www.cargo-montreal.ca\\\/fr\\\/\"},{\"@type\":\"ListItem\",\"position\":2,\"name\":\"Revue de presse\"}]},{\"@type\":\"WebSite\",\"@id\":\"https:\\\/\\\/www.cargo-montreal.ca\\\/fr\\\/#website\",\"url\":\"https:\\\/\\\/www.cargo-montreal.ca\\\/fr\\\/\",\"name\":\"CargoM\",\"description\":\"La mission de CargoM: Rassembler les acteurs de la logistique &amp; du transport de marchandises du Grand Montr\u00e9al autour d&#039;objectifs communs, d&#039;actions concert\u00e9es\",\"potentialAction\":[{\"@type\":\"SearchAction\",\"target\":{\"@type\":\"EntryPoint\",\"urlTemplate\":\"https:\\\/\\\/www.cargo-montreal.ca\\\/fr\\\/?s={search_term_string}\"},\"query-input\":{\"@type\":\"PropertyValueSpecification\",\"valueRequired\":true,\"valueName\":\"search_term_string\"}}],\"inLanguage\":\"fr-FR\"},{\"@type\":\"Person\",\"@id\":\"https:\\\/\\\/www.cargo-montreal.ca\\\/fr\\\/#\\\/schema\\\/person\\\/80476d173ce654813db9fd1533901365\",\"name\":\"Karine Dudognon\",\"image\":{\"@type\":\"ImageObject\",\"inLanguage\":\"fr-FR\",\"@id\":\"https:\\\/\\\/secure.gravatar.com\\\/avatar\\\/673bdfb703a9b6685a88bc7dfb04a9ea2b48b30e9d1663a5e759a4e9bfa3e2c0?s=96&d=mm&r=g\",\"url\":\"https:\\\/\\\/secure.gravatar.com\\\/avatar\\\/673bdfb703a9b6685a88bc7dfb04a9ea2b48b30e9d1663a5e759a4e9bfa3e2c0?s=96&d=mm&r=g\",\"contentUrl\":\"https:\\\/\\\/secure.gravatar.com\\\/avatar\\\/673bdfb703a9b6685a88bc7dfb04a9ea2b48b30e9d1663a5e759a4e9bfa3e2c0?s=96&d=mm&r=g\",\"caption\":\"Karine Dudognon\"},\"url\":\"https:\\\/\\\/www.cargo-montreal.ca\\\/fr\\\/author\\\/karine\\\/\"}]}<\/script>\n<!-- \/ Yoast SEO plugin. -->","yoast_head_json":{"title":"Revue de presse - CargoM","robots":{"index":"index","follow":"follow","max-snippet":"max-snippet:-1","max-image-preview":"max-image-preview:large","max-video-preview":"max-video-preview:-1"},"canonical":"https:\/\/www.cargo-montreal.ca\/fr\/revue-de-presse-2\/","og_locale":"fr_FR","og_type":"article","og_title":"Revue de presse - CargoM","og_description":"Voici quelques articles d&rsquo;int\u00e9r\u00eat pour notre secteur. Si vous avez des nouvelles \u00e0 diffuser concernant la logistique et le transport de marchandises, n&rsquo;h\u00e9sitez pas \u00e0 nous les faire parvenir. Port de Montr\u00e9al &#8211; Naviguer vers la croissance malgr\u00e9 la pand\u00e9mie Logistec re\u00e7oit le prix de leadership ex\u00e9cutif de Signal Mutual pour la s\u00e9curit\u00e9 en manutention [&hellip;]","og_url":"https:\/\/www.cargo-montreal.ca\/fr\/revue-de-presse-2\/","og_site_name":"CargoM","article_published_time":"2022-02-17T19:54:52+00:00","og_image":[{"width":1160,"height":768,"url":"https:\/\/www.cargo-montreal.ca\/wp-content\/uploads\/2022\/02\/Journaux-1160x768-1.jpg","type":"image\/jpeg"}],"author":"Karine Dudognon","twitter_card":"summary_large_image","twitter_misc":{"\u00c9crit par":"Karine Dudognon","Dur\u00e9e de lecture estim\u00e9e":"1 minute"},"schema":{"@context":"https:\/\/schema.org","@graph":[{"@type":"Article","@id":"https:\/\/www.cargo-montreal.ca\/fr\/revue-de-presse-2\/#article","isPartOf":{"@id":"https:\/\/www.cargo-montreal.ca\/fr\/revue-de-presse-2\/"},"author":{"name":"Karine Dudognon","@id":"https:\/\/www.cargo-montreal.ca\/fr\/#\/schema\/person\/80476d173ce654813db9fd1533901365"},"headline":"Revue de presse","datePublished":"2022-02-17T19:54:52+00:00","mainEntityOfPage":{"@id":"https:\/\/www.cargo-montreal.ca\/fr\/revue-de-presse-2\/"},"wordCount":98,"image":{"@id":"https:\/\/www.cargo-montreal.ca\/fr\/revue-de-presse-2\/#primaryimage"},"thumbnailUrl":"https:\/\/www.cargo-montreal.ca\/wp-content\/uploads\/2022\/02\/Journaux-1160x768-1.jpg","articleSection":["Services logistiques"],"inLanguage":"fr-FR"},{"@type":"WebPage","@id":"https:\/\/www.cargo-montreal.ca\/fr\/revue-de-presse-2\/","url":"https:\/\/www.cargo-montreal.ca\/fr\/revue-de-presse-2\/","name":"Revue de presse - CargoM","isPartOf":{"@id":"https:\/\/www.cargo-montreal.ca\/fr\/#website"},"primaryImageOfPage":{"@id":"https:\/\/www.cargo-montreal.ca\/fr\/revue-de-presse-2\/#primaryimage"},"image":{"@id":"https:\/\/www.cargo-montreal.ca\/fr\/revue-de-presse-2\/#primaryimage"},"thumbnailUrl":"https:\/\/www.cargo-montreal.ca\/wp-content\/uploads\/2022\/02\/Journaux-1160x768-1.jpg","datePublished":"2022-02-17T19:54:52+00:00","author":{"@id":"https:\/\/www.cargo-montreal.ca\/fr\/#\/schema\/person\/80476d173ce654813db9fd1533901365"},"breadcrumb":{"@id":"https:\/\/www.cargo-montreal.ca\/fr\/revue-de-presse-2\/#breadcrumb"},"inLanguage":"fr-FR","potentialAction":[{"@type":"ReadAction","target":["https:\/\/www.cargo-montreal.ca\/fr\/revue-de-presse-2\/"]}]},{"@type":"ImageObject","inLanguage":"fr-FR","@id":"https:\/\/www.cargo-montreal.ca\/fr\/revue-de-presse-2\/#primaryimage","url":"https:\/\/www.cargo-montreal.ca\/wp-content\/uploads\/2022\/02\/Journaux-1160x768-1.jpg","contentUrl":"https:\/\/www.cargo-montreal.ca\/wp-content\/uploads\/2022\/02\/Journaux-1160x768-1.jpg","width":1160,"height":768},{"@type":"BreadcrumbList","@id":"https:\/\/www.cargo-montreal.ca\/fr\/revue-de-presse-2\/#breadcrumb","itemListElement":[{"@type":"ListItem","position":1,"name":"Home","item":"https:\/\/www.cargo-montreal.ca\/fr\/"},{"@type":"ListItem","position":2,"name":"Revue de presse"}]},{"@type":"WebSite","@id":"https:\/\/www.cargo-montreal.ca\/fr\/#website","url":"https:\/\/www.cargo-montreal.ca\/fr\/","name":"CargoM","description":"La mission de CargoM: Rassembler les acteurs de la logistique &amp; du transport de marchandises du Grand Montr\u00e9al autour d&#039;objectifs communs, d&#039;actions concert\u00e9es","potentialAction":[{"@type":"SearchAction","target":{"@type":"EntryPoint","urlTemplate":"https:\/\/www.cargo-montreal.ca\/fr\/?s={search_term_string}"},"query-input":{"@type":"PropertyValueSpecification","valueRequired":true,"valueName":"search_term_string"}}],"inLanguage":"fr-FR"},{"@type":"Person","@id":"https:\/\/www.cargo-montreal.ca\/fr\/#\/schema\/person\/80476d173ce654813db9fd1533901365","name":"Karine Dudognon","image":{"@type":"ImageObject","inLanguage":"fr-FR","@id":"https:\/\/secure.gravatar.com\/avatar\/673bdfb703a9b6685a88bc7dfb04a9ea2b48b30e9d1663a5e759a4e9bfa3e2c0?s=96&d=mm&r=g","url":"https:\/\/secure.gravatar.com\/avatar\/673bdfb703a9b6685a88bc7dfb04a9ea2b48b30e9d1663a5e759a4e9bfa3e2c0?s=96&d=mm&r=g","contentUrl":"https:\/\/secure.gravatar.com\/avatar\/673bdfb703a9b6685a88bc7dfb04a9ea2b48b30e9d1663a5e759a4e9bfa3e2c0?s=96&d=mm&r=g","caption":"Karine Dudognon"},"url":"https:\/\/www.cargo-montreal.ca\/fr\/author\/karine\/"}]}},"_links":{"self":[{"href":"https:\/\/www.cargo-montreal.ca\/fr\/wp-json\/wp\/v2\/posts\/12897","targetHints":{"allow":["GET"]}}],"collection":[{"href":"https:\/\/www.cargo-montreal.ca\/fr\/wp-json\/wp\/v2\/posts"}],"about":[{"href":"https:\/\/www.cargo-montreal.ca\/fr\/wp-json\/wp\/v2\/types\/post"}],"author":[{"embeddable":true,"href":"https:\/\/www.cargo-montreal.ca\/fr\/wp-json\/wp\/v2\/users\/39"}],"replies":[{"embeddable":true,"href":"https:\/\/www.cargo-montreal.ca\/fr\/wp-json\/wp\/v2\/comments?post=12897"}],"version-history":[{"count":1,"href":"https:\/\/www.cargo-montreal.ca\/fr\/wp-json\/wp\/v2\/posts\/12897\/revisions"}],"predecessor-version":[{"id":12900,"href":"https:\/\/www.cargo-montreal.ca\/fr\/wp-json\/wp\/v2\/posts\/12897\/revisions\/12900"}],"wp:featuredmedia":[{"embeddable":true,"href":"https:\/\/www.cargo-montreal.ca\/fr\/wp-json\/wp\/v2\/media\/12898"}],"wp:attachment":[{"href":"https:\/\/www.cargo-montreal.ca\/fr\/wp-json\/wp\/v2\/media?parent=12897"}],"wp:term":[{"taxonomy":"category","embeddable":true,"href":"https:\/\/www.cargo-montreal.ca\/fr\/wp-json\/wp\/v2\/categories?post=12897"},{"taxonomy":"post_tag","embeddable":true,"href":"https:\/\/www.cargo-montreal.ca\/fr\/wp-json\/wp\/v2\/tags?post=12897"}],"curies":[{"name":"wp","href":"https:\/\/api.w.org\/{rel}","templated":true}]}}