{"id":12901,"date":"2022-02-17T19:56:38","date_gmt":"2022-02-17T19:56:38","guid":{"rendered":"https:\/\/www.cargo-montreal.ca\/?p=12901"},"modified":"2022-02-17T19:56:38","modified_gmt":"2022-02-17T19:56:38","slug":"covid-19-6","status":"publish","type":"post","link":"https:\/\/www.cargo-montreal.ca\/fr\/covid-19-6\/","title":{"rendered":"Covid-19"},"content":{"rendered":"<p align=\"justify\"><strong>Mesures en vigueur<\/strong><\/p>\r\n<p align=\"justify\">Except\u00e9 les\u00a0<a href=\"https:\/\/info.cargo-montreal.ca\/e3t\/Btc\/ZU+113\/d11nbd04\/VWw-JT6SszQNW53Kq-n2Cfg4CW3rtmkr4FG7sXN8mSy4t5kh4fV3Zsc37CgQnsW6-l5T88zGbNqW2yVjzP8XwVs9W6GdlJX4CjqHDW3c43R26055KBW938pt03kYgM7W8HD-6y7H302jW1P5sk-3L-PpJN7vPLTP543q3W7f8MCy2d43F4W7LS7VF11mPZKW4NwGDH1wcvjRW8mKX4M12gmWmW8Hl6Yp2sBv3cN3g9NsdR29p8W93lw1B4nKYZRW7_M0kP1gkhWGVXtD8D4wbvczN1rQQYBDLZFZW7JbKks9l7wKxW6BSgh15jX-lCW6r0hY35R1R1jV4HYZ72SVht2W7qNwNt5_f-jRW8RRXt_2s6y65W3YWjmT3y8qRGW4PMNvy7hg9ztW3PCJRJ5kMBbRW58ZrzS3pr0bTW5J11RQ6cPyjyW18zQr-7Df8Z3W8RDDXB7CVVhhW1TXLSH272L64W19RCl975cBWHW2-WQqh6PCvR9W7zxyvc5R-n2CW4bwgNB7_pB393n5W1\" target=\"_blank\" rel=\"noopener\" data-saferedirecturl=\"https:\/\/www.google.com\/url?hl=fr-CA&amp;q=https:\/\/info.cargo-montreal.ca\/e3t\/Btc\/ZU%2B113\/d11nbd04\/VWw-JT6SszQNW53Kq-n2Cfg4CW3rtmkr4FG7sXN8mSy4t5kh4fV3Zsc37CgQnsW6-l5T88zGbNqW2yVjzP8XwVs9W6GdlJX4CjqHDW3c43R26055KBW938pt03kYgM7W8HD-6y7H302jW1P5sk-3L-PpJN7vPLTP543q3W7f8MCy2d43F4W7LS7VF11mPZKW4NwGDH1wcvjRW8mKX4M12gmWmW8Hl6Yp2sBv3cN3g9NsdR29p8W93lw1B4nKYZRW7_M0kP1gkhWGVXtD8D4wbvczN1rQQYBDLZFZW7JbKks9l7wKxW6BSgh15jX-lCW6r0hY35R1R1jV4HYZ72SVht2W7qNwNt5_f-jRW8RRXt_2s6y65W3YWjmT3y8qRGW4PMNvy7hg9ztW3PCJRJ5kMBbRW58ZrzS3pr0bTW5J11RQ6cPyjyW18zQr-7Df8Z3W8RDDXB7CVVhhW1TXLSH272L64W19RCl975cBWHW2-WQqh6PCvR9W7zxyvc5R-n2CW4bwgNB7_pB393n5W1&amp;source=gmail&amp;ust=1645213015378000&amp;usg=AOvVaw1RFrBNrWGiBn0wdBF02Jkd\">exigences quant \u00e0 la vaccination des camionneurs<\/a>, les activit\u00e9s \u00e9conomiques relatives \u00e0 la logistique et au transport de marchandises se poursuivent normalement. \u00c0 partir du 28 f\u00e9vrier le t\u00e9l\u00e9travail sera sugg\u00e9r\u00e9 et non plus obligatoire.<\/p>\r\n<p align=\"justify\"><strong>Liens utiles<\/strong><\/p>\r\n\r\n<ul>\r\n \t<li><a href=\"https:\/\/info.cargo-montreal.ca\/e3t\/Btc\/ZU+113\/d11nbd04\/VWw-JT6SszQNW53Kq-n2Cfg4CW3rtmkr4FG7sXN8mSy5Z5kh5LV3Zsc37CgS6hW81-J-v16vZQQV3-0LT4nYNDcW1GNGY41LSDCgVM3X1m58dL0sW2V1Kwj8yYdC_W8nZfmD70TcZpW7md0Tb2xGyX2W5fjS7b2TXxpxW9j4h4p4PmrpNN4-SK_mznF7cW29y8Nh6vgt84VXqmHB51_VFgW5HH0Sf6cCyg2W7sJGpY4Y-Mq0W1RvFfH31hYqhW4bHRl950Mp_BN7ynrDklbk_SW6TC6hd7MNGs3W7QPG9Y5YQFxPN8mCcTZNJ2Y8W1PY61n4S1bydVK4p3R2syvPYW5h13651Mgl0KW3K4w164Vh8VHW5xrfxJ4LjYRkW3mh6p25Z9dZDW8BhzkK8flQf5W5t4wMz7TSMTVVVL_yd2G1BWkW6y4RBJ70gq2TN1b3b_Fl7zTdW5ngj5w8cQch-W3xMLw_6k-66bN8cGYFnnhK4LW1Zkz6F1bvClqW2rhC18344csHW82NWb21LZjKDW6FVbqn8F_RyVW7q3nK67tZ_KVV9DW3s6YK0hhN4gNFVfxJHBjW61nTd22PQzTZW48ZWhS7vBNtjW5hfBj18K_KqfW4b9wnQ6-vvDzW3S8qm76CHdHM3jxf1\" target=\"_blank\" rel=\"noopener\" data-saferedirecturl=\"https:\/\/www.google.com\/url?hl=fr-CA&amp;q=https:\/\/info.cargo-montreal.ca\/e3t\/Btc\/ZU%2B113\/d11nbd04\/VWw-JT6SszQNW53Kq-n2Cfg4CW3rtmkr4FG7sXN8mSy5Z5kh5LV3Zsc37CgS6hW81-J-v16vZQQV3-0LT4nYNDcW1GNGY41LSDCgVM3X1m58dL0sW2V1Kwj8yYdC_W8nZfmD70TcZpW7md0Tb2xGyX2W5fjS7b2TXxpxW9j4h4p4PmrpNN4-SK_mznF7cW29y8Nh6vgt84VXqmHB51_VFgW5HH0Sf6cCyg2W7sJGpY4Y-Mq0W1RvFfH31hYqhW4bHRl950Mp_BN7ynrDklbk_SW6TC6hd7MNGs3W7QPG9Y5YQFxPN8mCcTZNJ2Y8W1PY61n4S1bydVK4p3R2syvPYW5h13651Mgl0KW3K4w164Vh8VHW5xrfxJ4LjYRkW3mh6p25Z9dZDW8BhzkK8flQf5W5t4wMz7TSMTVVVL_yd2G1BWkW6y4RBJ70gq2TN1b3b_Fl7zTdW5ngj5w8cQch-W3xMLw_6k-66bN8cGYFnnhK4LW1Zkz6F1bvClqW2rhC18344csHW82NWb21LZjKDW6FVbqn8F_RyVW7q3nK67tZ_KVV9DW3s6YK0hhN4gNFVfxJHBjW61nTd22PQzTZW48ZWhS7vBNtjW5hfBj18K_KqfW4b9wnQ6-vvDzW3S8qm76CHdHM3jxf1&amp;source=gmail&amp;ust=1645213015378000&amp;usg=AOvVaw2Ks2lKMPxii0W0njX-IRkM\">Dose additionnelle ou dose de rappel du vaccin contre la COVID-19<\/a><\/li>\r\n \t<li><a href=\"https:\/\/info.cargo-montreal.ca\/e3t\/Btc\/ZU+113\/d11nbd04\/VWw-JT6SszQNW53Kq-n2Cfg4CW3rtmkr4FG7sXN8mSy495kh3ZV3Zsc37CgNl2W30LhLr3sWH58W7XwZp02Y7cQRW6s_0z18xd2h1W2LqFT15dK5dmW42PXN31l3-MSW6PfpwJ3-MWT-W1F3Rrb6MgV4yVh-wq_4DXGwRW9ckS963D3prDW2cTH0_3WYX49W7Y0NJv8qwhV0W6fxySw41lBLvW3ht5W692pgqhW3bKltW49F7WXW7JW0RK1JDH1pW1mHTTr97xrdrW92xymC7Gzd8dW1zw5jB5VqDMGW8x1r1V1c4qdjN2dnsCnSb6l-W13DLyl2P9Z9dW3Fm-1D3cSsrvW4VLqsR8Nv0M7W7CqrLD1kd3s9W90H1b58lnfX9W6Tzsfs7M9BPPW1HC1Qm4XDqCTW1Htqvs4JqwdwN3JHmf2JKr4NW8xqMQ85BCt85W4WbwQ_4WvhZ3W2TDF9C1m_2-tW8_TTzs1d2kS0W85TCND580HRs35mb1\" target=\"_blank\" rel=\"noopener\" data-saferedirecturl=\"https:\/\/www.google.com\/url?hl=fr-CA&amp;q=https:\/\/info.cargo-montreal.ca\/e3t\/Btc\/ZU%2B113\/d11nbd04\/VWw-JT6SszQNW53Kq-n2Cfg4CW3rtmkr4FG7sXN8mSy495kh3ZV3Zsc37CgNl2W30LhLr3sWH58W7XwZp02Y7cQRW6s_0z18xd2h1W2LqFT15dK5dmW42PXN31l3-MSW6PfpwJ3-MWT-W1F3Rrb6MgV4yVh-wq_4DXGwRW9ckS963D3prDW2cTH0_3WYX49W7Y0NJv8qwhV0W6fxySw41lBLvW3ht5W692pgqhW3bKltW49F7WXW7JW0RK1JDH1pW1mHTTr97xrdrW92xymC7Gzd8dW1zw5jB5VqDMGW8x1r1V1c4qdjN2dnsCnSb6l-W13DLyl2P9Z9dW3Fm-1D3cSsrvW4VLqsR8Nv0M7W7CqrLD1kd3s9W90H1b58lnfX9W6Tzsfs7M9BPPW1HC1Qm4XDqCTW1Htqvs4JqwdwN3JHmf2JKr4NW8xqMQ85BCt85W4WbwQ_4WvhZ3W2TDF9C1m_2-tW8_TTzs1d2kS0W85TCND580HRs35mb1&amp;source=gmail&amp;ust=1645213015378000&amp;usg=AOvVaw2Fb_f4m-9oGtY-Pfs7XBWr\">Retour au travail des travailleurs essentiels en isolement<\/a><\/li>\r\n \t<li><a href=\"https:\/\/info.cargo-montreal.ca\/e3t\/Btc\/ZU+113\/d11nbd04\/VWw-JT6SszQNW53Kq-n2Cfg4CW3rtmkr4FG7sXN8mSy5Z3lLCyV1-WJV7CgSt-W7kZ8mQ3mK1bpVlV1b085WffvW3pVCGF5NhSMJW1-4V8S6CLv3DW4gwvTT5Dd1T1W8rqB6f4kD6_kN2N5Qdqz0DDrW6JmfY28fRt3bW29MhJR8slBP_W2gwlCQ585FG3W8xS1x63ctZ5mV5RCsN1mTKwtW4B08N72-kRpcW8DLh3P8HT66HW69qhL28W4B2XW5RWHqP2CvtLMW2pPXzc5zFLpBW4sKt_V1RcZRQW5SlS0S8GRJDsN70HncQymgyNW7pTdZM2B_4QrN4r_V65D20tQW1R44Vr32xzNcN5Kx6744sPpQW21Ng1B74BD3fW6rDYhM7lQjm8N7p1YxDlSbtxW73YZZt2_fQRmW98PkDL2mJr8NW67h_q61VH_N23np91\" target=\"_blank\" rel=\"noopener\" data-saferedirecturl=\"https:\/\/www.google.com\/url?hl=fr-CA&amp;q=https:\/\/info.cargo-montreal.ca\/e3t\/Btc\/ZU%2B113\/d11nbd04\/VWw-JT6SszQNW53Kq-n2Cfg4CW3rtmkr4FG7sXN8mSy5Z3lLCyV1-WJV7CgSt-W7kZ8mQ3mK1bpVlV1b085WffvW3pVCGF5NhSMJW1-4V8S6CLv3DW4gwvTT5Dd1T1W8rqB6f4kD6_kN2N5Qdqz0DDrW6JmfY28fRt3bW29MhJR8slBP_W2gwlCQ585FG3W8xS1x63ctZ5mV5RCsN1mTKwtW4B08N72-kRpcW8DLh3P8HT66HW69qhL28W4B2XW5RWHqP2CvtLMW2pPXzc5zFLpBW4sKt_V1RcZRQW5SlS0S8GRJDsN70HncQymgyNW7pTdZM2B_4QrN4r_V65D20tQW1R44Vr32xzNcN5Kx6744sPpQW21Ng1B74BD3fW6rDYhM7lQjm8N7p1YxDlSbtxW73YZZt2_fQRmW98PkDL2mJr8NW67h_q61VH_N23np91&amp;source=gmail&amp;ust=1645213015378000&amp;usg=AOvVaw0sqVDoKe4gRCIq55dzSET8\">Autres mesures en vigueur<\/a><\/li>\r\n \t<li><a href=\"https:\/\/info.cargo-montreal.ca\/e3t\/Btc\/ZU+113\/d11nbd04\/VWw-JT6SszQNW53Kq-n2Cfg4CW3rtmkr4FG7sXN8mSy5G3lLCfV1-WJV7CgYQvW6StqB04Vjf25W8jknM75W8HbcVjGbB45yvpDrW4bjHDH8nSYNxW4wxBwg5fkDTqW5Fsm--5rkkzyW3tbKc-7X3BLbN5HpxPXcwxQfVZnDsk1-H0yFW19CsfD79SvDhW8CwxTf1jKFKwW3ld89M91m-sRW5WyrfV6PM4gwW5q-Dnl3L4WCSW5zmQs515vRRbV3dGcw79VNGCW3-KnQt5DPfzSW4gmx-z2QNQbnW6GQWjy3TJcVHW35cWs03srvbbW1Ns_6Z8SXG-jW1ZPVcS769wBNMZ88p2ShvNnW6-71l-6tc65dN4B1T37QK12PN73r3xGT-JVsW6F9xv33ZfqH7W5zLw1Z6f2Vcp3jh61\" target=\"_blank\" rel=\"noopener\" data-saferedirecturl=\"https:\/\/www.google.com\/url?hl=fr-CA&amp;q=https:\/\/info.cargo-montreal.ca\/e3t\/Btc\/ZU%2B113\/d11nbd04\/VWw-JT6SszQNW53Kq-n2Cfg4CW3rtmkr4FG7sXN8mSy5G3lLCfV1-WJV7CgYQvW6StqB04Vjf25W8jknM75W8HbcVjGbB45yvpDrW4bjHDH8nSYNxW4wxBwg5fkDTqW5Fsm--5rkkzyW3tbKc-7X3BLbN5HpxPXcwxQfVZnDsk1-H0yFW19CsfD79SvDhW8CwxTf1jKFKwW3ld89M91m-sRW5WyrfV6PM4gwW5q-Dnl3L4WCSW5zmQs515vRRbV3dGcw79VNGCW3-KnQt5DPfzSW4gmx-z2QNQbnW6GQWjy3TJcVHW35cWs03srvbbW1Ns_6Z8SXG-jW1ZPVcS769wBNMZ88p2ShvNnW6-71l-6tc65dN4B1T37QK12PN73r3xGT-JVsW6F9xv33ZfqH7W5zLw1Z6f2Vcp3jh61&amp;source=gmail&amp;ust=1645213015378000&amp;usg=AOvVaw33vaHhwWyhvUeJ3xsZOgiq\">CNESST \u2013 Des outils pour vous aider<\/a><\/li>\r\n \t<li><a href=\"https:\/\/info.cargo-montreal.ca\/e3t\/Btc\/ZU+113\/d11nbd04\/VWw-JT6SszQNW53Kq-n2Cfg4CW3rtmkr4FG7sXN8mSy5Z3lLCyV1-WJV7CgXdXW68YWrq6P3BkzN3w6NQh3Wx_FV7zKTG4wkV_MVy8kdC1rF5jjN97qC2cNv6cGW8Yjmzf1Mj2mmW3f4m8b4ccc5vV5-rMx1z4mmvW6Vmwjw519DpVW1VztJV3Yf7B2W8X8-RX1W3vJnW51cs924dhg1yW11VW9X5V4cWWW2-Msn-8V9HCSW53136L1ljWcSVvh-xZ5tP4hjW3hjWTb8Blk4FW3Q6hHg8Nh9yqW6Q91nh1Nm-XWW71kBLd2tc31fW4qkBF23ZvqSrW734GZp3QxRnXW4YWmTq7S98tkVt2l2d8_YFGRW6TxgTG84tJYfW4zJ2Sb96tm_yW23p4yk5rKxMyW12PSQJ1343NgN5LhbNsyS2gZW5pmTsn7vWt5S3bJk1\" target=\"_blank\" rel=\"noopener\" data-saferedirecturl=\"https:\/\/www.google.com\/url?hl=fr-CA&amp;q=https:\/\/info.cargo-montreal.ca\/e3t\/Btc\/ZU%2B113\/d11nbd04\/VWw-JT6SszQNW53Kq-n2Cfg4CW3rtmkr4FG7sXN8mSy5Z3lLCyV1-WJV7CgXdXW68YWrq6P3BkzN3w6NQh3Wx_FV7zKTG4wkV_MVy8kdC1rF5jjN97qC2cNv6cGW8Yjmzf1Mj2mmW3f4m8b4ccc5vV5-rMx1z4mmvW6Vmwjw519DpVW1VztJV3Yf7B2W8X8-RX1W3vJnW51cs924dhg1yW11VW9X5V4cWWW2-Msn-8V9HCSW53136L1ljWcSVvh-xZ5tP4hjW3hjWTb8Blk4FW3Q6hHg8Nh9yqW6Q91nh1Nm-XWW71kBLd2tc31fW4qkBF23ZvqSrW734GZp3QxRnXW4YWmTq7S98tkVt2l2d8_YFGRW6TxgTG84tJYfW4zJ2Sb96tm_yW23p4yk5rKxMyW12PSQJ1343NgN5LhbNsyS2gZW5pmTsn7vWt5S3bJk1&amp;source=gmail&amp;ust=1645213015378000&amp;usg=AOvVaw1XkinszOtPkxuGPUbGa8KW\">Sant\u00e9 Montr\u00e9al<\/a><\/li>\r\n<\/ul>\r\n<strong>Aide aux entreprises<\/strong>\r\n<p align=\"justify\">Les diff\u00e9rents paliers de gouvernement et organismes ont mis en place diff\u00e9rents programmes d\u2019aide aux entreprises tant pour la main-d\u2019\u0153uvre que pour la relance \u00e9conomique.<\/p>\r\n<p align=\"justify\">Aide financi\u00e8re provinciale<\/p>\r\n\r\n<ul>\r\n \t<li><a href=\"https:\/\/info.cargo-montreal.ca\/e3t\/Btc\/ZU+113\/d11nbd04\/VWw-JT6SszQNW53Kq-n2Cfg4CW3rtmkr4FG7sXN8mSy5G3lLCfV1-WJV7CgNz4W1HKS313T22_YN6Jd8H6sQchBMN47-H-gNr6N5LpT5WmlyhJW2pYwpp5LhKHJW4t5PT771GpQCW4Hq_r28Y4qBHW4p_RK34GsgfpW4X0Fnx2vZX5CW4VryHH7gXsM_W6Ln3sd7Zz0HdW9jgd-c8GV_p-W6hG2_p8p4NZ4W4tfY-g68NhkmW505YzN5dL2tSW6qrjwM5hh57mW54ZVjR1JW0FGW84VrR36rmcPWW6Bg9t289DCg6W58H2hd5yGSRZVNpxLF20gfNqW138Vsj621jmwW2bxHG081-QHvW1nF6T_7PX2WtW2LX8js60-GpYW6NC9J95TM9D7N8b2hNwQq2tgN8-drg7lms6g3c4G1\" target=\"_blank\" rel=\"noopener\" data-saferedirecturl=\"https:\/\/www.google.com\/url?hl=fr-CA&amp;q=https:\/\/info.cargo-montreal.ca\/e3t\/Btc\/ZU%2B113\/d11nbd04\/VWw-JT6SszQNW53Kq-n2Cfg4CW3rtmkr4FG7sXN8mSy5G3lLCfV1-WJV7CgNz4W1HKS313T22_YN6Jd8H6sQchBMN47-H-gNr6N5LpT5WmlyhJW2pYwpp5LhKHJW4t5PT771GpQCW4Hq_r28Y4qBHW4p_RK34GsgfpW4X0Fnx2vZX5CW4VryHH7gXsM_W6Ln3sd7Zz0HdW9jgd-c8GV_p-W6hG2_p8p4NZ4W4tfY-g68NhkmW505YzN5dL2tSW6qrjwM5hh57mW54ZVjR1JW0FGW84VrR36rmcPWW6Bg9t289DCg6W58H2hd5yGSRZVNpxLF20gfNqW138Vsj621jmwW2bxHG081-QHvW1nF6T_7PX2WtW2LX8js60-GpYW6NC9J95TM9D7N8b2hNwQq2tgN8-drg7lms6g3c4G1&amp;source=gmail&amp;ust=1645213015378000&amp;usg=AOvVaw3xgYUcCPbCe3WX3vb-zF7M\">Aide financi\u00e8re pour les travailleurs<\/a><\/li>\r\n \t<li><a href=\"https:\/\/info.cargo-montreal.ca\/e3t\/Btc\/ZU+113\/d11nbd04\/VWw-JT6SszQNW53Kq-n2Cfg4CW3rtmkr4FG7sXN8mSy5G3lLCfV1-WJV7Cg-VbW7RT7yV4ws0MGW3Htsk_2q6lwHW3XkRqv7YYlGSW9gb97l79rjdtW5hGhjX1ZpHpTW4l5dQt8gL16SN8krqYt285wGW2p6QJ94nWXZnW1jrySD87fDy5W48Pwn41-gDxZW8DM_xb3JZQm9N5y6hMwy97mlW6vWN7K7f4hCyW5hK7Br5Y_FVrW87gpLP6BRq8gW7-5t4z3c__6vVQ_ZGk41Fk1jW4jLSFS1JbmgzW6Q676n80cb3YW479hb-76Blq4W8DJyjJ8v-SkhW2QZpPW7gLYPwW2qjk4Z8Wld67W3MF00F1JCBzCN5VqBKs_F83YW5dPT6b7dRvCnW4LrWY15Xdv_3VWYlFg1Kr1l53hJm1\" target=\"_blank\" rel=\"noopener\" data-saferedirecturl=\"https:\/\/www.google.com\/url?hl=fr-CA&amp;q=https:\/\/info.cargo-montreal.ca\/e3t\/Btc\/ZU%2B113\/d11nbd04\/VWw-JT6SszQNW53Kq-n2Cfg4CW3rtmkr4FG7sXN8mSy5G3lLCfV1-WJV7Cg-VbW7RT7yV4ws0MGW3Htsk_2q6lwHW3XkRqv7YYlGSW9gb97l79rjdtW5hGhjX1ZpHpTW4l5dQt8gL16SN8krqYt285wGW2p6QJ94nWXZnW1jrySD87fDy5W48Pwn41-gDxZW8DM_xb3JZQm9N5y6hMwy97mlW6vWN7K7f4hCyW5hK7Br5Y_FVrW87gpLP6BRq8gW7-5t4z3c__6vVQ_ZGk41Fk1jW4jLSFS1JbmgzW6Q676n80cb3YW479hb-76Blq4W8DJyjJ8v-SkhW2QZpPW7gLYPwW2qjk4Z8Wld67W3MF00F1JCBzCN5VqBKs_F83YW5dPT6b7dRvCnW4LrWY15Xdv_3VWYlFg1Kr1l53hJm1&amp;source=gmail&amp;ust=1645213015378000&amp;usg=AOvVaw0Psl3QICga9k4m8x-f-QtM\">Aide d\u2019urgence aux petites et moyennes entreprises<\/a><\/li>\r\n<\/ul>\r\n<p align=\"justify\">Aide financi\u00e8re f\u00e9d\u00e9rale<\/p>\r\n\r\n<ul>\r\n \t<li><a href=\"https:\/\/info.cargo-montreal.ca\/e3t\/Btc\/ZU+113\/d11nbd04\/VWw-JT6SszQNW53Kq-n2Cfg4CW3rtmkr4FG7sXN8mSy5m5kh57V3Zsc37CgTgcW6zdhzm431YKMW5bMjgm4hz3t6VqXH_V4dKb3cW36kmRW7Ly4LhW6JRPnl8XqZPgW6fKWbK4DY2NBN3LvYNjfjmx6W4VWhR58w5z5CW8Bwg-p5ZPXvJW1gW2nY3hz7pDW1xrJC37jnysqW2mThgJ7D_2-5W1qtchc2_DL7hW36c8g-6b68d5W2SrC6971tNQjW5yLb1-5hqyD6MRFk1FMdD8lW2NCnKh4F5fVXW6S9F-z1-8XvqW3g6cZv7dvrypVPwMvm4hpwB0W5gFTc38kQlQLW5FHNt97ZzFylW5L8LqD69wKbBW7qK0rt2hG6FlW7xSywy2sPjjSW882Hs32YZ6rMN3dvj3m5JT9BW5vlrl58DvkkCW2QCWct65hXt5W7b8PS56KTQ8mW9gWBFD98zp5XW5dTm3L7KqQDDW8ZLCqG89bjQHW1wVv0K3Q59WLW1KTRtl2XLNFSN65RwcyhyThNN1QqlDpTj6f7W4jX6f97dF33KVD-S2b7L_5QcW2JXDwr3f1BJ-N33C3WZJ_Tg-36J81\" target=\"_blank\" rel=\"noopener\" data-saferedirecturl=\"https:\/\/www.google.com\/url?hl=fr-CA&amp;q=https:\/\/info.cargo-montreal.ca\/e3t\/Btc\/ZU%2B113\/d11nbd04\/VWw-JT6SszQNW53Kq-n2Cfg4CW3rtmkr4FG7sXN8mSy5m5kh57V3Zsc37CgTgcW6zdhzm431YKMW5bMjgm4hz3t6VqXH_V4dKb3cW36kmRW7Ly4LhW6JRPnl8XqZPgW6fKWbK4DY2NBN3LvYNjfjmx6W4VWhR58w5z5CW8Bwg-p5ZPXvJW1gW2nY3hz7pDW1xrJC37jnysqW2mThgJ7D_2-5W1qtchc2_DL7hW36c8g-6b68d5W2SrC6971tNQjW5yLb1-5hqyD6MRFk1FMdD8lW2NCnKh4F5fVXW6S9F-z1-8XvqW3g6cZv7dvrypVPwMvm4hpwB0W5gFTc38kQlQLW5FHNt97ZzFylW5L8LqD69wKbBW7qK0rt2hG6FlW7xSywy2sPjjSW882Hs32YZ6rMN3dvj3m5JT9BW5vlrl58DvkkCW2QCWct65hXt5W7b8PS56KTQ8mW9gWBFD98zp5XW5dTm3L7KqQDDW8ZLCqG89bjQHW1wVv0K3Q59WLW1KTRtl2XLNFSN65RwcyhyThNN1QqlDpTj6f7W4jX6f97dF33KVD-S2b7L_5QcW2JXDwr3f1BJ-N33C3WZJ_Tg-36J81&amp;source=gmail&amp;ust=1645213015378000&amp;usg=AOvVaw3lG9A9AczNX-M9EGAlU0Wy\">Le gouvernement facilite temporairement l\u2019acc\u00e8s au Programme de soutien en cas de confinement et \u00e0 la Prestation pour les travailleurs en cas de confinement<\/a><\/li>\r\n \t<li><a href=\"https:\/\/info.cargo-montreal.ca\/e3t\/Btc\/ZU+113\/d11nbd04\/VWw-JT6SszQNW53Kq-n2Cfg4CW3rtmkr4FG7sXN8mSy5m5kh57V3Zsc37CgRM9W6tMgvj2tFZxkW4ZXFXP7dN3HbW6L2_hr2R7t_YW2KMKjG2wXlsXW58Q0_z6tVj8-W4-5B0M4YgWKKW17x0814Lb1MgN6cM2Nxvd1H4W5h9RTF1MBgBsN4HYMPYQ9FcZW9ktYgh5ktzNQW4N6fZm23CsWfW774K-96--0H-W1N_JsG3kY-WYW6p7DVN55jQBgW7tRm_m2N_PjwW53HTP22fkg54W430bPw1T80-0W1MNWDL5PNjN_W26wDHV5BbsykV3_Bwl7FjqFjN2xZGM_-MvMGW5kxfB84mrQmQW74YNgr1bWczSW1qnTB33ZPPXWW9lPTz18Cwh1jW8DX-xm8-dsTnN67j6SJn783mW7RT-QJ27_M7rW4CsQDN59JjWsN5sjQ6hDYMkPW7KsDxq1kHPBQW15DF_V2QlYScW1RcNnx8-03XFW8SF4XN1MXxFPW6RJYl35LCmF9W1LPjXX8X5l1BN4cLwJmscyv4W1JTjvG2z5xl9N5VFxsd1qdNPW4RtpRb6jcfYjN5DhZzK4SddH395Q1\" target=\"_blank\" rel=\"noopener\" data-saferedirecturl=\"https:\/\/www.google.com\/url?hl=fr-CA&amp;q=https:\/\/info.cargo-montreal.ca\/e3t\/Btc\/ZU%2B113\/d11nbd04\/VWw-JT6SszQNW53Kq-n2Cfg4CW3rtmkr4FG7sXN8mSy5m5kh57V3Zsc37CgRM9W6tMgvj2tFZxkW4ZXFXP7dN3HbW6L2_hr2R7t_YW2KMKjG2wXlsXW58Q0_z6tVj8-W4-5B0M4YgWKKW17x0814Lb1MgN6cM2Nxvd1H4W5h9RTF1MBgBsN4HYMPYQ9FcZW9ktYgh5ktzNQW4N6fZm23CsWfW774K-96--0H-W1N_JsG3kY-WYW6p7DVN55jQBgW7tRm_m2N_PjwW53HTP22fkg54W430bPw1T80-0W1MNWDL5PNjN_W26wDHV5BbsykV3_Bwl7FjqFjN2xZGM_-MvMGW5kxfB84mrQmQW74YNgr1bWczSW1qnTB33ZPPXWW9lPTz18Cwh1jW8DX-xm8-dsTnN67j6SJn783mW7RT-QJ27_M7rW4CsQDN59JjWsN5sjQ6hDYMkPW7KsDxq1kHPBQW15DF_V2QlYScW1RcNnx8-03XFW8SF4XN1MXxFPW6RJYl35LCmF9W1LPjXX8X5l1BN4cLwJmscyv4W1JTjvG2z5xl9N5VFxsd1qdNPW4RtpRb6jcfYjN5DhZzK4SddH395Q1&amp;source=gmail&amp;ust=1645213015379000&amp;usg=AOvVaw1JVTyZeHQ-LLMVxiJ_yJic\">\u00c9largissement temporaire de l&rsquo;admissibilit\u00e9 au Programme de soutien en cas de confinement local et \u00e0 la Prestation pour les travailleurs en cas de confinement<\/a><\/li>\r\n \t<li><a href=\"https:\/\/info.cargo-montreal.ca\/e3t\/Btc\/ZU+113\/d11nbd04\/VWw-JT6SszQNW53Kq-n2Cfg4CW3rtmkr4FG7sXN8mSy5m5kh57V3Zsc37CgWW0VmnJWk7WQt3kW1F3fPv5Y_yw6W8z6Z2X5pjh7lW77wmrF8jT62yW7chjw82wL-JQW8QZpZ49jJRLTW62MjfD20_DsLW1rjb0c3WQXR_W4zSbtG6qDy1-W8Wsdhb7Q8CCsVw-Q2W8q3M49N4mtJktZf0-6W3G_VL12R8F_mW6TvRVb3mCDmrW8vXTzV1ZgqwYN4TGy29VXvpPW1dfg805TSg2pW6Cl47q6yGyzNW8QmkNv8NC6RhW1m1d978DDVS1W4wKgg44vTMBcW2mYlBq4j454NW29ryV55FP6xtW2yccqp8MxWlPW35xQM06hRF1PN3rHMTYNHd0lN7x0RgdKlWX0N6BC5xLQ1cXfW3RksMJ7XscN0VvvBrq7MyTgTW6lVtwP1-RTc5W1bRMR862nJg5W6tdwTh21ssDnW8MdRxY7lBK5RW4r7Dtj5F6FMGN24ckSLzMW5rW8NrZ4Y1KXVqCW3PM0Y217drDSW27grpR74W8gsW65kckr97vwD-N121QjHKk8FPW2rgBcw5QNvXz364N1\" target=\"_blank\" rel=\"noopener\" data-saferedirecturl=\"https:\/\/www.google.com\/url?hl=fr-CA&amp;q=https:\/\/info.cargo-montreal.ca\/e3t\/Btc\/ZU%2B113\/d11nbd04\/VWw-JT6SszQNW53Kq-n2Cfg4CW3rtmkr4FG7sXN8mSy5m5kh57V3Zsc37CgWW0VmnJWk7WQt3kW1F3fPv5Y_yw6W8z6Z2X5pjh7lW77wmrF8jT62yW7chjw82wL-JQW8QZpZ49jJRLTW62MjfD20_DsLW1rjb0c3WQXR_W4zSbtG6qDy1-W8Wsdhb7Q8CCsVw-Q2W8q3M49N4mtJktZf0-6W3G_VL12R8F_mW6TvRVb3mCDmrW8vXTzV1ZgqwYN4TGy29VXvpPW1dfg805TSg2pW6Cl47q6yGyzNW8QmkNv8NC6RhW1m1d978DDVS1W4wKgg44vTMBcW2mYlBq4j454NW29ryV55FP6xtW2yccqp8MxWlPW35xQM06hRF1PN3rHMTYNHd0lN7x0RgdKlWX0N6BC5xLQ1cXfW3RksMJ7XscN0VvvBrq7MyTgTW6lVtwP1-RTc5W1bRMR862nJg5W6tdwTh21ssDnW8MdRxY7lBK5RW4r7Dtj5F6FMGN24ckSLzMW5rW8NrZ4Y1KXVqCW3PM0Y217drDSW27grpR74W8gsW65kckr97vwD-N121QjHKk8FPW2rgBcw5QNvXz364N1&amp;source=gmail&amp;ust=1645213015379000&amp;usg=AOvVaw0JZdY_blUYeH3d4IOc8Ejq\">Les programmes de relance mis en place en raison de la COVID-19 continuent de fournir de l\u2019aide aux entreprises et aux organismes canadiens<\/a><\/li>\r\n<\/ul>","protected":false},"excerpt":{"rendered":"Mesures en vigueur Except\u00e9 les\u00a0exigences quant \u00e0 la vaccination des camionneurs, les activit\u00e9s \u00e9conomiques relatives \u00e0 la logistique et au transport de marchandises se poursuivent normalement. \u00c0 partir du 28 f\u00e9vrier le t\u00e9l\u00e9travail sera sugg\u00e9r\u00e9 et non plus obligatoire. Liens utiles Dose additionnelle ou dose de rappel du vaccin contre la COVID-19 Retour au travail [&hellip;]","protected":false},"author":39,"featured_media":12902,"comment_status":"closed","ping_status":"closed","sticky":false,"template":"","format":"standard","meta":{"_acf_changed":false,"footnotes":""},"categories":[20],"tags":[],"class_list":["post-12901","post","type-post","status-publish","format-standard","has-post-thumbnail","hentry","category-services-logistiques"],"acf":[],"yoast_head":"<!-- This site is optimized with the Yoast SEO plugin v27.3 - https:\/\/yoast.com\/product\/yoast-seo-wordpress\/ -->\n<title>Covid-19 - CargoM<\/title>\n<meta name=\"robots\" content=\"index, follow, max-snippet:-1, max-image-preview:large, max-video-preview:-1\" \/>\n<link rel=\"canonical\" href=\"https:\/\/www.cargo-montreal.ca\/fr\/covid-19-6\/\" \/>\n<meta property=\"og:locale\" content=\"fr_FR\" \/>\n<meta property=\"og:type\" content=\"article\" \/>\n<meta property=\"og:title\" content=\"Covid-19 - CargoM\" \/>\n<meta property=\"og:description\" content=\"Mesures en vigueur Except\u00e9 les\u00a0exigences quant \u00e0 la vaccination des camionneurs, les activit\u00e9s \u00e9conomiques relatives \u00e0 la logistique et au transport de marchandises se poursuivent normalement. \u00c0 partir du 28 f\u00e9vrier le t\u00e9l\u00e9travail sera sugg\u00e9r\u00e9 et non plus obligatoire. Liens utiles Dose additionnelle ou dose de rappel du vaccin contre la COVID-19 Retour au travail [&hellip;]\" \/>\n<meta property=\"og:url\" content=\"https:\/\/www.cargo-montreal.ca\/fr\/covid-19-6\/\" \/>\n<meta property=\"og:site_name\" content=\"CargoM\" \/>\n<meta property=\"article:published_time\" content=\"2022-02-17T19:56:38+00:00\" \/>\n<meta property=\"og:image\" content=\"https:\/\/www.cargo-montreal.ca\/wp-content\/uploads\/2022\/02\/covid-19-4939288_960_720.jpg\" \/>\n\t<meta property=\"og:image:width\" content=\"960\" \/>\n\t<meta property=\"og:image:height\" content=\"640\" \/>\n\t<meta property=\"og:image:type\" content=\"image\/jpeg\" \/>\n<meta name=\"author\" content=\"Karine Dudognon\" \/>\n<meta name=\"twitter:card\" content=\"summary_large_image\" \/>\n<meta name=\"twitter:label1\" content=\"\u00c9crit par\" \/>\n\t<meta name=\"twitter:data1\" content=\"Karine Dudognon\" \/>\n\t<meta name=\"twitter:label2\" content=\"Dur\u00e9e de lecture estim\u00e9e\" \/>\n\t<meta name=\"twitter:data2\" content=\"1 minute\" \/>\n<script type=\"application\/ld+json\" class=\"yoast-schema-graph\">{\"@context\":\"https:\\\/\\\/schema.org\",\"@graph\":[{\"@type\":\"Article\",\"@id\":\"https:\\\/\\\/www.cargo-montreal.ca\\\/fr\\\/covid-19-6\\\/#article\",\"isPartOf\":{\"@id\":\"https:\\\/\\\/www.cargo-montreal.ca\\\/fr\\\/covid-19-6\\\/\"},\"author\":{\"name\":\"Karine Dudognon\",\"@id\":\"https:\\\/\\\/www.cargo-montreal.ca\\\/fr\\\/#\\\/schema\\\/person\\\/80476d173ce654813db9fd1533901365\"},\"headline\":\"Covid-19\",\"datePublished\":\"2022-02-17T19:56:38+00:00\",\"mainEntityOfPage\":{\"@id\":\"https:\\\/\\\/www.cargo-montreal.ca\\\/fr\\\/covid-19-6\\\/\"},\"wordCount\":205,\"image\":{\"@id\":\"https:\\\/\\\/www.cargo-montreal.ca\\\/fr\\\/covid-19-6\\\/#primaryimage\"},\"thumbnailUrl\":\"https:\\\/\\\/www.cargo-montreal.ca\\\/wp-content\\\/uploads\\\/2022\\\/02\\\/covid-19-4939288_960_720.jpg\",\"articleSection\":[\"Services logistiques\"],\"inLanguage\":\"fr-FR\"},{\"@type\":\"WebPage\",\"@id\":\"https:\\\/\\\/www.cargo-montreal.ca\\\/fr\\\/covid-19-6\\\/\",\"url\":\"https:\\\/\\\/www.cargo-montreal.ca\\\/fr\\\/covid-19-6\\\/\",\"name\":\"Covid-19 - CargoM\",\"isPartOf\":{\"@id\":\"https:\\\/\\\/www.cargo-montreal.ca\\\/fr\\\/#website\"},\"primaryImageOfPage\":{\"@id\":\"https:\\\/\\\/www.cargo-montreal.ca\\\/fr\\\/covid-19-6\\\/#primaryimage\"},\"image\":{\"@id\":\"https:\\\/\\\/www.cargo-montreal.ca\\\/fr\\\/covid-19-6\\\/#primaryimage\"},\"thumbnailUrl\":\"https:\\\/\\\/www.cargo-montreal.ca\\\/wp-content\\\/uploads\\\/2022\\\/02\\\/covid-19-4939288_960_720.jpg\",\"datePublished\":\"2022-02-17T19:56:38+00:00\",\"author\":{\"@id\":\"https:\\\/\\\/www.cargo-montreal.ca\\\/fr\\\/#\\\/schema\\\/person\\\/80476d173ce654813db9fd1533901365\"},\"breadcrumb\":{\"@id\":\"https:\\\/\\\/www.cargo-montreal.ca\\\/fr\\\/covid-19-6\\\/#breadcrumb\"},\"inLanguage\":\"fr-FR\",\"potentialAction\":[{\"@type\":\"ReadAction\",\"target\":[\"https:\\\/\\\/www.cargo-montreal.ca\\\/fr\\\/covid-19-6\\\/\"]}]},{\"@type\":\"ImageObject\",\"inLanguage\":\"fr-FR\",\"@id\":\"https:\\\/\\\/www.cargo-montreal.ca\\\/fr\\\/covid-19-6\\\/#primaryimage\",\"url\":\"https:\\\/\\\/www.cargo-montreal.ca\\\/wp-content\\\/uploads\\\/2022\\\/02\\\/covid-19-4939288_960_720.jpg\",\"contentUrl\":\"https:\\\/\\\/www.cargo-montreal.ca\\\/wp-content\\\/uploads\\\/2022\\\/02\\\/covid-19-4939288_960_720.jpg\",\"width\":960,\"height\":640},{\"@type\":\"BreadcrumbList\",\"@id\":\"https:\\\/\\\/www.cargo-montreal.ca\\\/fr\\\/covid-19-6\\\/#breadcrumb\",\"itemListElement\":[{\"@type\":\"ListItem\",\"position\":1,\"name\":\"Home\",\"item\":\"https:\\\/\\\/www.cargo-montreal.ca\\\/fr\\\/\"},{\"@type\":\"ListItem\",\"position\":2,\"name\":\"Covid-19\"}]},{\"@type\":\"WebSite\",\"@id\":\"https:\\\/\\\/www.cargo-montreal.ca\\\/fr\\\/#website\",\"url\":\"https:\\\/\\\/www.cargo-montreal.ca\\\/fr\\\/\",\"name\":\"CargoM\",\"description\":\"La mission de CargoM: Rassembler les acteurs de la logistique &amp; du transport de marchandises du Grand Montr\u00e9al autour d&#039;objectifs communs, d&#039;actions concert\u00e9es\",\"potentialAction\":[{\"@type\":\"SearchAction\",\"target\":{\"@type\":\"EntryPoint\",\"urlTemplate\":\"https:\\\/\\\/www.cargo-montreal.ca\\\/fr\\\/?s={search_term_string}\"},\"query-input\":{\"@type\":\"PropertyValueSpecification\",\"valueRequired\":true,\"valueName\":\"search_term_string\"}}],\"inLanguage\":\"fr-FR\"},{\"@type\":\"Person\",\"@id\":\"https:\\\/\\\/www.cargo-montreal.ca\\\/fr\\\/#\\\/schema\\\/person\\\/80476d173ce654813db9fd1533901365\",\"name\":\"Karine Dudognon\",\"image\":{\"@type\":\"ImageObject\",\"inLanguage\":\"fr-FR\",\"@id\":\"https:\\\/\\\/secure.gravatar.com\\\/avatar\\\/673bdfb703a9b6685a88bc7dfb04a9ea2b48b30e9d1663a5e759a4e9bfa3e2c0?s=96&d=mm&r=g\",\"url\":\"https:\\\/\\\/secure.gravatar.com\\\/avatar\\\/673bdfb703a9b6685a88bc7dfb04a9ea2b48b30e9d1663a5e759a4e9bfa3e2c0?s=96&d=mm&r=g\",\"contentUrl\":\"https:\\\/\\\/secure.gravatar.com\\\/avatar\\\/673bdfb703a9b6685a88bc7dfb04a9ea2b48b30e9d1663a5e759a4e9bfa3e2c0?s=96&d=mm&r=g\",\"caption\":\"Karine Dudognon\"},\"url\":\"https:\\\/\\\/www.cargo-montreal.ca\\\/fr\\\/author\\\/karine\\\/\"}]}<\/script>\n<!-- \/ Yoast SEO plugin. -->","yoast_head_json":{"title":"Covid-19 - CargoM","robots":{"index":"index","follow":"follow","max-snippet":"max-snippet:-1","max-image-preview":"max-image-preview:large","max-video-preview":"max-video-preview:-1"},"canonical":"https:\/\/www.cargo-montreal.ca\/fr\/covid-19-6\/","og_locale":"fr_FR","og_type":"article","og_title":"Covid-19 - CargoM","og_description":"Mesures en vigueur Except\u00e9 les\u00a0exigences quant \u00e0 la vaccination des camionneurs, les activit\u00e9s \u00e9conomiques relatives \u00e0 la logistique et au transport de marchandises se poursuivent normalement. \u00c0 partir du 28 f\u00e9vrier le t\u00e9l\u00e9travail sera sugg\u00e9r\u00e9 et non plus obligatoire. Liens utiles Dose additionnelle ou dose de rappel du vaccin contre la COVID-19 Retour au travail [&hellip;]","og_url":"https:\/\/www.cargo-montreal.ca\/fr\/covid-19-6\/","og_site_name":"CargoM","article_published_time":"2022-02-17T19:56:38+00:00","og_image":[{"width":960,"height":640,"url":"https:\/\/www.cargo-montreal.ca\/wp-content\/uploads\/2022\/02\/covid-19-4939288_960_720.jpg","type":"image\/jpeg"}],"author":"Karine Dudognon","twitter_card":"summary_large_image","twitter_misc":{"\u00c9crit par":"Karine Dudognon","Dur\u00e9e de lecture estim\u00e9e":"1 minute"},"schema":{"@context":"https:\/\/schema.org","@graph":[{"@type":"Article","@id":"https:\/\/www.cargo-montreal.ca\/fr\/covid-19-6\/#article","isPartOf":{"@id":"https:\/\/www.cargo-montreal.ca\/fr\/covid-19-6\/"},"author":{"name":"Karine Dudognon","@id":"https:\/\/www.cargo-montreal.ca\/fr\/#\/schema\/person\/80476d173ce654813db9fd1533901365"},"headline":"Covid-19","datePublished":"2022-02-17T19:56:38+00:00","mainEntityOfPage":{"@id":"https:\/\/www.cargo-montreal.ca\/fr\/covid-19-6\/"},"wordCount":205,"image":{"@id":"https:\/\/www.cargo-montreal.ca\/fr\/covid-19-6\/#primaryimage"},"thumbnailUrl":"https:\/\/www.cargo-montreal.ca\/wp-content\/uploads\/2022\/02\/covid-19-4939288_960_720.jpg","articleSection":["Services logistiques"],"inLanguage":"fr-FR"},{"@type":"WebPage","@id":"https:\/\/www.cargo-montreal.ca\/fr\/covid-19-6\/","url":"https:\/\/www.cargo-montreal.ca\/fr\/covid-19-6\/","name":"Covid-19 - CargoM","isPartOf":{"@id":"https:\/\/www.cargo-montreal.ca\/fr\/#website"},"primaryImageOfPage":{"@id":"https:\/\/www.cargo-montreal.ca\/fr\/covid-19-6\/#primaryimage"},"image":{"@id":"https:\/\/www.cargo-montreal.ca\/fr\/covid-19-6\/#primaryimage"},"thumbnailUrl":"https:\/\/www.cargo-montreal.ca\/wp-content\/uploads\/2022\/02\/covid-19-4939288_960_720.jpg","datePublished":"2022-02-17T19:56:38+00:00","author":{"@id":"https:\/\/www.cargo-montreal.ca\/fr\/#\/schema\/person\/80476d173ce654813db9fd1533901365"},"breadcrumb":{"@id":"https:\/\/www.cargo-montreal.ca\/fr\/covid-19-6\/#breadcrumb"},"inLanguage":"fr-FR","potentialAction":[{"@type":"ReadAction","target":["https:\/\/www.cargo-montreal.ca\/fr\/covid-19-6\/"]}]},{"@type":"ImageObject","inLanguage":"fr-FR","@id":"https:\/\/www.cargo-montreal.ca\/fr\/covid-19-6\/#primaryimage","url":"https:\/\/www.cargo-montreal.ca\/wp-content\/uploads\/2022\/02\/covid-19-4939288_960_720.jpg","contentUrl":"https:\/\/www.cargo-montreal.ca\/wp-content\/uploads\/2022\/02\/covid-19-4939288_960_720.jpg","width":960,"height":640},{"@type":"BreadcrumbList","@id":"https:\/\/www.cargo-montreal.ca\/fr\/covid-19-6\/#breadcrumb","itemListElement":[{"@type":"ListItem","position":1,"name":"Home","item":"https:\/\/www.cargo-montreal.ca\/fr\/"},{"@type":"ListItem","position":2,"name":"Covid-19"}]},{"@type":"WebSite","@id":"https:\/\/www.cargo-montreal.ca\/fr\/#website","url":"https:\/\/www.cargo-montreal.ca\/fr\/","name":"CargoM","description":"La mission de CargoM: Rassembler les acteurs de la logistique &amp; du transport de marchandises du Grand Montr\u00e9al autour d&#039;objectifs communs, d&#039;actions concert\u00e9es","potentialAction":[{"@type":"SearchAction","target":{"@type":"EntryPoint","urlTemplate":"https:\/\/www.cargo-montreal.ca\/fr\/?s={search_term_string}"},"query-input":{"@type":"PropertyValueSpecification","valueRequired":true,"valueName":"search_term_string"}}],"inLanguage":"fr-FR"},{"@type":"Person","@id":"https:\/\/www.cargo-montreal.ca\/fr\/#\/schema\/person\/80476d173ce654813db9fd1533901365","name":"Karine Dudognon","image":{"@type":"ImageObject","inLanguage":"fr-FR","@id":"https:\/\/secure.gravatar.com\/avatar\/673bdfb703a9b6685a88bc7dfb04a9ea2b48b30e9d1663a5e759a4e9bfa3e2c0?s=96&d=mm&r=g","url":"https:\/\/secure.gravatar.com\/avatar\/673bdfb703a9b6685a88bc7dfb04a9ea2b48b30e9d1663a5e759a4e9bfa3e2c0?s=96&d=mm&r=g","contentUrl":"https:\/\/secure.gravatar.com\/avatar\/673bdfb703a9b6685a88bc7dfb04a9ea2b48b30e9d1663a5e759a4e9bfa3e2c0?s=96&d=mm&r=g","caption":"Karine Dudognon"},"url":"https:\/\/www.cargo-montreal.ca\/fr\/author\/karine\/"}]}},"_links":{"self":[{"href":"https:\/\/www.cargo-montreal.ca\/fr\/wp-json\/wp\/v2\/posts\/12901","targetHints":{"allow":["GET"]}}],"collection":[{"href":"https:\/\/www.cargo-montreal.ca\/fr\/wp-json\/wp\/v2\/posts"}],"about":[{"href":"https:\/\/www.cargo-montreal.ca\/fr\/wp-json\/wp\/v2\/types\/post"}],"author":[{"embeddable":true,"href":"https:\/\/www.cargo-montreal.ca\/fr\/wp-json\/wp\/v2\/users\/39"}],"replies":[{"embeddable":true,"href":"https:\/\/www.cargo-montreal.ca\/fr\/wp-json\/wp\/v2\/comments?post=12901"}],"version-history":[{"count":1,"href":"https:\/\/www.cargo-montreal.ca\/fr\/wp-json\/wp\/v2\/posts\/12901\/revisions"}],"predecessor-version":[{"id":12904,"href":"https:\/\/www.cargo-montreal.ca\/fr\/wp-json\/wp\/v2\/posts\/12901\/revisions\/12904"}],"wp:featuredmedia":[{"embeddable":true,"href":"https:\/\/www.cargo-montreal.ca\/fr\/wp-json\/wp\/v2\/media\/12902"}],"wp:attachment":[{"href":"https:\/\/www.cargo-montreal.ca\/fr\/wp-json\/wp\/v2\/media?parent=12901"}],"wp:term":[{"taxonomy":"category","embeddable":true,"href":"https:\/\/www.cargo-montreal.ca\/fr\/wp-json\/wp\/v2\/categories?post=12901"},{"taxonomy":"post_tag","embeddable":true,"href":"https:\/\/www.cargo-montreal.ca\/fr\/wp-json\/wp\/v2\/tags?post=12901"}],"curies":[{"name":"wp","href":"https:\/\/api.w.org\/{rel}","templated":true}]}}