{"id":12905,"date":"2022-02-17T19:58:30","date_gmt":"2022-02-17T19:58:30","guid":{"rendered":"https:\/\/www.cargo-montreal.ca\/?p=12905"},"modified":"2022-02-17T20:36:51","modified_gmt":"2022-02-17T20:36:51","slug":"calendrier-3","status":"publish","type":"post","link":"https:\/\/www.cargo-montreal.ca\/fr\/calendrier-3\/","title":{"rendered":"Calendrier"},"content":{"rendered":"<p align=\"justify\">Ne manquez pas les \u00e9v\u00e9nements suivants. Si vous souhaitez que CargoM ajoute votre \u00e9v\u00e9nement \u00e0 son\u00a0<a href=\"https:\/\/info.cargo-montreal.ca\/e3t\/Btc\/ZU+113\/d11nbd04\/VWw-JT6SszQNW53Kq-n2Cfg4CW3rtmkr4FG7sXN8mSy4N3lLBmV1-WJV7CgV5RW8tFs7683C6T-VtnLHk45fVwYW1ktXCK1PLDRjW3J2gNK78861CW57sY0T6v59BnW7w7_sC6_xPV2W2yxPj333RJ62Mz5BXJw9wtGW8JrnCq6TNvT7W3B-Qhf9414g6W8CR4175ZWYk_W8pvf-42w68v9W5DR6fJ1R5t1zW5K1pB36RJg9yW3WNxrT7f6h9fW5p0YJ96qsZDyW5wbWkj5X_16FW2Sxwr51VRmV5N4nYPSsXZQpsW3175LY8Q7jcDW5ZMlzf5XfkfdW3ytBTG7m5dRW3f2K1\" target=\"_blank\" rel=\"noopener\" data-saferedirecturl=\"https:\/\/www.google.com\/url?hl=fr-CA&amp;q=https:\/\/info.cargo-montreal.ca\/e3t\/Btc\/ZU%2B113\/d11nbd04\/VWw-JT6SszQNW53Kq-n2Cfg4CW3rtmkr4FG7sXN8mSy4N3lLBmV1-WJV7CgV5RW8tFs7683C6T-VtnLHk45fVwYW1ktXCK1PLDRjW3J2gNK78861CW57sY0T6v59BnW7w7_sC6_xPV2W2yxPj333RJ62Mz5BXJw9wtGW8JrnCq6TNvT7W3B-Qhf9414g6W8CR4175ZWYk_W8pvf-42w68v9W5DR6fJ1R5t1zW5K1pB36RJg9yW3WNxrT7f6h9fW5p0YJ96qsZDyW5wbWkj5X_16FW2Sxwr51VRmV5N4nYPSsXZQpsW3175LY8Q7jcDW5ZMlzf5XfkfdW3ytBTG7m5dRW3f2K1&amp;source=gmail&amp;ust=1645213015379000&amp;usg=AOvVaw1S-3RGvP2aDGbfuOJat08W\">calendrier<\/a>, contactez Mme\u00a0<a href=\"mailto:kdudognon@cargo-montreal.ca\" target=\"_blank\" rel=\"noopener\">Karine Dudognon<\/a>.<\/p>\r\n23 f\u00e9vrier 2022 \u2013\u00a0<a href=\"https:\/\/info.cargo-montreal.ca\/e3t\/Btc\/ZU+113\/d11nbd04\/VWw-JT6SszQNW53Kq-n2Cfg4CW3rtmkr4FG7sXN8mSy5m3lLBZV1-WJV7CgY9PW69csn57YFV7rW9hGtCs5cYsvlW7scFsX3Flx3mW5fVTVL4G7m4ZW8nFd566RhgrxW1S0cKm8fYr-rW6M62tN4t8l72W7pKPWC4Qq8gHN2tWBFGF96sZW3v7ml850X0n_W8sdCFN6jMzH8W99P5187XsNv9W38b7Ff7lqyVDVxjksn1J-MKWN4M45lxRwtsHW6V9Fc-3YYsdrW3LjTGr4rmTCMVh8-v38Fq3lvVGmsLK5DVHTbW6KZZmX84Wh-1W2bZVyz4mq9CJN36MMyTbWxZkW6pnm_W7L_cMZW8GXKxb53gbmXW2vczx66C0-4tN6Chn2WhFVg53cbj1\" target=\"_blank\" rel=\"noopener\" data-saferedirecturl=\"https:\/\/www.google.com\/url?hl=fr-CA&amp;q=https:\/\/info.cargo-montreal.ca\/e3t\/Btc\/ZU%2B113\/d11nbd04\/VWw-JT6SszQNW53Kq-n2Cfg4CW3rtmkr4FG7sXN8mSy5m3lLBZV1-WJV7CgY9PW69csn57YFV7rW9hGtCs5cYsvlW7scFsX3Flx3mW5fVTVL4G7m4ZW8nFd566RhgrxW1S0cKm8fYr-rW6M62tN4t8l72W7pKPWC4Qq8gHN2tWBFGF96sZW3v7ml850X0n_W8sdCFN6jMzH8W99P5187XsNv9W38b7Ff7lqyVDVxjksn1J-MKWN4M45lxRwtsHW6V9Fc-3YYsdrW3LjTGr4rmTCMVh8-v38Fq3lvVGmsLK5DVHTbW6KZZmX84Wh-1W2bZVyz4mq9CJN36MMyTbWxZkW6pnm_W7L_cMZW8GXKxb53gbmXW2vczx66C0-4tN6Chn2WhFVg53cbj1&amp;source=gmail&amp;ust=1645213015379000&amp;usg=AOvVaw0PHjg29Qg1UCtW_nckYS8d\">L\u2019expertise qu\u00e9b\u00e9coise en gestion de projets\u00a0<\/a>\u2013 KHEOPS\r\n\r\n23 f\u00e9vrier 2022 \u2013\u00a0<a href=\"https:\/\/info.cargo-montreal.ca\/e3t\/Btc\/ZU+113\/d11nbd04\/VWw-JT6SszQNW53Kq-n2Cfg4CW3rtmkr4FG7sXN8mSy5G5nCWtV3Zsc37CgC1FVGPFP07v8FNrW8TVspc5pRG0GW3xDbbv7hJ1L_W6NK6zJ1SjvCSW8C3Xts6cjdlwW5s4F692YrNkzW31T4nD2Zfq3zW2pkm-x63T9vwW2CLQnf2z3C89M97qCTP_CKxW8GnCG28qQ5-SW3rdsLL1dhkh8W4dF56p6rZ0mGW3GBMRC1jJFWRW3ffW7h6wV3FjW6jd-DQ5Rb1wwW33j0QV537ZJLW46LdGH7MpKlcW81Vfct25yHnsW3K5NFk5XQWxSW3cG4Hv21MkvhW5VDHwq2wlMPKW8K4nPm8zhW1xW2FkQD95fTTyqW3zKvBr81HXMRN5T4KF-VCT_SW42q3WY5PcFhBW11jWJp94tzfbW52DMLq6wk-_vW19JNwt8HlZVKW86tkt63zxXfSW2c0KWb2dbzwwW2jCRzz4NLcQlV8mddd5ZQmNTN7grrhZN8xjjW5xr_FJ791lp3W8KrDrp81lhKpW8_VNld2S9wJBW8xjclz2-6bSdW5WXv1h5dn_QbW2stP5h7QQgcRVbV6hz4vjqZcW2nl8Md1BvWwhW4MWcRF7dLn2x3pp31\" target=\"_blank\" rel=\"noopener\" data-saferedirecturl=\"https:\/\/www.google.com\/url?hl=fr-CA&amp;q=https:\/\/info.cargo-montreal.ca\/e3t\/Btc\/ZU%2B113\/d11nbd04\/VWw-JT6SszQNW53Kq-n2Cfg4CW3rtmkr4FG7sXN8mSy5G5nCWtV3Zsc37CgC1FVGPFP07v8FNrW8TVspc5pRG0GW3xDbbv7hJ1L_W6NK6zJ1SjvCSW8C3Xts6cjdlwW5s4F692YrNkzW31T4nD2Zfq3zW2pkm-x63T9vwW2CLQnf2z3C89M97qCTP_CKxW8GnCG28qQ5-SW3rdsLL1dhkh8W4dF56p6rZ0mGW3GBMRC1jJFWRW3ffW7h6wV3FjW6jd-DQ5Rb1wwW33j0QV537ZJLW46LdGH7MpKlcW81Vfct25yHnsW3K5NFk5XQWxSW3cG4Hv21MkvhW5VDHwq2wlMPKW8K4nPm8zhW1xW2FkQD95fTTyqW3zKvBr81HXMRN5T4KF-VCT_SW42q3WY5PcFhBW11jWJp94tzfbW52DMLq6wk-_vW19JNwt8HlZVKW86tkt63zxXfSW2c0KWb2dbzwwW2jCRzz4NLcQlV8mddd5ZQmNTN7grrhZN8xjjW5xr_FJ791lp3W8KrDrp81lhKpW8_VNld2S9wJBW8xjclz2-6bSdW5WXv1h5dn_QbW2stP5h7QQgcRVbV6hz4vjqZcW2nl8Md1BvWwhW4MWcRF7dLn2x3pp31&amp;source=gmail&amp;ust=1645213015379000&amp;usg=AOvVaw2x4VwW7aLKz1WuMzrYCvSe\">Comment pr\u00e9parer l&rsquo;\u00e9conomie du futur au d\u00e9veloppement durable<\/a>\u00a0\u2013\u00a0<a href=\"https:\/\/info.cargo-montreal.ca\/e3t\/Btc\/ZU+113\/d11nbd04\/VWw-JT6SszQNW53Kq-n2Cfg4CW3rtmkr4FG7sXN8mSy493lLzNV1-WJV7Cg-tyW1ltYgH3FZYK_W3PrCCB3pt2kVW5KvXrS6bQS4ZW4LVKFg4_-kh6W18w-rx7ShkbRW8gk4sb1XTMkXW54nhXJ4-BW24W8qp4WV6CLPVcW8s6vyx141qYsW4tDQpt4nh4-jW3SyPn44-CrJQW13c5p07G2cNQW1wLf297-lbXQW2PJkHR8wHyVjW5DL6yM86y_Z9Vr8clp3khgjbW6hPJHP4d3gklW8yHHy_5xtYjY34Mn1\" target=\"_blank\" rel=\"noopener\" data-saferedirecturl=\"https:\/\/www.google.com\/url?hl=fr-CA&amp;q=https:\/\/info.cargo-montreal.ca\/e3t\/Btc\/ZU%2B113\/d11nbd04\/VWw-JT6SszQNW53Kq-n2Cfg4CW3rtmkr4FG7sXN8mSy493lLzNV1-WJV7Cg-tyW1ltYgH3FZYK_W3PrCCB3pt2kVW5KvXrS6bQS4ZW4LVKFg4_-kh6W18w-rx7ShkbRW8gk4sb1XTMkXW54nhXJ4-BW24W8qp4WV6CLPVcW8s6vyx141qYsW4tDQpt4nh4-jW3SyPn44-CrJQW13c5p07G2cNQW1wLf297-lbXQW2PJkHR8wHyVjW5DL6yM86y_Z9Vr8clp3khgjbW6hPJHP4d3gklW8yHHy_5xtYjY34Mn1&amp;source=gmail&amp;ust=1645213015379000&amp;usg=AOvVaw0PSZudeYnYHKzCaTRPJVL9\">CCMM<\/a>\r\n<p align=\"justify\">28 au 30 avril 2022 \u2013\u00a0<a href=\"https:\/\/info.cargo-montreal.ca\/e3t\/Btc\/ZU+113\/d11nbd04\/VWw-JT6SszQNW53Kq-n2Cfg4CW3rtmkr4FG7sXN8mSy5m3lLBZV1-WJV7CgC-5W1hrGjX8X4fWrW5WsKPj2MkC6nVPn1QB4yM5FJW7Ybch_7H-31jW5VYBdZ7k_vWjW6hkPCc2Cn9wvW5CGbQL6r2YJ3W51fx055tgxTyW3Xh1J43Pvr97W6-f5LL24Cm7yN65d_JXlNKndW1HVdh51MxYrxW8wB0-z98-xd5W7YC22t98ny2KW2kL9hc6R0HBfW3_ZzLJ5d0HLxN8lB27k7LxnBW7G-kj5343mwPW7x8ry07TPJZvW7JLPqs1t8C8XV5m1_r6Tj6CGW5d0Xx06PT0gzW4th2xn5QLL2TW7CFDvc1VrSZ-W8G-pBp1Y5g_dN47l3ZMGcjTk348Y1\" target=\"_blank\" rel=\"noopener\" data-saferedirecturl=\"https:\/\/www.google.com\/url?hl=fr-CA&amp;q=https:\/\/info.cargo-montreal.ca\/e3t\/Btc\/ZU%2B113\/d11nbd04\/VWw-JT6SszQNW53Kq-n2Cfg4CW3rtmkr4FG7sXN8mSy5m3lLBZV1-WJV7CgC-5W1hrGjX8X4fWrW5WsKPj2MkC6nVPn1QB4yM5FJW7Ybch_7H-31jW5VYBdZ7k_vWjW6hkPCc2Cn9wvW5CGbQL6r2YJ3W51fx055tgxTyW3Xh1J43Pvr97W6-f5LL24Cm7yN65d_JXlNKndW1HVdh51MxYrxW8wB0-z98-xd5W7YC22t98ny2KW2kL9hc6R0HBfW3_ZzLJ5d0HLxN8lB27k7LxnBW7G-kj5343mwPW7x8ry07TPJZvW7JLPqs1t8C8XV5m1_r6Tj6CGW5d0Xx06PT0gzW4th2xn5QLL2TW7CFDvc1VrSZ-W8G-pBp1Y5g_dN47l3ZMGcjTk348Y1&amp;source=gmail&amp;ust=1645213015379000&amp;usg=AOvVaw0SsNZdibStr6EQer7vaN8P\">Congr\u00e8s annuel : L&rsquo;humain, le moteur de notre industrie<\/a>\u00a0\u2013\u00a0<a href=\"https:\/\/info.cargo-montreal.ca\/e3t\/Btc\/ZU+113\/d11nbd04\/VWw-JT6SszQNW53Kq-n2Cfg4CW3rtmkr4FG7sXN8mSy4t3lLB3V1-WJV7CgDJHN2fdSY__6mxsW7yqYn98ZHLtfW2QTg_n84Zt8NW4sHNbq37tjCHW4GxstS7XjFrGW3x5jLx558HpRW8h4tzZ4F3nNwV7fT9j61Pd77N8wwqN6PSSsgW3KfjQf7SpwNcW8SfQ-93n9qljW4_v8kL6XxWlRW6nG63j441ZPxW8Dstq22-v0ZTW3YKSH_6B4kWnW24kSFS1fZ-z7W7kgwqc7_NFRxW4F6Bvp8_MMfPMnv2LpTCWj6VSq4TH1WlBsB3lqC1\" target=\"_blank\" rel=\"noopener\" data-saferedirecturl=\"https:\/\/www.google.com\/url?hl=fr-CA&amp;q=https:\/\/info.cargo-montreal.ca\/e3t\/Btc\/ZU%2B113\/d11nbd04\/VWw-JT6SszQNW53Kq-n2Cfg4CW3rtmkr4FG7sXN8mSy4t3lLB3V1-WJV7CgDJHN2fdSY__6mxsW7yqYn98ZHLtfW2QTg_n84Zt8NW4sHNbq37tjCHW4GxstS7XjFrGW3x5jLx558HpRW8h4tzZ4F3nNwV7fT9j61Pd77N8wwqN6PSSsgW3KfjQf7SpwNcW8SfQ-93n9qljW4_v8kL6XxWlRW6nG63j441ZPxW8Dstq22-v0ZTW3YKSH_6B4kWnW24kSFS1fZ-z7W7kgwqc7_NFRxW4F6Bvp8_MMfPMnv2LpTCWj6VSq4TH1WlBsB3lqC1&amp;source=gmail&amp;ust=1645213015379000&amp;usg=AOvVaw3ooQU-vmacZmmaANGEwO58\">Association du camionnage du Qu\u00e9bec (ACQ)<\/a><\/p>\r\n<p align=\"justify\">29 avril 2022 \u2013\u00a0<a href=\"https:\/\/info.cargo-montreal.ca\/e3t\/Btc\/ZU+113\/d11nbd04\/VWw-JT6SszQNW53Kq-n2Cfg4CW3rtmkr4FG7sXN8mSy4N3lLBmV1-WJV7CgX8vW8dh1Vw2TfPX6W4vFGFF7L91C-W7Nvr371VZ57FW4NDVml21-CjgN1GxK42PzmHwW6kd0F72xy3vVW993_x14W7SSqN4CqK7ZbxK1pW5b5qT62LMPjgW8K4_Kh6H3GHbW7L6x7q8l5fFcW4Kn91y2rW7zRW8mYJ_997bBVdW323rVL3tYYxBW8bzcQ99d2vmyW1XHyRd6qBzbYW6t9_W07Mml-hW3ckSdw8PT4YqW51s9Rr2H7zsDW6DGbfL5lz-K5W8R-rYS5J3hQ3W6zjTh395btYH3ggM1\" target=\"_blank\" rel=\"noopener\" data-saferedirecturl=\"https:\/\/www.google.com\/url?hl=fr-CA&amp;q=https:\/\/info.cargo-montreal.ca\/e3t\/Btc\/ZU%2B113\/d11nbd04\/VWw-JT6SszQNW53Kq-n2Cfg4CW3rtmkr4FG7sXN8mSy4N3lLBmV1-WJV7CgX8vW8dh1Vw2TfPX6W4vFGFF7L91C-W7Nvr371VZ57FW4NDVml21-CjgN1GxK42PzmHwW6kd0F72xy3vVW993_x14W7SSqN4CqK7ZbxK1pW5b5qT62LMPjgW8K4_Kh6H3GHbW7L6x7q8l5fFcW4Kn91y2rW7zRW8mYJ_997bBVdW323rVL3tYYxBW8bzcQ99d2vmyW1XHyRd6qBzbYW6t9_W07Mml-hW3ckSdw8PT4YqW51s9Rr2H7zsDW6DGbfL5lz-K5W8R-rYS5J3hQ3W6zjTh395btYH3ggM1&amp;source=gmail&amp;ust=1645213015379000&amp;usg=AOvVaw2yOMD8F_pXAOPdGaaptIu0\">Bal du 85e anniversaire des Armateurs du Saint-Laurent<\/a>\u00a0\u2013\u00a0<a href=\"https:\/\/info.cargo-montreal.ca\/e3t\/Btc\/ZU+113\/d11nbd04\/VWw-JT6SszQNW53Kq-n2Cfg4CW3rtmkr4FG7sXN8mSy4t3lLB3V1-WJV7CgFskW1YG1XS4B5gFVW8qBBh01tqgnFN49NCfgMBzVlW4QlWls3vWdTpW2d-PZD74GjwzW5zmvVH4BgfbsW9gnfJ37809-mW2JjWjP2SV6BrW4LJ_8B9lls3mW7kgTGc353V0XW2bj_Tr26RbhpW8H8snF87RdpXW7Tzrz424rxpLW78y3Dk80SXmyW7Ysmd-34s9WBW2jQdDT51M_j0W2_T3RY64M95JW209--F2LCprMW7kL2zj7dnmrzVzjG-s5RPHDL3fPQ1\" target=\"_blank\" rel=\"noopener\" data-saferedirecturl=\"https:\/\/www.google.com\/url?hl=fr-CA&amp;q=https:\/\/info.cargo-montreal.ca\/e3t\/Btc\/ZU%2B113\/d11nbd04\/VWw-JT6SszQNW53Kq-n2Cfg4CW3rtmkr4FG7sXN8mSy4t3lLB3V1-WJV7CgFskW1YG1XS4B5gFVW8qBBh01tqgnFN49NCfgMBzVlW4QlWls3vWdTpW2d-PZD74GjwzW5zmvVH4BgfbsW9gnfJ37809-mW2JjWjP2SV6BrW4LJ_8B9lls3mW7kgTGc353V0XW2bj_Tr26RbhpW8H8snF87RdpXW7Tzrz424rxpLW78y3Dk80SXmyW7Ysmd-34s9WBW2jQdDT51M_j0W2_T3RY64M95JW209--F2LCprMW7kL2zj7dnmrzVzjG-s5RPHDL3fPQ1&amp;source=gmail&amp;ust=1645213015379000&amp;usg=AOvVaw3W2f3bJ0VF5pGJzQgEYrTm\">Armateur du Saint-Laurent<\/a><\/p>\r\n<p align=\"justify\">18 mai 2022\u00a0\u2013\u00a0<a href=\"https:\/\/info.cargo-montreal.ca\/e3t\/Btc\/ZU+113\/d11nbd04\/VWw-JT6SszQNW53Kq-n2Cfg4CW3rtmkr4FG7sXN8mSy5m3lLBZV1-WJV7CgN3CW2vYfVg5dQH0xW5-Nwlh2tZW75W2VjxpB620vpLW68HNHM12cQYCW5zJ50n1ljfMSW1zP8gl3fhYdyW1bGKGF482DM1F6k24PJ9tycN7wkqxdQmbGrN4Tj5P-7LGJXVCXptZ56bZRtW7CcJT-6Dmt-qW291Phl5W3m78W5ygfWP3pvpFmW1szBRz4J1GsvW3GKdF_3DTBBsW8367sB3rZBdXW7jd0GW8PPWf6N8F3w6D_xCG1N2L8BDnF5_j9W20fwJ530JrpBVR4dvn3y7P1CW1dMvXm1-zXqcW5pBt8Y4KHfZHW8CmKYC71x5QwW9ddKJZ1D17N63cL01\" target=\"_blank\" rel=\"noopener\" data-saferedirecturl=\"https:\/\/www.google.com\/url?hl=fr-CA&amp;q=https:\/\/info.cargo-montreal.ca\/e3t\/Btc\/ZU%2B113\/d11nbd04\/VWw-JT6SszQNW53Kq-n2Cfg4CW3rtmkr4FG7sXN8mSy5m3lLBZV1-WJV7CgN3CW2vYfVg5dQH0xW5-Nwlh2tZW75W2VjxpB620vpLW68HNHM12cQYCW5zJ50n1ljfMSW1zP8gl3fhYdyW1bGKGF482DM1F6k24PJ9tycN7wkqxdQmbGrN4Tj5P-7LGJXVCXptZ56bZRtW7CcJT-6Dmt-qW291Phl5W3m78W5ygfWP3pvpFmW1szBRz4J1GsvW3GKdF_3DTBBsW8367sB3rZBdXW7jd0GW8PPWf6N8F3w6D_xCG1N2L8BDnF5_j9W20fwJ530JrpBVR4dvn3y7P1CW1dMvXm1-zXqcW5pBt8Y4KHfZHW8CmKYC71x5QwW9ddKJZ1D17N63cL01&amp;source=gmail&amp;ust=1645213015379000&amp;usg=AOvVaw3hV48sgffE4NOtHX9Pfeke\">Recrutement international : comment s\u2019y prendre ?<\/a>\u00a0\u2013\u00a0<a href=\"https:\/\/info.cargo-montreal.ca\/e3t\/Btc\/ZU+113\/d11nbd04\/VWw-JT6SszQNW53Kq-n2Cfg4CW3rtmkr4FG7sXN8mSy4t3lLB3V1-WJV7Cg-xXVwHQyb1SrM4sW6j_qvL4PW3-7N3MSV_CwHCGdW2ts1gQ6f_G4TW6QT1xB8Qy1shW4YpdPh8bRYTFW6LrYMW7y5G4rN3cqsLySRM86W7xry_X1rmqSyW8fm3rH6CmgzWN5nMbn1mYJp3W7S-8yC8vrgbYW5xgx0h6HZsGPW74PhbK2ZhhpjVfkjg715tSpqW3bJyDM2HxpqxW5S-fq312yXlwW8vShKB84l67hW4jXRYz1QMHgdW4JF05z4WkyV03c7V1\" target=\"_blank\" rel=\"noopener\" data-saferedirecturl=\"https:\/\/www.google.com\/url?hl=fr-CA&amp;q=https:\/\/info.cargo-montreal.ca\/e3t\/Btc\/ZU%2B113\/d11nbd04\/VWw-JT6SszQNW53Kq-n2Cfg4CW3rtmkr4FG7sXN8mSy4t3lLB3V1-WJV7Cg-xXVwHQyb1SrM4sW6j_qvL4PW3-7N3MSV_CwHCGdW2ts1gQ6f_G4TW6QT1xB8Qy1shW4YpdPh8bRYTFW6LrYMW7y5G4rN3cqsLySRM86W7xry_X1rmqSyW8fm3rH6CmgzWN5nMbn1mYJp3W7S-8yC8vrgbYW5xgx0h6HZsGPW74PhbK2ZhhpjVfkjg715tSpqW3bJyDM2HxpqxW5S-fq312yXlwW8vShKB84l67hW4jXRYz1QMHgdW4JF05z4WkyV03c7V1&amp;source=gmail&amp;ust=1645213015379000&amp;usg=AOvVaw0O-8XtqKzKUvWDEB61vhk0\">Association du camionnage du Qu\u00e9bec (ACQ)<\/a><\/p>\r\n<p align=\"justify\">19 et 20 mai 2022\u00a0\u2013\u00a0<a href=\"https:\/\/info.cargo-montreal.ca\/e3t\/Btc\/ZU+113\/d11nbd04\/VWw-JT6SszQNW53Kq-n2Cfg4CW3rtmkr4FG7sXN8mSy533lLBGV1-WJV7CgGNfW8L7Jy91h4qwbVgN1B-1NJDDsN3Q6rjGRyvKfW2hT2BX1xWKbjN7YdN1nyj0CRW39Ww5Y95g0GBW59dY-v19S6hKW1s6Tdv3ZSJPMW37hcW_7bXktdN7HW0Y8D2n19W7Tx28c4kn_bjW5mnPmf5z5blTW6wQ_-H4BgJgFW5BHf065mW375W93XYrn4fQ6w2W1nFk5f96C0CjVVf3zt2HX4klW4yRKCK7wNR_yW2fdK2Z4C3KyhW5bZcH350cqGXW4mlflp5mlyxBW1746ZQ7BpZZHW25DQl74nRmptW2Xyhvh5wFlz03dST1\" target=\"_blank\" rel=\"noopener\" data-saferedirecturl=\"https:\/\/www.google.com\/url?hl=fr-CA&amp;q=https:\/\/info.cargo-montreal.ca\/e3t\/Btc\/ZU%2B113\/d11nbd04\/VWw-JT6SszQNW53Kq-n2Cfg4CW3rtmkr4FG7sXN8mSy533lLBGV1-WJV7CgGNfW8L7Jy91h4qwbVgN1B-1NJDDsN3Q6rjGRyvKfW2hT2BX1xWKbjN7YdN1nyj0CRW39Ww5Y95g0GBW59dY-v19S6hKW1s6Tdv3ZSJPMW37hcW_7bXktdN7HW0Y8D2n19W7Tx28c4kn_bjW5mnPmf5z5blTW6wQ_-H4BgJgFW5BHf065mW375W93XYrn4fQ6w2W1nFk5f96C0CjVVf3zt2HX4klW4yRKCK7wNR_yW2fdK2Z4C3KyhW5bZcH350cqGXW4mlflp5mlyxBW1746ZQ7BpZZHW25DQl74nRmptW2Xyhvh5wFlz03dST1&amp;source=gmail&amp;ust=1645213015379000&amp;usg=AOvVaw1Rcd-nC_-Ukf4dD-A1iH3d\">Assises qu\u00e9b\u00e9coises du secteur maritime (AQSM)\u00a0Voici le lien pour plus de d\u00e9tails<\/a>\u00a0\u2013\u00a0<a href=\"https:\/\/info.cargo-montreal.ca\/e3t\/Btc\/ZU+113\/d11nbd04\/VWw-JT6SszQNW53Kq-n2Cfg4CW3rtmkr4FG7sXN8mSy4t3lLB3V1-WJV7CgWPtW8wXcd39kst45W56gsyd6Hnp7WW9l-SL01B_h_cW1-yWd-1fg0j5W8Pw91H6ZSBkNW9gNvCH1GGn3rW2VKGqY2zSkwMW4KTzsH7Mcjl5W2gVfHN4fjwgyW6mSrxs2cfXcqW8-TVtk6LjfnSW9h0GW66n-fGTW80N9fj5hcX-4V7bBKN5fTCxGV81xrv4_dtlSW11-3MG3w9v7vW6D4k-n8J_rthW22Sj6h24VHwXW4mk87677jVbkW39QqnF2y5nTR3lj81\" target=\"_blank\" rel=\"noopener\" data-saferedirecturl=\"https:\/\/www.google.com\/url?hl=fr-CA&amp;q=https:\/\/info.cargo-montreal.ca\/e3t\/Btc\/ZU%2B113\/d11nbd04\/VWw-JT6SszQNW53Kq-n2Cfg4CW3rtmkr4FG7sXN8mSy4t3lLB3V1-WJV7CgWPtW8wXcd39kst45W56gsyd6Hnp7WW9l-SL01B_h_cW1-yWd-1fg0j5W8Pw91H6ZSBkNW9gNvCH1GGn3rW2VKGqY2zSkwMW4KTzsH7Mcjl5W2gVfHN4fjwgyW6mSrxs2cfXcqW8-TVtk6LjfnSW9h0GW66n-fGTW80N9fj5hcX-4V7bBKN5fTCxGV81xrv4_dtlSW11-3MG3w9v7vW6D4k-n8J_rthW22Sj6h24VHwXW4mk87677jVbkW39QqnF2y5nTR3lj81&amp;source=gmail&amp;ust=1645213015379000&amp;usg=AOvVaw2EoX4-r8Ri9ab13HWjzwKe\">Soci\u00e9t\u00e9 de d\u00e9veloppement \u00e9conomique du Saint-Laurent<\/a><\/p>\r\n<p align=\"justify\">12 au 15 juin 2022\u00a0\u2013\u00a0<a href=\"https:\/\/info.cargo-montreal.ca\/e3t\/Btc\/ZU+113\/d11nbd04\/VWw-JT6SszQNW53Kq-n2Cfg4CW3rtmkr4FG7sXN8mSy4t3lLB3V1-WJV7CgzL-W21cJQW5N_0f5W2CvtSS2k-wg0N4DnkvFhRjpYW12wDdc4lkgQfN21GyQDDfT-xW1gSdlr4fW5VBW3N7ngm7kHkp6W8z2QPm18Z7TwW5q8X_P74nlh-W2MlWXg7f_d4XW8BBc672Qwyt2W5JlL254rpFWCW4DP9FH2gw8rDW4rpZ_Z1mXHV0VC7jyp74_vZPW2gMfj65sysSQW4knwN72xhwXnW5M2KYG3BP9C3N1mCB5qHHQgRTj4qN2zw7Zh34TV1\" target=\"_blank\" rel=\"noopener\" data-saferedirecturl=\"https:\/\/www.google.com\/url?hl=fr-CA&amp;q=https:\/\/info.cargo-montreal.ca\/e3t\/Btc\/ZU%2B113\/d11nbd04\/VWw-JT6SszQNW53Kq-n2Cfg4CW3rtmkr4FG7sXN8mSy4t3lLB3V1-WJV7CgzL-W21cJQW5N_0f5W2CvtSS2k-wg0N4DnkvFhRjpYW12wDdc4lkgQfN21GyQDDfT-xW1gSdlr4fW5VBW3N7ngm7kHkp6W8z2QPm18Z7TwW5q8X_P74nlh-W2MlWXg7f_d4XW8BBc672Qwyt2W5JlL254rpFWCW4DP9FH2gw8rDW4rpZ_Z1mXHV0VC7jyp74_vZPW2gMfj65sysSQW4knwN72xhwXnW5M2KYG3BP9C3N1mCB5qHHQgRTj4qN2zw7Zh34TV1&amp;source=gmail&amp;ust=1645213015379000&amp;usg=AOvVaw2NgQKUJPO2J2CEitG2NDSV\">57<sup>e<\/sup>\u00a0Conf\u00e9rence annuelle<\/a>\u00a0\u2013\u00a0<a href=\"https:\/\/info.cargo-montreal.ca\/e3t\/Btc\/ZU+113\/d11nbd04\/VWw-JT6SszQNW53Kq-n2Cfg4CW3rtmkr4FG7sXN8mSy493lLzNV1-WJV7CgZV7W6SFmb-476NFLW7TWknW353MCCW412RNy7_GMvFN5GdgdmN8c6SN2GFYDD25cXyW5WPv2X7B0nZvW3KtXXH1zmphGW2-YBHS8ZzqBtW2wSYPX2GYvxwW8z_YGb5sSjlNW5RHhC05D794YW47r0NZ5XSjYbN7jh-y5b1WBPW8gK8Pm1ZDCrbW8hDd8B5hwXRyV8znW92JPd4NW1-Hhcg2B48cLW5wq8Pq6n-5md3dFj1\" target=\"_blank\" rel=\"noopener\" data-saferedirecturl=\"https:\/\/www.google.com\/url?hl=fr-CA&amp;q=https:\/\/info.cargo-montreal.ca\/e3t\/Btc\/ZU%2B113\/d11nbd04\/VWw-JT6SszQNW53Kq-n2Cfg4CW3rtmkr4FG7sXN8mSy493lLzNV1-WJV7CgZV7W6SFmb-476NFLW7TWknW353MCCW412RNy7_GMvFN5GdgdmN8c6SN2GFYDD25cXyW5WPv2X7B0nZvW3KtXXH1zmphGW2-YBHS8ZzqBtW2wSYPX2GYvxwW8z_YGb5sSjlNW5RHhC05D794YW47r0NZ5XSjYbN7jh-y5b1WBPW8gK8Pm1ZDCrbW8hDd8B5hwXRyV8znW92JPd4NW1-Hhcg2B48cLW5wq8Pq6n-5md3dFj1&amp;source=gmail&amp;ust=1645213015379000&amp;usg=AOvVaw3vYdzC7Q9n7KJR1J-e8N6x\">Groupe de recherches sur les transports au Canada \/ Canadian Transportation Research Forum<\/a><\/p>\r\n<p align=\"justify\"><a href=\"https:\/\/www.cargo-montreal.ca\/wp-content\/uploads\/2022\/02\/Reporte-Bal-des-armateurs-1.jpg\"><img loading=\"lazy\" decoding=\"async\" class=\"alignnone size-medium wp-image-12867\" src=\"https:\/\/www.cargo-montreal.ca\/wp-content\/uploads\/2022\/02\/Reporte-Bal-des-armateurs-1-300x230.jpg\" alt=\"\" width=\"300\" height=\"230\" srcset=\"https:\/\/www.cargo-montreal.ca\/wp-content\/uploads\/2022\/02\/Reporte-Bal-des-armateurs-1-300x230.jpg 300w, https:\/\/www.cargo-montreal.ca\/wp-content\/uploads\/2022\/02\/Reporte-Bal-des-armateurs-1-768x590.jpg 768w, https:\/\/www.cargo-montreal.ca\/wp-content\/uploads\/2022\/02\/Reporte-Bal-des-armateurs-1.jpg 836w\" sizes=\"auto, (max-width: 300px) 100vw, 300px\" \/><\/a> <a href=\"https:\/\/www.cargo-montreal.ca\/wp-content\/uploads\/2022\/02\/EvenementKheops.jpg\"><img loading=\"lazy\" decoding=\"async\" class=\"alignnone size-medium wp-image-12847\" src=\"https:\/\/www.cargo-montreal.ca\/wp-content\/uploads\/2022\/02\/EvenementKheops-300x240.jpg\" alt=\"\" width=\"300\" height=\"240\" srcset=\"https:\/\/www.cargo-montreal.ca\/wp-content\/uploads\/2022\/02\/EvenementKheops-300x240.jpg 300w, https:\/\/www.cargo-montreal.ca\/wp-content\/uploads\/2022\/02\/EvenementKheops-768x614.jpg 768w, https:\/\/www.cargo-montreal.ca\/wp-content\/uploads\/2022\/02\/EvenementKheops.jpg 945w\" sizes=\"auto, (max-width: 300px) 100vw, 300px\" \/><\/a><\/p>","protected":false},"excerpt":{"rendered":"Ne manquez pas les \u00e9v\u00e9nements suivants. Si vous souhaitez que CargoM ajoute votre \u00e9v\u00e9nement \u00e0 son\u00a0calendrier, contactez Mme\u00a0Karine Dudognon. 23 f\u00e9vrier 2022 \u2013\u00a0L\u2019expertise qu\u00e9b\u00e9coise en gestion de projets\u00a0\u2013 KHEOPS 23 f\u00e9vrier 2022 \u2013\u00a0Comment pr\u00e9parer l&rsquo;\u00e9conomie du futur au d\u00e9veloppement durable\u00a0\u2013\u00a0CCMM 28 au 30 avril 2022 \u2013\u00a0Congr\u00e8s annuel : L&rsquo;humain, le moteur de notre industrie\u00a0\u2013\u00a0Association du [&hellip;]","protected":false},"author":39,"featured_media":12077,"comment_status":"closed","ping_status":"closed","sticky":false,"template":"","format":"standard","meta":{"_acf_changed":false,"footnotes":""},"categories":[20],"tags":[],"class_list":["post-12905","post","type-post","status-publish","format-standard","has-post-thumbnail","hentry","category-services-logistiques"],"acf":[],"yoast_head":"<!-- This site is optimized with the Yoast SEO plugin v27.3 - https:\/\/yoast.com\/product\/yoast-seo-wordpress\/ -->\n<title>Calendrier - CargoM<\/title>\n<meta name=\"robots\" content=\"index, follow, max-snippet:-1, max-image-preview:large, max-video-preview:-1\" \/>\n<link rel=\"canonical\" href=\"https:\/\/www.cargo-montreal.ca\/fr\/calendrier-3\/\" \/>\n<meta property=\"og:locale\" content=\"fr_FR\" \/>\n<meta property=\"og:type\" content=\"article\" \/>\n<meta property=\"og:title\" content=\"Calendrier - CargoM\" \/>\n<meta property=\"og:description\" content=\"Ne manquez pas les \u00e9v\u00e9nements suivants. Si vous souhaitez que CargoM ajoute votre \u00e9v\u00e9nement \u00e0 son\u00a0calendrier, contactez Mme\u00a0Karine Dudognon. 23 f\u00e9vrier 2022 \u2013\u00a0L\u2019expertise qu\u00e9b\u00e9coise en gestion de projets\u00a0\u2013 KHEOPS 23 f\u00e9vrier 2022 \u2013\u00a0Comment pr\u00e9parer l&rsquo;\u00e9conomie du futur au d\u00e9veloppement durable\u00a0\u2013\u00a0CCMM 28 au 30 avril 2022 \u2013\u00a0Congr\u00e8s annuel : L&rsquo;humain, le moteur de notre industrie\u00a0\u2013\u00a0Association du [&hellip;]\" \/>\n<meta property=\"og:url\" content=\"https:\/\/www.cargo-montreal.ca\/fr\/calendrier-3\/\" \/>\n<meta property=\"og:site_name\" content=\"CargoM\" \/>\n<meta property=\"article:published_time\" content=\"2022-02-17T19:58:30+00:00\" \/>\n<meta property=\"article:modified_time\" content=\"2022-02-17T20:36:51+00:00\" \/>\n<meta property=\"og:image\" content=\"https:\/\/www.cargo-montreal.ca\/wp-content\/uploads\/2021\/09\/calendrier-scaled-e1631211612898.jpg\" \/>\n\t<meta property=\"og:image:width\" content=\"1800\" \/>\n\t<meta property=\"og:image:height\" content=\"1800\" \/>\n\t<meta property=\"og:image:type\" content=\"image\/jpeg\" \/>\n<meta name=\"author\" content=\"Karine Dudognon\" \/>\n<meta name=\"twitter:card\" content=\"summary_large_image\" \/>\n<meta name=\"twitter:label1\" content=\"\u00c9crit par\" \/>\n\t<meta name=\"twitter:data1\" content=\"Karine Dudognon\" \/>\n\t<meta name=\"twitter:label2\" content=\"Dur\u00e9e de lecture estim\u00e9e\" \/>\n\t<meta name=\"twitter:data2\" content=\"1 minute\" \/>\n<script type=\"application\/ld+json\" class=\"yoast-schema-graph\">{\"@context\":\"https:\\\/\\\/schema.org\",\"@graph\":[{\"@type\":\"Article\",\"@id\":\"https:\\\/\\\/www.cargo-montreal.ca\\\/fr\\\/calendrier-3\\\/#article\",\"isPartOf\":{\"@id\":\"https:\\\/\\\/www.cargo-montreal.ca\\\/fr\\\/calendrier-3\\\/\"},\"author\":{\"name\":\"Karine Dudognon\",\"@id\":\"https:\\\/\\\/www.cargo-montreal.ca\\\/fr\\\/#\\\/schema\\\/person\\\/80476d173ce654813db9fd1533901365\"},\"headline\":\"Calendrier\",\"datePublished\":\"2022-02-17T19:58:30+00:00\",\"dateModified\":\"2022-02-17T20:36:51+00:00\",\"mainEntityOfPage\":{\"@id\":\"https:\\\/\\\/www.cargo-montreal.ca\\\/fr\\\/calendrier-3\\\/\"},\"wordCount\":138,\"image\":{\"@id\":\"https:\\\/\\\/www.cargo-montreal.ca\\\/fr\\\/calendrier-3\\\/#primaryimage\"},\"thumbnailUrl\":\"https:\\\/\\\/www.cargo-montreal.ca\\\/wp-content\\\/uploads\\\/2021\\\/09\\\/calendrier-scaled-e1631211612898.jpg\",\"articleSection\":[\"Services logistiques\"],\"inLanguage\":\"fr-FR\"},{\"@type\":\"WebPage\",\"@id\":\"https:\\\/\\\/www.cargo-montreal.ca\\\/fr\\\/calendrier-3\\\/\",\"url\":\"https:\\\/\\\/www.cargo-montreal.ca\\\/fr\\\/calendrier-3\\\/\",\"name\":\"Calendrier - CargoM\",\"isPartOf\":{\"@id\":\"https:\\\/\\\/www.cargo-montreal.ca\\\/fr\\\/#website\"},\"primaryImageOfPage\":{\"@id\":\"https:\\\/\\\/www.cargo-montreal.ca\\\/fr\\\/calendrier-3\\\/#primaryimage\"},\"image\":{\"@id\":\"https:\\\/\\\/www.cargo-montreal.ca\\\/fr\\\/calendrier-3\\\/#primaryimage\"},\"thumbnailUrl\":\"https:\\\/\\\/www.cargo-montreal.ca\\\/wp-content\\\/uploads\\\/2021\\\/09\\\/calendrier-scaled-e1631211612898.jpg\",\"datePublished\":\"2022-02-17T19:58:30+00:00\",\"dateModified\":\"2022-02-17T20:36:51+00:00\",\"author\":{\"@id\":\"https:\\\/\\\/www.cargo-montreal.ca\\\/fr\\\/#\\\/schema\\\/person\\\/80476d173ce654813db9fd1533901365\"},\"breadcrumb\":{\"@id\":\"https:\\\/\\\/www.cargo-montreal.ca\\\/fr\\\/calendrier-3\\\/#breadcrumb\"},\"inLanguage\":\"fr-FR\",\"potentialAction\":[{\"@type\":\"ReadAction\",\"target\":[\"https:\\\/\\\/www.cargo-montreal.ca\\\/fr\\\/calendrier-3\\\/\"]}]},{\"@type\":\"ImageObject\",\"inLanguage\":\"fr-FR\",\"@id\":\"https:\\\/\\\/www.cargo-montreal.ca\\\/fr\\\/calendrier-3\\\/#primaryimage\",\"url\":\"https:\\\/\\\/www.cargo-montreal.ca\\\/wp-content\\\/uploads\\\/2021\\\/09\\\/calendrier-scaled-e1631211612898.jpg\",\"contentUrl\":\"https:\\\/\\\/www.cargo-montreal.ca\\\/wp-content\\\/uploads\\\/2021\\\/09\\\/calendrier-scaled-e1631211612898.jpg\",\"width\":1800,\"height\":1800},{\"@type\":\"BreadcrumbList\",\"@id\":\"https:\\\/\\\/www.cargo-montreal.ca\\\/fr\\\/calendrier-3\\\/#breadcrumb\",\"itemListElement\":[{\"@type\":\"ListItem\",\"position\":1,\"name\":\"Home\",\"item\":\"https:\\\/\\\/www.cargo-montreal.ca\\\/fr\\\/\"},{\"@type\":\"ListItem\",\"position\":2,\"name\":\"Calendrier\"}]},{\"@type\":\"WebSite\",\"@id\":\"https:\\\/\\\/www.cargo-montreal.ca\\\/fr\\\/#website\",\"url\":\"https:\\\/\\\/www.cargo-montreal.ca\\\/fr\\\/\",\"name\":\"CargoM\",\"description\":\"La mission de CargoM: Rassembler les acteurs de la logistique &amp; du transport de marchandises du Grand Montr\u00e9al autour d&#039;objectifs communs, d&#039;actions concert\u00e9es\",\"potentialAction\":[{\"@type\":\"SearchAction\",\"target\":{\"@type\":\"EntryPoint\",\"urlTemplate\":\"https:\\\/\\\/www.cargo-montreal.ca\\\/fr\\\/?s={search_term_string}\"},\"query-input\":{\"@type\":\"PropertyValueSpecification\",\"valueRequired\":true,\"valueName\":\"search_term_string\"}}],\"inLanguage\":\"fr-FR\"},{\"@type\":\"Person\",\"@id\":\"https:\\\/\\\/www.cargo-montreal.ca\\\/fr\\\/#\\\/schema\\\/person\\\/80476d173ce654813db9fd1533901365\",\"name\":\"Karine Dudognon\",\"image\":{\"@type\":\"ImageObject\",\"inLanguage\":\"fr-FR\",\"@id\":\"https:\\\/\\\/secure.gravatar.com\\\/avatar\\\/673bdfb703a9b6685a88bc7dfb04a9ea2b48b30e9d1663a5e759a4e9bfa3e2c0?s=96&d=mm&r=g\",\"url\":\"https:\\\/\\\/secure.gravatar.com\\\/avatar\\\/673bdfb703a9b6685a88bc7dfb04a9ea2b48b30e9d1663a5e759a4e9bfa3e2c0?s=96&d=mm&r=g\",\"contentUrl\":\"https:\\\/\\\/secure.gravatar.com\\\/avatar\\\/673bdfb703a9b6685a88bc7dfb04a9ea2b48b30e9d1663a5e759a4e9bfa3e2c0?s=96&d=mm&r=g\",\"caption\":\"Karine Dudognon\"},\"url\":\"https:\\\/\\\/www.cargo-montreal.ca\\\/fr\\\/author\\\/karine\\\/\"}]}<\/script>\n<!-- \/ Yoast SEO plugin. -->","yoast_head_json":{"title":"Calendrier - CargoM","robots":{"index":"index","follow":"follow","max-snippet":"max-snippet:-1","max-image-preview":"max-image-preview:large","max-video-preview":"max-video-preview:-1"},"canonical":"https:\/\/www.cargo-montreal.ca\/fr\/calendrier-3\/","og_locale":"fr_FR","og_type":"article","og_title":"Calendrier - CargoM","og_description":"Ne manquez pas les \u00e9v\u00e9nements suivants. Si vous souhaitez que CargoM ajoute votre \u00e9v\u00e9nement \u00e0 son\u00a0calendrier, contactez Mme\u00a0Karine Dudognon. 23 f\u00e9vrier 2022 \u2013\u00a0L\u2019expertise qu\u00e9b\u00e9coise en gestion de projets\u00a0\u2013 KHEOPS 23 f\u00e9vrier 2022 \u2013\u00a0Comment pr\u00e9parer l&rsquo;\u00e9conomie du futur au d\u00e9veloppement durable\u00a0\u2013\u00a0CCMM 28 au 30 avril 2022 \u2013\u00a0Congr\u00e8s annuel : L&rsquo;humain, le moteur de notre industrie\u00a0\u2013\u00a0Association du [&hellip;]","og_url":"https:\/\/www.cargo-montreal.ca\/fr\/calendrier-3\/","og_site_name":"CargoM","article_published_time":"2022-02-17T19:58:30+00:00","article_modified_time":"2022-02-17T20:36:51+00:00","og_image":[{"width":1800,"height":1800,"url":"https:\/\/www.cargo-montreal.ca\/wp-content\/uploads\/2021\/09\/calendrier-scaled-e1631211612898.jpg","type":"image\/jpeg"}],"author":"Karine Dudognon","twitter_card":"summary_large_image","twitter_misc":{"\u00c9crit par":"Karine Dudognon","Dur\u00e9e de lecture estim\u00e9e":"1 minute"},"schema":{"@context":"https:\/\/schema.org","@graph":[{"@type":"Article","@id":"https:\/\/www.cargo-montreal.ca\/fr\/calendrier-3\/#article","isPartOf":{"@id":"https:\/\/www.cargo-montreal.ca\/fr\/calendrier-3\/"},"author":{"name":"Karine Dudognon","@id":"https:\/\/www.cargo-montreal.ca\/fr\/#\/schema\/person\/80476d173ce654813db9fd1533901365"},"headline":"Calendrier","datePublished":"2022-02-17T19:58:30+00:00","dateModified":"2022-02-17T20:36:51+00:00","mainEntityOfPage":{"@id":"https:\/\/www.cargo-montreal.ca\/fr\/calendrier-3\/"},"wordCount":138,"image":{"@id":"https:\/\/www.cargo-montreal.ca\/fr\/calendrier-3\/#primaryimage"},"thumbnailUrl":"https:\/\/www.cargo-montreal.ca\/wp-content\/uploads\/2021\/09\/calendrier-scaled-e1631211612898.jpg","articleSection":["Services logistiques"],"inLanguage":"fr-FR"},{"@type":"WebPage","@id":"https:\/\/www.cargo-montreal.ca\/fr\/calendrier-3\/","url":"https:\/\/www.cargo-montreal.ca\/fr\/calendrier-3\/","name":"Calendrier - CargoM","isPartOf":{"@id":"https:\/\/www.cargo-montreal.ca\/fr\/#website"},"primaryImageOfPage":{"@id":"https:\/\/www.cargo-montreal.ca\/fr\/calendrier-3\/#primaryimage"},"image":{"@id":"https:\/\/www.cargo-montreal.ca\/fr\/calendrier-3\/#primaryimage"},"thumbnailUrl":"https:\/\/www.cargo-montreal.ca\/wp-content\/uploads\/2021\/09\/calendrier-scaled-e1631211612898.jpg","datePublished":"2022-02-17T19:58:30+00:00","dateModified":"2022-02-17T20:36:51+00:00","author":{"@id":"https:\/\/www.cargo-montreal.ca\/fr\/#\/schema\/person\/80476d173ce654813db9fd1533901365"},"breadcrumb":{"@id":"https:\/\/www.cargo-montreal.ca\/fr\/calendrier-3\/#breadcrumb"},"inLanguage":"fr-FR","potentialAction":[{"@type":"ReadAction","target":["https:\/\/www.cargo-montreal.ca\/fr\/calendrier-3\/"]}]},{"@type":"ImageObject","inLanguage":"fr-FR","@id":"https:\/\/www.cargo-montreal.ca\/fr\/calendrier-3\/#primaryimage","url":"https:\/\/www.cargo-montreal.ca\/wp-content\/uploads\/2021\/09\/calendrier-scaled-e1631211612898.jpg","contentUrl":"https:\/\/www.cargo-montreal.ca\/wp-content\/uploads\/2021\/09\/calendrier-scaled-e1631211612898.jpg","width":1800,"height":1800},{"@type":"BreadcrumbList","@id":"https:\/\/www.cargo-montreal.ca\/fr\/calendrier-3\/#breadcrumb","itemListElement":[{"@type":"ListItem","position":1,"name":"Home","item":"https:\/\/www.cargo-montreal.ca\/fr\/"},{"@type":"ListItem","position":2,"name":"Calendrier"}]},{"@type":"WebSite","@id":"https:\/\/www.cargo-montreal.ca\/fr\/#website","url":"https:\/\/www.cargo-montreal.ca\/fr\/","name":"CargoM","description":"La mission de CargoM: Rassembler les acteurs de la logistique &amp; du transport de marchandises du Grand Montr\u00e9al autour d&#039;objectifs communs, d&#039;actions concert\u00e9es","potentialAction":[{"@type":"SearchAction","target":{"@type":"EntryPoint","urlTemplate":"https:\/\/www.cargo-montreal.ca\/fr\/?s={search_term_string}"},"query-input":{"@type":"PropertyValueSpecification","valueRequired":true,"valueName":"search_term_string"}}],"inLanguage":"fr-FR"},{"@type":"Person","@id":"https:\/\/www.cargo-montreal.ca\/fr\/#\/schema\/person\/80476d173ce654813db9fd1533901365","name":"Karine Dudognon","image":{"@type":"ImageObject","inLanguage":"fr-FR","@id":"https:\/\/secure.gravatar.com\/avatar\/673bdfb703a9b6685a88bc7dfb04a9ea2b48b30e9d1663a5e759a4e9bfa3e2c0?s=96&d=mm&r=g","url":"https:\/\/secure.gravatar.com\/avatar\/673bdfb703a9b6685a88bc7dfb04a9ea2b48b30e9d1663a5e759a4e9bfa3e2c0?s=96&d=mm&r=g","contentUrl":"https:\/\/secure.gravatar.com\/avatar\/673bdfb703a9b6685a88bc7dfb04a9ea2b48b30e9d1663a5e759a4e9bfa3e2c0?s=96&d=mm&r=g","caption":"Karine Dudognon"},"url":"https:\/\/www.cargo-montreal.ca\/fr\/author\/karine\/"}]}},"_links":{"self":[{"href":"https:\/\/www.cargo-montreal.ca\/fr\/wp-json\/wp\/v2\/posts\/12905","targetHints":{"allow":["GET"]}}],"collection":[{"href":"https:\/\/www.cargo-montreal.ca\/fr\/wp-json\/wp\/v2\/posts"}],"about":[{"href":"https:\/\/www.cargo-montreal.ca\/fr\/wp-json\/wp\/v2\/types\/post"}],"author":[{"embeddable":true,"href":"https:\/\/www.cargo-montreal.ca\/fr\/wp-json\/wp\/v2\/users\/39"}],"replies":[{"embeddable":true,"href":"https:\/\/www.cargo-montreal.ca\/fr\/wp-json\/wp\/v2\/comments?post=12905"}],"version-history":[{"count":2,"href":"https:\/\/www.cargo-montreal.ca\/fr\/wp-json\/wp\/v2\/posts\/12905\/revisions"}],"predecessor-version":[{"id":12918,"href":"https:\/\/www.cargo-montreal.ca\/fr\/wp-json\/wp\/v2\/posts\/12905\/revisions\/12918"}],"wp:featuredmedia":[{"embeddable":true,"href":"https:\/\/www.cargo-montreal.ca\/fr\/wp-json\/wp\/v2\/media\/12077"}],"wp:attachment":[{"href":"https:\/\/www.cargo-montreal.ca\/fr\/wp-json\/wp\/v2\/media?parent=12905"}],"wp:term":[{"taxonomy":"category","embeddable":true,"href":"https:\/\/www.cargo-montreal.ca\/fr\/wp-json\/wp\/v2\/categories?post=12905"},{"taxonomy":"post_tag","embeddable":true,"href":"https:\/\/www.cargo-montreal.ca\/fr\/wp-json\/wp\/v2\/tags?post=12905"}],"curies":[{"name":"wp","href":"https:\/\/api.w.org\/{rel}","templated":true}]}}