{"id":12988,"date":"2022-03-29T01:15:36","date_gmt":"2022-03-29T01:15:36","guid":{"rendered":"https:\/\/www.cargo-montreal.ca\/?p=12988"},"modified":"2022-03-29T01:15:36","modified_gmt":"2022-03-29T01:15:36","slug":"cargom-participe-au-forum-strategique-sur-le-transport-et-la-logistique","status":"publish","type":"post","link":"https:\/\/www.cargo-montreal.ca\/fr\/cargom-participe-au-forum-strategique-sur-le-transport-et-la-logistique\/","title":{"rendered":"CargoM participe au Forum strat\u00e9gique sur le transport et la logistique"},"content":{"rendered":"C\u2019est avec grand plaisir que CargoM animera le panel\u00a0<em>Le transport m\u00e9tropolitain multimodal au c\u0153ur du tissu urbain\u00a0<\/em>lors du\u00a0<a href=\"https:\/\/info.cargo-montreal.ca\/e3t\/Ctc\/ZU+113\/d11nbd04\/VWPFlD8Sl2D2W3g-9qx30x04FW6G5rDL4HchW0N179mq_3lLCfV1-WJV7CgS5rW3TVzhm2BGbnmVnH7TC2Lgb8XW8tnM561qdKDFW6sS7G628Ptt1W1QkSzn2jD1vkW2-YlGw162NbMW1_Tn4W4M5JQ5W2xl9Qk3yfhVRW2Y8XmR97K1HQW9dWd5m4S25C2W3ctrjb49Tz3nW2_0fS732wFfjW7SD0kF6rm8TmW7PtJNR73WkrFN14h_SXc5wXkW9l2SLF5D8v_kW5CBP7k7kfdtzN1BhvngrL31fW2r4j5Z1qhJMnW83Px2L18flBTW7-_BQm3kPPbmW4wrpKx8xT01XW327pwL6CtrrwW7-m2917wrV4pW3yZSM78wQNW4W7bYlB13WV6pVW6Np8CB5gFm_NN2vz271bQpZ73pDC1\" target=\"_blank\" rel=\"noopener\" data-saferedirecturl=\"https:\/\/www.google.com\/url?q=https:\/\/info.cargo-montreal.ca\/e3t\/Ctc\/ZU%2B113\/d11nbd04\/VWPFlD8Sl2D2W3g-9qx30x04FW6G5rDL4HchW0N179mq_3lLCfV1-WJV7CgS5rW3TVzhm2BGbnmVnH7TC2Lgb8XW8tnM561qdKDFW6sS7G628Ptt1W1QkSzn2jD1vkW2-YlGw162NbMW1_Tn4W4M5JQ5W2xl9Qk3yfhVRW2Y8XmR97K1HQW9dWd5m4S25C2W3ctrjb49Tz3nW2_0fS732wFfjW7SD0kF6rm8TmW7PtJNR73WkrFN14h_SXc5wXkW9l2SLF5D8v_kW5CBP7k7kfdtzN1BhvngrL31fW2r4j5Z1qhJMnW83Px2L18flBTW7-_BQm3kPPbmW4wrpKx8xT01XW327pwL6CtrrwW7-m2917wrV4pW3yZSM78wQNW4W7bYlB13WV6pVW6Np8CB5gFm_NN2vz271bQpZ73pDC1&amp;source=gmail&amp;ust=1648602461600000&amp;usg=AOvVaw3vDiPF52aJM1LdxQI_fHLa\">Forum strat\u00e9gique sur le transport et la logistique<\/a>, organis\u00e9 par la Chambre de commerce du Montr\u00e9al m\u00e9tropolitain, ce vendredi 1<sup>er<\/sup> avril.\r\n<p align=\"justify\">\u00c0 cette occasion, des sp\u00e9cialistes provenant de diff\u00e9rents horizons aborderont les enjeux li\u00e9s au transport de marchandises et de personnes. Nous examinerons notamment les grands projets et les mesures \u00e0 prendre pour assurer la comp\u00e9titivit\u00e9 et la croissance de ce secteur strat\u00e9gique pour notre \u00e9conomie.<\/p>\r\n<p align=\"justify\">Le contexte postpand\u00e9mique est favorable pour repenser les besoins de transformation et de modernisation du secteur, assurer la fluidit\u00e9 du r\u00e9seau de transport de marchandises et de personnes et adopter de nouvelles technologies plus performantes.<\/p>\r\n<p align=\"justify\">\u27a1\u00a0Les membres de CargoM peuvent b\u00e9n\u00e9ficier d&rsquo;un rabais de 50% sur l&rsquo;\u00e9v\u00e9nement pr\u00e9sentiel. \u00c9crivez-nous pour obtenir le code promotionnel :\u00a0<a href=\"mailto:kdudognon@cargo-montreal.ca\" target=\"_blank\" rel=\"noopener\">kdudognon@cargo-montreal.ca<\/a>\u00a0(nombre de places limit\u00e9es).\u2b05<\/p>\r\n<p align=\"justify\">Pour plus d&rsquo;information sur <a href=\"https:\/\/www.ccmm.ca\/fr\/evenements-ccmm\/forums\/forum-strategique-sur-le-transport-et-la-logistique-5419\/?utm_medium=email&amp;_hsmi=2&amp;_hsenc=p2ANqtz-9FdSdtNCs27jB23AUGWCQCYyG2YgbBaZgHxNHGhUS7YqyEZX-JPhNbcaYFiW0zMOIZxUzZPZYLnvkAWu_UdCprJe6_FVfWpi_J0yE5miC71LuUxXA&amp;utm_content=2&amp;utm_source=hs_email\">l&rsquo;\u00e9v\u00e8nement, cliquez ici<\/a><\/p>","protected":false},"excerpt":{"rendered":"C\u2019est avec grand plaisir que CargoM animera le panel\u00a0Le transport m\u00e9tropolitain multimodal au c\u0153ur du tissu urbain\u00a0lors du\u00a0Forum strat\u00e9gique sur le transport et la logistique, organis\u00e9 par la Chambre de commerce du Montr\u00e9al m\u00e9tropolitain, ce vendredi 1er avril. \u00c0 cette occasion, des sp\u00e9cialistes provenant de diff\u00e9rents horizons aborderont les enjeux li\u00e9s au transport de marchandises [&hellip;]","protected":false},"author":39,"featured_media":12973,"comment_status":"closed","ping_status":"closed","sticky":false,"template":"","format":"standard","meta":{"_acf_changed":false,"footnotes":""},"categories":[20],"tags":[],"class_list":["post-12988","post","type-post","status-publish","format-standard","has-post-thumbnail","hentry","category-services-logistiques"],"acf":[],"yoast_head":"<!-- This site is optimized with the Yoast SEO plugin v27.3 - https:\/\/yoast.com\/product\/yoast-seo-wordpress\/ -->\n<title>CargoM participe au Forum strat\u00e9gique sur le transport et la logistique - CargoM<\/title>\n<meta name=\"robots\" content=\"index, follow, max-snippet:-1, max-image-preview:large, max-video-preview:-1\" \/>\n<link rel=\"canonical\" href=\"https:\/\/www.cargo-montreal.ca\/fr\/cargom-participe-au-forum-strategique-sur-le-transport-et-la-logistique\/\" \/>\n<meta property=\"og:locale\" content=\"fr_FR\" \/>\n<meta property=\"og:type\" content=\"article\" \/>\n<meta property=\"og:title\" content=\"CargoM participe au Forum strat\u00e9gique sur le transport et la logistique - CargoM\" \/>\n<meta property=\"og:description\" content=\"C\u2019est avec grand plaisir que CargoM animera le panel\u00a0Le transport m\u00e9tropolitain multimodal au c\u0153ur du tissu urbain\u00a0lors du\u00a0Forum strat\u00e9gique sur le transport et la logistique, organis\u00e9 par la Chambre de commerce du Montr\u00e9al m\u00e9tropolitain, ce vendredi 1er avril. \u00c0 cette occasion, des sp\u00e9cialistes provenant de diff\u00e9rents horizons aborderont les enjeux li\u00e9s au transport de marchandises [&hellip;]\" \/>\n<meta property=\"og:url\" content=\"https:\/\/www.cargo-montreal.ca\/fr\/cargom-participe-au-forum-strategique-sur-le-transport-et-la-logistique\/\" \/>\n<meta property=\"og:site_name\" content=\"CargoM\" \/>\n<meta property=\"article:published_time\" content=\"2022-03-29T01:15:36+00:00\" \/>\n<meta property=\"og:image\" content=\"https:\/\/www.cargo-montreal.ca\/wp-content\/uploads\/2022\/03\/Forum.jpg\" \/>\n\t<meta property=\"og:image:width\" content=\"1200\" \/>\n\t<meta property=\"og:image:height\" content=\"630\" \/>\n\t<meta property=\"og:image:type\" content=\"image\/jpeg\" \/>\n<meta name=\"author\" content=\"Karine Dudognon\" \/>\n<meta name=\"twitter:card\" content=\"summary_large_image\" \/>\n<meta name=\"twitter:label1\" content=\"\u00c9crit par\" \/>\n\t<meta name=\"twitter:data1\" content=\"Karine Dudognon\" \/>\n\t<meta name=\"twitter:label2\" content=\"Dur\u00e9e de lecture estim\u00e9e\" \/>\n\t<meta name=\"twitter:data2\" content=\"1 minute\" \/>\n<script type=\"application\/ld+json\" class=\"yoast-schema-graph\">{\"@context\":\"https:\\\/\\\/schema.org\",\"@graph\":[{\"@type\":\"Article\",\"@id\":\"https:\\\/\\\/www.cargo-montreal.ca\\\/fr\\\/cargom-participe-au-forum-strategique-sur-le-transport-et-la-logistique\\\/#article\",\"isPartOf\":{\"@id\":\"https:\\\/\\\/www.cargo-montreal.ca\\\/fr\\\/cargom-participe-au-forum-strategique-sur-le-transport-et-la-logistique\\\/\"},\"author\":{\"name\":\"Karine Dudognon\",\"@id\":\"https:\\\/\\\/www.cargo-montreal.ca\\\/fr\\\/#\\\/schema\\\/person\\\/80476d173ce654813db9fd1533901365\"},\"headline\":\"CargoM participe au Forum strat\u00e9gique sur le transport et la logistique\",\"datePublished\":\"2022-03-29T01:15:36+00:00\",\"mainEntityOfPage\":{\"@id\":\"https:\\\/\\\/www.cargo-montreal.ca\\\/fr\\\/cargom-participe-au-forum-strategique-sur-le-transport-et-la-logistique\\\/\"},\"wordCount\":186,\"image\":{\"@id\":\"https:\\\/\\\/www.cargo-montreal.ca\\\/fr\\\/cargom-participe-au-forum-strategique-sur-le-transport-et-la-logistique\\\/#primaryimage\"},\"thumbnailUrl\":\"https:\\\/\\\/www.cargo-montreal.ca\\\/wp-content\\\/uploads\\\/2022\\\/03\\\/Forum.jpg\",\"articleSection\":[\"Services logistiques\"],\"inLanguage\":\"fr-FR\"},{\"@type\":\"WebPage\",\"@id\":\"https:\\\/\\\/www.cargo-montreal.ca\\\/fr\\\/cargom-participe-au-forum-strategique-sur-le-transport-et-la-logistique\\\/\",\"url\":\"https:\\\/\\\/www.cargo-montreal.ca\\\/fr\\\/cargom-participe-au-forum-strategique-sur-le-transport-et-la-logistique\\\/\",\"name\":\"CargoM participe au Forum strat\u00e9gique sur le transport et la logistique - CargoM\",\"isPartOf\":{\"@id\":\"https:\\\/\\\/www.cargo-montreal.ca\\\/fr\\\/#website\"},\"primaryImageOfPage\":{\"@id\":\"https:\\\/\\\/www.cargo-montreal.ca\\\/fr\\\/cargom-participe-au-forum-strategique-sur-le-transport-et-la-logistique\\\/#primaryimage\"},\"image\":{\"@id\":\"https:\\\/\\\/www.cargo-montreal.ca\\\/fr\\\/cargom-participe-au-forum-strategique-sur-le-transport-et-la-logistique\\\/#primaryimage\"},\"thumbnailUrl\":\"https:\\\/\\\/www.cargo-montreal.ca\\\/wp-content\\\/uploads\\\/2022\\\/03\\\/Forum.jpg\",\"datePublished\":\"2022-03-29T01:15:36+00:00\",\"author\":{\"@id\":\"https:\\\/\\\/www.cargo-montreal.ca\\\/fr\\\/#\\\/schema\\\/person\\\/80476d173ce654813db9fd1533901365\"},\"breadcrumb\":{\"@id\":\"https:\\\/\\\/www.cargo-montreal.ca\\\/fr\\\/cargom-participe-au-forum-strategique-sur-le-transport-et-la-logistique\\\/#breadcrumb\"},\"inLanguage\":\"fr-FR\",\"potentialAction\":[{\"@type\":\"ReadAction\",\"target\":[\"https:\\\/\\\/www.cargo-montreal.ca\\\/fr\\\/cargom-participe-au-forum-strategique-sur-le-transport-et-la-logistique\\\/\"]}]},{\"@type\":\"ImageObject\",\"inLanguage\":\"fr-FR\",\"@id\":\"https:\\\/\\\/www.cargo-montreal.ca\\\/fr\\\/cargom-participe-au-forum-strategique-sur-le-transport-et-la-logistique\\\/#primaryimage\",\"url\":\"https:\\\/\\\/www.cargo-montreal.ca\\\/wp-content\\\/uploads\\\/2022\\\/03\\\/Forum.jpg\",\"contentUrl\":\"https:\\\/\\\/www.cargo-montreal.ca\\\/wp-content\\\/uploads\\\/2022\\\/03\\\/Forum.jpg\",\"width\":1200,\"height\":630},{\"@type\":\"BreadcrumbList\",\"@id\":\"https:\\\/\\\/www.cargo-montreal.ca\\\/fr\\\/cargom-participe-au-forum-strategique-sur-le-transport-et-la-logistique\\\/#breadcrumb\",\"itemListElement\":[{\"@type\":\"ListItem\",\"position\":1,\"name\":\"Home\",\"item\":\"https:\\\/\\\/www.cargo-montreal.ca\\\/fr\\\/\"},{\"@type\":\"ListItem\",\"position\":2,\"name\":\"CargoM participe au Forum strat\u00e9gique sur le transport et la logistique\"}]},{\"@type\":\"WebSite\",\"@id\":\"https:\\\/\\\/www.cargo-montreal.ca\\\/fr\\\/#website\",\"url\":\"https:\\\/\\\/www.cargo-montreal.ca\\\/fr\\\/\",\"name\":\"CargoM\",\"description\":\"La mission de CargoM: Rassembler les acteurs de la logistique &amp; du transport de marchandises du Grand Montr\u00e9al autour d&#039;objectifs communs, d&#039;actions concert\u00e9es\",\"potentialAction\":[{\"@type\":\"SearchAction\",\"target\":{\"@type\":\"EntryPoint\",\"urlTemplate\":\"https:\\\/\\\/www.cargo-montreal.ca\\\/fr\\\/?s={search_term_string}\"},\"query-input\":{\"@type\":\"PropertyValueSpecification\",\"valueRequired\":true,\"valueName\":\"search_term_string\"}}],\"inLanguage\":\"fr-FR\"},{\"@type\":\"Person\",\"@id\":\"https:\\\/\\\/www.cargo-montreal.ca\\\/fr\\\/#\\\/schema\\\/person\\\/80476d173ce654813db9fd1533901365\",\"name\":\"Karine Dudognon\",\"image\":{\"@type\":\"ImageObject\",\"inLanguage\":\"fr-FR\",\"@id\":\"https:\\\/\\\/secure.gravatar.com\\\/avatar\\\/673bdfb703a9b6685a88bc7dfb04a9ea2b48b30e9d1663a5e759a4e9bfa3e2c0?s=96&d=mm&r=g\",\"url\":\"https:\\\/\\\/secure.gravatar.com\\\/avatar\\\/673bdfb703a9b6685a88bc7dfb04a9ea2b48b30e9d1663a5e759a4e9bfa3e2c0?s=96&d=mm&r=g\",\"contentUrl\":\"https:\\\/\\\/secure.gravatar.com\\\/avatar\\\/673bdfb703a9b6685a88bc7dfb04a9ea2b48b30e9d1663a5e759a4e9bfa3e2c0?s=96&d=mm&r=g\",\"caption\":\"Karine Dudognon\"},\"url\":\"https:\\\/\\\/www.cargo-montreal.ca\\\/fr\\\/author\\\/karine\\\/\"}]}<\/script>\n<!-- \/ Yoast SEO plugin. -->","yoast_head_json":{"title":"CargoM participe au Forum strat\u00e9gique sur le transport et la logistique - CargoM","robots":{"index":"index","follow":"follow","max-snippet":"max-snippet:-1","max-image-preview":"max-image-preview:large","max-video-preview":"max-video-preview:-1"},"canonical":"https:\/\/www.cargo-montreal.ca\/fr\/cargom-participe-au-forum-strategique-sur-le-transport-et-la-logistique\/","og_locale":"fr_FR","og_type":"article","og_title":"CargoM participe au Forum strat\u00e9gique sur le transport et la logistique - CargoM","og_description":"C\u2019est avec grand plaisir que CargoM animera le panel\u00a0Le transport m\u00e9tropolitain multimodal au c\u0153ur du tissu urbain\u00a0lors du\u00a0Forum strat\u00e9gique sur le transport et la logistique, organis\u00e9 par la Chambre de commerce du Montr\u00e9al m\u00e9tropolitain, ce vendredi 1er avril. \u00c0 cette occasion, des sp\u00e9cialistes provenant de diff\u00e9rents horizons aborderont les enjeux li\u00e9s au transport de marchandises [&hellip;]","og_url":"https:\/\/www.cargo-montreal.ca\/fr\/cargom-participe-au-forum-strategique-sur-le-transport-et-la-logistique\/","og_site_name":"CargoM","article_published_time":"2022-03-29T01:15:36+00:00","og_image":[{"width":1200,"height":630,"url":"https:\/\/www.cargo-montreal.ca\/wp-content\/uploads\/2022\/03\/Forum.jpg","type":"image\/jpeg"}],"author":"Karine Dudognon","twitter_card":"summary_large_image","twitter_misc":{"\u00c9crit par":"Karine Dudognon","Dur\u00e9e de lecture estim\u00e9e":"1 minute"},"schema":{"@context":"https:\/\/schema.org","@graph":[{"@type":"Article","@id":"https:\/\/www.cargo-montreal.ca\/fr\/cargom-participe-au-forum-strategique-sur-le-transport-et-la-logistique\/#article","isPartOf":{"@id":"https:\/\/www.cargo-montreal.ca\/fr\/cargom-participe-au-forum-strategique-sur-le-transport-et-la-logistique\/"},"author":{"name":"Karine Dudognon","@id":"https:\/\/www.cargo-montreal.ca\/fr\/#\/schema\/person\/80476d173ce654813db9fd1533901365"},"headline":"CargoM participe au Forum strat\u00e9gique sur le transport et la logistique","datePublished":"2022-03-29T01:15:36+00:00","mainEntityOfPage":{"@id":"https:\/\/www.cargo-montreal.ca\/fr\/cargom-participe-au-forum-strategique-sur-le-transport-et-la-logistique\/"},"wordCount":186,"image":{"@id":"https:\/\/www.cargo-montreal.ca\/fr\/cargom-participe-au-forum-strategique-sur-le-transport-et-la-logistique\/#primaryimage"},"thumbnailUrl":"https:\/\/www.cargo-montreal.ca\/wp-content\/uploads\/2022\/03\/Forum.jpg","articleSection":["Services logistiques"],"inLanguage":"fr-FR"},{"@type":"WebPage","@id":"https:\/\/www.cargo-montreal.ca\/fr\/cargom-participe-au-forum-strategique-sur-le-transport-et-la-logistique\/","url":"https:\/\/www.cargo-montreal.ca\/fr\/cargom-participe-au-forum-strategique-sur-le-transport-et-la-logistique\/","name":"CargoM participe au Forum strat\u00e9gique sur le transport et la logistique - CargoM","isPartOf":{"@id":"https:\/\/www.cargo-montreal.ca\/fr\/#website"},"primaryImageOfPage":{"@id":"https:\/\/www.cargo-montreal.ca\/fr\/cargom-participe-au-forum-strategique-sur-le-transport-et-la-logistique\/#primaryimage"},"image":{"@id":"https:\/\/www.cargo-montreal.ca\/fr\/cargom-participe-au-forum-strategique-sur-le-transport-et-la-logistique\/#primaryimage"},"thumbnailUrl":"https:\/\/www.cargo-montreal.ca\/wp-content\/uploads\/2022\/03\/Forum.jpg","datePublished":"2022-03-29T01:15:36+00:00","author":{"@id":"https:\/\/www.cargo-montreal.ca\/fr\/#\/schema\/person\/80476d173ce654813db9fd1533901365"},"breadcrumb":{"@id":"https:\/\/www.cargo-montreal.ca\/fr\/cargom-participe-au-forum-strategique-sur-le-transport-et-la-logistique\/#breadcrumb"},"inLanguage":"fr-FR","potentialAction":[{"@type":"ReadAction","target":["https:\/\/www.cargo-montreal.ca\/fr\/cargom-participe-au-forum-strategique-sur-le-transport-et-la-logistique\/"]}]},{"@type":"ImageObject","inLanguage":"fr-FR","@id":"https:\/\/www.cargo-montreal.ca\/fr\/cargom-participe-au-forum-strategique-sur-le-transport-et-la-logistique\/#primaryimage","url":"https:\/\/www.cargo-montreal.ca\/wp-content\/uploads\/2022\/03\/Forum.jpg","contentUrl":"https:\/\/www.cargo-montreal.ca\/wp-content\/uploads\/2022\/03\/Forum.jpg","width":1200,"height":630},{"@type":"BreadcrumbList","@id":"https:\/\/www.cargo-montreal.ca\/fr\/cargom-participe-au-forum-strategique-sur-le-transport-et-la-logistique\/#breadcrumb","itemListElement":[{"@type":"ListItem","position":1,"name":"Home","item":"https:\/\/www.cargo-montreal.ca\/fr\/"},{"@type":"ListItem","position":2,"name":"CargoM participe au Forum strat\u00e9gique sur le transport et la logistique"}]},{"@type":"WebSite","@id":"https:\/\/www.cargo-montreal.ca\/fr\/#website","url":"https:\/\/www.cargo-montreal.ca\/fr\/","name":"CargoM","description":"La mission de CargoM: Rassembler les acteurs de la logistique &amp; du transport de marchandises du Grand Montr\u00e9al autour d&#039;objectifs communs, d&#039;actions concert\u00e9es","potentialAction":[{"@type":"SearchAction","target":{"@type":"EntryPoint","urlTemplate":"https:\/\/www.cargo-montreal.ca\/fr\/?s={search_term_string}"},"query-input":{"@type":"PropertyValueSpecification","valueRequired":true,"valueName":"search_term_string"}}],"inLanguage":"fr-FR"},{"@type":"Person","@id":"https:\/\/www.cargo-montreal.ca\/fr\/#\/schema\/person\/80476d173ce654813db9fd1533901365","name":"Karine Dudognon","image":{"@type":"ImageObject","inLanguage":"fr-FR","@id":"https:\/\/secure.gravatar.com\/avatar\/673bdfb703a9b6685a88bc7dfb04a9ea2b48b30e9d1663a5e759a4e9bfa3e2c0?s=96&d=mm&r=g","url":"https:\/\/secure.gravatar.com\/avatar\/673bdfb703a9b6685a88bc7dfb04a9ea2b48b30e9d1663a5e759a4e9bfa3e2c0?s=96&d=mm&r=g","contentUrl":"https:\/\/secure.gravatar.com\/avatar\/673bdfb703a9b6685a88bc7dfb04a9ea2b48b30e9d1663a5e759a4e9bfa3e2c0?s=96&d=mm&r=g","caption":"Karine Dudognon"},"url":"https:\/\/www.cargo-montreal.ca\/fr\/author\/karine\/"}]}},"_links":{"self":[{"href":"https:\/\/www.cargo-montreal.ca\/fr\/wp-json\/wp\/v2\/posts\/12988","targetHints":{"allow":["GET"]}}],"collection":[{"href":"https:\/\/www.cargo-montreal.ca\/fr\/wp-json\/wp\/v2\/posts"}],"about":[{"href":"https:\/\/www.cargo-montreal.ca\/fr\/wp-json\/wp\/v2\/types\/post"}],"author":[{"embeddable":true,"href":"https:\/\/www.cargo-montreal.ca\/fr\/wp-json\/wp\/v2\/users\/39"}],"replies":[{"embeddable":true,"href":"https:\/\/www.cargo-montreal.ca\/fr\/wp-json\/wp\/v2\/comments?post=12988"}],"version-history":[{"count":1,"href":"https:\/\/www.cargo-montreal.ca\/fr\/wp-json\/wp\/v2\/posts\/12988\/revisions"}],"predecessor-version":[{"id":12989,"href":"https:\/\/www.cargo-montreal.ca\/fr\/wp-json\/wp\/v2\/posts\/12988\/revisions\/12989"}],"wp:featuredmedia":[{"embeddable":true,"href":"https:\/\/www.cargo-montreal.ca\/fr\/wp-json\/wp\/v2\/media\/12973"}],"wp:attachment":[{"href":"https:\/\/www.cargo-montreal.ca\/fr\/wp-json\/wp\/v2\/media?parent=12988"}],"wp:term":[{"taxonomy":"category","embeddable":true,"href":"https:\/\/www.cargo-montreal.ca\/fr\/wp-json\/wp\/v2\/categories?post=12988"},{"taxonomy":"post_tag","embeddable":true,"href":"https:\/\/www.cargo-montreal.ca\/fr\/wp-json\/wp\/v2\/tags?post=12988"}],"curies":[{"name":"wp","href":"https:\/\/api.w.org\/{rel}","templated":true}]}}