{"id":12996,"date":"2022-03-29T01:21:02","date_gmt":"2022-03-29T01:21:02","guid":{"rendered":"https:\/\/www.cargo-montreal.ca\/?p=12996"},"modified":"2022-03-29T01:21:02","modified_gmt":"2022-03-29T01:21:02","slug":"tirer-profit-du-centre-zone-franche-du-grand-montreal","status":"publish","type":"post","link":"https:\/\/www.cargo-montreal.ca\/fr\/tirer-profit-du-centre-zone-franche-du-grand-montreal\/","title":{"rendered":"Tirer profit du centre zone franche du Grand Montr\u00e9al"},"content":{"rendered":"<a href=\"https:\/\/info.cargo-montreal.ca\/e3t\/Ctc\/ZU+113\/d11nbd04\/VWPFlD8Sl2D2W3g-9qx30x04FW6G5rDL4HchW0N179mpw3lLzNV1-WJV7CgZcJW4tKPxd3L-blTW2vZK0V7BlHSyW7r2hx_2XhY8QW5wzP5F5CKQCRW7Wk4Cr1XzD_TW62x4TM3frXRKW8k-7kB7NsLhgW5Ll36h2CyxyPW5yCmpv5xG3llW4cT8pW42VBgQW5ccjgD7n0LKVVvtR7n1B0LCkW7wZmRV3jDxmnW1gDThg6BzKKwW6JRwNv3ylJLrW4TjmxD4J5lPdW5Vzpnr3bnShPV-W0NV5Jhb_f3mSY1\" target=\"_blank\" rel=\"noopener\" data-saferedirecturl=\"https:\/\/www.google.com\/url?q=https:\/\/info.cargo-montreal.ca\/e3t\/Ctc\/ZU%2B113\/d11nbd04\/VWPFlD8Sl2D2W3g-9qx30x04FW6G5rDL4HchW0N179mpw3lLzNV1-WJV7CgZcJW4tKPxd3L-blTW2vZK0V7BlHSyW7r2hx_2XhY8QW5wzP5F5CKQCRW7Wk4Cr1XzD_TW62x4TM3frXRKW8k-7kB7NsLhgW5Ll36h2CyxyPW5yCmpv5xG3llW4cT8pW42VBgQW5ccjgD7n0LKVVvtR7n1B0LCkW7wZmRV3jDxmnW1gDThg6BzKKwW6JRwNv3ylJLrW4TjmxD4J5lPdW5Vzpnr3bnShPV-W0NV5Jhb_f3mSY1&amp;source=gmail&amp;ust=1648602461601000&amp;usg=AOvVaw1UTeW9SZUNXPLlp-71ejiP\">D\u00e9veloppement \u00e9conomique Laval<\/a>\u00a0organise une s\u00e9rie de webinaires qui pr\u00e9sente pendant 45 minutes un th\u00e8me, un outil ou une technique en commerce international pouvant aider les entrepreneurs lavallois dans leur d\u00e9veloppement des march\u00e9s \u00e9trangers.\r\n<p align=\"justify\">Dans le cadre de cette s\u00e9rie, le\u00a0<a href=\"https:\/\/info.cargo-montreal.ca\/e3t\/Ctc\/ZU+113\/d11nbd04\/VWPFlD8Sl2D2W3g-9qx30x04FW6G5rDL4HchW0N179mpw3lLzNV1-WJV7CgLLRW6XncY_2bFtpwW49JQyX7qMMpCW1LytDR5bgb30W4LtjDL3gwznXW5vcJHR496DdvMnfL87rkwcsW6tLZG_4qC3z_W2_qG1Y2mwztDW7G7lF05W2vV8W6h09g37bFFCsW5h0xsR8QmX0JW4tD9df36cv8mW6VpStR6bm7v1W2KkTc97kHTN3W8vx6qZ8ht9HcW8dCdSs22GJ3wW4pzFRk3z65w1W4MhxQx97dXcR33VM1\" target=\"_blank\" rel=\"noopener\" data-saferedirecturl=\"https:\/\/www.google.com\/url?q=https:\/\/info.cargo-montreal.ca\/e3t\/Ctc\/ZU%2B113\/d11nbd04\/VWPFlD8Sl2D2W3g-9qx30x04FW6G5rDL4HchW0N179mpw3lLzNV1-WJV7CgLLRW6XncY_2bFtpwW49JQyX7qMMpCW1LytDR5bgb30W4LtjDL3gwznXW5vcJHR496DdvMnfL87rkwcsW6tLZG_4qC3z_W2_qG1Y2mwztDW7G7lF05W2vV8W6h09g37bFFCsW5h0xsR8QmX0JW4tD9df36cv8mW6VpStR6bm7v1W2KkTc97kHTN3W8vx6qZ8ht9HcW8dCdSs22GJ3wW4pzFRk3z65w1W4MhxQx97dXcR33VM1&amp;source=gmail&amp;ust=1648602461601000&amp;usg=AOvVaw1oCOgbKCsqDecukfx5baFv\">Centre zone franche de Montr\u00e9al<\/a>\u00a0pr\u00e9sentera les programmes qui permettent aux entreprises importatrices et exportatrices de d\u00e9gager des liquidit\u00e9s en b\u00e9n\u00e9ficiant des exemptions des taxes et des droits de douane.<\/p>\r\n<p align=\"justify\">\u00c9v\u00e9nement \u00e0 ne pas manquer le 5 avril de 8 h 30 \u00e0 9 h 15.<\/p>\r\n<p align=\"justify\">Pour vous inscrire,\u00a0cliquez\u00a0<a href=\"https:\/\/info.cargo-montreal.ca\/e3t\/Ctc\/ZU+113\/d11nbd04\/VWPFlD8Sl2D2W3g-9qx30x04FW6G5rDL4HchW0N179mqJ3lLBZV1-WJV7CgRw6W87JMLq7xyBsKW7KpQ5z2BzkfsW4N6vgQ7F1T1zW12JHkP6PcmzVVK32B13K0W73W1MSY4q2X6FSYW9fYLJZ4MXmVsW1NzRl18qgbhxV7r8MS8v-DdhW1KjLYj8ncRpDW45-_gB67BB05W7Jjhmv7-lj4wW264WlT4v1svHW3pYdph7NVT2qN9kl5BB3_zj4MYs0W2w5NtdW9cyL2X1f7nHlW82n1kM1tL0B0W8tZnTB3DwJHFW3pht_Q7g3fTSVTxGTS89cr2nW79FcDb3-SW38W3znKyK75sqQ7W8lrY3C7lJkF5W1mZFtn1m2vWJW4TvHyz6xgM_f3dNr1\" target=\"_blank\" rel=\"noopener\" data-saferedirecturl=\"https:\/\/www.google.com\/url?q=https:\/\/info.cargo-montreal.ca\/e3t\/Ctc\/ZU%2B113\/d11nbd04\/VWPFlD8Sl2D2W3g-9qx30x04FW6G5rDL4HchW0N179mqJ3lLBZV1-WJV7CgRw6W87JMLq7xyBsKW7KpQ5z2BzkfsW4N6vgQ7F1T1zW12JHkP6PcmzVVK32B13K0W73W1MSY4q2X6FSYW9fYLJZ4MXmVsW1NzRl18qgbhxV7r8MS8v-DdhW1KjLYj8ncRpDW45-_gB67BB05W7Jjhmv7-lj4wW264WlT4v1svHW3pYdph7NVT2qN9kl5BB3_zj4MYs0W2w5NtdW9cyL2X1f7nHlW82n1kM1tL0B0W8tZnTB3DwJHFW3pht_Q7g3fTSVTxGTS89cr2nW79FcDb3-SW38W3znKyK75sqQ7W8lrY3C7lJkF5W1mZFtn1m2vWJW4TvHyz6xgM_f3dNr1&amp;source=gmail&amp;ust=1648602461601000&amp;usg=AOvVaw0c9CH7YXejJRODyFx5oVwa\">ici<\/a>.<\/p>","protected":false},"excerpt":{"rendered":"D\u00e9veloppement \u00e9conomique Laval\u00a0organise une s\u00e9rie de webinaires qui pr\u00e9sente pendant 45 minutes un th\u00e8me, un outil ou une technique en commerce international pouvant aider les entrepreneurs lavallois dans leur d\u00e9veloppement des march\u00e9s \u00e9trangers. Dans le cadre de cette s\u00e9rie, le\u00a0Centre zone franche de Montr\u00e9al\u00a0pr\u00e9sentera les programmes qui permettent aux entreprises importatrices et exportatrices de d\u00e9gager [&hellip;]","protected":false},"author":39,"featured_media":12979,"comment_status":"closed","ping_status":"closed","sticky":false,"template":"","format":"standard","meta":{"_acf_changed":false,"footnotes":""},"categories":[20],"tags":[],"class_list":["post-12996","post","type-post","status-publish","format-standard","has-post-thumbnail","hentry","category-services-logistiques"],"acf":[],"yoast_head":"<!-- This site is optimized with the Yoast SEO plugin v27.3 - https:\/\/yoast.com\/product\/yoast-seo-wordpress\/ -->\n<title>Tirer profit du centre zone franche du Grand Montr\u00e9al - CargoM<\/title>\n<meta name=\"robots\" content=\"index, follow, max-snippet:-1, max-image-preview:large, max-video-preview:-1\" \/>\n<link rel=\"canonical\" href=\"https:\/\/www.cargo-montreal.ca\/fr\/tirer-profit-du-centre-zone-franche-du-grand-montreal\/\" \/>\n<meta property=\"og:locale\" content=\"fr_FR\" \/>\n<meta property=\"og:type\" content=\"article\" \/>\n<meta property=\"og:title\" content=\"Tirer profit du centre zone franche du Grand Montr\u00e9al - CargoM\" \/>\n<meta property=\"og:description\" content=\"D\u00e9veloppement \u00e9conomique Laval\u00a0organise une s\u00e9rie de webinaires qui pr\u00e9sente pendant 45 minutes un th\u00e8me, un outil ou une technique en commerce international pouvant aider les entrepreneurs lavallois dans leur d\u00e9veloppement des march\u00e9s \u00e9trangers. Dans le cadre de cette s\u00e9rie, le\u00a0Centre zone franche de Montr\u00e9al\u00a0pr\u00e9sentera les programmes qui permettent aux entreprises importatrices et exportatrices de d\u00e9gager [&hellip;]\" \/>\n<meta property=\"og:url\" content=\"https:\/\/www.cargo-montreal.ca\/fr\/tirer-profit-du-centre-zone-franche-du-grand-montreal\/\" \/>\n<meta property=\"og:site_name\" content=\"CargoM\" \/>\n<meta property=\"article:published_time\" content=\"2022-03-29T01:21:02+00:00\" \/>\n<meta property=\"og:image\" content=\"https:\/\/www.cargo-montreal.ca\/wp-content\/uploads\/2022\/03\/LOGO_CentreZF_2PMS_fr.jpg\" \/>\n\t<meta property=\"og:image:width\" content=\"1581\" \/>\n\t<meta property=\"og:image:height\" content=\"1264\" \/>\n\t<meta property=\"og:image:type\" content=\"image\/jpeg\" \/>\n<meta name=\"author\" content=\"Karine Dudognon\" \/>\n<meta name=\"twitter:card\" content=\"summary_large_image\" \/>\n<meta name=\"twitter:label1\" content=\"\u00c9crit par\" \/>\n\t<meta name=\"twitter:data1\" content=\"Karine Dudognon\" \/>\n<script type=\"application\/ld+json\" class=\"yoast-schema-graph\">{\"@context\":\"https:\\\/\\\/schema.org\",\"@graph\":[{\"@type\":\"Article\",\"@id\":\"https:\\\/\\\/www.cargo-montreal.ca\\\/fr\\\/tirer-profit-du-centre-zone-franche-du-grand-montreal\\\/#article\",\"isPartOf\":{\"@id\":\"https:\\\/\\\/www.cargo-montreal.ca\\\/fr\\\/tirer-profit-du-centre-zone-franche-du-grand-montreal\\\/\"},\"author\":{\"name\":\"Karine Dudognon\",\"@id\":\"https:\\\/\\\/www.cargo-montreal.ca\\\/fr\\\/#\\\/schema\\\/person\\\/80476d173ce654813db9fd1533901365\"},\"headline\":\"Tirer profit du centre zone franche du Grand Montr\u00e9al\",\"datePublished\":\"2022-03-29T01:21:02+00:00\",\"mainEntityOfPage\":{\"@id\":\"https:\\\/\\\/www.cargo-montreal.ca\\\/fr\\\/tirer-profit-du-centre-zone-franche-du-grand-montreal\\\/\"},\"wordCount\":108,\"image\":{\"@id\":\"https:\\\/\\\/www.cargo-montreal.ca\\\/fr\\\/tirer-profit-du-centre-zone-franche-du-grand-montreal\\\/#primaryimage\"},\"thumbnailUrl\":\"https:\\\/\\\/www.cargo-montreal.ca\\\/wp-content\\\/uploads\\\/2022\\\/03\\\/LOGO_CentreZF_2PMS_fr.jpg\",\"articleSection\":[\"Services logistiques\"],\"inLanguage\":\"fr-FR\"},{\"@type\":\"WebPage\",\"@id\":\"https:\\\/\\\/www.cargo-montreal.ca\\\/fr\\\/tirer-profit-du-centre-zone-franche-du-grand-montreal\\\/\",\"url\":\"https:\\\/\\\/www.cargo-montreal.ca\\\/fr\\\/tirer-profit-du-centre-zone-franche-du-grand-montreal\\\/\",\"name\":\"Tirer profit du centre zone franche du Grand Montr\u00e9al - CargoM\",\"isPartOf\":{\"@id\":\"https:\\\/\\\/www.cargo-montreal.ca\\\/fr\\\/#website\"},\"primaryImageOfPage\":{\"@id\":\"https:\\\/\\\/www.cargo-montreal.ca\\\/fr\\\/tirer-profit-du-centre-zone-franche-du-grand-montreal\\\/#primaryimage\"},\"image\":{\"@id\":\"https:\\\/\\\/www.cargo-montreal.ca\\\/fr\\\/tirer-profit-du-centre-zone-franche-du-grand-montreal\\\/#primaryimage\"},\"thumbnailUrl\":\"https:\\\/\\\/www.cargo-montreal.ca\\\/wp-content\\\/uploads\\\/2022\\\/03\\\/LOGO_CentreZF_2PMS_fr.jpg\",\"datePublished\":\"2022-03-29T01:21:02+00:00\",\"author\":{\"@id\":\"https:\\\/\\\/www.cargo-montreal.ca\\\/fr\\\/#\\\/schema\\\/person\\\/80476d173ce654813db9fd1533901365\"},\"breadcrumb\":{\"@id\":\"https:\\\/\\\/www.cargo-montreal.ca\\\/fr\\\/tirer-profit-du-centre-zone-franche-du-grand-montreal\\\/#breadcrumb\"},\"inLanguage\":\"fr-FR\",\"potentialAction\":[{\"@type\":\"ReadAction\",\"target\":[\"https:\\\/\\\/www.cargo-montreal.ca\\\/fr\\\/tirer-profit-du-centre-zone-franche-du-grand-montreal\\\/\"]}]},{\"@type\":\"ImageObject\",\"inLanguage\":\"fr-FR\",\"@id\":\"https:\\\/\\\/www.cargo-montreal.ca\\\/fr\\\/tirer-profit-du-centre-zone-franche-du-grand-montreal\\\/#primaryimage\",\"url\":\"https:\\\/\\\/www.cargo-montreal.ca\\\/wp-content\\\/uploads\\\/2022\\\/03\\\/LOGO_CentreZF_2PMS_fr.jpg\",\"contentUrl\":\"https:\\\/\\\/www.cargo-montreal.ca\\\/wp-content\\\/uploads\\\/2022\\\/03\\\/LOGO_CentreZF_2PMS_fr.jpg\",\"width\":1581,\"height\":1264},{\"@type\":\"BreadcrumbList\",\"@id\":\"https:\\\/\\\/www.cargo-montreal.ca\\\/fr\\\/tirer-profit-du-centre-zone-franche-du-grand-montreal\\\/#breadcrumb\",\"itemListElement\":[{\"@type\":\"ListItem\",\"position\":1,\"name\":\"Home\",\"item\":\"https:\\\/\\\/www.cargo-montreal.ca\\\/fr\\\/\"},{\"@type\":\"ListItem\",\"position\":2,\"name\":\"Tirer profit du centre zone franche du Grand Montr\u00e9al\"}]},{\"@type\":\"WebSite\",\"@id\":\"https:\\\/\\\/www.cargo-montreal.ca\\\/fr\\\/#website\",\"url\":\"https:\\\/\\\/www.cargo-montreal.ca\\\/fr\\\/\",\"name\":\"CargoM\",\"description\":\"La mission de CargoM: Rassembler les acteurs de la logistique &amp; du transport de marchandises du Grand Montr\u00e9al autour d&#039;objectifs communs, d&#039;actions concert\u00e9es\",\"potentialAction\":[{\"@type\":\"SearchAction\",\"target\":{\"@type\":\"EntryPoint\",\"urlTemplate\":\"https:\\\/\\\/www.cargo-montreal.ca\\\/fr\\\/?s={search_term_string}\"},\"query-input\":{\"@type\":\"PropertyValueSpecification\",\"valueRequired\":true,\"valueName\":\"search_term_string\"}}],\"inLanguage\":\"fr-FR\"},{\"@type\":\"Person\",\"@id\":\"https:\\\/\\\/www.cargo-montreal.ca\\\/fr\\\/#\\\/schema\\\/person\\\/80476d173ce654813db9fd1533901365\",\"name\":\"Karine Dudognon\",\"image\":{\"@type\":\"ImageObject\",\"inLanguage\":\"fr-FR\",\"@id\":\"https:\\\/\\\/secure.gravatar.com\\\/avatar\\\/673bdfb703a9b6685a88bc7dfb04a9ea2b48b30e9d1663a5e759a4e9bfa3e2c0?s=96&d=mm&r=g\",\"url\":\"https:\\\/\\\/secure.gravatar.com\\\/avatar\\\/673bdfb703a9b6685a88bc7dfb04a9ea2b48b30e9d1663a5e759a4e9bfa3e2c0?s=96&d=mm&r=g\",\"contentUrl\":\"https:\\\/\\\/secure.gravatar.com\\\/avatar\\\/673bdfb703a9b6685a88bc7dfb04a9ea2b48b30e9d1663a5e759a4e9bfa3e2c0?s=96&d=mm&r=g\",\"caption\":\"Karine Dudognon\"},\"url\":\"https:\\\/\\\/www.cargo-montreal.ca\\\/fr\\\/author\\\/karine\\\/\"}]}<\/script>\n<!-- \/ Yoast SEO plugin. -->","yoast_head_json":{"title":"Tirer profit du centre zone franche du Grand Montr\u00e9al - CargoM","robots":{"index":"index","follow":"follow","max-snippet":"max-snippet:-1","max-image-preview":"max-image-preview:large","max-video-preview":"max-video-preview:-1"},"canonical":"https:\/\/www.cargo-montreal.ca\/fr\/tirer-profit-du-centre-zone-franche-du-grand-montreal\/","og_locale":"fr_FR","og_type":"article","og_title":"Tirer profit du centre zone franche du Grand Montr\u00e9al - CargoM","og_description":"D\u00e9veloppement \u00e9conomique Laval\u00a0organise une s\u00e9rie de webinaires qui pr\u00e9sente pendant 45 minutes un th\u00e8me, un outil ou une technique en commerce international pouvant aider les entrepreneurs lavallois dans leur d\u00e9veloppement des march\u00e9s \u00e9trangers. Dans le cadre de cette s\u00e9rie, le\u00a0Centre zone franche de Montr\u00e9al\u00a0pr\u00e9sentera les programmes qui permettent aux entreprises importatrices et exportatrices de d\u00e9gager [&hellip;]","og_url":"https:\/\/www.cargo-montreal.ca\/fr\/tirer-profit-du-centre-zone-franche-du-grand-montreal\/","og_site_name":"CargoM","article_published_time":"2022-03-29T01:21:02+00:00","og_image":[{"width":1581,"height":1264,"url":"https:\/\/www.cargo-montreal.ca\/wp-content\/uploads\/2022\/03\/LOGO_CentreZF_2PMS_fr.jpg","type":"image\/jpeg"}],"author":"Karine Dudognon","twitter_card":"summary_large_image","twitter_misc":{"\u00c9crit par":"Karine Dudognon"},"schema":{"@context":"https:\/\/schema.org","@graph":[{"@type":"Article","@id":"https:\/\/www.cargo-montreal.ca\/fr\/tirer-profit-du-centre-zone-franche-du-grand-montreal\/#article","isPartOf":{"@id":"https:\/\/www.cargo-montreal.ca\/fr\/tirer-profit-du-centre-zone-franche-du-grand-montreal\/"},"author":{"name":"Karine Dudognon","@id":"https:\/\/www.cargo-montreal.ca\/fr\/#\/schema\/person\/80476d173ce654813db9fd1533901365"},"headline":"Tirer profit du centre zone franche du Grand Montr\u00e9al","datePublished":"2022-03-29T01:21:02+00:00","mainEntityOfPage":{"@id":"https:\/\/www.cargo-montreal.ca\/fr\/tirer-profit-du-centre-zone-franche-du-grand-montreal\/"},"wordCount":108,"image":{"@id":"https:\/\/www.cargo-montreal.ca\/fr\/tirer-profit-du-centre-zone-franche-du-grand-montreal\/#primaryimage"},"thumbnailUrl":"https:\/\/www.cargo-montreal.ca\/wp-content\/uploads\/2022\/03\/LOGO_CentreZF_2PMS_fr.jpg","articleSection":["Services logistiques"],"inLanguage":"fr-FR"},{"@type":"WebPage","@id":"https:\/\/www.cargo-montreal.ca\/fr\/tirer-profit-du-centre-zone-franche-du-grand-montreal\/","url":"https:\/\/www.cargo-montreal.ca\/fr\/tirer-profit-du-centre-zone-franche-du-grand-montreal\/","name":"Tirer profit du centre zone franche du Grand Montr\u00e9al - CargoM","isPartOf":{"@id":"https:\/\/www.cargo-montreal.ca\/fr\/#website"},"primaryImageOfPage":{"@id":"https:\/\/www.cargo-montreal.ca\/fr\/tirer-profit-du-centre-zone-franche-du-grand-montreal\/#primaryimage"},"image":{"@id":"https:\/\/www.cargo-montreal.ca\/fr\/tirer-profit-du-centre-zone-franche-du-grand-montreal\/#primaryimage"},"thumbnailUrl":"https:\/\/www.cargo-montreal.ca\/wp-content\/uploads\/2022\/03\/LOGO_CentreZF_2PMS_fr.jpg","datePublished":"2022-03-29T01:21:02+00:00","author":{"@id":"https:\/\/www.cargo-montreal.ca\/fr\/#\/schema\/person\/80476d173ce654813db9fd1533901365"},"breadcrumb":{"@id":"https:\/\/www.cargo-montreal.ca\/fr\/tirer-profit-du-centre-zone-franche-du-grand-montreal\/#breadcrumb"},"inLanguage":"fr-FR","potentialAction":[{"@type":"ReadAction","target":["https:\/\/www.cargo-montreal.ca\/fr\/tirer-profit-du-centre-zone-franche-du-grand-montreal\/"]}]},{"@type":"ImageObject","inLanguage":"fr-FR","@id":"https:\/\/www.cargo-montreal.ca\/fr\/tirer-profit-du-centre-zone-franche-du-grand-montreal\/#primaryimage","url":"https:\/\/www.cargo-montreal.ca\/wp-content\/uploads\/2022\/03\/LOGO_CentreZF_2PMS_fr.jpg","contentUrl":"https:\/\/www.cargo-montreal.ca\/wp-content\/uploads\/2022\/03\/LOGO_CentreZF_2PMS_fr.jpg","width":1581,"height":1264},{"@type":"BreadcrumbList","@id":"https:\/\/www.cargo-montreal.ca\/fr\/tirer-profit-du-centre-zone-franche-du-grand-montreal\/#breadcrumb","itemListElement":[{"@type":"ListItem","position":1,"name":"Home","item":"https:\/\/www.cargo-montreal.ca\/fr\/"},{"@type":"ListItem","position":2,"name":"Tirer profit du centre zone franche du Grand Montr\u00e9al"}]},{"@type":"WebSite","@id":"https:\/\/www.cargo-montreal.ca\/fr\/#website","url":"https:\/\/www.cargo-montreal.ca\/fr\/","name":"CargoM","description":"La mission de CargoM: Rassembler les acteurs de la logistique &amp; du transport de marchandises du Grand Montr\u00e9al autour d&#039;objectifs communs, d&#039;actions concert\u00e9es","potentialAction":[{"@type":"SearchAction","target":{"@type":"EntryPoint","urlTemplate":"https:\/\/www.cargo-montreal.ca\/fr\/?s={search_term_string}"},"query-input":{"@type":"PropertyValueSpecification","valueRequired":true,"valueName":"search_term_string"}}],"inLanguage":"fr-FR"},{"@type":"Person","@id":"https:\/\/www.cargo-montreal.ca\/fr\/#\/schema\/person\/80476d173ce654813db9fd1533901365","name":"Karine Dudognon","image":{"@type":"ImageObject","inLanguage":"fr-FR","@id":"https:\/\/secure.gravatar.com\/avatar\/673bdfb703a9b6685a88bc7dfb04a9ea2b48b30e9d1663a5e759a4e9bfa3e2c0?s=96&d=mm&r=g","url":"https:\/\/secure.gravatar.com\/avatar\/673bdfb703a9b6685a88bc7dfb04a9ea2b48b30e9d1663a5e759a4e9bfa3e2c0?s=96&d=mm&r=g","contentUrl":"https:\/\/secure.gravatar.com\/avatar\/673bdfb703a9b6685a88bc7dfb04a9ea2b48b30e9d1663a5e759a4e9bfa3e2c0?s=96&d=mm&r=g","caption":"Karine Dudognon"},"url":"https:\/\/www.cargo-montreal.ca\/fr\/author\/karine\/"}]}},"_links":{"self":[{"href":"https:\/\/www.cargo-montreal.ca\/fr\/wp-json\/wp\/v2\/posts\/12996","targetHints":{"allow":["GET"]}}],"collection":[{"href":"https:\/\/www.cargo-montreal.ca\/fr\/wp-json\/wp\/v2\/posts"}],"about":[{"href":"https:\/\/www.cargo-montreal.ca\/fr\/wp-json\/wp\/v2\/types\/post"}],"author":[{"embeddable":true,"href":"https:\/\/www.cargo-montreal.ca\/fr\/wp-json\/wp\/v2\/users\/39"}],"replies":[{"embeddable":true,"href":"https:\/\/www.cargo-montreal.ca\/fr\/wp-json\/wp\/v2\/comments?post=12996"}],"version-history":[{"count":1,"href":"https:\/\/www.cargo-montreal.ca\/fr\/wp-json\/wp\/v2\/posts\/12996\/revisions"}],"predecessor-version":[{"id":12997,"href":"https:\/\/www.cargo-montreal.ca\/fr\/wp-json\/wp\/v2\/posts\/12996\/revisions\/12997"}],"wp:featuredmedia":[{"embeddable":true,"href":"https:\/\/www.cargo-montreal.ca\/fr\/wp-json\/wp\/v2\/media\/12979"}],"wp:attachment":[{"href":"https:\/\/www.cargo-montreal.ca\/fr\/wp-json\/wp\/v2\/media?parent=12996"}],"wp:term":[{"taxonomy":"category","embeddable":true,"href":"https:\/\/www.cargo-montreal.ca\/fr\/wp-json\/wp\/v2\/categories?post=12996"},{"taxonomy":"post_tag","embeddable":true,"href":"https:\/\/www.cargo-montreal.ca\/fr\/wp-json\/wp\/v2\/tags?post=12996"}],"curies":[{"name":"wp","href":"https:\/\/api.w.org\/{rel}","templated":true}]}}