{"id":13012,"date":"2022-03-29T01:33:17","date_gmt":"2022-03-29T01:33:17","guid":{"rendered":"https:\/\/www.cargo-montreal.ca\/?p=13012"},"modified":"2022-03-29T01:58:23","modified_gmt":"2022-03-29T01:58:23","slug":"revue-de-presse-3","status":"publish","type":"post","link":"https:\/\/www.cargo-montreal.ca\/fr\/revue-de-presse-3\/","title":{"rendered":"Revue de presse"},"content":{"rendered":"Voici quelques articles d&rsquo;int\u00e9r\u00eat pour notre secteur. Si vous avez des nouvelles \u00e0 diffuser concernant la logistique et le transport de marchandises, n&rsquo;h\u00e9sitez pas \u00e0 nous les faire parvenir.\r\n<ul>\r\n \t<li><a href=\"https:\/\/info.cargo-montreal.ca\/e3t\/Ctc\/ZU+113\/d11nbd04\/VWPFlD8Sl2D2W3g-9qx30x04FW6G5rDL4HchW0N179mq55kh4yV3Zsc37CgLkBW4gxwsJ4G78_DW1Mnrkd2J3FDLW1HLZ1z83mmqKN8cZY_Vl7fzjW6tX1pv2fgdCgW7-B1g18JGKhjW6h2Qs37VWF1jW63MKHs2pvSP9W5GD0c09hMDKmW4BL0Wc5SQbMlW1LPDGK1vrb0yW1mPPk117p0PFW2mVYN44rm0-2W2_Tg8q5ZRH2wW3H9Htn5kbPw3W2bzL8F8C9tMpW6qLpF65RB16qW6BSNQL2lQDyYN3w6fF5cMbQ8W2kzPqX7Td_JCW6jjLch4-9RhPW1xGGMq2sNbwyW6pvkMc7XFf40W87K8Q21sJpWJW2H275T6RkxsPW6dFdK09fpwRgW3b8S3K2yWZHlW2j4D-N704t_wVNw6YT7szfLvW5PP2Tf2rhh2bW64qF7h6_2YbZW3YJFSs8hpp9fW38f9zg74JQ2hN76bmzGnT3RNVwvFzJ8-lPt0N7gQ9hpnyDhgW6xTBg87S81CfW6FykHB3WLYy339zw1\" target=\"_blank\" rel=\"noopener\" data-saferedirecturl=\"https:\/\/www.google.com\/url?hl=fr-CA&amp;q=https:\/\/info.cargo-montreal.ca\/e3t\/Ctc\/ZU%2B113\/d11nbd04\/VWPFlD8Sl2D2W3g-9qx30x04FW6G5rDL4HchW0N179mq55kh4yV3Zsc37CgLkBW4gxwsJ4G78_DW1Mnrkd2J3FDLW1HLZ1z83mmqKN8cZY_Vl7fzjW6tX1pv2fgdCgW7-B1g18JGKhjW6h2Qs37VWF1jW63MKHs2pvSP9W5GD0c09hMDKmW4BL0Wc5SQbMlW1LPDGK1vrb0yW1mPPk117p0PFW2mVYN44rm0-2W2_Tg8q5ZRH2wW3H9Htn5kbPw3W2bzL8F8C9tMpW6qLpF65RB16qW6BSNQL2lQDyYN3w6fF5cMbQ8W2kzPqX7Td_JCW6jjLch4-9RhPW1xGGMq2sNbwyW6pvkMc7XFf40W87K8Q21sJpWJW2H275T6RkxsPW6dFdK09fpwRgW3b8S3K2yWZHlW2j4D-N704t_wVNw6YT7szfLvW5PP2Tf2rhh2bW64qF7h6_2YbZW3YJFSs8hpp9fW38f9zg74JQ2hN76bmzGnT3RNVwvFzJ8-lPt0N7gQ9hpnyDhgW6xTBg87S81CfW6FykHB3WLYy339zw1&amp;source=gmail&amp;ust=1648603806011000&amp;usg=AOvVaw3JzqaEgP1VHEgqxlLJsbK0\">Le ministre des Transports annonce les copr\u00e9sidents du Groupe de travail national sur la cha\u00eene d\u2019approvisionnement<\/a><\/li>\r\n \t<li><a href=\"https:\/\/info.cargo-montreal.ca\/e3t\/Ctc\/ZU+113\/d11nbd04\/VWPFlD8Sl2D2W3g-9qx30x04FW6G5rDL4HchW0N179mq_3lLCfV1-WJV7Cg-XPVMkbXH60n20QW7V4hFD3txx6FW79gL5f912KDsN3j6VXB55lhjW37V0Vz3RH1tvW31fsMH76jC1NW3DSynn86F1v1W5Sw2J04TrdrVW2pMNcV88DqRGW7N-p3P4XpRkGW3HNfDl4bPcGTW1BwqGp3x1Fz7W5tLQ6L5gMpptW7qmhkP2J4ttTW902V3R1fFWnfW2ZqqzK3fLxcpN4S48n9htFJMW4q99Tz2k4BSdW94jlz21yyv22W4CqwR068PVYtW4ZvFRQ3HgWWsW17Qkxj4ZyYYjF76RPTKpGMdW489VkH8pvd5gVb_6cf4qsrz7N6RlfvNRlh3vW8rQfSy1z172LW1C1Pbk1J5NQD36s91\" target=\"_blank\" rel=\"noopener\" data-saferedirecturl=\"https:\/\/www.google.com\/url?hl=fr-CA&amp;q=https:\/\/info.cargo-montreal.ca\/e3t\/Ctc\/ZU%2B113\/d11nbd04\/VWPFlD8Sl2D2W3g-9qx30x04FW6G5rDL4HchW0N179mq_3lLCfV1-WJV7Cg-XPVMkbXH60n20QW7V4hFD3txx6FW79gL5f912KDsN3j6VXB55lhjW37V0Vz3RH1tvW31fsMH76jC1NW3DSynn86F1v1W5Sw2J04TrdrVW2pMNcV88DqRGW7N-p3P4XpRkGW3HNfDl4bPcGTW1BwqGp3x1Fz7W5tLQ6L5gMpptW7qmhkP2J4ttTW902V3R1fFWnfW2ZqqzK3fLxcpN4S48n9htFJMW4q99Tz2k4BSdW94jlz21yyv22W4CqwR068PVYtW4ZvFRQ3HgWWsW17Qkxj4ZyYYjF76RPTKpGMdW489VkH8pvd5gVb_6cf4qsrz7N6RlfvNRlh3vW8rQfSy1z172LW1C1Pbk1J5NQD36s91&amp;source=gmail&amp;ust=1648603806011000&amp;usg=AOvVaw1MRZ9jarEdENRqgz1x79gQ\">R\u00e9sum\u00e9 du budget provincial 2022 \u2013 Transport<\/a><\/li>\r\n \t<li><a href=\"https:\/\/info.cargo-montreal.ca\/e3t\/Ctc\/ZU+113\/d11nbd04\/VWPFlD8Sl2D2W3g-9qx30x04FW6G5rDL4HchW0N179mqJ3lLBZV1-WJV7CgKWwW8nq-ZZ79PQHcW2j9XnJ1x11F6W6NLgCq1qkPLDW4r4cfR2d4FPXW8rk_J23BppPlW5c977r3m98bnW22BjGG4CshXVW7s3kCC5s9vGRW7PXd7L4YR8vpW92r_YM7JPF7fW7WwV103dr_D8W2DsPPb54CjRTW1v25z-81YVdJW4B0F6F3TlWjhW2rz8v11wGr2qW2j0TwP7KBwjJW3h1LHx6md88xW7ww9nm7fZ89ZN8vDmpShhy39W7j8qbJ28HvH7W3bg025745mmKW2n_4xB7gXzK-W6nN5x32YpWx4W4ydVQg1yhxsnW7lH2hv5hr7kNW9kGM7q7yvPt43nKd1\" target=\"_blank\" rel=\"noopener\" data-saferedirecturl=\"https:\/\/www.google.com\/url?hl=fr-CA&amp;q=https:\/\/info.cargo-montreal.ca\/e3t\/Ctc\/ZU%2B113\/d11nbd04\/VWPFlD8Sl2D2W3g-9qx30x04FW6G5rDL4HchW0N179mqJ3lLBZV1-WJV7CgKWwW8nq-ZZ79PQHcW2j9XnJ1x11F6W6NLgCq1qkPLDW4r4cfR2d4FPXW8rk_J23BppPlW5c977r3m98bnW22BjGG4CshXVW7s3kCC5s9vGRW7PXd7L4YR8vpW92r_YM7JPF7fW7WwV103dr_D8W2DsPPb54CjRTW1v25z-81YVdJW4B0F6F3TlWjhW2rz8v11wGr2qW2j0TwP7KBwjJW3h1LHx6md88xW7ww9nm7fZ89ZN8vDmpShhy39W7j8qbJ28HvH7W3bg025745mmKW2n_4xB7gXzK-W6nN5x32YpWx4W4ydVQg1yhxsnW7lH2hv5hr7kNW9kGM7q7yvPt43nKd1&amp;source=gmail&amp;ust=1648603806011000&amp;usg=AOvVaw29MNqC67gifcBjbkuH6XhY\">Groupe Morneau &#8211; Les deux mains sur le volant avec fiert\u00e9<\/a><\/li>\r\n \t<li><a href=\"https:\/\/info.cargo-montreal.ca\/e3t\/Ctc\/ZU+113\/d11nbd04\/VWPFlD8Sl2D2W3g-9qx30x04FW6G5rDL4HchW0N179mrh3lLCyV1-WJV7CgN15W7ZHySq8z2_nfW45YDnn65_ZKYW60XDPx5tcC0QW2sZzll6GMg7lW2t2gpP2Qczr0W6nGqtg2YHZpCW8r9sgr80JT5fW57ZGt13Nr7vfW4D9G_j4V3qLvW2sGv_v6yk-GZW654Smc4my4SBW5SYWVD9bsM_qW7lN8cS1cy7HSW2FbJ-K1_hk2cTrjBZ8lphhLW5Qzjqy8y5YLLW6CQYkf6FbKfXW1_0Cm73vf_D3W85rKqp4T1rrtW8RP4rt1hXCn5W3zLDZR39BH6JW2wV60C91Q_X9W8ktzx94bD353VYDdc64XVdZTW7z_8MQ1VsQyKW43sHx64R8pfBW1fs7LX7hfbfQW6v391n5-GpKwW2hgdpt8MZrxxW8Y8CQ83wbSCQ31Dj1\" target=\"_blank\" rel=\"noopener\" data-saferedirecturl=\"https:\/\/www.google.com\/url?hl=fr-CA&amp;q=https:\/\/info.cargo-montreal.ca\/e3t\/Ctc\/ZU%2B113\/d11nbd04\/VWPFlD8Sl2D2W3g-9qx30x04FW6G5rDL4HchW0N179mrh3lLCyV1-WJV7CgN15W7ZHySq8z2_nfW45YDnn65_ZKYW60XDPx5tcC0QW2sZzll6GMg7lW2t2gpP2Qczr0W6nGqtg2YHZpCW8r9sgr80JT5fW57ZGt13Nr7vfW4D9G_j4V3qLvW2sGv_v6yk-GZW654Smc4my4SBW5SYWVD9bsM_qW7lN8cS1cy7HSW2FbJ-K1_hk2cTrjBZ8lphhLW5Qzjqy8y5YLLW6CQYkf6FbKfXW1_0Cm73vf_D3W85rKqp4T1rrtW8RP4rt1hXCn5W3zLDZR39BH6JW2wV60C91Q_X9W8ktzx94bD353VYDdc64XVdZTW7z_8MQ1VsQyKW43sHx64R8pfBW1fs7LX7hfbfQW6v391n5-GpKwW2hgdpt8MZrxxW8Y8CQ83wbSCQ31Dj1&amp;source=gmail&amp;ust=1648603806011000&amp;usg=AOvVaw2RgdqRGjmuv1ETjDtLFXLd\">Wiptec agrandit ses installations pour cr\u00e9er un complexe \u00e0 la pointe de la technologie<\/a><\/li>\r\n<\/ul>","protected":false},"excerpt":{"rendered":"Voici quelques articles d&rsquo;int\u00e9r\u00eat pour notre secteur. Si vous avez des nouvelles \u00e0 diffuser concernant la logistique et le transport de marchandises, n&rsquo;h\u00e9sitez pas \u00e0 nous les faire parvenir. Le ministre des Transports annonce les copr\u00e9sidents du Groupe de travail national sur la cha\u00eene d\u2019approvisionnement R\u00e9sum\u00e9 du budget provincial 2022 \u2013 Transport Groupe Morneau &#8211; [&hellip;]","protected":false},"author":39,"featured_media":12898,"comment_status":"closed","ping_status":"closed","sticky":false,"template":"","format":"standard","meta":{"_acf_changed":false,"footnotes":""},"categories":[20],"tags":[],"class_list":["post-13012","post","type-post","status-publish","format-standard","has-post-thumbnail","hentry","category-services-logistiques"],"acf":[],"yoast_head":"<!-- This site is optimized with the Yoast SEO plugin v27.3 - https:\/\/yoast.com\/product\/yoast-seo-wordpress\/ -->\n<title>Revue de presse - CargoM<\/title>\n<meta name=\"robots\" content=\"index, follow, max-snippet:-1, max-image-preview:large, max-video-preview:-1\" \/>\n<link rel=\"canonical\" href=\"https:\/\/www.cargo-montreal.ca\/fr\/revue-de-presse-3\/\" \/>\n<meta property=\"og:locale\" content=\"fr_FR\" \/>\n<meta property=\"og:type\" content=\"article\" \/>\n<meta property=\"og:title\" content=\"Revue de presse - CargoM\" \/>\n<meta property=\"og:description\" content=\"Voici quelques articles d&rsquo;int\u00e9r\u00eat pour notre secteur. Si vous avez des nouvelles \u00e0 diffuser concernant la logistique et le transport de marchandises, n&rsquo;h\u00e9sitez pas \u00e0 nous les faire parvenir. Le ministre des Transports annonce les copr\u00e9sidents du Groupe de travail national sur la cha\u00eene d\u2019approvisionnement R\u00e9sum\u00e9 du budget provincial 2022 \u2013 Transport Groupe Morneau &#8211; [&hellip;]\" \/>\n<meta property=\"og:url\" content=\"https:\/\/www.cargo-montreal.ca\/fr\/revue-de-presse-3\/\" \/>\n<meta property=\"og:site_name\" content=\"CargoM\" \/>\n<meta property=\"article:published_time\" content=\"2022-03-29T01:33:17+00:00\" \/>\n<meta property=\"article:modified_time\" content=\"2022-03-29T01:58:23+00:00\" \/>\n<meta property=\"og:image\" content=\"https:\/\/www.cargo-montreal.ca\/wp-content\/uploads\/2022\/02\/Journaux-1160x768-1.jpg\" \/>\n\t<meta property=\"og:image:width\" content=\"1160\" \/>\n\t<meta property=\"og:image:height\" content=\"768\" \/>\n\t<meta property=\"og:image:type\" content=\"image\/jpeg\" \/>\n<meta name=\"author\" content=\"Karine Dudognon\" \/>\n<meta name=\"twitter:card\" content=\"summary_large_image\" \/>\n<meta name=\"twitter:label1\" content=\"\u00c9crit par\" \/>\n\t<meta name=\"twitter:data1\" content=\"Karine Dudognon\" \/>\n\t<meta name=\"twitter:label2\" content=\"Dur\u00e9e de lecture estim\u00e9e\" \/>\n\t<meta name=\"twitter:data2\" content=\"1 minute\" \/>\n<script type=\"application\/ld+json\" class=\"yoast-schema-graph\">{\"@context\":\"https:\\\/\\\/schema.org\",\"@graph\":[{\"@type\":\"Article\",\"@id\":\"https:\\\/\\\/www.cargo-montreal.ca\\\/fr\\\/revue-de-presse-3\\\/#article\",\"isPartOf\":{\"@id\":\"https:\\\/\\\/www.cargo-montreal.ca\\\/fr\\\/revue-de-presse-3\\\/\"},\"author\":{\"name\":\"Karine Dudognon\",\"@id\":\"https:\\\/\\\/www.cargo-montreal.ca\\\/fr\\\/#\\\/schema\\\/person\\\/80476d173ce654813db9fd1533901365\"},\"headline\":\"Revue de presse\",\"datePublished\":\"2022-03-29T01:33:17+00:00\",\"dateModified\":\"2022-03-29T01:58:23+00:00\",\"mainEntityOfPage\":{\"@id\":\"https:\\\/\\\/www.cargo-montreal.ca\\\/fr\\\/revue-de-presse-3\\\/\"},\"wordCount\":85,\"image\":{\"@id\":\"https:\\\/\\\/www.cargo-montreal.ca\\\/fr\\\/revue-de-presse-3\\\/#primaryimage\"},\"thumbnailUrl\":\"https:\\\/\\\/www.cargo-montreal.ca\\\/wp-content\\\/uploads\\\/2022\\\/02\\\/Journaux-1160x768-1.jpg\",\"articleSection\":[\"Services logistiques\"],\"inLanguage\":\"fr-FR\"},{\"@type\":\"WebPage\",\"@id\":\"https:\\\/\\\/www.cargo-montreal.ca\\\/fr\\\/revue-de-presse-3\\\/\",\"url\":\"https:\\\/\\\/www.cargo-montreal.ca\\\/fr\\\/revue-de-presse-3\\\/\",\"name\":\"Revue de presse - CargoM\",\"isPartOf\":{\"@id\":\"https:\\\/\\\/www.cargo-montreal.ca\\\/fr\\\/#website\"},\"primaryImageOfPage\":{\"@id\":\"https:\\\/\\\/www.cargo-montreal.ca\\\/fr\\\/revue-de-presse-3\\\/#primaryimage\"},\"image\":{\"@id\":\"https:\\\/\\\/www.cargo-montreal.ca\\\/fr\\\/revue-de-presse-3\\\/#primaryimage\"},\"thumbnailUrl\":\"https:\\\/\\\/www.cargo-montreal.ca\\\/wp-content\\\/uploads\\\/2022\\\/02\\\/Journaux-1160x768-1.jpg\",\"datePublished\":\"2022-03-29T01:33:17+00:00\",\"dateModified\":\"2022-03-29T01:58:23+00:00\",\"author\":{\"@id\":\"https:\\\/\\\/www.cargo-montreal.ca\\\/fr\\\/#\\\/schema\\\/person\\\/80476d173ce654813db9fd1533901365\"},\"breadcrumb\":{\"@id\":\"https:\\\/\\\/www.cargo-montreal.ca\\\/fr\\\/revue-de-presse-3\\\/#breadcrumb\"},\"inLanguage\":\"fr-FR\",\"potentialAction\":[{\"@type\":\"ReadAction\",\"target\":[\"https:\\\/\\\/www.cargo-montreal.ca\\\/fr\\\/revue-de-presse-3\\\/\"]}]},{\"@type\":\"ImageObject\",\"inLanguage\":\"fr-FR\",\"@id\":\"https:\\\/\\\/www.cargo-montreal.ca\\\/fr\\\/revue-de-presse-3\\\/#primaryimage\",\"url\":\"https:\\\/\\\/www.cargo-montreal.ca\\\/wp-content\\\/uploads\\\/2022\\\/02\\\/Journaux-1160x768-1.jpg\",\"contentUrl\":\"https:\\\/\\\/www.cargo-montreal.ca\\\/wp-content\\\/uploads\\\/2022\\\/02\\\/Journaux-1160x768-1.jpg\",\"width\":1160,\"height\":768},{\"@type\":\"BreadcrumbList\",\"@id\":\"https:\\\/\\\/www.cargo-montreal.ca\\\/fr\\\/revue-de-presse-3\\\/#breadcrumb\",\"itemListElement\":[{\"@type\":\"ListItem\",\"position\":1,\"name\":\"Home\",\"item\":\"https:\\\/\\\/www.cargo-montreal.ca\\\/fr\\\/\"},{\"@type\":\"ListItem\",\"position\":2,\"name\":\"Revue de presse\"}]},{\"@type\":\"WebSite\",\"@id\":\"https:\\\/\\\/www.cargo-montreal.ca\\\/fr\\\/#website\",\"url\":\"https:\\\/\\\/www.cargo-montreal.ca\\\/fr\\\/\",\"name\":\"CargoM\",\"description\":\"La mission de CargoM: Rassembler les acteurs de la logistique &amp; du transport de marchandises du Grand Montr\u00e9al autour d&#039;objectifs communs, d&#039;actions concert\u00e9es\",\"potentialAction\":[{\"@type\":\"SearchAction\",\"target\":{\"@type\":\"EntryPoint\",\"urlTemplate\":\"https:\\\/\\\/www.cargo-montreal.ca\\\/fr\\\/?s={search_term_string}\"},\"query-input\":{\"@type\":\"PropertyValueSpecification\",\"valueRequired\":true,\"valueName\":\"search_term_string\"}}],\"inLanguage\":\"fr-FR\"},{\"@type\":\"Person\",\"@id\":\"https:\\\/\\\/www.cargo-montreal.ca\\\/fr\\\/#\\\/schema\\\/person\\\/80476d173ce654813db9fd1533901365\",\"name\":\"Karine Dudognon\",\"image\":{\"@type\":\"ImageObject\",\"inLanguage\":\"fr-FR\",\"@id\":\"https:\\\/\\\/secure.gravatar.com\\\/avatar\\\/673bdfb703a9b6685a88bc7dfb04a9ea2b48b30e9d1663a5e759a4e9bfa3e2c0?s=96&d=mm&r=g\",\"url\":\"https:\\\/\\\/secure.gravatar.com\\\/avatar\\\/673bdfb703a9b6685a88bc7dfb04a9ea2b48b30e9d1663a5e759a4e9bfa3e2c0?s=96&d=mm&r=g\",\"contentUrl\":\"https:\\\/\\\/secure.gravatar.com\\\/avatar\\\/673bdfb703a9b6685a88bc7dfb04a9ea2b48b30e9d1663a5e759a4e9bfa3e2c0?s=96&d=mm&r=g\",\"caption\":\"Karine Dudognon\"},\"url\":\"https:\\\/\\\/www.cargo-montreal.ca\\\/fr\\\/author\\\/karine\\\/\"}]}<\/script>\n<!-- \/ Yoast SEO plugin. -->","yoast_head_json":{"title":"Revue de presse - CargoM","robots":{"index":"index","follow":"follow","max-snippet":"max-snippet:-1","max-image-preview":"max-image-preview:large","max-video-preview":"max-video-preview:-1"},"canonical":"https:\/\/www.cargo-montreal.ca\/fr\/revue-de-presse-3\/","og_locale":"fr_FR","og_type":"article","og_title":"Revue de presse - CargoM","og_description":"Voici quelques articles d&rsquo;int\u00e9r\u00eat pour notre secteur. Si vous avez des nouvelles \u00e0 diffuser concernant la logistique et le transport de marchandises, n&rsquo;h\u00e9sitez pas \u00e0 nous les faire parvenir. Le ministre des Transports annonce les copr\u00e9sidents du Groupe de travail national sur la cha\u00eene d\u2019approvisionnement R\u00e9sum\u00e9 du budget provincial 2022 \u2013 Transport Groupe Morneau &#8211; [&hellip;]","og_url":"https:\/\/www.cargo-montreal.ca\/fr\/revue-de-presse-3\/","og_site_name":"CargoM","article_published_time":"2022-03-29T01:33:17+00:00","article_modified_time":"2022-03-29T01:58:23+00:00","og_image":[{"width":1160,"height":768,"url":"https:\/\/www.cargo-montreal.ca\/wp-content\/uploads\/2022\/02\/Journaux-1160x768-1.jpg","type":"image\/jpeg"}],"author":"Karine Dudognon","twitter_card":"summary_large_image","twitter_misc":{"\u00c9crit par":"Karine Dudognon","Dur\u00e9e de lecture estim\u00e9e":"1 minute"},"schema":{"@context":"https:\/\/schema.org","@graph":[{"@type":"Article","@id":"https:\/\/www.cargo-montreal.ca\/fr\/revue-de-presse-3\/#article","isPartOf":{"@id":"https:\/\/www.cargo-montreal.ca\/fr\/revue-de-presse-3\/"},"author":{"name":"Karine Dudognon","@id":"https:\/\/www.cargo-montreal.ca\/fr\/#\/schema\/person\/80476d173ce654813db9fd1533901365"},"headline":"Revue de presse","datePublished":"2022-03-29T01:33:17+00:00","dateModified":"2022-03-29T01:58:23+00:00","mainEntityOfPage":{"@id":"https:\/\/www.cargo-montreal.ca\/fr\/revue-de-presse-3\/"},"wordCount":85,"image":{"@id":"https:\/\/www.cargo-montreal.ca\/fr\/revue-de-presse-3\/#primaryimage"},"thumbnailUrl":"https:\/\/www.cargo-montreal.ca\/wp-content\/uploads\/2022\/02\/Journaux-1160x768-1.jpg","articleSection":["Services logistiques"],"inLanguage":"fr-FR"},{"@type":"WebPage","@id":"https:\/\/www.cargo-montreal.ca\/fr\/revue-de-presse-3\/","url":"https:\/\/www.cargo-montreal.ca\/fr\/revue-de-presse-3\/","name":"Revue de presse - CargoM","isPartOf":{"@id":"https:\/\/www.cargo-montreal.ca\/fr\/#website"},"primaryImageOfPage":{"@id":"https:\/\/www.cargo-montreal.ca\/fr\/revue-de-presse-3\/#primaryimage"},"image":{"@id":"https:\/\/www.cargo-montreal.ca\/fr\/revue-de-presse-3\/#primaryimage"},"thumbnailUrl":"https:\/\/www.cargo-montreal.ca\/wp-content\/uploads\/2022\/02\/Journaux-1160x768-1.jpg","datePublished":"2022-03-29T01:33:17+00:00","dateModified":"2022-03-29T01:58:23+00:00","author":{"@id":"https:\/\/www.cargo-montreal.ca\/fr\/#\/schema\/person\/80476d173ce654813db9fd1533901365"},"breadcrumb":{"@id":"https:\/\/www.cargo-montreal.ca\/fr\/revue-de-presse-3\/#breadcrumb"},"inLanguage":"fr-FR","potentialAction":[{"@type":"ReadAction","target":["https:\/\/www.cargo-montreal.ca\/fr\/revue-de-presse-3\/"]}]},{"@type":"ImageObject","inLanguage":"fr-FR","@id":"https:\/\/www.cargo-montreal.ca\/fr\/revue-de-presse-3\/#primaryimage","url":"https:\/\/www.cargo-montreal.ca\/wp-content\/uploads\/2022\/02\/Journaux-1160x768-1.jpg","contentUrl":"https:\/\/www.cargo-montreal.ca\/wp-content\/uploads\/2022\/02\/Journaux-1160x768-1.jpg","width":1160,"height":768},{"@type":"BreadcrumbList","@id":"https:\/\/www.cargo-montreal.ca\/fr\/revue-de-presse-3\/#breadcrumb","itemListElement":[{"@type":"ListItem","position":1,"name":"Home","item":"https:\/\/www.cargo-montreal.ca\/fr\/"},{"@type":"ListItem","position":2,"name":"Revue de presse"}]},{"@type":"WebSite","@id":"https:\/\/www.cargo-montreal.ca\/fr\/#website","url":"https:\/\/www.cargo-montreal.ca\/fr\/","name":"CargoM","description":"La mission de CargoM: Rassembler les acteurs de la logistique &amp; du transport de marchandises du Grand Montr\u00e9al autour d&#039;objectifs communs, d&#039;actions concert\u00e9es","potentialAction":[{"@type":"SearchAction","target":{"@type":"EntryPoint","urlTemplate":"https:\/\/www.cargo-montreal.ca\/fr\/?s={search_term_string}"},"query-input":{"@type":"PropertyValueSpecification","valueRequired":true,"valueName":"search_term_string"}}],"inLanguage":"fr-FR"},{"@type":"Person","@id":"https:\/\/www.cargo-montreal.ca\/fr\/#\/schema\/person\/80476d173ce654813db9fd1533901365","name":"Karine Dudognon","image":{"@type":"ImageObject","inLanguage":"fr-FR","@id":"https:\/\/secure.gravatar.com\/avatar\/673bdfb703a9b6685a88bc7dfb04a9ea2b48b30e9d1663a5e759a4e9bfa3e2c0?s=96&d=mm&r=g","url":"https:\/\/secure.gravatar.com\/avatar\/673bdfb703a9b6685a88bc7dfb04a9ea2b48b30e9d1663a5e759a4e9bfa3e2c0?s=96&d=mm&r=g","contentUrl":"https:\/\/secure.gravatar.com\/avatar\/673bdfb703a9b6685a88bc7dfb04a9ea2b48b30e9d1663a5e759a4e9bfa3e2c0?s=96&d=mm&r=g","caption":"Karine Dudognon"},"url":"https:\/\/www.cargo-montreal.ca\/fr\/author\/karine\/"}]}},"_links":{"self":[{"href":"https:\/\/www.cargo-montreal.ca\/fr\/wp-json\/wp\/v2\/posts\/13012","targetHints":{"allow":["GET"]}}],"collection":[{"href":"https:\/\/www.cargo-montreal.ca\/fr\/wp-json\/wp\/v2\/posts"}],"about":[{"href":"https:\/\/www.cargo-montreal.ca\/fr\/wp-json\/wp\/v2\/types\/post"}],"author":[{"embeddable":true,"href":"https:\/\/www.cargo-montreal.ca\/fr\/wp-json\/wp\/v2\/users\/39"}],"replies":[{"embeddable":true,"href":"https:\/\/www.cargo-montreal.ca\/fr\/wp-json\/wp\/v2\/comments?post=13012"}],"version-history":[{"count":3,"href":"https:\/\/www.cargo-montreal.ca\/fr\/wp-json\/wp\/v2\/posts\/13012\/revisions"}],"predecessor-version":[{"id":13038,"href":"https:\/\/www.cargo-montreal.ca\/fr\/wp-json\/wp\/v2\/posts\/13012\/revisions\/13038"}],"wp:featuredmedia":[{"embeddable":true,"href":"https:\/\/www.cargo-montreal.ca\/fr\/wp-json\/wp\/v2\/media\/12898"}],"wp:attachment":[{"href":"https:\/\/www.cargo-montreal.ca\/fr\/wp-json\/wp\/v2\/media?parent=13012"}],"wp:term":[{"taxonomy":"category","embeddable":true,"href":"https:\/\/www.cargo-montreal.ca\/fr\/wp-json\/wp\/v2\/categories?post=13012"},{"taxonomy":"post_tag","embeddable":true,"href":"https:\/\/www.cargo-montreal.ca\/fr\/wp-json\/wp\/v2\/tags?post=13012"}],"curies":[{"name":"wp","href":"https:\/\/api.w.org\/{rel}","templated":true}]}}