{"id":13014,"date":"2022-03-29T01:34:35","date_gmt":"2022-03-29T01:34:35","guid":{"rendered":"https:\/\/www.cargo-montreal.ca\/?p=13014"},"modified":"2022-03-29T01:58:04","modified_gmt":"2022-03-29T01:58:04","slug":"calendrier-4","status":"publish","type":"post","link":"https:\/\/www.cargo-montreal.ca\/fr\/calendrier-4\/","title":{"rendered":"Calendrier des \u00e9v\u00e8nements"},"content":{"rendered":"<a href=\"https:\/\/www.cargo-montreal.ca\/wp-content\/uploads\/2022\/03\/MI_CORIM.jpg\"><img loading=\"lazy\" decoding=\"async\" class=\"alignnone size-medium wp-image-12983\" src=\"https:\/\/www.cargo-montreal.ca\/wp-content\/uploads\/2022\/03\/MI_CORIM-300x154.jpg\" alt=\"\" width=\"300\" height=\"154\" srcset=\"https:\/\/www.cargo-montreal.ca\/wp-content\/uploads\/2022\/03\/MI_CORIM-300x154.jpg 300w, https:\/\/www.cargo-montreal.ca\/wp-content\/uploads\/2022\/03\/MI_CORIM-1024x525.jpg 1024w, https:\/\/www.cargo-montreal.ca\/wp-content\/uploads\/2022\/03\/MI_CORIM-768x394.jpg 768w, https:\/\/www.cargo-montreal.ca\/wp-content\/uploads\/2022\/03\/MI_CORIM-1536x788.jpg 1536w, https:\/\/www.cargo-montreal.ca\/wp-content\/uploads\/2022\/03\/MI_CORIM.jpg 1624w\" sizes=\"auto, (max-width: 300px) 100vw, 300px\" \/><\/a>\u00a0 <a href=\"https:\/\/www.cargo-montreal.ca\/wp-content\/uploads\/2022\/03\/Somment-climat-MTL.png\"><img loading=\"lazy\" decoding=\"async\" class=\"alignnone size-medium wp-image-12985\" src=\"https:\/\/www.cargo-montreal.ca\/wp-content\/uploads\/2022\/03\/Somment-climat-MTL-300x145.png\" alt=\"\" width=\"300\" height=\"145\" srcset=\"https:\/\/www.cargo-montreal.ca\/wp-content\/uploads\/2022\/03\/Somment-climat-MTL-300x145.png 300w, https:\/\/www.cargo-montreal.ca\/wp-content\/uploads\/2022\/03\/Somment-climat-MTL-1024x495.png 1024w, https:\/\/www.cargo-montreal.ca\/wp-content\/uploads\/2022\/03\/Somment-climat-MTL-768x371.png 768w, https:\/\/www.cargo-montreal.ca\/wp-content\/uploads\/2022\/03\/Somment-climat-MTL.png 1195w\" sizes=\"auto, (max-width: 300px) 100vw, 300px\" \/><\/a>\r\n<p align=\"justify\">Ne manquez pas les \u00e9v\u00e9nements suivants. Si vous souhaitez que CargoM ajoute votre \u00e9v\u00e9nement \u00e0 son\u00a0<a href=\"https:\/\/info.cargo-montreal.ca\/e3t\/Ctc\/ZU+113\/d11nbd04\/VWPFlD8Sl2D2W3g-9qx30x04FW6G5rDL4HchW0N179mpQ3lLB3V1-WJV7CgP0QW2k-Qjg7Tq6ZzW67D3VT3nMtVQN56CcMhvqVBpW2sLCHl1q4m1sW3WrvQ34t94r0W4XlvRr1w-vYtW3FLPTD7HSWCkV5Df4H3B_-G3W2sW3Q98fKjjJW3TCq-d4grwFXW3vBPHl16MRSJMJ2B_VL0M8-N5c8fpDPtNppW7hw78J3qCxP6W38xSj71CRR2GVmBPw68tCs1yMb75LNKB-DLW4zKmN52yNG8pN10xWLcdwXGVW3Krjn57Ghgzw38gv1\" target=\"_blank\" rel=\"noopener\" data-saferedirecturl=\"https:\/\/www.google.com\/url?hl=fr-CA&amp;q=https:\/\/info.cargo-montreal.ca\/e3t\/Ctc\/ZU%2B113\/d11nbd04\/VWPFlD8Sl2D2W3g-9qx30x04FW6G5rDL4HchW0N179mpQ3lLB3V1-WJV7CgP0QW2k-Qjg7Tq6ZzW67D3VT3nMtVQN56CcMhvqVBpW2sLCHl1q4m1sW3WrvQ34t94r0W4XlvRr1w-vYtW3FLPTD7HSWCkV5Df4H3B_-G3W2sW3Q98fKjjJW3TCq-d4grwFXW3vBPHl16MRSJMJ2B_VL0M8-N5c8fpDPtNppW7hw78J3qCxP6W38xSj71CRR2GVmBPw68tCs1yMb75LNKB-DLW4zKmN52yNG8pN10xWLcdwXGVW3Krjn57Ghgzw38gv1&amp;source=gmail&amp;ust=1648603806011000&amp;usg=AOvVaw3m77tWGtb_CP9gLtVy4kCN\">calendrier<\/a>, contactez Mme\u00a0<a href=\"mailto:kdudognon@cargo-montreal.ca\" target=\"_blank\" rel=\"noopener\">Karine Dudognon<\/a>.<\/p>\r\n<p align=\"justify\">29 mars 2022 \u2013\u00a0<a href=\"https:\/\/info.cargo-montreal.ca\/e3t\/Ctc\/ZU+113\/d11nbd04\/VWPFlD8Sl2D2W3g-9qx30x04FW6G5rDL4HchW0N179mq53lLBmV1-WJV7CgBFlW7QGMYq8PgYKdW7NNCkP8x7V4jVH7N_V5XcRK2W65468k2lj6k3VnctqX8ssxrYW6zmMZx62yb_lW8JhpWG6bJTcJW28zxbF5LxDR7VV7WHH6DP_sfW6sv_Jg8P0KwHN2mlxQc4JkpjW7cM9Sc6RxGH4W8LlNG57Z1kKmW6Smr-M7KtPtxW7WQ9sp7xW0T7W1_7cfF5bmBZ1W6NmVqq5NQj2-W5JVD753qGLw0W362lsX88_2RdW3Wls662Jt170W6v6HC34XyNkkW6Ggp9H4dpCC92Tm1\" target=\"_blank\" rel=\"noopener\" data-saferedirecturl=\"https:\/\/www.google.com\/url?hl=fr-CA&amp;q=https:\/\/info.cargo-montreal.ca\/e3t\/Ctc\/ZU%2B113\/d11nbd04\/VWPFlD8Sl2D2W3g-9qx30x04FW6G5rDL4HchW0N179mq53lLBmV1-WJV7CgBFlW7QGMYq8PgYKdW7NNCkP8x7V4jVH7N_V5XcRK2W65468k2lj6k3VnctqX8ssxrYW6zmMZx62yb_lW8JhpWG6bJTcJW28zxbF5LxDR7VV7WHH6DP_sfW6sv_Jg8P0KwHN2mlxQc4JkpjW7cM9Sc6RxGH4W8LlNG57Z1kKmW6Smr-M7KtPtxW7WQ9sp7xW0T7W1_7cfF5bmBZ1W6NmVqq5NQj2-W5JVD753qGLw0W362lsX88_2RdW3Wls662Jt170W6v6HC34XyNkkW6Ggp9H4dpCC92Tm1&amp;source=gmail&amp;ust=1648603806011000&amp;usg=AOvVaw07KpIpN-uz6q25Jdj6YKoH\">Le soutien aux entreprises : mode d&#8217;emploi<\/a>\u00a0\u00ad\u2013\u00a0<a href=\"https:\/\/info.cargo-montreal.ca\/e3t\/Ctc\/ZU+113\/d11nbd04\/VWPFlD8Sl2D2W3g-9qx30x04FW6G5rDL4HchW0N179mpw3lLzNV1-WJV7CgSSBW7xwPqc2WM97qN2NywNr1n98JW3Pks-x6mjbw5W24Wnmq2MN5GqW1plKrr6V3F52VRmd158qvP35W3zwTSh30D2P6W1P4g226DpLnKW3kCXM38pNhtXW3CqZRJ1rsx6jW8MmKsZ2_nZKxW64zB_x2NGbfcW2rL4DS5t2yFkVQGn4Z7tGQpkW7tz2h13VCDSqW6hqn_w5MrkCsW2Khrc752R9c4W4GmlS38y1rmS2ML1\" target=\"_blank\" rel=\"noopener\" data-saferedirecturl=\"https:\/\/www.google.com\/url?hl=fr-CA&amp;q=https:\/\/info.cargo-montreal.ca\/e3t\/Ctc\/ZU%2B113\/d11nbd04\/VWPFlD8Sl2D2W3g-9qx30x04FW6G5rDL4HchW0N179mpw3lLzNV1-WJV7CgSSBW7xwPqc2WM97qN2NywNr1n98JW3Pks-x6mjbw5W24Wnmq2MN5GqW1plKrr6V3F52VRmd158qvP35W3zwTSh30D2P6W1P4g226DpLnKW3kCXM38pNhtXW3CqZRJ1rsx6jW8MmKsZ2_nZKxW64zB_x2NGbfcW2rL4DS5t2yFkVQGn4Z7tGQpkW7tz2h13VCDSqW6hqn_w5MrkCsW2Khrc752R9c4W4GmlS38y1rmS2ML1&amp;source=gmail&amp;ust=1648603806011000&amp;usg=AOvVaw3v7V3HmtE2TxSadERs7dW1\">Les services aux entreprises du minist\u00e8re du Travail, de l&rsquo;Emploi et de la Solidarit\u00e9 sociale<\/a><\/p>\r\n<p align=\"justify\">1<sup>er<\/sup>\u00a0avril 2022 \u2013\u00a0<a href=\"https:\/\/info.cargo-montreal.ca\/e3t\/Ctc\/ZU+113\/d11nbd04\/VWPFlD8Sl2D2W3g-9qx30x04FW6G5rDL4HchW0N179mq_5kh5rV3Zsc37CgVbGN2t3VmPdr2TWW2KW-202_Lz25W1gybPJ6S2NBVW7G9mJl2rhrSXW7B76dp9b9bT_W45v-gm6BPqqNW16PpRZ8PgPdSW8XQz1Z77_SNQW5Tt1ZY7BpV4-W2P2rbq7R5RZPW2bRbVY7l-VVKW8-1N204V_C4PW8CxZFH8-YGkyW4rCL9s95NFqMW7T89KX4JnT9yW419pf58QZQxsVv12MT48PxCbW5PSyCc6RqLnKW7KhFKh1hqWk1W2mDpF819NvXjW1Zw98x1MLY8WW8X3BVf6n1txqW7GYPlm6yrW7yW1JgkzB7fVDVDW52lHgt4MnZ3zW3bqKK72x3FG_W815Cvr129hMjW8BptmX2qZYgxW7P2zwB1fXH_lW2R3vnw5NXLTsW2B-30v4ljXKXW7WQ6lX6gT_Y_W14GxZP5sSxNFW7dl7g660BBscW1bHLf18CxhKFN1hmZf5XZTRjW18yVt23tQ9xkVsDRGy5vZKf4W5cJ55T9k0ZkwW9hQs9n9d3N6vW73nptG9gxzQgW89lV_b1ScX5RN52tPCd8lj1FW6_RNZQ18R6l83lbG1\" target=\"_blank\" rel=\"noopener\" data-saferedirecturl=\"https:\/\/www.google.com\/url?hl=fr-CA&amp;q=https:\/\/info.cargo-montreal.ca\/e3t\/Ctc\/ZU%2B113\/d11nbd04\/VWPFlD8Sl2D2W3g-9qx30x04FW6G5rDL4HchW0N179mq_5kh5rV3Zsc37CgVbGN2t3VmPdr2TWW2KW-202_Lz25W1gybPJ6S2NBVW7G9mJl2rhrSXW7B76dp9b9bT_W45v-gm6BPqqNW16PpRZ8PgPdSW8XQz1Z77_SNQW5Tt1ZY7BpV4-W2P2rbq7R5RZPW2bRbVY7l-VVKW8-1N204V_C4PW8CxZFH8-YGkyW4rCL9s95NFqMW7T89KX4JnT9yW419pf58QZQxsVv12MT48PxCbW5PSyCc6RqLnKW7KhFKh1hqWk1W2mDpF819NvXjW1Zw98x1MLY8WW8X3BVf6n1txqW7GYPlm6yrW7yW1JgkzB7fVDVDW52lHgt4MnZ3zW3bqKK72x3FG_W815Cvr129hMjW8BptmX2qZYgxW7P2zwB1fXH_lW2R3vnw5NXLTsW2B-30v4ljXKXW7WQ6lX6gT_Y_W14GxZP5sSxNFW7dl7g660BBscW1bHLf18CxhKFN1hmZf5XZTRjW18yVt23tQ9xkVsDRGy5vZKf4W5cJ55T9k0ZkwW9hQs9n9d3N6vW73nptG9gxzQgW89lV_b1ScX5RN52tPCd8lj1FW6_RNZQ18R6l83lbG1&amp;source=gmail&amp;ust=1648603806011000&amp;usg=AOvVaw1C7HLCdIeGmFxzMTomS8z9\">Forum strat\u00e9gique sur le transport et la logistique<\/a>\u00a0\u2013\u00a0<a href=\"https:\/\/info.cargo-montreal.ca\/e3t\/Ctc\/ZU+113\/d11nbd04\/VWPFlD8Sl2D2W3g-9qx30x04FW6G5rDL4HchW0N179mpw3lLzNV1-WJV7CgBkZW6NGJXc40vkMfW7Dg3d42LxgBPW7_1QQ46yD_s6W6nxs_K3PKYKjVYBf8X8V83Z2W2GgFzp67cfctW9lCskq1GpYvvN4MhyTkLnWWFN3rDwybby7nFW5cpq7Z14tYRMV3rQsx4JjPhzW6qRW1q2FHh1PW15x5mP1tPRMNW2ksD187xGFZ9W1lHdZ25-msrRN6qn_D5tmG-3W88SMZ34VLnzBW11DkHL5hlvbT3hCc1\" target=\"_blank\" rel=\"noopener\" data-saferedirecturl=\"https:\/\/www.google.com\/url?hl=fr-CA&amp;q=https:\/\/info.cargo-montreal.ca\/e3t\/Ctc\/ZU%2B113\/d11nbd04\/VWPFlD8Sl2D2W3g-9qx30x04FW6G5rDL4HchW0N179mpw3lLzNV1-WJV7CgBkZW6NGJXc40vkMfW7Dg3d42LxgBPW7_1QQ46yD_s6W6nxs_K3PKYKjVYBf8X8V83Z2W2GgFzp67cfctW9lCskq1GpYvvN4MhyTkLnWWFN3rDwybby7nFW5cpq7Z14tYRMV3rQsx4JjPhzW6qRW1q2FHh1PW15x5mP1tPRMNW2ksD187xGFZ9W1lHdZ25-msrRN6qn_D5tmG-3W88SMZ34VLnzBW11DkHL5hlvbT3hCc1&amp;source=gmail&amp;ust=1648603806011000&amp;usg=AOvVaw3J2RvcN4AIxtL4YnD8Bh7a\">Chambre de commerce du Montr\u00e9al m\u00e9tropolitain<\/a><\/p>\r\n<p align=\"justify\">6 avril 2022 \u2013\u00a0<a href=\"https:\/\/info.cargo-montreal.ca\/e3t\/Ctc\/ZU+113\/d11nbd04\/VWPFlD8Sl2D2W3g-9qx30x04FW6G5rDL4HchW0N179mq53lLBmV1-WJV7CgJLJW1qnJpt7SQG09W4Jwk9B2FtQc8W326WT41xt4dVVHg49t6wFbHyW7nJVsY63hx3lV6VCRr5R-1fZW3MmGxR981WTgW5TVfnY5rBKdNW8j_HWP7t9L-dVXGSTf7hFc-PW4yvj0v2gpzsHVGPkhN8R7c4GW8wHp-04ylCPXF2Gl8vyWdrBW8l8x9K4PBdPVW2D_VrD2vg3qHW7lqh5p8l5JqZW79DW2X2qKMpqW6tP5cL6jW3zWW1PtpDS64RqzyW4zx7Gy9b5__kW19VL-05Jm4s138Rd1\" target=\"_blank\" rel=\"noopener\" data-saferedirecturl=\"https:\/\/www.google.com\/url?hl=fr-CA&amp;q=https:\/\/info.cargo-montreal.ca\/e3t\/Ctc\/ZU%2B113\/d11nbd04\/VWPFlD8Sl2D2W3g-9qx30x04FW6G5rDL4HchW0N179mq53lLBmV1-WJV7CgJLJW1qnJpt7SQG09W4Jwk9B2FtQc8W326WT41xt4dVVHg49t6wFbHyW7nJVsY63hx3lV6VCRr5R-1fZW3MmGxR981WTgW5TVfnY5rBKdNW8j_HWP7t9L-dVXGSTf7hFc-PW4yvj0v2gpzsHVGPkhN8R7c4GW8wHp-04ylCPXF2Gl8vyWdrBW8l8x9K4PBdPVW2D_VrD2vg3qHW7lqh5p8l5JqZW79DW2X2qKMpqW6tP5cL6jW3zWW1PtpDS64RqzyW4zx7Gy9b5__kW19VL-05Jm4s138Rd1&amp;source=gmail&amp;ust=1648603806011000&amp;usg=AOvVaw2qFgsAGCofYxqFNgZZXnvq\">Martin Imbleau\u00a0: Le Port de Montr\u00e9al et le Saint-Laurent, maillons forts et r\u00e9silients des cha\u00eenes d\u2019approvisionnement mondiales<\/a>\u00a0\u2013\u00a0<a href=\"https:\/\/info.cargo-montreal.ca\/e3t\/Ctc\/ZU+113\/d11nbd04\/VWPFlD8Sl2D2W3g-9qx30x04FW6G5rDL4HchW0N179mpw3lLzNV1-WJV7CgPpJW7MZT0Z8PkBPLM7lJhVqT0H-W1Wgrq-4McPf7W6232c33HHMP0N6pgthcMK7R8W8tVqN778wmD2W4MGrfm3Wjv_jW8hL5ww2MP446W7yyNYP6H-vQ6W3HLc3b4BR_T4W4k84wb6QBssCW3nDjnV1G1XbyW5kG63b8Zf6cwV2LNls1TBkXdW2p2Z3q7wHxm4W1XX4Fx7zsFckW5m_gzS3t-XgCN7XLCbSD7v_K3nwr1\" target=\"_blank\" rel=\"noopener\" data-saferedirecturl=\"https:\/\/www.google.com\/url?hl=fr-CA&amp;q=https:\/\/info.cargo-montreal.ca\/e3t\/Ctc\/ZU%2B113\/d11nbd04\/VWPFlD8Sl2D2W3g-9qx30x04FW6G5rDL4HchW0N179mpw3lLzNV1-WJV7CgPpJW7MZT0Z8PkBPLM7lJhVqT0H-W1Wgrq-4McPf7W6232c33HHMP0N6pgthcMK7R8W8tVqN778wmD2W4MGrfm3Wjv_jW8hL5ww2MP446W7yyNYP6H-vQ6W3HLc3b4BR_T4W4k84wb6QBssCW3nDjnV1G1XbyW5kG63b8Zf6cwV2LNls1TBkXdW2p2Z3q7wHxm4W1XX4Fx7zsFckW5m_gzS3t-XgCN7XLCbSD7v_K3nwr1&amp;source=gmail&amp;ust=1648603806011000&amp;usg=AOvVaw10GMvh3z4NFpw3Wv3J4TDg\">CORIM<\/a><\/p>\r\n<p align=\"justify\">21 avril 2022 \u2013\u00a0<a href=\"https:\/\/info.cargo-montreal.ca\/e3t\/Ctc\/ZU+113\/d11nbd04\/VWPFlD8Sl2D2W3g-9qx30x04FW6G5rDL4HchW0N179mpw3lLzNV1-WJV7CgD-qW3tLg8M16VrkBW4f8K_87bYYMZW7T3bKQ1XHLcNW1c-GCz5tT19nW8qs06h66Z50nN2NtTVlbHj8HW7NnRHr3r7k9bN6n9YL7SVlYWW8kMlKy8TclnTW4BgXBP55f3v5W52xTCv1rVF8SW72k9pw66JRK9W2kkQjw8LqWCsVFLBT78s5SNtW7XDJ0Q6gldd-VcGH_c6JDw-DMp8T2Vs2mKWW1ZP2CC1srbQ2381-1\" target=\"_blank\" rel=\"noopener\" data-saferedirecturl=\"https:\/\/www.google.com\/url?hl=fr-CA&amp;q=https:\/\/info.cargo-montreal.ca\/e3t\/Ctc\/ZU%2B113\/d11nbd04\/VWPFlD8Sl2D2W3g-9qx30x04FW6G5rDL4HchW0N179mpw3lLzNV1-WJV7CgD-qW3tLg8M16VrkBW4f8K_87bYYMZW7T3bKQ1XHLcNW1c-GCz5tT19nW8qs06h66Z50nN2NtTVlbHj8HW7NnRHr3r7k9bN6n9YL7SVlYWW8kMlKy8TclnTW4BgXBP55f3v5W52xTCv1rVF8SW72k9pw66JRK9W2kkQjw8LqWCsVFLBT78s5SNtW7XDJ0Q6gldd-VcGH_c6JDw-DMp8T2Vs2mKWW1ZP2CC1srbQ2381-1&amp;source=gmail&amp;ust=1648603806011000&amp;usg=AOvVaw2V1BlaSdfK0wUxubCK9YUG\">Soir\u00e9e IGNITE<\/a>\u00a0\u2013\u00a0<a href=\"https:\/\/info.cargo-montreal.ca\/e3t\/Ctc\/ZU+113\/d11nbd04\/VWPFlD8Sl2D2W3g-9qx30x04FW6G5rDL4HchW0N179mpw3lLzNV1-WJV7CgXK9W4_tbbd1xzc6QVHl8TH4bwHwNVvwkG88rt9QzW1jn4mC4g9pC0VGvP3B2Y-wpgW3rNcTM1CXm4ZW2R_0RN6GhPGrW6dCg971SyLsSVkFzgf7Wc2tlW8bHX5G2Gd3XcN3rjQnnjx3tdW9kBKSj5PBbRDW16BQX-1mhYJNW6HX_tT25r49BW2ZlcYb4czWZWN4zwlZGYBBxWW8pDfMf3KdBhgW6FQ7YJ2H5Q9f31dD1\" target=\"_blank\" rel=\"noopener\" data-saferedirecturl=\"https:\/\/www.google.com\/url?hl=fr-CA&amp;q=https:\/\/info.cargo-montreal.ca\/e3t\/Ctc\/ZU%2B113\/d11nbd04\/VWPFlD8Sl2D2W3g-9qx30x04FW6G5rDL4HchW0N179mpw3lLzNV1-WJV7CgXK9W4_tbbd1xzc6QVHl8TH4bwHwNVvwkG88rt9QzW1jn4mC4g9pC0VGvP3B2Y-wpgW3rNcTM1CXm4ZW2R_0RN6GhPGrW6dCg971SyLsSVkFzgf7Wc2tlW8bHX5G2Gd3XcN3rjQnnjx3tdW9kBKSj5PBbRDW16BQX-1mhYJNW6HX_tT25r49BW2ZlcYb4czWZWN4zwlZGYBBxWW8pDfMf3KdBhgW6FQ7YJ2H5Q9f31dD1&amp;source=gmail&amp;ust=1648603806011000&amp;usg=AOvVaw2mvI4MoI6p_Ihj6DQx1U_r\">Le Club de Traffic de Montr\u00e9al<\/a><\/p>\r\n<p align=\"justify\">28 au 30 avril 2022 \u2013\u00a0<a href=\"https:\/\/info.cargo-montreal.ca\/e3t\/Ctc\/ZU+113\/d11nbd04\/VWPFlD8Sl2D2W3g-9qx30x04FW6G5rDL4HchW0N179mqJ3lLBZV1-WJV7CgHKVV2VFCc8SvMZsW63M7GV5CRrppW60ZzlK5Zk2z3W78ZzQb4trvMKW82L72c5mdNBGW3LvNnd3K5mF-W82sPTZ7sfG2FW1TSM7g28VW1GW8yHlgs7BdtYfN8FzQk2r_FHRW3vYVK01lSfMbW48Tr4C6klyQ4N7xNtXjgMLZhW54LxPW1GZJHVW6JQbL95wC-FgV4M_FR4PSVSXVJt2LP3LMSjYW2HgMC65jPX61W1hFjxg4z34C2N2RZGc5GHbnpW4Lff6z6SS2ZdW6H0_r07Wv1MXW7zRk7L1pg1DhW9gb5xg3VSQTcW2sLBR0463kcSW2LCsV64pTm6r320n1\" target=\"_blank\" rel=\"noopener\" data-saferedirecturl=\"https:\/\/www.google.com\/url?hl=fr-CA&amp;q=https:\/\/info.cargo-montreal.ca\/e3t\/Ctc\/ZU%2B113\/d11nbd04\/VWPFlD8Sl2D2W3g-9qx30x04FW6G5rDL4HchW0N179mqJ3lLBZV1-WJV7CgHKVV2VFCc8SvMZsW63M7GV5CRrppW60ZzlK5Zk2z3W78ZzQb4trvMKW82L72c5mdNBGW3LvNnd3K5mF-W82sPTZ7sfG2FW1TSM7g28VW1GW8yHlgs7BdtYfN8FzQk2r_FHRW3vYVK01lSfMbW48Tr4C6klyQ4N7xNtXjgMLZhW54LxPW1GZJHVW6JQbL95wC-FgV4M_FR4PSVSXVJt2LP3LMSjYW2HgMC65jPX61W1hFjxg4z34C2N2RZGc5GHbnpW4Lff6z6SS2ZdW6H0_r07Wv1MXW7zRk7L1pg1DhW9gb5xg3VSQTcW2sLBR0463kcSW2LCsV64pTm6r320n1&amp;source=gmail&amp;ust=1648603806011000&amp;usg=AOvVaw0IDIcb_A3dcncBpbYdDD4m\">Congr\u00e8s annuel : L&rsquo;humain, le moteur de notre industrie<\/a>\u00a0\u2013\u00a0<a href=\"https:\/\/info.cargo-montreal.ca\/e3t\/Ctc\/ZU+113\/d11nbd04\/VWPFlD8Sl2D2W3g-9qx30x04FW6G5rDL4HchW0N179mpQ3lLB3V1-WJV7CgGxLW4V3NDk1XHVGpW3R4f2d70KjdqW6Gv-TT5PQB25W8zhb7M4zJjzlW9dT4tJ7BBvgvW1Xr2ky8R8-P2W82JqlW7NXd8RW7VbQdJ11FFpSN7S9XdhbZVbhW63YM974rDrdJW4Yv60S86pFWkW7fSvkf1BHS5MW5_3wb76ZlcM2W8g-zk245QGXFW1-Tvm5571nJJW3bwzv67CXnlNW17sqbG8k8px5N1q7nwbQXQP1W7rmy441tT5M3W35MWTR1gfg0N3nBH1\" target=\"_blank\" rel=\"noopener\" data-saferedirecturl=\"https:\/\/www.google.com\/url?hl=fr-CA&amp;q=https:\/\/info.cargo-montreal.ca\/e3t\/Ctc\/ZU%2B113\/d11nbd04\/VWPFlD8Sl2D2W3g-9qx30x04FW6G5rDL4HchW0N179mpQ3lLB3V1-WJV7CgGxLW4V3NDk1XHVGpW3R4f2d70KjdqW6Gv-TT5PQB25W8zhb7M4zJjzlW9dT4tJ7BBvgvW1Xr2ky8R8-P2W82JqlW7NXd8RW7VbQdJ11FFpSN7S9XdhbZVbhW63YM974rDrdJW4Yv60S86pFWkW7fSvkf1BHS5MW5_3wb76ZlcM2W8g-zk245QGXFW1-Tvm5571nJJW3bwzv67CXnlNW17sqbG8k8px5N1q7nwbQXQP1W7rmy441tT5M3W35MWTR1gfg0N3nBH1&amp;source=gmail&amp;ust=1648603806011000&amp;usg=AOvVaw312HbriCnYHczH4jzWkB39\">Association du camionnage du Qu\u00e9bec (ACQ)<\/a><\/p>\r\n<p align=\"justify\">29 avril 2022 \u2013\u00a0<a href=\"https:\/\/info.cargo-montreal.ca\/e3t\/Ctc\/ZU+113\/d11nbd04\/VWPFlD8Sl2D2W3g-9qx30x04FW6G5rDL4HchW0N179mq53lLBmV1-WJV7CgYF3W7DM-n17ZllhSW4y6MHC7lK7J3V2kpFC3VH_9JW7lLmJT6Tqbd2W4PZ_FL8csNL5W3xzlv77pyyTxW12QwYG8K28HsW27N5P38Dy6slW3L8F1y8201BvW5JZbjX75YY2yW5wGZTc38xHV3W2tDh5s662xtHW1vVXbf1R8_z0W3_8KVV1MvZHBW7569KM29D9YCW9kfvm_2P_jHTW2vg5yj17LQ7DW7chYwB2fKGvvN5VKgzHh1PFYW9dsJwh50sjc3VC25xj31dbpbW7V-vg242nwJX3n_01\" target=\"_blank\" rel=\"noopener\" data-saferedirecturl=\"https:\/\/www.google.com\/url?hl=fr-CA&amp;q=https:\/\/info.cargo-montreal.ca\/e3t\/Ctc\/ZU%2B113\/d11nbd04\/VWPFlD8Sl2D2W3g-9qx30x04FW6G5rDL4HchW0N179mq53lLBmV1-WJV7CgYF3W7DM-n17ZllhSW4y6MHC7lK7J3V2kpFC3VH_9JW7lLmJT6Tqbd2W4PZ_FL8csNL5W3xzlv77pyyTxW12QwYG8K28HsW27N5P38Dy6slW3L8F1y8201BvW5JZbjX75YY2yW5wGZTc38xHV3W2tDh5s662xtHW1vVXbf1R8_z0W3_8KVV1MvZHBW7569KM29D9YCW9kfvm_2P_jHTW2vg5yj17LQ7DW7chYwB2fKGvvN5VKgzHh1PFYW9dsJwh50sjc3VC25xj31dbpbW7V-vg242nwJX3n_01&amp;source=gmail&amp;ust=1648603806011000&amp;usg=AOvVaw0p2YpgDZxTJMYisKyb0r1O\">Bal du 85e anniversaire des Armateurs du Saint-Laurent<\/a>\u00a0\u2013\u00a0<a href=\"https:\/\/info.cargo-montreal.ca\/e3t\/Ctc\/ZU+113\/d11nbd04\/VWPFlD8Sl2D2W3g-9qx30x04FW6G5rDL4HchW0N179mpQ3lLB3V1-WJV7CgF9DN8bK7Ym5hmWSW1rqwf92vjtwyW8bnPDn4gphF4VmF7nf1w96NRTjgz32MNK0bW7CsYhV97XH96W3wwdRW4Byv3tW4Htlq887JwbzW6vGjnL8g-49YW3bDmZZ35n4SNW2jlr-Z97vlXQW6yHbJD5zgw93W20yHDN2zDb61W1NLQ-x46T7tpW1634kl3ZksLMVQJ0Pf4MBW0cW8BkzVW7-07cHW98lysc54vflXW105tqv1LFB3KW6Svxs74ldsJJ3l1L1\" target=\"_blank\" rel=\"noopener\" data-saferedirecturl=\"https:\/\/www.google.com\/url?hl=fr-CA&amp;q=https:\/\/info.cargo-montreal.ca\/e3t\/Ctc\/ZU%2B113\/d11nbd04\/VWPFlD8Sl2D2W3g-9qx30x04FW6G5rDL4HchW0N179mpQ3lLB3V1-WJV7CgF9DN8bK7Ym5hmWSW1rqwf92vjtwyW8bnPDn4gphF4VmF7nf1w96NRTjgz32MNK0bW7CsYhV97XH96W3wwdRW4Byv3tW4Htlq887JwbzW6vGjnL8g-49YW3bDmZZ35n4SNW2jlr-Z97vlXQW6yHbJD5zgw93W20yHDN2zDb61W1NLQ-x46T7tpW1634kl3ZksLMVQJ0Pf4MBW0cW8BkzVW7-07cHW98lysc54vflXW105tqv1LFB3KW6Svxs74ldsJJ3l1L1&amp;source=gmail&amp;ust=1648603806011000&amp;usg=AOvVaw1jFpMb17s-9T8hCxMDFx7E\">Armateur du Saint-Laurent<\/a><\/p>\r\n<p align=\"justify\">3 mai 2022\u00a0\u2013\u00a0<a href=\"https:\/\/info.cargo-montreal.ca\/e3t\/Ctc\/ZU+113\/d11nbd04\/VWPFlD8Sl2D2W3g-9qx30x04FW6G5rDL4HchW0N179mpw3lLzNV1-WJV7CgCxkW17ctxz6NwWFGW55gNQL7xvGtCW5rF5qz4HrK-bW2pF2781wckLRVK0qMB62PLXDW9k32qP2_X1xdW6xSyy44Sk2N0V44rTp7bDl96TdByT8bt0GmVgxwKt7xkMksVQLtjs1VwgcTW5sxxGw7KVy8wW9hGDVB8S668vW6mRcMm5LYlXSW1DRbyJ8GnFbtW32RNsN2pQqwMVkHvZY3-2WqgW7_JHPq7RHn9_3mVj1\" target=\"_blank\" rel=\"noopener\" data-saferedirecturl=\"https:\/\/www.google.com\/url?hl=fr-CA&amp;q=https:\/\/info.cargo-montreal.ca\/e3t\/Ctc\/ZU%2B113\/d11nbd04\/VWPFlD8Sl2D2W3g-9qx30x04FW6G5rDL4HchW0N179mpw3lLzNV1-WJV7CgCxkW17ctxz6NwWFGW55gNQL7xvGtCW5rF5qz4HrK-bW2pF2781wckLRVK0qMB62PLXDW9k32qP2_X1xdW6xSyy44Sk2N0V44rTp7bDl96TdByT8bt0GmVgxwKt7xkMksVQLtjs1VwgcTW5sxxGw7KVy8wW9hGDVB8S668vW6mRcMm5LYlXSW1DRbyJ8GnFbtW32RNsN2pQqwMVkHvZY3-2WqgW7_JHPq7RHn9_3mVj1&amp;source=gmail&amp;ust=1648603806011000&amp;usg=AOvVaw298AaEkvVtqJ0yWIFWeSeD\">Sommet CLIMAT MTL 22<\/a>\u00a0\u2013\u00a0<a href=\"https:\/\/info.cargo-montreal.ca\/e3t\/Ctc\/ZU+113\/d11nbd04\/VWPFlD8Sl2D2W3g-9qx30x04FW6G5rDL4HchW0N179mpw3lLzNV1-WJV7CgZS5W4qhc7W14sSnMN5QWwrjY8bQxW7Dc7Fm3-85rSW8P2pLJ1GVzxKW4lHVCm3j_HpgW2BQ31q8yBV6CVjBRp422pNXqW8gPqQn4T4S4pW6n80Q94pf0z0W6-__NC9hL67mN3krQp1tK54hW8r9Dj08mjcMdN8FLs5GlRTjfW344Tgc2JtLgjW8GD3_214SSbTW7RFGz07MsvN3W7gLjmD6dnjHjW1gX2ZJ27KWtC366M1\" target=\"_blank\" rel=\"noopener\" data-saferedirecturl=\"https:\/\/www.google.com\/url?hl=fr-CA&amp;q=https:\/\/info.cargo-montreal.ca\/e3t\/Ctc\/ZU%2B113\/d11nbd04\/VWPFlD8Sl2D2W3g-9qx30x04FW6G5rDL4HchW0N179mpw3lLzNV1-WJV7CgZS5W4qhc7W14sSnMN5QWwrjY8bQxW7Dc7Fm3-85rSW8P2pLJ1GVzxKW4lHVCm3j_HpgW2BQ31q8yBV6CVjBRp422pNXqW8gPqQn4T4S4pW6n80Q94pf0z0W6-__NC9hL67mN3krQp1tK54hW8r9Dj08mjcMdN8FLs5GlRTjfW344Tgc2JtLgjW8GD3_214SSbTW7RFGz07MsvN3W7gLjmD6dnjHjW1gX2ZJ27KWtC366M1&amp;source=gmail&amp;ust=1648603806011000&amp;usg=AOvVaw0p88LLqjxdENV0yGwpghsG\">Partenariat climat Montr\u00e9al<\/a><\/p>\r\n<p align=\"justify\">12 mai 2022 \u2013\u00a0<a href=\"https:\/\/info.cargo-montreal.ca\/e3t\/Ctc\/ZU+113\/d11nbd04\/VWPFlD8Sl2D2W3g-9qx30x04FW6G5rDL4HchW0N179mpw3lLzNV1-WJV7CgMBLW6CcfXF42Qk-PW451Cp87-QDcrW3cFr5y1VwMsZW8wzT3290yyT_W43TYb71nZ9KBW6frpBL6wlRSyV7vWWF4w6W9RW8n72SF6HCdmhW6YJ9Bl6v9FlqW8nwX946bm5j5W8CcfrL3sPJlxN4j3QWY9TvGKW90vQcC2LKsj_W3h3CHR2BVsVcW7gjP4-58vhyJW23pHGc4WnJM3W4FfnMM7tJR4vW7zdL7Z7DfHqT3mf81\" target=\"_blank\" rel=\"noopener\" data-saferedirecturl=\"https:\/\/www.google.com\/url?hl=fr-CA&amp;q=https:\/\/info.cargo-montreal.ca\/e3t\/Ctc\/ZU%2B113\/d11nbd04\/VWPFlD8Sl2D2W3g-9qx30x04FW6G5rDL4HchW0N179mpw3lLzNV1-WJV7CgMBLW6CcfXF42Qk-PW451Cp87-QDcrW3cFr5y1VwMsZW8wzT3290yyT_W43TYb71nZ9KBW6frpBL6wlRSyV7vWWF4w6W9RW8n72SF6HCdmhW6YJ9Bl6v9FlqW8nwX946bm5j5W8CcfrL3sPJlxN4j3QWY9TvGKW90vQcC2LKsj_W3h3CHR2BVsVcW7gjP4-58vhyJW23pHGc4WnJM3W4FfnMM7tJR4vW7zdL7Z7DfHqT3mf81&amp;source=gmail&amp;ust=1648603806011000&amp;usg=AOvVaw0GxRrrYb1B7O0CfWO9Bf6s\">Gala des grands b\u00e2tisseurs de l&rsquo;\u00e9conomie du Qu\u00e9bec &#8211; 2022<\/a>\u00a0\u2013\u00a0<a href=\"https:\/\/info.cargo-montreal.ca\/e3t\/Ctc\/ZU+113\/d11nbd04\/VWPFlD8Sl2D2W3g-9qx30x04FW6G5rDL4HchW0N179mpw3lLzNV1-WJV7CgYqBW4d-Rb247s9_dW2xl2R72NBfQJW4cK-NK3yGhnSW4N62Kn7mQxSnW5pthCy6rGTFYW6r1FCT2qHJ00W6DZRHq4NhN9fW101jd-4h_DVfW718r098PzFMdW5PyNTQ5Crv94W4J_n356-XtthW4L66R52gdl-4N8l_CVPXJbyWVP6r_m1mv5njVyxy7T8Vxjb8W2k1mBW8mdrDkVpX0-L6nxZBjW2-NK8p3f04wG37lw1\" target=\"_blank\" rel=\"noopener\" data-saferedirecturl=\"https:\/\/www.google.com\/url?hl=fr-CA&amp;q=https:\/\/info.cargo-montreal.ca\/e3t\/Ctc\/ZU%2B113\/d11nbd04\/VWPFlD8Sl2D2W3g-9qx30x04FW6G5rDL4HchW0N179mpw3lLzNV1-WJV7CgYqBW4d-Rb247s9_dW2xl2R72NBfQJW4cK-NK3yGhnSW4N62Kn7mQxSnW5pthCy6rGTFYW6r1FCT2qHJ00W6DZRHq4NhN9fW101jd-4h_DVfW718r098PzFMdW5PyNTQ5Crv94W4J_n356-XtthW4L66R52gdl-4N8l_CVPXJbyWVP6r_m1mv5njVyxy7T8Vxjb8W2k1mBW8mdrDkVpX0-L6nxZBjW2-NK8p3f04wG37lw1&amp;source=gmail&amp;ust=1648603806011000&amp;usg=AOvVaw3v6NtSzE2TjkRodl0PHONl\">Institut sur la gouvernance des organisations priv\u00e9es et publiques<\/a><\/p>\r\n<p align=\"justify\">18 mai 2022\u00a0\u2013\u00a0<a href=\"https:\/\/info.cargo-montreal.ca\/e3t\/Ctc\/ZU+113\/d11nbd04\/VWPFlD8Sl2D2W3g-9qx30x04FW6G5rDL4HchW0N179mqp3lLBGV1-WJV7CgSK_W4mdpd443FpXpVYTLkZ7l1ZTJW3pyTls6g14qPW9bfcvK438tNsW4b7KGL5cBW1YW4kj0V_6XgzR5V2P0d32s1T39W1F2Gz48sXXXbW5m0GN_2jQZSYW1l6LwR6DP_rhW4TT5297kpkx0W8xNqbH8tYQ8yV3ln7W3cn5PmN4-wk2LFD76DW7XJ7xG4ps4cKW2C5kL82Gt_N8VW2yl75sQ1tvW6t7hcc8fHlqTN90B4fVLZzPYW8wHzGZ8Mtnv9W57kXFQ902fyjW3T_MJ74x9QBVW15d7Hh9jhjRWW2t1lbr55ZrCh35TD1\" target=\"_blank\" rel=\"noopener\" data-saferedirecturl=\"https:\/\/www.google.com\/url?hl=fr-CA&amp;q=https:\/\/info.cargo-montreal.ca\/e3t\/Ctc\/ZU%2B113\/d11nbd04\/VWPFlD8Sl2D2W3g-9qx30x04FW6G5rDL4HchW0N179mqp3lLBGV1-WJV7CgSK_W4mdpd443FpXpVYTLkZ7l1ZTJW3pyTls6g14qPW9bfcvK438tNsW4b7KGL5cBW1YW4kj0V_6XgzR5V2P0d32s1T39W1F2Gz48sXXXbW5m0GN_2jQZSYW1l6LwR6DP_rhW4TT5297kpkx0W8xNqbH8tYQ8yV3ln7W3cn5PmN4-wk2LFD76DW7XJ7xG4ps4cKW2C5kL82Gt_N8VW2yl75sQ1tvW6t7hcc8fHlqTN90B4fVLZzPYW8wHzGZ8Mtnv9W57kXFQ902fyjW3T_MJ74x9QBVW15d7Hh9jhjRWW2t1lbr55ZrCh35TD1&amp;source=gmail&amp;ust=1648603806011000&amp;usg=AOvVaw03-eivH8ln7F-8DGipN51M\">Assises qu\u00e9b\u00e9coises du secteur maritime 2022<\/a>\u00a0\u2013\u00a0<a href=\"https:\/\/info.cargo-montreal.ca\/e3t\/Ctc\/ZU+113\/d11nbd04\/VWPFlD8Sl2D2W3g-9qx30x04FW6G5rDL4HchW0N179mpw3lLzNV1-WJV7CgQG9W8ZSS521KkkDdW95GnB13Hp2CLW3W0HHr1ZMB0-W6-4VZj3l0CDMW7-L-xm1Nnr4-VTMjDc8dBZjMV31wfc1_0tsYW1fbx_S9g2fTzW8M76rR6vzmB9W1KJ48894dV5HW7GycBP3nBnChW1dMM8k4qTnVbW5gdjXR1TS6mLV-sbGC8qqXstW46qFgG85n_MWW7YGbvz4b14dBVJy3fP1QTH4-N8K2y7cWF4sg3k2d1\" target=\"_blank\" rel=\"noopener\" data-saferedirecturl=\"https:\/\/www.google.com\/url?hl=fr-CA&amp;q=https:\/\/info.cargo-montreal.ca\/e3t\/Ctc\/ZU%2B113\/d11nbd04\/VWPFlD8Sl2D2W3g-9qx30x04FW6G5rDL4HchW0N179mpw3lLzNV1-WJV7CgQG9W8ZSS521KkkDdW95GnB13Hp2CLW3W0HHr1ZMB0-W6-4VZj3l0CDMW7-L-xm1Nnr4-VTMjDc8dBZjMV31wfc1_0tsYW1fbx_S9g2fTzW8M76rR6vzmB9W1KJ48894dV5HW7GycBP3nBnChW1dMM8k4qTnVbW5gdjXR1TS6mLV-sbGC8qqXstW46qFgG85n_MWW7YGbvz4b14dBVJy3fP1QTH4-N8K2y7cWF4sg3k2d1&amp;source=gmail&amp;ust=1648603806011000&amp;usg=AOvVaw3wHy5qa1bFUTY1Kyy-0Nfy\">Soci\u00e9t\u00e9 de d\u00e9veloppement \u00e9conomique du Saint-Laurent<\/a><\/p>\r\n<p align=\"justify\">18 mai 2022\u00a0\u2013\u00a0<a href=\"https:\/\/info.cargo-montreal.ca\/e3t\/Ctc\/ZU+113\/d11nbd04\/VWPFlD8Sl2D2W3g-9qx30x04FW6G5rDL4HchW0N179mqJ3lLBZV1-WJV7CgLJcW6yd4FK2KRmfnW47frG03qF8f5W729D1l2Q4WG5W7P6CyK8dddV7W46RM5m51bwXJW51ckcP4zJmmCW7VWhDf5M5gWrW7QwBjD4PkHhgW1v-r1r5f4PnsW145s5K68wMlLN7S1mZxPwVy2W1Dd3PC4lrDKqW5p4M_Q3RBNwDW8nF_S-2Q5NBFW1-2Zym7vqhRCN3NxG3887gsDW7wjR6D3Xcw_nW38pkxV3PWWP8W2mPF628lSbjvW9bhGB71F0zbYW7Q8x2l1LdtMBW9gXPfk8bCWPsW7_yVXg8H9HG0W27yLm42XXfblW2mCsmc8hlMpzW6y0qF_8pSw3B364v1\" target=\"_blank\" rel=\"noopener\" data-saferedirecturl=\"https:\/\/www.google.com\/url?hl=fr-CA&amp;q=https:\/\/info.cargo-montreal.ca\/e3t\/Ctc\/ZU%2B113\/d11nbd04\/VWPFlD8Sl2D2W3g-9qx30x04FW6G5rDL4HchW0N179mqJ3lLBZV1-WJV7CgLJcW6yd4FK2KRmfnW47frG03qF8f5W729D1l2Q4WG5W7P6CyK8dddV7W46RM5m51bwXJW51ckcP4zJmmCW7VWhDf5M5gWrW7QwBjD4PkHhgW1v-r1r5f4PnsW145s5K68wMlLN7S1mZxPwVy2W1Dd3PC4lrDKqW5p4M_Q3RBNwDW8nF_S-2Q5NBFW1-2Zym7vqhRCN3NxG3887gsDW7wjR6D3Xcw_nW38pkxV3PWWP8W2mPF628lSbjvW9bhGB71F0zbYW7Q8x2l1LdtMBW9gXPfk8bCWPsW7_yVXg8H9HG0W27yLm42XXfblW2mCsmc8hlMpzW6y0qF_8pSw3B364v1&amp;source=gmail&amp;ust=1648603806011000&amp;usg=AOvVaw1CTq5srEeVLRmzmZC67cBQ\">Recrutement international : comment s\u2019y prendre ?<\/a>\u00a0\u2013\u00a0<a href=\"https:\/\/info.cargo-montreal.ca\/e3t\/Ctc\/ZU+113\/d11nbd04\/VWPFlD8Sl2D2W3g-9qx30x04FW6G5rDL4HchW0N179mpQ3lLB3V1-WJV7CgNtDW2dZMB97Vh4cDN8FTxZP4zqs6W8klyPC8svlXRW5jMhK527d9pRW7SD9CZ6N1vltW5Cp_-w51HHVfN5_cLY88mRjvW6s2tkR6M-L-8W9fcLZ84Z4LYbW5qX5cP6j15S8W8YFdn65bsXRqW5tzXRm7f7WpTW1n8ygB1Cl2vRVf4ynD6X0nSbW3VFxbB6PjqGWW1TTvp78N9jv-W7jYNfg2pFQTTW48XxJ51p5gQFVs-wF83jzCsJW2p4kyG2SQny-3cJp1\" target=\"_blank\" rel=\"noopener\" data-saferedirecturl=\"https:\/\/www.google.com\/url?hl=fr-CA&amp;q=https:\/\/info.cargo-montreal.ca\/e3t\/Ctc\/ZU%2B113\/d11nbd04\/VWPFlD8Sl2D2W3g-9qx30x04FW6G5rDL4HchW0N179mpQ3lLB3V1-WJV7CgNtDW2dZMB97Vh4cDN8FTxZP4zqs6W8klyPC8svlXRW5jMhK527d9pRW7SD9CZ6N1vltW5Cp_-w51HHVfN5_cLY88mRjvW6s2tkR6M-L-8W9fcLZ84Z4LYbW5qX5cP6j15S8W8YFdn65bsXRqW5tzXRm7f7WpTW1n8ygB1Cl2vRVf4ynD6X0nSbW3VFxbB6PjqGWW1TTvp78N9jv-W7jYNfg2pFQTTW48XxJ51p5gQFVs-wF83jzCsJW2p4kyG2SQny-3cJp1&amp;source=gmail&amp;ust=1648603806012000&amp;usg=AOvVaw3TC6k5I9VbjtNnfiCm_vF-\">Association du camionnage du Qu\u00e9bec (ACQ)<\/a><\/p>\r\n<p align=\"justify\">9 juin 2022 \u2013\u00a0<a href=\"https:\/\/info.cargo-montreal.ca\/e3t\/Ctc\/ZU+113\/d11nbd04\/VWPFlD8Sl2D2W3g-9qx30x04FW6G5rDL4HchW0N179mpQ3lLB3V1-WJV7CgQynN1r2tLBh72B8W131Ck67GwBTzN25JPrg4SNmKW3hf5ft885m5LW34zBKj5zPvm4W6924Vt48JFsmW29Qs7j1RGzNcW5nWzdg1YjXNZW1dm-JD4KzmB-VLCx004kmsx8W6hW30w3-N4QlW1KxM1P1RWVs5W89bVYh2mpSnZW3slrBQ6Nb-P-W6lC4WB6GpclwVcRWgf81kKpfN82Z1FDDRtdHW4fcJ1M4n5kXbW44pXD-3wNBzHW7N-HWq5Bp3NJ38qF1\" target=\"_blank\" rel=\"noopener\" data-saferedirecturl=\"https:\/\/www.google.com\/url?hl=fr-CA&amp;q=https:\/\/info.cargo-montreal.ca\/e3t\/Ctc\/ZU%2B113\/d11nbd04\/VWPFlD8Sl2D2W3g-9qx30x04FW6G5rDL4HchW0N179mpQ3lLB3V1-WJV7CgQynN1r2tLBh72B8W131Ck67GwBTzN25JPrg4SNmKW3hf5ft885m5LW34zBKj5zPvm4W6924Vt48JFsmW29Qs7j1RGzNcW5nWzdg1YjXNZW1dm-JD4KzmB-VLCx004kmsx8W6hW30w3-N4QlW1KxM1P1RWVs5W89bVYh2mpSnZW3slrBQ6Nb-P-W6lC4WB6GpclwVcRWgf81kKpfN82Z1FDDRtdHW4fcJ1M4n5kXbW44pXD-3wNBzHW7N-HWq5Bp3NJ38qF1&amp;source=gmail&amp;ust=1648603806012000&amp;usg=AOvVaw1j8QN0ou0S87aIbMbL0Y1y\">C\u00e9l\u00e9brons les femmes en logistique<\/a>\u00a0\u2013\u00a0<a href=\"https:\/\/info.cargo-montreal.ca\/e3t\/Ctc\/ZU+113\/d11nbd04\/VWPFlD8Sl2D2W3g-9qx30x04FW6G5rDL4HchW0N179mpw3lLzNV1-WJV7CgKNmW3z3BwW16PPZ8W1N_szL23dZD9W8xvRT-60lH9jW6qB-GG6kGC0FW7jLx5h6wz7RgW6Cd-mg6NJBj1W7Svs8N7P-G_qN5jPR6yGqsSQW520HxF7ZF9gsW3DLMBN4f7mLcVJ_DNL20qK05W7SJSpy497JK2W2Q_2TG5Gj4bKVRvXht6D90h3W64ZX5b6yF7yKW1pgwg-2LTBd5W7xZKR15d3BztW5r1cH-6GxW3q35sD1\" target=\"_blank\" rel=\"noopener\" data-saferedirecturl=\"https:\/\/www.google.com\/url?hl=fr-CA&amp;q=https:\/\/info.cargo-montreal.ca\/e3t\/Ctc\/ZU%2B113\/d11nbd04\/VWPFlD8Sl2D2W3g-9qx30x04FW6G5rDL4HchW0N179mpw3lLzNV1-WJV7CgKNmW3z3BwW16PPZ8W1N_szL23dZD9W8xvRT-60lH9jW6qB-GG6kGC0FW7jLx5h6wz7RgW6Cd-mg6NJBj1W7Svs8N7P-G_qN5jPR6yGqsSQW520HxF7ZF9gsW3DLMBN4f7mLcVJ_DNL20qK05W7SJSpy497JK2W2Q_2TG5Gj4bKVRvXht6D90h3W64ZX5b6yF7yKW1pgwg-2LTBd5W7xZKR15d3BztW5r1cH-6GxW3q35sD1&amp;source=gmail&amp;ust=1648603806012000&amp;usg=AOvVaw2iwUH_9KpJ95g0DtEjTXbj\">Le Club de Trafic de Montr\u00e9al<\/a><\/p>\r\n<p align=\"justify\">12 au 15 juin 2022\u00a0\u2013\u00a0<a href=\"https:\/\/info.cargo-montreal.ca\/e3t\/Ctc\/ZU+113\/d11nbd04\/VWPFlD8Sl2D2W3g-9qx30x04FW6G5rDL4HchW0N179mpw3lLzNV1-WJV7CgB80W8PGmK35wc3tHW23jRDF1QPs95W4f7gks83kd8kW2V3yzW3JWvfBW7kr-tL1vLV3QMRLKzpxNVRPW6Zzp9v8c41LvW7B2Hx52ymRb6W1Lh9248PrqpwW1-7L2J7S6GYrW25SP7G4vv8XtW64-W_z1t5mSxW2lt1yN3vn4gxW5fyjxK6M9l95W1P4mNF5t7_bDN7pG1b57CF1PW6_Mk7Z9h4ZhBVzly8T8ChhK43nk21\" target=\"_blank\" rel=\"noopener\" data-saferedirecturl=\"https:\/\/www.google.com\/url?hl=fr-CA&amp;q=https:\/\/info.cargo-montreal.ca\/e3t\/Ctc\/ZU%2B113\/d11nbd04\/VWPFlD8Sl2D2W3g-9qx30x04FW6G5rDL4HchW0N179mpw3lLzNV1-WJV7CgB80W8PGmK35wc3tHW23jRDF1QPs95W4f7gks83kd8kW2V3yzW3JWvfBW7kr-tL1vLV3QMRLKzpxNVRPW6Zzp9v8c41LvW7B2Hx52ymRb6W1Lh9248PrqpwW1-7L2J7S6GYrW25SP7G4vv8XtW64-W_z1t5mSxW2lt1yN3vn4gxW5fyjxK6M9l95W1P4mNF5t7_bDN7pG1b57CF1PW6_Mk7Z9h4ZhBVzly8T8ChhK43nk21&amp;source=gmail&amp;ust=1648603806012000&amp;usg=AOvVaw0X2lS64tjg8aUe4Y4IQIcj\">57<sup>e<\/sup>\u00a0Conf\u00e9rence annuelle<\/a>\u00a0\u2013\u00a0<a href=\"https:\/\/info.cargo-montreal.ca\/e3t\/Ctc\/ZU+113\/d11nbd04\/VWPFlD8Sl2D2W3g-9qx30x04FW6G5rDL4HchW0N179mpw3lLzNV1-WJV7CgMGRW4qGz0p3J6H4BW77hNs14WRJNgW4hqcLl8CcC4PW3D_t-78q84JzW8sHG0X81m3LJVdb5rX2spFs_W1XfpMc9ct-mhW2mhpx_1tn05bW7bPqz_2Y6g0gW1Cr0nc91Rz8MW7544N-4-J_lTMq0_C5wH1F8VmwP2-8Y5RLMW6XbL9j2sSkKwW5JYcPl1YncvxN8rn2xNGhVczW93FZrt44lNdMW6588M33gQSjD3dsd1\" target=\"_blank\" rel=\"noopener\" data-saferedirecturl=\"https:\/\/www.google.com\/url?hl=fr-CA&amp;q=https:\/\/info.cargo-montreal.ca\/e3t\/Ctc\/ZU%2B113\/d11nbd04\/VWPFlD8Sl2D2W3g-9qx30x04FW6G5rDL4HchW0N179mpw3lLzNV1-WJV7CgMGRW4qGz0p3J6H4BW77hNs14WRJNgW4hqcLl8CcC4PW3D_t-78q84JzW8sHG0X81m3LJVdb5rX2spFs_W1XfpMc9ct-mhW2mhpx_1tn05bW7bPqz_2Y6g0gW1Cr0nc91Rz8MW7544N-4-J_lTMq0_C5wH1F8VmwP2-8Y5RLMW6XbL9j2sSkKwW5JYcPl1YncvxN8rn2xNGhVczW93FZrt44lNdMW6588M33gQSjD3dsd1&amp;source=gmail&amp;ust=1648603806012000&amp;usg=AOvVaw2s1xbOmL4IU07JnpylP4ZJ\">Groupe de recherches sur les transports au Canada \/ Canadian Transportation Research Forum<\/a><\/p>\r\n<p align=\"justify\">19 au 21 juin 2022 \u2013 Mission \u00e9conomique\u00a0<a href=\"https:\/\/info.cargo-montreal.ca\/e3t\/Ctc\/ZU+113\/d11nbd04\/VWPFlD8Sl2D2W3g-9qx30x04FW6G5rDL4HchW0N179mpQ3lLB3V1-WJV7CgNyPW6tVB8G5lg0qCW80z2qN74hdNTW6WlPQF1N0HpqW4Hf_b1557v2yW1fg8Vx8z7BDhW70vPJK1cScx1W2XqTC61tnDZ_W66SJSl4YygCsW1fgk8Y2HtV9FW7Sf2R94Q1L2ZW3Nm7p_3vTj9_W8XbK2B5YyrwbW3htkY32y0VTnN7CzFNYd2SByVc7S8X8vHc4nN3Y8mgfNQ8mGVxz1Mc9fFQnZW1W_LRg4S25R_W5PH5rt8mbT_MW1y_q0M8-9YW83pHK1\" target=\"_blank\" rel=\"noopener\" data-saferedirecturl=\"https:\/\/www.google.com\/url?hl=fr-CA&amp;q=https:\/\/info.cargo-montreal.ca\/e3t\/Ctc\/ZU%2B113\/d11nbd04\/VWPFlD8Sl2D2W3g-9qx30x04FW6G5rDL4HchW0N179mpQ3lLB3V1-WJV7CgNyPW6tVB8G5lg0qCW80z2qN74hdNTW6WlPQF1N0HpqW4Hf_b1557v2yW1fg8Vx8z7BDhW70vPJK1cScx1W2XqTC61tnDZ_W66SJSl4YygCsW1fgk8Y2HtV9FW7Sf2R94Q1L2ZW3Nm7p_3vTj9_W8XbK2B5YyrwbW3htkY32y0VTnN7CzFNYd2SByVc7S8X8vHc4nN3Y8mgfNQ8mGVxz1Mc9fFQnZW1W_LRg4S25R_W5PH5rt8mbT_MW1y_q0M8-9YW83pHK1&amp;source=gmail&amp;ust=1648603806012000&amp;usg=AOvVaw0DrouXBQ8Ttk4y3_NLhs2k\">SEUS-CP\u00a02022 &#8211; Meet the Buyers from Georgia<\/a>\u00a0\u2013\u00a0<a href=\"https:\/\/info.cargo-montreal.ca\/e3t\/Ctc\/ZU+113\/d11nbd04\/VWPFlD8Sl2D2W3g-9qx30x04FW6G5rDL4HchW0N179mpQ3lLB3V1-WJV7CgCwgN76RT-dXF-LdW4rD84c7l3wXNW1S3BMn9lv8tWN5w2f8ZLK0_RW7r-TDZ26KmNyW7903Bx6wXGy7W5mKB0c2T0cV-W5h3NFx7Nr3zVW75q2sJ2v0F5DW6-gKf58FL-L1W2kF6GM1NdclZW4lpmBn9bth3dW2Xdn_g8CVkyBW8pSHXl9453vhW7hnCvD1qh3CJW3qrVC295SJKzW3Wsr6F7v2f16W7rwVGD19KC0fW6kGhVC2BdTBfV7FryZ4QsHh23j7q1\" target=\"_blank\" rel=\"noopener\" data-saferedirecturl=\"https:\/\/www.google.com\/url?hl=fr-CA&amp;q=https:\/\/info.cargo-montreal.ca\/e3t\/Ctc\/ZU%2B113\/d11nbd04\/VWPFlD8Sl2D2W3g-9qx30x04FW6G5rDL4HchW0N179mpQ3lLB3V1-WJV7CgCwgN76RT-dXF-LdW4rD84c7l3wXNW1S3BMn9lv8tWN5w2f8ZLK0_RW7r-TDZ26KmNyW7903Bx6wXGy7W5mKB0c2T0cV-W5h3NFx7Nr3zVW75q2sJ2v0F5DW6-gKf58FL-L1W2kF6GM1NdclZW4lpmBn9bth3dW2Xdn_g8CVkyBW8pSHXl9453vhW7hnCvD1qh3CJW3qrVC295SJKzW3Wsr6F7v2f16W7rwVGD19KC0fW6kGhVC2BdTBfV7FryZ4QsHh23j7q1&amp;source=gmail&amp;ust=1648603806012000&amp;usg=AOvVaw3zZRfD_J7UULAvbZ3EkKHG\">Georgia USA<\/a><\/p>","protected":false},"excerpt":{"rendered":"\u00a0 Ne manquez pas les \u00e9v\u00e9nements suivants. Si vous souhaitez que CargoM ajoute votre \u00e9v\u00e9nement \u00e0 son\u00a0calendrier, contactez Mme\u00a0Karine Dudognon. 29 mars 2022 \u2013\u00a0Le soutien aux entreprises : mode d&#8217;emploi\u00a0\u00ad\u2013\u00a0Les services aux entreprises du minist\u00e8re du Travail, de l&rsquo;Emploi et de la Solidarit\u00e9 sociale 1er\u00a0avril 2022 \u2013\u00a0Forum strat\u00e9gique sur le transport et la logistique\u00a0\u2013\u00a0Chambre de [&hellip;]","protected":false},"author":39,"featured_media":12077,"comment_status":"closed","ping_status":"closed","sticky":false,"template":"","format":"standard","meta":{"_acf_changed":false,"footnotes":""},"categories":[20],"tags":[],"class_list":["post-13014","post","type-post","status-publish","format-standard","has-post-thumbnail","hentry","category-services-logistiques"],"acf":[],"yoast_head":"<!-- This site is optimized with the Yoast SEO plugin v27.3 - https:\/\/yoast.com\/product\/yoast-seo-wordpress\/ -->\n<title>Calendrier des \u00e9v\u00e8nements - CargoM<\/title>\n<meta name=\"robots\" content=\"index, follow, max-snippet:-1, max-image-preview:large, max-video-preview:-1\" \/>\n<link rel=\"canonical\" href=\"https:\/\/www.cargo-montreal.ca\/fr\/calendrier-4\/\" \/>\n<meta property=\"og:locale\" content=\"fr_FR\" \/>\n<meta property=\"og:type\" content=\"article\" \/>\n<meta property=\"og:title\" content=\"Calendrier des \u00e9v\u00e8nements - CargoM\" \/>\n<meta property=\"og:description\" content=\"\u00a0 Ne manquez pas les \u00e9v\u00e9nements suivants. Si vous souhaitez que CargoM ajoute votre \u00e9v\u00e9nement \u00e0 son\u00a0calendrier, contactez Mme\u00a0Karine Dudognon. 29 mars 2022 \u2013\u00a0Le soutien aux entreprises : mode d&#8217;emploi\u00a0\u00ad\u2013\u00a0Les services aux entreprises du minist\u00e8re du Travail, de l&rsquo;Emploi et de la Solidarit\u00e9 sociale 1er\u00a0avril 2022 \u2013\u00a0Forum strat\u00e9gique sur le transport et la logistique\u00a0\u2013\u00a0Chambre de [&hellip;]\" \/>\n<meta property=\"og:url\" content=\"https:\/\/www.cargo-montreal.ca\/fr\/calendrier-4\/\" \/>\n<meta property=\"og:site_name\" content=\"CargoM\" \/>\n<meta property=\"article:published_time\" content=\"2022-03-29T01:34:35+00:00\" \/>\n<meta property=\"article:modified_time\" content=\"2022-03-29T01:58:04+00:00\" \/>\n<meta property=\"og:image\" content=\"https:\/\/www.cargo-montreal.ca\/wp-content\/uploads\/2021\/09\/calendrier-scaled-e1631211612898.jpg\" \/>\n\t<meta property=\"og:image:width\" content=\"1800\" \/>\n\t<meta property=\"og:image:height\" content=\"1800\" \/>\n\t<meta property=\"og:image:type\" content=\"image\/jpeg\" \/>\n<meta name=\"author\" content=\"Karine Dudognon\" \/>\n<meta name=\"twitter:card\" content=\"summary_large_image\" \/>\n<meta name=\"twitter:label1\" content=\"\u00c9crit par\" \/>\n\t<meta name=\"twitter:data1\" content=\"Karine Dudognon\" \/>\n\t<meta name=\"twitter:label2\" content=\"Dur\u00e9e de lecture estim\u00e9e\" \/>\n\t<meta name=\"twitter:data2\" content=\"2 minutes\" \/>\n<script type=\"application\/ld+json\" class=\"yoast-schema-graph\">{\"@context\":\"https:\\\/\\\/schema.org\",\"@graph\":[{\"@type\":\"Article\",\"@id\":\"https:\\\/\\\/www.cargo-montreal.ca\\\/fr\\\/calendrier-4\\\/#article\",\"isPartOf\":{\"@id\":\"https:\\\/\\\/www.cargo-montreal.ca\\\/fr\\\/calendrier-4\\\/\"},\"author\":{\"name\":\"Karine Dudognon\",\"@id\":\"https:\\\/\\\/www.cargo-montreal.ca\\\/fr\\\/#\\\/schema\\\/person\\\/80476d173ce654813db9fd1533901365\"},\"headline\":\"Calendrier des \u00e9v\u00e8nements\",\"datePublished\":\"2022-03-29T01:34:35+00:00\",\"dateModified\":\"2022-03-29T01:58:04+00:00\",\"mainEntityOfPage\":{\"@id\":\"https:\\\/\\\/www.cargo-montreal.ca\\\/fr\\\/calendrier-4\\\/\"},\"wordCount\":242,\"image\":{\"@id\":\"https:\\\/\\\/www.cargo-montreal.ca\\\/fr\\\/calendrier-4\\\/#primaryimage\"},\"thumbnailUrl\":\"https:\\\/\\\/www.cargo-montreal.ca\\\/wp-content\\\/uploads\\\/2021\\\/09\\\/calendrier-scaled-e1631211612898.jpg\",\"articleSection\":[\"Services logistiques\"],\"inLanguage\":\"fr-FR\"},{\"@type\":\"WebPage\",\"@id\":\"https:\\\/\\\/www.cargo-montreal.ca\\\/fr\\\/calendrier-4\\\/\",\"url\":\"https:\\\/\\\/www.cargo-montreal.ca\\\/fr\\\/calendrier-4\\\/\",\"name\":\"Calendrier des \u00e9v\u00e8nements - CargoM\",\"isPartOf\":{\"@id\":\"https:\\\/\\\/www.cargo-montreal.ca\\\/fr\\\/#website\"},\"primaryImageOfPage\":{\"@id\":\"https:\\\/\\\/www.cargo-montreal.ca\\\/fr\\\/calendrier-4\\\/#primaryimage\"},\"image\":{\"@id\":\"https:\\\/\\\/www.cargo-montreal.ca\\\/fr\\\/calendrier-4\\\/#primaryimage\"},\"thumbnailUrl\":\"https:\\\/\\\/www.cargo-montreal.ca\\\/wp-content\\\/uploads\\\/2021\\\/09\\\/calendrier-scaled-e1631211612898.jpg\",\"datePublished\":\"2022-03-29T01:34:35+00:00\",\"dateModified\":\"2022-03-29T01:58:04+00:00\",\"author\":{\"@id\":\"https:\\\/\\\/www.cargo-montreal.ca\\\/fr\\\/#\\\/schema\\\/person\\\/80476d173ce654813db9fd1533901365\"},\"breadcrumb\":{\"@id\":\"https:\\\/\\\/www.cargo-montreal.ca\\\/fr\\\/calendrier-4\\\/#breadcrumb\"},\"inLanguage\":\"fr-FR\",\"potentialAction\":[{\"@type\":\"ReadAction\",\"target\":[\"https:\\\/\\\/www.cargo-montreal.ca\\\/fr\\\/calendrier-4\\\/\"]}]},{\"@type\":\"ImageObject\",\"inLanguage\":\"fr-FR\",\"@id\":\"https:\\\/\\\/www.cargo-montreal.ca\\\/fr\\\/calendrier-4\\\/#primaryimage\",\"url\":\"https:\\\/\\\/www.cargo-montreal.ca\\\/wp-content\\\/uploads\\\/2021\\\/09\\\/calendrier-scaled-e1631211612898.jpg\",\"contentUrl\":\"https:\\\/\\\/www.cargo-montreal.ca\\\/wp-content\\\/uploads\\\/2021\\\/09\\\/calendrier-scaled-e1631211612898.jpg\",\"width\":1800,\"height\":1800},{\"@type\":\"BreadcrumbList\",\"@id\":\"https:\\\/\\\/www.cargo-montreal.ca\\\/fr\\\/calendrier-4\\\/#breadcrumb\",\"itemListElement\":[{\"@type\":\"ListItem\",\"position\":1,\"name\":\"Home\",\"item\":\"https:\\\/\\\/www.cargo-montreal.ca\\\/fr\\\/\"},{\"@type\":\"ListItem\",\"position\":2,\"name\":\"Calendrier des \u00e9v\u00e8nements\"}]},{\"@type\":\"WebSite\",\"@id\":\"https:\\\/\\\/www.cargo-montreal.ca\\\/fr\\\/#website\",\"url\":\"https:\\\/\\\/www.cargo-montreal.ca\\\/fr\\\/\",\"name\":\"CargoM\",\"description\":\"La mission de CargoM: Rassembler les acteurs de la logistique &amp; du transport de marchandises du Grand Montr\u00e9al autour d&#039;objectifs communs, d&#039;actions concert\u00e9es\",\"potentialAction\":[{\"@type\":\"SearchAction\",\"target\":{\"@type\":\"EntryPoint\",\"urlTemplate\":\"https:\\\/\\\/www.cargo-montreal.ca\\\/fr\\\/?s={search_term_string}\"},\"query-input\":{\"@type\":\"PropertyValueSpecification\",\"valueRequired\":true,\"valueName\":\"search_term_string\"}}],\"inLanguage\":\"fr-FR\"},{\"@type\":\"Person\",\"@id\":\"https:\\\/\\\/www.cargo-montreal.ca\\\/fr\\\/#\\\/schema\\\/person\\\/80476d173ce654813db9fd1533901365\",\"name\":\"Karine Dudognon\",\"image\":{\"@type\":\"ImageObject\",\"inLanguage\":\"fr-FR\",\"@id\":\"https:\\\/\\\/secure.gravatar.com\\\/avatar\\\/673bdfb703a9b6685a88bc7dfb04a9ea2b48b30e9d1663a5e759a4e9bfa3e2c0?s=96&d=mm&r=g\",\"url\":\"https:\\\/\\\/secure.gravatar.com\\\/avatar\\\/673bdfb703a9b6685a88bc7dfb04a9ea2b48b30e9d1663a5e759a4e9bfa3e2c0?s=96&d=mm&r=g\",\"contentUrl\":\"https:\\\/\\\/secure.gravatar.com\\\/avatar\\\/673bdfb703a9b6685a88bc7dfb04a9ea2b48b30e9d1663a5e759a4e9bfa3e2c0?s=96&d=mm&r=g\",\"caption\":\"Karine Dudognon\"},\"url\":\"https:\\\/\\\/www.cargo-montreal.ca\\\/fr\\\/author\\\/karine\\\/\"}]}<\/script>\n<!-- \/ Yoast SEO plugin. -->","yoast_head_json":{"title":"Calendrier des \u00e9v\u00e8nements - CargoM","robots":{"index":"index","follow":"follow","max-snippet":"max-snippet:-1","max-image-preview":"max-image-preview:large","max-video-preview":"max-video-preview:-1"},"canonical":"https:\/\/www.cargo-montreal.ca\/fr\/calendrier-4\/","og_locale":"fr_FR","og_type":"article","og_title":"Calendrier des \u00e9v\u00e8nements - CargoM","og_description":"\u00a0 Ne manquez pas les \u00e9v\u00e9nements suivants. Si vous souhaitez que CargoM ajoute votre \u00e9v\u00e9nement \u00e0 son\u00a0calendrier, contactez Mme\u00a0Karine Dudognon. 29 mars 2022 \u2013\u00a0Le soutien aux entreprises : mode d&#8217;emploi\u00a0\u00ad\u2013\u00a0Les services aux entreprises du minist\u00e8re du Travail, de l&rsquo;Emploi et de la Solidarit\u00e9 sociale 1er\u00a0avril 2022 \u2013\u00a0Forum strat\u00e9gique sur le transport et la logistique\u00a0\u2013\u00a0Chambre de [&hellip;]","og_url":"https:\/\/www.cargo-montreal.ca\/fr\/calendrier-4\/","og_site_name":"CargoM","article_published_time":"2022-03-29T01:34:35+00:00","article_modified_time":"2022-03-29T01:58:04+00:00","og_image":[{"width":1800,"height":1800,"url":"https:\/\/www.cargo-montreal.ca\/wp-content\/uploads\/2021\/09\/calendrier-scaled-e1631211612898.jpg","type":"image\/jpeg"}],"author":"Karine Dudognon","twitter_card":"summary_large_image","twitter_misc":{"\u00c9crit par":"Karine Dudognon","Dur\u00e9e de lecture estim\u00e9e":"2 minutes"},"schema":{"@context":"https:\/\/schema.org","@graph":[{"@type":"Article","@id":"https:\/\/www.cargo-montreal.ca\/fr\/calendrier-4\/#article","isPartOf":{"@id":"https:\/\/www.cargo-montreal.ca\/fr\/calendrier-4\/"},"author":{"name":"Karine Dudognon","@id":"https:\/\/www.cargo-montreal.ca\/fr\/#\/schema\/person\/80476d173ce654813db9fd1533901365"},"headline":"Calendrier des \u00e9v\u00e8nements","datePublished":"2022-03-29T01:34:35+00:00","dateModified":"2022-03-29T01:58:04+00:00","mainEntityOfPage":{"@id":"https:\/\/www.cargo-montreal.ca\/fr\/calendrier-4\/"},"wordCount":242,"image":{"@id":"https:\/\/www.cargo-montreal.ca\/fr\/calendrier-4\/#primaryimage"},"thumbnailUrl":"https:\/\/www.cargo-montreal.ca\/wp-content\/uploads\/2021\/09\/calendrier-scaled-e1631211612898.jpg","articleSection":["Services logistiques"],"inLanguage":"fr-FR"},{"@type":"WebPage","@id":"https:\/\/www.cargo-montreal.ca\/fr\/calendrier-4\/","url":"https:\/\/www.cargo-montreal.ca\/fr\/calendrier-4\/","name":"Calendrier des \u00e9v\u00e8nements - CargoM","isPartOf":{"@id":"https:\/\/www.cargo-montreal.ca\/fr\/#website"},"primaryImageOfPage":{"@id":"https:\/\/www.cargo-montreal.ca\/fr\/calendrier-4\/#primaryimage"},"image":{"@id":"https:\/\/www.cargo-montreal.ca\/fr\/calendrier-4\/#primaryimage"},"thumbnailUrl":"https:\/\/www.cargo-montreal.ca\/wp-content\/uploads\/2021\/09\/calendrier-scaled-e1631211612898.jpg","datePublished":"2022-03-29T01:34:35+00:00","dateModified":"2022-03-29T01:58:04+00:00","author":{"@id":"https:\/\/www.cargo-montreal.ca\/fr\/#\/schema\/person\/80476d173ce654813db9fd1533901365"},"breadcrumb":{"@id":"https:\/\/www.cargo-montreal.ca\/fr\/calendrier-4\/#breadcrumb"},"inLanguage":"fr-FR","potentialAction":[{"@type":"ReadAction","target":["https:\/\/www.cargo-montreal.ca\/fr\/calendrier-4\/"]}]},{"@type":"ImageObject","inLanguage":"fr-FR","@id":"https:\/\/www.cargo-montreal.ca\/fr\/calendrier-4\/#primaryimage","url":"https:\/\/www.cargo-montreal.ca\/wp-content\/uploads\/2021\/09\/calendrier-scaled-e1631211612898.jpg","contentUrl":"https:\/\/www.cargo-montreal.ca\/wp-content\/uploads\/2021\/09\/calendrier-scaled-e1631211612898.jpg","width":1800,"height":1800},{"@type":"BreadcrumbList","@id":"https:\/\/www.cargo-montreal.ca\/fr\/calendrier-4\/#breadcrumb","itemListElement":[{"@type":"ListItem","position":1,"name":"Home","item":"https:\/\/www.cargo-montreal.ca\/fr\/"},{"@type":"ListItem","position":2,"name":"Calendrier des \u00e9v\u00e8nements"}]},{"@type":"WebSite","@id":"https:\/\/www.cargo-montreal.ca\/fr\/#website","url":"https:\/\/www.cargo-montreal.ca\/fr\/","name":"CargoM","description":"La mission de CargoM: Rassembler les acteurs de la logistique &amp; du transport de marchandises du Grand Montr\u00e9al autour d&#039;objectifs communs, d&#039;actions concert\u00e9es","potentialAction":[{"@type":"SearchAction","target":{"@type":"EntryPoint","urlTemplate":"https:\/\/www.cargo-montreal.ca\/fr\/?s={search_term_string}"},"query-input":{"@type":"PropertyValueSpecification","valueRequired":true,"valueName":"search_term_string"}}],"inLanguage":"fr-FR"},{"@type":"Person","@id":"https:\/\/www.cargo-montreal.ca\/fr\/#\/schema\/person\/80476d173ce654813db9fd1533901365","name":"Karine Dudognon","image":{"@type":"ImageObject","inLanguage":"fr-FR","@id":"https:\/\/secure.gravatar.com\/avatar\/673bdfb703a9b6685a88bc7dfb04a9ea2b48b30e9d1663a5e759a4e9bfa3e2c0?s=96&d=mm&r=g","url":"https:\/\/secure.gravatar.com\/avatar\/673bdfb703a9b6685a88bc7dfb04a9ea2b48b30e9d1663a5e759a4e9bfa3e2c0?s=96&d=mm&r=g","contentUrl":"https:\/\/secure.gravatar.com\/avatar\/673bdfb703a9b6685a88bc7dfb04a9ea2b48b30e9d1663a5e759a4e9bfa3e2c0?s=96&d=mm&r=g","caption":"Karine Dudognon"},"url":"https:\/\/www.cargo-montreal.ca\/fr\/author\/karine\/"}]}},"_links":{"self":[{"href":"https:\/\/www.cargo-montreal.ca\/fr\/wp-json\/wp\/v2\/posts\/13014","targetHints":{"allow":["GET"]}}],"collection":[{"href":"https:\/\/www.cargo-montreal.ca\/fr\/wp-json\/wp\/v2\/posts"}],"about":[{"href":"https:\/\/www.cargo-montreal.ca\/fr\/wp-json\/wp\/v2\/types\/post"}],"author":[{"embeddable":true,"href":"https:\/\/www.cargo-montreal.ca\/fr\/wp-json\/wp\/v2\/users\/39"}],"replies":[{"embeddable":true,"href":"https:\/\/www.cargo-montreal.ca\/fr\/wp-json\/wp\/v2\/comments?post=13014"}],"version-history":[{"count":3,"href":"https:\/\/www.cargo-montreal.ca\/fr\/wp-json\/wp\/v2\/posts\/13014\/revisions"}],"predecessor-version":[{"id":13037,"href":"https:\/\/www.cargo-montreal.ca\/fr\/wp-json\/wp\/v2\/posts\/13014\/revisions\/13037"}],"wp:featuredmedia":[{"embeddable":true,"href":"https:\/\/www.cargo-montreal.ca\/fr\/wp-json\/wp\/v2\/media\/12077"}],"wp:attachment":[{"href":"https:\/\/www.cargo-montreal.ca\/fr\/wp-json\/wp\/v2\/media?parent=13014"}],"wp:term":[{"taxonomy":"category","embeddable":true,"href":"https:\/\/www.cargo-montreal.ca\/fr\/wp-json\/wp\/v2\/categories?post=13014"},{"taxonomy":"post_tag","embeddable":true,"href":"https:\/\/www.cargo-montreal.ca\/fr\/wp-json\/wp\/v2\/tags?post=13014"}],"curies":[{"name":"wp","href":"https:\/\/api.w.org\/{rel}","templated":true}]}}