{"id":13027,"date":"2022-03-29T01:44:55","date_gmt":"2022-03-29T01:44:55","guid":{"rendered":"https:\/\/www.cargo-montreal.ca\/?p=13027"},"modified":"2022-03-29T01:56:48","modified_gmt":"2022-03-29T01:56:48","slug":"mars-formations-association-du-camionnage-du-quebec","status":"publish","type":"post","link":"https:\/\/www.cargo-montreal.ca\/fr\/mars-formations-association-du-camionnage-du-quebec\/","title":{"rendered":"Formations : Association du camionnage du Qu\u00e9bec"},"content":{"rendered":"En tout temps en pr\u00e9sentiel et en ligne\r\n\r\n<a href=\"https:\/\/info.cargo-montreal.ca\/e3t\/Ctc\/ZU+113\/d11nbd04\/VWPFlD8Sl2D2W3g-9qx30x04FW6G5rDL4HchW0N179mpw5kh3ZV3Zsc37CgKJjW2tL1M276L6rCW7X9xPB6bz2T3W6YbTgC8HzJwwW2lS1Vz6_p-kTW6VKHpj4QkBjxN2hd9qV3czFPW1Zr11k3dL6q5W6-RpVl88yN_LW243Z-C8f1zBhN17tZGHdydYTW2ZcGqJ1rSk8yW1LtFGh9ksSJCW48j4C42Xz-8MW96mrth6x9YhYW8QSkNm5scJbVW1wy4V244dmJtN2tzrgpcXxQCN1TrLCmvtbyDW8BzmBN4mjy5TVyDP--9gl4QbW7WL2wD3_C2jYW5C9SFz2mFx7qW4K6Dkf2HD4K6N12fBXrF4fDGW6r40Dd8KYV_1N3BYsDj2QRkMW1GFn6m68ZpgPW5N6QMz2ncqxLW7LtK9X7fLp-HW21tp7l6sY2PBW2r1YwC31HY4XW2Y6WpS7wFxNDW11dHDW6pSqJMW4JDjlN7csrRQ3gpN1\" target=\"_blank\" rel=\"noopener\" data-saferedirecturl=\"https:\/\/www.google.com\/url?hl=fr-CA&amp;q=https:\/\/info.cargo-montreal.ca\/e3t\/Ctc\/ZU%2B113\/d11nbd04\/VWPFlD8Sl2D2W3g-9qx30x04FW6G5rDL4HchW0N179mpw5kh3ZV3Zsc37CgKJjW2tL1M276L6rCW7X9xPB6bz2T3W6YbTgC8HzJwwW2lS1Vz6_p-kTW6VKHpj4QkBjxN2hd9qV3czFPW1Zr11k3dL6q5W6-RpVl88yN_LW243Z-C8f1zBhN17tZGHdydYTW2ZcGqJ1rSk8yW1LtFGh9ksSJCW48j4C42Xz-8MW96mrth6x9YhYW8QSkNm5scJbVW1wy4V244dmJtN2tzrgpcXxQCN1TrLCmvtbyDW8BzmBN4mjy5TVyDP--9gl4QbW7WL2wD3_C2jYW5C9SFz2mFx7qW4K6Dkf2HD4K6N12fBXrF4fDGW6r40Dd8KYV_1N3BYsDj2QRkMW1GFn6m68ZpgPW5N6QMz2ncqxLW7LtK9X7fLp-HW21tp7l6sY2PBW2r1YwC31HY4XW2Y6WpS7wFxNDW11dHDW6pSqJMW4JDjlN7csrRQ3gpN1&amp;source=gmail&amp;ust=1648603806013000&amp;usg=AOvVaw0Z361PRTrf2TNU7TZfv4xP\">Nouvelles obligations sur la pr\u00e9vention du harc\u00e8lement et de la violence dans le lieu de travail<\/a>\r\n\r\nFormations en ligne\r\n\r\n7 avril 2022\u00a0\u2013<strong>\u00a0<\/strong><a href=\"https:\/\/info.cargo-montreal.ca\/e3t\/Ctc\/ZU+113\/d11nbd04\/VWPFlD8Sl2D2W3g-9qx30x04FW6G5rDL4HchW0N179mqp3lLBGV1-WJV7CgRwLW1rWF_p2ncg9dW1VkZfQ9814_7W19Q1Pk834BTZN2pTVMNPz5l5VN5Y1s2TJWJkW8HWk7K2ZDGC6W6cy16b2wYZvSW5-bS0N25zYWrW9dHcQx6HWCMjN5zRbQjsF53PW25hZWV3HxR7tW2r65W92tFbc5Vx-5gc510FwyW40451F5YHL2tW4-V4jt6Xy9_vW9hgHJx2y3RWQW3v6lLl4rJgmJW94H7wV4WhV8qVR3sMt8LxP2tW81zBsY8mjq_FW6x-_gQ596RSPW3K2VRY53Nj35Mp3CSn3kW6RW2cl2yj7_3D543kFH1\" target=\"_blank\" rel=\"noopener\" data-saferedirecturl=\"https:\/\/www.google.com\/url?hl=fr-CA&amp;q=https:\/\/info.cargo-montreal.ca\/e3t\/Ctc\/ZU%2B113\/d11nbd04\/VWPFlD8Sl2D2W3g-9qx30x04FW6G5rDL4HchW0N179mqp3lLBGV1-WJV7CgRwLW1rWF_p2ncg9dW1VkZfQ9814_7W19Q1Pk834BTZN2pTVMNPz5l5VN5Y1s2TJWJkW8HWk7K2ZDGC6W6cy16b2wYZvSW5-bS0N25zYWrW9dHcQx6HWCMjN5zRbQjsF53PW25hZWV3HxR7tW2r65W92tFbc5Vx-5gc510FwyW40451F5YHL2tW4-V4jt6Xy9_vW9hgHJx2y3RWQW3v6lLl4rJgmJW94H7wV4WhV8qVR3sMt8LxP2tW81zBsY8mjq_FW6x-_gQ596RSPW3K2VRY53Nj35Mp3CSn3kW6RW2cl2yj7_3D543kFH1&amp;source=gmail&amp;ust=1648603806013000&amp;usg=AOvVaw0fSYvIKq0J8RuiG45M0hGM\">FMCSR et CSA\u00a0: comprendre et analyser le dossier de l\u2019entreprise<\/a>\r\n\r\n17 mai 2022\u00a0\u2013<strong>\u00a0<\/strong><a href=\"https:\/\/info.cargo-montreal.ca\/e3t\/Ctc\/ZU+113\/d11nbd04\/VWPFlD8Sl2D2W3g-9qx30x04FW6G5rDL4HchW0N179mq_3lLCfV1-WJV7CgQd4V1B2C845QY1-W853ZX68lj8HYW3ZXX1V2zmVRXW32rBMb4R2vTxW3Lx8D848gn0rW8bF65y2tlMM3W4DYVl_5GlpB9W7BwCbZ59t5LFW1ZklfG2d4JYxVzLwXl72MzlVN51cHZHR4PW2N4C4rknGbF20VT2N__6Y8YtbW2YX-1C8wF4X8W2d1Vw9786lDMW33pYC16LRsmTW6LXT-3632ffXW7hxXHb5yfpxvW19yWfM53zdmCW6Qz-pC9fG6DLN5MVYWZcTbTSN93Tmf66c09YW7Rsytp976-rtW1xWKlx7h76-XW4QKmZv5XPRbSW5LC7vF28spC8W5bGfKk1pQ3kmW18r9vg6yNrSr3pYL1\" target=\"_blank\" rel=\"noopener\" data-saferedirecturl=\"https:\/\/www.google.com\/url?hl=fr-CA&amp;q=https:\/\/info.cargo-montreal.ca\/e3t\/Ctc\/ZU%2B113\/d11nbd04\/VWPFlD8Sl2D2W3g-9qx30x04FW6G5rDL4HchW0N179mq_3lLCfV1-WJV7CgQd4V1B2C845QY1-W853ZX68lj8HYW3ZXX1V2zmVRXW32rBMb4R2vTxW3Lx8D848gn0rW8bF65y2tlMM3W4DYVl_5GlpB9W7BwCbZ59t5LFW1ZklfG2d4JYxVzLwXl72MzlVN51cHZHR4PW2N4C4rknGbF20VT2N__6Y8YtbW2YX-1C8wF4X8W2d1Vw9786lDMW33pYC16LRsmTW6LXT-3632ffXW7hxXHb5yfpxvW19yWfM53zdmCW6Qz-pC9fG6DLN5MVYWZcTbTSN93Tmf66c09YW7Rsytp976-rtW1xWKlx7h76-XW4QKmZv5XPRbSW5LC7vF28spC8W5bGfKk1pQ3kmW18r9vg6yNrSr3pYL1&amp;source=gmail&amp;ust=1648603806013000&amp;usg=AOvVaw3QNlzSLOXYDZZS_xZMNN86\">Les heures de conduite, de travail et de repos (Qu\u00e9bec-Canada)\u00a0: comment analyser les fiches journali\u00e8res<\/a>\r\n\r\n1er juin 2022\u00a0\u2013<strong>\u00a0<\/strong><a href=\"https:\/\/info.cargo-montreal.ca\/e3t\/Ctc\/ZU+113\/d11nbd04\/VWPFlD8Sl2D2W3g-9qx30x04FW6G5rDL4HchW0N179mqp3lLBGV1-WJV7CgSnwW5Ctm643nGH5RW3_9SMN7Md_FGW5MngJq2wfs31W6N0Lwt3VHRQSW4mH8QF1HzRRKN5WybL8lTd5_N8XpTzSWxJYYW4fc-FL92Tww8W2mY_n01BrQWnN6WyxDsMp1qHW7XgR2l9jgvLcW32FnM41g236KVmkKmJ6P5-_yW3XKCQ231XQ6HW79Q0_v7rL2b4N62G2Fz-7FrCW4wrWwG393sH4W4_NFjw8VndkYW7pVgXh6Xn6yCV88gJH1-MRrRW2WCZ341WflxPW62kH_W7gPgjlW3S2Pdz4Dnf3jW6BBDnX632Jq635Lq1\" target=\"_blank\" rel=\"noopener\" data-saferedirecturl=\"https:\/\/www.google.com\/url?hl=fr-CA&amp;q=https:\/\/info.cargo-montreal.ca\/e3t\/Ctc\/ZU%2B113\/d11nbd04\/VWPFlD8Sl2D2W3g-9qx30x04FW6G5rDL4HchW0N179mqp3lLBGV1-WJV7CgSnwW5Ctm643nGH5RW3_9SMN7Md_FGW5MngJq2wfs31W6N0Lwt3VHRQSW4mH8QF1HzRRKN5WybL8lTd5_N8XpTzSWxJYYW4fc-FL92Tww8W2mY_n01BrQWnN6WyxDsMp1qHW7XgR2l9jgvLcW32FnM41g236KVmkKmJ6P5-_yW3XKCQ231XQ6HW79Q0_v7rL2b4N62G2Fz-7FrCW4wrWwG393sH4W4_NFjw8VndkYW7pVgXh6Xn6yCV88gJH1-MRrRW2WCZ341WflxPW62kH_W7gPgjlW3S2Pdz4Dnf3jW6BBDnX632Jq635Lq1&amp;source=gmail&amp;ust=1648603806013000&amp;usg=AOvVaw0tCwIpmPqa0MMohEcvNuVe\">Les heures de service (\u00c9tats-Unis)<\/a>\r\n\r\n15 juin 2022\u00a0\u2013<strong>\u00a0<\/strong><a href=\"https:\/\/info.cargo-montreal.ca\/e3t\/Ctc\/ZU+113\/d11nbd04\/VWPFlD8Sl2D2W3g-9qx30x04FW6G5rDL4HchW0N179mqJ3lLBZV1-WJV7CgKkpW4z_fNR5vWNHDW56BhRs3WFGzpN4Jmp8Nn03v7W4gQ-Hx7NV6zKW88CCnl4WJJXzW6fK3GB51K-V3W8Yw-f98lnr90W6Lh_Jr13m8rXW1203Qm6LwhXTW994NS12RF1bhN1k57069zYBHN3b1l_LhH2GSW4KtV4s6q-rLRW6tRDtW30X979W5TlbNd4QtZKYMqtgR35RtsRW5ZnCNW4vKBxLW8vzrbq7hNmqRW64cpzR96kFXLW5YP8m81LnsThW4F6cq_67bLNHW7T_G6R48kNgdW5cTpB74_SwkVW7f40DT7zY9vxVWX1x39jJ3pnW5pcW8w78rSt53jJC1\" target=\"_blank\" rel=\"noopener\" data-saferedirecturl=\"https:\/\/www.google.com\/url?hl=fr-CA&amp;q=https:\/\/info.cargo-montreal.ca\/e3t\/Ctc\/ZU%2B113\/d11nbd04\/VWPFlD8Sl2D2W3g-9qx30x04FW6G5rDL4HchW0N179mqJ3lLBZV1-WJV7CgKkpW4z_fNR5vWNHDW56BhRs3WFGzpN4Jmp8Nn03v7W4gQ-Hx7NV6zKW88CCnl4WJJXzW6fK3GB51K-V3W8Yw-f98lnr90W6Lh_Jr13m8rXW1203Qm6LwhXTW994NS12RF1bhN1k57069zYBHN3b1l_LhH2GSW4KtV4s6q-rLRW6tRDtW30X979W5TlbNd4QtZKYMqtgR35RtsRW5ZnCNW4vKBxLW8vzrbq7hNmqRW64cpzR96kFXLW5YP8m81LnsThW4F6cq_67bLNHW7T_G6R48kNgdW5cTpB74_SwkVW7f40DT7zY9vxVWX1x39jJ3pnW5pcW8w78rSt53jJC1&amp;source=gmail&amp;ust=1648603806013000&amp;usg=AOvVaw0oIQIL5UpnkVQnMgAPIBp0\">La norme nord-am\u00e9ricaine sur l\u2019arrimage des cargaisons<\/a>\r\n\r\n<a href=\"https:\/\/info.cargo-montreal.ca\/e3t\/Ctc\/ZU+113\/d11nbd04\/VWPFlD8Sl2D2W3g-9qx30x04FW6G5rDL4HchW0N179mpQ3lLB3V1-WJV7CgN9HW35lRdL6kkNQ7W572Znx4xgjy-MmzJ1r-Zv95W67K00C3hmkClW7N4gvc26HlSBN6Sz-JQ2M7LwW3HZkpK8MrLQTW5w8dwJ51GFC8W88WpTB4PPx9RW6zGPcn3dJPzBW1jmMsC2Vzj-CW60PWsB85RMypV_HN0d2mhlqkW1mhXTT76xbP_W36mnmm62KHb2W4w0wfZ2nVNT0W6ZQzx31b2g4-W8LRL5t73zxNtW2k57zw9jGWv7W73nFNg251vHk3jZV1\" target=\"_blank\" rel=\"noopener\" data-saferedirecturl=\"https:\/\/www.google.com\/url?hl=fr-CA&amp;q=https:\/\/info.cargo-montreal.ca\/e3t\/Ctc\/ZU%2B113\/d11nbd04\/VWPFlD8Sl2D2W3g-9qx30x04FW6G5rDL4HchW0N179mpQ3lLB3V1-WJV7CgN9HW35lRdL6kkNQ7W572Znx4xgjy-MmzJ1r-Zv95W67K00C3hmkClW7N4gvc26HlSBN6Sz-JQ2M7LwW3HZkpK8MrLQTW5w8dwJ51GFC8W88WpTB4PPx9RW6zGPcn3dJPzBW1jmMsC2Vzj-CW60PWsB85RMypV_HN0d2mhlqkW1mhXTT76xbP_W36mnmm62KHb2W4w0wfZ2nVNT0W6ZQzx31b2g4-W8LRL5t73zxNtW2k57zw9jGWv7W73nFNg251vHk3jZV1&amp;source=gmail&amp;ust=1648603806013000&amp;usg=AOvVaw2ozbZO7izlT1y_nkG0n0U9\">Consultez l\u2019offre compl\u00e8te de formations<\/a>","protected":false},"excerpt":{"rendered":"En tout temps en pr\u00e9sentiel et en ligne Nouvelles obligations sur la pr\u00e9vention du harc\u00e8lement et de la violence dans le lieu de travail Formations en ligne 7 avril 2022\u00a0\u2013\u00a0FMCSR et CSA\u00a0: comprendre et analyser le dossier de l\u2019entreprise 17 mai 2022\u00a0\u2013\u00a0Les heures de conduite, de travail et de repos (Qu\u00e9bec-Canada)\u00a0: comment analyser les fiches [&hellip;]","protected":false},"author":39,"featured_media":12977,"comment_status":"closed","ping_status":"closed","sticky":false,"template":"","format":"standard","meta":{"_acf_changed":false,"footnotes":""},"categories":[20],"tags":[],"class_list":["post-13027","post","type-post","status-publish","format-standard","has-post-thumbnail","hentry","category-services-logistiques"],"acf":[],"yoast_head":"<!-- This site is optimized with the Yoast SEO plugin v27.3 - https:\/\/yoast.com\/product\/yoast-seo-wordpress\/ -->\n<title>Formations : Association du camionnage du Qu\u00e9bec - CargoM<\/title>\n<meta name=\"robots\" content=\"index, follow, max-snippet:-1, max-image-preview:large, max-video-preview:-1\" \/>\n<link rel=\"canonical\" href=\"https:\/\/www.cargo-montreal.ca\/fr\/mars-formations-association-du-camionnage-du-quebec\/\" \/>\n<meta property=\"og:locale\" content=\"fr_FR\" \/>\n<meta property=\"og:type\" content=\"article\" \/>\n<meta property=\"og:title\" content=\"Formations : Association du camionnage du Qu\u00e9bec - CargoM\" \/>\n<meta property=\"og:description\" content=\"En tout temps en pr\u00e9sentiel et en ligne Nouvelles obligations sur la pr\u00e9vention du harc\u00e8lement et de la violence dans le lieu de travail Formations en ligne 7 avril 2022\u00a0\u2013\u00a0FMCSR et CSA\u00a0: comprendre et analyser le dossier de l\u2019entreprise 17 mai 2022\u00a0\u2013\u00a0Les heures de conduite, de travail et de repos (Qu\u00e9bec-Canada)\u00a0: comment analyser les fiches [&hellip;]\" \/>\n<meta property=\"og:url\" content=\"https:\/\/www.cargo-montreal.ca\/fr\/mars-formations-association-du-camionnage-du-quebec\/\" \/>\n<meta property=\"og:site_name\" content=\"CargoM\" \/>\n<meta property=\"article:published_time\" content=\"2022-03-29T01:44:55+00:00\" \/>\n<meta property=\"article:modified_time\" content=\"2022-03-29T01:56:48+00:00\" \/>\n<meta property=\"og:image\" content=\"https:\/\/www.cargo-montreal.ca\/wp-content\/uploads\/2022\/03\/logo_ACQ_Coul_high_res-1.jpg\" \/>\n\t<meta property=\"og:image:width\" content=\"314\" \/>\n\t<meta property=\"og:image:height\" content=\"124\" \/>\n\t<meta property=\"og:image:type\" content=\"image\/jpeg\" \/>\n<meta name=\"author\" content=\"Karine Dudognon\" \/>\n<meta name=\"twitter:card\" content=\"summary_large_image\" \/>\n<meta name=\"twitter:label1\" content=\"\u00c9crit par\" \/>\n\t<meta name=\"twitter:data1\" content=\"Karine Dudognon\" \/>\n<script type=\"application\/ld+json\" class=\"yoast-schema-graph\">{\"@context\":\"https:\\\/\\\/schema.org\",\"@graph\":[{\"@type\":\"Article\",\"@id\":\"https:\\\/\\\/www.cargo-montreal.ca\\\/fr\\\/mars-formations-association-du-camionnage-du-quebec\\\/#article\",\"isPartOf\":{\"@id\":\"https:\\\/\\\/www.cargo-montreal.ca\\\/fr\\\/mars-formations-association-du-camionnage-du-quebec\\\/\"},\"author\":{\"name\":\"Karine Dudognon\",\"@id\":\"https:\\\/\\\/www.cargo-montreal.ca\\\/fr\\\/#\\\/schema\\\/person\\\/80476d173ce654813db9fd1533901365\"},\"headline\":\"Formations : Association du camionnage du Qu\u00e9bec\",\"datePublished\":\"2022-03-29T01:44:55+00:00\",\"dateModified\":\"2022-03-29T01:56:48+00:00\",\"mainEntityOfPage\":{\"@id\":\"https:\\\/\\\/www.cargo-montreal.ca\\\/fr\\\/mars-formations-association-du-camionnage-du-quebec\\\/\"},\"wordCount\":91,\"image\":{\"@id\":\"https:\\\/\\\/www.cargo-montreal.ca\\\/fr\\\/mars-formations-association-du-camionnage-du-quebec\\\/#primaryimage\"},\"thumbnailUrl\":\"https:\\\/\\\/www.cargo-montreal.ca\\\/wp-content\\\/uploads\\\/2022\\\/03\\\/logo_ACQ_Coul_high_res-1.jpg\",\"articleSection\":[\"Services logistiques\"],\"inLanguage\":\"fr-FR\"},{\"@type\":\"WebPage\",\"@id\":\"https:\\\/\\\/www.cargo-montreal.ca\\\/fr\\\/mars-formations-association-du-camionnage-du-quebec\\\/\",\"url\":\"https:\\\/\\\/www.cargo-montreal.ca\\\/fr\\\/mars-formations-association-du-camionnage-du-quebec\\\/\",\"name\":\"Formations : Association du camionnage du Qu\u00e9bec - CargoM\",\"isPartOf\":{\"@id\":\"https:\\\/\\\/www.cargo-montreal.ca\\\/fr\\\/#website\"},\"primaryImageOfPage\":{\"@id\":\"https:\\\/\\\/www.cargo-montreal.ca\\\/fr\\\/mars-formations-association-du-camionnage-du-quebec\\\/#primaryimage\"},\"image\":{\"@id\":\"https:\\\/\\\/www.cargo-montreal.ca\\\/fr\\\/mars-formations-association-du-camionnage-du-quebec\\\/#primaryimage\"},\"thumbnailUrl\":\"https:\\\/\\\/www.cargo-montreal.ca\\\/wp-content\\\/uploads\\\/2022\\\/03\\\/logo_ACQ_Coul_high_res-1.jpg\",\"datePublished\":\"2022-03-29T01:44:55+00:00\",\"dateModified\":\"2022-03-29T01:56:48+00:00\",\"author\":{\"@id\":\"https:\\\/\\\/www.cargo-montreal.ca\\\/fr\\\/#\\\/schema\\\/person\\\/80476d173ce654813db9fd1533901365\"},\"breadcrumb\":{\"@id\":\"https:\\\/\\\/www.cargo-montreal.ca\\\/fr\\\/mars-formations-association-du-camionnage-du-quebec\\\/#breadcrumb\"},\"inLanguage\":\"fr-FR\",\"potentialAction\":[{\"@type\":\"ReadAction\",\"target\":[\"https:\\\/\\\/www.cargo-montreal.ca\\\/fr\\\/mars-formations-association-du-camionnage-du-quebec\\\/\"]}]},{\"@type\":\"ImageObject\",\"inLanguage\":\"fr-FR\",\"@id\":\"https:\\\/\\\/www.cargo-montreal.ca\\\/fr\\\/mars-formations-association-du-camionnage-du-quebec\\\/#primaryimage\",\"url\":\"https:\\\/\\\/www.cargo-montreal.ca\\\/wp-content\\\/uploads\\\/2022\\\/03\\\/logo_ACQ_Coul_high_res-1.jpg\",\"contentUrl\":\"https:\\\/\\\/www.cargo-montreal.ca\\\/wp-content\\\/uploads\\\/2022\\\/03\\\/logo_ACQ_Coul_high_res-1.jpg\",\"width\":314,\"height\":124},{\"@type\":\"BreadcrumbList\",\"@id\":\"https:\\\/\\\/www.cargo-montreal.ca\\\/fr\\\/mars-formations-association-du-camionnage-du-quebec\\\/#breadcrumb\",\"itemListElement\":[{\"@type\":\"ListItem\",\"position\":1,\"name\":\"Home\",\"item\":\"https:\\\/\\\/www.cargo-montreal.ca\\\/fr\\\/\"},{\"@type\":\"ListItem\",\"position\":2,\"name\":\"Formations : Association du camionnage du Qu\u00e9bec\"}]},{\"@type\":\"WebSite\",\"@id\":\"https:\\\/\\\/www.cargo-montreal.ca\\\/fr\\\/#website\",\"url\":\"https:\\\/\\\/www.cargo-montreal.ca\\\/fr\\\/\",\"name\":\"CargoM\",\"description\":\"La mission de CargoM: Rassembler les acteurs de la logistique &amp; du transport de marchandises du Grand Montr\u00e9al autour d&#039;objectifs communs, d&#039;actions concert\u00e9es\",\"potentialAction\":[{\"@type\":\"SearchAction\",\"target\":{\"@type\":\"EntryPoint\",\"urlTemplate\":\"https:\\\/\\\/www.cargo-montreal.ca\\\/fr\\\/?s={search_term_string}\"},\"query-input\":{\"@type\":\"PropertyValueSpecification\",\"valueRequired\":true,\"valueName\":\"search_term_string\"}}],\"inLanguage\":\"fr-FR\"},{\"@type\":\"Person\",\"@id\":\"https:\\\/\\\/www.cargo-montreal.ca\\\/fr\\\/#\\\/schema\\\/person\\\/80476d173ce654813db9fd1533901365\",\"name\":\"Karine Dudognon\",\"image\":{\"@type\":\"ImageObject\",\"inLanguage\":\"fr-FR\",\"@id\":\"https:\\\/\\\/secure.gravatar.com\\\/avatar\\\/673bdfb703a9b6685a88bc7dfb04a9ea2b48b30e9d1663a5e759a4e9bfa3e2c0?s=96&d=mm&r=g\",\"url\":\"https:\\\/\\\/secure.gravatar.com\\\/avatar\\\/673bdfb703a9b6685a88bc7dfb04a9ea2b48b30e9d1663a5e759a4e9bfa3e2c0?s=96&d=mm&r=g\",\"contentUrl\":\"https:\\\/\\\/secure.gravatar.com\\\/avatar\\\/673bdfb703a9b6685a88bc7dfb04a9ea2b48b30e9d1663a5e759a4e9bfa3e2c0?s=96&d=mm&r=g\",\"caption\":\"Karine Dudognon\"},\"url\":\"https:\\\/\\\/www.cargo-montreal.ca\\\/fr\\\/author\\\/karine\\\/\"}]}<\/script>\n<!-- \/ Yoast SEO plugin. -->","yoast_head_json":{"title":"Formations : Association du camionnage du Qu\u00e9bec - CargoM","robots":{"index":"index","follow":"follow","max-snippet":"max-snippet:-1","max-image-preview":"max-image-preview:large","max-video-preview":"max-video-preview:-1"},"canonical":"https:\/\/www.cargo-montreal.ca\/fr\/mars-formations-association-du-camionnage-du-quebec\/","og_locale":"fr_FR","og_type":"article","og_title":"Formations : Association du camionnage du Qu\u00e9bec - CargoM","og_description":"En tout temps en pr\u00e9sentiel et en ligne Nouvelles obligations sur la pr\u00e9vention du harc\u00e8lement et de la violence dans le lieu de travail Formations en ligne 7 avril 2022\u00a0\u2013\u00a0FMCSR et CSA\u00a0: comprendre et analyser le dossier de l\u2019entreprise 17 mai 2022\u00a0\u2013\u00a0Les heures de conduite, de travail et de repos (Qu\u00e9bec-Canada)\u00a0: comment analyser les fiches [&hellip;]","og_url":"https:\/\/www.cargo-montreal.ca\/fr\/mars-formations-association-du-camionnage-du-quebec\/","og_site_name":"CargoM","article_published_time":"2022-03-29T01:44:55+00:00","article_modified_time":"2022-03-29T01:56:48+00:00","og_image":[{"width":314,"height":124,"url":"https:\/\/www.cargo-montreal.ca\/wp-content\/uploads\/2022\/03\/logo_ACQ_Coul_high_res-1.jpg","type":"image\/jpeg"}],"author":"Karine Dudognon","twitter_card":"summary_large_image","twitter_misc":{"\u00c9crit par":"Karine Dudognon"},"schema":{"@context":"https:\/\/schema.org","@graph":[{"@type":"Article","@id":"https:\/\/www.cargo-montreal.ca\/fr\/mars-formations-association-du-camionnage-du-quebec\/#article","isPartOf":{"@id":"https:\/\/www.cargo-montreal.ca\/fr\/mars-formations-association-du-camionnage-du-quebec\/"},"author":{"name":"Karine Dudognon","@id":"https:\/\/www.cargo-montreal.ca\/fr\/#\/schema\/person\/80476d173ce654813db9fd1533901365"},"headline":"Formations : Association du camionnage du Qu\u00e9bec","datePublished":"2022-03-29T01:44:55+00:00","dateModified":"2022-03-29T01:56:48+00:00","mainEntityOfPage":{"@id":"https:\/\/www.cargo-montreal.ca\/fr\/mars-formations-association-du-camionnage-du-quebec\/"},"wordCount":91,"image":{"@id":"https:\/\/www.cargo-montreal.ca\/fr\/mars-formations-association-du-camionnage-du-quebec\/#primaryimage"},"thumbnailUrl":"https:\/\/www.cargo-montreal.ca\/wp-content\/uploads\/2022\/03\/logo_ACQ_Coul_high_res-1.jpg","articleSection":["Services logistiques"],"inLanguage":"fr-FR"},{"@type":"WebPage","@id":"https:\/\/www.cargo-montreal.ca\/fr\/mars-formations-association-du-camionnage-du-quebec\/","url":"https:\/\/www.cargo-montreal.ca\/fr\/mars-formations-association-du-camionnage-du-quebec\/","name":"Formations : Association du camionnage du Qu\u00e9bec - CargoM","isPartOf":{"@id":"https:\/\/www.cargo-montreal.ca\/fr\/#website"},"primaryImageOfPage":{"@id":"https:\/\/www.cargo-montreal.ca\/fr\/mars-formations-association-du-camionnage-du-quebec\/#primaryimage"},"image":{"@id":"https:\/\/www.cargo-montreal.ca\/fr\/mars-formations-association-du-camionnage-du-quebec\/#primaryimage"},"thumbnailUrl":"https:\/\/www.cargo-montreal.ca\/wp-content\/uploads\/2022\/03\/logo_ACQ_Coul_high_res-1.jpg","datePublished":"2022-03-29T01:44:55+00:00","dateModified":"2022-03-29T01:56:48+00:00","author":{"@id":"https:\/\/www.cargo-montreal.ca\/fr\/#\/schema\/person\/80476d173ce654813db9fd1533901365"},"breadcrumb":{"@id":"https:\/\/www.cargo-montreal.ca\/fr\/mars-formations-association-du-camionnage-du-quebec\/#breadcrumb"},"inLanguage":"fr-FR","potentialAction":[{"@type":"ReadAction","target":["https:\/\/www.cargo-montreal.ca\/fr\/mars-formations-association-du-camionnage-du-quebec\/"]}]},{"@type":"ImageObject","inLanguage":"fr-FR","@id":"https:\/\/www.cargo-montreal.ca\/fr\/mars-formations-association-du-camionnage-du-quebec\/#primaryimage","url":"https:\/\/www.cargo-montreal.ca\/wp-content\/uploads\/2022\/03\/logo_ACQ_Coul_high_res-1.jpg","contentUrl":"https:\/\/www.cargo-montreal.ca\/wp-content\/uploads\/2022\/03\/logo_ACQ_Coul_high_res-1.jpg","width":314,"height":124},{"@type":"BreadcrumbList","@id":"https:\/\/www.cargo-montreal.ca\/fr\/mars-formations-association-du-camionnage-du-quebec\/#breadcrumb","itemListElement":[{"@type":"ListItem","position":1,"name":"Home","item":"https:\/\/www.cargo-montreal.ca\/fr\/"},{"@type":"ListItem","position":2,"name":"Formations : Association du camionnage du Qu\u00e9bec"}]},{"@type":"WebSite","@id":"https:\/\/www.cargo-montreal.ca\/fr\/#website","url":"https:\/\/www.cargo-montreal.ca\/fr\/","name":"CargoM","description":"La mission de CargoM: Rassembler les acteurs de la logistique &amp; du transport de marchandises du Grand Montr\u00e9al autour d&#039;objectifs communs, d&#039;actions concert\u00e9es","potentialAction":[{"@type":"SearchAction","target":{"@type":"EntryPoint","urlTemplate":"https:\/\/www.cargo-montreal.ca\/fr\/?s={search_term_string}"},"query-input":{"@type":"PropertyValueSpecification","valueRequired":true,"valueName":"search_term_string"}}],"inLanguage":"fr-FR"},{"@type":"Person","@id":"https:\/\/www.cargo-montreal.ca\/fr\/#\/schema\/person\/80476d173ce654813db9fd1533901365","name":"Karine Dudognon","image":{"@type":"ImageObject","inLanguage":"fr-FR","@id":"https:\/\/secure.gravatar.com\/avatar\/673bdfb703a9b6685a88bc7dfb04a9ea2b48b30e9d1663a5e759a4e9bfa3e2c0?s=96&d=mm&r=g","url":"https:\/\/secure.gravatar.com\/avatar\/673bdfb703a9b6685a88bc7dfb04a9ea2b48b30e9d1663a5e759a4e9bfa3e2c0?s=96&d=mm&r=g","contentUrl":"https:\/\/secure.gravatar.com\/avatar\/673bdfb703a9b6685a88bc7dfb04a9ea2b48b30e9d1663a5e759a4e9bfa3e2c0?s=96&d=mm&r=g","caption":"Karine Dudognon"},"url":"https:\/\/www.cargo-montreal.ca\/fr\/author\/karine\/"}]}},"_links":{"self":[{"href":"https:\/\/www.cargo-montreal.ca\/fr\/wp-json\/wp\/v2\/posts\/13027","targetHints":{"allow":["GET"]}}],"collection":[{"href":"https:\/\/www.cargo-montreal.ca\/fr\/wp-json\/wp\/v2\/posts"}],"about":[{"href":"https:\/\/www.cargo-montreal.ca\/fr\/wp-json\/wp\/v2\/types\/post"}],"author":[{"embeddable":true,"href":"https:\/\/www.cargo-montreal.ca\/fr\/wp-json\/wp\/v2\/users\/39"}],"replies":[{"embeddable":true,"href":"https:\/\/www.cargo-montreal.ca\/fr\/wp-json\/wp\/v2\/comments?post=13027"}],"version-history":[{"count":2,"href":"https:\/\/www.cargo-montreal.ca\/fr\/wp-json\/wp\/v2\/posts\/13027\/revisions"}],"predecessor-version":[{"id":13033,"href":"https:\/\/www.cargo-montreal.ca\/fr\/wp-json\/wp\/v2\/posts\/13027\/revisions\/13033"}],"wp:featuredmedia":[{"embeddable":true,"href":"https:\/\/www.cargo-montreal.ca\/fr\/wp-json\/wp\/v2\/media\/12977"}],"wp:attachment":[{"href":"https:\/\/www.cargo-montreal.ca\/fr\/wp-json\/wp\/v2\/media?parent=13027"}],"wp:term":[{"taxonomy":"category","embeddable":true,"href":"https:\/\/www.cargo-montreal.ca\/fr\/wp-json\/wp\/v2\/categories?post=13027"},{"taxonomy":"post_tag","embeddable":true,"href":"https:\/\/www.cargo-montreal.ca\/fr\/wp-json\/wp\/v2\/tags?post=13027"}],"curies":[{"name":"wp","href":"https:\/\/api.w.org\/{rel}","templated":true}]}}