{"id":13094,"date":"2022-04-21T00:29:47","date_gmt":"2022-04-21T00:29:47","guid":{"rendered":"https:\/\/www.cargo-montreal.ca\/?p=13094"},"modified":"2022-04-21T00:30:02","modified_gmt":"2022-04-21T00:30:02","slug":"lancement-du-programme-dimmersion-professionnelle-en-camionnage-pipc","status":"publish","type":"post","link":"https:\/\/www.cargo-montreal.ca\/fr\/lancement-du-programme-dimmersion-professionnelle-en-camionnage-pipc\/","title":{"rendered":"Lancement du Programme d\u2019immersion professionnelle en camionnage (PIPC)"},"content":{"rendered":"<p align=\"justify\">CargoM vient tout juste de lancer son nouveau\u00a0<a href=\"https:\/\/info.cargo-montreal.ca\/e3t\/Ctc\/ZU+113\/d11nbd04\/MVLkJddQgVrW8PMg8t6mJFNKW1m0cDV4J6wXWN9k7Mbt3lLCfV1-WJV7Cg-gWW8wjdrv1m0Xx7W76Pf2x7XY_knW8zpDZL6LQ7ZnW6vFqmB93THNpW3SnGxY4Cz2wDW44Ljtm5V24cpVkdxCG3yfdbzW7fyk-k6tFPJWW2M-fJ64Zq1d8W5lvv5p3KBtmrW3VBnSw8gzGMjW34KNCm27fyh9W4xz2yw2GD1mZW36RgzW37H3Y1W43rZnY5wsKYCW57Dp852YyxZWW6FHgmc42kQlgW8S5kLx8g7Z6PVY-60f6_Rlb3W11YRws4--7ngW5P68Gh6HJrsFN50Yvdjng98nVQ8bfN2QtFZGW3PGLGW75YqnXW4jtZ4r3zkclQW8yc9Zb5gT4DCW44d7jL9hFPCYW2-KgkT71Mgjn39Br1\" target=\"_blank\" rel=\"noopener\" data-saferedirecturl=\"https:\/\/www.google.com\/url?hl=fr-CA&amp;q=https:\/\/info.cargo-montreal.ca\/e3t\/Ctc\/ZU%2B113\/d11nbd04\/MVLkJddQgVrW8PMg8t6mJFNKW1m0cDV4J6wXWN9k7Mbt3lLCfV1-WJV7Cg-gWW8wjdrv1m0Xx7W76Pf2x7XY_knW8zpDZL6LQ7ZnW6vFqmB93THNpW3SnGxY4Cz2wDW44Ljtm5V24cpVkdxCG3yfdbzW7fyk-k6tFPJWW2M-fJ64Zq1d8W5lvv5p3KBtmrW3VBnSw8gzGMjW34KNCm27fyh9W4xz2yw2GD1mZW36RgzW37H3Y1W43rZnY5wsKYCW57Dp852YyxZWW6FHgmc42kQlgW8S5kLx8g7Z6PVY-60f6_Rlb3W11YRws4--7ngW5P68Gh6HJrsFN50Yvdjng98nVQ8bfN2QtFZGW3PGLGW75YqnXW4jtZ4r3zkclQW8yc9Zb5gT4DCW44d7jL9hFPCYW2-KgkT71Mgjn39Br1&amp;source=gmail&amp;ust=1650587067882000&amp;usg=AOvVaw1TyDlusoJ9vqxccRJO1gst\">Programme d\u2019immersion professionnelle en camionnage (PIPC)<\/a>.\u00a0Le PIPC a pour objectif de faire conna\u00eetre, en une journ\u00e9e bien remplie, les diff\u00e9rents aspects du m\u00e9tier de conducteur.trice de camion gr\u00e2ce \u00e0 des activit\u00e9s immersives soit\u00a0:<\/p>\r\n\u27a1 Une s\u00e9ance d\u2019information;\r\n\r\n\u27a1 Des essais pratiques;\r\n\r\n\u27a1 Une visite en entreprise.\r\n<p align=\"justify\">Les prochaines activit\u00e9s auront lieu les 4, 10 et 18 mai.<\/p>\r\n<p align=\"justify\">Pour\u00a0<a href=\"https:\/\/info.cargo-montreal.ca\/e3t\/Ctc\/ZU+113\/d11nbd04\/MVLkJddQgVrW8PMg8t6mJFNKW1m0cDV4J6wXWN9k7M9h3lLB3V1-WJV7CgB_BW48DdBy75j_qMW8wKL6d31rBvHN5tzlrYX43n1W1lxx2J7mlrr2W7FCVFD4SBPRLN7MFKqJf1L1NW2V4R476KNM9pW10cxpS7_2704N54pvNw590GpW1B0S_z8Lmp53W4YfRwC6-0dfSV85zlS7-HN98W8GpvbB7G4lQ8MR11c_tkFxvW43xq-K5mHhGMMv6Jr1qHG81W6jgk4y1y9GcKW6X-K5R1b03QDW1NgCTn2-TZ29W1rwtJL14CNZ_3bSr1\" target=\"_blank\" rel=\"noopener\" data-saferedirecturl=\"https:\/\/www.google.com\/url?hl=fr-CA&amp;q=https:\/\/info.cargo-montreal.ca\/e3t\/Ctc\/ZU%2B113\/d11nbd04\/MVLkJddQgVrW8PMg8t6mJFNKW1m0cDV4J6wXWN9k7M9h3lLB3V1-WJV7CgB_BW48DdBy75j_qMW8wKL6d31rBvHN5tzlrYX43n1W1lxx2J7mlrr2W7FCVFD4SBPRLN7MFKqJf1L1NW2V4R476KNM9pW10cxpS7_2704N54pvNw590GpW1B0S_z8Lmp53W4YfRwC6-0dfSV85zlS7-HN98W8GpvbB7G4lQ8MR11c_tkFxvW43xq-K5mHhGMMv6Jr1qHG81W6jgk4y1y9GcKW6X-K5R1b03QDW1NgCTn2-TZ29W1rwtJL14CNZ_3bSr1&amp;source=gmail&amp;ust=1650587067882000&amp;usg=AOvVaw2d2RFWxK_ZL6x5IuU69PDU\">plus d&rsquo;informations<\/a>\u00a0ou si vous souhaitez vous inscrire, visitez le site\u00a0<a href=\"https:\/\/info.cargo-montreal.ca\/e3t\/Ctc\/ZU+113\/d11nbd04\/MVLkJddQgVrW8PMg8t6mJFNKW1m0cDV4J6wXWN9k7M9h3lLB3V1-WJV7CgGlSW5cmgF69k-MW9N7rfFkDPmSl0W5K0lGS8BYBB4N4jvjyR2d_bXW6hGjwY1rJTkHN6G4hhRY4FnvW6VykZJ4dqxZVN6WXVkY-C5fyW7PnB7m5ntSPKW2qzFyT3xfFJxN4F-JlcS4hMMV4sxbJ3ysMSkW6GNqQQ8hqdNjW5Yf8vb6rtTnlW1kXN_F3Y32z3Vrh0YF36y0kxW6hmX8f7VV_KLVFY7F25LBH_vW89Zm_J9cNCdpW5j620p1WM7WB3bbL1\" target=\"_blank\" rel=\"noopener\" data-saferedirecturl=\"https:\/\/www.google.com\/url?hl=fr-CA&amp;q=https:\/\/info.cargo-montreal.ca\/e3t\/Ctc\/ZU%2B113\/d11nbd04\/MVLkJddQgVrW8PMg8t6mJFNKW1m0cDV4J6wXWN9k7M9h3lLB3V1-WJV7CgGlSW5cmgF69k-MW9N7rfFkDPmSl0W5K0lGS8BYBB4N4jvjyR2d_bXW6hGjwY1rJTkHN6G4hhRY4FnvW6VykZJ4dqxZVN6WXVkY-C5fyW7PnB7m5ntSPKW2qzFyT3xfFJxN4F-JlcS4hMMV4sxbJ3ysMSkW6GNqQQ8hqdNjW5Yf8vb6rtTnlW1kXN_F3Y32z3Vrh0YF36y0kxW6hmX8f7VV_KLVFY7F25LBH_vW89Zm_J9cNCdpW5j620p1WM7WB3bbL1&amp;source=gmail&amp;ust=1650587067883000&amp;usg=AOvVaw2XQCuqjOXdpOz5EiBeW9XT\">votrevoierapide.com<\/a>.<\/p>\r\n<p align=\"justify\">Suivant ces activit\u00e9s, les participant.e.s souhaitant s\u2019inscrire au DEP en transport par camion auront acc\u00e8s aux services d\u2019un conseiller en orientation qui pourra les guider dans leur d\u00e9marche d\u2019inscription.<\/p>\r\n<p align=\"justify\">Rappelons que l\u2019industrie du camionnage est n\u00e9vralgique pour la bonne sant\u00e9 de notre cha\u00eene logistique et de celle de notre \u00e9conomie et qu\u2019elle fait les frais d\u2019une importante raret\u00e9 de main-d\u2019\u0153uvre. CargoM et ses partenaires, Camo-Route et le CFTR, souhaitent ainsi, par des initiatives concr\u00e8tes,\u00a0 promouvoir le m\u00e9tier de conducteur.trice de camion.<\/p>\r\n<strong>CargoM recherche des entreprises en camionnage<\/strong>\r\n<p align=\"justify\">Si votre entreprise de camionnage est int\u00e9ress\u00e9e d\u2019accueillir une visite, n\u2019h\u00e9sitez pas \u00e0 contacter\u00a0<a href=\"mailto:ymurray@cargo-montreal.ca\" target=\"_blank\" rel=\"noopener\">Yves Murray<\/a>, charg\u00e9 de projets au 514 508-2609, poste 226.<\/p>\r\n<p align=\"justify\">Le PIPC est offert gr\u00e2ce \u00e0 la participation financi\u00e8re de Conseil emploi m\u00e9tropole.<\/p>","protected":false},"excerpt":{"rendered":"CargoM vient tout juste de lancer son nouveau\u00a0Programme d\u2019immersion professionnelle en camionnage (PIPC).\u00a0Le PIPC a pour objectif de faire conna\u00eetre, en une journ\u00e9e bien remplie, les diff\u00e9rents aspects du m\u00e9tier de conducteur.trice de camion gr\u00e2ce \u00e0 des activit\u00e9s immersives soit\u00a0: \u27a1 Une s\u00e9ance d\u2019information; \u27a1 Des essais pratiques; \u27a1 Une visite en entreprise. Les prochaines [&hellip;]","protected":false},"author":39,"featured_media":13077,"comment_status":"closed","ping_status":"closed","sticky":false,"template":"","format":"standard","meta":{"_acf_changed":false,"footnotes":""},"categories":[20],"tags":[],"class_list":["post-13094","post","type-post","status-publish","format-standard","has-post-thumbnail","hentry","category-services-logistiques"],"acf":[],"yoast_head":"<!-- This site is optimized with the Yoast SEO plugin v27.3 - https:\/\/yoast.com\/product\/yoast-seo-wordpress\/ -->\n<title>Lancement du Programme d\u2019immersion professionnelle en camionnage (PIPC) - CargoM<\/title>\n<meta name=\"robots\" content=\"index, follow, max-snippet:-1, max-image-preview:large, max-video-preview:-1\" \/>\n<link rel=\"canonical\" href=\"https:\/\/www.cargo-montreal.ca\/fr\/lancement-du-programme-dimmersion-professionnelle-en-camionnage-pipc\/\" \/>\n<meta property=\"og:locale\" content=\"fr_FR\" \/>\n<meta property=\"og:type\" content=\"article\" \/>\n<meta property=\"og:title\" content=\"Lancement du Programme d\u2019immersion professionnelle en camionnage (PIPC) - CargoM\" \/>\n<meta property=\"og:description\" content=\"CargoM vient tout juste de lancer son nouveau\u00a0Programme d\u2019immersion professionnelle en camionnage (PIPC).\u00a0Le PIPC a pour objectif de faire conna\u00eetre, en une journ\u00e9e bien remplie, les diff\u00e9rents aspects du m\u00e9tier de conducteur.trice de camion gr\u00e2ce \u00e0 des activit\u00e9s immersives soit\u00a0: \u27a1 Une s\u00e9ance d\u2019information; \u27a1 Des essais pratiques; \u27a1 Une visite en entreprise. Les prochaines [&hellip;]\" \/>\n<meta property=\"og:url\" content=\"https:\/\/www.cargo-montreal.ca\/fr\/lancement-du-programme-dimmersion-professionnelle-en-camionnage-pipc\/\" \/>\n<meta property=\"og:site_name\" content=\"CargoM\" \/>\n<meta property=\"article:published_time\" content=\"2022-04-21T00:29:47+00:00\" \/>\n<meta property=\"article:modified_time\" content=\"2022-04-21T00:30:02+00:00\" \/>\n<meta property=\"og:image\" content=\"https:\/\/www.cargo-montreal.ca\/wp-content\/uploads\/2022\/04\/CargoM_Post_RS_VVR_01_1080x1080.jpg\" \/>\n\t<meta property=\"og:image:width\" content=\"1080\" \/>\n\t<meta property=\"og:image:height\" content=\"1080\" \/>\n\t<meta property=\"og:image:type\" content=\"image\/jpeg\" \/>\n<meta name=\"author\" content=\"Karine Dudognon\" \/>\n<meta name=\"twitter:card\" content=\"summary_large_image\" \/>\n<meta name=\"twitter:label1\" content=\"\u00c9crit par\" \/>\n\t<meta name=\"twitter:data1\" content=\"Karine Dudognon\" \/>\n\t<meta name=\"twitter:label2\" content=\"Dur\u00e9e de lecture estim\u00e9e\" \/>\n\t<meta name=\"twitter:data2\" content=\"1 minute\" \/>\n<script type=\"application\/ld+json\" class=\"yoast-schema-graph\">{\"@context\":\"https:\\\/\\\/schema.org\",\"@graph\":[{\"@type\":\"Article\",\"@id\":\"https:\\\/\\\/www.cargo-montreal.ca\\\/fr\\\/lancement-du-programme-dimmersion-professionnelle-en-camionnage-pipc\\\/#article\",\"isPartOf\":{\"@id\":\"https:\\\/\\\/www.cargo-montreal.ca\\\/fr\\\/lancement-du-programme-dimmersion-professionnelle-en-camionnage-pipc\\\/\"},\"author\":{\"name\":\"Karine Dudognon\",\"@id\":\"https:\\\/\\\/www.cargo-montreal.ca\\\/fr\\\/#\\\/schema\\\/person\\\/80476d173ce654813db9fd1533901365\"},\"headline\":\"Lancement du Programme d\u2019immersion professionnelle en camionnage (PIPC)\",\"datePublished\":\"2022-04-21T00:29:47+00:00\",\"dateModified\":\"2022-04-21T00:30:02+00:00\",\"mainEntityOfPage\":{\"@id\":\"https:\\\/\\\/www.cargo-montreal.ca\\\/fr\\\/lancement-du-programme-dimmersion-professionnelle-en-camionnage-pipc\\\/\"},\"wordCount\":239,\"image\":{\"@id\":\"https:\\\/\\\/www.cargo-montreal.ca\\\/fr\\\/lancement-du-programme-dimmersion-professionnelle-en-camionnage-pipc\\\/#primaryimage\"},\"thumbnailUrl\":\"https:\\\/\\\/www.cargo-montreal.ca\\\/wp-content\\\/uploads\\\/2022\\\/04\\\/CargoM_Post_RS_VVR_01_1080x1080.jpg\",\"articleSection\":[\"Services logistiques\"],\"inLanguage\":\"fr-FR\"},{\"@type\":\"WebPage\",\"@id\":\"https:\\\/\\\/www.cargo-montreal.ca\\\/fr\\\/lancement-du-programme-dimmersion-professionnelle-en-camionnage-pipc\\\/\",\"url\":\"https:\\\/\\\/www.cargo-montreal.ca\\\/fr\\\/lancement-du-programme-dimmersion-professionnelle-en-camionnage-pipc\\\/\",\"name\":\"Lancement du Programme d\u2019immersion professionnelle en camionnage (PIPC) - CargoM\",\"isPartOf\":{\"@id\":\"https:\\\/\\\/www.cargo-montreal.ca\\\/fr\\\/#website\"},\"primaryImageOfPage\":{\"@id\":\"https:\\\/\\\/www.cargo-montreal.ca\\\/fr\\\/lancement-du-programme-dimmersion-professionnelle-en-camionnage-pipc\\\/#primaryimage\"},\"image\":{\"@id\":\"https:\\\/\\\/www.cargo-montreal.ca\\\/fr\\\/lancement-du-programme-dimmersion-professionnelle-en-camionnage-pipc\\\/#primaryimage\"},\"thumbnailUrl\":\"https:\\\/\\\/www.cargo-montreal.ca\\\/wp-content\\\/uploads\\\/2022\\\/04\\\/CargoM_Post_RS_VVR_01_1080x1080.jpg\",\"datePublished\":\"2022-04-21T00:29:47+00:00\",\"dateModified\":\"2022-04-21T00:30:02+00:00\",\"author\":{\"@id\":\"https:\\\/\\\/www.cargo-montreal.ca\\\/fr\\\/#\\\/schema\\\/person\\\/80476d173ce654813db9fd1533901365\"},\"breadcrumb\":{\"@id\":\"https:\\\/\\\/www.cargo-montreal.ca\\\/fr\\\/lancement-du-programme-dimmersion-professionnelle-en-camionnage-pipc\\\/#breadcrumb\"},\"inLanguage\":\"fr-FR\",\"potentialAction\":[{\"@type\":\"ReadAction\",\"target\":[\"https:\\\/\\\/www.cargo-montreal.ca\\\/fr\\\/lancement-du-programme-dimmersion-professionnelle-en-camionnage-pipc\\\/\"]}]},{\"@type\":\"ImageObject\",\"inLanguage\":\"fr-FR\",\"@id\":\"https:\\\/\\\/www.cargo-montreal.ca\\\/fr\\\/lancement-du-programme-dimmersion-professionnelle-en-camionnage-pipc\\\/#primaryimage\",\"url\":\"https:\\\/\\\/www.cargo-montreal.ca\\\/wp-content\\\/uploads\\\/2022\\\/04\\\/CargoM_Post_RS_VVR_01_1080x1080.jpg\",\"contentUrl\":\"https:\\\/\\\/www.cargo-montreal.ca\\\/wp-content\\\/uploads\\\/2022\\\/04\\\/CargoM_Post_RS_VVR_01_1080x1080.jpg\",\"width\":1080,\"height\":1080},{\"@type\":\"BreadcrumbList\",\"@id\":\"https:\\\/\\\/www.cargo-montreal.ca\\\/fr\\\/lancement-du-programme-dimmersion-professionnelle-en-camionnage-pipc\\\/#breadcrumb\",\"itemListElement\":[{\"@type\":\"ListItem\",\"position\":1,\"name\":\"Home\",\"item\":\"https:\\\/\\\/www.cargo-montreal.ca\\\/fr\\\/\"},{\"@type\":\"ListItem\",\"position\":2,\"name\":\"Lancement du Programme d\u2019immersion professionnelle en camionnage (PIPC)\"}]},{\"@type\":\"WebSite\",\"@id\":\"https:\\\/\\\/www.cargo-montreal.ca\\\/fr\\\/#website\",\"url\":\"https:\\\/\\\/www.cargo-montreal.ca\\\/fr\\\/\",\"name\":\"CargoM\",\"description\":\"La mission de CargoM: Rassembler les acteurs de la logistique &amp; du transport de marchandises du Grand Montr\u00e9al autour d&#039;objectifs communs, d&#039;actions concert\u00e9es\",\"potentialAction\":[{\"@type\":\"SearchAction\",\"target\":{\"@type\":\"EntryPoint\",\"urlTemplate\":\"https:\\\/\\\/www.cargo-montreal.ca\\\/fr\\\/?s={search_term_string}\"},\"query-input\":{\"@type\":\"PropertyValueSpecification\",\"valueRequired\":true,\"valueName\":\"search_term_string\"}}],\"inLanguage\":\"fr-FR\"},{\"@type\":\"Person\",\"@id\":\"https:\\\/\\\/www.cargo-montreal.ca\\\/fr\\\/#\\\/schema\\\/person\\\/80476d173ce654813db9fd1533901365\",\"name\":\"Karine Dudognon\",\"image\":{\"@type\":\"ImageObject\",\"inLanguage\":\"fr-FR\",\"@id\":\"https:\\\/\\\/secure.gravatar.com\\\/avatar\\\/673bdfb703a9b6685a88bc7dfb04a9ea2b48b30e9d1663a5e759a4e9bfa3e2c0?s=96&d=mm&r=g\",\"url\":\"https:\\\/\\\/secure.gravatar.com\\\/avatar\\\/673bdfb703a9b6685a88bc7dfb04a9ea2b48b30e9d1663a5e759a4e9bfa3e2c0?s=96&d=mm&r=g\",\"contentUrl\":\"https:\\\/\\\/secure.gravatar.com\\\/avatar\\\/673bdfb703a9b6685a88bc7dfb04a9ea2b48b30e9d1663a5e759a4e9bfa3e2c0?s=96&d=mm&r=g\",\"caption\":\"Karine Dudognon\"},\"url\":\"https:\\\/\\\/www.cargo-montreal.ca\\\/fr\\\/author\\\/karine\\\/\"}]}<\/script>\n<!-- \/ Yoast SEO plugin. -->","yoast_head_json":{"title":"Lancement du Programme d\u2019immersion professionnelle en camionnage (PIPC) - CargoM","robots":{"index":"index","follow":"follow","max-snippet":"max-snippet:-1","max-image-preview":"max-image-preview:large","max-video-preview":"max-video-preview:-1"},"canonical":"https:\/\/www.cargo-montreal.ca\/fr\/lancement-du-programme-dimmersion-professionnelle-en-camionnage-pipc\/","og_locale":"fr_FR","og_type":"article","og_title":"Lancement du Programme d\u2019immersion professionnelle en camionnage (PIPC) - CargoM","og_description":"CargoM vient tout juste de lancer son nouveau\u00a0Programme d\u2019immersion professionnelle en camionnage (PIPC).\u00a0Le PIPC a pour objectif de faire conna\u00eetre, en une journ\u00e9e bien remplie, les diff\u00e9rents aspects du m\u00e9tier de conducteur.trice de camion gr\u00e2ce \u00e0 des activit\u00e9s immersives soit\u00a0: \u27a1 Une s\u00e9ance d\u2019information; \u27a1 Des essais pratiques; \u27a1 Une visite en entreprise. Les prochaines [&hellip;]","og_url":"https:\/\/www.cargo-montreal.ca\/fr\/lancement-du-programme-dimmersion-professionnelle-en-camionnage-pipc\/","og_site_name":"CargoM","article_published_time":"2022-04-21T00:29:47+00:00","article_modified_time":"2022-04-21T00:30:02+00:00","og_image":[{"width":1080,"height":1080,"url":"https:\/\/www.cargo-montreal.ca\/wp-content\/uploads\/2022\/04\/CargoM_Post_RS_VVR_01_1080x1080.jpg","type":"image\/jpeg"}],"author":"Karine Dudognon","twitter_card":"summary_large_image","twitter_misc":{"\u00c9crit par":"Karine Dudognon","Dur\u00e9e de lecture estim\u00e9e":"1 minute"},"schema":{"@context":"https:\/\/schema.org","@graph":[{"@type":"Article","@id":"https:\/\/www.cargo-montreal.ca\/fr\/lancement-du-programme-dimmersion-professionnelle-en-camionnage-pipc\/#article","isPartOf":{"@id":"https:\/\/www.cargo-montreal.ca\/fr\/lancement-du-programme-dimmersion-professionnelle-en-camionnage-pipc\/"},"author":{"name":"Karine Dudognon","@id":"https:\/\/www.cargo-montreal.ca\/fr\/#\/schema\/person\/80476d173ce654813db9fd1533901365"},"headline":"Lancement du Programme d\u2019immersion professionnelle en camionnage (PIPC)","datePublished":"2022-04-21T00:29:47+00:00","dateModified":"2022-04-21T00:30:02+00:00","mainEntityOfPage":{"@id":"https:\/\/www.cargo-montreal.ca\/fr\/lancement-du-programme-dimmersion-professionnelle-en-camionnage-pipc\/"},"wordCount":239,"image":{"@id":"https:\/\/www.cargo-montreal.ca\/fr\/lancement-du-programme-dimmersion-professionnelle-en-camionnage-pipc\/#primaryimage"},"thumbnailUrl":"https:\/\/www.cargo-montreal.ca\/wp-content\/uploads\/2022\/04\/CargoM_Post_RS_VVR_01_1080x1080.jpg","articleSection":["Services logistiques"],"inLanguage":"fr-FR"},{"@type":"WebPage","@id":"https:\/\/www.cargo-montreal.ca\/fr\/lancement-du-programme-dimmersion-professionnelle-en-camionnage-pipc\/","url":"https:\/\/www.cargo-montreal.ca\/fr\/lancement-du-programme-dimmersion-professionnelle-en-camionnage-pipc\/","name":"Lancement du Programme d\u2019immersion professionnelle en camionnage (PIPC) - CargoM","isPartOf":{"@id":"https:\/\/www.cargo-montreal.ca\/fr\/#website"},"primaryImageOfPage":{"@id":"https:\/\/www.cargo-montreal.ca\/fr\/lancement-du-programme-dimmersion-professionnelle-en-camionnage-pipc\/#primaryimage"},"image":{"@id":"https:\/\/www.cargo-montreal.ca\/fr\/lancement-du-programme-dimmersion-professionnelle-en-camionnage-pipc\/#primaryimage"},"thumbnailUrl":"https:\/\/www.cargo-montreal.ca\/wp-content\/uploads\/2022\/04\/CargoM_Post_RS_VVR_01_1080x1080.jpg","datePublished":"2022-04-21T00:29:47+00:00","dateModified":"2022-04-21T00:30:02+00:00","author":{"@id":"https:\/\/www.cargo-montreal.ca\/fr\/#\/schema\/person\/80476d173ce654813db9fd1533901365"},"breadcrumb":{"@id":"https:\/\/www.cargo-montreal.ca\/fr\/lancement-du-programme-dimmersion-professionnelle-en-camionnage-pipc\/#breadcrumb"},"inLanguage":"fr-FR","potentialAction":[{"@type":"ReadAction","target":["https:\/\/www.cargo-montreal.ca\/fr\/lancement-du-programme-dimmersion-professionnelle-en-camionnage-pipc\/"]}]},{"@type":"ImageObject","inLanguage":"fr-FR","@id":"https:\/\/www.cargo-montreal.ca\/fr\/lancement-du-programme-dimmersion-professionnelle-en-camionnage-pipc\/#primaryimage","url":"https:\/\/www.cargo-montreal.ca\/wp-content\/uploads\/2022\/04\/CargoM_Post_RS_VVR_01_1080x1080.jpg","contentUrl":"https:\/\/www.cargo-montreal.ca\/wp-content\/uploads\/2022\/04\/CargoM_Post_RS_VVR_01_1080x1080.jpg","width":1080,"height":1080},{"@type":"BreadcrumbList","@id":"https:\/\/www.cargo-montreal.ca\/fr\/lancement-du-programme-dimmersion-professionnelle-en-camionnage-pipc\/#breadcrumb","itemListElement":[{"@type":"ListItem","position":1,"name":"Home","item":"https:\/\/www.cargo-montreal.ca\/fr\/"},{"@type":"ListItem","position":2,"name":"Lancement du Programme d\u2019immersion professionnelle en camionnage (PIPC)"}]},{"@type":"WebSite","@id":"https:\/\/www.cargo-montreal.ca\/fr\/#website","url":"https:\/\/www.cargo-montreal.ca\/fr\/","name":"CargoM","description":"La mission de CargoM: Rassembler les acteurs de la logistique &amp; du transport de marchandises du Grand Montr\u00e9al autour d&#039;objectifs communs, d&#039;actions concert\u00e9es","potentialAction":[{"@type":"SearchAction","target":{"@type":"EntryPoint","urlTemplate":"https:\/\/www.cargo-montreal.ca\/fr\/?s={search_term_string}"},"query-input":{"@type":"PropertyValueSpecification","valueRequired":true,"valueName":"search_term_string"}}],"inLanguage":"fr-FR"},{"@type":"Person","@id":"https:\/\/www.cargo-montreal.ca\/fr\/#\/schema\/person\/80476d173ce654813db9fd1533901365","name":"Karine Dudognon","image":{"@type":"ImageObject","inLanguage":"fr-FR","@id":"https:\/\/secure.gravatar.com\/avatar\/673bdfb703a9b6685a88bc7dfb04a9ea2b48b30e9d1663a5e759a4e9bfa3e2c0?s=96&d=mm&r=g","url":"https:\/\/secure.gravatar.com\/avatar\/673bdfb703a9b6685a88bc7dfb04a9ea2b48b30e9d1663a5e759a4e9bfa3e2c0?s=96&d=mm&r=g","contentUrl":"https:\/\/secure.gravatar.com\/avatar\/673bdfb703a9b6685a88bc7dfb04a9ea2b48b30e9d1663a5e759a4e9bfa3e2c0?s=96&d=mm&r=g","caption":"Karine Dudognon"},"url":"https:\/\/www.cargo-montreal.ca\/fr\/author\/karine\/"}]}},"_links":{"self":[{"href":"https:\/\/www.cargo-montreal.ca\/fr\/wp-json\/wp\/v2\/posts\/13094","targetHints":{"allow":["GET"]}}],"collection":[{"href":"https:\/\/www.cargo-montreal.ca\/fr\/wp-json\/wp\/v2\/posts"}],"about":[{"href":"https:\/\/www.cargo-montreal.ca\/fr\/wp-json\/wp\/v2\/types\/post"}],"author":[{"embeddable":true,"href":"https:\/\/www.cargo-montreal.ca\/fr\/wp-json\/wp\/v2\/users\/39"}],"replies":[{"embeddable":true,"href":"https:\/\/www.cargo-montreal.ca\/fr\/wp-json\/wp\/v2\/comments?post=13094"}],"version-history":[{"count":1,"href":"https:\/\/www.cargo-montreal.ca\/fr\/wp-json\/wp\/v2\/posts\/13094\/revisions"}],"predecessor-version":[{"id":13097,"href":"https:\/\/www.cargo-montreal.ca\/fr\/wp-json\/wp\/v2\/posts\/13094\/revisions\/13097"}],"wp:featuredmedia":[{"embeddable":true,"href":"https:\/\/www.cargo-montreal.ca\/fr\/wp-json\/wp\/v2\/media\/13077"}],"wp:attachment":[{"href":"https:\/\/www.cargo-montreal.ca\/fr\/wp-json\/wp\/v2\/media?parent=13094"}],"wp:term":[{"taxonomy":"category","embeddable":true,"href":"https:\/\/www.cargo-montreal.ca\/fr\/wp-json\/wp\/v2\/categories?post=13094"},{"taxonomy":"post_tag","embeddable":true,"href":"https:\/\/www.cargo-montreal.ca\/fr\/wp-json\/wp\/v2\/tags?post=13094"}],"curies":[{"name":"wp","href":"https:\/\/api.w.org\/{rel}","templated":true}]}}