{"id":13102,"date":"2022-04-21T00:41:12","date_gmt":"2022-04-21T00:41:12","guid":{"rendered":"https:\/\/www.cargo-montreal.ca\/?p=13102"},"modified":"2022-04-21T00:41:12","modified_gmt":"2022-04-21T00:41:12","slug":"petit-rappel-loutil-cargo2ai","status":"publish","type":"post","link":"https:\/\/www.cargo-montreal.ca\/fr\/petit-rappel-loutil-cargo2ai\/","title":{"rendered":"Petit rappel : L\u2019outil CargO2AI"},"content":{"rendered":"CargoM continue de promouvoir CargO2AI. Cet outil<sup>\u00a0<\/sup>cible les conteneurs qui renferment des marchandises jug\u00e9es essentielles (m\u00e9dicaments, \u00e9quipement de protection, mat\u00e9riel m\u00e9dical, etc.) et achemine l\u2019information en priorit\u00e9 aux acteurs de la cha\u00eene logistique concern\u00e9s. Ces derniers peuvent ainsi hi\u00e9rarchiser rapidement les cueillettes au Port de Montr\u00e9al.\r\n<p align=\"justify\">Merci aux partenaires, Port de Montr\u00e9al, Termont, MGTP, Scale Ai et Ivado labs qui permettent la r\u00e9alisation de cette belle initiative. N\u2019h\u00e9sitez pas \u00e0 en apprendre davantage sur le fonctionnement et comment utiliser cet outil avec le\u00a0<a href=\"https:\/\/info.cargo-montreal.ca\/e3t\/Ctc\/ZU+113\/d11nbd04\/MVLkJddQgVrW8PMg8t6mJFNKW1m0cDV4J6wXWN9k7M9V3lLBGV1-WJV7CgD8jW2zDnNk4VxwswW2v7DPc2RxFG8W8TzMhG19DQq5W5GJPY-8C1V1RW1ss1k16lrmDPW7Y7Gs24xFl1lW3mB34732fPzXW3MZtBv3cdrWsW6WCdKN2kPqqzW1YyVCL34kTgLW7ctqYP3pcbY4W4xS5Hh1zm0-WW2L715z2DkBpmW62nRhj8LpW80W7l5Vdv6BFwktW4gg5qh6RZWRTW2rMW9S6hk91YW72B09P4DrhnDW9bCMCM3Bzy3kW8s0HzL3Ps08DW2TKm3M5K2rN2W5_qY945Tt0wCW9kchq_1Fg-0tW1F1Jsl4Ql9QD3q3T1\" target=\"_blank\" rel=\"noopener\" data-saferedirecturl=\"https:\/\/www.google.com\/url?hl=fr-CA&amp;q=https:\/\/info.cargo-montreal.ca\/e3t\/Ctc\/ZU%2B113\/d11nbd04\/MVLkJddQgVrW8PMg8t6mJFNKW1m0cDV4J6wXWN9k7M9V3lLBGV1-WJV7CgD8jW2zDnNk4VxwswW2v7DPc2RxFG8W8TzMhG19DQq5W5GJPY-8C1V1RW1ss1k16lrmDPW7Y7Gs24xFl1lW3mB34732fPzXW3MZtBv3cdrWsW6WCdKN2kPqqzW1YyVCL34kTgLW7ctqYP3pcbY4W4xS5Hh1zm0-WW2L715z2DkBpmW62nRhj8LpW80W7l5Vdv6BFwktW4gg5qh6RZWRTW2rMW9S6hk91YW72B09P4DrhnDW9bCMCM3Bzy3kW8s0HzL3Ps08DW2TKm3M5K2rN2W5_qY945Tt0wCW9kchq_1Fg-0tW1F1Jsl4Ql9QD3q3T1&amp;source=gmail&amp;ust=1650587067884000&amp;usg=AOvVaw3XacoD50qaMl1xQKabWHsa\">guide utilisateur<\/a>.<\/p>\r\n<p align=\"justify\">Prenez part \u00e0 cette initiative et rejoignez ce mouvement pour la sant\u00e9 et la s\u00e9curit\u00e9 de tous!<\/p>\r\n<p align=\"justify\">Pour de plus amples informations, contactez Mme\u00a0<a href=\"mailto:alombard@cargo-montreal.ca\" target=\"_blank\" rel=\"noopener\">Amy Lombard<\/a>, charg\u00e9e de projets au 514 508-2609, poste 223.<\/p>","protected":false},"excerpt":{"rendered":"CargoM continue de promouvoir CargO2AI. Cet outil\u00a0cible les conteneurs qui renferment des marchandises jug\u00e9es essentielles (m\u00e9dicaments, \u00e9quipement de protection, mat\u00e9riel m\u00e9dical, etc.) et achemine l\u2019information en priorit\u00e9 aux acteurs de la cha\u00eene logistique concern\u00e9s. Ces derniers peuvent ainsi hi\u00e9rarchiser rapidement les cueillettes au Port de Montr\u00e9al. Merci aux partenaires, Port de Montr\u00e9al, Termont, MGTP, Scale [&hellip;]","protected":false},"author":39,"featured_media":13075,"comment_status":"closed","ping_status":"closed","sticky":false,"template":"","format":"standard","meta":{"_acf_changed":false,"footnotes":""},"categories":[20],"tags":[],"class_list":["post-13102","post","type-post","status-publish","format-standard","has-post-thumbnail","hentry","category-services-logistiques"],"acf":[],"yoast_head":"<!-- This site is optimized with the Yoast SEO plugin v27.3 - https:\/\/yoast.com\/product\/yoast-seo-wordpress\/ -->\n<title>Petit rappel : L\u2019outil CargO2AI - CargoM<\/title>\n<meta name=\"robots\" content=\"index, follow, max-snippet:-1, max-image-preview:large, max-video-preview:-1\" \/>\n<link rel=\"canonical\" href=\"https:\/\/www.cargo-montreal.ca\/fr\/petit-rappel-loutil-cargo2ai\/\" \/>\n<meta property=\"og:locale\" content=\"fr_FR\" \/>\n<meta property=\"og:type\" content=\"article\" \/>\n<meta property=\"og:title\" content=\"Petit rappel : L\u2019outil CargO2AI - CargoM\" \/>\n<meta property=\"og:description\" content=\"CargoM continue de promouvoir CargO2AI. Cet outil\u00a0cible les conteneurs qui renferment des marchandises jug\u00e9es essentielles (m\u00e9dicaments, \u00e9quipement de protection, mat\u00e9riel m\u00e9dical, etc.) et achemine l\u2019information en priorit\u00e9 aux acteurs de la cha\u00eene logistique concern\u00e9s. Ces derniers peuvent ainsi hi\u00e9rarchiser rapidement les cueillettes au Port de Montr\u00e9al. Merci aux partenaires, Port de Montr\u00e9al, Termont, MGTP, Scale [&hellip;]\" \/>\n<meta property=\"og:url\" content=\"https:\/\/www.cargo-montreal.ca\/fr\/petit-rappel-loutil-cargo2ai\/\" \/>\n<meta property=\"og:site_name\" content=\"CargoM\" \/>\n<meta property=\"article:published_time\" content=\"2022-04-21T00:41:12+00:00\" \/>\n<meta property=\"og:image\" content=\"https:\/\/www.cargo-montreal.ca\/wp-content\/uploads\/2022\/04\/Cargo2AI-1.jpg\" \/>\n\t<meta property=\"og:image:width\" content=\"1475\" \/>\n\t<meta property=\"og:image:height\" content=\"825\" \/>\n\t<meta property=\"og:image:type\" content=\"image\/jpeg\" \/>\n<meta name=\"author\" content=\"Karine Dudognon\" \/>\n<meta name=\"twitter:card\" content=\"summary_large_image\" \/>\n<meta name=\"twitter:label1\" content=\"\u00c9crit par\" \/>\n\t<meta name=\"twitter:data1\" content=\"Karine Dudognon\" \/>\n\t<meta name=\"twitter:label2\" content=\"Dur\u00e9e de lecture estim\u00e9e\" \/>\n\t<meta name=\"twitter:data2\" content=\"1 minute\" \/>\n<script type=\"application\/ld+json\" class=\"yoast-schema-graph\">{\"@context\":\"https:\\\/\\\/schema.org\",\"@graph\":[{\"@type\":\"Article\",\"@id\":\"https:\\\/\\\/www.cargo-montreal.ca\\\/fr\\\/petit-rappel-loutil-cargo2ai\\\/#article\",\"isPartOf\":{\"@id\":\"https:\\\/\\\/www.cargo-montreal.ca\\\/fr\\\/petit-rappel-loutil-cargo2ai\\\/\"},\"author\":{\"name\":\"Karine Dudognon\",\"@id\":\"https:\\\/\\\/www.cargo-montreal.ca\\\/fr\\\/#\\\/schema\\\/person\\\/80476d173ce654813db9fd1533901365\"},\"headline\":\"Petit rappel : L\u2019outil CargO2AI\",\"datePublished\":\"2022-04-21T00:41:12+00:00\",\"mainEntityOfPage\":{\"@id\":\"https:\\\/\\\/www.cargo-montreal.ca\\\/fr\\\/petit-rappel-loutil-cargo2ai\\\/\"},\"wordCount\":138,\"image\":{\"@id\":\"https:\\\/\\\/www.cargo-montreal.ca\\\/fr\\\/petit-rappel-loutil-cargo2ai\\\/#primaryimage\"},\"thumbnailUrl\":\"https:\\\/\\\/www.cargo-montreal.ca\\\/wp-content\\\/uploads\\\/2022\\\/04\\\/Cargo2AI-1.jpg\",\"articleSection\":[\"Services logistiques\"],\"inLanguage\":\"fr-FR\"},{\"@type\":\"WebPage\",\"@id\":\"https:\\\/\\\/www.cargo-montreal.ca\\\/fr\\\/petit-rappel-loutil-cargo2ai\\\/\",\"url\":\"https:\\\/\\\/www.cargo-montreal.ca\\\/fr\\\/petit-rappel-loutil-cargo2ai\\\/\",\"name\":\"Petit rappel : L\u2019outil CargO2AI - CargoM\",\"isPartOf\":{\"@id\":\"https:\\\/\\\/www.cargo-montreal.ca\\\/fr\\\/#website\"},\"primaryImageOfPage\":{\"@id\":\"https:\\\/\\\/www.cargo-montreal.ca\\\/fr\\\/petit-rappel-loutil-cargo2ai\\\/#primaryimage\"},\"image\":{\"@id\":\"https:\\\/\\\/www.cargo-montreal.ca\\\/fr\\\/petit-rappel-loutil-cargo2ai\\\/#primaryimage\"},\"thumbnailUrl\":\"https:\\\/\\\/www.cargo-montreal.ca\\\/wp-content\\\/uploads\\\/2022\\\/04\\\/Cargo2AI-1.jpg\",\"datePublished\":\"2022-04-21T00:41:12+00:00\",\"author\":{\"@id\":\"https:\\\/\\\/www.cargo-montreal.ca\\\/fr\\\/#\\\/schema\\\/person\\\/80476d173ce654813db9fd1533901365\"},\"breadcrumb\":{\"@id\":\"https:\\\/\\\/www.cargo-montreal.ca\\\/fr\\\/petit-rappel-loutil-cargo2ai\\\/#breadcrumb\"},\"inLanguage\":\"fr-FR\",\"potentialAction\":[{\"@type\":\"ReadAction\",\"target\":[\"https:\\\/\\\/www.cargo-montreal.ca\\\/fr\\\/petit-rappel-loutil-cargo2ai\\\/\"]}]},{\"@type\":\"ImageObject\",\"inLanguage\":\"fr-FR\",\"@id\":\"https:\\\/\\\/www.cargo-montreal.ca\\\/fr\\\/petit-rappel-loutil-cargo2ai\\\/#primaryimage\",\"url\":\"https:\\\/\\\/www.cargo-montreal.ca\\\/wp-content\\\/uploads\\\/2022\\\/04\\\/Cargo2AI-1.jpg\",\"contentUrl\":\"https:\\\/\\\/www.cargo-montreal.ca\\\/wp-content\\\/uploads\\\/2022\\\/04\\\/Cargo2AI-1.jpg\",\"width\":1475,\"height\":825},{\"@type\":\"BreadcrumbList\",\"@id\":\"https:\\\/\\\/www.cargo-montreal.ca\\\/fr\\\/petit-rappel-loutil-cargo2ai\\\/#breadcrumb\",\"itemListElement\":[{\"@type\":\"ListItem\",\"position\":1,\"name\":\"Home\",\"item\":\"https:\\\/\\\/www.cargo-montreal.ca\\\/fr\\\/\"},{\"@type\":\"ListItem\",\"position\":2,\"name\":\"Petit rappel : L\u2019outil CargO2AI\"}]},{\"@type\":\"WebSite\",\"@id\":\"https:\\\/\\\/www.cargo-montreal.ca\\\/fr\\\/#website\",\"url\":\"https:\\\/\\\/www.cargo-montreal.ca\\\/fr\\\/\",\"name\":\"CargoM\",\"description\":\"La mission de CargoM: Rassembler les acteurs de la logistique &amp; du transport de marchandises du Grand Montr\u00e9al autour d&#039;objectifs communs, d&#039;actions concert\u00e9es\",\"potentialAction\":[{\"@type\":\"SearchAction\",\"target\":{\"@type\":\"EntryPoint\",\"urlTemplate\":\"https:\\\/\\\/www.cargo-montreal.ca\\\/fr\\\/?s={search_term_string}\"},\"query-input\":{\"@type\":\"PropertyValueSpecification\",\"valueRequired\":true,\"valueName\":\"search_term_string\"}}],\"inLanguage\":\"fr-FR\"},{\"@type\":\"Person\",\"@id\":\"https:\\\/\\\/www.cargo-montreal.ca\\\/fr\\\/#\\\/schema\\\/person\\\/80476d173ce654813db9fd1533901365\",\"name\":\"Karine Dudognon\",\"image\":{\"@type\":\"ImageObject\",\"inLanguage\":\"fr-FR\",\"@id\":\"https:\\\/\\\/secure.gravatar.com\\\/avatar\\\/673bdfb703a9b6685a88bc7dfb04a9ea2b48b30e9d1663a5e759a4e9bfa3e2c0?s=96&d=mm&r=g\",\"url\":\"https:\\\/\\\/secure.gravatar.com\\\/avatar\\\/673bdfb703a9b6685a88bc7dfb04a9ea2b48b30e9d1663a5e759a4e9bfa3e2c0?s=96&d=mm&r=g\",\"contentUrl\":\"https:\\\/\\\/secure.gravatar.com\\\/avatar\\\/673bdfb703a9b6685a88bc7dfb04a9ea2b48b30e9d1663a5e759a4e9bfa3e2c0?s=96&d=mm&r=g\",\"caption\":\"Karine Dudognon\"},\"url\":\"https:\\\/\\\/www.cargo-montreal.ca\\\/fr\\\/author\\\/karine\\\/\"}]}<\/script>\n<!-- \/ Yoast SEO plugin. -->","yoast_head_json":{"title":"Petit rappel : L\u2019outil CargO2AI - CargoM","robots":{"index":"index","follow":"follow","max-snippet":"max-snippet:-1","max-image-preview":"max-image-preview:large","max-video-preview":"max-video-preview:-1"},"canonical":"https:\/\/www.cargo-montreal.ca\/fr\/petit-rappel-loutil-cargo2ai\/","og_locale":"fr_FR","og_type":"article","og_title":"Petit rappel : L\u2019outil CargO2AI - CargoM","og_description":"CargoM continue de promouvoir CargO2AI. Cet outil\u00a0cible les conteneurs qui renferment des marchandises jug\u00e9es essentielles (m\u00e9dicaments, \u00e9quipement de protection, mat\u00e9riel m\u00e9dical, etc.) et achemine l\u2019information en priorit\u00e9 aux acteurs de la cha\u00eene logistique concern\u00e9s. Ces derniers peuvent ainsi hi\u00e9rarchiser rapidement les cueillettes au Port de Montr\u00e9al. Merci aux partenaires, Port de Montr\u00e9al, Termont, MGTP, Scale [&hellip;]","og_url":"https:\/\/www.cargo-montreal.ca\/fr\/petit-rappel-loutil-cargo2ai\/","og_site_name":"CargoM","article_published_time":"2022-04-21T00:41:12+00:00","og_image":[{"width":1475,"height":825,"url":"https:\/\/www.cargo-montreal.ca\/wp-content\/uploads\/2022\/04\/Cargo2AI-1.jpg","type":"image\/jpeg"}],"author":"Karine Dudognon","twitter_card":"summary_large_image","twitter_misc":{"\u00c9crit par":"Karine Dudognon","Dur\u00e9e de lecture estim\u00e9e":"1 minute"},"schema":{"@context":"https:\/\/schema.org","@graph":[{"@type":"Article","@id":"https:\/\/www.cargo-montreal.ca\/fr\/petit-rappel-loutil-cargo2ai\/#article","isPartOf":{"@id":"https:\/\/www.cargo-montreal.ca\/fr\/petit-rappel-loutil-cargo2ai\/"},"author":{"name":"Karine Dudognon","@id":"https:\/\/www.cargo-montreal.ca\/fr\/#\/schema\/person\/80476d173ce654813db9fd1533901365"},"headline":"Petit rappel : L\u2019outil CargO2AI","datePublished":"2022-04-21T00:41:12+00:00","mainEntityOfPage":{"@id":"https:\/\/www.cargo-montreal.ca\/fr\/petit-rappel-loutil-cargo2ai\/"},"wordCount":138,"image":{"@id":"https:\/\/www.cargo-montreal.ca\/fr\/petit-rappel-loutil-cargo2ai\/#primaryimage"},"thumbnailUrl":"https:\/\/www.cargo-montreal.ca\/wp-content\/uploads\/2022\/04\/Cargo2AI-1.jpg","articleSection":["Services logistiques"],"inLanguage":"fr-FR"},{"@type":"WebPage","@id":"https:\/\/www.cargo-montreal.ca\/fr\/petit-rappel-loutil-cargo2ai\/","url":"https:\/\/www.cargo-montreal.ca\/fr\/petit-rappel-loutil-cargo2ai\/","name":"Petit rappel : L\u2019outil CargO2AI - CargoM","isPartOf":{"@id":"https:\/\/www.cargo-montreal.ca\/fr\/#website"},"primaryImageOfPage":{"@id":"https:\/\/www.cargo-montreal.ca\/fr\/petit-rappel-loutil-cargo2ai\/#primaryimage"},"image":{"@id":"https:\/\/www.cargo-montreal.ca\/fr\/petit-rappel-loutil-cargo2ai\/#primaryimage"},"thumbnailUrl":"https:\/\/www.cargo-montreal.ca\/wp-content\/uploads\/2022\/04\/Cargo2AI-1.jpg","datePublished":"2022-04-21T00:41:12+00:00","author":{"@id":"https:\/\/www.cargo-montreal.ca\/fr\/#\/schema\/person\/80476d173ce654813db9fd1533901365"},"breadcrumb":{"@id":"https:\/\/www.cargo-montreal.ca\/fr\/petit-rappel-loutil-cargo2ai\/#breadcrumb"},"inLanguage":"fr-FR","potentialAction":[{"@type":"ReadAction","target":["https:\/\/www.cargo-montreal.ca\/fr\/petit-rappel-loutil-cargo2ai\/"]}]},{"@type":"ImageObject","inLanguage":"fr-FR","@id":"https:\/\/www.cargo-montreal.ca\/fr\/petit-rappel-loutil-cargo2ai\/#primaryimage","url":"https:\/\/www.cargo-montreal.ca\/wp-content\/uploads\/2022\/04\/Cargo2AI-1.jpg","contentUrl":"https:\/\/www.cargo-montreal.ca\/wp-content\/uploads\/2022\/04\/Cargo2AI-1.jpg","width":1475,"height":825},{"@type":"BreadcrumbList","@id":"https:\/\/www.cargo-montreal.ca\/fr\/petit-rappel-loutil-cargo2ai\/#breadcrumb","itemListElement":[{"@type":"ListItem","position":1,"name":"Home","item":"https:\/\/www.cargo-montreal.ca\/fr\/"},{"@type":"ListItem","position":2,"name":"Petit rappel : L\u2019outil CargO2AI"}]},{"@type":"WebSite","@id":"https:\/\/www.cargo-montreal.ca\/fr\/#website","url":"https:\/\/www.cargo-montreal.ca\/fr\/","name":"CargoM","description":"La mission de CargoM: Rassembler les acteurs de la logistique &amp; du transport de marchandises du Grand Montr\u00e9al autour d&#039;objectifs communs, d&#039;actions concert\u00e9es","potentialAction":[{"@type":"SearchAction","target":{"@type":"EntryPoint","urlTemplate":"https:\/\/www.cargo-montreal.ca\/fr\/?s={search_term_string}"},"query-input":{"@type":"PropertyValueSpecification","valueRequired":true,"valueName":"search_term_string"}}],"inLanguage":"fr-FR"},{"@type":"Person","@id":"https:\/\/www.cargo-montreal.ca\/fr\/#\/schema\/person\/80476d173ce654813db9fd1533901365","name":"Karine Dudognon","image":{"@type":"ImageObject","inLanguage":"fr-FR","@id":"https:\/\/secure.gravatar.com\/avatar\/673bdfb703a9b6685a88bc7dfb04a9ea2b48b30e9d1663a5e759a4e9bfa3e2c0?s=96&d=mm&r=g","url":"https:\/\/secure.gravatar.com\/avatar\/673bdfb703a9b6685a88bc7dfb04a9ea2b48b30e9d1663a5e759a4e9bfa3e2c0?s=96&d=mm&r=g","contentUrl":"https:\/\/secure.gravatar.com\/avatar\/673bdfb703a9b6685a88bc7dfb04a9ea2b48b30e9d1663a5e759a4e9bfa3e2c0?s=96&d=mm&r=g","caption":"Karine Dudognon"},"url":"https:\/\/www.cargo-montreal.ca\/fr\/author\/karine\/"}]}},"_links":{"self":[{"href":"https:\/\/www.cargo-montreal.ca\/fr\/wp-json\/wp\/v2\/posts\/13102","targetHints":{"allow":["GET"]}}],"collection":[{"href":"https:\/\/www.cargo-montreal.ca\/fr\/wp-json\/wp\/v2\/posts"}],"about":[{"href":"https:\/\/www.cargo-montreal.ca\/fr\/wp-json\/wp\/v2\/types\/post"}],"author":[{"embeddable":true,"href":"https:\/\/www.cargo-montreal.ca\/fr\/wp-json\/wp\/v2\/users\/39"}],"replies":[{"embeddable":true,"href":"https:\/\/www.cargo-montreal.ca\/fr\/wp-json\/wp\/v2\/comments?post=13102"}],"version-history":[{"count":1,"href":"https:\/\/www.cargo-montreal.ca\/fr\/wp-json\/wp\/v2\/posts\/13102\/revisions"}],"predecessor-version":[{"id":13103,"href":"https:\/\/www.cargo-montreal.ca\/fr\/wp-json\/wp\/v2\/posts\/13102\/revisions\/13103"}],"wp:featuredmedia":[{"embeddable":true,"href":"https:\/\/www.cargo-montreal.ca\/fr\/wp-json\/wp\/v2\/media\/13075"}],"wp:attachment":[{"href":"https:\/\/www.cargo-montreal.ca\/fr\/wp-json\/wp\/v2\/media?parent=13102"}],"wp:term":[{"taxonomy":"category","embeddable":true,"href":"https:\/\/www.cargo-montreal.ca\/fr\/wp-json\/wp\/v2\/categories?post=13102"},{"taxonomy":"post_tag","embeddable":true,"href":"https:\/\/www.cargo-montreal.ca\/fr\/wp-json\/wp\/v2\/tags?post=13102"}],"curies":[{"name":"wp","href":"https:\/\/api.w.org\/{rel}","templated":true}]}}