{"id":13110,"date":"2022-04-21T00:47:21","date_gmt":"2022-04-21T00:47:21","guid":{"rendered":"https:\/\/www.cargo-montreal.ca\/?p=13110"},"modified":"2022-04-21T00:47:21","modified_gmt":"2022-04-21T00:47:21","slug":"budget-federal","status":"publish","type":"post","link":"https:\/\/www.cargo-montreal.ca\/fr\/budget-federal\/","title":{"rendered":"Budget f\u00e9d\u00e9ral"},"content":{"rendered":"<p align=\"justify\">Le budget f\u00e9d\u00e9ral 2022 a \u00e9t\u00e9 d\u00e9pos\u00e9 le 7 avril 2022 \u00e0 la Chambre des communes du Canada par la ministre f\u00e9d\u00e9rale des Finances, l\u2019honorable Chrystia Freeland. Ce budget met l\u2019accent sur quatre priorit\u00e9s : les emplois et la croissance, le logement, le climat et l\u2019abordabilit\u00e9.<\/p>\r\n<p align=\"justify\">Certaines annonces concernent le secteur du transport et de la logistique. Des sommes seront notamment consacr\u00e9es \u00e0 b\u00e2tir des cha\u00eenes d\u2019approvisionnement plus r\u00e9silientes et plus efficientes. Le budget propose de fournir \u00e0 Transports Canada 603,2 millions de dollars sur cinq ans, \u00e0 compter de 2022-2023, r\u00e9partis ainsi :<\/p>\r\n\r\n<ul>\r\n \t<li>450 millions de dollars pour appuyer des projets de cha\u00eenes d\u2019approvisionnement par l\u2019interm\u00e9diaire du\u00a0<a href=\"https:\/\/info.cargo-montreal.ca\/e3t\/Ctc\/ZU+113\/d11nbd04\/MVLkJddQgVrW8PMg8t6mJFNKW1m0cDV4J6wXWN9k7Mb93lLBZV1-WJV7CgSvHW4WGZ316sgSSMVWLM7G2vbr-KW2czXB289xWgzW8XsJXg55ppzfN80RKF-51bqVW5zJQyB6lmv0JW8SRycX1Jp_9kN3T_mSY2nfQmW60vFDs55XwxwW6l5slP1PNhmXW3qLf3r2QH5m2W5HZ23j7LWFqGW48FNq76NHcWGW7fzrvW6v-KB-W99vKPz3gt4c3W8W3Gh577_FDbW8jq76D6XxFJ2W3KS86-6wt_MRW42rPyw767ybWN69PkG7HRKx1W667B_-6DLY9hW3_PtV_8NQ38bN31HMNsS4nNZW6SHllt2Y-YBNW6m3vRn6L18mWN1kG2nwHvv2h34W51\" target=\"_blank\" rel=\"noopener\" data-saferedirecturl=\"https:\/\/www.google.com\/url?hl=fr-CA&amp;q=https:\/\/info.cargo-montreal.ca\/e3t\/Ctc\/ZU%2B113\/d11nbd04\/MVLkJddQgVrW8PMg8t6mJFNKW1m0cDV4J6wXWN9k7Mb93lLBZV1-WJV7CgSvHW4WGZ316sgSSMVWLM7G2vbr-KW2czXB289xWgzW8XsJXg55ppzfN80RKF-51bqVW5zJQyB6lmv0JW8SRycX1Jp_9kN3T_mSY2nfQmW60vFDs55XwxwW6l5slP1PNhmXW3qLf3r2QH5m2W5HZ23j7LWFqGW48FNq76NHcWGW7fzrvW6v-KB-W99vKPz3gt4c3W8W3Gh577_FDbW8jq76D6XxFJ2W3KS86-6wt_MRW42rPyw767ybWN69PkG7HRKx1W667B_-6DLY9hW3_PtV_8NQ38bN31HMNsS4nNZW6SHllt2Y-YBNW6m3vRn6L18mWN1kG2nwHvv2h34W51&amp;source=gmail&amp;ust=1650587067886000&amp;usg=AOvVaw0kAgLpuL1N0Guyb9enKiFQ\">Fonds national des corridors commerciaux (FNCC)<\/a>;<\/li>\r\n \t<li>136,3 millions de dollars pour \u00e9laborer des solutions ax\u00e9es sur l\u2019industrie qui permettront d\u2019utiliser des donn\u00e9es pour rendre les cha\u00eenes d\u2019approvisionnement plus efficientes;<\/li>\r\n \t<li>16,9 millions de dollars sur cinq ans, \u00e0 compter de 2022-2023, pour rendre les cha\u00eenes d\u2019approvisionnement du Canada plus concurrentielles.<\/li>\r\n<\/ul>\r\nPour en savoir plus, consultez le r\u00e9sum\u00e9 en cliquant\u00a0<a href=\"https:\/\/info.cargo-montreal.ca\/e3t\/Ctc\/ZU+113\/d11nbd04\/MVLkJddQgVrW8PMg8t6mJFNKW1m0cDV4J6wXWN9k7Mb93lLBZV1-WJV7CgNhxW1NzZM83lmqlpW1D78sl4KJ0-YW4dxXP234__rfW6hbrhR1rW0XzW2CYVQ-2j-JXYW37-ld94l1rk3VmZPBY5gjXZmW3X_tPz7VsP24W3ypTm13v6c6VW4jhPVm8dBwKXVl5Q457NX1M7W3Wrc8h52QZFsW8vJgs98xJxP1W5fFlk03nlqd_W9knGxj8YS7LHW5TDTZ487g-3PW35MGX13CCFDvN1nm3QRTrRJgW6S6gfS7-khqJN5frXrYqpNBKW9fYKVB3T8ytRW3v4jjv6TNs0CV-2spT31qVP6N2sTG8fNV86jW3P7sKx7qXbdbW99PB3Q4HPbzq3b-01\" target=\"_blank\" rel=\"noopener\" data-saferedirecturl=\"https:\/\/www.google.com\/url?hl=fr-CA&amp;q=https:\/\/info.cargo-montreal.ca\/e3t\/Ctc\/ZU%2B113\/d11nbd04\/MVLkJddQgVrW8PMg8t6mJFNKW1m0cDV4J6wXWN9k7Mb93lLBZV1-WJV7CgNhxW1NzZM83lmqlpW1D78sl4KJ0-YW4dxXP234__rfW6hbrhR1rW0XzW2CYVQ-2j-JXYW37-ld94l1rk3VmZPBY5gjXZmW3X_tPz7VsP24W3ypTm13v6c6VW4jhPVm8dBwKXVl5Q457NX1M7W3Wrc8h52QZFsW8vJgs98xJxP1W5fFlk03nlqd_W9knGxj8YS7LHW5TDTZ487g-3PW35MGX13CCFDvN1nm3QRTrRJgW6S6gfS7-khqJN5frXrYqpNBKW9fYKVB3T8ytRW3v4jjv6TNs0CV-2spT31qVP6N2sTG8fNV86jW3P7sKx7qXbdbW99PB3Q4HPbzq3b-01&amp;source=gmail&amp;ust=1650587067886000&amp;usg=AOvVaw2awg1tFeFNdsYo737u6aoA\">ici<\/a>.","protected":false},"excerpt":{"rendered":"Le budget f\u00e9d\u00e9ral 2022 a \u00e9t\u00e9 d\u00e9pos\u00e9 le 7 avril 2022 \u00e0 la Chambre des communes du Canada par la ministre f\u00e9d\u00e9rale des Finances, l\u2019honorable Chrystia Freeland. Ce budget met l\u2019accent sur quatre priorit\u00e9s : les emplois et la croissance, le logement, le climat et l\u2019abordabilit\u00e9. Certaines annonces concernent le secteur du transport et de [&hellip;]","protected":false},"author":39,"featured_media":13111,"comment_status":"closed","ping_status":"closed","sticky":false,"template":"","format":"standard","meta":{"_acf_changed":false,"footnotes":""},"categories":[20],"tags":[],"class_list":["post-13110","post","type-post","status-publish","format-standard","has-post-thumbnail","hentry","category-services-logistiques"],"acf":[],"yoast_head":"<!-- This site is optimized with the Yoast SEO plugin v27.3 - https:\/\/yoast.com\/product\/yoast-seo-wordpress\/ -->\n<title>Budget f\u00e9d\u00e9ral - CargoM<\/title>\n<meta name=\"robots\" content=\"index, follow, max-snippet:-1, max-image-preview:large, max-video-preview:-1\" \/>\n<link rel=\"canonical\" href=\"https:\/\/www.cargo-montreal.ca\/fr\/budget-federal\/\" \/>\n<meta property=\"og:locale\" content=\"fr_FR\" \/>\n<meta property=\"og:type\" content=\"article\" \/>\n<meta property=\"og:title\" content=\"Budget f\u00e9d\u00e9ral - CargoM\" \/>\n<meta property=\"og:description\" content=\"Le budget f\u00e9d\u00e9ral 2022 a \u00e9t\u00e9 d\u00e9pos\u00e9 le 7 avril 2022 \u00e0 la Chambre des communes du Canada par la ministre f\u00e9d\u00e9rale des Finances, l\u2019honorable Chrystia Freeland. Ce budget met l\u2019accent sur quatre priorit\u00e9s : les emplois et la croissance, le logement, le climat et l\u2019abordabilit\u00e9. Certaines annonces concernent le secteur du transport et de [&hellip;]\" \/>\n<meta property=\"og:url\" content=\"https:\/\/www.cargo-montreal.ca\/fr\/budget-federal\/\" \/>\n<meta property=\"og:site_name\" content=\"CargoM\" \/>\n<meta property=\"article:published_time\" content=\"2022-04-21T00:47:21+00:00\" \/>\n<meta property=\"og:image\" content=\"https:\/\/www.cargo-montreal.ca\/wp-content\/uploads\/2022\/04\/images.jpg\" \/>\n\t<meta property=\"og:image:width\" content=\"284\" \/>\n\t<meta property=\"og:image:height\" content=\"177\" \/>\n\t<meta property=\"og:image:type\" content=\"image\/jpeg\" \/>\n<meta name=\"author\" content=\"Karine Dudognon\" \/>\n<meta name=\"twitter:card\" content=\"summary_large_image\" \/>\n<meta name=\"twitter:label1\" content=\"\u00c9crit par\" \/>\n\t<meta name=\"twitter:data1\" content=\"Karine Dudognon\" \/>\n\t<meta name=\"twitter:label2\" content=\"Dur\u00e9e de lecture estim\u00e9e\" \/>\n\t<meta name=\"twitter:data2\" content=\"1 minute\" \/>\n<script type=\"application\/ld+json\" class=\"yoast-schema-graph\">{\"@context\":\"https:\\\/\\\/schema.org\",\"@graph\":[{\"@type\":\"Article\",\"@id\":\"https:\\\/\\\/www.cargo-montreal.ca\\\/fr\\\/budget-federal\\\/#article\",\"isPartOf\":{\"@id\":\"https:\\\/\\\/www.cargo-montreal.ca\\\/fr\\\/budget-federal\\\/\"},\"author\":{\"name\":\"Karine Dudognon\",\"@id\":\"https:\\\/\\\/www.cargo-montreal.ca\\\/fr\\\/#\\\/schema\\\/person\\\/80476d173ce654813db9fd1533901365\"},\"headline\":\"Budget f\u00e9d\u00e9ral\",\"datePublished\":\"2022-04-21T00:47:21+00:00\",\"mainEntityOfPage\":{\"@id\":\"https:\\\/\\\/www.cargo-montreal.ca\\\/fr\\\/budget-federal\\\/\"},\"wordCount\":185,\"image\":{\"@id\":\"https:\\\/\\\/www.cargo-montreal.ca\\\/fr\\\/budget-federal\\\/#primaryimage\"},\"thumbnailUrl\":\"https:\\\/\\\/www.cargo-montreal.ca\\\/wp-content\\\/uploads\\\/2022\\\/04\\\/images.jpg\",\"articleSection\":[\"Services logistiques\"],\"inLanguage\":\"fr-FR\"},{\"@type\":\"WebPage\",\"@id\":\"https:\\\/\\\/www.cargo-montreal.ca\\\/fr\\\/budget-federal\\\/\",\"url\":\"https:\\\/\\\/www.cargo-montreal.ca\\\/fr\\\/budget-federal\\\/\",\"name\":\"Budget f\u00e9d\u00e9ral - CargoM\",\"isPartOf\":{\"@id\":\"https:\\\/\\\/www.cargo-montreal.ca\\\/fr\\\/#website\"},\"primaryImageOfPage\":{\"@id\":\"https:\\\/\\\/www.cargo-montreal.ca\\\/fr\\\/budget-federal\\\/#primaryimage\"},\"image\":{\"@id\":\"https:\\\/\\\/www.cargo-montreal.ca\\\/fr\\\/budget-federal\\\/#primaryimage\"},\"thumbnailUrl\":\"https:\\\/\\\/www.cargo-montreal.ca\\\/wp-content\\\/uploads\\\/2022\\\/04\\\/images.jpg\",\"datePublished\":\"2022-04-21T00:47:21+00:00\",\"author\":{\"@id\":\"https:\\\/\\\/www.cargo-montreal.ca\\\/fr\\\/#\\\/schema\\\/person\\\/80476d173ce654813db9fd1533901365\"},\"breadcrumb\":{\"@id\":\"https:\\\/\\\/www.cargo-montreal.ca\\\/fr\\\/budget-federal\\\/#breadcrumb\"},\"inLanguage\":\"fr-FR\",\"potentialAction\":[{\"@type\":\"ReadAction\",\"target\":[\"https:\\\/\\\/www.cargo-montreal.ca\\\/fr\\\/budget-federal\\\/\"]}]},{\"@type\":\"ImageObject\",\"inLanguage\":\"fr-FR\",\"@id\":\"https:\\\/\\\/www.cargo-montreal.ca\\\/fr\\\/budget-federal\\\/#primaryimage\",\"url\":\"https:\\\/\\\/www.cargo-montreal.ca\\\/wp-content\\\/uploads\\\/2022\\\/04\\\/images.jpg\",\"contentUrl\":\"https:\\\/\\\/www.cargo-montreal.ca\\\/wp-content\\\/uploads\\\/2022\\\/04\\\/images.jpg\",\"width\":284,\"height\":177},{\"@type\":\"BreadcrumbList\",\"@id\":\"https:\\\/\\\/www.cargo-montreal.ca\\\/fr\\\/budget-federal\\\/#breadcrumb\",\"itemListElement\":[{\"@type\":\"ListItem\",\"position\":1,\"name\":\"Home\",\"item\":\"https:\\\/\\\/www.cargo-montreal.ca\\\/fr\\\/\"},{\"@type\":\"ListItem\",\"position\":2,\"name\":\"Budget f\u00e9d\u00e9ral\"}]},{\"@type\":\"WebSite\",\"@id\":\"https:\\\/\\\/www.cargo-montreal.ca\\\/fr\\\/#website\",\"url\":\"https:\\\/\\\/www.cargo-montreal.ca\\\/fr\\\/\",\"name\":\"CargoM\",\"description\":\"La mission de CargoM: Rassembler les acteurs de la logistique &amp; du transport de marchandises du Grand Montr\u00e9al autour d&#039;objectifs communs, d&#039;actions concert\u00e9es\",\"potentialAction\":[{\"@type\":\"SearchAction\",\"target\":{\"@type\":\"EntryPoint\",\"urlTemplate\":\"https:\\\/\\\/www.cargo-montreal.ca\\\/fr\\\/?s={search_term_string}\"},\"query-input\":{\"@type\":\"PropertyValueSpecification\",\"valueRequired\":true,\"valueName\":\"search_term_string\"}}],\"inLanguage\":\"fr-FR\"},{\"@type\":\"Person\",\"@id\":\"https:\\\/\\\/www.cargo-montreal.ca\\\/fr\\\/#\\\/schema\\\/person\\\/80476d173ce654813db9fd1533901365\",\"name\":\"Karine Dudognon\",\"image\":{\"@type\":\"ImageObject\",\"inLanguage\":\"fr-FR\",\"@id\":\"https:\\\/\\\/secure.gravatar.com\\\/avatar\\\/673bdfb703a9b6685a88bc7dfb04a9ea2b48b30e9d1663a5e759a4e9bfa3e2c0?s=96&d=mm&r=g\",\"url\":\"https:\\\/\\\/secure.gravatar.com\\\/avatar\\\/673bdfb703a9b6685a88bc7dfb04a9ea2b48b30e9d1663a5e759a4e9bfa3e2c0?s=96&d=mm&r=g\",\"contentUrl\":\"https:\\\/\\\/secure.gravatar.com\\\/avatar\\\/673bdfb703a9b6685a88bc7dfb04a9ea2b48b30e9d1663a5e759a4e9bfa3e2c0?s=96&d=mm&r=g\",\"caption\":\"Karine Dudognon\"},\"url\":\"https:\\\/\\\/www.cargo-montreal.ca\\\/fr\\\/author\\\/karine\\\/\"}]}<\/script>\n<!-- \/ Yoast SEO plugin. -->","yoast_head_json":{"title":"Budget f\u00e9d\u00e9ral - CargoM","robots":{"index":"index","follow":"follow","max-snippet":"max-snippet:-1","max-image-preview":"max-image-preview:large","max-video-preview":"max-video-preview:-1"},"canonical":"https:\/\/www.cargo-montreal.ca\/fr\/budget-federal\/","og_locale":"fr_FR","og_type":"article","og_title":"Budget f\u00e9d\u00e9ral - CargoM","og_description":"Le budget f\u00e9d\u00e9ral 2022 a \u00e9t\u00e9 d\u00e9pos\u00e9 le 7 avril 2022 \u00e0 la Chambre des communes du Canada par la ministre f\u00e9d\u00e9rale des Finances, l\u2019honorable Chrystia Freeland. Ce budget met l\u2019accent sur quatre priorit\u00e9s : les emplois et la croissance, le logement, le climat et l\u2019abordabilit\u00e9. Certaines annonces concernent le secteur du transport et de [&hellip;]","og_url":"https:\/\/www.cargo-montreal.ca\/fr\/budget-federal\/","og_site_name":"CargoM","article_published_time":"2022-04-21T00:47:21+00:00","og_image":[{"width":284,"height":177,"url":"https:\/\/www.cargo-montreal.ca\/wp-content\/uploads\/2022\/04\/images.jpg","type":"image\/jpeg"}],"author":"Karine Dudognon","twitter_card":"summary_large_image","twitter_misc":{"\u00c9crit par":"Karine Dudognon","Dur\u00e9e de lecture estim\u00e9e":"1 minute"},"schema":{"@context":"https:\/\/schema.org","@graph":[{"@type":"Article","@id":"https:\/\/www.cargo-montreal.ca\/fr\/budget-federal\/#article","isPartOf":{"@id":"https:\/\/www.cargo-montreal.ca\/fr\/budget-federal\/"},"author":{"name":"Karine Dudognon","@id":"https:\/\/www.cargo-montreal.ca\/fr\/#\/schema\/person\/80476d173ce654813db9fd1533901365"},"headline":"Budget f\u00e9d\u00e9ral","datePublished":"2022-04-21T00:47:21+00:00","mainEntityOfPage":{"@id":"https:\/\/www.cargo-montreal.ca\/fr\/budget-federal\/"},"wordCount":185,"image":{"@id":"https:\/\/www.cargo-montreal.ca\/fr\/budget-federal\/#primaryimage"},"thumbnailUrl":"https:\/\/www.cargo-montreal.ca\/wp-content\/uploads\/2022\/04\/images.jpg","articleSection":["Services logistiques"],"inLanguage":"fr-FR"},{"@type":"WebPage","@id":"https:\/\/www.cargo-montreal.ca\/fr\/budget-federal\/","url":"https:\/\/www.cargo-montreal.ca\/fr\/budget-federal\/","name":"Budget f\u00e9d\u00e9ral - CargoM","isPartOf":{"@id":"https:\/\/www.cargo-montreal.ca\/fr\/#website"},"primaryImageOfPage":{"@id":"https:\/\/www.cargo-montreal.ca\/fr\/budget-federal\/#primaryimage"},"image":{"@id":"https:\/\/www.cargo-montreal.ca\/fr\/budget-federal\/#primaryimage"},"thumbnailUrl":"https:\/\/www.cargo-montreal.ca\/wp-content\/uploads\/2022\/04\/images.jpg","datePublished":"2022-04-21T00:47:21+00:00","author":{"@id":"https:\/\/www.cargo-montreal.ca\/fr\/#\/schema\/person\/80476d173ce654813db9fd1533901365"},"breadcrumb":{"@id":"https:\/\/www.cargo-montreal.ca\/fr\/budget-federal\/#breadcrumb"},"inLanguage":"fr-FR","potentialAction":[{"@type":"ReadAction","target":["https:\/\/www.cargo-montreal.ca\/fr\/budget-federal\/"]}]},{"@type":"ImageObject","inLanguage":"fr-FR","@id":"https:\/\/www.cargo-montreal.ca\/fr\/budget-federal\/#primaryimage","url":"https:\/\/www.cargo-montreal.ca\/wp-content\/uploads\/2022\/04\/images.jpg","contentUrl":"https:\/\/www.cargo-montreal.ca\/wp-content\/uploads\/2022\/04\/images.jpg","width":284,"height":177},{"@type":"BreadcrumbList","@id":"https:\/\/www.cargo-montreal.ca\/fr\/budget-federal\/#breadcrumb","itemListElement":[{"@type":"ListItem","position":1,"name":"Home","item":"https:\/\/www.cargo-montreal.ca\/fr\/"},{"@type":"ListItem","position":2,"name":"Budget f\u00e9d\u00e9ral"}]},{"@type":"WebSite","@id":"https:\/\/www.cargo-montreal.ca\/fr\/#website","url":"https:\/\/www.cargo-montreal.ca\/fr\/","name":"CargoM","description":"La mission de CargoM: Rassembler les acteurs de la logistique &amp; du transport de marchandises du Grand Montr\u00e9al autour d&#039;objectifs communs, d&#039;actions concert\u00e9es","potentialAction":[{"@type":"SearchAction","target":{"@type":"EntryPoint","urlTemplate":"https:\/\/www.cargo-montreal.ca\/fr\/?s={search_term_string}"},"query-input":{"@type":"PropertyValueSpecification","valueRequired":true,"valueName":"search_term_string"}}],"inLanguage":"fr-FR"},{"@type":"Person","@id":"https:\/\/www.cargo-montreal.ca\/fr\/#\/schema\/person\/80476d173ce654813db9fd1533901365","name":"Karine Dudognon","image":{"@type":"ImageObject","inLanguage":"fr-FR","@id":"https:\/\/secure.gravatar.com\/avatar\/673bdfb703a9b6685a88bc7dfb04a9ea2b48b30e9d1663a5e759a4e9bfa3e2c0?s=96&d=mm&r=g","url":"https:\/\/secure.gravatar.com\/avatar\/673bdfb703a9b6685a88bc7dfb04a9ea2b48b30e9d1663a5e759a4e9bfa3e2c0?s=96&d=mm&r=g","contentUrl":"https:\/\/secure.gravatar.com\/avatar\/673bdfb703a9b6685a88bc7dfb04a9ea2b48b30e9d1663a5e759a4e9bfa3e2c0?s=96&d=mm&r=g","caption":"Karine Dudognon"},"url":"https:\/\/www.cargo-montreal.ca\/fr\/author\/karine\/"}]}},"_links":{"self":[{"href":"https:\/\/www.cargo-montreal.ca\/fr\/wp-json\/wp\/v2\/posts\/13110","targetHints":{"allow":["GET"]}}],"collection":[{"href":"https:\/\/www.cargo-montreal.ca\/fr\/wp-json\/wp\/v2\/posts"}],"about":[{"href":"https:\/\/www.cargo-montreal.ca\/fr\/wp-json\/wp\/v2\/types\/post"}],"author":[{"embeddable":true,"href":"https:\/\/www.cargo-montreal.ca\/fr\/wp-json\/wp\/v2\/users\/39"}],"replies":[{"embeddable":true,"href":"https:\/\/www.cargo-montreal.ca\/fr\/wp-json\/wp\/v2\/comments?post=13110"}],"version-history":[{"count":1,"href":"https:\/\/www.cargo-montreal.ca\/fr\/wp-json\/wp\/v2\/posts\/13110\/revisions"}],"predecessor-version":[{"id":13113,"href":"https:\/\/www.cargo-montreal.ca\/fr\/wp-json\/wp\/v2\/posts\/13110\/revisions\/13113"}],"wp:featuredmedia":[{"embeddable":true,"href":"https:\/\/www.cargo-montreal.ca\/fr\/wp-json\/wp\/v2\/media\/13111"}],"wp:attachment":[{"href":"https:\/\/www.cargo-montreal.ca\/fr\/wp-json\/wp\/v2\/media?parent=13110"}],"wp:term":[{"taxonomy":"category","embeddable":true,"href":"https:\/\/www.cargo-montreal.ca\/fr\/wp-json\/wp\/v2\/categories?post=13110"},{"taxonomy":"post_tag","embeddable":true,"href":"https:\/\/www.cargo-montreal.ca\/fr\/wp-json\/wp\/v2\/tags?post=13110"}],"curies":[{"name":"wp","href":"https:\/\/api.w.org\/{rel}","templated":true}]}}