{"id":13226,"date":"2022-05-20T17:29:02","date_gmt":"2022-05-20T17:29:02","guid":{"rendered":"https:\/\/www.cargo-montreal.ca\/?p=13226"},"modified":"2022-05-20T17:29:02","modified_gmt":"2022-05-20T17:29:02","slug":"nos-premieres-journees-du-pipc-couronnees-de-succes","status":"publish","type":"post","link":"https:\/\/www.cargo-montreal.ca\/fr\/nos-premieres-journees-du-pipc-couronnees-de-succes\/","title":{"rendered":"Nos premi\u00e8res journ\u00e9es du PIPC couronn\u00e9es de succ\u00e8s"},"content":{"rendered":"<p align=\"justify\">CargoM a tenu, les 4 et 18 mai,\u00a0<a href=\"https:\/\/info.cargo-montreal.ca\/e3t\/Ctc\/ZU+113\/d11nbd04\/VW-qP41VKDpkW3b_KFM1Lj2t8W8DFYQL4Kj99yN2K0T4f3lLCyV1-WJV7CgGVmW3CWBLV8nq5KVVDWqWF8MHQ2VW1pvg-7518MW1W3Dy2TL6ffQG5W2M49kS2358_6W16KvG61jpT4fW6QFz3x7nhVyDW1C1Jxn8wtN1VW6C3G4h9dsL2kW1JQByW1NKj4XW18j5-d95kgt8W2xkQ1s1MY6jbW8xmMtZ6lHN_fVpmmxX5LqjXtW4dNBlP1RnYqGW7tkZzZ8T_3xFW4l0FbN6g7YcJW5zYSYm4ppLgcN5Lt0VHDnWqKW7k9hn18NK7vTW3gFqRq3b--BzW8BPGgb14HX2HW4LM2QZ71HZMQW8Wq07Z29qT65N6zzF5hZ160jW7-Tmbz3BjnlbW8s9nMD2F3S3mW7c5ksX5kVXVLW6rL5B08_PR50W671JCJ8QTRKz322X1\" target=\"_blank\" rel=\"noopener\" data-saferedirecturl=\"https:\/\/www.google.com\/url?q=https:\/\/info.cargo-montreal.ca\/e3t\/Ctc\/ZU%2B113\/d11nbd04\/VW-qP41VKDpkW3b_KFM1Lj2t8W8DFYQL4Kj99yN2K0T4f3lLCyV1-WJV7CgGVmW3CWBLV8nq5KVVDWqWF8MHQ2VW1pvg-7518MW1W3Dy2TL6ffQG5W2M49kS2358_6W16KvG61jpT4fW6QFz3x7nhVyDW1C1Jxn8wtN1VW6C3G4h9dsL2kW1JQByW1NKj4XW18j5-d95kgt8W2xkQ1s1MY6jbW8xmMtZ6lHN_fVpmmxX5LqjXtW4dNBlP1RnYqGW7tkZzZ8T_3xFW4l0FbN6g7YcJW5zYSYm4ppLgcN5Lt0VHDnWqKW7k9hn18NK7vTW3gFqRq3b--BzW8BPGgb14HX2HW4LM2QZ71HZMQW8Wq07Z29qT65N6zzF5hZ160jW7-Tmbz3BjnlbW8s9nMD2F3S3mW7c5ksX5kVXVLW6rL5B08_PR50W671JCJ8QTRKz322X1&amp;source=gmail&amp;ust=1653152568807000&amp;usg=AOvVaw3sQTBLpu5F1ig3EC4icPiT\">les premi\u00e8res journ\u00e9es d&rsquo;essai en camionnage<\/a>\u00a0dans le cadre du Programme d\u2019immersion professionnelle en camionnage (PIPC) lanc\u00e9 en avril dernier. Nous avons eu la chance de r\u00e9unir une quinzaine de participants qui furent ravis d\u2019\u00eatre initi\u00e9s au m\u00e9tier de conducteur.trice de camion. Tout au long de ces journ\u00e9es, ils et elles ont particip\u00e9 \u00e0 des s\u00e9ances d\u2019information, \u00e0 des essais pratiques et \u00e0 des visites en entreprise chez Groupe Morneau, membre de CargoM, activement impliqu\u00e9 dans cette nouvelle initiative.<\/p>\r\n<p align=\"justify\">Les participants ont \u00e9t\u00e9 tr\u00e8s satisfaits des activit\u00e9s et ont affirm\u00e9 avoir beaucoup appris sur ce m\u00e9tier qui, dans les faits, est tr\u00e8s concret et visible, mais dont de nombreux aspects restent m\u00e9connus du grand public.<\/p>\r\n<p align=\"justify\">Nous sommes heureux d\u2019annoncer que d\u2019autres entreprises, dont le Groupe Robert, ont confirm\u00e9 leur participation au PIPC. Les activit\u00e9s sont gratuites. D\u2019autres journ\u00e9es immersives auront lieu les\u00a0<strong>2 et<\/strong><strong>\u00a014 juin<\/strong>.<\/p>\r\n<p align=\"justify\">Pour en savoir plus ou pour vous inscrire, veuillez consulter le site\u00a0<a href=\"https:\/\/info.cargo-montreal.ca\/e3t\/Ctc\/ZU+113\/d11nbd04\/VW-qP41VKDpkW3b_KFM1Lj2t8W8DFYQL4Kj99yN2K0T2N3lLB3V1-WJV7CgW7xN6gCD57lJp-FW1tG65C91XZYrW8GzV6d8qpv_4N7sxJm9ccylzVT17vf1SwbzJW6qGR9j2MzZlCW3-7sfG5ngNBmVn5q3P1jRm4JVrNK5Z7WBgdhW3dPStG8FlHPVVBdhbD3vxfCFW9gLTwW4X38XnW1ZmXrm8mLMc4VrCH0-77mhlNW2g13FM8fzP2KW7v0Nbq2cNBKKW28HRGz6Gt_GWW4WY4Nt5t0RX5W4BfDdg5MWL77W5dM-JM2flLM439Zn1\" target=\"_blank\" rel=\"noopener\" data-saferedirecturl=\"https:\/\/www.google.com\/url?q=https:\/\/info.cargo-montreal.ca\/e3t\/Ctc\/ZU%2B113\/d11nbd04\/VW-qP41VKDpkW3b_KFM1Lj2t8W8DFYQL4Kj99yN2K0T2N3lLB3V1-WJV7CgW7xN6gCD57lJp-FW1tG65C91XZYrW8GzV6d8qpv_4N7sxJm9ccylzVT17vf1SwbzJW6qGR9j2MzZlCW3-7sfG5ngNBmVn5q3P1jRm4JVrNK5Z7WBgdhW3dPStG8FlHPVVBdhbD3vxfCFW9gLTwW4X38XnW1ZmXrm8mLMc4VrCH0-77mhlNW2g13FM8fzP2KW7v0Nbq2cNBKKW28HRGz6Gt_GWW4WY4Nt5t0RX5W4BfDdg5MWL77W5dM-JM2flLM439Zn1&amp;source=gmail&amp;ust=1653152568807000&amp;usg=AOvVaw3uhUeV21lra1IR1lOG7ZDE\">votrevoierapide.com<\/a>\u00a0ou nos m\u00e9dias sociaux :\u00a0<a href=\"https:\/\/info.cargo-montreal.ca\/e3t\/Ctc\/ZU+113\/d11nbd04\/VW-qP41VKDpkW3b_KFM1Lj2t8W8DFYQL4Kj99yN2K0T333lLBmV1-WJV7CgMp4W2Pf-996H2XDyW7szzhW521S8jVT1SXd7kW0fpW7B6NhS4Fj1zlW2xK4Mc2brykhVctBlt8Hl8PlW7z700d6Vy3twVBnmmD6qWBcCW4zk-Cs2TYNjxW6qfR2H7JGYsHVVnLm178tfvtW17RlRD6h2rtDW5x9cyF38QdB_W1vQmdj99qC1qV1jFp-3VYrdGW4PK4TR43QBb0W347mKJ1Rqxr7W1CJHhR2_v909W7y-nQc7d3VJMW8FrKvg5ygBnNW5SkK9C3HHXrNW5GWKz08LSBJd31mF1\" target=\"_blank\" rel=\"noopener\" data-saferedirecturl=\"https:\/\/www.google.com\/url?q=https:\/\/info.cargo-montreal.ca\/e3t\/Ctc\/ZU%2B113\/d11nbd04\/VW-qP41VKDpkW3b_KFM1Lj2t8W8DFYQL4Kj99yN2K0T333lLBmV1-WJV7CgMp4W2Pf-996H2XDyW7szzhW521S8jVT1SXd7kW0fpW7B6NhS4Fj1zlW2xK4Mc2brykhVctBlt8Hl8PlW7z700d6Vy3twVBnmmD6qWBcCW4zk-Cs2TYNjxW6qfR2H7JGYsHVVnLm178tfvtW17RlRD6h2rtDW5x9cyF38QdB_W1vQmdj99qC1qV1jFp-3VYrdGW4PK4TR43QBb0W347mKJ1Rqxr7W1CJHhR2_v909W7y-nQc7d3VJMW8FrKvg5ygBnNW5SkK9C3HHXrNW5GWKz08LSBJd31mF1&amp;source=gmail&amp;ust=1653152568807000&amp;usg=AOvVaw3C3GJXtFhMCtiLy0TY3EeC\">LinkedIn<\/a>,\u00a0<a href=\"https:\/\/info.cargo-montreal.ca\/e3t\/Ctc\/ZU+113\/d11nbd04\/VW-qP41VKDpkW3b_KFM1Lj2t8W8DFYQL4Kj99yN2K0T2N3lLB3V1-WJV7CgQZrW89WbMr4ytbQ-N4CJ4Rl-jBK3W8kf5vy3YfSVKW4xB_v320wTklW10tfHg1sv8M-W1YZtZt5CDDSvN7m9NGRWtzbjW54rlXj4qJQxnVKWMwb68Y6gsN2QCzwSpwh83W3jtsst2ymW4rW41zGS04m31s-W7zlLg18MyqgZW5qtyZg5ztlqjW1Cd3232LlYl3W3klBS_666yjJW2lgBqt9jNFVmW6xgJw76-lwS0W4QDQSG5z44cVW4F20Fp7vkptx3ngZ1\" target=\"_blank\" rel=\"noopener\" data-saferedirecturl=\"https:\/\/www.google.com\/url?q=https:\/\/info.cargo-montreal.ca\/e3t\/Ctc\/ZU%2B113\/d11nbd04\/VW-qP41VKDpkW3b_KFM1Lj2t8W8DFYQL4Kj99yN2K0T2N3lLB3V1-WJV7CgQZrW89WbMr4ytbQ-N4CJ4Rl-jBK3W8kf5vy3YfSVKW4xB_v320wTklW10tfHg1sv8M-W1YZtZt5CDDSvN7m9NGRWtzbjW54rlXj4qJQxnVKWMwb68Y6gsN2QCzwSpwh83W3jtsst2ymW4rW41zGS04m31s-W7zlLg18MyqgZW5qtyZg5ztlqjW1Cd3232LlYl3W3klBS_666yjJW2lgBqt9jNFVmW6xgJw76-lwS0W4QDQSG5z44cVW4F20Fp7vkptx3ngZ1&amp;source=gmail&amp;ust=1653152568807000&amp;usg=AOvVaw0XTkks0BBDHhfNJZlqCOd5\">Facebook<\/a>,\u00a0<a href=\"https:\/\/info.cargo-montreal.ca\/e3t\/Ctc\/ZU+113\/d11nbd04\/VW-qP41VKDpkW3b_KFM1Lj2t8W8DFYQL4Kj99yN2K0T2N3lLB3V1-WJV7CgPWFW57yKv97XMmfZW2grKcy32GjwvW3fgJPF26_CmNW5N8fft7LxjS3W1hgPgV1KzznxN6HZJtGh9vKrW5z-ZBW7gwCCWW8gGb0h33rmc4F1qk-fB_PybVs9wjb3d5P_TVSYM-g48xv2lW3l2_f_7V2s8RVpyF2K5dN22XW8jHVyS4lCxcwW1wShD-372jjKW1ZBR2d6FggFcW42h7zb218Z9YW8gkwlQ2PjshcW4pyMZS6j0WD4N3w6XL7TVdF337nf1\" target=\"_blank\" rel=\"noopener\" data-saferedirecturl=\"https:\/\/www.google.com\/url?q=https:\/\/info.cargo-montreal.ca\/e3t\/Ctc\/ZU%2B113\/d11nbd04\/VW-qP41VKDpkW3b_KFM1Lj2t8W8DFYQL4Kj99yN2K0T2N3lLB3V1-WJV7CgPWFW57yKv97XMmfZW2grKcy32GjwvW3fgJPF26_CmNW5N8fft7LxjS3W1hgPgV1KzznxN6HZJtGh9vKrW5z-ZBW7gwCCWW8gGb0h33rmc4F1qk-fB_PybVs9wjb3d5P_TVSYM-g48xv2lW3l2_f_7V2s8RVpyF2K5dN22XW8jHVyS4lCxcwW1wShD-372jjKW1ZBR2d6FggFcW42h7zb218Z9YW8gkwlQ2PjshcW4pyMZS6j0WD4N3w6XL7TVdF337nf1&amp;source=gmail&amp;ust=1653152568807000&amp;usg=AOvVaw2ouxNJjqKUMxFNjV2eWST6\">Instagram<\/a><\/p>\r\n<p align=\"justify\">Le PIPC est con\u00e7u en partenariat avec le CFTR et Camo-Route et est rendu possible gr\u00e2ce \u00e0 la contribution financi\u00e8re de Conseil emploi m\u00e9tropole.<\/p>","protected":false},"excerpt":{"rendered":"CargoM a tenu, les 4 et 18 mai,\u00a0les premi\u00e8res journ\u00e9es d&rsquo;essai en camionnage\u00a0dans le cadre du Programme d\u2019immersion professionnelle en camionnage (PIPC) lanc\u00e9 en avril dernier. Nous avons eu la chance de r\u00e9unir une quinzaine de participants qui furent ravis d\u2019\u00eatre initi\u00e9s au m\u00e9tier de conducteur.trice de camion. Tout au long de ces journ\u00e9es, ils [&hellip;]","protected":false},"author":39,"featured_media":13213,"comment_status":"closed","ping_status":"closed","sticky":false,"template":"","format":"standard","meta":{"_acf_changed":false,"footnotes":""},"categories":[20],"tags":[],"class_list":["post-13226","post","type-post","status-publish","format-standard","has-post-thumbnail","hentry","category-services-logistiques"],"acf":[],"yoast_head":"<!-- This site is optimized with the Yoast SEO plugin v27.3 - https:\/\/yoast.com\/product\/yoast-seo-wordpress\/ -->\n<title>Nos premi\u00e8res journ\u00e9es du PIPC couronn\u00e9es de succ\u00e8s - CargoM<\/title>\n<meta name=\"robots\" content=\"index, follow, max-snippet:-1, max-image-preview:large, max-video-preview:-1\" \/>\n<link rel=\"canonical\" href=\"https:\/\/www.cargo-montreal.ca\/fr\/nos-premieres-journees-du-pipc-couronnees-de-succes\/\" \/>\n<meta property=\"og:locale\" content=\"fr_FR\" \/>\n<meta property=\"og:type\" content=\"article\" \/>\n<meta property=\"og:title\" content=\"Nos premi\u00e8res journ\u00e9es du PIPC couronn\u00e9es de succ\u00e8s - CargoM\" \/>\n<meta property=\"og:description\" content=\"CargoM a tenu, les 4 et 18 mai,\u00a0les premi\u00e8res journ\u00e9es d&rsquo;essai en camionnage\u00a0dans le cadre du Programme d\u2019immersion professionnelle en camionnage (PIPC) lanc\u00e9 en avril dernier. Nous avons eu la chance de r\u00e9unir une quinzaine de participants qui furent ravis d\u2019\u00eatre initi\u00e9s au m\u00e9tier de conducteur.trice de camion. Tout au long de ces journ\u00e9es, ils [&hellip;]\" \/>\n<meta property=\"og:url\" content=\"https:\/\/www.cargo-montreal.ca\/fr\/nos-premieres-journees-du-pipc-couronnees-de-succes\/\" \/>\n<meta property=\"og:site_name\" content=\"CargoM\" \/>\n<meta property=\"article:published_time\" content=\"2022-05-20T17:29:02+00:00\" \/>\n<meta property=\"og:image\" content=\"https:\/\/www.cargo-montreal.ca\/wp-content\/uploads\/2022\/05\/PIPC-les-deux-visites-4-18-mai-scaled.jpg\" \/>\n\t<meta property=\"og:image:width\" content=\"2481\" \/>\n\t<meta property=\"og:image:height\" content=\"2560\" \/>\n\t<meta property=\"og:image:type\" content=\"image\/jpeg\" \/>\n<meta name=\"author\" content=\"Karine Dudognon\" \/>\n<meta name=\"twitter:card\" content=\"summary_large_image\" \/>\n<meta name=\"twitter:label1\" content=\"\u00c9crit par\" \/>\n\t<meta name=\"twitter:data1\" content=\"Karine Dudognon\" \/>\n\t<meta name=\"twitter:label2\" content=\"Dur\u00e9e de lecture estim\u00e9e\" \/>\n\t<meta name=\"twitter:data2\" content=\"1 minute\" \/>\n<script type=\"application\/ld+json\" class=\"yoast-schema-graph\">{\"@context\":\"https:\\\/\\\/schema.org\",\"@graph\":[{\"@type\":\"Article\",\"@id\":\"https:\\\/\\\/www.cargo-montreal.ca\\\/fr\\\/nos-premieres-journees-du-pipc-couronnees-de-succes\\\/#article\",\"isPartOf\":{\"@id\":\"https:\\\/\\\/www.cargo-montreal.ca\\\/fr\\\/nos-premieres-journees-du-pipc-couronnees-de-succes\\\/\"},\"author\":{\"name\":\"Karine Dudognon\",\"@id\":\"https:\\\/\\\/www.cargo-montreal.ca\\\/fr\\\/#\\\/schema\\\/person\\\/80476d173ce654813db9fd1533901365\"},\"headline\":\"Nos premi\u00e8res journ\u00e9es du PIPC couronn\u00e9es de succ\u00e8s\",\"datePublished\":\"2022-05-20T17:29:02+00:00\",\"mainEntityOfPage\":{\"@id\":\"https:\\\/\\\/www.cargo-montreal.ca\\\/fr\\\/nos-premieres-journees-du-pipc-couronnees-de-succes\\\/\"},\"wordCount\":230,\"image\":{\"@id\":\"https:\\\/\\\/www.cargo-montreal.ca\\\/fr\\\/nos-premieres-journees-du-pipc-couronnees-de-succes\\\/#primaryimage\"},\"thumbnailUrl\":\"https:\\\/\\\/www.cargo-montreal.ca\\\/wp-content\\\/uploads\\\/2022\\\/05\\\/PIPC-les-deux-visites-4-18-mai-scaled.jpg\",\"articleSection\":[\"Services logistiques\"],\"inLanguage\":\"fr-FR\"},{\"@type\":\"WebPage\",\"@id\":\"https:\\\/\\\/www.cargo-montreal.ca\\\/fr\\\/nos-premieres-journees-du-pipc-couronnees-de-succes\\\/\",\"url\":\"https:\\\/\\\/www.cargo-montreal.ca\\\/fr\\\/nos-premieres-journees-du-pipc-couronnees-de-succes\\\/\",\"name\":\"Nos premi\u00e8res journ\u00e9es du PIPC couronn\u00e9es de succ\u00e8s - CargoM\",\"isPartOf\":{\"@id\":\"https:\\\/\\\/www.cargo-montreal.ca\\\/fr\\\/#website\"},\"primaryImageOfPage\":{\"@id\":\"https:\\\/\\\/www.cargo-montreal.ca\\\/fr\\\/nos-premieres-journees-du-pipc-couronnees-de-succes\\\/#primaryimage\"},\"image\":{\"@id\":\"https:\\\/\\\/www.cargo-montreal.ca\\\/fr\\\/nos-premieres-journees-du-pipc-couronnees-de-succes\\\/#primaryimage\"},\"thumbnailUrl\":\"https:\\\/\\\/www.cargo-montreal.ca\\\/wp-content\\\/uploads\\\/2022\\\/05\\\/PIPC-les-deux-visites-4-18-mai-scaled.jpg\",\"datePublished\":\"2022-05-20T17:29:02+00:00\",\"author\":{\"@id\":\"https:\\\/\\\/www.cargo-montreal.ca\\\/fr\\\/#\\\/schema\\\/person\\\/80476d173ce654813db9fd1533901365\"},\"breadcrumb\":{\"@id\":\"https:\\\/\\\/www.cargo-montreal.ca\\\/fr\\\/nos-premieres-journees-du-pipc-couronnees-de-succes\\\/#breadcrumb\"},\"inLanguage\":\"fr-FR\",\"potentialAction\":[{\"@type\":\"ReadAction\",\"target\":[\"https:\\\/\\\/www.cargo-montreal.ca\\\/fr\\\/nos-premieres-journees-du-pipc-couronnees-de-succes\\\/\"]}]},{\"@type\":\"ImageObject\",\"inLanguage\":\"fr-FR\",\"@id\":\"https:\\\/\\\/www.cargo-montreal.ca\\\/fr\\\/nos-premieres-journees-du-pipc-couronnees-de-succes\\\/#primaryimage\",\"url\":\"https:\\\/\\\/www.cargo-montreal.ca\\\/wp-content\\\/uploads\\\/2022\\\/05\\\/PIPC-les-deux-visites-4-18-mai-scaled.jpg\",\"contentUrl\":\"https:\\\/\\\/www.cargo-montreal.ca\\\/wp-content\\\/uploads\\\/2022\\\/05\\\/PIPC-les-deux-visites-4-18-mai-scaled.jpg\",\"width\":2481,\"height\":2560},{\"@type\":\"BreadcrumbList\",\"@id\":\"https:\\\/\\\/www.cargo-montreal.ca\\\/fr\\\/nos-premieres-journees-du-pipc-couronnees-de-succes\\\/#breadcrumb\",\"itemListElement\":[{\"@type\":\"ListItem\",\"position\":1,\"name\":\"Home\",\"item\":\"https:\\\/\\\/www.cargo-montreal.ca\\\/fr\\\/\"},{\"@type\":\"ListItem\",\"position\":2,\"name\":\"Nos premi\u00e8res journ\u00e9es du PIPC couronn\u00e9es de succ\u00e8s\"}]},{\"@type\":\"WebSite\",\"@id\":\"https:\\\/\\\/www.cargo-montreal.ca\\\/fr\\\/#website\",\"url\":\"https:\\\/\\\/www.cargo-montreal.ca\\\/fr\\\/\",\"name\":\"CargoM\",\"description\":\"La mission de CargoM: Rassembler les acteurs de la logistique &amp; du transport de marchandises du Grand Montr\u00e9al autour d&#039;objectifs communs, d&#039;actions concert\u00e9es\",\"potentialAction\":[{\"@type\":\"SearchAction\",\"target\":{\"@type\":\"EntryPoint\",\"urlTemplate\":\"https:\\\/\\\/www.cargo-montreal.ca\\\/fr\\\/?s={search_term_string}\"},\"query-input\":{\"@type\":\"PropertyValueSpecification\",\"valueRequired\":true,\"valueName\":\"search_term_string\"}}],\"inLanguage\":\"fr-FR\"},{\"@type\":\"Person\",\"@id\":\"https:\\\/\\\/www.cargo-montreal.ca\\\/fr\\\/#\\\/schema\\\/person\\\/80476d173ce654813db9fd1533901365\",\"name\":\"Karine Dudognon\",\"image\":{\"@type\":\"ImageObject\",\"inLanguage\":\"fr-FR\",\"@id\":\"https:\\\/\\\/secure.gravatar.com\\\/avatar\\\/673bdfb703a9b6685a88bc7dfb04a9ea2b48b30e9d1663a5e759a4e9bfa3e2c0?s=96&d=mm&r=g\",\"url\":\"https:\\\/\\\/secure.gravatar.com\\\/avatar\\\/673bdfb703a9b6685a88bc7dfb04a9ea2b48b30e9d1663a5e759a4e9bfa3e2c0?s=96&d=mm&r=g\",\"contentUrl\":\"https:\\\/\\\/secure.gravatar.com\\\/avatar\\\/673bdfb703a9b6685a88bc7dfb04a9ea2b48b30e9d1663a5e759a4e9bfa3e2c0?s=96&d=mm&r=g\",\"caption\":\"Karine Dudognon\"},\"url\":\"https:\\\/\\\/www.cargo-montreal.ca\\\/fr\\\/author\\\/karine\\\/\"}]}<\/script>\n<!-- \/ Yoast SEO plugin. -->","yoast_head_json":{"title":"Nos premi\u00e8res journ\u00e9es du PIPC couronn\u00e9es de succ\u00e8s - CargoM","robots":{"index":"index","follow":"follow","max-snippet":"max-snippet:-1","max-image-preview":"max-image-preview:large","max-video-preview":"max-video-preview:-1"},"canonical":"https:\/\/www.cargo-montreal.ca\/fr\/nos-premieres-journees-du-pipc-couronnees-de-succes\/","og_locale":"fr_FR","og_type":"article","og_title":"Nos premi\u00e8res journ\u00e9es du PIPC couronn\u00e9es de succ\u00e8s - CargoM","og_description":"CargoM a tenu, les 4 et 18 mai,\u00a0les premi\u00e8res journ\u00e9es d&rsquo;essai en camionnage\u00a0dans le cadre du Programme d\u2019immersion professionnelle en camionnage (PIPC) lanc\u00e9 en avril dernier. Nous avons eu la chance de r\u00e9unir une quinzaine de participants qui furent ravis d\u2019\u00eatre initi\u00e9s au m\u00e9tier de conducteur.trice de camion. Tout au long de ces journ\u00e9es, ils [&hellip;]","og_url":"https:\/\/www.cargo-montreal.ca\/fr\/nos-premieres-journees-du-pipc-couronnees-de-succes\/","og_site_name":"CargoM","article_published_time":"2022-05-20T17:29:02+00:00","og_image":[{"width":2481,"height":2560,"url":"https:\/\/www.cargo-montreal.ca\/wp-content\/uploads\/2022\/05\/PIPC-les-deux-visites-4-18-mai-scaled.jpg","type":"image\/jpeg"}],"author":"Karine Dudognon","twitter_card":"summary_large_image","twitter_misc":{"\u00c9crit par":"Karine Dudognon","Dur\u00e9e de lecture estim\u00e9e":"1 minute"},"schema":{"@context":"https:\/\/schema.org","@graph":[{"@type":"Article","@id":"https:\/\/www.cargo-montreal.ca\/fr\/nos-premieres-journees-du-pipc-couronnees-de-succes\/#article","isPartOf":{"@id":"https:\/\/www.cargo-montreal.ca\/fr\/nos-premieres-journees-du-pipc-couronnees-de-succes\/"},"author":{"name":"Karine Dudognon","@id":"https:\/\/www.cargo-montreal.ca\/fr\/#\/schema\/person\/80476d173ce654813db9fd1533901365"},"headline":"Nos premi\u00e8res journ\u00e9es du PIPC couronn\u00e9es de succ\u00e8s","datePublished":"2022-05-20T17:29:02+00:00","mainEntityOfPage":{"@id":"https:\/\/www.cargo-montreal.ca\/fr\/nos-premieres-journees-du-pipc-couronnees-de-succes\/"},"wordCount":230,"image":{"@id":"https:\/\/www.cargo-montreal.ca\/fr\/nos-premieres-journees-du-pipc-couronnees-de-succes\/#primaryimage"},"thumbnailUrl":"https:\/\/www.cargo-montreal.ca\/wp-content\/uploads\/2022\/05\/PIPC-les-deux-visites-4-18-mai-scaled.jpg","articleSection":["Services logistiques"],"inLanguage":"fr-FR"},{"@type":"WebPage","@id":"https:\/\/www.cargo-montreal.ca\/fr\/nos-premieres-journees-du-pipc-couronnees-de-succes\/","url":"https:\/\/www.cargo-montreal.ca\/fr\/nos-premieres-journees-du-pipc-couronnees-de-succes\/","name":"Nos premi\u00e8res journ\u00e9es du PIPC couronn\u00e9es de succ\u00e8s - CargoM","isPartOf":{"@id":"https:\/\/www.cargo-montreal.ca\/fr\/#website"},"primaryImageOfPage":{"@id":"https:\/\/www.cargo-montreal.ca\/fr\/nos-premieres-journees-du-pipc-couronnees-de-succes\/#primaryimage"},"image":{"@id":"https:\/\/www.cargo-montreal.ca\/fr\/nos-premieres-journees-du-pipc-couronnees-de-succes\/#primaryimage"},"thumbnailUrl":"https:\/\/www.cargo-montreal.ca\/wp-content\/uploads\/2022\/05\/PIPC-les-deux-visites-4-18-mai-scaled.jpg","datePublished":"2022-05-20T17:29:02+00:00","author":{"@id":"https:\/\/www.cargo-montreal.ca\/fr\/#\/schema\/person\/80476d173ce654813db9fd1533901365"},"breadcrumb":{"@id":"https:\/\/www.cargo-montreal.ca\/fr\/nos-premieres-journees-du-pipc-couronnees-de-succes\/#breadcrumb"},"inLanguage":"fr-FR","potentialAction":[{"@type":"ReadAction","target":["https:\/\/www.cargo-montreal.ca\/fr\/nos-premieres-journees-du-pipc-couronnees-de-succes\/"]}]},{"@type":"ImageObject","inLanguage":"fr-FR","@id":"https:\/\/www.cargo-montreal.ca\/fr\/nos-premieres-journees-du-pipc-couronnees-de-succes\/#primaryimage","url":"https:\/\/www.cargo-montreal.ca\/wp-content\/uploads\/2022\/05\/PIPC-les-deux-visites-4-18-mai-scaled.jpg","contentUrl":"https:\/\/www.cargo-montreal.ca\/wp-content\/uploads\/2022\/05\/PIPC-les-deux-visites-4-18-mai-scaled.jpg","width":2481,"height":2560},{"@type":"BreadcrumbList","@id":"https:\/\/www.cargo-montreal.ca\/fr\/nos-premieres-journees-du-pipc-couronnees-de-succes\/#breadcrumb","itemListElement":[{"@type":"ListItem","position":1,"name":"Home","item":"https:\/\/www.cargo-montreal.ca\/fr\/"},{"@type":"ListItem","position":2,"name":"Nos premi\u00e8res journ\u00e9es du PIPC couronn\u00e9es de succ\u00e8s"}]},{"@type":"WebSite","@id":"https:\/\/www.cargo-montreal.ca\/fr\/#website","url":"https:\/\/www.cargo-montreal.ca\/fr\/","name":"CargoM","description":"La mission de CargoM: Rassembler les acteurs de la logistique &amp; du transport de marchandises du Grand Montr\u00e9al autour d&#039;objectifs communs, d&#039;actions concert\u00e9es","potentialAction":[{"@type":"SearchAction","target":{"@type":"EntryPoint","urlTemplate":"https:\/\/www.cargo-montreal.ca\/fr\/?s={search_term_string}"},"query-input":{"@type":"PropertyValueSpecification","valueRequired":true,"valueName":"search_term_string"}}],"inLanguage":"fr-FR"},{"@type":"Person","@id":"https:\/\/www.cargo-montreal.ca\/fr\/#\/schema\/person\/80476d173ce654813db9fd1533901365","name":"Karine Dudognon","image":{"@type":"ImageObject","inLanguage":"fr-FR","@id":"https:\/\/secure.gravatar.com\/avatar\/673bdfb703a9b6685a88bc7dfb04a9ea2b48b30e9d1663a5e759a4e9bfa3e2c0?s=96&d=mm&r=g","url":"https:\/\/secure.gravatar.com\/avatar\/673bdfb703a9b6685a88bc7dfb04a9ea2b48b30e9d1663a5e759a4e9bfa3e2c0?s=96&d=mm&r=g","contentUrl":"https:\/\/secure.gravatar.com\/avatar\/673bdfb703a9b6685a88bc7dfb04a9ea2b48b30e9d1663a5e759a4e9bfa3e2c0?s=96&d=mm&r=g","caption":"Karine Dudognon"},"url":"https:\/\/www.cargo-montreal.ca\/fr\/author\/karine\/"}]}},"_links":{"self":[{"href":"https:\/\/www.cargo-montreal.ca\/fr\/wp-json\/wp\/v2\/posts\/13226","targetHints":{"allow":["GET"]}}],"collection":[{"href":"https:\/\/www.cargo-montreal.ca\/fr\/wp-json\/wp\/v2\/posts"}],"about":[{"href":"https:\/\/www.cargo-montreal.ca\/fr\/wp-json\/wp\/v2\/types\/post"}],"author":[{"embeddable":true,"href":"https:\/\/www.cargo-montreal.ca\/fr\/wp-json\/wp\/v2\/users\/39"}],"replies":[{"embeddable":true,"href":"https:\/\/www.cargo-montreal.ca\/fr\/wp-json\/wp\/v2\/comments?post=13226"}],"version-history":[{"count":1,"href":"https:\/\/www.cargo-montreal.ca\/fr\/wp-json\/wp\/v2\/posts\/13226\/revisions"}],"predecessor-version":[{"id":13227,"href":"https:\/\/www.cargo-montreal.ca\/fr\/wp-json\/wp\/v2\/posts\/13226\/revisions\/13227"}],"wp:featuredmedia":[{"embeddable":true,"href":"https:\/\/www.cargo-montreal.ca\/fr\/wp-json\/wp\/v2\/media\/13213"}],"wp:attachment":[{"href":"https:\/\/www.cargo-montreal.ca\/fr\/wp-json\/wp\/v2\/media?parent=13226"}],"wp:term":[{"taxonomy":"category","embeddable":true,"href":"https:\/\/www.cargo-montreal.ca\/fr\/wp-json\/wp\/v2\/categories?post=13226"},{"taxonomy":"post_tag","embeddable":true,"href":"https:\/\/www.cargo-montreal.ca\/fr\/wp-json\/wp\/v2\/tags?post=13226"}],"curies":[{"name":"wp","href":"https:\/\/api.w.org\/{rel}","templated":true}]}}