{"id":13228,"date":"2022-05-20T17:30:03","date_gmt":"2022-05-20T17:30:03","guid":{"rendered":"https:\/\/www.cargo-montreal.ca\/?p=13228"},"modified":"2022-05-20T17:30:35","modified_gmt":"2022-05-20T17:30:35","slug":"greentech-2022","status":"publish","type":"post","link":"https:\/\/www.cargo-montreal.ca\/fr\/greentech-2022\/","title":{"rendered":"GreenTech 2022"},"content":{"rendered":"Apr\u00e8s deux colloques virtuels et pr\u00e8s de 12 ans depuis le dernier passage de GreenTech dans la m\u00e9tropole qu\u00e9b\u00e9coise, le colloque annuel de l\u2019<a href=\"https:\/\/info.cargo-montreal.ca\/e3t\/Ctc\/ZU+113\/d11nbd04\/VW-qP41VKDpkW3b_KFM1Lj2t8W8DFYQL4Kj99yN2K0T2t3lLzNV1-WJV7CgY_bW1Xf_cg1psYdzVWyTsd6wT4tKW3bjz1Z5Lp71bW556rLJ4HnBy6W2V_yRj7tYWT7N62K6fy7c9D9W2tSr1S4WYS1FN9hr5VDvR9FVW7Qq8YY6qfKb_W2ZHdwh3LCfrTW2nT-Tj1DJr8JVD926Q3NfknkW60_cTp1DP3R9W9fW22s4zmR5GW2t3zZY3FfQxQW5jxxfy5lwkZ6M2NgyF7ZgyVN8HTm_V49Qsr3nSm1\" target=\"_blank\" rel=\"noopener\" data-saferedirecturl=\"https:\/\/www.google.com\/url?q=https:\/\/info.cargo-montreal.ca\/e3t\/Ctc\/ZU%2B113\/d11nbd04\/VW-qP41VKDpkW3b_KFM1Lj2t8W8DFYQL4Kj99yN2K0T2t3lLzNV1-WJV7CgY_bW1Xf_cg1psYdzVWyTsd6wT4tKW3bjz1Z5Lp71bW556rLJ4HnBy6W2V_yRj7tYWT7N62K6fy7c9D9W2tSr1S4WYS1FN9hr5VDvR9FVW7Qq8YY6qfKb_W2ZHdwh3LCfrTW2nT-Tj1DJr8JVD926Q3NfknkW60_cTp1DP3R9W9fW22s4zmR5GW2t3zZY3FfQxQW5jxxfy5lwkZ6M2NgyF7ZgyVN8HTm_V49Qsr3nSm1&amp;source=gmail&amp;ust=1653152568807000&amp;usg=AOvVaw1-RGhLFwvT2aLjznq9mAAX\">Alliance verte<\/a>\u00a0met le cap sur Montr\u00e9al pour sa 15<sup>e<\/sup>\u00a0\u00e9dition ! GreenTech 2022 se tiendra du\u00a0mercredi\u00a0<strong>8 juin au vendredi 10 juin\u00a02022.<\/strong>\r\n<p align=\"justify\">CargoM prendra part \u00e0 l\u2019\u00e9v\u00e9nement en participant au panel<em>\u00a0Recherche, d\u00e9veloppement et num\u00e9risation<\/em>\u00a0le 10 juin \u00e0 partir de 10h30.<\/p>\r\n<p align=\"justify\">Soyez des n\u00f4tres pour ces pr\u00e9cieux partages de connaissances, de r\u00e9seautage et de discussions lors de ce rendez-vous incontournable pour quiconque s\u2019int\u00e9resse au transport maritime durable !<\/p>\r\n<p align=\"justify\"><a href=\"https:\/\/info.cargo-montreal.ca\/e3t\/Ctc\/ZU+113\/d11nbd04\/VW-qP41VKDpkW3b_KFM1Lj2t8W8DFYQL4Kj99yN2K0T333lLBmV1-WJV7CgRnsW1dqlqn3GpyqSW4n0W6C2DzNNyW7xtYNN570Hv7W4gpGFJ7FKVXhW1DmGXB7Tk7S8W2RTYwN7yHcSfW49Fmxw1jTbL8W8XSK7-5Y5SplW3D0kNf7n9mL4W170FPF5Gw05MW12LQP_9hCBdnVQWgwd16-BpzW7p8Dqd8Rwms8N3y6pjy7PvvTW2cLFw_62zpQdW3dFHmh2DxLJWW2H_4fR5V2W8TW1dxcF_3Ll6RRVMs04820xt4GW7tPcN51TRMfBVNls548KW7G6W5_5RNb5rMmSZ2Yc1\" target=\"_blank\" rel=\"noopener\" data-saferedirecturl=\"https:\/\/www.google.com\/url?q=https:\/\/info.cargo-montreal.ca\/e3t\/Ctc\/ZU%2B113\/d11nbd04\/VW-qP41VKDpkW3b_KFM1Lj2t8W8DFYQL4Kj99yN2K0T333lLBmV1-WJV7CgRnsW1dqlqn3GpyqSW4n0W6C2DzNNyW7xtYNN570Hv7W4gpGFJ7FKVXhW1DmGXB7Tk7S8W2RTYwN7yHcSfW49Fmxw1jTbL8W8XSK7-5Y5SplW3D0kNf7n9mL4W170FPF5Gw05MW12LQP_9hCBdnVQWgwd16-BpzW7p8Dqd8Rwms8N3y6pjy7PvvTW2cLFw_62zpQdW3dFHmh2DxLJWW2H_4fR5V2W8TW1dxcF_3Ll6RRVMs04820xt4GW7tPcN51TRMfBVNls548KW7G6W5_5RNb5rMmSZ2Yc1&amp;source=gmail&amp;ust=1653152568807000&amp;usg=AOvVaw3B1P6TKS8R63J-oCJQv6cB\">Pour vous inscrire<\/a><\/p>","protected":false},"excerpt":{"rendered":"Apr\u00e8s deux colloques virtuels et pr\u00e8s de 12 ans depuis le dernier passage de GreenTech dans la m\u00e9tropole qu\u00e9b\u00e9coise, le colloque annuel de l\u2019Alliance verte\u00a0met le cap sur Montr\u00e9al pour sa 15e\u00a0\u00e9dition ! GreenTech 2022 se tiendra du\u00a0mercredi\u00a08 juin au vendredi 10 juin\u00a02022. CargoM prendra part \u00e0 l\u2019\u00e9v\u00e9nement en participant au panel\u00a0Recherche, d\u00e9veloppement et num\u00e9risation\u00a0le [&hellip;]","protected":false},"author":39,"featured_media":13211,"comment_status":"closed","ping_status":"closed","sticky":false,"template":"","format":"standard","meta":{"_acf_changed":false,"footnotes":""},"categories":[20],"tags":[],"class_list":["post-13228","post","type-post","status-publish","format-standard","has-post-thumbnail","hentry","category-services-logistiques"],"acf":[],"yoast_head":"<!-- This site is optimized with the Yoast SEO plugin v27.3 - https:\/\/yoast.com\/product\/yoast-seo-wordpress\/ -->\n<title>GreenTech 2022 - CargoM<\/title>\n<meta name=\"robots\" content=\"index, follow, max-snippet:-1, max-image-preview:large, max-video-preview:-1\" \/>\n<link rel=\"canonical\" href=\"https:\/\/www.cargo-montreal.ca\/fr\/greentech-2022\/\" \/>\n<meta property=\"og:locale\" content=\"fr_FR\" \/>\n<meta property=\"og:type\" content=\"article\" \/>\n<meta property=\"og:title\" content=\"GreenTech 2022 - CargoM\" \/>\n<meta property=\"og:description\" content=\"Apr\u00e8s deux colloques virtuels et pr\u00e8s de 12 ans depuis le dernier passage de GreenTech dans la m\u00e9tropole qu\u00e9b\u00e9coise, le colloque annuel de l\u2019Alliance verte\u00a0met le cap sur Montr\u00e9al pour sa 15e\u00a0\u00e9dition ! GreenTech 2022 se tiendra du\u00a0mercredi\u00a08 juin au vendredi 10 juin\u00a02022. CargoM prendra part \u00e0 l\u2019\u00e9v\u00e9nement en participant au panel\u00a0Recherche, d\u00e9veloppement et num\u00e9risation\u00a0le [&hellip;]\" \/>\n<meta property=\"og:url\" content=\"https:\/\/www.cargo-montreal.ca\/fr\/greentech-2022\/\" \/>\n<meta property=\"og:site_name\" content=\"CargoM\" \/>\n<meta property=\"article:published_time\" content=\"2022-05-20T17:30:03+00:00\" \/>\n<meta property=\"article:modified_time\" content=\"2022-05-20T17:30:35+00:00\" \/>\n<meta property=\"og:image\" content=\"https:\/\/www.cargo-montreal.ca\/wp-content\/uploads\/2022\/05\/Mathieu-Charbonneau.jpg\" \/>\n\t<meta property=\"og:image:width\" content=\"1200\" \/>\n\t<meta property=\"og:image:height\" content=\"600\" \/>\n\t<meta property=\"og:image:type\" content=\"image\/jpeg\" \/>\n<meta name=\"author\" content=\"Karine Dudognon\" \/>\n<meta name=\"twitter:card\" content=\"summary_large_image\" \/>\n<meta name=\"twitter:label1\" content=\"\u00c9crit par\" \/>\n\t<meta name=\"twitter:data1\" content=\"Karine Dudognon\" \/>\n\t<meta name=\"twitter:label2\" content=\"Dur\u00e9e de lecture estim\u00e9e\" \/>\n\t<meta name=\"twitter:data2\" content=\"1 minute\" \/>\n<script type=\"application\/ld+json\" class=\"yoast-schema-graph\">{\"@context\":\"https:\\\/\\\/schema.org\",\"@graph\":[{\"@type\":\"Article\",\"@id\":\"https:\\\/\\\/www.cargo-montreal.ca\\\/fr\\\/greentech-2022\\\/#article\",\"isPartOf\":{\"@id\":\"https:\\\/\\\/www.cargo-montreal.ca\\\/fr\\\/greentech-2022\\\/\"},\"author\":{\"name\":\"Karine Dudognon\",\"@id\":\"https:\\\/\\\/www.cargo-montreal.ca\\\/fr\\\/#\\\/schema\\\/person\\\/80476d173ce654813db9fd1533901365\"},\"headline\":\"GreenTech 2022\",\"datePublished\":\"2022-05-20T17:30:03+00:00\",\"dateModified\":\"2022-05-20T17:30:35+00:00\",\"mainEntityOfPage\":{\"@id\":\"https:\\\/\\\/www.cargo-montreal.ca\\\/fr\\\/greentech-2022\\\/\"},\"wordCount\":105,\"image\":{\"@id\":\"https:\\\/\\\/www.cargo-montreal.ca\\\/fr\\\/greentech-2022\\\/#primaryimage\"},\"thumbnailUrl\":\"https:\\\/\\\/www.cargo-montreal.ca\\\/wp-content\\\/uploads\\\/2022\\\/05\\\/Mathieu-Charbonneau.jpg\",\"articleSection\":[\"Services logistiques\"],\"inLanguage\":\"fr-FR\"},{\"@type\":\"WebPage\",\"@id\":\"https:\\\/\\\/www.cargo-montreal.ca\\\/fr\\\/greentech-2022\\\/\",\"url\":\"https:\\\/\\\/www.cargo-montreal.ca\\\/fr\\\/greentech-2022\\\/\",\"name\":\"GreenTech 2022 - CargoM\",\"isPartOf\":{\"@id\":\"https:\\\/\\\/www.cargo-montreal.ca\\\/fr\\\/#website\"},\"primaryImageOfPage\":{\"@id\":\"https:\\\/\\\/www.cargo-montreal.ca\\\/fr\\\/greentech-2022\\\/#primaryimage\"},\"image\":{\"@id\":\"https:\\\/\\\/www.cargo-montreal.ca\\\/fr\\\/greentech-2022\\\/#primaryimage\"},\"thumbnailUrl\":\"https:\\\/\\\/www.cargo-montreal.ca\\\/wp-content\\\/uploads\\\/2022\\\/05\\\/Mathieu-Charbonneau.jpg\",\"datePublished\":\"2022-05-20T17:30:03+00:00\",\"dateModified\":\"2022-05-20T17:30:35+00:00\",\"author\":{\"@id\":\"https:\\\/\\\/www.cargo-montreal.ca\\\/fr\\\/#\\\/schema\\\/person\\\/80476d173ce654813db9fd1533901365\"},\"breadcrumb\":{\"@id\":\"https:\\\/\\\/www.cargo-montreal.ca\\\/fr\\\/greentech-2022\\\/#breadcrumb\"},\"inLanguage\":\"fr-FR\",\"potentialAction\":[{\"@type\":\"ReadAction\",\"target\":[\"https:\\\/\\\/www.cargo-montreal.ca\\\/fr\\\/greentech-2022\\\/\"]}]},{\"@type\":\"ImageObject\",\"inLanguage\":\"fr-FR\",\"@id\":\"https:\\\/\\\/www.cargo-montreal.ca\\\/fr\\\/greentech-2022\\\/#primaryimage\",\"url\":\"https:\\\/\\\/www.cargo-montreal.ca\\\/wp-content\\\/uploads\\\/2022\\\/05\\\/Mathieu-Charbonneau.jpg\",\"contentUrl\":\"https:\\\/\\\/www.cargo-montreal.ca\\\/wp-content\\\/uploads\\\/2022\\\/05\\\/Mathieu-Charbonneau.jpg\",\"width\":1200,\"height\":600},{\"@type\":\"BreadcrumbList\",\"@id\":\"https:\\\/\\\/www.cargo-montreal.ca\\\/fr\\\/greentech-2022\\\/#breadcrumb\",\"itemListElement\":[{\"@type\":\"ListItem\",\"position\":1,\"name\":\"Home\",\"item\":\"https:\\\/\\\/www.cargo-montreal.ca\\\/fr\\\/\"},{\"@type\":\"ListItem\",\"position\":2,\"name\":\"GreenTech 2022\"}]},{\"@type\":\"WebSite\",\"@id\":\"https:\\\/\\\/www.cargo-montreal.ca\\\/fr\\\/#website\",\"url\":\"https:\\\/\\\/www.cargo-montreal.ca\\\/fr\\\/\",\"name\":\"CargoM\",\"description\":\"La mission de CargoM: Rassembler les acteurs de la logistique &amp; du transport de marchandises du Grand Montr\u00e9al autour d&#039;objectifs communs, d&#039;actions concert\u00e9es\",\"potentialAction\":[{\"@type\":\"SearchAction\",\"target\":{\"@type\":\"EntryPoint\",\"urlTemplate\":\"https:\\\/\\\/www.cargo-montreal.ca\\\/fr\\\/?s={search_term_string}\"},\"query-input\":{\"@type\":\"PropertyValueSpecification\",\"valueRequired\":true,\"valueName\":\"search_term_string\"}}],\"inLanguage\":\"fr-FR\"},{\"@type\":\"Person\",\"@id\":\"https:\\\/\\\/www.cargo-montreal.ca\\\/fr\\\/#\\\/schema\\\/person\\\/80476d173ce654813db9fd1533901365\",\"name\":\"Karine Dudognon\",\"image\":{\"@type\":\"ImageObject\",\"inLanguage\":\"fr-FR\",\"@id\":\"https:\\\/\\\/secure.gravatar.com\\\/avatar\\\/673bdfb703a9b6685a88bc7dfb04a9ea2b48b30e9d1663a5e759a4e9bfa3e2c0?s=96&d=mm&r=g\",\"url\":\"https:\\\/\\\/secure.gravatar.com\\\/avatar\\\/673bdfb703a9b6685a88bc7dfb04a9ea2b48b30e9d1663a5e759a4e9bfa3e2c0?s=96&d=mm&r=g\",\"contentUrl\":\"https:\\\/\\\/secure.gravatar.com\\\/avatar\\\/673bdfb703a9b6685a88bc7dfb04a9ea2b48b30e9d1663a5e759a4e9bfa3e2c0?s=96&d=mm&r=g\",\"caption\":\"Karine Dudognon\"},\"url\":\"https:\\\/\\\/www.cargo-montreal.ca\\\/fr\\\/author\\\/karine\\\/\"}]}<\/script>\n<!-- \/ Yoast SEO plugin. -->","yoast_head_json":{"title":"GreenTech 2022 - CargoM","robots":{"index":"index","follow":"follow","max-snippet":"max-snippet:-1","max-image-preview":"max-image-preview:large","max-video-preview":"max-video-preview:-1"},"canonical":"https:\/\/www.cargo-montreal.ca\/fr\/greentech-2022\/","og_locale":"fr_FR","og_type":"article","og_title":"GreenTech 2022 - CargoM","og_description":"Apr\u00e8s deux colloques virtuels et pr\u00e8s de 12 ans depuis le dernier passage de GreenTech dans la m\u00e9tropole qu\u00e9b\u00e9coise, le colloque annuel de l\u2019Alliance verte\u00a0met le cap sur Montr\u00e9al pour sa 15e\u00a0\u00e9dition ! GreenTech 2022 se tiendra du\u00a0mercredi\u00a08 juin au vendredi 10 juin\u00a02022. CargoM prendra part \u00e0 l\u2019\u00e9v\u00e9nement en participant au panel\u00a0Recherche, d\u00e9veloppement et num\u00e9risation\u00a0le [&hellip;]","og_url":"https:\/\/www.cargo-montreal.ca\/fr\/greentech-2022\/","og_site_name":"CargoM","article_published_time":"2022-05-20T17:30:03+00:00","article_modified_time":"2022-05-20T17:30:35+00:00","og_image":[{"width":1200,"height":600,"url":"https:\/\/www.cargo-montreal.ca\/wp-content\/uploads\/2022\/05\/Mathieu-Charbonneau.jpg","type":"image\/jpeg"}],"author":"Karine Dudognon","twitter_card":"summary_large_image","twitter_misc":{"\u00c9crit par":"Karine Dudognon","Dur\u00e9e de lecture estim\u00e9e":"1 minute"},"schema":{"@context":"https:\/\/schema.org","@graph":[{"@type":"Article","@id":"https:\/\/www.cargo-montreal.ca\/fr\/greentech-2022\/#article","isPartOf":{"@id":"https:\/\/www.cargo-montreal.ca\/fr\/greentech-2022\/"},"author":{"name":"Karine Dudognon","@id":"https:\/\/www.cargo-montreal.ca\/fr\/#\/schema\/person\/80476d173ce654813db9fd1533901365"},"headline":"GreenTech 2022","datePublished":"2022-05-20T17:30:03+00:00","dateModified":"2022-05-20T17:30:35+00:00","mainEntityOfPage":{"@id":"https:\/\/www.cargo-montreal.ca\/fr\/greentech-2022\/"},"wordCount":105,"image":{"@id":"https:\/\/www.cargo-montreal.ca\/fr\/greentech-2022\/#primaryimage"},"thumbnailUrl":"https:\/\/www.cargo-montreal.ca\/wp-content\/uploads\/2022\/05\/Mathieu-Charbonneau.jpg","articleSection":["Services logistiques"],"inLanguage":"fr-FR"},{"@type":"WebPage","@id":"https:\/\/www.cargo-montreal.ca\/fr\/greentech-2022\/","url":"https:\/\/www.cargo-montreal.ca\/fr\/greentech-2022\/","name":"GreenTech 2022 - CargoM","isPartOf":{"@id":"https:\/\/www.cargo-montreal.ca\/fr\/#website"},"primaryImageOfPage":{"@id":"https:\/\/www.cargo-montreal.ca\/fr\/greentech-2022\/#primaryimage"},"image":{"@id":"https:\/\/www.cargo-montreal.ca\/fr\/greentech-2022\/#primaryimage"},"thumbnailUrl":"https:\/\/www.cargo-montreal.ca\/wp-content\/uploads\/2022\/05\/Mathieu-Charbonneau.jpg","datePublished":"2022-05-20T17:30:03+00:00","dateModified":"2022-05-20T17:30:35+00:00","author":{"@id":"https:\/\/www.cargo-montreal.ca\/fr\/#\/schema\/person\/80476d173ce654813db9fd1533901365"},"breadcrumb":{"@id":"https:\/\/www.cargo-montreal.ca\/fr\/greentech-2022\/#breadcrumb"},"inLanguage":"fr-FR","potentialAction":[{"@type":"ReadAction","target":["https:\/\/www.cargo-montreal.ca\/fr\/greentech-2022\/"]}]},{"@type":"ImageObject","inLanguage":"fr-FR","@id":"https:\/\/www.cargo-montreal.ca\/fr\/greentech-2022\/#primaryimage","url":"https:\/\/www.cargo-montreal.ca\/wp-content\/uploads\/2022\/05\/Mathieu-Charbonneau.jpg","contentUrl":"https:\/\/www.cargo-montreal.ca\/wp-content\/uploads\/2022\/05\/Mathieu-Charbonneau.jpg","width":1200,"height":600},{"@type":"BreadcrumbList","@id":"https:\/\/www.cargo-montreal.ca\/fr\/greentech-2022\/#breadcrumb","itemListElement":[{"@type":"ListItem","position":1,"name":"Home","item":"https:\/\/www.cargo-montreal.ca\/fr\/"},{"@type":"ListItem","position":2,"name":"GreenTech 2022"}]},{"@type":"WebSite","@id":"https:\/\/www.cargo-montreal.ca\/fr\/#website","url":"https:\/\/www.cargo-montreal.ca\/fr\/","name":"CargoM","description":"La mission de CargoM: Rassembler les acteurs de la logistique &amp; du transport de marchandises du Grand Montr\u00e9al autour d&#039;objectifs communs, d&#039;actions concert\u00e9es","potentialAction":[{"@type":"SearchAction","target":{"@type":"EntryPoint","urlTemplate":"https:\/\/www.cargo-montreal.ca\/fr\/?s={search_term_string}"},"query-input":{"@type":"PropertyValueSpecification","valueRequired":true,"valueName":"search_term_string"}}],"inLanguage":"fr-FR"},{"@type":"Person","@id":"https:\/\/www.cargo-montreal.ca\/fr\/#\/schema\/person\/80476d173ce654813db9fd1533901365","name":"Karine Dudognon","image":{"@type":"ImageObject","inLanguage":"fr-FR","@id":"https:\/\/secure.gravatar.com\/avatar\/673bdfb703a9b6685a88bc7dfb04a9ea2b48b30e9d1663a5e759a4e9bfa3e2c0?s=96&d=mm&r=g","url":"https:\/\/secure.gravatar.com\/avatar\/673bdfb703a9b6685a88bc7dfb04a9ea2b48b30e9d1663a5e759a4e9bfa3e2c0?s=96&d=mm&r=g","contentUrl":"https:\/\/secure.gravatar.com\/avatar\/673bdfb703a9b6685a88bc7dfb04a9ea2b48b30e9d1663a5e759a4e9bfa3e2c0?s=96&d=mm&r=g","caption":"Karine Dudognon"},"url":"https:\/\/www.cargo-montreal.ca\/fr\/author\/karine\/"}]}},"_links":{"self":[{"href":"https:\/\/www.cargo-montreal.ca\/fr\/wp-json\/wp\/v2\/posts\/13228","targetHints":{"allow":["GET"]}}],"collection":[{"href":"https:\/\/www.cargo-montreal.ca\/fr\/wp-json\/wp\/v2\/posts"}],"about":[{"href":"https:\/\/www.cargo-montreal.ca\/fr\/wp-json\/wp\/v2\/types\/post"}],"author":[{"embeddable":true,"href":"https:\/\/www.cargo-montreal.ca\/fr\/wp-json\/wp\/v2\/users\/39"}],"replies":[{"embeddable":true,"href":"https:\/\/www.cargo-montreal.ca\/fr\/wp-json\/wp\/v2\/comments?post=13228"}],"version-history":[{"count":1,"href":"https:\/\/www.cargo-montreal.ca\/fr\/wp-json\/wp\/v2\/posts\/13228\/revisions"}],"predecessor-version":[{"id":13229,"href":"https:\/\/www.cargo-montreal.ca\/fr\/wp-json\/wp\/v2\/posts\/13228\/revisions\/13229"}],"wp:featuredmedia":[{"embeddable":true,"href":"https:\/\/www.cargo-montreal.ca\/fr\/wp-json\/wp\/v2\/media\/13211"}],"wp:attachment":[{"href":"https:\/\/www.cargo-montreal.ca\/fr\/wp-json\/wp\/v2\/media?parent=13228"}],"wp:term":[{"taxonomy":"category","embeddable":true,"href":"https:\/\/www.cargo-montreal.ca\/fr\/wp-json\/wp\/v2\/categories?post=13228"},{"taxonomy":"post_tag","embeddable":true,"href":"https:\/\/www.cargo-montreal.ca\/fr\/wp-json\/wp\/v2\/tags?post=13228"}],"curies":[{"name":"wp","href":"https:\/\/api.w.org\/{rel}","templated":true}]}}