{"id":13230,"date":"2022-05-20T17:32:10","date_gmt":"2022-05-20T17:32:10","guid":{"rendered":"https:\/\/www.cargo-montreal.ca\/?p=13230"},"modified":"2022-05-20T17:32:10","modified_gmt":"2022-05-20T17:32:10","slug":"57e-conference-annuelle-du-groupe-de-recherches-sur-les-transports-au-canada","status":"publish","type":"post","link":"https:\/\/www.cargo-montreal.ca\/fr\/57e-conference-annuelle-du-groupe-de-recherches-sur-les-transports-au-canada\/","title":{"rendered":"57e conf\u00e9rence annuelle du Groupe de recherches sur les transports au Canada"},"content":{"rendered":"<a href=\"https:\/\/www.cargo-montreal.ca\/wp-content\/uploads\/2022\/05\/CTRF.png\"><img loading=\"lazy\" decoding=\"async\" class=\"alignnone size-medium wp-image-13197\" src=\"https:\/\/www.cargo-montreal.ca\/wp-content\/uploads\/2022\/05\/CTRF-300x50.png\" alt=\"\" width=\"300\" height=\"50\" srcset=\"https:\/\/www.cargo-montreal.ca\/wp-content\/uploads\/2022\/05\/CTRF-300x50.png 300w, https:\/\/www.cargo-montreal.ca\/wp-content\/uploads\/2022\/05\/CTRF-768x128.png 768w, https:\/\/www.cargo-montreal.ca\/wp-content\/uploads\/2022\/05\/CTRF.png 1008w\" sizes=\"auto, (max-width: 300px) 100vw, 300px\" \/><\/a>\r\n\r\nCargoM participera \u00e0 la 57<sup>e<\/sup>\u00a0conf\u00e9rence annuelle du\u00a0<a href=\"https:\/\/info.cargo-montreal.ca\/e3t\/Ctc\/ZU+113\/d11nbd04\/VW-qP41VKDpkW3b_KFM1Lj2t8W8DFYQL4Kj99yN2K0T2t3lLzNV1-WJV7CgZ7jW2B6JZV6ZHbWxW9kCm0h70z0XYW6qX2jQ5y5b-gW5DxwNn98PdTvW8pKD1H3BBbHvW4fy5Cq2PpbmmW3ZtzTn89T7HtW2lmcBc7L1vWvW23lpR12QSFlSVL6Fy77XMPhzVvbtzr3rmW49MrZ_X-CbSd3W383zMF182xhhW98qbDG3B-SrSW93MfHg7y95XcN4tgMK1FlS7sW86J2Zc2s1_31W2wnK_j1kRNYn32_61\" target=\"_blank\" rel=\"noopener\" data-saferedirecturl=\"https:\/\/www.google.com\/url?q=https:\/\/info.cargo-montreal.ca\/e3t\/Ctc\/ZU%2B113\/d11nbd04\/VW-qP41VKDpkW3b_KFM1Lj2t8W8DFYQL4Kj99yN2K0T2t3lLzNV1-WJV7CgZ7jW2B6JZV6ZHbWxW9kCm0h70z0XYW6qX2jQ5y5b-gW5DxwNn98PdTvW8pKD1H3BBbHvW4fy5Cq2PpbmmW3ZtzTn89T7HtW2lmcBc7L1vWvW23lpR12QSFlSVL6Fy77XMPhzVvbtzr3rmW49MrZ_X-CbSd3W383zMF182xhhW98qbDG3B-SrSW93MfHg7y95XcN4tgMK1FlS7sW86J2Zc2s1_31W2wnK_j1kRNYn32_61&amp;source=gmail&amp;ust=1653152568808000&amp;usg=AOvVaw0tZVcEC_l4SuoBn5CB0PUD\">CTRF\/GRTC<\/a>\u00a0qui se tiendra \u00e0 Montr\u00e9al du\u00a012 au 15 juin. Le CTRF\/GRTC est une association sans but lucratif qui regroupe des professionnels des transports qui travaillent notamment pour les chemins de fer, les entreprises de camionnage, les compagnies a\u00e9riennes, les autorit\u00e9s portuaires et a\u00e9roportuaires, les lignes maritimes, les op\u00e9rateurs de terminaux, etc. Sa mission est de promouvoir le d\u00e9veloppement et la recherche en transport.\r\n\r\nEn plus de participer en tant qu\u2019animateur au panel\u00a0:\u00a0<em>Global Supply Chains \u2013 Where to from Here ?\u00a0<\/em>le\u00a012 juin, nous sommes fiers de commanditer le prix\u00a0<em>Best paper award<\/em>\u00a0qui sera remis \u00e0 un \u00e9tudiant s\u2019\u00e9tant d\u00e9marqu\u00e9.\r\n\r\n<a href=\"https:\/\/info.cargo-montreal.ca\/e3t\/Ctc\/ZU+113\/d11nbd04\/VW-qP41VKDpkW3b_KFM1Lj2t8W8DFYQL4Kj99yN2K0T3m3lLBGV1-WJV7CgGP0W42d1w54v8dvzW2vXbkM4XVRN6W8c6P1C5KlPX6W4QcXrz3Gz-_1W4nPRs11Khx3YW8rfxQ18TxhprW4TGcpc4W9dY0W4Xm6495Cz-jCW1f_hhG3_zFPjW2zSxb-1TDcJSW3LYzPy6RBwMDV2TXfx6WZTg_W1wCL1x1c20c4N9lkqtdCSpJzW4p-Nxw1KtrlMW4z4v5w83-ZK7W5pgsWD2pn1ltW53BXxX4dmBP-W6h45xy4JdmZYW7yMb635dCs9KW37BLG54hsgyRW4pTCYk6BcKY5W5q0hWT8d5qWdW2Stl0j7v2NwR340W1\" target=\"_blank\" rel=\"noopener\" data-saferedirecturl=\"https:\/\/www.google.com\/url?q=https:\/\/info.cargo-montreal.ca\/e3t\/Ctc\/ZU%2B113\/d11nbd04\/VW-qP41VKDpkW3b_KFM1Lj2t8W8DFYQL4Kj99yN2K0T3m3lLBGV1-WJV7CgGP0W42d1w54v8dvzW2vXbkM4XVRN6W8c6P1C5KlPX6W4QcXrz3Gz-_1W4nPRs11Khx3YW8rfxQ18TxhprW4TGcpc4W9dY0W4Xm6495Cz-jCW1f_hhG3_zFPjW2zSxb-1TDcJSW3LYzPy6RBwMDV2TXfx6WZTg_W1wCL1x1c20c4N9lkqtdCSpJzW4p-Nxw1KtrlMW4z4v5w83-ZK7W5pgsWD2pn1ltW53BXxX4dmBP-W6h45xy4JdmZYW7yMb635dCs9KW37BLG54hsgyRW4pTCYk6BcKY5W5q0hWT8d5qWdW2Stl0j7v2NwR340W1&amp;source=gmail&amp;ust=1653152568808000&amp;usg=AOvVaw2KG1Hxe5wgrcaVjDxNwLyK\">Pour vous inscrire.<\/a>","protected":false},"excerpt":{"rendered":"CargoM participera \u00e0 la 57e\u00a0conf\u00e9rence annuelle du\u00a0CTRF\/GRTC\u00a0qui se tiendra \u00e0 Montr\u00e9al du\u00a012 au 15 juin. Le CTRF\/GRTC est une association sans but lucratif qui regroupe des professionnels des transports qui travaillent notamment pour les chemins de fer, les entreprises de camionnage, les compagnies a\u00e9riennes, les autorit\u00e9s portuaires et a\u00e9roportuaires, les lignes maritimes, les op\u00e9rateurs de [&hellip;]","protected":false},"author":39,"featured_media":0,"comment_status":"closed","ping_status":"closed","sticky":false,"template":"","format":"standard","meta":{"_acf_changed":false,"footnotes":""},"categories":[20],"tags":[],"class_list":["post-13230","post","type-post","status-publish","format-standard","hentry","category-services-logistiques"],"acf":[],"yoast_head":"<!-- This site is optimized with the Yoast SEO plugin v27.3 - https:\/\/yoast.com\/product\/yoast-seo-wordpress\/ -->\n<title>57e conf\u00e9rence annuelle du Groupe de recherches sur les transports au Canada - CargoM<\/title>\n<meta name=\"robots\" content=\"index, follow, max-snippet:-1, max-image-preview:large, max-video-preview:-1\" \/>\n<link rel=\"canonical\" href=\"https:\/\/www.cargo-montreal.ca\/fr\/57e-conference-annuelle-du-groupe-de-recherches-sur-les-transports-au-canada\/\" \/>\n<meta property=\"og:locale\" content=\"fr_FR\" \/>\n<meta property=\"og:type\" content=\"article\" \/>\n<meta property=\"og:title\" content=\"57e conf\u00e9rence annuelle du Groupe de recherches sur les transports au Canada - CargoM\" \/>\n<meta property=\"og:description\" content=\"CargoM participera \u00e0 la 57e\u00a0conf\u00e9rence annuelle du\u00a0CTRF\/GRTC\u00a0qui se tiendra \u00e0 Montr\u00e9al du\u00a012 au 15 juin. Le CTRF\/GRTC est une association sans but lucratif qui regroupe des professionnels des transports qui travaillent notamment pour les chemins de fer, les entreprises de camionnage, les compagnies a\u00e9riennes, les autorit\u00e9s portuaires et a\u00e9roportuaires, les lignes maritimes, les op\u00e9rateurs de [&hellip;]\" \/>\n<meta property=\"og:url\" content=\"https:\/\/www.cargo-montreal.ca\/fr\/57e-conference-annuelle-du-groupe-de-recherches-sur-les-transports-au-canada\/\" \/>\n<meta property=\"og:site_name\" content=\"CargoM\" \/>\n<meta property=\"article:published_time\" content=\"2022-05-20T17:32:10+00:00\" \/>\n<meta property=\"og:image\" content=\"https:\/\/www.cargo-montreal.ca\/wp-content\/uploads\/2022\/05\/CTRF-300x50.png\" \/>\n<meta name=\"author\" content=\"Karine Dudognon\" \/>\n<meta name=\"twitter:card\" content=\"summary_large_image\" \/>\n<meta name=\"twitter:label1\" content=\"\u00c9crit par\" \/>\n\t<meta name=\"twitter:data1\" content=\"Karine Dudognon\" \/>\n\t<meta name=\"twitter:label2\" content=\"Dur\u00e9e de lecture estim\u00e9e\" \/>\n\t<meta name=\"twitter:data2\" content=\"1 minute\" \/>\n<script type=\"application\/ld+json\" class=\"yoast-schema-graph\">{\"@context\":\"https:\\\/\\\/schema.org\",\"@graph\":[{\"@type\":\"Article\",\"@id\":\"https:\\\/\\\/www.cargo-montreal.ca\\\/fr\\\/57e-conference-annuelle-du-groupe-de-recherches-sur-les-transports-au-canada\\\/#article\",\"isPartOf\":{\"@id\":\"https:\\\/\\\/www.cargo-montreal.ca\\\/fr\\\/57e-conference-annuelle-du-groupe-de-recherches-sur-les-transports-au-canada\\\/\"},\"author\":{\"name\":\"Karine Dudognon\",\"@id\":\"https:\\\/\\\/www.cargo-montreal.ca\\\/fr\\\/#\\\/schema\\\/person\\\/80476d173ce654813db9fd1533901365\"},\"headline\":\"57e conf\u00e9rence annuelle du Groupe de recherches sur les transports au Canada\",\"datePublished\":\"2022-05-20T17:32:10+00:00\",\"mainEntityOfPage\":{\"@id\":\"https:\\\/\\\/www.cargo-montreal.ca\\\/fr\\\/57e-conference-annuelle-du-groupe-de-recherches-sur-les-transports-au-canada\\\/\"},\"wordCount\":132,\"image\":{\"@id\":\"https:\\\/\\\/www.cargo-montreal.ca\\\/fr\\\/57e-conference-annuelle-du-groupe-de-recherches-sur-les-transports-au-canada\\\/#primaryimage\"},\"thumbnailUrl\":\"https:\\\/\\\/www.cargo-montreal.ca\\\/wp-content\\\/uploads\\\/2022\\\/05\\\/CTRF-300x50.png\",\"articleSection\":[\"Services logistiques\"],\"inLanguage\":\"fr-FR\"},{\"@type\":\"WebPage\",\"@id\":\"https:\\\/\\\/www.cargo-montreal.ca\\\/fr\\\/57e-conference-annuelle-du-groupe-de-recherches-sur-les-transports-au-canada\\\/\",\"url\":\"https:\\\/\\\/www.cargo-montreal.ca\\\/fr\\\/57e-conference-annuelle-du-groupe-de-recherches-sur-les-transports-au-canada\\\/\",\"name\":\"57e conf\u00e9rence annuelle du Groupe de recherches sur les transports au Canada - CargoM\",\"isPartOf\":{\"@id\":\"https:\\\/\\\/www.cargo-montreal.ca\\\/fr\\\/#website\"},\"primaryImageOfPage\":{\"@id\":\"https:\\\/\\\/www.cargo-montreal.ca\\\/fr\\\/57e-conference-annuelle-du-groupe-de-recherches-sur-les-transports-au-canada\\\/#primaryimage\"},\"image\":{\"@id\":\"https:\\\/\\\/www.cargo-montreal.ca\\\/fr\\\/57e-conference-annuelle-du-groupe-de-recherches-sur-les-transports-au-canada\\\/#primaryimage\"},\"thumbnailUrl\":\"https:\\\/\\\/www.cargo-montreal.ca\\\/wp-content\\\/uploads\\\/2022\\\/05\\\/CTRF-300x50.png\",\"datePublished\":\"2022-05-20T17:32:10+00:00\",\"author\":{\"@id\":\"https:\\\/\\\/www.cargo-montreal.ca\\\/fr\\\/#\\\/schema\\\/person\\\/80476d173ce654813db9fd1533901365\"},\"breadcrumb\":{\"@id\":\"https:\\\/\\\/www.cargo-montreal.ca\\\/fr\\\/57e-conference-annuelle-du-groupe-de-recherches-sur-les-transports-au-canada\\\/#breadcrumb\"},\"inLanguage\":\"fr-FR\",\"potentialAction\":[{\"@type\":\"ReadAction\",\"target\":[\"https:\\\/\\\/www.cargo-montreal.ca\\\/fr\\\/57e-conference-annuelle-du-groupe-de-recherches-sur-les-transports-au-canada\\\/\"]}]},{\"@type\":\"ImageObject\",\"inLanguage\":\"fr-FR\",\"@id\":\"https:\\\/\\\/www.cargo-montreal.ca\\\/fr\\\/57e-conference-annuelle-du-groupe-de-recherches-sur-les-transports-au-canada\\\/#primaryimage\",\"url\":\"https:\\\/\\\/www.cargo-montreal.ca\\\/wp-content\\\/uploads\\\/2022\\\/05\\\/CTRF-300x50.png\",\"contentUrl\":\"https:\\\/\\\/www.cargo-montreal.ca\\\/wp-content\\\/uploads\\\/2022\\\/05\\\/CTRF-300x50.png\"},{\"@type\":\"BreadcrumbList\",\"@id\":\"https:\\\/\\\/www.cargo-montreal.ca\\\/fr\\\/57e-conference-annuelle-du-groupe-de-recherches-sur-les-transports-au-canada\\\/#breadcrumb\",\"itemListElement\":[{\"@type\":\"ListItem\",\"position\":1,\"name\":\"Home\",\"item\":\"https:\\\/\\\/www.cargo-montreal.ca\\\/fr\\\/\"},{\"@type\":\"ListItem\",\"position\":2,\"name\":\"57e conf\u00e9rence annuelle du Groupe de recherches sur les transports au Canada\"}]},{\"@type\":\"WebSite\",\"@id\":\"https:\\\/\\\/www.cargo-montreal.ca\\\/fr\\\/#website\",\"url\":\"https:\\\/\\\/www.cargo-montreal.ca\\\/fr\\\/\",\"name\":\"CargoM\",\"description\":\"La mission de CargoM: Rassembler les acteurs de la logistique &amp; du transport de marchandises du Grand Montr\u00e9al autour d&#039;objectifs communs, d&#039;actions concert\u00e9es\",\"potentialAction\":[{\"@type\":\"SearchAction\",\"target\":{\"@type\":\"EntryPoint\",\"urlTemplate\":\"https:\\\/\\\/www.cargo-montreal.ca\\\/fr\\\/?s={search_term_string}\"},\"query-input\":{\"@type\":\"PropertyValueSpecification\",\"valueRequired\":true,\"valueName\":\"search_term_string\"}}],\"inLanguage\":\"fr-FR\"},{\"@type\":\"Person\",\"@id\":\"https:\\\/\\\/www.cargo-montreal.ca\\\/fr\\\/#\\\/schema\\\/person\\\/80476d173ce654813db9fd1533901365\",\"name\":\"Karine Dudognon\",\"image\":{\"@type\":\"ImageObject\",\"inLanguage\":\"fr-FR\",\"@id\":\"https:\\\/\\\/secure.gravatar.com\\\/avatar\\\/673bdfb703a9b6685a88bc7dfb04a9ea2b48b30e9d1663a5e759a4e9bfa3e2c0?s=96&d=mm&r=g\",\"url\":\"https:\\\/\\\/secure.gravatar.com\\\/avatar\\\/673bdfb703a9b6685a88bc7dfb04a9ea2b48b30e9d1663a5e759a4e9bfa3e2c0?s=96&d=mm&r=g\",\"contentUrl\":\"https:\\\/\\\/secure.gravatar.com\\\/avatar\\\/673bdfb703a9b6685a88bc7dfb04a9ea2b48b30e9d1663a5e759a4e9bfa3e2c0?s=96&d=mm&r=g\",\"caption\":\"Karine Dudognon\"},\"url\":\"https:\\\/\\\/www.cargo-montreal.ca\\\/fr\\\/author\\\/karine\\\/\"}]}<\/script>\n<!-- \/ Yoast SEO plugin. -->","yoast_head_json":{"title":"57e conf\u00e9rence annuelle du Groupe de recherches sur les transports au Canada - CargoM","robots":{"index":"index","follow":"follow","max-snippet":"max-snippet:-1","max-image-preview":"max-image-preview:large","max-video-preview":"max-video-preview:-1"},"canonical":"https:\/\/www.cargo-montreal.ca\/fr\/57e-conference-annuelle-du-groupe-de-recherches-sur-les-transports-au-canada\/","og_locale":"fr_FR","og_type":"article","og_title":"57e conf\u00e9rence annuelle du Groupe de recherches sur les transports au Canada - CargoM","og_description":"CargoM participera \u00e0 la 57e\u00a0conf\u00e9rence annuelle du\u00a0CTRF\/GRTC\u00a0qui se tiendra \u00e0 Montr\u00e9al du\u00a012 au 15 juin. Le CTRF\/GRTC est une association sans but lucratif qui regroupe des professionnels des transports qui travaillent notamment pour les chemins de fer, les entreprises de camionnage, les compagnies a\u00e9riennes, les autorit\u00e9s portuaires et a\u00e9roportuaires, les lignes maritimes, les op\u00e9rateurs de [&hellip;]","og_url":"https:\/\/www.cargo-montreal.ca\/fr\/57e-conference-annuelle-du-groupe-de-recherches-sur-les-transports-au-canada\/","og_site_name":"CargoM","article_published_time":"2022-05-20T17:32:10+00:00","og_image":[{"url":"https:\/\/www.cargo-montreal.ca\/wp-content\/uploads\/2022\/05\/CTRF-300x50.png","type":"","width":"","height":""}],"author":"Karine Dudognon","twitter_card":"summary_large_image","twitter_misc":{"\u00c9crit par":"Karine Dudognon","Dur\u00e9e de lecture estim\u00e9e":"1 minute"},"schema":{"@context":"https:\/\/schema.org","@graph":[{"@type":"Article","@id":"https:\/\/www.cargo-montreal.ca\/fr\/57e-conference-annuelle-du-groupe-de-recherches-sur-les-transports-au-canada\/#article","isPartOf":{"@id":"https:\/\/www.cargo-montreal.ca\/fr\/57e-conference-annuelle-du-groupe-de-recherches-sur-les-transports-au-canada\/"},"author":{"name":"Karine Dudognon","@id":"https:\/\/www.cargo-montreal.ca\/fr\/#\/schema\/person\/80476d173ce654813db9fd1533901365"},"headline":"57e conf\u00e9rence annuelle du Groupe de recherches sur les transports au Canada","datePublished":"2022-05-20T17:32:10+00:00","mainEntityOfPage":{"@id":"https:\/\/www.cargo-montreal.ca\/fr\/57e-conference-annuelle-du-groupe-de-recherches-sur-les-transports-au-canada\/"},"wordCount":132,"image":{"@id":"https:\/\/www.cargo-montreal.ca\/fr\/57e-conference-annuelle-du-groupe-de-recherches-sur-les-transports-au-canada\/#primaryimage"},"thumbnailUrl":"https:\/\/www.cargo-montreal.ca\/wp-content\/uploads\/2022\/05\/CTRF-300x50.png","articleSection":["Services logistiques"],"inLanguage":"fr-FR"},{"@type":"WebPage","@id":"https:\/\/www.cargo-montreal.ca\/fr\/57e-conference-annuelle-du-groupe-de-recherches-sur-les-transports-au-canada\/","url":"https:\/\/www.cargo-montreal.ca\/fr\/57e-conference-annuelle-du-groupe-de-recherches-sur-les-transports-au-canada\/","name":"57e conf\u00e9rence annuelle du Groupe de recherches sur les transports au Canada - CargoM","isPartOf":{"@id":"https:\/\/www.cargo-montreal.ca\/fr\/#website"},"primaryImageOfPage":{"@id":"https:\/\/www.cargo-montreal.ca\/fr\/57e-conference-annuelle-du-groupe-de-recherches-sur-les-transports-au-canada\/#primaryimage"},"image":{"@id":"https:\/\/www.cargo-montreal.ca\/fr\/57e-conference-annuelle-du-groupe-de-recherches-sur-les-transports-au-canada\/#primaryimage"},"thumbnailUrl":"https:\/\/www.cargo-montreal.ca\/wp-content\/uploads\/2022\/05\/CTRF-300x50.png","datePublished":"2022-05-20T17:32:10+00:00","author":{"@id":"https:\/\/www.cargo-montreal.ca\/fr\/#\/schema\/person\/80476d173ce654813db9fd1533901365"},"breadcrumb":{"@id":"https:\/\/www.cargo-montreal.ca\/fr\/57e-conference-annuelle-du-groupe-de-recherches-sur-les-transports-au-canada\/#breadcrumb"},"inLanguage":"fr-FR","potentialAction":[{"@type":"ReadAction","target":["https:\/\/www.cargo-montreal.ca\/fr\/57e-conference-annuelle-du-groupe-de-recherches-sur-les-transports-au-canada\/"]}]},{"@type":"ImageObject","inLanguage":"fr-FR","@id":"https:\/\/www.cargo-montreal.ca\/fr\/57e-conference-annuelle-du-groupe-de-recherches-sur-les-transports-au-canada\/#primaryimage","url":"https:\/\/www.cargo-montreal.ca\/wp-content\/uploads\/2022\/05\/CTRF-300x50.png","contentUrl":"https:\/\/www.cargo-montreal.ca\/wp-content\/uploads\/2022\/05\/CTRF-300x50.png"},{"@type":"BreadcrumbList","@id":"https:\/\/www.cargo-montreal.ca\/fr\/57e-conference-annuelle-du-groupe-de-recherches-sur-les-transports-au-canada\/#breadcrumb","itemListElement":[{"@type":"ListItem","position":1,"name":"Home","item":"https:\/\/www.cargo-montreal.ca\/fr\/"},{"@type":"ListItem","position":2,"name":"57e conf\u00e9rence annuelle du Groupe de recherches sur les transports au Canada"}]},{"@type":"WebSite","@id":"https:\/\/www.cargo-montreal.ca\/fr\/#website","url":"https:\/\/www.cargo-montreal.ca\/fr\/","name":"CargoM","description":"La mission de CargoM: Rassembler les acteurs de la logistique &amp; du transport de marchandises du Grand Montr\u00e9al autour d&#039;objectifs communs, d&#039;actions concert\u00e9es","potentialAction":[{"@type":"SearchAction","target":{"@type":"EntryPoint","urlTemplate":"https:\/\/www.cargo-montreal.ca\/fr\/?s={search_term_string}"},"query-input":{"@type":"PropertyValueSpecification","valueRequired":true,"valueName":"search_term_string"}}],"inLanguage":"fr-FR"},{"@type":"Person","@id":"https:\/\/www.cargo-montreal.ca\/fr\/#\/schema\/person\/80476d173ce654813db9fd1533901365","name":"Karine Dudognon","image":{"@type":"ImageObject","inLanguage":"fr-FR","@id":"https:\/\/secure.gravatar.com\/avatar\/673bdfb703a9b6685a88bc7dfb04a9ea2b48b30e9d1663a5e759a4e9bfa3e2c0?s=96&d=mm&r=g","url":"https:\/\/secure.gravatar.com\/avatar\/673bdfb703a9b6685a88bc7dfb04a9ea2b48b30e9d1663a5e759a4e9bfa3e2c0?s=96&d=mm&r=g","contentUrl":"https:\/\/secure.gravatar.com\/avatar\/673bdfb703a9b6685a88bc7dfb04a9ea2b48b30e9d1663a5e759a4e9bfa3e2c0?s=96&d=mm&r=g","caption":"Karine Dudognon"},"url":"https:\/\/www.cargo-montreal.ca\/fr\/author\/karine\/"}]}},"_links":{"self":[{"href":"https:\/\/www.cargo-montreal.ca\/fr\/wp-json\/wp\/v2\/posts\/13230","targetHints":{"allow":["GET"]}}],"collection":[{"href":"https:\/\/www.cargo-montreal.ca\/fr\/wp-json\/wp\/v2\/posts"}],"about":[{"href":"https:\/\/www.cargo-montreal.ca\/fr\/wp-json\/wp\/v2\/types\/post"}],"author":[{"embeddable":true,"href":"https:\/\/www.cargo-montreal.ca\/fr\/wp-json\/wp\/v2\/users\/39"}],"replies":[{"embeddable":true,"href":"https:\/\/www.cargo-montreal.ca\/fr\/wp-json\/wp\/v2\/comments?post=13230"}],"version-history":[{"count":1,"href":"https:\/\/www.cargo-montreal.ca\/fr\/wp-json\/wp\/v2\/posts\/13230\/revisions"}],"predecessor-version":[{"id":13231,"href":"https:\/\/www.cargo-montreal.ca\/fr\/wp-json\/wp\/v2\/posts\/13230\/revisions\/13231"}],"wp:attachment":[{"href":"https:\/\/www.cargo-montreal.ca\/fr\/wp-json\/wp\/v2\/media?parent=13230"}],"wp:term":[{"taxonomy":"category","embeddable":true,"href":"https:\/\/www.cargo-montreal.ca\/fr\/wp-json\/wp\/v2\/categories?post=13230"},{"taxonomy":"post_tag","embeddable":true,"href":"https:\/\/www.cargo-montreal.ca\/fr\/wp-json\/wp\/v2\/tags?post=13230"}],"curies":[{"name":"wp","href":"https:\/\/api.w.org\/{rel}","templated":true}]}}