{"id":13250,"date":"2022-05-20T17:50:20","date_gmt":"2022-05-20T17:50:20","guid":{"rendered":"https:\/\/www.cargo-montreal.ca\/?p=13250"},"modified":"2022-05-20T18:24:41","modified_gmt":"2022-05-20T18:24:41","slug":"new-revue-de-presse","status":"publish","type":"post","link":"https:\/\/www.cargo-montreal.ca\/fr\/new-revue-de-presse\/","title":{"rendered":"Revue de presse"},"content":{"rendered":"Voici quelques articles d&rsquo;int\u00e9r\u00eat pour notre secteur. Si vous avez des nouvelles \u00e0 diffuser concernant la logistique et le transport de marchandises, n&rsquo;h\u00e9sitez pas \u00e0 nous les faire parvenir.\r\n\r\n\u27a1\ufe0f<a href=\"https:\/\/info.cargo-montreal.ca\/e3t\/Ctc\/ZU+113\/d11nbd04\/VW-qP41VKDpkW3b_KFM1Lj2t8W8DFYQL4Kj99yN2K0T295kh3GV3Zsc37CgC49W36-Ck28cjn2VW7rK74N8bzk6hN74Tt_j_QXDsW6rGMXk3ZM6qRW8rN1y93phqHXW9c197s18y0nZW3HmbJ76KXP9-W1gZLSF1FTPW6W7mPxHf8frhm6N1nhtyQdjQ-3W2nzGxB6R72vpW8wKCmJ336ZK3W32ljJf4B-j6WW4jk7hz4lsGHfN8tmCw4Gdrj0W5L6M0l2nSSgTW8BlzSK8Fmrb9VFzGwN7x8W3hW2cDNfz7XKdvPW2SR-MS4CgvssW1DmX7j2FjmhNVYcXX_50XKjxW149_zV54f3nRW6l_Clp2gdx2zW4CPhdV3xNyJXW30JwhC8v1T5WW7T5B2B1CvZCzW119kFc3jg0z_VLfLBC4ktBDNW7GdW3d73XvglW3hpBS-7dTxdkW2LXfH31plKM4324w1\" target=\"_blank\" rel=\"noopener\" data-saferedirecturl=\"https:\/\/www.google.com\/url?hl=fr-CA&amp;q=https:\/\/info.cargo-montreal.ca\/e3t\/Ctc\/ZU%2B113\/d11nbd04\/VW-qP41VKDpkW3b_KFM1Lj2t8W8DFYQL4Kj99yN2K0T295kh3GV3Zsc37CgC49W36-Ck28cjn2VW7rK74N8bzk6hN74Tt_j_QXDsW6rGMXk3ZM6qRW8rN1y93phqHXW9c197s18y0nZW3HmbJ76KXP9-W1gZLSF1FTPW6W7mPxHf8frhm6N1nhtyQdjQ-3W2nzGxB6R72vpW8wKCmJ336ZK3W32ljJf4B-j6WW4jk7hz4lsGHfN8tmCw4Gdrj0W5L6M0l2nSSgTW8BlzSK8Fmrb9VFzGwN7x8W3hW2cDNfz7XKdvPW2SR-MS4CgvssW1DmX7j2FjmhNVYcXX_50XKjxW149_zV54f3nRW6l_Clp2gdx2zW4CPhdV3xNyJXW30JwhC8v1T5WW7T5B2B1CvZCzW119kFc3jg0z_VLfLBC4ktBDNW7GdW3d73XvglW3hpBS-7dTxdkW2LXfH31plKM4324w1&amp;source=gmail&amp;ust=1653154520839000&amp;usg=AOvVaw0DIJc95lwoYpsVXLBKoJ0i\">Cha\u00eene d\u2019approvisionnement : les cl\u00e9s de la r\u00e9silience<\/a>\r\n\r\n\u27a1\ufe0f<a href=\"mailto:https:\/\/www.cargo-montreal.ca\/wp-content\/uploads\/2022\/05\/COMMUNIQUE-DE-PRESSE_DRAKKAR-Logistique_TRINET_ONE_Nouveau-service-conjoint-au-Canada_F.pdf\" target=\"_blank\" rel=\"noopener\">DRAKKAR logistique et Trinet lancent un nouveau service 3pl de solutions logistiques d\u2019importation au Canada<\/a>\r\n\r\n\u27a1\ufe0f<a href=\"https:\/\/info.cargo-montreal.ca\/e3t\/Ctc\/ZU+113\/d11nbd04\/VW-qP41VKDpkW3b_KFM1Lj2t8W8DFYQL4Kj99yN2K0T3Z3lLCfV1-WJV7CgPjjW1gRHw_7rTcvwN1FHJNqxP71qW82hhbz7JKFW-W37B51W76YzQGW7D6XSZ25gWVrW6V7JWF5NBq1NVsVv957N0p4qW5T0G-c7Ln--jVxpNMZ3j5Jg0W2S57P46g4Hj1W4DZnvJ5JydWtW2qbnTx4bpDzDW6BPHhD42dQYkW2BBPcZ4-zvGTW3YcC7v4K3dMtW7B0LSp5nPMYpW1JXfxh2Mcg2DW5PXd686txDLVW4Xr0Xp23ZxGFW4qbd_z3C-JBNW3CxXhv7K0dNcVbbz811Sb_YqN1xG4kF7VRLHW7HMdkN4pTdpHW66m6fH1mlcntMWPh7MVr1xVMmKDcqdNMFJW4WbQhx99Xmcb3q9R1\" target=\"_blank\" rel=\"noopener\" data-saferedirecturl=\"https:\/\/www.google.com\/url?hl=fr-CA&amp;q=https:\/\/info.cargo-montreal.ca\/e3t\/Ctc\/ZU%2B113\/d11nbd04\/VW-qP41VKDpkW3b_KFM1Lj2t8W8DFYQL4Kj99yN2K0T3Z3lLCfV1-WJV7CgPjjW1gRHw_7rTcvwN1FHJNqxP71qW82hhbz7JKFW-W37B51W76YzQGW7D6XSZ25gWVrW6V7JWF5NBq1NVsVv957N0p4qW5T0G-c7Ln--jVxpNMZ3j5Jg0W2S57P46g4Hj1W4DZnvJ5JydWtW2qbnTx4bpDzDW6BPHhD42dQYkW2BBPcZ4-zvGTW3YcC7v4K3dMtW7B0LSp5nPMYpW1JXfxh2Mcg2DW5PXd686txDLVW4Xr0Xp23ZxGFW4qbd_z3C-JBNW3CxXhv7K0dNcVbbz811Sb_YqN1xG4kF7VRLHW7HMdkN4pTdpHW66m6fH1mlcntMWPh7MVr1xVMmKDcqdNMFJW4WbQhx99Xmcb3q9R1&amp;source=gmail&amp;ust=1653154520839000&amp;usg=AOvVaw0MtylgFaYpmtbC7sXC4NJp\">Tirons pleinement profit du centre zone franche<\/a>\r\n\r\n\u27a1\ufe0f<a href=\"https:\/\/info.cargo-montreal.ca\/e3t\/Ctc\/ZU+113\/d11nbd04\/VW-qP41VKDpkW3b_KFM1Lj2t8W8DFYQL4Kj99yN2K0T3m5kh4SV3Zsc37CgK6XW7Gvv5G5qQBdTW18dfmG6BQMWHW2l905G6GcSq0W1X3LlV1Zmd2SW5P4VXG62WKydW9k-nMC7s3Pz9W33vhn-20jRlSN5g3YNdLz37-N3YC-ZgbVVSKVDCW_28p22nRN7_djGNVdVwVN3sl-8Jjq0p5VcX0706symxNW2rkVBl1CVHjsW1zDXXH3GdHz5W4L0C6Q5tpQLMW6HN0gG6sJDx9W3J8KRB21ZwQsW5Rpydb24JZmfW2f8X316h3V47W9626Sm7Nq_-zW32TCBq2-VBx5W5xwx0N8Yq0yfW1pS6Kn5n2b3hN6HgpY3-LkMdW1W3X6565fljRTqQDM1YQqvcW3-Nscy853m_sW65HwBY3rBKkmN22Sm7t9BFL0W2xL1xy8r_-BzW1z7nWB6s5lgLW8Sw59c5_nvLXW4J7QCw2sBdgpVK1W691r6jPjW48Gy2b1zmF19W8Sq56r1mn7F-W2BHvG8655HLDVbVv8Z7zbz1mW2Nv6cl3S9dfz3b2s1\" target=\"_blank\" rel=\"noopener\" data-saferedirecturl=\"https:\/\/www.google.com\/url?hl=fr-CA&amp;q=https:\/\/info.cargo-montreal.ca\/e3t\/Ctc\/ZU%2B113\/d11nbd04\/VW-qP41VKDpkW3b_KFM1Lj2t8W8DFYQL4Kj99yN2K0T3m5kh4SV3Zsc37CgK6XW7Gvv5G5qQBdTW18dfmG6BQMWHW2l905G6GcSq0W1X3LlV1Zmd2SW5P4VXG62WKydW9k-nMC7s3Pz9W33vhn-20jRlSN5g3YNdLz37-N3YC-ZgbVVSKVDCW_28p22nRN7_djGNVdVwVN3sl-8Jjq0p5VcX0706symxNW2rkVBl1CVHjsW1zDXXH3GdHz5W4L0C6Q5tpQLMW6HN0gG6sJDx9W3J8KRB21ZwQsW5Rpydb24JZmfW2f8X316h3V47W9626Sm7Nq_-zW32TCBq2-VBx5W5xwx0N8Yq0yfW1pS6Kn5n2b3hN6HgpY3-LkMdW1W3X6565fljRTqQDM1YQqvcW3-Nscy853m_sW65HwBY3rBKkmN22Sm7t9BFL0W2xL1xy8r_-BzW1z7nWB6s5lgLW8Sw59c5_nvLXW4J7QCw2sBdgpVK1W691r6jPjW48Gy2b1zmF19W8Sq56r1mn7F-W2BHvG8655HLDVbVv8Z7zbz1mW2Nv6cl3S9dfz3b2s1&amp;source=gmail&amp;ust=1653154520839000&amp;usg=AOvVaw0JPpIfCddSx3cIdyHuxhBp\">Groupe Morneau: la rel\u00e8ve prend le volant<\/a>\r\n\r\n\u27a1\ufe0f<a href=\"https:\/\/info.cargo-montreal.ca\/e3t\/Ctc\/ZU+113\/d11nbd04\/VW-qP41VKDpkW3b_KFM1Lj2t8W8DFYQL4Kj99yN2K0T295kh3GV3Zsc37CgXvwW1Cl7451-gFv1W3wvFzK7sXn2jW6mmfPn4G_X4VW619wc65QHy0YW35zp223ZdWjmW3gkhGv7nNLY3W8C56Rv5Q2jGjW2v6LRC5LFkBjW4m11xX65bzPzW8Grkf04dwlDHW4Qkf7T4yJ1mdW1pFfQc2v3RK3W31N8bJ8FZytPW45-0YS8RDQ0fW7fc1WM1LQJG5W3ZyWST774nsvW7kJjpL6f66LhW3r_mRh91JQG6N6Mbhhkf3hG7W4-LflZ7pCdChW2ZK4nL4fRrcBW2HzPhz71X_YjN1bJ8RXND6w4W1x3hBM4M2Q10W8F3d6v8GBm2YW3874xv7CQC5tW8NzH-T6kks3rW97NxNL97FjbzVfPs-z3qrqr9W7bBktc55RcW9VTnbDt4dYNcYN7Twn5lswX3Q37Zs1\" target=\"_blank\" rel=\"noopener\" data-saferedirecturl=\"https:\/\/www.google.com\/url?hl=fr-CA&amp;q=https:\/\/info.cargo-montreal.ca\/e3t\/Ctc\/ZU%2B113\/d11nbd04\/VW-qP41VKDpkW3b_KFM1Lj2t8W8DFYQL4Kj99yN2K0T295kh3GV3Zsc37CgXvwW1Cl7451-gFv1W3wvFzK7sXn2jW6mmfPn4G_X4VW619wc65QHy0YW35zp223ZdWjmW3gkhGv7nNLY3W8C56Rv5Q2jGjW2v6LRC5LFkBjW4m11xX65bzPzW8Grkf04dwlDHW4Qkf7T4yJ1mdW1pFfQc2v3RK3W31N8bJ8FZytPW45-0YS8RDQ0fW7fc1WM1LQJG5W3ZyWST774nsvW7kJjpL6f66LhW3r_mRh91JQG6N6Mbhhkf3hG7W4-LflZ7pCdChW2ZK4nL4fRrcBW2HzPhz71X_YjN1bJ8RXND6w4W1x3hBM4M2Q10W8F3d6v8GBm2YW3874xv7CQC5tW8NzH-T6kks3rW97NxNL97FjbzVfPs-z3qrqr9W7bBktc55RcW9VTnbDt4dYNcYN7Twn5lswX3Q37Zs1&amp;source=gmail&amp;ust=1653154520839000&amp;usg=AOvVaw1EAYESrcodGtLLa9S4FT4D\">R\u00e9union annuelle de l\u2019administration portuaire de Montr\u00e9al<\/a>\r\n\r\n\u27a1\ufe0f<a href=\"https:\/\/info.cargo-montreal.ca\/e3t\/Ctc\/ZU+113\/d11nbd04\/VW-qP41VKDpkW3b_KFM1Lj2t8W8DFYQL4Kj99yN2K0T4f3lLCyV1-WJV7CgNXqVk3DKY3pS_mKW6J8dtW4TmY_KW2hWtwn115q1dN3_qXVBdfxzGW6YFGCF4pbskbW3H16sD3LpjQBW8qMkvw98DRY1W67qtl_3SZW9-W2-5P0v6C0DMtW3BxJ3t897B3cW7-7gKn5NMgWPW5H6WBC4j6g-vW7jPyw_5lqCfCW7pwBcV4mW6GGW4myqSl3wzzngW5qhjJj7NlnvYW43g2xW73p0cPW7Mh91R4X3WwgW2vWXDb1QsFRpV7H4NB8X6gMXW2wNbpt2k-9Y1W5QL84p1nqsjfW25KT627fKfd7W55vNS38xYZpSW3-6wRX2txmMsW6FNcyy7vcXWFW3whDyt8rpq6PVQ7fBn1hTxZ7VtScjz1T54l6W3S8Lgn82c9nx3pBL1\" target=\"_blank\" rel=\"noopener\" data-saferedirecturl=\"https:\/\/www.google.com\/url?hl=fr-CA&amp;q=https:\/\/info.cargo-montreal.ca\/e3t\/Ctc\/ZU%2B113\/d11nbd04\/VW-qP41VKDpkW3b_KFM1Lj2t8W8DFYQL4Kj99yN2K0T4f3lLCyV1-WJV7CgNXqVk3DKY3pS_mKW6J8dtW4TmY_KW2hWtwn115q1dN3_qXVBdfxzGW6YFGCF4pbskbW3H16sD3LpjQBW8qMkvw98DRY1W67qtl_3SZW9-W2-5P0v6C0DMtW3BxJ3t897B3cW7-7gKn5NMgWPW5H6WBC4j6g-vW7jPyw_5lqCfCW7pwBcV4mW6GGW4myqSl3wzzngW5qhjJj7NlnvYW43g2xW73p0cPW7Mh91R4X3WwgW2vWXDb1QsFRpV7H4NB8X6gMXW2wNbpt2k-9Y1W5QL84p1nqsjfW25KT627fKfd7W55vNS38xYZpSW3-6wRX2txmMsW6FNcyy7vcXWFW3whDyt8rpq6PVQ7fBn1hTxZ7VtScjz1T54l6W3S8Lgn82c9nx3pBL1&amp;source=gmail&amp;ust=1653154520839000&amp;usg=AOvVaw1Ys1TUx018Tn5v-GlmhsRz\">Catherine Morneau est r\u00e9cipiendaire du Mercure \u00ab Rel\u00e8ve -Femme d\u2019exception \u00bb<\/a>\r\n\r\n\u27a1\ufe0f<a href=\"https:\/\/info.cargo-montreal.ca\/e3t\/Ctc\/ZU+113\/d11nbd04\/VW-qP41VKDpkW3b_KFM1Lj2t8W8DFYQL4Kj99yN2K0T3m3lLBGV1-WJV7CgFRxVHRg8D50kNFYVlZmHW36WXhhVCLWXQ3sz5w0W3kPXL9617tHhW5Bbwwh2yKc_gW2lR5hq3gw2bjW3MLHbf75dHcNW6TNGcW5YQFs8W4yYZR03cnphTW8kYQQP14pSK0W7fdySW8xx1lrW86DsSN1D5PjsW2JWpSC7xHWpWW7plVz-2-9kMbVRTQsZ3LP6YqVbfJYG5xCW1VW2-B9hC6Vw04fN20cvY3ftjn9W3hzjzR381RLcW4v-24y2M8Mt9W5Bqrs62ZwCx-W9cWtP5854Yl2W1K3c324R_XGVW2dgjRT70cdcz34FR1\" target=\"_blank\" rel=\"noopener\" data-saferedirecturl=\"https:\/\/www.google.com\/url?hl=fr-CA&amp;q=https:\/\/info.cargo-montreal.ca\/e3t\/Ctc\/ZU%2B113\/d11nbd04\/VW-qP41VKDpkW3b_KFM1Lj2t8W8DFYQL4Kj99yN2K0T3m3lLBGV1-WJV7CgFRxVHRg8D50kNFYVlZmHW36WXhhVCLWXQ3sz5w0W3kPXL9617tHhW5Bbwwh2yKc_gW2lR5hq3gw2bjW3MLHbf75dHcNW6TNGcW5YQFs8W4yYZR03cnphTW8kYQQP14pSK0W7fdySW8xx1lrW86DsSN1D5PjsW2JWpSC7xHWpWW7plVz-2-9kMbVRTQsZ3LP6YqVbfJYG5xCW1VW2-B9hC6Vw04fN20cvY3ftjn9W3hzjzR381RLcW4v-24y2M8Mt9W5Bqrs62ZwCx-W9cWtP5854Yl2W1K3c324R_XGVW2dgjRT70cdcz34FR1&amp;source=gmail&amp;ust=1653154520839000&amp;usg=AOvVaw0T0dKRyXXTL_DJ1rJSqOLR\">50 id\u00e9es pour se lancer en affaires \u2013 Volet logistique<\/a>\r\n\r\n\u27a1\ufe0f<a href=\"https:\/\/info.cargo-montreal.ca\/e3t\/Ctc\/ZU+113\/d11nbd04\/VW-qP41VKDpkW3b_KFM1Lj2t8W8DFYQL4Kj99yN2K0T335kh4yV3Zsc37CgNdbV4yVbs6phgj8N4qN3CSDG7JxW2kJ4zS1p8yNgW49nkzK8K89cNW1CYp4L7PVFqPW5B6fbV4YH-X_W1WLdGx7XXtX3N8HK-_mcTlNwW5-HCK1149NgYMd7fmP-49xdW9bl9xs2y8sh4W9gPXj-7z61YGW2wTpnX8ZFxDwW6jMgD06zRpqXW5kQ1_w60ykrxW2sZ08P70jQDyW2NnHyd8_mWqDW78Hz0_8VXpCTW5n0GTP3LBfcXW5cC1Ld1xpLnYW1HCNKf4mpxXqW5vG1Ds2mNB6pW8LsPN_1jt-NHW3nfxDG8NH4b7W6NbSSY8_85p6N92nqYK4VwnjW1LDcsn6LKCdYW889qpz8ZZ-ckW5p5Zwx6Y-7l9W5hG6L67wdYsrW7VyfhR2X73T0W2VLd8T3M7SBJN6yTn969QMQbW9gVjVT39V8GXW88dN3v4YHPc4W3g5sXs7CDs9FW3hWpmk40sKmjW8-7frT4GYsW1348g1\" target=\"_blank\" rel=\"noopener\" data-saferedirecturl=\"https:\/\/www.google.com\/url?hl=fr-CA&amp;q=https:\/\/info.cargo-montreal.ca\/e3t\/Ctc\/ZU%2B113\/d11nbd04\/VW-qP41VKDpkW3b_KFM1Lj2t8W8DFYQL4Kj99yN2K0T335kh4yV3Zsc37CgNdbV4yVbs6phgj8N4qN3CSDG7JxW2kJ4zS1p8yNgW49nkzK8K89cNW1CYp4L7PVFqPW5B6fbV4YH-X_W1WLdGx7XXtX3N8HK-_mcTlNwW5-HCK1149NgYMd7fmP-49xdW9bl9xs2y8sh4W9gPXj-7z61YGW2wTpnX8ZFxDwW6jMgD06zRpqXW5kQ1_w60ykrxW2sZ08P70jQDyW2NnHyd8_mWqDW78Hz0_8VXpCTW5n0GTP3LBfcXW5cC1Ld1xpLnYW1HCNKf4mpxXqW5vG1Ds2mNB6pW8LsPN_1jt-NHW3nfxDG8NH4b7W6NbSSY8_85p6N92nqYK4VwnjW1LDcsn6LKCdYW889qpz8ZZ-ckW5p5Zwx6Y-7l9W5hG6L67wdYsrW7VyfhR2X73T0W2VLd8T3M7SBJN6yTn969QMQbW9gVjVT39V8GXW88dN3v4YHPc4W3g5sXs7CDs9FW3hWpmk40sKmjW8-7frT4GYsW1348g1&amp;source=gmail&amp;ust=1653154520839000&amp;usg=AOvVaw0OIy5ulWf-9BrnNIV1yaq1\">Un jalon important franchi pour la r\u00e9alisation du projet d&rsquo;expansion \u00e0 Contrec\u0153ur : trois \u00e9quipes qualifi\u00e9es pour la prochaine \u00e9tape<\/a>","protected":false},"excerpt":{"rendered":"Voici quelques articles d&rsquo;int\u00e9r\u00eat pour notre secteur. Si vous avez des nouvelles \u00e0 diffuser concernant la logistique et le transport de marchandises, n&rsquo;h\u00e9sitez pas \u00e0 nous les faire parvenir. \u27a1\ufe0fCha\u00eene d\u2019approvisionnement : les cl\u00e9s de la r\u00e9silience \u27a1\ufe0fDRAKKAR logistique et Trinet lancent un nouveau service 3pl de solutions logistiques d\u2019importation au Canada \u27a1\ufe0fTirons pleinement profit [&hellip;]","protected":false},"author":39,"featured_media":13252,"comment_status":"closed","ping_status":"closed","sticky":false,"template":"","format":"standard","meta":{"_acf_changed":false,"footnotes":""},"categories":[20],"tags":[],"class_list":["post-13250","post","type-post","status-publish","format-standard","has-post-thumbnail","hentry","category-services-logistiques"],"acf":[],"yoast_head":"<!-- This site is optimized with the Yoast SEO plugin v27.3 - https:\/\/yoast.com\/product\/yoast-seo-wordpress\/ -->\n<title>Revue de presse - CargoM<\/title>\n<meta name=\"robots\" content=\"index, follow, max-snippet:-1, max-image-preview:large, max-video-preview:-1\" \/>\n<link rel=\"canonical\" href=\"https:\/\/www.cargo-montreal.ca\/fr\/new-revue-de-presse\/\" \/>\n<meta property=\"og:locale\" content=\"fr_FR\" \/>\n<meta property=\"og:type\" content=\"article\" \/>\n<meta property=\"og:title\" content=\"Revue de presse - CargoM\" \/>\n<meta property=\"og:description\" content=\"Voici quelques articles d&rsquo;int\u00e9r\u00eat pour notre secteur. Si vous avez des nouvelles \u00e0 diffuser concernant la logistique et le transport de marchandises, n&rsquo;h\u00e9sitez pas \u00e0 nous les faire parvenir. \u27a1\ufe0fCha\u00eene d\u2019approvisionnement : les cl\u00e9s de la r\u00e9silience \u27a1\ufe0fDRAKKAR logistique et Trinet lancent un nouveau service 3pl de solutions logistiques d\u2019importation au Canada \u27a1\ufe0fTirons pleinement profit [&hellip;]\" \/>\n<meta property=\"og:url\" content=\"https:\/\/www.cargo-montreal.ca\/fr\/new-revue-de-presse\/\" \/>\n<meta property=\"og:site_name\" content=\"CargoM\" \/>\n<meta property=\"article:published_time\" content=\"2022-05-20T17:50:20+00:00\" \/>\n<meta property=\"article:modified_time\" content=\"2022-05-20T18:24:41+00:00\" \/>\n<meta property=\"og:image\" content=\"https:\/\/www.cargo-montreal.ca\/wp-content\/uploads\/2022\/05\/Journaux-1160x768-1.jpg\" \/>\n\t<meta property=\"og:image:width\" content=\"1160\" \/>\n\t<meta property=\"og:image:height\" content=\"768\" \/>\n\t<meta property=\"og:image:type\" content=\"image\/jpeg\" \/>\n<meta name=\"author\" content=\"Karine Dudognon\" \/>\n<meta name=\"twitter:card\" content=\"summary_large_image\" \/>\n<meta name=\"twitter:label1\" content=\"\u00c9crit par\" \/>\n\t<meta name=\"twitter:data1\" content=\"Karine Dudognon\" \/>\n\t<meta name=\"twitter:label2\" content=\"Dur\u00e9e de lecture estim\u00e9e\" \/>\n\t<meta name=\"twitter:data2\" content=\"1 minute\" \/>\n<script type=\"application\/ld+json\" class=\"yoast-schema-graph\">{\"@context\":\"https:\\\/\\\/schema.org\",\"@graph\":[{\"@type\":\"Article\",\"@id\":\"https:\\\/\\\/www.cargo-montreal.ca\\\/fr\\\/new-revue-de-presse\\\/#article\",\"isPartOf\":{\"@id\":\"https:\\\/\\\/www.cargo-montreal.ca\\\/fr\\\/new-revue-de-presse\\\/\"},\"author\":{\"name\":\"Karine Dudognon\",\"@id\":\"https:\\\/\\\/www.cargo-montreal.ca\\\/fr\\\/#\\\/schema\\\/person\\\/80476d173ce654813db9fd1533901365\"},\"headline\":\"Revue de presse\",\"datePublished\":\"2022-05-20T17:50:20+00:00\",\"dateModified\":\"2022-05-20T18:24:41+00:00\",\"mainEntityOfPage\":{\"@id\":\"https:\\\/\\\/www.cargo-montreal.ca\\\/fr\\\/new-revue-de-presse\\\/\"},\"wordCount\":130,\"image\":{\"@id\":\"https:\\\/\\\/www.cargo-montreal.ca\\\/fr\\\/new-revue-de-presse\\\/#primaryimage\"},\"thumbnailUrl\":\"https:\\\/\\\/www.cargo-montreal.ca\\\/wp-content\\\/uploads\\\/2022\\\/05\\\/Journaux-1160x768-1.jpg\",\"articleSection\":[\"Services logistiques\"],\"inLanguage\":\"fr-FR\"},{\"@type\":\"WebPage\",\"@id\":\"https:\\\/\\\/www.cargo-montreal.ca\\\/fr\\\/new-revue-de-presse\\\/\",\"url\":\"https:\\\/\\\/www.cargo-montreal.ca\\\/fr\\\/new-revue-de-presse\\\/\",\"name\":\"Revue de presse - CargoM\",\"isPartOf\":{\"@id\":\"https:\\\/\\\/www.cargo-montreal.ca\\\/fr\\\/#website\"},\"primaryImageOfPage\":{\"@id\":\"https:\\\/\\\/www.cargo-montreal.ca\\\/fr\\\/new-revue-de-presse\\\/#primaryimage\"},\"image\":{\"@id\":\"https:\\\/\\\/www.cargo-montreal.ca\\\/fr\\\/new-revue-de-presse\\\/#primaryimage\"},\"thumbnailUrl\":\"https:\\\/\\\/www.cargo-montreal.ca\\\/wp-content\\\/uploads\\\/2022\\\/05\\\/Journaux-1160x768-1.jpg\",\"datePublished\":\"2022-05-20T17:50:20+00:00\",\"dateModified\":\"2022-05-20T18:24:41+00:00\",\"author\":{\"@id\":\"https:\\\/\\\/www.cargo-montreal.ca\\\/fr\\\/#\\\/schema\\\/person\\\/80476d173ce654813db9fd1533901365\"},\"breadcrumb\":{\"@id\":\"https:\\\/\\\/www.cargo-montreal.ca\\\/fr\\\/new-revue-de-presse\\\/#breadcrumb\"},\"inLanguage\":\"fr-FR\",\"potentialAction\":[{\"@type\":\"ReadAction\",\"target\":[\"https:\\\/\\\/www.cargo-montreal.ca\\\/fr\\\/new-revue-de-presse\\\/\"]}]},{\"@type\":\"ImageObject\",\"inLanguage\":\"fr-FR\",\"@id\":\"https:\\\/\\\/www.cargo-montreal.ca\\\/fr\\\/new-revue-de-presse\\\/#primaryimage\",\"url\":\"https:\\\/\\\/www.cargo-montreal.ca\\\/wp-content\\\/uploads\\\/2022\\\/05\\\/Journaux-1160x768-1.jpg\",\"contentUrl\":\"https:\\\/\\\/www.cargo-montreal.ca\\\/wp-content\\\/uploads\\\/2022\\\/05\\\/Journaux-1160x768-1.jpg\",\"width\":1160,\"height\":768},{\"@type\":\"BreadcrumbList\",\"@id\":\"https:\\\/\\\/www.cargo-montreal.ca\\\/fr\\\/new-revue-de-presse\\\/#breadcrumb\",\"itemListElement\":[{\"@type\":\"ListItem\",\"position\":1,\"name\":\"Home\",\"item\":\"https:\\\/\\\/www.cargo-montreal.ca\\\/fr\\\/\"},{\"@type\":\"ListItem\",\"position\":2,\"name\":\"Revue de presse\"}]},{\"@type\":\"WebSite\",\"@id\":\"https:\\\/\\\/www.cargo-montreal.ca\\\/fr\\\/#website\",\"url\":\"https:\\\/\\\/www.cargo-montreal.ca\\\/fr\\\/\",\"name\":\"CargoM\",\"description\":\"La mission de CargoM: Rassembler les acteurs de la logistique &amp; du transport de marchandises du Grand Montr\u00e9al autour d&#039;objectifs communs, d&#039;actions concert\u00e9es\",\"potentialAction\":[{\"@type\":\"SearchAction\",\"target\":{\"@type\":\"EntryPoint\",\"urlTemplate\":\"https:\\\/\\\/www.cargo-montreal.ca\\\/fr\\\/?s={search_term_string}\"},\"query-input\":{\"@type\":\"PropertyValueSpecification\",\"valueRequired\":true,\"valueName\":\"search_term_string\"}}],\"inLanguage\":\"fr-FR\"},{\"@type\":\"Person\",\"@id\":\"https:\\\/\\\/www.cargo-montreal.ca\\\/fr\\\/#\\\/schema\\\/person\\\/80476d173ce654813db9fd1533901365\",\"name\":\"Karine Dudognon\",\"image\":{\"@type\":\"ImageObject\",\"inLanguage\":\"fr-FR\",\"@id\":\"https:\\\/\\\/secure.gravatar.com\\\/avatar\\\/673bdfb703a9b6685a88bc7dfb04a9ea2b48b30e9d1663a5e759a4e9bfa3e2c0?s=96&d=mm&r=g\",\"url\":\"https:\\\/\\\/secure.gravatar.com\\\/avatar\\\/673bdfb703a9b6685a88bc7dfb04a9ea2b48b30e9d1663a5e759a4e9bfa3e2c0?s=96&d=mm&r=g\",\"contentUrl\":\"https:\\\/\\\/secure.gravatar.com\\\/avatar\\\/673bdfb703a9b6685a88bc7dfb04a9ea2b48b30e9d1663a5e759a4e9bfa3e2c0?s=96&d=mm&r=g\",\"caption\":\"Karine Dudognon\"},\"url\":\"https:\\\/\\\/www.cargo-montreal.ca\\\/fr\\\/author\\\/karine\\\/\"}]}<\/script>\n<!-- \/ Yoast SEO plugin. -->","yoast_head_json":{"title":"Revue de presse - CargoM","robots":{"index":"index","follow":"follow","max-snippet":"max-snippet:-1","max-image-preview":"max-image-preview:large","max-video-preview":"max-video-preview:-1"},"canonical":"https:\/\/www.cargo-montreal.ca\/fr\/new-revue-de-presse\/","og_locale":"fr_FR","og_type":"article","og_title":"Revue de presse - CargoM","og_description":"Voici quelques articles d&rsquo;int\u00e9r\u00eat pour notre secteur. Si vous avez des nouvelles \u00e0 diffuser concernant la logistique et le transport de marchandises, n&rsquo;h\u00e9sitez pas \u00e0 nous les faire parvenir. \u27a1\ufe0fCha\u00eene d\u2019approvisionnement : les cl\u00e9s de la r\u00e9silience \u27a1\ufe0fDRAKKAR logistique et Trinet lancent un nouveau service 3pl de solutions logistiques d\u2019importation au Canada \u27a1\ufe0fTirons pleinement profit [&hellip;]","og_url":"https:\/\/www.cargo-montreal.ca\/fr\/new-revue-de-presse\/","og_site_name":"CargoM","article_published_time":"2022-05-20T17:50:20+00:00","article_modified_time":"2022-05-20T18:24:41+00:00","og_image":[{"width":1160,"height":768,"url":"https:\/\/www.cargo-montreal.ca\/wp-content\/uploads\/2022\/05\/Journaux-1160x768-1.jpg","type":"image\/jpeg"}],"author":"Karine Dudognon","twitter_card":"summary_large_image","twitter_misc":{"\u00c9crit par":"Karine Dudognon","Dur\u00e9e de lecture estim\u00e9e":"1 minute"},"schema":{"@context":"https:\/\/schema.org","@graph":[{"@type":"Article","@id":"https:\/\/www.cargo-montreal.ca\/fr\/new-revue-de-presse\/#article","isPartOf":{"@id":"https:\/\/www.cargo-montreal.ca\/fr\/new-revue-de-presse\/"},"author":{"name":"Karine Dudognon","@id":"https:\/\/www.cargo-montreal.ca\/fr\/#\/schema\/person\/80476d173ce654813db9fd1533901365"},"headline":"Revue de presse","datePublished":"2022-05-20T17:50:20+00:00","dateModified":"2022-05-20T18:24:41+00:00","mainEntityOfPage":{"@id":"https:\/\/www.cargo-montreal.ca\/fr\/new-revue-de-presse\/"},"wordCount":130,"image":{"@id":"https:\/\/www.cargo-montreal.ca\/fr\/new-revue-de-presse\/#primaryimage"},"thumbnailUrl":"https:\/\/www.cargo-montreal.ca\/wp-content\/uploads\/2022\/05\/Journaux-1160x768-1.jpg","articleSection":["Services logistiques"],"inLanguage":"fr-FR"},{"@type":"WebPage","@id":"https:\/\/www.cargo-montreal.ca\/fr\/new-revue-de-presse\/","url":"https:\/\/www.cargo-montreal.ca\/fr\/new-revue-de-presse\/","name":"Revue de presse - CargoM","isPartOf":{"@id":"https:\/\/www.cargo-montreal.ca\/fr\/#website"},"primaryImageOfPage":{"@id":"https:\/\/www.cargo-montreal.ca\/fr\/new-revue-de-presse\/#primaryimage"},"image":{"@id":"https:\/\/www.cargo-montreal.ca\/fr\/new-revue-de-presse\/#primaryimage"},"thumbnailUrl":"https:\/\/www.cargo-montreal.ca\/wp-content\/uploads\/2022\/05\/Journaux-1160x768-1.jpg","datePublished":"2022-05-20T17:50:20+00:00","dateModified":"2022-05-20T18:24:41+00:00","author":{"@id":"https:\/\/www.cargo-montreal.ca\/fr\/#\/schema\/person\/80476d173ce654813db9fd1533901365"},"breadcrumb":{"@id":"https:\/\/www.cargo-montreal.ca\/fr\/new-revue-de-presse\/#breadcrumb"},"inLanguage":"fr-FR","potentialAction":[{"@type":"ReadAction","target":["https:\/\/www.cargo-montreal.ca\/fr\/new-revue-de-presse\/"]}]},{"@type":"ImageObject","inLanguage":"fr-FR","@id":"https:\/\/www.cargo-montreal.ca\/fr\/new-revue-de-presse\/#primaryimage","url":"https:\/\/www.cargo-montreal.ca\/wp-content\/uploads\/2022\/05\/Journaux-1160x768-1.jpg","contentUrl":"https:\/\/www.cargo-montreal.ca\/wp-content\/uploads\/2022\/05\/Journaux-1160x768-1.jpg","width":1160,"height":768},{"@type":"BreadcrumbList","@id":"https:\/\/www.cargo-montreal.ca\/fr\/new-revue-de-presse\/#breadcrumb","itemListElement":[{"@type":"ListItem","position":1,"name":"Home","item":"https:\/\/www.cargo-montreal.ca\/fr\/"},{"@type":"ListItem","position":2,"name":"Revue de presse"}]},{"@type":"WebSite","@id":"https:\/\/www.cargo-montreal.ca\/fr\/#website","url":"https:\/\/www.cargo-montreal.ca\/fr\/","name":"CargoM","description":"La mission de CargoM: Rassembler les acteurs de la logistique &amp; du transport de marchandises du Grand Montr\u00e9al autour d&#039;objectifs communs, d&#039;actions concert\u00e9es","potentialAction":[{"@type":"SearchAction","target":{"@type":"EntryPoint","urlTemplate":"https:\/\/www.cargo-montreal.ca\/fr\/?s={search_term_string}"},"query-input":{"@type":"PropertyValueSpecification","valueRequired":true,"valueName":"search_term_string"}}],"inLanguage":"fr-FR"},{"@type":"Person","@id":"https:\/\/www.cargo-montreal.ca\/fr\/#\/schema\/person\/80476d173ce654813db9fd1533901365","name":"Karine Dudognon","image":{"@type":"ImageObject","inLanguage":"fr-FR","@id":"https:\/\/secure.gravatar.com\/avatar\/673bdfb703a9b6685a88bc7dfb04a9ea2b48b30e9d1663a5e759a4e9bfa3e2c0?s=96&d=mm&r=g","url":"https:\/\/secure.gravatar.com\/avatar\/673bdfb703a9b6685a88bc7dfb04a9ea2b48b30e9d1663a5e759a4e9bfa3e2c0?s=96&d=mm&r=g","contentUrl":"https:\/\/secure.gravatar.com\/avatar\/673bdfb703a9b6685a88bc7dfb04a9ea2b48b30e9d1663a5e759a4e9bfa3e2c0?s=96&d=mm&r=g","caption":"Karine Dudognon"},"url":"https:\/\/www.cargo-montreal.ca\/fr\/author\/karine\/"}]}},"_links":{"self":[{"href":"https:\/\/www.cargo-montreal.ca\/fr\/wp-json\/wp\/v2\/posts\/13250","targetHints":{"allow":["GET"]}}],"collection":[{"href":"https:\/\/www.cargo-montreal.ca\/fr\/wp-json\/wp\/v2\/posts"}],"about":[{"href":"https:\/\/www.cargo-montreal.ca\/fr\/wp-json\/wp\/v2\/types\/post"}],"author":[{"embeddable":true,"href":"https:\/\/www.cargo-montreal.ca\/fr\/wp-json\/wp\/v2\/users\/39"}],"replies":[{"embeddable":true,"href":"https:\/\/www.cargo-montreal.ca\/fr\/wp-json\/wp\/v2\/comments?post=13250"}],"version-history":[{"count":2,"href":"https:\/\/www.cargo-montreal.ca\/fr\/wp-json\/wp\/v2\/posts\/13250\/revisions"}],"predecessor-version":[{"id":13274,"href":"https:\/\/www.cargo-montreal.ca\/fr\/wp-json\/wp\/v2\/posts\/13250\/revisions\/13274"}],"wp:featuredmedia":[{"embeddable":true,"href":"https:\/\/www.cargo-montreal.ca\/fr\/wp-json\/wp\/v2\/media\/13252"}],"wp:attachment":[{"href":"https:\/\/www.cargo-montreal.ca\/fr\/wp-json\/wp\/v2\/media?parent=13250"}],"wp:term":[{"taxonomy":"category","embeddable":true,"href":"https:\/\/www.cargo-montreal.ca\/fr\/wp-json\/wp\/v2\/categories?post=13250"},{"taxonomy":"post_tag","embeddable":true,"href":"https:\/\/www.cargo-montreal.ca\/fr\/wp-json\/wp\/v2\/tags?post=13250"}],"curies":[{"name":"wp","href":"https:\/\/api.w.org\/{rel}","templated":true}]}}