{"id":13254,"date":"2022-05-20T17:54:11","date_gmt":"2022-05-20T17:54:11","guid":{"rendered":"https:\/\/www.cargo-montreal.ca\/?p=13254"},"modified":"2022-05-20T18:26:09","modified_gmt":"2022-05-20T18:26:09","slug":"calendrier-des-evenements-3","status":"publish","type":"post","link":"https:\/\/www.cargo-montreal.ca\/fr\/calendrier-des-evenements-3\/","title":{"rendered":"Calendrier des \u00e9v\u00e8nements"},"content":{"rendered":"<a href=\"https:\/\/www.cargo-montreal.ca\/wp-content\/uploads\/2022\/05\/Savanah-juin19-21.jpg\"><img loading=\"lazy\" decoding=\"async\" class=\"alignnone size-medium wp-image-13217\" src=\"https:\/\/www.cargo-montreal.ca\/wp-content\/uploads\/2022\/05\/Savanah-juin19-21-300x222.jpg\" alt=\"\" width=\"300\" height=\"222\" srcset=\"https:\/\/www.cargo-montreal.ca\/wp-content\/uploads\/2022\/05\/Savanah-juin19-21-300x222.jpg 300w, https:\/\/www.cargo-montreal.ca\/wp-content\/uploads\/2022\/05\/Savanah-juin19-21-1024x756.jpg 1024w, https:\/\/www.cargo-montreal.ca\/wp-content\/uploads\/2022\/05\/Savanah-juin19-21-768x567.jpg 768w, https:\/\/www.cargo-montreal.ca\/wp-content\/uploads\/2022\/05\/Savanah-juin19-21.jpg 1079w\" sizes=\"auto, (max-width: 300px) 100vw, 300px\" \/><\/a>\u00a0 <a href=\"https:\/\/www.cargo-montreal.ca\/wp-content\/uploads\/2022\/05\/CITT-CLC-2022-EB-1.png\"><img loading=\"lazy\" decoding=\"async\" class=\"alignnone size-medium wp-image-13193\" src=\"https:\/\/www.cargo-montreal.ca\/wp-content\/uploads\/2022\/05\/CITT-CLC-2022-EB-1-300x157.png\" alt=\"\" width=\"300\" height=\"157\" srcset=\"https:\/\/www.cargo-montreal.ca\/wp-content\/uploads\/2022\/05\/CITT-CLC-2022-EB-1-300x157.png 300w, https:\/\/www.cargo-montreal.ca\/wp-content\/uploads\/2022\/05\/CITT-CLC-2022-EB-1-1024x535.png 1024w, https:\/\/www.cargo-montreal.ca\/wp-content\/uploads\/2022\/05\/CITT-CLC-2022-EB-1-768x401.png 768w, https:\/\/www.cargo-montreal.ca\/wp-content\/uploads\/2022\/05\/CITT-CLC-2022-EB-1.png 1200w\" sizes=\"auto, (max-width: 300px) 100vw, 300px\" \/><\/a>\r\n\r\n&nbsp;\r\n\r\nNe manquez pas les \u00e9v\u00e9nements suivants. Si vous souhaitez que CargoM ajoute votre \u00e9v\u00e9nement \u00e0 son\u00a0<a href=\"https:\/\/info.cargo-montreal.ca\/e3t\/Ctc\/ZU+113\/d11nbd04\/VW-qP41VKDpkW3b_KFM1Lj2t8W8DFYQL4Kj99yN2K0T2N3lLB3V1-WJV7CgCDJW5CwdJv3wWxqXW8y2xQW52Hk7cW8j_gtR1X_TxyW6Q4DlM3rYcBlW2Vvhfv1mLtQ2W4G96nb8wrbDDW5WwVxs7BjWR3W93Y00t7nF03tW2Gk3vW2_dwChVrlZmT1XnHX8W4Y8b5w70Lz8bW67fSBS8Sm5QQW4zZjyq5jFW9LW5h5HzG3NWW6YW79cG2H7kVLKGW9jz1m47H_1VxW6MKR4x8ryBY1W1SVTvw7NhyZSW5F29KY2n3cNyW4620JN64jJF833DC1\" target=\"_blank\" rel=\"noopener\" data-saferedirecturl=\"https:\/\/www.google.com\/url?hl=fr-CA&amp;q=https:\/\/info.cargo-montreal.ca\/e3t\/Ctc\/ZU%2B113\/d11nbd04\/VW-qP41VKDpkW3b_KFM1Lj2t8W8DFYQL4Kj99yN2K0T2N3lLB3V1-WJV7CgCDJW5CwdJv3wWxqXW8y2xQW52Hk7cW8j_gtR1X_TxyW6Q4DlM3rYcBlW2Vvhfv1mLtQ2W4G96nb8wrbDDW5WwVxs7BjWR3W93Y00t7nF03tW2Gk3vW2_dwChVrlZmT1XnHX8W4Y8b5w70Lz8bW67fSBS8Sm5QQW4zZjyq5jFW9LW5h5HzG3NWW6YW79cG2H7kVLKGW9jz1m47H_1VxW6MKR4x8ryBY1W1SVTvw7NhyZSW5F29KY2n3cNyW4620JN64jJF833DC1&amp;source=gmail&amp;ust=1653154520840000&amp;usg=AOvVaw2Q7KhvL8QcMdHJJJP13rhr\">calendrier<\/a>, contactez Mme\u00a0<a href=\"mailto:kdudognon@cargo-montreal.ca\" target=\"_blank\" rel=\"noopener\">Karine Dudognon<\/a>.\r\n<p align=\"justify\">31 mai 2022\u00a0\u2013\u00a0<a href=\"https:\/\/info.cargo-montreal.ca\/e3t\/Ctc\/ZU+113\/d11nbd04\/VW-qP41VKDpkW3b_KFM1Lj2t8W8DFYQL4Kj99yN2K0T3Z3lLCfV1-WJV7CgLqXW3w99Nf2P9lLdW2nh2ql34Jq5BW8X4P_r8m_s7MW87R7nW6zLPkLW4Pm50K7BkK7TW3CGFgN8ZbnPRW5xq5D98xvMzVN14WSQZt2QvCW1QkLFl3MvN7PW2RpfdS74m2gxW1RKmr33XYzgRN2sb-WcyLmV2W65-G3m7JwVt8W8xX-mk1g_GdQW1QTdj-62Qzx3W2Gg7gL5zKRZLN4JZCvKPwb-YW3pCBc-11BCs8W9cVJh05ZGrDxN55053Bp05ZsW47yMjH7GM8yXW9lKb537tf0-bN5lDyh3xPxcWV6D53T5MwHpCW6cz8g87PlP9YW3S1lHj1s2m0nW6H4n6W5fhLnhW8-qhq37gwMs036p_1\" target=\"_blank\" rel=\"noopener\" data-saferedirecturl=\"https:\/\/www.google.com\/url?hl=fr-CA&amp;q=https:\/\/info.cargo-montreal.ca\/e3t\/Ctc\/ZU%2B113\/d11nbd04\/VW-qP41VKDpkW3b_KFM1Lj2t8W8DFYQL4Kj99yN2K0T3Z3lLCfV1-WJV7CgLqXW3w99Nf2P9lLdW2nh2ql34Jq5BW8X4P_r8m_s7MW87R7nW6zLPkLW4Pm50K7BkK7TW3CGFgN8ZbnPRW5xq5D98xvMzVN14WSQZt2QvCW1QkLFl3MvN7PW2RpfdS74m2gxW1RKmr33XYzgRN2sb-WcyLmV2W65-G3m7JwVt8W8xX-mk1g_GdQW1QTdj-62Qzx3W2Gg7gL5zKRZLN4JZCvKPwb-YW3pCBc-11BCs8W9cVJh05ZGrDxN55053Bp05ZsW47yMjH7GM8yXW9lKb537tf0-bN5lDyh3xPxcWV6D53T5MwHpCW6cz8g87PlP9YW3S1lHj1s2m0nW6H4n6W5fhLnhW8-qhq37gwMs036p_1&amp;source=gmail&amp;ust=1653154520840000&amp;usg=AOvVaw1TqBjz-aLZLcJcUKi_9Jma\">Assembl\u00e9e g\u00e9n\u00e9rale annuelle de CargoM<\/a>\u00a0\u2013\u00a0<a href=\"https:\/\/info.cargo-montreal.ca\/e3t\/Ctc\/ZU+113\/d11nbd04\/VW-qP41VKDpkW3b_KFM1Lj2t8W8DFYQL4Kj99yN2K0T2N3lLB3V1-WJV7Cg-2kW3KnNQg6Ly1MLW8zkhNV7K1v0GN6lJLLlSrNMJVS_BPY4nsb0GW3lYJcc7B-t1CN2qzk-xgj8GRW96cZXQ990wQ5W6BQwfF8tJBggW1Q1161418_NRVF6sZp2vykv7W4JHmvR2LFVvLW8GmZ7B2PHjxfN7TkxVJbglBRW1XhxRj2k_4wwVDHgFr5cwRDhW139yhb596vyvW4mw1J569K5k8W77b6Bm3RXv22W4qSx0L4YFNTkVzHYM34w38qJ35RC1\" target=\"_blank\" rel=\"noopener\" data-saferedirecturl=\"https:\/\/www.google.com\/url?hl=fr-CA&amp;q=https:\/\/info.cargo-montreal.ca\/e3t\/Ctc\/ZU%2B113\/d11nbd04\/VW-qP41VKDpkW3b_KFM1Lj2t8W8DFYQL4Kj99yN2K0T2N3lLB3V1-WJV7Cg-2kW3KnNQg6Ly1MLW8zkhNV7K1v0GN6lJLLlSrNMJVS_BPY4nsb0GW3lYJcc7B-t1CN2qzk-xgj8GRW96cZXQ990wQ5W6BQwfF8tJBggW1Q1161418_NRVF6sZp2vykv7W4JHmvR2LFVvLW8GmZ7B2PHjxfN7TkxVJbglBRW1XhxRj2k_4wwVDHgFr5cwRDhW139yhb596vyvW4mw1J569K5k8W77b6Bm3RXv22W4qSx0L4YFNTkVzHYM34w38qJ35RC1&amp;source=gmail&amp;ust=1653154520840000&amp;usg=AOvVaw0nSBlX8_C6E7TCuOxw15mV\">CargoM<\/a><\/p>\r\n<p align=\"justify\">6 juin 2022 \u2013\u00a0<a href=\"https:\/\/info.cargo-montreal.ca\/e3t\/Ctc\/ZU+113\/d11nbd04\/VW-qP41VKDpkW3b_KFM1Lj2t8W8DFYQL4Kj99yN2K0T3G3lLBZV1-WJV7CgFfsW77lGms1GKhZqW6bjGkq7DXT3KW4VKC5c4m5zSZW2kWKvQ7zCmRWW6YFRjw1SwZyzW41FTKk3DG9KLW66B-yN2Mj6BkW45218g5xDF4yW89VBL_7p_pkPW81Xl6Q3qpwGkW82MJqZ6qkTv2F8-3c80cXnkVqsVbN6WtBb7N2r09z44gTB9W1cr0ZB9fGpccW2k_Hn74lNP3BW12JhTN4dvfkwW6zkHh75HJxXjW8hSY3F8xdGKrW86LBRl3W_SktW4gLC-l2D7BZgW80XY3Z5C1LCXW87Cxwn8n-3dwW4-FYh-3VFGhSW93Ct2p82qDtXVMKQZh1R-_9h3nZ71\" target=\"_blank\" rel=\"noopener\" data-saferedirecturl=\"https:\/\/www.google.com\/url?hl=fr-CA&amp;q=https:\/\/info.cargo-montreal.ca\/e3t\/Ctc\/ZU%2B113\/d11nbd04\/VW-qP41VKDpkW3b_KFM1Lj2t8W8DFYQL4Kj99yN2K0T3G3lLBZV1-WJV7CgFfsW77lGms1GKhZqW6bjGkq7DXT3KW4VKC5c4m5zSZW2kWKvQ7zCmRWW6YFRjw1SwZyzW41FTKk3DG9KLW66B-yN2Mj6BkW45218g5xDF4yW89VBL_7p_pkPW81Xl6Q3qpwGkW82MJqZ6qkTv2F8-3c80cXnkVqsVbN6WtBb7N2r09z44gTB9W1cr0ZB9fGpccW2k_Hn74lNP3BW12JhTN4dvfkwW6zkHh75HJxXjW8hSY3F8xdGKrW86LBRl3W_SktW4gLC-l2D7BZgW80XY3Z5C1LCXW87Cxwn8n-3dwW4-FYh-3VFGhSW93Ct2p82qDtXVMKQZh1R-_9h3nZ71&amp;source=gmail&amp;ust=1653154520840000&amp;usg=AOvVaw3Dk_yRQMOr52RrXpOpsYAJ\">L\u2019international au c\u0153ur de la croissance de nos entreprises<\/a>\u00a0\u2013\u00a0<a href=\"https:\/\/info.cargo-montreal.ca\/e3t\/Ctc\/ZU+113\/d11nbd04\/VW-qP41VKDpkW3b_KFM1Lj2t8W8DFYQL4Kj99yN2K0T2t3lLzNV1-WJV7CgTKtW95BxbF3TtNX9VjNs873VNlVyN4kZbxLtRX5fN2qwWl-XxvDkW61g1--2-QsRpW8Vq3Lk5TFjlFW4rttB02dGrxqVfr_tk5xM8FMW4-V45w6Gwc0xW103C4N7N0ldFW3FF67L4CVK0RW2zS8Sh10xWqfW1sSrnB8WvfchVl2JPb4SFlJGW1-rvMM1s3QZyW6K0LSL781-l4W2SKnXn4mYmFzW88dJG42xMZcP38c21\" target=\"_blank\" rel=\"noopener\" data-saferedirecturl=\"https:\/\/www.google.com\/url?hl=fr-CA&amp;q=https:\/\/info.cargo-montreal.ca\/e3t\/Ctc\/ZU%2B113\/d11nbd04\/VW-qP41VKDpkW3b_KFM1Lj2t8W8DFYQL4Kj99yN2K0T2t3lLzNV1-WJV7CgTKtW95BxbF3TtNX9VjNs873VNlVyN4kZbxLtRX5fN2qwWl-XxvDkW61g1--2-QsRpW8Vq3Lk5TFjlFW4rttB02dGrxqVfr_tk5xM8FMW4-V45w6Gwc0xW103C4N7N0ldFW3FF67L4CVK0RW2zS8Sh10xWqfW1sSrnB8WvfchVl2JPb4SFlJGW1-rvMM1s3QZyW6K0LSL781-l4W2SKnXn4mYmFzW88dJG42xMZcP38c21&amp;source=gmail&amp;ust=1653154520840000&amp;usg=AOvVaw2liu1wGHNuXdfDFnX7aSHN\">CCMM<\/a>\u00a0(rabais possible pour les membres de CargoM \u2013 contactez Mme\u00a0<a href=\"mailto:kdudognon@cargo-montreal.ca\" target=\"_blank\" rel=\"noopener\">Karine Dudognon<\/a>\u00a0pour obtenir le code promo)<\/p>\r\n<p align=\"justify\">8 juin 2022 \u2013 <a href=\"https:\/\/info.cargo-montreal.ca\/e3t\/Ctc\/ZU+113\/d11nbd04\/VW-qP41VKDpkW3b_KFM1Lj2t8W8DFYQL4Kj99yN2K0T3Z3lLCfV1-WJV7CgPvkW50RRqN27DpBBN6rtC16Jn7dkW8b_4x32lPz2PV84p6J1DwWXMW1dybhl73K-lkW9l096D7TMz5SVyXGWZ4X2mmkW3C5QXx3P127jW65XqWg74V-cpN4jDCb120FJTVW8x5M4QMpFdW9kTBKF3Pvz5QN2SGMQXXbZgcW1z5hLg7wFJvBVFm7mq6_MhjdVQvq4H1QDgT_VvF-7Q4Qnm2ZW3xTjpR6ZSF8ZMT-NPRCRpBkW1NQdWv90pfNrW3wjwNW5154kJW58Yf_63w6pN3W7ddzC631HrXKW8Tnm_r2Lf3gXW8ktrqX8TsNyyW1fFkL34jBrCxW3qNZGT78XkJvW3fGNWd6Lxnqd3dNp1\" target=\"_blank\" rel=\"noopener\" data-saferedirecturl=\"https:\/\/www.google.com\/url?hl=fr-CA&amp;q=https:\/\/info.cargo-montreal.ca\/e3t\/Ctc\/ZU%2B113\/d11nbd04\/VW-qP41VKDpkW3b_KFM1Lj2t8W8DFYQL4Kj99yN2K0T3Z3lLCfV1-WJV7CgPvkW50RRqN27DpBBN6rtC16Jn7dkW8b_4x32lPz2PV84p6J1DwWXMW1dybhl73K-lkW9l096D7TMz5SVyXGWZ4X2mmkW3C5QXx3P127jW65XqWg74V-cpN4jDCb120FJTVW8x5M4QMpFdW9kTBKF3Pvz5QN2SGMQXXbZgcW1z5hLg7wFJvBVFm7mq6_MhjdVQvq4H1QDgT_VvF-7Q4Qnm2ZW3xTjpR6ZSF8ZMT-NPRCRpBkW1NQdWv90pfNrW3wjwNW5154kJW58Yf_63w6pN3W7ddzC631HrXKW8Tnm_r2Lf3gXW8ktrqX8TsNyyW1fFkL34jBrCxW3qNZGT78XkJvW3fGNWd6Lxnqd3dNp1&amp;source=gmail&amp;ust=1653154520840000&amp;usg=AOvVaw2mlYfA0NS2peO8yipmwaUt\">D\u00e9carboner le transport, la manutention et la production d&rsquo;\u00e9nergie dans un contexte portuaire<\/a>\u00a0\u2013\u00a0<a href=\"https:\/\/info.cargo-montreal.ca\/e3t\/Ctc\/ZU+113\/d11nbd04\/VW-qP41VKDpkW3b_KFM1Lj2t8W8DFYQL4Kj99yN2K0T2N3lLB3V1-WJV7CgCPrW3203XL87PYLsV67M9h8hK1QxW2CT3Xz5f3mfJW9lXbtr55WWTdW4mmFgd3G1n98Vs_k_c6y8TnMW4kFGcV1SB0JzW5v7VRy2RTsJyW8Mn4SN5JkkfXW1l21Df5T9NrQW2RHrcV4BvdkYW6rqTkR5mvtnwW4CqlC-7ZSq8RN1sLwB6Mjy-jW26Z4HV7lLGRyW7_yyk24yVYhGW1Vcv1B1q86rRW1pF5nc6-LBDVW25-h9h4MP21rW3zh-pM6vd1zg3bHl1\" target=\"_blank\" rel=\"noopener\" data-saferedirecturl=\"https:\/\/www.google.com\/url?hl=fr-CA&amp;q=https:\/\/info.cargo-montreal.ca\/e3t\/Ctc\/ZU%2B113\/d11nbd04\/VW-qP41VKDpkW3b_KFM1Lj2t8W8DFYQL4Kj99yN2K0T2N3lLB3V1-WJV7CgCPrW3203XL87PYLsV67M9h8hK1QxW2CT3Xz5f3mfJW9lXbtr55WWTdW4mmFgd3G1n98Vs_k_c6y8TnMW4kFGcV1SB0JzW5v7VRy2RTsJyW8Mn4SN5JkkfXW1l21Df5T9NrQW2RHrcV4BvdkYW6rqTkR5mvtnwW4CqlC-7ZSq8RN1sLwB6Mjy-jW26Z4HV7lLGRyW7_yyk24yVYhGW1Vcv1B1q86rRW1pF5nc6-LBDVW25-h9h4MP21rW3zh-pM6vd1zg3bHl1&amp;source=gmail&amp;ust=1653154520840000&amp;usg=AOvVaw0zNeS3m_mTWWXuUC2biYe7\">CargoM<\/a>\u00a0\/\u00a0<a href=\"https:\/\/info.cargo-montreal.ca\/e3t\/Ctc\/ZU+113\/d11nbd04\/VW-qP41VKDpkW3b_KFM1Lj2t8W8DFYQL4Kj99yN2K0T2N3lLB3V1-WJV7CgXc1W7l7_271P6vvdW71wbnG6_QPHhN2TgkQpgKTSvW3xsvZ52CMfNcN3bkPccTzLkpW3N02jx5kdPY2W6vhX3T4y-RWTW78_hRD729VX1W23XRVq8SKy85W2NYhSG3R4m5bN66bVy-fCYMwW6g_XVD66Qvv7N7dZDVWS_v3yW49rVDq6n-FqmW5tj5yx6fDqc9W6RVkrQ6_pjNZW59s69V8h_rP5N52TYTjW_7gCW2SW22L6dZ--kW5rTRD43xNZDk3nt11\" target=\"_blank\" rel=\"noopener\" data-saferedirecturl=\"https:\/\/www.google.com\/url?hl=fr-CA&amp;q=https:\/\/info.cargo-montreal.ca\/e3t\/Ctc\/ZU%2B113\/d11nbd04\/VW-qP41VKDpkW3b_KFM1Lj2t8W8DFYQL4Kj99yN2K0T2N3lLB3V1-WJV7CgXc1W7l7_271P6vvdW71wbnG6_QPHhN2TgkQpgKTSvW3xsvZ52CMfNcN3bkPccTzLkpW3N02jx5kdPY2W6vhX3T4y-RWTW78_hRD729VX1W23XRVq8SKy85W2NYhSG3R4m5bN66bVy-fCYMwW6g_XVD66Qvv7N7dZDVWS_v3yW49rVDq6n-FqmW5tj5yx6fDqc9W6RVkrQ6_pjNZW59s69V8h_rP5N52TYTjW_7gCW2SW22L6dZ--kW5rTRD43xNZDk3nt11&amp;source=gmail&amp;ust=1653154520840000&amp;usg=AOvVaw3Oe84YeQfPGKIgmEeTyxTY\">HTEC<\/a><\/p>\r\n<p align=\"justify\">8 au 10 juin 2022 \u2013\u00a0<a href=\"https:\/\/info.cargo-montreal.ca\/e3t\/Ctc\/ZU+113\/d11nbd04\/VW-qP41VKDpkW3b_KFM1Lj2t8W8DFYQL4Kj99yN2K0T333lLBmV1-WJV7CgPzKW8yy9KT4ZTZ1NW7dKCws7wpnz-N4n2RM72vg0hW2VYJ31849s8PW2p_b3n789wNTW6MVqHh1TdS8FW3cxJFm2jldvGW8lX2Hj3gs-7wW1VP4JL6-0kVdW5HNbkq5Xw2N7VHYfXS15MGzPW54D_BF5TXZwfW75LfJM4hzxM1Vb4_G-2q6nTdW130wB62KwMZHW5JfVzS4dd6dRW8Xnd-Z4x3TH0W3TwcH38dtTygW3-nZy69kX8kBW3hQDcl89Q_zHW6Fc2c31X169KN3_v1GWFyWWk3pHC1\" target=\"_blank\" rel=\"noopener\" data-saferedirecturl=\"https:\/\/www.google.com\/url?hl=fr-CA&amp;q=https:\/\/info.cargo-montreal.ca\/e3t\/Ctc\/ZU%2B113\/d11nbd04\/VW-qP41VKDpkW3b_KFM1Lj2t8W8DFYQL4Kj99yN2K0T333lLBmV1-WJV7CgPzKW8yy9KT4ZTZ1NW7dKCws7wpnz-N4n2RM72vg0hW2VYJ31849s8PW2p_b3n789wNTW6MVqHh1TdS8FW3cxJFm2jldvGW8lX2Hj3gs-7wW1VP4JL6-0kVdW5HNbkq5Xw2N7VHYfXS15MGzPW54D_BF5TXZwfW75LfJM4hzxM1Vb4_G-2q6nTdW130wB62KwMZHW5JfVzS4dd6dRW8Xnd-Z4x3TH0W3TwcH38dtTygW3-nZy69kX8kBW3hQDcl89Q_zHW6Fc2c31X169KN3_v1GWFyWWk3pHC1&amp;source=gmail&amp;ust=1653154520840000&amp;usg=AOvVaw09T8tUTSMMb65d9gvgZJG1\">Colloque environnemental Greentech<\/a>\u00a0\u2013\u00a0<a href=\"https:\/\/info.cargo-montreal.ca\/e3t\/Ctc\/ZU+113\/d11nbd04\/VW-qP41VKDpkW3b_KFM1Lj2t8W8DFYQL4Kj99yN2K0T2t3lLzNV1-WJV7Cg-tRW95FZxx2wyb60N6pFP8c7sFqgVBqF9q4YbtXFW6ChYWc28mnXwW45rRGW8Qlsb5W6sB0cw9dspZfW4RMzYz8pl1hRW6lX8CZ2bt5-FW4Nf7Hl7qdTzhW5bx88h3MhK5yW5St4QG5lGX5xN1kDkTQv7KrKW4mz4lw4Fy10jW1dPKp_2YDhv7N137Jyk187T1W5mDjQt1ndthRW9hHnHp1rrHGGW1tzVbD45C0ZP3fx71\" target=\"_blank\" rel=\"noopener\" data-saferedirecturl=\"https:\/\/www.google.com\/url?hl=fr-CA&amp;q=https:\/\/info.cargo-montreal.ca\/e3t\/Ctc\/ZU%2B113\/d11nbd04\/VW-qP41VKDpkW3b_KFM1Lj2t8W8DFYQL4Kj99yN2K0T2t3lLzNV1-WJV7Cg-tRW95FZxx2wyb60N6pFP8c7sFqgVBqF9q4YbtXFW6ChYWc28mnXwW45rRGW8Qlsb5W6sB0cw9dspZfW4RMzYz8pl1hRW6lX8CZ2bt5-FW4Nf7Hl7qdTzhW5bx88h3MhK5yW5St4QG5lGX5xN1kDkTQv7KrKW4mz4lw4Fy10jW1dPKp_2YDhv7N137Jyk187T1W5mDjQt1ndthRW9hHnHp1rrHGGW1tzVbD45C0ZP3fx71&amp;source=gmail&amp;ust=1653154520840000&amp;usg=AOvVaw05vS0xTJqw0Ol_NbdM_h7w\">Alliance verte<\/a><\/p>\r\n<p align=\"justify\">8 au 10 juin 2022\u00a0\u2013\u00a0<a href=\"https:\/\/info.cargo-montreal.ca\/e3t\/Ctc\/ZU+113\/d11nbd04\/VW-qP41VKDpkW3b_KFM1Lj2t8W8DFYQL4Kj99yN2K0T2t3lLzNV1-WJV7CgDfRW62p2Ds1VpvmcVPNZFx6qYCv5W6H3S2l4Q2sVsW2B_2sq6wKYJKW5pfk6j6ZnbjpVnMct14VdSdyW5TtxQc5tMYCYW2KYZgs38KcSCW4fc1m82kRvpyW3Kcqdj7YTPj6W3ByhvX8S2qZfW1z6LHR3f21VqW8DNTmV7DH2zmW5bjdqV1Rh5m6W2-F5cM78xQdsMGHgy7PW2XYV7Fqbj8s9sCYW8FN75f4zgd393fyG1\" target=\"_blank\" rel=\"noopener\" data-saferedirecturl=\"https:\/\/www.google.com\/url?hl=fr-CA&amp;q=https:\/\/info.cargo-montreal.ca\/e3t\/Ctc\/ZU%2B113\/d11nbd04\/VW-qP41VKDpkW3b_KFM1Lj2t8W8DFYQL4Kj99yN2K0T2t3lLzNV1-WJV7CgDfRW62p2Ds1VpvmcVPNZFx6qYCv5W6H3S2l4Q2sVsW2B_2sq6wKYJKW5pfk6j6ZnbjpVnMct14VdSdyW5TtxQc5tMYCYW2KYZgs38KcSCW4fc1m82kRvpyW3Kcqdj7YTPj6W3ByhvX8S2qZfW1z6LHR3f21VqW8DNTmV7DH2zmW5bjdqV1Rh5m6W2-F5cM78xQdsMGHgy7PW2XYV7Fqbj8s9sCYW8FN75f4zgd393fyG1&amp;source=gmail&amp;ust=1653154520840000&amp;usg=AOvVaw1i1yO_2dSjmHmnXNZPpCaa\">Canada\u2019s Logistics Conference 2022 (Montr\u00e9al)<\/a>\u00a0\u2013\u00a0<a href=\"https:\/\/info.cargo-montreal.ca\/e3t\/Ctc\/ZU+113\/d11nbd04\/VW-qP41VKDpkW3b_KFM1Lj2t8W8DFYQL4Kj99yN2K0T2t3lLzNV1-WJV7CgR61W4-Y8Mp2H1SYgW7sZc_y7MPD0tV4bxLY8m26CFN9jf8d_PlbtBW2Nvx3c8GP1KxVsjk0D1RtwdRW7VVQBB8ljwqTW1W_5d21nd-N7W7Kl1LR3rjj34W2BbZs23KPW5PW12Gp5b2lQ9MLW1MxvxZ6h7JqhW4TzK_L6nSj0JW7LK0sv7KQWCtW42CCbd6l6FHyVcZ8Gf4L_wBpW2skHTM7Pm5wZW2GMl2h3W52Fk3kSp1\" target=\"_blank\" rel=\"noopener\" data-saferedirecturl=\"https:\/\/www.google.com\/url?hl=fr-CA&amp;q=https:\/\/info.cargo-montreal.ca\/e3t\/Ctc\/ZU%2B113\/d11nbd04\/VW-qP41VKDpkW3b_KFM1Lj2t8W8DFYQL4Kj99yN2K0T2t3lLzNV1-WJV7CgR61W4-Y8Mp2H1SYgW7sZc_y7MPD0tV4bxLY8m26CFN9jf8d_PlbtBW2Nvx3c8GP1KxVsjk0D1RtwdRW7VVQBB8ljwqTW1W_5d21nd-N7W7Kl1LR3rjj34W2BbZs23KPW5PW12Gp5b2lQ9MLW1MxvxZ6h7JqhW4TzK_L6nSj0JW7LK0sv7KQWCtW42CCbd6l6FHyVcZ8Gf4L_wBpW2skHTM7Pm5wZW2GMl2h3W52Fk3kSp1&amp;source=gmail&amp;ust=1653154520840000&amp;usg=AOvVaw0iqcx4RmD_U4UFQNyhjauG\">CITT<\/a><\/p>\r\n<p align=\"justify\">9 juin 2022 \u2013\u00a0<a href=\"https:\/\/info.cargo-montreal.ca\/e3t\/Ctc\/ZU+113\/d11nbd04\/VW-qP41VKDpkW3b_KFM1Lj2t8W8DFYQL4Kj99yN2K0T2N3lLB3V1-WJV7CgMn_W2NDvxf3nHy3fVmWFxD35lhXSW8k3VRS80-1WvW3swM2b2JBhH9W938YCJ2ft02zN952tscWJG8pW3cdPll63ptscN8tFZdq3ZmsMW8h2k9Z2TXPftW71hrMp1yfP02W3QkW7Z7wtmW3F3hlynRcnklW5hl-cd1_0B7hW2TBHjt8CgQ78W28zD2j5wtrpqW5v_-lV2QhXFzW5YHgB54T9kh2VJhGws6B9cpwW7GVzPP8lwKxRW4GnsKp1TW3Nk35q31\" target=\"_blank\" rel=\"noopener\" data-saferedirecturl=\"https:\/\/www.google.com\/url?hl=fr-CA&amp;q=https:\/\/info.cargo-montreal.ca\/e3t\/Ctc\/ZU%2B113\/d11nbd04\/VW-qP41VKDpkW3b_KFM1Lj2t8W8DFYQL4Kj99yN2K0T2N3lLB3V1-WJV7CgMn_W2NDvxf3nHy3fVmWFxD35lhXSW8k3VRS80-1WvW3swM2b2JBhH9W938YCJ2ft02zN952tscWJG8pW3cdPll63ptscN8tFZdq3ZmsMW8h2k9Z2TXPftW71hrMp1yfP02W3QkW7Z7wtmW3F3hlynRcnklW5hl-cd1_0B7hW2TBHjt8CgQ78W28zD2j5wtrpqW5v_-lV2QhXFzW5YHgB54T9kh2VJhGws6B9cpwW7GVzPP8lwKxRW4GnsKp1TW3Nk35q31&amp;source=gmail&amp;ust=1653154520841000&amp;usg=AOvVaw2OOd43AZHMXA4stfF31HvA\">C\u00e9l\u00e9brons les femmes en logistique<\/a>\u00a0\u2013\u00a0<a href=\"https:\/\/info.cargo-montreal.ca\/e3t\/Ctc\/ZU+113\/d11nbd04\/VW-qP41VKDpkW3b_KFM1Lj2t8W8DFYQL4Kj99yN2K0T2t3lLzNV1-WJV7CgD9dW8W3XyV2jq196W93vLCM6zXBg_W7BtMzv1MMd7JLLj5SMScflW95gCk-2rdPSpW3pr9wR6pGwwJVk8h3t5Zq7sKVyC6H41YCMBnW3jdbd45yjtkdW1j273K1CqNWHW58_Rfv4RXMYjW3t_w0N6P0SxTVVH6Jj5t9c00N598B1zNPFKsW2vz5jR694GStW2wxKdS66XWv_W2B-T40975PrqW8yqr6Y1R7sm53qpp1\" target=\"_blank\" rel=\"noopener\" data-saferedirecturl=\"https:\/\/www.google.com\/url?hl=fr-CA&amp;q=https:\/\/info.cargo-montreal.ca\/e3t\/Ctc\/ZU%2B113\/d11nbd04\/VW-qP41VKDpkW3b_KFM1Lj2t8W8DFYQL4Kj99yN2K0T2t3lLzNV1-WJV7CgD9dW8W3XyV2jq196W93vLCM6zXBg_W7BtMzv1MMd7JLLj5SMScflW95gCk-2rdPSpW3pr9wR6pGwwJVk8h3t5Zq7sKVyC6H41YCMBnW3jdbd45yjtkdW1j273K1CqNWHW58_Rfv4RXMYjW3t_w0N6P0SxTVVH6Jj5t9c00N598B1zNPFKsW2vz5jR694GStW2wxKdS66XWv_W2B-T40975PrqW8yqr6Y1R7sm53qpp1&amp;source=gmail&amp;ust=1653154520841000&amp;usg=AOvVaw3nscjQlD80SEXQAY1z11O8\">Le Club de Trafic de Montr\u00e9al<\/a><\/p>\r\n<p align=\"justify\">12 au 15 juin 2022\u00a0\u2013\u00a0<a href=\"https:\/\/info.cargo-montreal.ca\/e3t\/Ctc\/ZU+113\/d11nbd04\/VW-qP41VKDpkW3b_KFM1Lj2t8W8DFYQL4Kj99yN2K0T2t3lLzNV1-WJV7CgPRMW42R0yg9fmJ0fW8v8Zcw7BD9LSW4TLTcd5Vc81zW8tSb854TP1qSW3h-Kgj96J4KBW75lR8x82CpzbW5Cvsm43Fk7Y_W34k8qz250GtvW8fm8y95Z9WZPW36CNXr6S4DX7W1jLYQF5sXgrrW7jGPv33335j0W2tZkG13KtDWYVmRpTR1FHDh6W8KRRHb8rw01BW65fv2_59dQ8WV3M_692TBdZRN7PnXnBy2z0_365K1\" target=\"_blank\" rel=\"noopener\" data-saferedirecturl=\"https:\/\/www.google.com\/url?hl=fr-CA&amp;q=https:\/\/info.cargo-montreal.ca\/e3t\/Ctc\/ZU%2B113\/d11nbd04\/VW-qP41VKDpkW3b_KFM1Lj2t8W8DFYQL4Kj99yN2K0T2t3lLzNV1-WJV7CgPRMW42R0yg9fmJ0fW8v8Zcw7BD9LSW4TLTcd5Vc81zW8tSb854TP1qSW3h-Kgj96J4KBW75lR8x82CpzbW5Cvsm43Fk7Y_W34k8qz250GtvW8fm8y95Z9WZPW36CNXr6S4DX7W1jLYQF5sXgrrW7jGPv33335j0W2tZkG13KtDWYVmRpTR1FHDh6W8KRRHb8rw01BW65fv2_59dQ8WV3M_692TBdZRN7PnXnBy2z0_365K1&amp;source=gmail&amp;ust=1653154520841000&amp;usg=AOvVaw0rK9OM4BKAxYsQPPCQEWfu\">57<sup>e<\/sup>\u00a0Conf\u00e9rence annuelle<\/a>\u00a0\u2013\u00a0<a href=\"https:\/\/info.cargo-montreal.ca\/e3t\/Ctc\/ZU+113\/d11nbd04\/VW-qP41VKDpkW3b_KFM1Lj2t8W8DFYQL4Kj99yN2K0T2t3lLzNV1-WJV7CgZRVW2RYXTV6TKk7JW8HCkjW53tFdBW7W5D1893-5nRW5XWHk56Ct5SXW2X9NCD89GSB9W6Pjx5Y36nNs2W1s3fYv5FKXhpW2tbhQg4ppVQTW79CG4b22dJ7jVDvDDv700NzRW30fT-V2dBn0FW9c1_tq2kQG5kW3w10LW5MF4zNW7Y8SzY5WbDMlW6LpK8F7g5Qd3W4RfKZS3FTD_9W7PBymn5ZQDFGW1qV49N22yJD13lsh1\" target=\"_blank\" rel=\"noopener\" data-saferedirecturl=\"https:\/\/www.google.com\/url?hl=fr-CA&amp;q=https:\/\/info.cargo-montreal.ca\/e3t\/Ctc\/ZU%2B113\/d11nbd04\/VW-qP41VKDpkW3b_KFM1Lj2t8W8DFYQL4Kj99yN2K0T2t3lLzNV1-WJV7CgZRVW2RYXTV6TKk7JW8HCkjW53tFdBW7W5D1893-5nRW5XWHk56Ct5SXW2X9NCD89GSB9W6Pjx5Y36nNs2W1s3fYv5FKXhpW2tbhQg4ppVQTW79CG4b22dJ7jVDvDDv700NzRW30fT-V2dBn0FW9c1_tq2kQG5kW3w10LW5MF4zNW7Y8SzY5WbDMlW6LpK8F7g5Qd3W4RfKZS3FTD_9W7PBymn5ZQDFGW1qV49N22yJD13lsh1&amp;source=gmail&amp;ust=1653154520841000&amp;usg=AOvVaw0PoxKYLyfNGNujrrBXzhS-\">Groupe de recherches sur les transports au Canada \/ Canadian Transportation Research Forum<\/a><\/p>\r\n<p align=\"justify\">13 au 17 juin 2022 \u2013\u00a0<a href=\"https:\/\/info.cargo-montreal.ca\/e3t\/Ctc\/ZU+113\/d11nbd04\/VW-qP41VKDpkW3b_KFM1Lj2t8W8DFYQL4Kj99yN2K0T2t3lLzNV1-WJV7CgGv1W2J-CWN4fRVWVVkcD_41M3t4CW7rDHQf3Rc_b3W992h4N5_ryDbN8Vqz6GmD7jGW8f3pX754YVB8W7fS3Rz6ffybHW1sQyvb7r1NRPN2l4vWRDLfXzW8rsK728YnPZmW42Nqjk7kVtrJW4f43Rw9flBNxW61xGcj39_bpLW208tn27kMxQsW5SsXZF7WlY9jW8kmy8H5c_R0wV5Zx5-8rX3LBW50ZxcZ7N74xQ3d291\" target=\"_blank\" rel=\"noopener\" data-saferedirecturl=\"https:\/\/www.google.com\/url?hl=fr-CA&amp;q=https:\/\/info.cargo-montreal.ca\/e3t\/Ctc\/ZU%2B113\/d11nbd04\/VW-qP41VKDpkW3b_KFM1Lj2t8W8DFYQL4Kj99yN2K0T2t3lLzNV1-WJV7CgGv1W2J-CWN4fRVWVVkcD_41M3t4CW7rDHQf3Rc_b3W992h4N5_ryDbN8Vqz6GmD7jGW8f3pX754YVB8W7fS3Rz6ffybHW1sQyvb7r1NRPN2l4vWRDLfXzW8rsK728YnPZmW42Nqjk7kVtrJW4f43Rw9flBNxW61xGcj39_bpLW208tn27kMxQsW5SsXZF7WlY9jW8kmy8H5c_R0wV5Zx5-8rX3LBW50ZxcZ7N74xQ3d291&amp;source=gmail&amp;ust=1653154520841000&amp;usg=AOvVaw16QTfggk36ycfrdy-FlsUP\">AICE 2022<\/a>\u00a0\u2013\u00a0<a href=\"https:\/\/info.cargo-montreal.ca\/e3t\/Ctc\/ZU+113\/d11nbd04\/VW-qP41VKDpkW3b_KFM1Lj2t8W8DFYQL4Kj99yN2K0T2t3lLzNV1-WJV7CgBDtW8FPW7H1k2NPBW1vVV6C5pFcLyW3NtTln8nsKK8W23nXJr4MT8NbW3M_GNz4jG0W5W1Y6Zrz4-CgphN1BqPK870r0KW5nDms66Rljz4W3swKly7VsH47W5K6QQb4zX0SRW96ySK61GdPk9W1l__pP4L_lNbW37fFD43n54SYW3lYYFk1mXT78N5KDR9dRKGbxV5MCTB1G6KRBW1F6jWY67ZYcKW1yXv8h25tCF-3qg21\" target=\"_blank\" rel=\"noopener\" data-saferedirecturl=\"https:\/\/www.google.com\/url?hl=fr-CA&amp;q=https:\/\/info.cargo-montreal.ca\/e3t\/Ctc\/ZU%2B113\/d11nbd04\/VW-qP41VKDpkW3b_KFM1Lj2t8W8DFYQL4Kj99yN2K0T2t3lLzNV1-WJV7CgBDtW8FPW7H1k2NPBW1vVV6C5pFcLyW3NtTln8nsKK8W23nXJr4MT8NbW3M_GNz4jG0W5W1Y6Zrz4-CgphN1BqPK870r0KW5nDms66Rljz4W3swKly7VsH47W5K6QQb4zX0SRW96ySK61GdPk9W1l__pP4L_lNbW37fFD43n54SYW3lYYFk1mXT78N5KDR9dRKGbxV5MCTB1G6KRBW1F6jWY67ZYcKW1yXv8h25tCF-3qg21&amp;source=gmail&amp;ust=1653154520841000&amp;usg=AOvVaw2yASzxHBWgMWiOSA3nS3hP\">World Free Zones Organization<\/a><\/p>\r\n<p align=\"justify\">16 juin 2022 \u2013\u00a0<a href=\"https:\/\/info.cargo-montreal.ca\/e3t\/Ctc\/ZU+113\/d11nbd04\/VW-qP41VKDpkW3b_KFM1Lj2t8W8DFYQL4Kj99yN2K0T3m3lLBGV1-WJV7CgMRnW8sCKDH3qs3wpW96J86S8PK-N9W7_NDFR4WqBrCW8CxnCM4KH64XW7l-27F68NHDyW5jb9vC8pyd2vW1zTlrY8TThw4W8brww36h1QhHW6CqwJ_1N66q9VtRBfX7jr99zW46YpdN6L0n95W824yd43-qyryW7NjlBT3g7mjxM5dY9zGnMr6N29QSzRKW_hcW28PwR771Mdp8W4Pmt503XFBVYW7T9-kG2FRd_GW1hVCyX55dmNqW2Xq3Ld7dbH93N7Q6XSvB18H8W4nmpXY1byvdZW4Kh2qG2JN6CxW6j9WHF8Gs-LY37rM1\" target=\"_blank\" rel=\"noopener\" data-saferedirecturl=\"https:\/\/www.google.com\/url?hl=fr-CA&amp;q=https:\/\/info.cargo-montreal.ca\/e3t\/Ctc\/ZU%2B113\/d11nbd04\/VW-qP41VKDpkW3b_KFM1Lj2t8W8DFYQL4Kj99yN2K0T3m3lLBGV1-WJV7CgMRnW8sCKDH3qs3wpW96J86S8PK-N9W7_NDFR4WqBrCW8CxnCM4KH64XW7l-27F68NHDyW5jb9vC8pyd2vW1zTlrY8TThw4W8brww36h1QhHW6CqwJ_1N66q9VtRBfX7jr99zW46YpdN6L0n95W824yd43-qyryW7NjlBT3g7mjxM5dY9zGnMr6N29QSzRKW_hcW28PwR771Mdp8W4Pmt503XFBVYW7T9-kG2FRd_GW1hVCyX55dmNqW2Xq3Ld7dbH93N7Q6XSvB18H8W4nmpXY1byvdZW4Kh2qG2JN6CxW6j9WHF8Gs-LY37rM1&amp;source=gmail&amp;ust=1653154520841000&amp;usg=AOvVaw3ngvqV_kj248JgQA9kGtHU\">Assembl\u00e9e g\u00e9n\u00e9rale annuelle 2022<\/a>\u00a0\u2013\u00a0<a href=\"https:\/\/info.cargo-montreal.ca\/e3t\/Ctc\/ZU+113\/d11nbd04\/VW-qP41VKDpkW3b_KFM1Lj2t8W8DFYQL4Kj99yN2K0T3m3lLBGV1-WJV7CgPfbW5b16qC8BHkDxN3l_6W6SLjDTVlH0pR5nSyqnVdPPrp5-DjXzW62qtmt8vtSXgW6z_kTr4rpWfyW1cxsqZ4mFGbNVy87hS63xKyfW486TGL3jB1JkW2Yssnr6SJG2TW70HzR221l8DvW4WC1NW4m4vK3W6yPbkN4vt_HLW12X2jq6wMqKzW197Rf221tX8TW71bhVg4Cr0nRVcxjLH3TPnP6W7nTJZr7l416YW2-892j1RpFXdW3nP0zY1-ryb2W7f8tdf6H9H07W7xCBfV3y7sKtW18zmlL62WZvJW2Y0fgc99tGcG38tt1\" target=\"_blank\" rel=\"noopener\" data-saferedirecturl=\"https:\/\/www.google.com\/url?hl=fr-CA&amp;q=https:\/\/info.cargo-montreal.ca\/e3t\/Ctc\/ZU%2B113\/d11nbd04\/VW-qP41VKDpkW3b_KFM1Lj2t8W8DFYQL4Kj99yN2K0T3m3lLBGV1-WJV7CgPfbW5b16qC8BHkDxN3l_6W6SLjDTVlH0pR5nSyqnVdPPrp5-DjXzW62qtmt8vtSXgW6z_kTr4rpWfyW1cxsqZ4mFGbNVy87hS63xKyfW486TGL3jB1JkW2Yssnr6SJG2TW70HzR221l8DvW4WC1NW4m4vK3W6yPbkN4vt_HLW12X2jq6wMqKzW197Rf221tX8TW71bhVg4Cr0nRVcxjLH3TPnP6W7nTJZr7l416YW2-892j1RpFXdW3nP0zY1-ryb2W7f8tdf6H9H07W7xCBfV3y7sKtW18zmlL62WZvJW2Y0fgc99tGcG38tt1&amp;source=gmail&amp;ust=1653154520841000&amp;usg=AOvVaw2qlx07QZpKiHgLMVxRnCNW\">Comit\u00e9 sectoriel de main-d&rsquo;\u0153uvre de l&rsquo;industrie maritime (CSMOIM)<\/a><\/p>\r\n<p align=\"justify\">14 juin 2022 \u2013\u00a0<a href=\"https:\/\/info.cargo-montreal.ca\/e3t\/Ctc\/ZU+113\/d11nbd04\/VW-qP41VKDpkW3b_KFM1Lj2t8W8DFYQL4Kj99yN2K0T333lLBmV1-WJV7CgX43W1CdrSv3-MdmWW50-rqj3H8NHMN3c921PpbzLsW85rSjk2ss9KjW54QlDs61lVJWVvJYrV5hKpPtW3-NDXz8hJPlQW2zVw1r7NcxrrW8ng1jt5pSMXqW72k0CR5Tbx05W343vcc1SgZdpW3T0Bv22DztNgW1Th1Q690KfgdTY6Nk4-xc87W4PrzhY50w20GW6qRz2-2whd0nW76nH-S233jYBW2Wdwz53NybsqW1H6Rs29b3nQ9W7LsNKt5Cc7zhW1Bkhyl72Zs1_W3xWJSP4H5tQn3jcH1\" target=\"_blank\" rel=\"noopener\" data-saferedirecturl=\"https:\/\/www.google.com\/url?hl=fr-CA&amp;q=https:\/\/info.cargo-montreal.ca\/e3t\/Ctc\/ZU%2B113\/d11nbd04\/VW-qP41VKDpkW3b_KFM1Lj2t8W8DFYQL4Kj99yN2K0T333lLBmV1-WJV7CgX43W1CdrSv3-MdmWW50-rqj3H8NHMN3c921PpbzLsW85rSjk2ss9KjW54QlDs61lVJWVvJYrV5hKpPtW3-NDXz8hJPlQW2zVw1r7NcxrrW8ng1jt5pSMXqW72k0CR5Tbx05W343vcc1SgZdpW3T0Bv22DztNgW1Th1Q690KfgdTY6Nk4-xc87W4PrzhY50w20GW6qRz2-2whd0nW76nH-S233jYBW2Wdwz53NybsqW1H6Rs29b3nQ9W7LsNKt5Cc7zhW1Bkhyl72Zs1_W3xWJSP4H5tQn3jcH1&amp;source=gmail&amp;ust=1653154520841000&amp;usg=AOvVaw02Mo9widQE0gN5gNxSqjJv\">\u00c9volution Laval 2022<\/a>\u00a0\u2013\u00a0<a href=\"https:\/\/info.cargo-montreal.ca\/e3t\/Ctc\/ZU+113\/d11nbd04\/VW-qP41VKDpkW3b_KFM1Lj2t8W8DFYQL4Kj99yN2K0T2t3lLzNV1-WJV7CgMfcV9KDnf3yvxJ8W4WZS_k6cRl4WN62M33blt5dgW29X2591sjVpWW6rG9fN44MTNhVRDRHV6sSbCgW7fcsj751lltvW3vHWSx3TGjrBW6XzRXB97NsJhN7-Y6WSc104MW30x8q03M9FjqW40jm-m5q3NKMW4n6SF77TKQHVW83MJJ-8HQQpdW4qC6-m3BhcXgW59YBc85yYJn9W5gp1Jr80y_Y3W1D91873qQ1dQ3k4P1\" target=\"_blank\" rel=\"noopener\" data-saferedirecturl=\"https:\/\/www.google.com\/url?hl=fr-CA&amp;q=https:\/\/info.cargo-montreal.ca\/e3t\/Ctc\/ZU%2B113\/d11nbd04\/VW-qP41VKDpkW3b_KFM1Lj2t8W8DFYQL4Kj99yN2K0T2t3lLzNV1-WJV7CgMfcV9KDnf3yvxJ8W4WZS_k6cRl4WN62M33blt5dgW29X2591sjVpWW6rG9fN44MTNhVRDRHV6sSbCgW7fcsj751lltvW3vHWSx3TGjrBW6XzRXB97NsJhN7-Y6WSc104MW30x8q03M9FjqW40jm-m5q3NKMW4n6SF77TKQHVW83MJJ-8HQQpdW4qC6-m3BhcXgW59YBc85yYJn9W5gp1Jr80y_Y3W1D91873qQ1dQ3k4P1&amp;source=gmail&amp;ust=1653154520841000&amp;usg=AOvVaw1TjhWwqa6-mv0ineq3Pb9-\">Chambre de commerce et d\u2019industrie de Laval<\/a><\/p>\r\n<p align=\"justify\">19 au 21 juin 2022 \u2013\u00a0<a href=\"https:\/\/info.cargo-montreal.ca\/e3t\/Ctc\/ZU+113\/d11nbd04\/VW-qP41VKDpkW3b_KFM1Lj2t8W8DFYQL4Kj99yN2K0T2N3lLB3V1-WJV7CgR30W4jcgK4534c_7W6HJrXb4zWGFfW144VnP6Q8FKcW2vSzMt49M-MyN1mjZ64-SH3qW8yXDVr6fB36mW5MTBkS7t0g64W5cfwN_2bYm_-W5s7swd2Pz7j_N98zQ2NgdpgNW9bQwpm57h7gpW5SXR072Szc5fW4w07056Bm3HqW6rxM457SVC04N570LLNN_BwVW4QnkWk74M9KjW6GMYgQ13gWl5W7rdy8T3fVmXWML392nkfslrW7RqSwt8Kb9-p3kHf1\" target=\"_blank\" rel=\"noopener\" data-saferedirecturl=\"https:\/\/www.google.com\/url?hl=fr-CA&amp;q=https:\/\/info.cargo-montreal.ca\/e3t\/Ctc\/ZU%2B113\/d11nbd04\/VW-qP41VKDpkW3b_KFM1Lj2t8W8DFYQL4Kj99yN2K0T2N3lLB3V1-WJV7CgR30W4jcgK4534c_7W6HJrXb4zWGFfW144VnP6Q8FKcW2vSzMt49M-MyN1mjZ64-SH3qW8yXDVr6fB36mW5MTBkS7t0g64W5cfwN_2bYm_-W5s7swd2Pz7j_N98zQ2NgdpgNW9bQwpm57h7gpW5SXR072Szc5fW4w07056Bm3HqW6rxM457SVC04N570LLNN_BwVW4QnkWk74M9KjW6GMYgQ13gWl5W7rdy8T3fVmXWML392nkfslrW7RqSwt8Kb9-p3kHf1&amp;source=gmail&amp;ust=1653154520841000&amp;usg=AOvVaw1P_mMXUgBmxKrwiYpNbEDR\">Mission \u00e9conomique SEUS-CP 2022 in Savannah<\/a>\u00a0\u2013\u00a0<a href=\"https:\/\/info.cargo-montreal.ca\/e3t\/Ctc\/ZU+113\/d11nbd04\/VW-qP41VKDpkW3b_KFM1Lj2t8W8DFYQL4Kj99yN2K0T2t3lLzNV1-WJV7CgMt7W52td5_85bttPW8y1Pmw4Pg6tyW7vlYNJ6Z2tL6W6Ph5C-44YDLvVqpxwr6YyFJhW5YLMVv3HlKD8N9b02qSgjJlTW1_VNbX1LwtRjW91_-W-2SQkQJN2lyg5zyx31cW9jfkMW9hgq7-W5Vzr1z6wg66WW7p9Xzx2PnQqsW79SpS35_wKFRW1d96XD4GvBVNW1y5yzt8gtH1LN2db-zffS3lCW6F0v4Y4Y22wp3jTm1\" target=\"_blank\" rel=\"noopener\" data-saferedirecturl=\"https:\/\/www.google.com\/url?hl=fr-CA&amp;q=https:\/\/info.cargo-montreal.ca\/e3t\/Ctc\/ZU%2B113\/d11nbd04\/VW-qP41VKDpkW3b_KFM1Lj2t8W8DFYQL4Kj99yN2K0T2t3lLzNV1-WJV7CgMt7W52td5_85bttPW8y1Pmw4Pg6tyW7vlYNJ6Z2tL6W6Ph5C-44YDLvVqpxwr6YyFJhW5YLMVv3HlKD8N9b02qSgjJlTW1_VNbX1LwtRjW91_-W-2SQkQJN2lyg5zyx31cW9jfkMW9hgq7-W5Vzr1z6wg66WW7p9Xzx2PnQqsW79SpS35_wKFRW1d96XD4GvBVNW1y5yzt8gtH1LN2db-zffS3lCW6F0v4Y4Y22wp3jTm1&amp;source=gmail&amp;ust=1653154520841000&amp;usg=AOvVaw3_Pq0SCUAvLzJ9uNcEvN7a\">Georgia Department of Economic Development<\/a><\/p>\r\n<p align=\"justify\">26 au 29 juin 2022\u00a0\u2013\u00a0<a href=\"https:\/\/info.cargo-montreal.ca\/e3t\/Ctc\/ZU+113\/d11nbd04\/VW-qP41VKDpkW3b_KFM1Lj2t8W8DFYQL4Kj99yN2K0T3m3lLBGV1-WJV7CgPNvN8VvdnnpL_JgW2ZdW_Y8TYTsBN3jPWrvsk_ygW4HdplG6QFMYFW5FYcl93c-gtGW2y050j68ts1zW4PgB6V8z3022W1267n07nskPsW1p4lbn1-sk7QW52DSsH6W0xwJW7FhNzf569PnrW6wk5zZ7S1XSLW45y8Zj5wV8_tW3r-pl74kw2S8W8kbLQJ8S764LW6dxMtQ6xSNfkW8LxLGP2hM3s6W4rGLXZ3tcsw7VZ4sb114hJMbW5KmyNJ29_lPyW639WLB8nqVdBW1lRh1p1ZqYJ5W8XznGQ45CTvSW93jtJ_2KXxS-3mFK1\" target=\"_blank\" rel=\"noopener\" data-saferedirecturl=\"https:\/\/www.google.com\/url?hl=fr-CA&amp;q=https:\/\/info.cargo-montreal.ca\/e3t\/Ctc\/ZU%2B113\/d11nbd04\/VW-qP41VKDpkW3b_KFM1Lj2t8W8DFYQL4Kj99yN2K0T3m3lLBGV1-WJV7CgPNvN8VvdnnpL_JgW2ZdW_Y8TYTsBN3jPWrvsk_ygW4HdplG6QFMYFW5FYcl93c-gtGW2y050j68ts1zW4PgB6V8z3022W1267n07nskPsW1p4lbn1-sk7QW52DSsH6W0xwJW7FhNzf569PnrW6wk5zZ7S1XSLW45y8Zj5wV8_tW3r-pl74kw2S8W8kbLQJ8S764LW6dxMtQ6xSNfkW8LxLGP2hM3s6W4rGLXZ3tcsw7VZ4sb114hJMbW5KmyNJ29_lPyW639WLB8nqVdBW1lRh1p1ZqYJ5W8XznGQ45CTvSW93jtJ_2KXxS-3mFK1&amp;source=gmail&amp;ust=1653154520841000&amp;usg=AOvVaw0BDjcv2JeUKBlP7ieSU2i8\">Investment Summit<\/a>\u00a0\u2013\u00a0<a href=\"https:\/\/info.cargo-montreal.ca\/e3t\/Ctc\/ZU+113\/d11nbd04\/VW-qP41VKDpkW3b_KFM1Lj2t8W8DFYQL4Kj99yN2K0T2N3lLB3V1-WJV7CgR_XW3xCmww5RsTTjW6Wn_Xc80_xVKV8CmT84qFghmW8vrFJR8_S5XHW2w09s177VBPCW3Mf8N83WCB3fV2W-CY5RvSTWN2WxfXtPNnXZW6L2W7C8WJ6GgW9c8WcM5WwLNBW2PfsjG33x1hqW2Jb7gh3Tn75CN2BTHRz2csq9N4FY-h3x1pyMW7snRmw2BDRKJW3LZbW641yFplW6vlfkd1T8y_wW8Kf7FH402FmzW2Qn47B5zTR3lW2Ht3Jz7Kf6hp2g61\" target=\"_blank\" rel=\"noopener\" data-saferedirecturl=\"https:\/\/www.google.com\/url?hl=fr-CA&amp;q=https:\/\/info.cargo-montreal.ca\/e3t\/Ctc\/ZU%2B113\/d11nbd04\/VW-qP41VKDpkW3b_KFM1Lj2t8W8DFYQL4Kj99yN2K0T2N3lLB3V1-WJV7CgR_XW3xCmww5RsTTjW6Wn_Xc80_xVKV8CmT84qFghmW8vrFJR8_S5XHW2w09s177VBPCW3Mf8N83WCB3fV2W-CY5RvSTWN2WxfXtPNnXZW6L2W7C8WJ6GgW9c8WcM5WwLNBW2PfsjG33x1hqW2Jb7gh3Tn75CN2BTHRz2csq9N4FY-h3x1pyMW7snRmw2BDRKJW3LZbW641yFplW6vlfkd1T8y_wW8Kf7FH402FmzW2Qn47B5zTR3lW2Ht3Jz7Kf6hp2g61&amp;source=gmail&amp;ust=1653154520841000&amp;usg=AOvVaw3EdITqYsBsC0NaF14kSSPC\">SelectUSA<\/a><\/p>","protected":false},"excerpt":{"rendered":"\u00a0 &nbsp; Ne manquez pas les \u00e9v\u00e9nements suivants. Si vous souhaitez que CargoM ajoute votre \u00e9v\u00e9nement \u00e0 son\u00a0calendrier, contactez Mme\u00a0Karine Dudognon. 31 mai 2022\u00a0\u2013\u00a0Assembl\u00e9e g\u00e9n\u00e9rale annuelle de CargoM\u00a0\u2013\u00a0CargoM 6 juin 2022 \u2013\u00a0L\u2019international au c\u0153ur de la croissance de nos entreprises\u00a0\u2013\u00a0CCMM\u00a0(rabais possible pour les membres de CargoM \u2013 contactez Mme\u00a0Karine Dudognon\u00a0pour obtenir le code promo) 8 [&hellip;]","protected":false},"author":39,"featured_media":13255,"comment_status":"closed","ping_status":"closed","sticky":false,"template":"","format":"standard","meta":{"_acf_changed":false,"footnotes":""},"categories":[20],"tags":[],"class_list":["post-13254","post","type-post","status-publish","format-standard","has-post-thumbnail","hentry","category-services-logistiques"],"acf":[],"yoast_head":"<!-- This site is optimized with the Yoast SEO plugin v27.3 - https:\/\/yoast.com\/product\/yoast-seo-wordpress\/ -->\n<title>Calendrier des \u00e9v\u00e8nements - CargoM<\/title>\n<meta name=\"robots\" content=\"index, follow, max-snippet:-1, max-image-preview:large, max-video-preview:-1\" \/>\n<link rel=\"canonical\" href=\"https:\/\/www.cargo-montreal.ca\/fr\/calendrier-des-evenements-3\/\" \/>\n<meta property=\"og:locale\" content=\"fr_FR\" \/>\n<meta property=\"og:type\" content=\"article\" \/>\n<meta property=\"og:title\" content=\"Calendrier des \u00e9v\u00e8nements - CargoM\" \/>\n<meta property=\"og:description\" content=\"\u00a0 &nbsp; Ne manquez pas les \u00e9v\u00e9nements suivants. Si vous souhaitez que CargoM ajoute votre \u00e9v\u00e9nement \u00e0 son\u00a0calendrier, contactez Mme\u00a0Karine Dudognon. 31 mai 2022\u00a0\u2013\u00a0Assembl\u00e9e g\u00e9n\u00e9rale annuelle de CargoM\u00a0\u2013\u00a0CargoM 6 juin 2022 \u2013\u00a0L\u2019international au c\u0153ur de la croissance de nos entreprises\u00a0\u2013\u00a0CCMM\u00a0(rabais possible pour les membres de CargoM \u2013 contactez Mme\u00a0Karine Dudognon\u00a0pour obtenir le code promo) 8 [&hellip;]\" \/>\n<meta property=\"og:url\" content=\"https:\/\/www.cargo-montreal.ca\/fr\/calendrier-des-evenements-3\/\" \/>\n<meta property=\"og:site_name\" content=\"CargoM\" \/>\n<meta property=\"article:published_time\" content=\"2022-05-20T17:54:11+00:00\" \/>\n<meta property=\"article:modified_time\" content=\"2022-05-20T18:26:09+00:00\" \/>\n<meta property=\"og:image\" content=\"https:\/\/www.cargo-montreal.ca\/wp-content\/uploads\/2022\/05\/calendrier-scaled.jpg\" \/>\n\t<meta property=\"og:image:width\" content=\"2560\" \/>\n\t<meta property=\"og:image:height\" content=\"2560\" \/>\n\t<meta property=\"og:image:type\" content=\"image\/jpeg\" \/>\n<meta name=\"author\" content=\"Karine Dudognon\" \/>\n<meta name=\"twitter:card\" content=\"summary_large_image\" \/>\n<meta name=\"twitter:label1\" content=\"\u00c9crit par\" \/>\n\t<meta name=\"twitter:data1\" content=\"Karine Dudognon\" \/>\n\t<meta name=\"twitter:label2\" content=\"Dur\u00e9e de lecture estim\u00e9e\" \/>\n\t<meta name=\"twitter:data2\" content=\"2 minutes\" \/>\n<script type=\"application\/ld+json\" class=\"yoast-schema-graph\">{\"@context\":\"https:\\\/\\\/schema.org\",\"@graph\":[{\"@type\":\"Article\",\"@id\":\"https:\\\/\\\/www.cargo-montreal.ca\\\/fr\\\/calendrier-des-evenements-3\\\/#article\",\"isPartOf\":{\"@id\":\"https:\\\/\\\/www.cargo-montreal.ca\\\/fr\\\/calendrier-des-evenements-3\\\/\"},\"author\":{\"name\":\"Karine Dudognon\",\"@id\":\"https:\\\/\\\/www.cargo-montreal.ca\\\/fr\\\/#\\\/schema\\\/person\\\/80476d173ce654813db9fd1533901365\"},\"headline\":\"Calendrier des \u00e9v\u00e8nements\",\"datePublished\":\"2022-05-20T17:54:11+00:00\",\"dateModified\":\"2022-05-20T18:26:09+00:00\",\"mainEntityOfPage\":{\"@id\":\"https:\\\/\\\/www.cargo-montreal.ca\\\/fr\\\/calendrier-des-evenements-3\\\/\"},\"wordCount\":185,\"image\":{\"@id\":\"https:\\\/\\\/www.cargo-montreal.ca\\\/fr\\\/calendrier-des-evenements-3\\\/#primaryimage\"},\"thumbnailUrl\":\"https:\\\/\\\/www.cargo-montreal.ca\\\/wp-content\\\/uploads\\\/2022\\\/05\\\/calendrier-scaled.jpg\",\"articleSection\":[\"Services logistiques\"],\"inLanguage\":\"fr-FR\"},{\"@type\":\"WebPage\",\"@id\":\"https:\\\/\\\/www.cargo-montreal.ca\\\/fr\\\/calendrier-des-evenements-3\\\/\",\"url\":\"https:\\\/\\\/www.cargo-montreal.ca\\\/fr\\\/calendrier-des-evenements-3\\\/\",\"name\":\"Calendrier des \u00e9v\u00e8nements - CargoM\",\"isPartOf\":{\"@id\":\"https:\\\/\\\/www.cargo-montreal.ca\\\/fr\\\/#website\"},\"primaryImageOfPage\":{\"@id\":\"https:\\\/\\\/www.cargo-montreal.ca\\\/fr\\\/calendrier-des-evenements-3\\\/#primaryimage\"},\"image\":{\"@id\":\"https:\\\/\\\/www.cargo-montreal.ca\\\/fr\\\/calendrier-des-evenements-3\\\/#primaryimage\"},\"thumbnailUrl\":\"https:\\\/\\\/www.cargo-montreal.ca\\\/wp-content\\\/uploads\\\/2022\\\/05\\\/calendrier-scaled.jpg\",\"datePublished\":\"2022-05-20T17:54:11+00:00\",\"dateModified\":\"2022-05-20T18:26:09+00:00\",\"author\":{\"@id\":\"https:\\\/\\\/www.cargo-montreal.ca\\\/fr\\\/#\\\/schema\\\/person\\\/80476d173ce654813db9fd1533901365\"},\"breadcrumb\":{\"@id\":\"https:\\\/\\\/www.cargo-montreal.ca\\\/fr\\\/calendrier-des-evenements-3\\\/#breadcrumb\"},\"inLanguage\":\"fr-FR\",\"potentialAction\":[{\"@type\":\"ReadAction\",\"target\":[\"https:\\\/\\\/www.cargo-montreal.ca\\\/fr\\\/calendrier-des-evenements-3\\\/\"]}]},{\"@type\":\"ImageObject\",\"inLanguage\":\"fr-FR\",\"@id\":\"https:\\\/\\\/www.cargo-montreal.ca\\\/fr\\\/calendrier-des-evenements-3\\\/#primaryimage\",\"url\":\"https:\\\/\\\/www.cargo-montreal.ca\\\/wp-content\\\/uploads\\\/2022\\\/05\\\/calendrier-scaled.jpg\",\"contentUrl\":\"https:\\\/\\\/www.cargo-montreal.ca\\\/wp-content\\\/uploads\\\/2022\\\/05\\\/calendrier-scaled.jpg\",\"width\":2560,\"height\":2560},{\"@type\":\"BreadcrumbList\",\"@id\":\"https:\\\/\\\/www.cargo-montreal.ca\\\/fr\\\/calendrier-des-evenements-3\\\/#breadcrumb\",\"itemListElement\":[{\"@type\":\"ListItem\",\"position\":1,\"name\":\"Home\",\"item\":\"https:\\\/\\\/www.cargo-montreal.ca\\\/fr\\\/\"},{\"@type\":\"ListItem\",\"position\":2,\"name\":\"Calendrier des \u00e9v\u00e8nements\"}]},{\"@type\":\"WebSite\",\"@id\":\"https:\\\/\\\/www.cargo-montreal.ca\\\/fr\\\/#website\",\"url\":\"https:\\\/\\\/www.cargo-montreal.ca\\\/fr\\\/\",\"name\":\"CargoM\",\"description\":\"La mission de CargoM: Rassembler les acteurs de la logistique &amp; du transport de marchandises du Grand Montr\u00e9al autour d&#039;objectifs communs, d&#039;actions concert\u00e9es\",\"potentialAction\":[{\"@type\":\"SearchAction\",\"target\":{\"@type\":\"EntryPoint\",\"urlTemplate\":\"https:\\\/\\\/www.cargo-montreal.ca\\\/fr\\\/?s={search_term_string}\"},\"query-input\":{\"@type\":\"PropertyValueSpecification\",\"valueRequired\":true,\"valueName\":\"search_term_string\"}}],\"inLanguage\":\"fr-FR\"},{\"@type\":\"Person\",\"@id\":\"https:\\\/\\\/www.cargo-montreal.ca\\\/fr\\\/#\\\/schema\\\/person\\\/80476d173ce654813db9fd1533901365\",\"name\":\"Karine Dudognon\",\"image\":{\"@type\":\"ImageObject\",\"inLanguage\":\"fr-FR\",\"@id\":\"https:\\\/\\\/secure.gravatar.com\\\/avatar\\\/673bdfb703a9b6685a88bc7dfb04a9ea2b48b30e9d1663a5e759a4e9bfa3e2c0?s=96&d=mm&r=g\",\"url\":\"https:\\\/\\\/secure.gravatar.com\\\/avatar\\\/673bdfb703a9b6685a88bc7dfb04a9ea2b48b30e9d1663a5e759a4e9bfa3e2c0?s=96&d=mm&r=g\",\"contentUrl\":\"https:\\\/\\\/secure.gravatar.com\\\/avatar\\\/673bdfb703a9b6685a88bc7dfb04a9ea2b48b30e9d1663a5e759a4e9bfa3e2c0?s=96&d=mm&r=g\",\"caption\":\"Karine Dudognon\"},\"url\":\"https:\\\/\\\/www.cargo-montreal.ca\\\/fr\\\/author\\\/karine\\\/\"}]}<\/script>\n<!-- \/ Yoast SEO plugin. -->","yoast_head_json":{"title":"Calendrier des \u00e9v\u00e8nements - CargoM","robots":{"index":"index","follow":"follow","max-snippet":"max-snippet:-1","max-image-preview":"max-image-preview:large","max-video-preview":"max-video-preview:-1"},"canonical":"https:\/\/www.cargo-montreal.ca\/fr\/calendrier-des-evenements-3\/","og_locale":"fr_FR","og_type":"article","og_title":"Calendrier des \u00e9v\u00e8nements - CargoM","og_description":"\u00a0 &nbsp; Ne manquez pas les \u00e9v\u00e9nements suivants. Si vous souhaitez que CargoM ajoute votre \u00e9v\u00e9nement \u00e0 son\u00a0calendrier, contactez Mme\u00a0Karine Dudognon. 31 mai 2022\u00a0\u2013\u00a0Assembl\u00e9e g\u00e9n\u00e9rale annuelle de CargoM\u00a0\u2013\u00a0CargoM 6 juin 2022 \u2013\u00a0L\u2019international au c\u0153ur de la croissance de nos entreprises\u00a0\u2013\u00a0CCMM\u00a0(rabais possible pour les membres de CargoM \u2013 contactez Mme\u00a0Karine Dudognon\u00a0pour obtenir le code promo) 8 [&hellip;]","og_url":"https:\/\/www.cargo-montreal.ca\/fr\/calendrier-des-evenements-3\/","og_site_name":"CargoM","article_published_time":"2022-05-20T17:54:11+00:00","article_modified_time":"2022-05-20T18:26:09+00:00","og_image":[{"width":2560,"height":2560,"url":"https:\/\/www.cargo-montreal.ca\/wp-content\/uploads\/2022\/05\/calendrier-scaled.jpg","type":"image\/jpeg"}],"author":"Karine Dudognon","twitter_card":"summary_large_image","twitter_misc":{"\u00c9crit par":"Karine Dudognon","Dur\u00e9e de lecture estim\u00e9e":"2 minutes"},"schema":{"@context":"https:\/\/schema.org","@graph":[{"@type":"Article","@id":"https:\/\/www.cargo-montreal.ca\/fr\/calendrier-des-evenements-3\/#article","isPartOf":{"@id":"https:\/\/www.cargo-montreal.ca\/fr\/calendrier-des-evenements-3\/"},"author":{"name":"Karine Dudognon","@id":"https:\/\/www.cargo-montreal.ca\/fr\/#\/schema\/person\/80476d173ce654813db9fd1533901365"},"headline":"Calendrier des \u00e9v\u00e8nements","datePublished":"2022-05-20T17:54:11+00:00","dateModified":"2022-05-20T18:26:09+00:00","mainEntityOfPage":{"@id":"https:\/\/www.cargo-montreal.ca\/fr\/calendrier-des-evenements-3\/"},"wordCount":185,"image":{"@id":"https:\/\/www.cargo-montreal.ca\/fr\/calendrier-des-evenements-3\/#primaryimage"},"thumbnailUrl":"https:\/\/www.cargo-montreal.ca\/wp-content\/uploads\/2022\/05\/calendrier-scaled.jpg","articleSection":["Services logistiques"],"inLanguage":"fr-FR"},{"@type":"WebPage","@id":"https:\/\/www.cargo-montreal.ca\/fr\/calendrier-des-evenements-3\/","url":"https:\/\/www.cargo-montreal.ca\/fr\/calendrier-des-evenements-3\/","name":"Calendrier des \u00e9v\u00e8nements - CargoM","isPartOf":{"@id":"https:\/\/www.cargo-montreal.ca\/fr\/#website"},"primaryImageOfPage":{"@id":"https:\/\/www.cargo-montreal.ca\/fr\/calendrier-des-evenements-3\/#primaryimage"},"image":{"@id":"https:\/\/www.cargo-montreal.ca\/fr\/calendrier-des-evenements-3\/#primaryimage"},"thumbnailUrl":"https:\/\/www.cargo-montreal.ca\/wp-content\/uploads\/2022\/05\/calendrier-scaled.jpg","datePublished":"2022-05-20T17:54:11+00:00","dateModified":"2022-05-20T18:26:09+00:00","author":{"@id":"https:\/\/www.cargo-montreal.ca\/fr\/#\/schema\/person\/80476d173ce654813db9fd1533901365"},"breadcrumb":{"@id":"https:\/\/www.cargo-montreal.ca\/fr\/calendrier-des-evenements-3\/#breadcrumb"},"inLanguage":"fr-FR","potentialAction":[{"@type":"ReadAction","target":["https:\/\/www.cargo-montreal.ca\/fr\/calendrier-des-evenements-3\/"]}]},{"@type":"ImageObject","inLanguage":"fr-FR","@id":"https:\/\/www.cargo-montreal.ca\/fr\/calendrier-des-evenements-3\/#primaryimage","url":"https:\/\/www.cargo-montreal.ca\/wp-content\/uploads\/2022\/05\/calendrier-scaled.jpg","contentUrl":"https:\/\/www.cargo-montreal.ca\/wp-content\/uploads\/2022\/05\/calendrier-scaled.jpg","width":2560,"height":2560},{"@type":"BreadcrumbList","@id":"https:\/\/www.cargo-montreal.ca\/fr\/calendrier-des-evenements-3\/#breadcrumb","itemListElement":[{"@type":"ListItem","position":1,"name":"Home","item":"https:\/\/www.cargo-montreal.ca\/fr\/"},{"@type":"ListItem","position":2,"name":"Calendrier des \u00e9v\u00e8nements"}]},{"@type":"WebSite","@id":"https:\/\/www.cargo-montreal.ca\/fr\/#website","url":"https:\/\/www.cargo-montreal.ca\/fr\/","name":"CargoM","description":"La mission de CargoM: Rassembler les acteurs de la logistique &amp; du transport de marchandises du Grand Montr\u00e9al autour d&#039;objectifs communs, d&#039;actions concert\u00e9es","potentialAction":[{"@type":"SearchAction","target":{"@type":"EntryPoint","urlTemplate":"https:\/\/www.cargo-montreal.ca\/fr\/?s={search_term_string}"},"query-input":{"@type":"PropertyValueSpecification","valueRequired":true,"valueName":"search_term_string"}}],"inLanguage":"fr-FR"},{"@type":"Person","@id":"https:\/\/www.cargo-montreal.ca\/fr\/#\/schema\/person\/80476d173ce654813db9fd1533901365","name":"Karine Dudognon","image":{"@type":"ImageObject","inLanguage":"fr-FR","@id":"https:\/\/secure.gravatar.com\/avatar\/673bdfb703a9b6685a88bc7dfb04a9ea2b48b30e9d1663a5e759a4e9bfa3e2c0?s=96&d=mm&r=g","url":"https:\/\/secure.gravatar.com\/avatar\/673bdfb703a9b6685a88bc7dfb04a9ea2b48b30e9d1663a5e759a4e9bfa3e2c0?s=96&d=mm&r=g","contentUrl":"https:\/\/secure.gravatar.com\/avatar\/673bdfb703a9b6685a88bc7dfb04a9ea2b48b30e9d1663a5e759a4e9bfa3e2c0?s=96&d=mm&r=g","caption":"Karine Dudognon"},"url":"https:\/\/www.cargo-montreal.ca\/fr\/author\/karine\/"}]}},"_links":{"self":[{"href":"https:\/\/www.cargo-montreal.ca\/fr\/wp-json\/wp\/v2\/posts\/13254","targetHints":{"allow":["GET"]}}],"collection":[{"href":"https:\/\/www.cargo-montreal.ca\/fr\/wp-json\/wp\/v2\/posts"}],"about":[{"href":"https:\/\/www.cargo-montreal.ca\/fr\/wp-json\/wp\/v2\/types\/post"}],"author":[{"embeddable":true,"href":"https:\/\/www.cargo-montreal.ca\/fr\/wp-json\/wp\/v2\/users\/39"}],"replies":[{"embeddable":true,"href":"https:\/\/www.cargo-montreal.ca\/fr\/wp-json\/wp\/v2\/comments?post=13254"}],"version-history":[{"count":3,"href":"https:\/\/www.cargo-montreal.ca\/fr\/wp-json\/wp\/v2\/posts\/13254\/revisions"}],"predecessor-version":[{"id":13275,"href":"https:\/\/www.cargo-montreal.ca\/fr\/wp-json\/wp\/v2\/posts\/13254\/revisions\/13275"}],"wp:featuredmedia":[{"embeddable":true,"href":"https:\/\/www.cargo-montreal.ca\/fr\/wp-json\/wp\/v2\/media\/13255"}],"wp:attachment":[{"href":"https:\/\/www.cargo-montreal.ca\/fr\/wp-json\/wp\/v2\/media?parent=13254"}],"wp:term":[{"taxonomy":"category","embeddable":true,"href":"https:\/\/www.cargo-montreal.ca\/fr\/wp-json\/wp\/v2\/categories?post=13254"},{"taxonomy":"post_tag","embeddable":true,"href":"https:\/\/www.cargo-montreal.ca\/fr\/wp-json\/wp\/v2\/tags?post=13254"}],"curies":[{"name":"wp","href":"https:\/\/api.w.org\/{rel}","templated":true}]}}