{"id":13258,"date":"2022-05-20T17:55:20","date_gmt":"2022-05-20T17:55:20","guid":{"rendered":"https:\/\/www.cargo-montreal.ca\/?p=13258"},"modified":"2022-05-20T17:55:20","modified_gmt":"2022-05-20T17:55:20","slug":"competences-pme","status":"publish","type":"post","link":"https:\/\/www.cargo-montreal.ca\/fr\/competences-pme\/","title":{"rendered":"Comp\u00e9tences PME"},"content":{"rendered":"<p align=\"justify\">Avec le soutien financier du\u00a0<a href=\"https:\/\/info.cargo-montreal.ca\/e3t\/Ctc\/ZU+113\/d11nbd04\/VW-qP41VKDpkW3b_KFM1Lj2t8W8DFYQL4Kj99yN2K0T2N3lLB3V1-WJV7CgP0yW8w-Q9Y55h9v-W1Fv7q44944NSW5tCqzV4bKZVJVZBRK06vjX1JW4cW7RL4l92YhW7mWFvk7WzlGtW8tQk5C764klFW1r9RJg63br0pW2-pBNX1KCwnqW2wQt3p383mwGW1hxqqr1P-nSlW8Bg4087Jtj1qW303QtH6rNy_WW8qXCH67wSmNzW4NSvPk68NWtdW4-5WQ12YG_jXW36T5Mb9h-W78W6qnmMm6h7ncQW3-l4vF3PwFRTW87Qlfy8s2z303dQ11\" target=\"_blank\" rel=\"noopener\" data-saferedirecturl=\"https:\/\/www.google.com\/url?hl=fr-CA&amp;q=https:\/\/info.cargo-montreal.ca\/e3t\/Ctc\/ZU%2B113\/d11nbd04\/VW-qP41VKDpkW3b_KFM1Lj2t8W8DFYQL4Kj99yN2K0T2N3lLB3V1-WJV7CgP0yW8w-Q9Y55h9v-W1Fv7q44944NSW5tCqzV4bKZVJVZBRK06vjX1JW4cW7RL4l92YhW7mWFvk7WzlGtW8tQk5C764klFW1r9RJg63br0pW2-pBNX1KCwnqW2wQt3p383mwGW1hxqqr1P-nSlW8Bg4087Jtj1qW303QtH6rNy_WW8qXCH67wSmNzW4NSvPk68NWtdW4-5WQ12YG_jXW36T5Mb9h-W78W6qnmMm6h7ncQW3-l4vF3PwFRTW87Qlfy8s2z303dQ11&amp;source=gmail&amp;ust=1653154520842000&amp;usg=AOvVaw3LxGaoMTFFjWOuZnNmFoGM\">Conseil emploi m\u00e9tropole<\/a>,\u00a0<a href=\"https:\/\/info.cargo-montreal.ca\/e3t\/Ctc\/ZU+113\/d11nbd04\/VW-qP41VKDpkW3b_KFM1Lj2t8W8DFYQL4Kj99yN2K0T2t3lLzNV1-WJV7CgKvVW3-JzpS2_S6C2N6bQL_7tD4fpW8R9kWr3SJ560W3kSwTW979-jGW2jsGVl6500ynW4FxTtN8ZDfKqW7RBB6S42GGqCW57qhPX2mZh5yW8V6w8r3Z9BKcW4QBz4H97zc41W5C68wP1Gvl55W6c3CT77FLrVHW1vX4RX4Lv8SsW1xdWKd3fJTCyN97x295Fk_SLW1PPKSg69rks4W3s6xTQ94jwt4V5Cc-47PCnq0344s1\" target=\"_blank\" rel=\"noopener\" data-saferedirecturl=\"https:\/\/www.google.com\/url?hl=fr-CA&amp;q=https:\/\/info.cargo-montreal.ca\/e3t\/Ctc\/ZU%2B113\/d11nbd04\/VW-qP41VKDpkW3b_KFM1Lj2t8W8DFYQL4Kj99yN2K0T2t3lLzNV1-WJV7CgKvVW3-JzpS2_S6C2N6bQL_7tD4fpW8R9kWr3SJ560W3kSwTW979-jGW2jsGVl6500ynW4FxTtN8ZDfKqW7RBB6S42GGqCW57qhPX2mZh5yW8V6w8r3Z9BKcW4QBz4H97zc41W5C68wP1Gvl55W6c3CT77FLrVHW1vX4RX4Lv8SsW1xdWKd3fJTCyN97x295Fk_SLW1PPKSg69rks4W3s6xTQ94jwt4V5Cc-47PCnq0344s1&amp;source=gmail&amp;ust=1653154520842000&amp;usg=AOvVaw3bCQXo2EpLK1xfqIE23K0a\">A\u00e9ro Montr\u00e9al<\/a>\u00a0met en \u0153uvre l&rsquo;initiative Comp\u00e9tences PME, en collaboration avec la Communaut\u00e9 m\u00e9tropolitaine de Montr\u00e9al et les grappes Montr\u00e9al InVivo et Propulsion Qu\u00e9bec. Cette initiative aide les PME \u00e0 mieux utiliser leurs talents afin d\u2019accro\u00eetre leur productivit\u00e9.<\/p>\r\n<p align=\"justify\">Le programme consiste en un diagnostic effectu\u00e9 en entreprise qui a pour objectif de cibler et de mettre en place une culture de d\u00e9veloppement de talents dans le but soutenir les PME du Grand Montr\u00e9al afin de relever les nombreux d\u00e9fis caus\u00e9s par les enjeux de main-d\u2019\u0153uvre.<\/p>\r\n<p align=\"justify\">Le diagnostic permettra la production d\u2019un rapport qui identifiera des actions \u00e0 prendre. Il est offert avec un service d\u2019accompagnement et l\u2019obtention d\u2019un financement est possible afin de d\u00e9ployer les actions propos\u00e9es.<\/p>\r\n<p align=\"justify\">CargoM croit que certaines entreprises membres et partenaires de la Grappe pourraient b\u00e9n\u00e9ficier d\u2019un tel programme.<\/p>\r\n<p align=\"justify\">Pour en savoir plus,\u00a0<a href=\"https:\/\/info.cargo-montreal.ca\/e3t\/Ctc\/ZU+113\/d11nbd04\/VW-qP41VKDpkW3b_KFM1Lj2t8W8DFYQL4Kj99yN2K0T333lLBmV1-WJV7CgRDNW4n9XGy165c37W65-v4t2B_yDZW59hWLn3xgtk8W7wx-RJ6-V3nJW7jTR801yrX3jW6KT0jq196q6zW5crTmm1xDcWHW1Y7ZPF9b-cWlW57KL7n7820cyW52GZ1s5sB4VFV-97WL6RMBrnVLsFFg7jqDmQW4kDQLs13wvSnW4Nnt6Y8KX6NGW9745cq8L9xR6W8pRp572F1BbkW99nlZD68fYZhW8J81-B1xfzlHVJv-JN477M_MVhLKv882rrd5W3cWzRq6Ry0p9W8L4brK2PdlgC3gBc1\" target=\"_blank\" rel=\"noopener\" data-saferedirecturl=\"https:\/\/www.google.com\/url?hl=fr-CA&amp;q=https:\/\/info.cargo-montreal.ca\/e3t\/Ctc\/ZU%2B113\/d11nbd04\/VW-qP41VKDpkW3b_KFM1Lj2t8W8DFYQL4Kj99yN2K0T333lLBmV1-WJV7CgRDNW4n9XGy165c37W65-v4t2B_yDZW59hWLn3xgtk8W7wx-RJ6-V3nJW7jTR801yrX3jW6KT0jq196q6zW5crTmm1xDcWHW1Y7ZPF9b-cWlW57KL7n7820cyW52GZ1s5sB4VFV-97WL6RMBrnVLsFFg7jqDmQW4kDQLs13wvSnW4Nnt6Y8KX6NGW9745cq8L9xR6W8pRp572F1BbkW99nlZD68fYZhW8J81-B1xfzlHVJv-JN477M_MVhLKv882rrd5W3cWzRq6Ry0p9W8L4brK2PdlgC3gBc1&amp;source=gmail&amp;ust=1653154520842000&amp;usg=AOvVaw146NpPbQg8lWEeny17iEAR\">cliquez ici<\/a>.<\/p>","protected":false},"excerpt":{"rendered":"Avec le soutien financier du\u00a0Conseil emploi m\u00e9tropole,\u00a0A\u00e9ro Montr\u00e9al\u00a0met en \u0153uvre l&rsquo;initiative Comp\u00e9tences PME, en collaboration avec la Communaut\u00e9 m\u00e9tropolitaine de Montr\u00e9al et les grappes Montr\u00e9al InVivo et Propulsion Qu\u00e9bec. Cette initiative aide les PME \u00e0 mieux utiliser leurs talents afin d\u2019accro\u00eetre leur productivit\u00e9. Le programme consiste en un diagnostic effectu\u00e9 en entreprise qui a pour [&hellip;]","protected":false},"author":39,"featured_media":13195,"comment_status":"closed","ping_status":"closed","sticky":false,"template":"","format":"standard","meta":{"_acf_changed":false,"footnotes":""},"categories":[20],"tags":[],"class_list":["post-13258","post","type-post","status-publish","format-standard","has-post-thumbnail","hentry","category-services-logistiques"],"acf":[],"yoast_head":"<!-- This site is optimized with the Yoast SEO plugin v27.3 - https:\/\/yoast.com\/product\/yoast-seo-wordpress\/ -->\n<title>Comp\u00e9tences PME - CargoM<\/title>\n<meta name=\"robots\" content=\"index, follow, max-snippet:-1, max-image-preview:large, max-video-preview:-1\" \/>\n<link rel=\"canonical\" href=\"https:\/\/www.cargo-montreal.ca\/fr\/competences-pme\/\" \/>\n<meta property=\"og:locale\" content=\"fr_FR\" \/>\n<meta property=\"og:type\" content=\"article\" \/>\n<meta property=\"og:title\" content=\"Comp\u00e9tences PME - CargoM\" \/>\n<meta property=\"og:description\" content=\"Avec le soutien financier du\u00a0Conseil emploi m\u00e9tropole,\u00a0A\u00e9ro Montr\u00e9al\u00a0met en \u0153uvre l&rsquo;initiative Comp\u00e9tences PME, en collaboration avec la Communaut\u00e9 m\u00e9tropolitaine de Montr\u00e9al et les grappes Montr\u00e9al InVivo et Propulsion Qu\u00e9bec. Cette initiative aide les PME \u00e0 mieux utiliser leurs talents afin d\u2019accro\u00eetre leur productivit\u00e9. Le programme consiste en un diagnostic effectu\u00e9 en entreprise qui a pour [&hellip;]\" \/>\n<meta property=\"og:url\" content=\"https:\/\/www.cargo-montreal.ca\/fr\/competences-pme\/\" \/>\n<meta property=\"og:site_name\" content=\"CargoM\" \/>\n<meta property=\"article:published_time\" content=\"2022-05-20T17:55:20+00:00\" \/>\n<meta property=\"og:image\" content=\"https:\/\/www.cargo-montreal.ca\/wp-content\/uploads\/2022\/05\/Competences-PME.jpg\" \/>\n\t<meta property=\"og:image:width\" content=\"1670\" \/>\n\t<meta property=\"og:image:height\" content=\"447\" \/>\n\t<meta property=\"og:image:type\" content=\"image\/jpeg\" \/>\n<meta name=\"author\" content=\"Karine Dudognon\" \/>\n<meta name=\"twitter:card\" content=\"summary_large_image\" \/>\n<meta name=\"twitter:label1\" content=\"\u00c9crit par\" \/>\n\t<meta name=\"twitter:data1\" content=\"Karine Dudognon\" \/>\n\t<meta name=\"twitter:label2\" content=\"Dur\u00e9e de lecture estim\u00e9e\" \/>\n\t<meta name=\"twitter:data2\" content=\"1 minute\" \/>\n<script type=\"application\/ld+json\" class=\"yoast-schema-graph\">{\"@context\":\"https:\\\/\\\/schema.org\",\"@graph\":[{\"@type\":\"Article\",\"@id\":\"https:\\\/\\\/www.cargo-montreal.ca\\\/fr\\\/competences-pme\\\/#article\",\"isPartOf\":{\"@id\":\"https:\\\/\\\/www.cargo-montreal.ca\\\/fr\\\/competences-pme\\\/\"},\"author\":{\"name\":\"Karine Dudognon\",\"@id\":\"https:\\\/\\\/www.cargo-montreal.ca\\\/fr\\\/#\\\/schema\\\/person\\\/80476d173ce654813db9fd1533901365\"},\"headline\":\"Comp\u00e9tences PME\",\"datePublished\":\"2022-05-20T17:55:20+00:00\",\"mainEntityOfPage\":{\"@id\":\"https:\\\/\\\/www.cargo-montreal.ca\\\/fr\\\/competences-pme\\\/\"},\"wordCount\":173,\"image\":{\"@id\":\"https:\\\/\\\/www.cargo-montreal.ca\\\/fr\\\/competences-pme\\\/#primaryimage\"},\"thumbnailUrl\":\"https:\\\/\\\/www.cargo-montreal.ca\\\/wp-content\\\/uploads\\\/2022\\\/05\\\/Competences-PME.jpg\",\"articleSection\":[\"Services logistiques\"],\"inLanguage\":\"fr-FR\"},{\"@type\":\"WebPage\",\"@id\":\"https:\\\/\\\/www.cargo-montreal.ca\\\/fr\\\/competences-pme\\\/\",\"url\":\"https:\\\/\\\/www.cargo-montreal.ca\\\/fr\\\/competences-pme\\\/\",\"name\":\"Comp\u00e9tences PME - CargoM\",\"isPartOf\":{\"@id\":\"https:\\\/\\\/www.cargo-montreal.ca\\\/fr\\\/#website\"},\"primaryImageOfPage\":{\"@id\":\"https:\\\/\\\/www.cargo-montreal.ca\\\/fr\\\/competences-pme\\\/#primaryimage\"},\"image\":{\"@id\":\"https:\\\/\\\/www.cargo-montreal.ca\\\/fr\\\/competences-pme\\\/#primaryimage\"},\"thumbnailUrl\":\"https:\\\/\\\/www.cargo-montreal.ca\\\/wp-content\\\/uploads\\\/2022\\\/05\\\/Competences-PME.jpg\",\"datePublished\":\"2022-05-20T17:55:20+00:00\",\"author\":{\"@id\":\"https:\\\/\\\/www.cargo-montreal.ca\\\/fr\\\/#\\\/schema\\\/person\\\/80476d173ce654813db9fd1533901365\"},\"breadcrumb\":{\"@id\":\"https:\\\/\\\/www.cargo-montreal.ca\\\/fr\\\/competences-pme\\\/#breadcrumb\"},\"inLanguage\":\"fr-FR\",\"potentialAction\":[{\"@type\":\"ReadAction\",\"target\":[\"https:\\\/\\\/www.cargo-montreal.ca\\\/fr\\\/competences-pme\\\/\"]}]},{\"@type\":\"ImageObject\",\"inLanguage\":\"fr-FR\",\"@id\":\"https:\\\/\\\/www.cargo-montreal.ca\\\/fr\\\/competences-pme\\\/#primaryimage\",\"url\":\"https:\\\/\\\/www.cargo-montreal.ca\\\/wp-content\\\/uploads\\\/2022\\\/05\\\/Competences-PME.jpg\",\"contentUrl\":\"https:\\\/\\\/www.cargo-montreal.ca\\\/wp-content\\\/uploads\\\/2022\\\/05\\\/Competences-PME.jpg\",\"width\":1670,\"height\":447},{\"@type\":\"BreadcrumbList\",\"@id\":\"https:\\\/\\\/www.cargo-montreal.ca\\\/fr\\\/competences-pme\\\/#breadcrumb\",\"itemListElement\":[{\"@type\":\"ListItem\",\"position\":1,\"name\":\"Home\",\"item\":\"https:\\\/\\\/www.cargo-montreal.ca\\\/fr\\\/\"},{\"@type\":\"ListItem\",\"position\":2,\"name\":\"Comp\u00e9tences PME\"}]},{\"@type\":\"WebSite\",\"@id\":\"https:\\\/\\\/www.cargo-montreal.ca\\\/fr\\\/#website\",\"url\":\"https:\\\/\\\/www.cargo-montreal.ca\\\/fr\\\/\",\"name\":\"CargoM\",\"description\":\"La mission de CargoM: Rassembler les acteurs de la logistique &amp; du transport de marchandises du Grand Montr\u00e9al autour d&#039;objectifs communs, d&#039;actions concert\u00e9es\",\"potentialAction\":[{\"@type\":\"SearchAction\",\"target\":{\"@type\":\"EntryPoint\",\"urlTemplate\":\"https:\\\/\\\/www.cargo-montreal.ca\\\/fr\\\/?s={search_term_string}\"},\"query-input\":{\"@type\":\"PropertyValueSpecification\",\"valueRequired\":true,\"valueName\":\"search_term_string\"}}],\"inLanguage\":\"fr-FR\"},{\"@type\":\"Person\",\"@id\":\"https:\\\/\\\/www.cargo-montreal.ca\\\/fr\\\/#\\\/schema\\\/person\\\/80476d173ce654813db9fd1533901365\",\"name\":\"Karine Dudognon\",\"image\":{\"@type\":\"ImageObject\",\"inLanguage\":\"fr-FR\",\"@id\":\"https:\\\/\\\/secure.gravatar.com\\\/avatar\\\/673bdfb703a9b6685a88bc7dfb04a9ea2b48b30e9d1663a5e759a4e9bfa3e2c0?s=96&d=mm&r=g\",\"url\":\"https:\\\/\\\/secure.gravatar.com\\\/avatar\\\/673bdfb703a9b6685a88bc7dfb04a9ea2b48b30e9d1663a5e759a4e9bfa3e2c0?s=96&d=mm&r=g\",\"contentUrl\":\"https:\\\/\\\/secure.gravatar.com\\\/avatar\\\/673bdfb703a9b6685a88bc7dfb04a9ea2b48b30e9d1663a5e759a4e9bfa3e2c0?s=96&d=mm&r=g\",\"caption\":\"Karine Dudognon\"},\"url\":\"https:\\\/\\\/www.cargo-montreal.ca\\\/fr\\\/author\\\/karine\\\/\"}]}<\/script>\n<!-- \/ Yoast SEO plugin. -->","yoast_head_json":{"title":"Comp\u00e9tences PME - CargoM","robots":{"index":"index","follow":"follow","max-snippet":"max-snippet:-1","max-image-preview":"max-image-preview:large","max-video-preview":"max-video-preview:-1"},"canonical":"https:\/\/www.cargo-montreal.ca\/fr\/competences-pme\/","og_locale":"fr_FR","og_type":"article","og_title":"Comp\u00e9tences PME - CargoM","og_description":"Avec le soutien financier du\u00a0Conseil emploi m\u00e9tropole,\u00a0A\u00e9ro Montr\u00e9al\u00a0met en \u0153uvre l&rsquo;initiative Comp\u00e9tences PME, en collaboration avec la Communaut\u00e9 m\u00e9tropolitaine de Montr\u00e9al et les grappes Montr\u00e9al InVivo et Propulsion Qu\u00e9bec. Cette initiative aide les PME \u00e0 mieux utiliser leurs talents afin d\u2019accro\u00eetre leur productivit\u00e9. Le programme consiste en un diagnostic effectu\u00e9 en entreprise qui a pour [&hellip;]","og_url":"https:\/\/www.cargo-montreal.ca\/fr\/competences-pme\/","og_site_name":"CargoM","article_published_time":"2022-05-20T17:55:20+00:00","og_image":[{"width":1670,"height":447,"url":"https:\/\/www.cargo-montreal.ca\/wp-content\/uploads\/2022\/05\/Competences-PME.jpg","type":"image\/jpeg"}],"author":"Karine Dudognon","twitter_card":"summary_large_image","twitter_misc":{"\u00c9crit par":"Karine Dudognon","Dur\u00e9e de lecture estim\u00e9e":"1 minute"},"schema":{"@context":"https:\/\/schema.org","@graph":[{"@type":"Article","@id":"https:\/\/www.cargo-montreal.ca\/fr\/competences-pme\/#article","isPartOf":{"@id":"https:\/\/www.cargo-montreal.ca\/fr\/competences-pme\/"},"author":{"name":"Karine Dudognon","@id":"https:\/\/www.cargo-montreal.ca\/fr\/#\/schema\/person\/80476d173ce654813db9fd1533901365"},"headline":"Comp\u00e9tences PME","datePublished":"2022-05-20T17:55:20+00:00","mainEntityOfPage":{"@id":"https:\/\/www.cargo-montreal.ca\/fr\/competences-pme\/"},"wordCount":173,"image":{"@id":"https:\/\/www.cargo-montreal.ca\/fr\/competences-pme\/#primaryimage"},"thumbnailUrl":"https:\/\/www.cargo-montreal.ca\/wp-content\/uploads\/2022\/05\/Competences-PME.jpg","articleSection":["Services logistiques"],"inLanguage":"fr-FR"},{"@type":"WebPage","@id":"https:\/\/www.cargo-montreal.ca\/fr\/competences-pme\/","url":"https:\/\/www.cargo-montreal.ca\/fr\/competences-pme\/","name":"Comp\u00e9tences PME - CargoM","isPartOf":{"@id":"https:\/\/www.cargo-montreal.ca\/fr\/#website"},"primaryImageOfPage":{"@id":"https:\/\/www.cargo-montreal.ca\/fr\/competences-pme\/#primaryimage"},"image":{"@id":"https:\/\/www.cargo-montreal.ca\/fr\/competences-pme\/#primaryimage"},"thumbnailUrl":"https:\/\/www.cargo-montreal.ca\/wp-content\/uploads\/2022\/05\/Competences-PME.jpg","datePublished":"2022-05-20T17:55:20+00:00","author":{"@id":"https:\/\/www.cargo-montreal.ca\/fr\/#\/schema\/person\/80476d173ce654813db9fd1533901365"},"breadcrumb":{"@id":"https:\/\/www.cargo-montreal.ca\/fr\/competences-pme\/#breadcrumb"},"inLanguage":"fr-FR","potentialAction":[{"@type":"ReadAction","target":["https:\/\/www.cargo-montreal.ca\/fr\/competences-pme\/"]}]},{"@type":"ImageObject","inLanguage":"fr-FR","@id":"https:\/\/www.cargo-montreal.ca\/fr\/competences-pme\/#primaryimage","url":"https:\/\/www.cargo-montreal.ca\/wp-content\/uploads\/2022\/05\/Competences-PME.jpg","contentUrl":"https:\/\/www.cargo-montreal.ca\/wp-content\/uploads\/2022\/05\/Competences-PME.jpg","width":1670,"height":447},{"@type":"BreadcrumbList","@id":"https:\/\/www.cargo-montreal.ca\/fr\/competences-pme\/#breadcrumb","itemListElement":[{"@type":"ListItem","position":1,"name":"Home","item":"https:\/\/www.cargo-montreal.ca\/fr\/"},{"@type":"ListItem","position":2,"name":"Comp\u00e9tences PME"}]},{"@type":"WebSite","@id":"https:\/\/www.cargo-montreal.ca\/fr\/#website","url":"https:\/\/www.cargo-montreal.ca\/fr\/","name":"CargoM","description":"La mission de CargoM: Rassembler les acteurs de la logistique &amp; du transport de marchandises du Grand Montr\u00e9al autour d&#039;objectifs communs, d&#039;actions concert\u00e9es","potentialAction":[{"@type":"SearchAction","target":{"@type":"EntryPoint","urlTemplate":"https:\/\/www.cargo-montreal.ca\/fr\/?s={search_term_string}"},"query-input":{"@type":"PropertyValueSpecification","valueRequired":true,"valueName":"search_term_string"}}],"inLanguage":"fr-FR"},{"@type":"Person","@id":"https:\/\/www.cargo-montreal.ca\/fr\/#\/schema\/person\/80476d173ce654813db9fd1533901365","name":"Karine Dudognon","image":{"@type":"ImageObject","inLanguage":"fr-FR","@id":"https:\/\/secure.gravatar.com\/avatar\/673bdfb703a9b6685a88bc7dfb04a9ea2b48b30e9d1663a5e759a4e9bfa3e2c0?s=96&d=mm&r=g","url":"https:\/\/secure.gravatar.com\/avatar\/673bdfb703a9b6685a88bc7dfb04a9ea2b48b30e9d1663a5e759a4e9bfa3e2c0?s=96&d=mm&r=g","contentUrl":"https:\/\/secure.gravatar.com\/avatar\/673bdfb703a9b6685a88bc7dfb04a9ea2b48b30e9d1663a5e759a4e9bfa3e2c0?s=96&d=mm&r=g","caption":"Karine Dudognon"},"url":"https:\/\/www.cargo-montreal.ca\/fr\/author\/karine\/"}]}},"_links":{"self":[{"href":"https:\/\/www.cargo-montreal.ca\/fr\/wp-json\/wp\/v2\/posts\/13258","targetHints":{"allow":["GET"]}}],"collection":[{"href":"https:\/\/www.cargo-montreal.ca\/fr\/wp-json\/wp\/v2\/posts"}],"about":[{"href":"https:\/\/www.cargo-montreal.ca\/fr\/wp-json\/wp\/v2\/types\/post"}],"author":[{"embeddable":true,"href":"https:\/\/www.cargo-montreal.ca\/fr\/wp-json\/wp\/v2\/users\/39"}],"replies":[{"embeddable":true,"href":"https:\/\/www.cargo-montreal.ca\/fr\/wp-json\/wp\/v2\/comments?post=13258"}],"version-history":[{"count":1,"href":"https:\/\/www.cargo-montreal.ca\/fr\/wp-json\/wp\/v2\/posts\/13258\/revisions"}],"predecessor-version":[{"id":13259,"href":"https:\/\/www.cargo-montreal.ca\/fr\/wp-json\/wp\/v2\/posts\/13258\/revisions\/13259"}],"wp:featuredmedia":[{"embeddable":true,"href":"https:\/\/www.cargo-montreal.ca\/fr\/wp-json\/wp\/v2\/media\/13195"}],"wp:attachment":[{"href":"https:\/\/www.cargo-montreal.ca\/fr\/wp-json\/wp\/v2\/media?parent=13258"}],"wp:term":[{"taxonomy":"category","embeddable":true,"href":"https:\/\/www.cargo-montreal.ca\/fr\/wp-json\/wp\/v2\/categories?post=13258"},{"taxonomy":"post_tag","embeddable":true,"href":"https:\/\/www.cargo-montreal.ca\/fr\/wp-json\/wp\/v2\/tags?post=13258"}],"curies":[{"name":"wp","href":"https:\/\/api.w.org\/{rel}","templated":true}]}}