{"id":13264,"date":"2022-05-20T18:10:52","date_gmt":"2022-05-20T18:10:52","guid":{"rendered":"https:\/\/www.cargo-montreal.ca\/?p=13264"},"modified":"2022-05-20T18:22:38","modified_gmt":"2022-05-20T18:22:38","slug":"new-association-du-camionnage-du-quebec","status":"publish","type":"post","link":"https:\/\/www.cargo-montreal.ca\/fr\/new-association-du-camionnage-du-quebec\/","title":{"rendered":"Association du camionnage du Qu\u00e9bec"},"content":{"rendered":"En tout temps en pr\u00e9sentiel et en ligne\r\n\r\n<a href=\"https:\/\/info.cargo-montreal.ca\/e3t\/Ctc\/ZU+113\/d11nbd04\/VW-qP41VKDpkW3b_KFM1Lj2t8W8DFYQL4Kj99yN2K0T2t5kh3ZV3Zsc37CgB4JW6LRvLY3d5qJfW8Pfy4y8lPRtZW1kxhk46jPPPQN3T7fSjHtckvVS5W9s3-NmgZN5GSHMxTmL1DW4xJX4296xpMJW5v-blh3mN62CW16Q6qv4cHP4YW1Gj38y9krXSkW8KVTCS75-kZjW1H1ztq2DsfG2W6TRF1z1lZYsZN6b5KC3p1H3yW76_52t6xTp55W4JHMZj2lhdp1W7ysZq_1fs7FnW3pC1cm7_PWzTN70vhj98v1K7VbsGyT7tFmJpW1Sv6Br49s7BLW7fg_j-4-RTJQW6n-1Vp56Zmq3W4dSSnS2ldfnCW6CCXc68zG1PrW5ynvVq3zZngVW1Bgg6f7dqZlfW6RJw6Q3DqhYrW7JB6ps3L7d8wW2vTC442qVzZKW1NptqX6B1G08W4VBMnS1TFK-rW1kkvfz51mjjLW8BBPD24yKXkn38H_1\" target=\"_blank\" rel=\"noopener\" data-saferedirecturl=\"https:\/\/www.google.com\/url?hl=fr-CA&amp;q=https:\/\/info.cargo-montreal.ca\/e3t\/Ctc\/ZU%2B113\/d11nbd04\/VW-qP41VKDpkW3b_KFM1Lj2t8W8DFYQL4Kj99yN2K0T2t5kh3ZV3Zsc37CgB4JW6LRvLY3d5qJfW8Pfy4y8lPRtZW1kxhk46jPPPQN3T7fSjHtckvVS5W9s3-NmgZN5GSHMxTmL1DW4xJX4296xpMJW5v-blh3mN62CW16Q6qv4cHP4YW1Gj38y9krXSkW8KVTCS75-kZjW1H1ztq2DsfG2W6TRF1z1lZYsZN6b5KC3p1H3yW76_52t6xTp55W4JHMZj2lhdp1W7ysZq_1fs7FnW3pC1cm7_PWzTN70vhj98v1K7VbsGyT7tFmJpW1Sv6Br49s7BLW7fg_j-4-RTJQW6n-1Vp56Zmq3W4dSSnS2ldfnCW6CCXc68zG1PrW5ynvVq3zZngVW1Bgg6f7dqZlfW6RJw6Q3DqhYrW7JB6ps3L7d8wW2vTC442qVzZKW1NptqX6B1G08W4VBMnS1TFK-rW1kkvfz51mjjLW8BBPD24yKXkn38H_1&amp;source=gmail&amp;ust=1653154520843000&amp;usg=AOvVaw2q_7L-RY140mTZD8sa-haK\">Nouvelles obligations sur la pr\u00e9vention du harc\u00e8lement et de la violence dans le lieu de travail<\/a>\r\n\r\nFormations en ligne\r\n\r\n1er juin 2022\u00a0\u2013<strong>\u00a0<\/strong><a href=\"https:\/\/info.cargo-montreal.ca\/e3t\/Ctc\/ZU+113\/d11nbd04\/VW-qP41VKDpkW3b_KFM1Lj2t8W8DFYQL4Kj99yN2K0T3m3lLBGV1-WJV7CgJYvW8dtdyd7_ML_CW4cddg629mG9XW6-mh_l5jb8HLN36zFlW-CqCRW8MpWyd5XdbQdW82BT1k63hby-W4kN0dk7mX7q2W3pxzg-25RwqyVp7qsx3FsSWHW3PXXJs2g757ZW1SYfRs4NB181W8Hgn427BHjY9W8ljXJh4YTpfyW8zxwHb65RV4TW15FYpC7j0hMRW28FB4g4N0x82W3fhsG46yzqrmW6G9pY7304gY-W3ZbcB06zPhW-VP_jcg6j4FK7N8SlBnGBJDtCW6SPvmz2gSsxPN3TMwSpwrHmxW8bB8t929pYVW38061\" target=\"_blank\" rel=\"noopener\" data-saferedirecturl=\"https:\/\/www.google.com\/url?hl=fr-CA&amp;q=https:\/\/info.cargo-montreal.ca\/e3t\/Ctc\/ZU%2B113\/d11nbd04\/VW-qP41VKDpkW3b_KFM1Lj2t8W8DFYQL4Kj99yN2K0T3m3lLBGV1-WJV7CgJYvW8dtdyd7_ML_CW4cddg629mG9XW6-mh_l5jb8HLN36zFlW-CqCRW8MpWyd5XdbQdW82BT1k63hby-W4kN0dk7mX7q2W3pxzg-25RwqyVp7qsx3FsSWHW3PXXJs2g757ZW1SYfRs4NB181W8Hgn427BHjY9W8ljXJh4YTpfyW8zxwHb65RV4TW15FYpC7j0hMRW28FB4g4N0x82W3fhsG46yzqrmW6G9pY7304gY-W3ZbcB06zPhW-VP_jcg6j4FK7N8SlBnGBJDtCW6SPvmz2gSsxPN3TMwSpwrHmxW8bB8t929pYVW38061&amp;source=gmail&amp;ust=1653154520844000&amp;usg=AOvVaw195L_MvQMLxfEr5rknCiMI\">Les heures de service (\u00c9tats-Unis)<\/a>\r\n\r\n15 juin 2022\u00a0\u2013<strong>\u00a0<\/strong><a href=\"https:\/\/info.cargo-montreal.ca\/e3t\/Ctc\/ZU+113\/d11nbd04\/VW-qP41VKDpkW3b_KFM1Lj2t8W8DFYQL4Kj99yN2K0T3G3lLBZV1-WJV7CgKlfW2D-pGW8Z86bmW5NyXpl65MC2rW1YLtRG8KXjD2W1sCZdt2y4tFlW1xrNlC2VBdTVW2VnSsP2Cly5vW8mJlTf3kdCMVW8s6f6H2vsjmhV-mhKm710_f4W1hlCV45wsP4tW6m_m8r6nGnDrVRRtWS1Zdv22W9k5z3t4_bmGdW4T-P9x6pKybhVX6TNG7zmQ3NW5cRrVQ6zZx8rW5H-KnC8jKNw9W2qDK6J4mYFspW5HpVgL33W7kYW5QDnqp7BwmChVRLkyP2bPMyGW9gxpnJ83Q6gYW8Fr0CY8_kgX-W29_74c5DQWj7V-0y6k7C4jSdW5YQRg_6Gmg693d301\" target=\"_blank\" rel=\"noopener\" data-saferedirecturl=\"https:\/\/www.google.com\/url?hl=fr-CA&amp;q=https:\/\/info.cargo-montreal.ca\/e3t\/Ctc\/ZU%2B113\/d11nbd04\/VW-qP41VKDpkW3b_KFM1Lj2t8W8DFYQL4Kj99yN2K0T3G3lLBZV1-WJV7CgKlfW2D-pGW8Z86bmW5NyXpl65MC2rW1YLtRG8KXjD2W1sCZdt2y4tFlW1xrNlC2VBdTVW2VnSsP2Cly5vW8mJlTf3kdCMVW8s6f6H2vsjmhV-mhKm710_f4W1hlCV45wsP4tW6m_m8r6nGnDrVRRtWS1Zdv22W9k5z3t4_bmGdW4T-P9x6pKybhVX6TNG7zmQ3NW5cRrVQ6zZx8rW5H-KnC8jKNw9W2qDK6J4mYFspW5HpVgL33W7kYW5QDnqp7BwmChVRLkyP2bPMyGW9gxpnJ83Q6gYW8Fr0CY8_kgX-W29_74c5DQWj7V-0y6k7C4jSdW5YQRg_6Gmg693d301&amp;source=gmail&amp;ust=1653154520844000&amp;usg=AOvVaw3TIE5IFZdJw6LhSErlpEk3\">La norme nord-am\u00e9ricaine sur l\u2019arrimage des cargaisons<\/a>\r\n\r\n<a href=\"https:\/\/info.cargo-montreal.ca\/e3t\/Ctc\/ZU+113\/d11nbd04\/VW-qP41VKDpkW3b_KFM1Lj2t8W8DFYQL4Kj99yN2K0T2N3lLB3V1-WJV7CgDC-W6jrD-d7sl-63W5Q1v855rG5BvN2JX-qZh-p8YW7pVRF233pR42W8-fjys1CFmhqW5K0bSR8s0M1BW6RD15x4HLY9cW5FN2L-8YS3g4W6SqPPH1BW6NDW2gq3fP75_VWQW96ydTJ8HDwfsW3zZthY94NRJWW4mZcpV3rcSlpVdHrMM1-wNWHW2kRynW1dlGQWVwWNBD4XQlHrW152s2f3VRqyPW2d2cmV53gzdWW7Nn34d2l6XwZW8lrZkF3bN6-d36Bf1\" target=\"_blank\" rel=\"noopener\" data-saferedirecturl=\"https:\/\/www.google.com\/url?hl=fr-CA&amp;q=https:\/\/info.cargo-montreal.ca\/e3t\/Ctc\/ZU%2B113\/d11nbd04\/VW-qP41VKDpkW3b_KFM1Lj2t8W8DFYQL4Kj99yN2K0T2N3lLB3V1-WJV7CgDC-W6jrD-d7sl-63W5Q1v855rG5BvN2JX-qZh-p8YW7pVRF233pR42W8-fjys1CFmhqW5K0bSR8s0M1BW6RD15x4HLY9cW5FN2L-8YS3g4W6SqPPH1BW6NDW2gq3fP75_VWQW96ydTJ8HDwfsW3zZthY94NRJWW4mZcpV3rcSlpVdHrMM1-wNWHW2kRynW1dlGQWVwWNBD4XQlHrW152s2f3VRqyPW2d2cmV53gzdWW7Nn34d2l6XwZW8lrZkF3bN6-d36Bf1&amp;source=gmail&amp;ust=1653154520844000&amp;usg=AOvVaw2RRrrnemb3_-VwjNYuu3mR\">Consultez l\u2019offre compl\u00e8te de formations<\/a>","protected":false},"excerpt":{"rendered":"En tout temps en pr\u00e9sentiel et en ligne Nouvelles obligations sur la pr\u00e9vention du harc\u00e8lement et de la violence dans le lieu de travail Formations en ligne 1er juin 2022\u00a0\u2013\u00a0Les heures de service (\u00c9tats-Unis) 15 juin 2022\u00a0\u2013\u00a0La norme nord-am\u00e9ricaine sur l\u2019arrimage des cargaisons Consultez l\u2019offre compl\u00e8te de formations","protected":false},"author":39,"featured_media":13265,"comment_status":"closed","ping_status":"closed","sticky":false,"template":"","format":"standard","meta":{"_acf_changed":false,"footnotes":""},"categories":[20],"tags":[],"class_list":["post-13264","post","type-post","status-publish","format-standard","has-post-thumbnail","hentry","category-services-logistiques"],"acf":[],"yoast_head":"<!-- This site is optimized with the Yoast SEO plugin v27.3 - https:\/\/yoast.com\/product\/yoast-seo-wordpress\/ -->\n<title>Association du camionnage du Qu\u00e9bec - CargoM<\/title>\n<meta name=\"robots\" content=\"index, follow, max-snippet:-1, max-image-preview:large, max-video-preview:-1\" \/>\n<link rel=\"canonical\" href=\"https:\/\/www.cargo-montreal.ca\/fr\/new-association-du-camionnage-du-quebec\/\" \/>\n<meta property=\"og:locale\" content=\"fr_FR\" \/>\n<meta property=\"og:type\" content=\"article\" \/>\n<meta property=\"og:title\" content=\"Association du camionnage du Qu\u00e9bec - CargoM\" \/>\n<meta property=\"og:description\" content=\"En tout temps en pr\u00e9sentiel et en ligne Nouvelles obligations sur la pr\u00e9vention du harc\u00e8lement et de la violence dans le lieu de travail Formations en ligne 1er juin 2022\u00a0\u2013\u00a0Les heures de service (\u00c9tats-Unis) 15 juin 2022\u00a0\u2013\u00a0La norme nord-am\u00e9ricaine sur l\u2019arrimage des cargaisons Consultez l\u2019offre compl\u00e8te de formations\" \/>\n<meta property=\"og:url\" content=\"https:\/\/www.cargo-montreal.ca\/fr\/new-association-du-camionnage-du-quebec\/\" \/>\n<meta property=\"og:site_name\" content=\"CargoM\" \/>\n<meta property=\"article:published_time\" content=\"2022-05-20T18:10:52+00:00\" \/>\n<meta property=\"article:modified_time\" content=\"2022-05-20T18:22:38+00:00\" \/>\n<meta property=\"og:image\" content=\"https:\/\/www.cargo-montreal.ca\/wp-content\/uploads\/2022\/05\/Logo-ACQ-1.jpg\" \/>\n\t<meta property=\"og:image:width\" content=\"690\" \/>\n\t<meta property=\"og:image:height\" content=\"273\" \/>\n\t<meta property=\"og:image:type\" content=\"image\/jpeg\" \/>\n<meta name=\"author\" content=\"Karine Dudognon\" \/>\n<meta name=\"twitter:card\" content=\"summary_large_image\" \/>\n<meta name=\"twitter:label1\" content=\"\u00c9crit par\" \/>\n\t<meta name=\"twitter:data1\" content=\"Karine Dudognon\" \/>\n\t<meta name=\"twitter:label2\" content=\"Dur\u00e9e de lecture estim\u00e9e\" \/>\n\t<meta name=\"twitter:data2\" content=\"1 minute\" \/>\n<script type=\"application\/ld+json\" class=\"yoast-schema-graph\">{\"@context\":\"https:\\\/\\\/schema.org\",\"@graph\":[{\"@type\":\"Article\",\"@id\":\"https:\\\/\\\/www.cargo-montreal.ca\\\/fr\\\/new-association-du-camionnage-du-quebec\\\/#article\",\"isPartOf\":{\"@id\":\"https:\\\/\\\/www.cargo-montreal.ca\\\/fr\\\/new-association-du-camionnage-du-quebec\\\/\"},\"author\":{\"name\":\"Karine Dudognon\",\"@id\":\"https:\\\/\\\/www.cargo-montreal.ca\\\/fr\\\/#\\\/schema\\\/person\\\/80476d173ce654813db9fd1533901365\"},\"headline\":\"Association du camionnage du Qu\u00e9bec\",\"datePublished\":\"2022-05-20T18:10:52+00:00\",\"dateModified\":\"2022-05-20T18:22:38+00:00\",\"mainEntityOfPage\":{\"@id\":\"https:\\\/\\\/www.cargo-montreal.ca\\\/fr\\\/new-association-du-camionnage-du-quebec\\\/\"},\"wordCount\":60,\"image\":{\"@id\":\"https:\\\/\\\/www.cargo-montreal.ca\\\/fr\\\/new-association-du-camionnage-du-quebec\\\/#primaryimage\"},\"thumbnailUrl\":\"https:\\\/\\\/www.cargo-montreal.ca\\\/wp-content\\\/uploads\\\/2022\\\/05\\\/Logo-ACQ-1.jpg\",\"articleSection\":[\"Services logistiques\"],\"inLanguage\":\"fr-FR\"},{\"@type\":\"WebPage\",\"@id\":\"https:\\\/\\\/www.cargo-montreal.ca\\\/fr\\\/new-association-du-camionnage-du-quebec\\\/\",\"url\":\"https:\\\/\\\/www.cargo-montreal.ca\\\/fr\\\/new-association-du-camionnage-du-quebec\\\/\",\"name\":\"Association du camionnage du Qu\u00e9bec - CargoM\",\"isPartOf\":{\"@id\":\"https:\\\/\\\/www.cargo-montreal.ca\\\/fr\\\/#website\"},\"primaryImageOfPage\":{\"@id\":\"https:\\\/\\\/www.cargo-montreal.ca\\\/fr\\\/new-association-du-camionnage-du-quebec\\\/#primaryimage\"},\"image\":{\"@id\":\"https:\\\/\\\/www.cargo-montreal.ca\\\/fr\\\/new-association-du-camionnage-du-quebec\\\/#primaryimage\"},\"thumbnailUrl\":\"https:\\\/\\\/www.cargo-montreal.ca\\\/wp-content\\\/uploads\\\/2022\\\/05\\\/Logo-ACQ-1.jpg\",\"datePublished\":\"2022-05-20T18:10:52+00:00\",\"dateModified\":\"2022-05-20T18:22:38+00:00\",\"author\":{\"@id\":\"https:\\\/\\\/www.cargo-montreal.ca\\\/fr\\\/#\\\/schema\\\/person\\\/80476d173ce654813db9fd1533901365\"},\"breadcrumb\":{\"@id\":\"https:\\\/\\\/www.cargo-montreal.ca\\\/fr\\\/new-association-du-camionnage-du-quebec\\\/#breadcrumb\"},\"inLanguage\":\"fr-FR\",\"potentialAction\":[{\"@type\":\"ReadAction\",\"target\":[\"https:\\\/\\\/www.cargo-montreal.ca\\\/fr\\\/new-association-du-camionnage-du-quebec\\\/\"]}]},{\"@type\":\"ImageObject\",\"inLanguage\":\"fr-FR\",\"@id\":\"https:\\\/\\\/www.cargo-montreal.ca\\\/fr\\\/new-association-du-camionnage-du-quebec\\\/#primaryimage\",\"url\":\"https:\\\/\\\/www.cargo-montreal.ca\\\/wp-content\\\/uploads\\\/2022\\\/05\\\/Logo-ACQ-1.jpg\",\"contentUrl\":\"https:\\\/\\\/www.cargo-montreal.ca\\\/wp-content\\\/uploads\\\/2022\\\/05\\\/Logo-ACQ-1.jpg\",\"width\":690,\"height\":273},{\"@type\":\"BreadcrumbList\",\"@id\":\"https:\\\/\\\/www.cargo-montreal.ca\\\/fr\\\/new-association-du-camionnage-du-quebec\\\/#breadcrumb\",\"itemListElement\":[{\"@type\":\"ListItem\",\"position\":1,\"name\":\"Home\",\"item\":\"https:\\\/\\\/www.cargo-montreal.ca\\\/fr\\\/\"},{\"@type\":\"ListItem\",\"position\":2,\"name\":\"Association du camionnage du Qu\u00e9bec\"}]},{\"@type\":\"WebSite\",\"@id\":\"https:\\\/\\\/www.cargo-montreal.ca\\\/fr\\\/#website\",\"url\":\"https:\\\/\\\/www.cargo-montreal.ca\\\/fr\\\/\",\"name\":\"CargoM\",\"description\":\"La mission de CargoM: Rassembler les acteurs de la logistique &amp; du transport de marchandises du Grand Montr\u00e9al autour d&#039;objectifs communs, d&#039;actions concert\u00e9es\",\"potentialAction\":[{\"@type\":\"SearchAction\",\"target\":{\"@type\":\"EntryPoint\",\"urlTemplate\":\"https:\\\/\\\/www.cargo-montreal.ca\\\/fr\\\/?s={search_term_string}\"},\"query-input\":{\"@type\":\"PropertyValueSpecification\",\"valueRequired\":true,\"valueName\":\"search_term_string\"}}],\"inLanguage\":\"fr-FR\"},{\"@type\":\"Person\",\"@id\":\"https:\\\/\\\/www.cargo-montreal.ca\\\/fr\\\/#\\\/schema\\\/person\\\/80476d173ce654813db9fd1533901365\",\"name\":\"Karine Dudognon\",\"image\":{\"@type\":\"ImageObject\",\"inLanguage\":\"fr-FR\",\"@id\":\"https:\\\/\\\/secure.gravatar.com\\\/avatar\\\/673bdfb703a9b6685a88bc7dfb04a9ea2b48b30e9d1663a5e759a4e9bfa3e2c0?s=96&d=mm&r=g\",\"url\":\"https:\\\/\\\/secure.gravatar.com\\\/avatar\\\/673bdfb703a9b6685a88bc7dfb04a9ea2b48b30e9d1663a5e759a4e9bfa3e2c0?s=96&d=mm&r=g\",\"contentUrl\":\"https:\\\/\\\/secure.gravatar.com\\\/avatar\\\/673bdfb703a9b6685a88bc7dfb04a9ea2b48b30e9d1663a5e759a4e9bfa3e2c0?s=96&d=mm&r=g\",\"caption\":\"Karine Dudognon\"},\"url\":\"https:\\\/\\\/www.cargo-montreal.ca\\\/fr\\\/author\\\/karine\\\/\"}]}<\/script>\n<!-- \/ Yoast SEO plugin. -->","yoast_head_json":{"title":"Association du camionnage du Qu\u00e9bec - CargoM","robots":{"index":"index","follow":"follow","max-snippet":"max-snippet:-1","max-image-preview":"max-image-preview:large","max-video-preview":"max-video-preview:-1"},"canonical":"https:\/\/www.cargo-montreal.ca\/fr\/new-association-du-camionnage-du-quebec\/","og_locale":"fr_FR","og_type":"article","og_title":"Association du camionnage du Qu\u00e9bec - CargoM","og_description":"En tout temps en pr\u00e9sentiel et en ligne Nouvelles obligations sur la pr\u00e9vention du harc\u00e8lement et de la violence dans le lieu de travail Formations en ligne 1er juin 2022\u00a0\u2013\u00a0Les heures de service (\u00c9tats-Unis) 15 juin 2022\u00a0\u2013\u00a0La norme nord-am\u00e9ricaine sur l\u2019arrimage des cargaisons Consultez l\u2019offre compl\u00e8te de formations","og_url":"https:\/\/www.cargo-montreal.ca\/fr\/new-association-du-camionnage-du-quebec\/","og_site_name":"CargoM","article_published_time":"2022-05-20T18:10:52+00:00","article_modified_time":"2022-05-20T18:22:38+00:00","og_image":[{"width":690,"height":273,"url":"https:\/\/www.cargo-montreal.ca\/wp-content\/uploads\/2022\/05\/Logo-ACQ-1.jpg","type":"image\/jpeg"}],"author":"Karine Dudognon","twitter_card":"summary_large_image","twitter_misc":{"\u00c9crit par":"Karine Dudognon","Dur\u00e9e de lecture estim\u00e9e":"1 minute"},"schema":{"@context":"https:\/\/schema.org","@graph":[{"@type":"Article","@id":"https:\/\/www.cargo-montreal.ca\/fr\/new-association-du-camionnage-du-quebec\/#article","isPartOf":{"@id":"https:\/\/www.cargo-montreal.ca\/fr\/new-association-du-camionnage-du-quebec\/"},"author":{"name":"Karine Dudognon","@id":"https:\/\/www.cargo-montreal.ca\/fr\/#\/schema\/person\/80476d173ce654813db9fd1533901365"},"headline":"Association du camionnage du Qu\u00e9bec","datePublished":"2022-05-20T18:10:52+00:00","dateModified":"2022-05-20T18:22:38+00:00","mainEntityOfPage":{"@id":"https:\/\/www.cargo-montreal.ca\/fr\/new-association-du-camionnage-du-quebec\/"},"wordCount":60,"image":{"@id":"https:\/\/www.cargo-montreal.ca\/fr\/new-association-du-camionnage-du-quebec\/#primaryimage"},"thumbnailUrl":"https:\/\/www.cargo-montreal.ca\/wp-content\/uploads\/2022\/05\/Logo-ACQ-1.jpg","articleSection":["Services logistiques"],"inLanguage":"fr-FR"},{"@type":"WebPage","@id":"https:\/\/www.cargo-montreal.ca\/fr\/new-association-du-camionnage-du-quebec\/","url":"https:\/\/www.cargo-montreal.ca\/fr\/new-association-du-camionnage-du-quebec\/","name":"Association du camionnage du Qu\u00e9bec - CargoM","isPartOf":{"@id":"https:\/\/www.cargo-montreal.ca\/fr\/#website"},"primaryImageOfPage":{"@id":"https:\/\/www.cargo-montreal.ca\/fr\/new-association-du-camionnage-du-quebec\/#primaryimage"},"image":{"@id":"https:\/\/www.cargo-montreal.ca\/fr\/new-association-du-camionnage-du-quebec\/#primaryimage"},"thumbnailUrl":"https:\/\/www.cargo-montreal.ca\/wp-content\/uploads\/2022\/05\/Logo-ACQ-1.jpg","datePublished":"2022-05-20T18:10:52+00:00","dateModified":"2022-05-20T18:22:38+00:00","author":{"@id":"https:\/\/www.cargo-montreal.ca\/fr\/#\/schema\/person\/80476d173ce654813db9fd1533901365"},"breadcrumb":{"@id":"https:\/\/www.cargo-montreal.ca\/fr\/new-association-du-camionnage-du-quebec\/#breadcrumb"},"inLanguage":"fr-FR","potentialAction":[{"@type":"ReadAction","target":["https:\/\/www.cargo-montreal.ca\/fr\/new-association-du-camionnage-du-quebec\/"]}]},{"@type":"ImageObject","inLanguage":"fr-FR","@id":"https:\/\/www.cargo-montreal.ca\/fr\/new-association-du-camionnage-du-quebec\/#primaryimage","url":"https:\/\/www.cargo-montreal.ca\/wp-content\/uploads\/2022\/05\/Logo-ACQ-1.jpg","contentUrl":"https:\/\/www.cargo-montreal.ca\/wp-content\/uploads\/2022\/05\/Logo-ACQ-1.jpg","width":690,"height":273},{"@type":"BreadcrumbList","@id":"https:\/\/www.cargo-montreal.ca\/fr\/new-association-du-camionnage-du-quebec\/#breadcrumb","itemListElement":[{"@type":"ListItem","position":1,"name":"Home","item":"https:\/\/www.cargo-montreal.ca\/fr\/"},{"@type":"ListItem","position":2,"name":"Association du camionnage du Qu\u00e9bec"}]},{"@type":"WebSite","@id":"https:\/\/www.cargo-montreal.ca\/fr\/#website","url":"https:\/\/www.cargo-montreal.ca\/fr\/","name":"CargoM","description":"La mission de CargoM: Rassembler les acteurs de la logistique &amp; du transport de marchandises du Grand Montr\u00e9al autour d&#039;objectifs communs, d&#039;actions concert\u00e9es","potentialAction":[{"@type":"SearchAction","target":{"@type":"EntryPoint","urlTemplate":"https:\/\/www.cargo-montreal.ca\/fr\/?s={search_term_string}"},"query-input":{"@type":"PropertyValueSpecification","valueRequired":true,"valueName":"search_term_string"}}],"inLanguage":"fr-FR"},{"@type":"Person","@id":"https:\/\/www.cargo-montreal.ca\/fr\/#\/schema\/person\/80476d173ce654813db9fd1533901365","name":"Karine Dudognon","image":{"@type":"ImageObject","inLanguage":"fr-FR","@id":"https:\/\/secure.gravatar.com\/avatar\/673bdfb703a9b6685a88bc7dfb04a9ea2b48b30e9d1663a5e759a4e9bfa3e2c0?s=96&d=mm&r=g","url":"https:\/\/secure.gravatar.com\/avatar\/673bdfb703a9b6685a88bc7dfb04a9ea2b48b30e9d1663a5e759a4e9bfa3e2c0?s=96&d=mm&r=g","contentUrl":"https:\/\/secure.gravatar.com\/avatar\/673bdfb703a9b6685a88bc7dfb04a9ea2b48b30e9d1663a5e759a4e9bfa3e2c0?s=96&d=mm&r=g","caption":"Karine Dudognon"},"url":"https:\/\/www.cargo-montreal.ca\/fr\/author\/karine\/"}]}},"_links":{"self":[{"href":"https:\/\/www.cargo-montreal.ca\/fr\/wp-json\/wp\/v2\/posts\/13264","targetHints":{"allow":["GET"]}}],"collection":[{"href":"https:\/\/www.cargo-montreal.ca\/fr\/wp-json\/wp\/v2\/posts"}],"about":[{"href":"https:\/\/www.cargo-montreal.ca\/fr\/wp-json\/wp\/v2\/types\/post"}],"author":[{"embeddable":true,"href":"https:\/\/www.cargo-montreal.ca\/fr\/wp-json\/wp\/v2\/users\/39"}],"replies":[{"embeddable":true,"href":"https:\/\/www.cargo-montreal.ca\/fr\/wp-json\/wp\/v2\/comments?post=13264"}],"version-history":[{"count":2,"href":"https:\/\/www.cargo-montreal.ca\/fr\/wp-json\/wp\/v2\/posts\/13264\/revisions"}],"predecessor-version":[{"id":13271,"href":"https:\/\/www.cargo-montreal.ca\/fr\/wp-json\/wp\/v2\/posts\/13264\/revisions\/13271"}],"wp:featuredmedia":[{"embeddable":true,"href":"https:\/\/www.cargo-montreal.ca\/fr\/wp-json\/wp\/v2\/media\/13265"}],"wp:attachment":[{"href":"https:\/\/www.cargo-montreal.ca\/fr\/wp-json\/wp\/v2\/media?parent=13264"}],"wp:term":[{"taxonomy":"category","embeddable":true,"href":"https:\/\/www.cargo-montreal.ca\/fr\/wp-json\/wp\/v2\/categories?post=13264"},{"taxonomy":"post_tag","embeddable":true,"href":"https:\/\/www.cargo-montreal.ca\/fr\/wp-json\/wp\/v2\/tags?post=13264"}],"curies":[{"name":"wp","href":"https:\/\/api.w.org\/{rel}","templated":true}]}}