{"id":13402,"date":"2022-06-15T18:55:05","date_gmt":"2022-06-15T18:55:05","guid":{"rendered":"https:\/\/www.cargo-montreal.ca\/?p=13402"},"modified":"2022-08-25T13:03:30","modified_gmt":"2022-08-25T13:03:30","slug":"new-association-du-camionnage-du-quebec-2","status":"publish","type":"post","link":"https:\/\/www.cargo-montreal.ca\/fr\/new-association-du-camionnage-du-quebec-2\/","title":{"rendered":"Association du camionnage du Qu\u00e9bec"},"content":{"rendered":"En tout temps en pr\u00e9sentiel et en ligne<u><\/u><u><\/u>\r\n\r\n<a href=\"https:\/\/info.cargo-montreal.ca\/e3t\/Ctc\/ZU+113\/d11nbd04\/VVHG323MX-w8W2DyXK67hBTQ5V5XFwB4LkLgTN4vJDKS5kh4fV3Zsc37CgDPBW939R-F6cssMFW33L1-Z1Z6l-jW1jpB5_89CHxWW34Nflp1qbJkQW2y8C_b82vYDmW3QB6Pf7jQJ24W5DqK9s8RnnRkW3JTl4f7SHLDnN3rBy_bQZzFzW12vCZW5l2P9NN8fbcjjBM8_1W8Rk2Wr2KR73GW6XJQWg7ZnlgyW4TCTBZ2r9w5qW1jG20J261Km0W1YJ-9b8468jsW1xd5zg81C-BSW2nSB9R1M57Z-W2-H-_62J5ZPZW1Q_XnN1KKW1jW2yDC8w4w6G3HW97V2m77ChL3tW21bz925Ck41bVs5r7f2MqM4FW1tFSLn367Ky0VW1DVC1J6tM4W6VnFWP2Y0XBYW58tbQm5y596dW2s353j4HY66tW52yfcD7wsVrTW8CP7CG1-5bT7W6qwTKX1Tkc2lW3l_wWx8s8GKDW5XSRxf4KLHt6VqvL7M4jxP2yVT8FPb1QP89P39Mr1\" target=\"_blank\" rel=\"noopener\" data-saferedirecturl=\"https:\/\/www.google.com\/url?hl=fr-CA&amp;q=https:\/\/info.cargo-montreal.ca\/e3t\/Ctc\/ZU%2B113\/d11nbd04\/VVHG323MX-w8W2DyXK67hBTQ5V5XFwB4LkLgTN4vJDKS5kh4fV3Zsc37CgDPBW939R-F6cssMFW33L1-Z1Z6l-jW1jpB5_89CHxWW34Nflp1qbJkQW2y8C_b82vYDmW3QB6Pf7jQJ24W5DqK9s8RnnRkW3JTl4f7SHLDnN3rBy_bQZzFzW12vCZW5l2P9NN8fbcjjBM8_1W8Rk2Wr2KR73GW6XJQWg7ZnlgyW4TCTBZ2r9w5qW1jG20J261Km0W1YJ-9b8468jsW1xd5zg81C-BSW2nSB9R1M57Z-W2-H-_62J5ZPZW1Q_XnN1KKW1jW2yDC8w4w6G3HW97V2m77ChL3tW21bz925Ck41bVs5r7f2MqM4FW1tFSLn367Ky0VW1DVC1J6tM4W6VnFWP2Y0XBYW58tbQm5y596dW2s353j4HY66tW52yfcD7wsVrTW8CP7CG1-5bT7W6qwTKX1Tkc2lW3l_wWx8s8GKDW5XSRxf4KLHt6VqvL7M4jxP2yVT8FPb1QP89P39Mr1&amp;source=gmail&amp;ust=1655402021019000&amp;usg=AOvVaw3J_dS_VmxhLDsUzp_dMWmM\">Nouvelles obligations sur la pr\u00e9vention du harc\u00e8lement et de la violence dans le lieu de travail<\/a>\r\n\r\nPlusieurs formations sont \u00e0 venir,\u00a0<a href=\"https:\/\/info.cargo-montreal.ca\/e3t\/Ctc\/ZU+113\/d11nbd04\/VVHG323MX-w8W2DyXK67hBTQ5V5XFwB4LkLgTN4vJDL73lLBmV1-WJV7CgXNpW86fqrc3zzxSFW53z-TQ7r1lxbW469nvv5GMmvqN26DmqdR_0lzW79f5DF4_C2h3W8-6rM566Dwr8W3vJ25m5XmfK6W15lFPW2JJWQRW4s-Crz694Tj0W64FC6x23BL22W44fP2n8KQG7-W36J_R51FbG34W5pKXmr19kdYXMvzw0h-G2FRVDL3PG776bnFW7h6RkV3xq9RKN85HB67LVzTqW4Zcswn8-C9fRMV80CjTSS62W4K67-55K6HvDVvt8j84_yjwXW1t1sbx2BJ3V83mG51\" target=\"_blank\" rel=\"noopener\" data-saferedirecturl=\"https:\/\/www.google.com\/url?hl=fr-CA&amp;q=https:\/\/info.cargo-montreal.ca\/e3t\/Ctc\/ZU%2B113\/d11nbd04\/VVHG323MX-w8W2DyXK67hBTQ5V5XFwB4LkLgTN4vJDL73lLBmV1-WJV7CgXNpW86fqrc3zzxSFW53z-TQ7r1lxbW469nvv5GMmvqN26DmqdR_0lzW79f5DF4_C2h3W8-6rM566Dwr8W3vJ25m5XmfK6W15lFPW2JJWQRW4s-Crz694Tj0W64FC6x23BL22W44fP2n8KQG7-W36J_R51FbG34W5pKXmr19kdYXMvzw0h-G2FRVDL3PG776bnFW7h6RkV3xq9RKN85HB67LVzTqW4Zcswn8-C9fRMV80CjTSS62W4K67-55K6HvDVvt8j84_yjwXW1t1sbx2BJ3V83mG51&amp;source=gmail&amp;ust=1655402021020000&amp;usg=AOvVaw0HUcygKULNZZSJX5MW4QSu\">consultez l\u2019offre compl\u00e8te<\/a>.","protected":false},"excerpt":{"rendered":"En tout temps en pr\u00e9sentiel et en ligne Nouvelles obligations sur la pr\u00e9vention du harc\u00e8lement et de la violence dans le lieu de travail Plusieurs formations sont \u00e0 venir,\u00a0consultez l\u2019offre compl\u00e8te.","protected":false},"author":39,"featured_media":12914,"comment_status":"closed","ping_status":"closed","sticky":false,"template":"","format":"standard","meta":{"_acf_changed":false,"footnotes":""},"categories":[20],"tags":[],"class_list":["post-13402","post","type-post","status-publish","format-standard","has-post-thumbnail","hentry","category-services-logistiques"],"acf":[],"yoast_head":"<!-- This site is optimized with the Yoast SEO plugin v27.3 - https:\/\/yoast.com\/product\/yoast-seo-wordpress\/ -->\n<title>Association du camionnage du Qu\u00e9bec - CargoM<\/title>\n<meta name=\"robots\" content=\"index, follow, max-snippet:-1, max-image-preview:large, max-video-preview:-1\" \/>\n<link rel=\"canonical\" href=\"https:\/\/www.cargo-montreal.ca\/fr\/new-association-du-camionnage-du-quebec-2\/\" \/>\n<meta property=\"og:locale\" content=\"fr_FR\" \/>\n<meta property=\"og:type\" content=\"article\" \/>\n<meta property=\"og:title\" content=\"Association du camionnage du Qu\u00e9bec - CargoM\" \/>\n<meta property=\"og:description\" content=\"En tout temps en pr\u00e9sentiel et en ligne Nouvelles obligations sur la pr\u00e9vention du harc\u00e8lement et de la violence dans le lieu de travail Plusieurs formations sont \u00e0 venir,\u00a0consultez l\u2019offre compl\u00e8te.\" \/>\n<meta property=\"og:url\" content=\"https:\/\/www.cargo-montreal.ca\/fr\/new-association-du-camionnage-du-quebec-2\/\" \/>\n<meta property=\"og:site_name\" content=\"CargoM\" \/>\n<meta property=\"article:published_time\" content=\"2022-06-15T18:55:05+00:00\" \/>\n<meta property=\"article:modified_time\" content=\"2022-08-25T13:03:30+00:00\" \/>\n<meta property=\"og:image\" content=\"https:\/\/www.cargo-montreal.ca\/wp-content\/uploads\/2022\/02\/Logo-ACQ-1.jpg\" \/>\n\t<meta property=\"og:image:width\" content=\"690\" \/>\n\t<meta property=\"og:image:height\" content=\"273\" \/>\n\t<meta property=\"og:image:type\" content=\"image\/jpeg\" \/>\n<meta name=\"author\" content=\"Karine Dudognon\" \/>\n<meta name=\"twitter:card\" content=\"summary_large_image\" \/>\n<meta name=\"twitter:label1\" content=\"\u00c9crit par\" \/>\n\t<meta name=\"twitter:data1\" content=\"Karine Dudognon\" \/>\n\t<meta name=\"twitter:label2\" content=\"Dur\u00e9e de lecture estim\u00e9e\" \/>\n\t<meta name=\"twitter:data2\" content=\"1 minute\" \/>\n<script type=\"application\/ld+json\" class=\"yoast-schema-graph\">{\"@context\":\"https:\\\/\\\/schema.org\",\"@graph\":[{\"@type\":\"Article\",\"@id\":\"https:\\\/\\\/www.cargo-montreal.ca\\\/fr\\\/new-association-du-camionnage-du-quebec-2\\\/#article\",\"isPartOf\":{\"@id\":\"https:\\\/\\\/www.cargo-montreal.ca\\\/fr\\\/new-association-du-camionnage-du-quebec-2\\\/\"},\"author\":{\"name\":\"Karine Dudognon\",\"@id\":\"https:\\\/\\\/www.cargo-montreal.ca\\\/fr\\\/#\\\/schema\\\/person\\\/80476d173ce654813db9fd1533901365\"},\"headline\":\"Association du camionnage du Qu\u00e9bec\",\"datePublished\":\"2022-06-15T18:55:05+00:00\",\"dateModified\":\"2022-08-25T13:03:30+00:00\",\"mainEntityOfPage\":{\"@id\":\"https:\\\/\\\/www.cargo-montreal.ca\\\/fr\\\/new-association-du-camionnage-du-quebec-2\\\/\"},\"wordCount\":42,\"image\":{\"@id\":\"https:\\\/\\\/www.cargo-montreal.ca\\\/fr\\\/new-association-du-camionnage-du-quebec-2\\\/#primaryimage\"},\"thumbnailUrl\":\"https:\\\/\\\/www.cargo-montreal.ca\\\/wp-content\\\/uploads\\\/2022\\\/02\\\/Logo-ACQ-1.jpg\",\"articleSection\":[\"Services logistiques\"],\"inLanguage\":\"fr-FR\"},{\"@type\":\"WebPage\",\"@id\":\"https:\\\/\\\/www.cargo-montreal.ca\\\/fr\\\/new-association-du-camionnage-du-quebec-2\\\/\",\"url\":\"https:\\\/\\\/www.cargo-montreal.ca\\\/fr\\\/new-association-du-camionnage-du-quebec-2\\\/\",\"name\":\"Association du camionnage du Qu\u00e9bec - CargoM\",\"isPartOf\":{\"@id\":\"https:\\\/\\\/www.cargo-montreal.ca\\\/fr\\\/#website\"},\"primaryImageOfPage\":{\"@id\":\"https:\\\/\\\/www.cargo-montreal.ca\\\/fr\\\/new-association-du-camionnage-du-quebec-2\\\/#primaryimage\"},\"image\":{\"@id\":\"https:\\\/\\\/www.cargo-montreal.ca\\\/fr\\\/new-association-du-camionnage-du-quebec-2\\\/#primaryimage\"},\"thumbnailUrl\":\"https:\\\/\\\/www.cargo-montreal.ca\\\/wp-content\\\/uploads\\\/2022\\\/02\\\/Logo-ACQ-1.jpg\",\"datePublished\":\"2022-06-15T18:55:05+00:00\",\"dateModified\":\"2022-08-25T13:03:30+00:00\",\"author\":{\"@id\":\"https:\\\/\\\/www.cargo-montreal.ca\\\/fr\\\/#\\\/schema\\\/person\\\/80476d173ce654813db9fd1533901365\"},\"breadcrumb\":{\"@id\":\"https:\\\/\\\/www.cargo-montreal.ca\\\/fr\\\/new-association-du-camionnage-du-quebec-2\\\/#breadcrumb\"},\"inLanguage\":\"fr-FR\",\"potentialAction\":[{\"@type\":\"ReadAction\",\"target\":[\"https:\\\/\\\/www.cargo-montreal.ca\\\/fr\\\/new-association-du-camionnage-du-quebec-2\\\/\"]}]},{\"@type\":\"ImageObject\",\"inLanguage\":\"fr-FR\",\"@id\":\"https:\\\/\\\/www.cargo-montreal.ca\\\/fr\\\/new-association-du-camionnage-du-quebec-2\\\/#primaryimage\",\"url\":\"https:\\\/\\\/www.cargo-montreal.ca\\\/wp-content\\\/uploads\\\/2022\\\/02\\\/Logo-ACQ-1.jpg\",\"contentUrl\":\"https:\\\/\\\/www.cargo-montreal.ca\\\/wp-content\\\/uploads\\\/2022\\\/02\\\/Logo-ACQ-1.jpg\",\"width\":690,\"height\":273},{\"@type\":\"BreadcrumbList\",\"@id\":\"https:\\\/\\\/www.cargo-montreal.ca\\\/fr\\\/new-association-du-camionnage-du-quebec-2\\\/#breadcrumb\",\"itemListElement\":[{\"@type\":\"ListItem\",\"position\":1,\"name\":\"Home\",\"item\":\"https:\\\/\\\/www.cargo-montreal.ca\\\/fr\\\/\"},{\"@type\":\"ListItem\",\"position\":2,\"name\":\"Association du camionnage du Qu\u00e9bec\"}]},{\"@type\":\"WebSite\",\"@id\":\"https:\\\/\\\/www.cargo-montreal.ca\\\/fr\\\/#website\",\"url\":\"https:\\\/\\\/www.cargo-montreal.ca\\\/fr\\\/\",\"name\":\"CargoM\",\"description\":\"La mission de CargoM: Rassembler les acteurs de la logistique &amp; du transport de marchandises du Grand Montr\u00e9al autour d&#039;objectifs communs, d&#039;actions concert\u00e9es\",\"potentialAction\":[{\"@type\":\"SearchAction\",\"target\":{\"@type\":\"EntryPoint\",\"urlTemplate\":\"https:\\\/\\\/www.cargo-montreal.ca\\\/fr\\\/?s={search_term_string}\"},\"query-input\":{\"@type\":\"PropertyValueSpecification\",\"valueRequired\":true,\"valueName\":\"search_term_string\"}}],\"inLanguage\":\"fr-FR\"},{\"@type\":\"Person\",\"@id\":\"https:\\\/\\\/www.cargo-montreal.ca\\\/fr\\\/#\\\/schema\\\/person\\\/80476d173ce654813db9fd1533901365\",\"name\":\"Karine Dudognon\",\"image\":{\"@type\":\"ImageObject\",\"inLanguage\":\"fr-FR\",\"@id\":\"https:\\\/\\\/secure.gravatar.com\\\/avatar\\\/673bdfb703a9b6685a88bc7dfb04a9ea2b48b30e9d1663a5e759a4e9bfa3e2c0?s=96&d=mm&r=g\",\"url\":\"https:\\\/\\\/secure.gravatar.com\\\/avatar\\\/673bdfb703a9b6685a88bc7dfb04a9ea2b48b30e9d1663a5e759a4e9bfa3e2c0?s=96&d=mm&r=g\",\"contentUrl\":\"https:\\\/\\\/secure.gravatar.com\\\/avatar\\\/673bdfb703a9b6685a88bc7dfb04a9ea2b48b30e9d1663a5e759a4e9bfa3e2c0?s=96&d=mm&r=g\",\"caption\":\"Karine Dudognon\"},\"url\":\"https:\\\/\\\/www.cargo-montreal.ca\\\/fr\\\/author\\\/karine\\\/\"}]}<\/script>\n<!-- \/ Yoast SEO plugin. -->","yoast_head_json":{"title":"Association du camionnage du Qu\u00e9bec - CargoM","robots":{"index":"index","follow":"follow","max-snippet":"max-snippet:-1","max-image-preview":"max-image-preview:large","max-video-preview":"max-video-preview:-1"},"canonical":"https:\/\/www.cargo-montreal.ca\/fr\/new-association-du-camionnage-du-quebec-2\/","og_locale":"fr_FR","og_type":"article","og_title":"Association du camionnage du Qu\u00e9bec - CargoM","og_description":"En tout temps en pr\u00e9sentiel et en ligne Nouvelles obligations sur la pr\u00e9vention du harc\u00e8lement et de la violence dans le lieu de travail Plusieurs formations sont \u00e0 venir,\u00a0consultez l\u2019offre compl\u00e8te.","og_url":"https:\/\/www.cargo-montreal.ca\/fr\/new-association-du-camionnage-du-quebec-2\/","og_site_name":"CargoM","article_published_time":"2022-06-15T18:55:05+00:00","article_modified_time":"2022-08-25T13:03:30+00:00","og_image":[{"width":690,"height":273,"url":"https:\/\/www.cargo-montreal.ca\/wp-content\/uploads\/2022\/02\/Logo-ACQ-1.jpg","type":"image\/jpeg"}],"author":"Karine Dudognon","twitter_card":"summary_large_image","twitter_misc":{"\u00c9crit par":"Karine Dudognon","Dur\u00e9e de lecture estim\u00e9e":"1 minute"},"schema":{"@context":"https:\/\/schema.org","@graph":[{"@type":"Article","@id":"https:\/\/www.cargo-montreal.ca\/fr\/new-association-du-camionnage-du-quebec-2\/#article","isPartOf":{"@id":"https:\/\/www.cargo-montreal.ca\/fr\/new-association-du-camionnage-du-quebec-2\/"},"author":{"name":"Karine Dudognon","@id":"https:\/\/www.cargo-montreal.ca\/fr\/#\/schema\/person\/80476d173ce654813db9fd1533901365"},"headline":"Association du camionnage du Qu\u00e9bec","datePublished":"2022-06-15T18:55:05+00:00","dateModified":"2022-08-25T13:03:30+00:00","mainEntityOfPage":{"@id":"https:\/\/www.cargo-montreal.ca\/fr\/new-association-du-camionnage-du-quebec-2\/"},"wordCount":42,"image":{"@id":"https:\/\/www.cargo-montreal.ca\/fr\/new-association-du-camionnage-du-quebec-2\/#primaryimage"},"thumbnailUrl":"https:\/\/www.cargo-montreal.ca\/wp-content\/uploads\/2022\/02\/Logo-ACQ-1.jpg","articleSection":["Services logistiques"],"inLanguage":"fr-FR"},{"@type":"WebPage","@id":"https:\/\/www.cargo-montreal.ca\/fr\/new-association-du-camionnage-du-quebec-2\/","url":"https:\/\/www.cargo-montreal.ca\/fr\/new-association-du-camionnage-du-quebec-2\/","name":"Association du camionnage du Qu\u00e9bec - CargoM","isPartOf":{"@id":"https:\/\/www.cargo-montreal.ca\/fr\/#website"},"primaryImageOfPage":{"@id":"https:\/\/www.cargo-montreal.ca\/fr\/new-association-du-camionnage-du-quebec-2\/#primaryimage"},"image":{"@id":"https:\/\/www.cargo-montreal.ca\/fr\/new-association-du-camionnage-du-quebec-2\/#primaryimage"},"thumbnailUrl":"https:\/\/www.cargo-montreal.ca\/wp-content\/uploads\/2022\/02\/Logo-ACQ-1.jpg","datePublished":"2022-06-15T18:55:05+00:00","dateModified":"2022-08-25T13:03:30+00:00","author":{"@id":"https:\/\/www.cargo-montreal.ca\/fr\/#\/schema\/person\/80476d173ce654813db9fd1533901365"},"breadcrumb":{"@id":"https:\/\/www.cargo-montreal.ca\/fr\/new-association-du-camionnage-du-quebec-2\/#breadcrumb"},"inLanguage":"fr-FR","potentialAction":[{"@type":"ReadAction","target":["https:\/\/www.cargo-montreal.ca\/fr\/new-association-du-camionnage-du-quebec-2\/"]}]},{"@type":"ImageObject","inLanguage":"fr-FR","@id":"https:\/\/www.cargo-montreal.ca\/fr\/new-association-du-camionnage-du-quebec-2\/#primaryimage","url":"https:\/\/www.cargo-montreal.ca\/wp-content\/uploads\/2022\/02\/Logo-ACQ-1.jpg","contentUrl":"https:\/\/www.cargo-montreal.ca\/wp-content\/uploads\/2022\/02\/Logo-ACQ-1.jpg","width":690,"height":273},{"@type":"BreadcrumbList","@id":"https:\/\/www.cargo-montreal.ca\/fr\/new-association-du-camionnage-du-quebec-2\/#breadcrumb","itemListElement":[{"@type":"ListItem","position":1,"name":"Home","item":"https:\/\/www.cargo-montreal.ca\/fr\/"},{"@type":"ListItem","position":2,"name":"Association du camionnage du Qu\u00e9bec"}]},{"@type":"WebSite","@id":"https:\/\/www.cargo-montreal.ca\/fr\/#website","url":"https:\/\/www.cargo-montreal.ca\/fr\/","name":"CargoM","description":"La mission de CargoM: Rassembler les acteurs de la logistique &amp; du transport de marchandises du Grand Montr\u00e9al autour d&#039;objectifs communs, d&#039;actions concert\u00e9es","potentialAction":[{"@type":"SearchAction","target":{"@type":"EntryPoint","urlTemplate":"https:\/\/www.cargo-montreal.ca\/fr\/?s={search_term_string}"},"query-input":{"@type":"PropertyValueSpecification","valueRequired":true,"valueName":"search_term_string"}}],"inLanguage":"fr-FR"},{"@type":"Person","@id":"https:\/\/www.cargo-montreal.ca\/fr\/#\/schema\/person\/80476d173ce654813db9fd1533901365","name":"Karine Dudognon","image":{"@type":"ImageObject","inLanguage":"fr-FR","@id":"https:\/\/secure.gravatar.com\/avatar\/673bdfb703a9b6685a88bc7dfb04a9ea2b48b30e9d1663a5e759a4e9bfa3e2c0?s=96&d=mm&r=g","url":"https:\/\/secure.gravatar.com\/avatar\/673bdfb703a9b6685a88bc7dfb04a9ea2b48b30e9d1663a5e759a4e9bfa3e2c0?s=96&d=mm&r=g","contentUrl":"https:\/\/secure.gravatar.com\/avatar\/673bdfb703a9b6685a88bc7dfb04a9ea2b48b30e9d1663a5e759a4e9bfa3e2c0?s=96&d=mm&r=g","caption":"Karine Dudognon"},"url":"https:\/\/www.cargo-montreal.ca\/fr\/author\/karine\/"}]}},"_links":{"self":[{"href":"https:\/\/www.cargo-montreal.ca\/fr\/wp-json\/wp\/v2\/posts\/13402","targetHints":{"allow":["GET"]}}],"collection":[{"href":"https:\/\/www.cargo-montreal.ca\/fr\/wp-json\/wp\/v2\/posts"}],"about":[{"href":"https:\/\/www.cargo-montreal.ca\/fr\/wp-json\/wp\/v2\/types\/post"}],"author":[{"embeddable":true,"href":"https:\/\/www.cargo-montreal.ca\/fr\/wp-json\/wp\/v2\/users\/39"}],"replies":[{"embeddable":true,"href":"https:\/\/www.cargo-montreal.ca\/fr\/wp-json\/wp\/v2\/comments?post=13402"}],"version-history":[{"count":2,"href":"https:\/\/www.cargo-montreal.ca\/fr\/wp-json\/wp\/v2\/posts\/13402\/revisions"}],"predecessor-version":[{"id":13408,"href":"https:\/\/www.cargo-montreal.ca\/fr\/wp-json\/wp\/v2\/posts\/13402\/revisions\/13408"}],"wp:featuredmedia":[{"embeddable":true,"href":"https:\/\/www.cargo-montreal.ca\/fr\/wp-json\/wp\/v2\/media\/12914"}],"wp:attachment":[{"href":"https:\/\/www.cargo-montreal.ca\/fr\/wp-json\/wp\/v2\/media?parent=13402"}],"wp:term":[{"taxonomy":"category","embeddable":true,"href":"https:\/\/www.cargo-montreal.ca\/fr\/wp-json\/wp\/v2\/categories?post=13402"},{"taxonomy":"post_tag","embeddable":true,"href":"https:\/\/www.cargo-montreal.ca\/fr\/wp-json\/wp\/v2\/tags?post=13402"}],"curies":[{"name":"wp","href":"https:\/\/api.w.org\/{rel}","templated":true}]}}