{"id":13531,"date":"2022-08-25T12:05:57","date_gmt":"2022-08-25T12:05:57","guid":{"rendered":"https:\/\/www.cargo-montreal.ca\/?p=13531"},"modified":"2022-08-25T13:09:11","modified_gmt":"2022-08-25T13:09:11","slug":"pres-de-155-m-pour-ladministration-portuaire-de-montreal","status":"publish","type":"post","link":"https:\/\/www.cargo-montreal.ca\/fr\/pres-de-155-m-pour-ladministration-portuaire-de-montreal\/","title":{"rendered":"Pr\u00e8s de 15,5 M$ pour l\u2019Administration portuaire de Montr\u00e9al"},"content":{"rendered":"<p style=\"text-align: justify;\" align=\"justify\">La ministre d\u00e9l\u00e9gu\u00e9e aux Transports et ministre responsable de la M\u00e9tropole et de la r\u00e9gion de Montr\u00e9al, Mme Chantal Rouleau, a annonc\u00e9 le 23 juin dernier, l\u2019attribution d\u2019une aide financi\u00e8re de 15 499 000 $ \u00e0 l\u2019Administration portuaire de Montr\u00e9al (APM) pour soutenir la construction et la r\u00e9fection d\u2019infrastructures maritimes.<\/p>\r\n<p style=\"text-align: justify;\" align=\"justify\">Cette somme servira \u00e0 la r\u00e9alisation de trois projets : la r\u00e9fection du quai 28, la r\u00e9fection et l\u2019\u00e9largissement du pont ferroviaire Pie-IX ainsi que la poursuite des travaux de construction du pont d\u2019\u00e9tagement situ\u00e9 au-dessus de la rue Notre-Dame.<\/p>\r\n<p align=\"justify\">Ces projets contribueront \u00e0 soutenir l\u2019intermodalit\u00e9 en maximisant les liens avec le transport terrestre selon une approche \u00e9coresponsable, \u00e0 am\u00e9liorer la fluidit\u00e9 du trafic routier dans le port et \u00e0 r\u00e9duire la circulation de camions sur le r\u00e9seau routier local.<\/p>\r\n<p align=\"justify\">Pour en savoir plus, cliquez\u00a0<a href=\"https:\/\/www.transports.gouv.qc.ca\/fr\/salle-de-presse\/nouvelles\/Pages\/aide-financiere-administration-portuaire-montreal.aspx?utm_source=hs_email&amp;utm_medium=email&amp;_hsenc=p2ANqtz-__pCuN-8ygl9AuAv5-yalpMlS9U1rX_DjHxwLDIIi8YeAgu1kChbwgj6pQ_2VWtqXwOF8v\" target=\"_blank\" rel=\"noopener\" data-hs-link-id=\"0\">ic<\/a><a href=\"https:\/\/www.transports.gouv.qc.ca\/fr\/salle-de-presse\/nouvelles\/Pages\/aide-financiere-administration-portuaire-montreal.aspx?utm_source=hs_email&amp;utm_medium=email&amp;_hsenc=p2ANqtz-__pCuN-8ygl9AuAv5-yalpMlS9U1rX_DjHxwLDIIi8YeAgu1kChbwgj6pQ_2VWtqXwOF8v\" target=\"_blank\" rel=\"noopener\" data-hs-link-id=\"1\">i<\/a>.<\/p>\r\nSource\u00a0: Minist\u00e8re des Transports","protected":false},"excerpt":{"rendered":"La ministre d\u00e9l\u00e9gu\u00e9e aux Transports et ministre responsable de la M\u00e9tropole et de la r\u00e9gion de Montr\u00e9al, Mme Chantal Rouleau, a annonc\u00e9 le 23 juin dernier, l\u2019attribution d\u2019une aide financi\u00e8re de 15 499 000 $ \u00e0 l\u2019Administration portuaire de Montr\u00e9al (APM) pour soutenir la construction et la r\u00e9fection d\u2019infrastructures maritimes. Cette somme servira \u00e0 la [&hellip;]","protected":false},"author":39,"featured_media":13532,"comment_status":"closed","ping_status":"closed","sticky":false,"template":"","format":"standard","meta":{"_acf_changed":false,"footnotes":""},"categories":[],"tags":[],"class_list":["post-13531","post","type-post","status-publish","format-standard","has-post-thumbnail","hentry"],"acf":[],"yoast_head":"<!-- This site is optimized with the Yoast SEO plugin v27.3 - https:\/\/yoast.com\/product\/yoast-seo-wordpress\/ -->\n<title>Pr\u00e8s de 15,5 M$ pour l\u2019Administration portuaire de Montr\u00e9al - CargoM<\/title>\n<meta name=\"robots\" content=\"index, follow, max-snippet:-1, max-image-preview:large, max-video-preview:-1\" \/>\n<link rel=\"canonical\" href=\"https:\/\/www.cargo-montreal.ca\/fr\/pres-de-155-m-pour-ladministration-portuaire-de-montreal\/\" \/>\n<meta property=\"og:locale\" content=\"fr_FR\" \/>\n<meta property=\"og:type\" content=\"article\" \/>\n<meta property=\"og:title\" content=\"Pr\u00e8s de 15,5 M$ pour l\u2019Administration portuaire de Montr\u00e9al - CargoM\" \/>\n<meta property=\"og:description\" content=\"La ministre d\u00e9l\u00e9gu\u00e9e aux Transports et ministre responsable de la M\u00e9tropole et de la r\u00e9gion de Montr\u00e9al, Mme Chantal Rouleau, a annonc\u00e9 le 23 juin dernier, l\u2019attribution d\u2019une aide financi\u00e8re de 15 499 000 $ \u00e0 l\u2019Administration portuaire de Montr\u00e9al (APM) pour soutenir la construction et la r\u00e9fection d\u2019infrastructures maritimes. Cette somme servira \u00e0 la [&hellip;]\" \/>\n<meta property=\"og:url\" content=\"https:\/\/www.cargo-montreal.ca\/fr\/pres-de-155-m-pour-ladministration-portuaire-de-montreal\/\" \/>\n<meta property=\"og:site_name\" content=\"CargoM\" \/>\n<meta property=\"article:published_time\" content=\"2022-08-25T12:05:57+00:00\" \/>\n<meta property=\"article:modified_time\" content=\"2022-08-25T13:09:11+00:00\" \/>\n<meta property=\"og:image\" content=\"https:\/\/www.cargo-montreal.ca\/wp-content\/uploads\/2022\/08\/Imbleau-et-Rouleau.jpg\" \/>\n\t<meta property=\"og:image:width\" content=\"1635\" \/>\n\t<meta property=\"og:image:height\" content=\"1353\" \/>\n\t<meta property=\"og:image:type\" content=\"image\/jpeg\" \/>\n<meta name=\"author\" content=\"Karine Dudognon\" \/>\n<meta name=\"twitter:card\" content=\"summary_large_image\" \/>\n<meta name=\"twitter:label1\" content=\"\u00c9crit par\" \/>\n\t<meta name=\"twitter:data1\" content=\"Karine Dudognon\" \/>\n\t<meta name=\"twitter:label2\" content=\"Dur\u00e9e de lecture estim\u00e9e\" \/>\n\t<meta name=\"twitter:data2\" content=\"1 minute\" \/>\n<script type=\"application\/ld+json\" class=\"yoast-schema-graph\">{\"@context\":\"https:\\\/\\\/schema.org\",\"@graph\":[{\"@type\":\"Article\",\"@id\":\"https:\\\/\\\/www.cargo-montreal.ca\\\/fr\\\/pres-de-155-m-pour-ladministration-portuaire-de-montreal\\\/#article\",\"isPartOf\":{\"@id\":\"https:\\\/\\\/www.cargo-montreal.ca\\\/fr\\\/pres-de-155-m-pour-ladministration-portuaire-de-montreal\\\/\"},\"author\":{\"name\":\"Karine Dudognon\",\"@id\":\"https:\\\/\\\/www.cargo-montreal.ca\\\/fr\\\/#\\\/schema\\\/person\\\/80476d173ce654813db9fd1533901365\"},\"headline\":\"Pr\u00e8s de 15,5 M$ pour l\u2019Administration portuaire de Montr\u00e9al\",\"datePublished\":\"2022-08-25T12:05:57+00:00\",\"dateModified\":\"2022-08-25T13:09:11+00:00\",\"mainEntityOfPage\":{\"@id\":\"https:\\\/\\\/www.cargo-montreal.ca\\\/fr\\\/pres-de-155-m-pour-ladministration-portuaire-de-montreal\\\/\"},\"wordCount\":163,\"image\":{\"@id\":\"https:\\\/\\\/www.cargo-montreal.ca\\\/fr\\\/pres-de-155-m-pour-ladministration-portuaire-de-montreal\\\/#primaryimage\"},\"thumbnailUrl\":\"https:\\\/\\\/www.cargo-montreal.ca\\\/wp-content\\\/uploads\\\/2022\\\/08\\\/Imbleau-et-Rouleau.jpg\",\"inLanguage\":\"fr-FR\"},{\"@type\":\"WebPage\",\"@id\":\"https:\\\/\\\/www.cargo-montreal.ca\\\/fr\\\/pres-de-155-m-pour-ladministration-portuaire-de-montreal\\\/\",\"url\":\"https:\\\/\\\/www.cargo-montreal.ca\\\/fr\\\/pres-de-155-m-pour-ladministration-portuaire-de-montreal\\\/\",\"name\":\"Pr\u00e8s de 15,5 M$ pour l\u2019Administration portuaire de Montr\u00e9al - CargoM\",\"isPartOf\":{\"@id\":\"https:\\\/\\\/www.cargo-montreal.ca\\\/fr\\\/#website\"},\"primaryImageOfPage\":{\"@id\":\"https:\\\/\\\/www.cargo-montreal.ca\\\/fr\\\/pres-de-155-m-pour-ladministration-portuaire-de-montreal\\\/#primaryimage\"},\"image\":{\"@id\":\"https:\\\/\\\/www.cargo-montreal.ca\\\/fr\\\/pres-de-155-m-pour-ladministration-portuaire-de-montreal\\\/#primaryimage\"},\"thumbnailUrl\":\"https:\\\/\\\/www.cargo-montreal.ca\\\/wp-content\\\/uploads\\\/2022\\\/08\\\/Imbleau-et-Rouleau.jpg\",\"datePublished\":\"2022-08-25T12:05:57+00:00\",\"dateModified\":\"2022-08-25T13:09:11+00:00\",\"author\":{\"@id\":\"https:\\\/\\\/www.cargo-montreal.ca\\\/fr\\\/#\\\/schema\\\/person\\\/80476d173ce654813db9fd1533901365\"},\"breadcrumb\":{\"@id\":\"https:\\\/\\\/www.cargo-montreal.ca\\\/fr\\\/pres-de-155-m-pour-ladministration-portuaire-de-montreal\\\/#breadcrumb\"},\"inLanguage\":\"fr-FR\",\"potentialAction\":[{\"@type\":\"ReadAction\",\"target\":[\"https:\\\/\\\/www.cargo-montreal.ca\\\/fr\\\/pres-de-155-m-pour-ladministration-portuaire-de-montreal\\\/\"]}]},{\"@type\":\"ImageObject\",\"inLanguage\":\"fr-FR\",\"@id\":\"https:\\\/\\\/www.cargo-montreal.ca\\\/fr\\\/pres-de-155-m-pour-ladministration-portuaire-de-montreal\\\/#primaryimage\",\"url\":\"https:\\\/\\\/www.cargo-montreal.ca\\\/wp-content\\\/uploads\\\/2022\\\/08\\\/Imbleau-et-Rouleau.jpg\",\"contentUrl\":\"https:\\\/\\\/www.cargo-montreal.ca\\\/wp-content\\\/uploads\\\/2022\\\/08\\\/Imbleau-et-Rouleau.jpg\",\"width\":1635,\"height\":1353},{\"@type\":\"BreadcrumbList\",\"@id\":\"https:\\\/\\\/www.cargo-montreal.ca\\\/fr\\\/pres-de-155-m-pour-ladministration-portuaire-de-montreal\\\/#breadcrumb\",\"itemListElement\":[{\"@type\":\"ListItem\",\"position\":1,\"name\":\"Home\",\"item\":\"https:\\\/\\\/www.cargo-montreal.ca\\\/fr\\\/\"},{\"@type\":\"ListItem\",\"position\":2,\"name\":\"Pr\u00e8s de 15,5 M$ pour l\u2019Administration portuaire de Montr\u00e9al\"}]},{\"@type\":\"WebSite\",\"@id\":\"https:\\\/\\\/www.cargo-montreal.ca\\\/fr\\\/#website\",\"url\":\"https:\\\/\\\/www.cargo-montreal.ca\\\/fr\\\/\",\"name\":\"CargoM\",\"description\":\"La mission de CargoM: Rassembler les acteurs de la logistique &amp; du transport de marchandises du Grand Montr\u00e9al autour d&#039;objectifs communs, d&#039;actions concert\u00e9es\",\"potentialAction\":[{\"@type\":\"SearchAction\",\"target\":{\"@type\":\"EntryPoint\",\"urlTemplate\":\"https:\\\/\\\/www.cargo-montreal.ca\\\/fr\\\/?s={search_term_string}\"},\"query-input\":{\"@type\":\"PropertyValueSpecification\",\"valueRequired\":true,\"valueName\":\"search_term_string\"}}],\"inLanguage\":\"fr-FR\"},{\"@type\":\"Person\",\"@id\":\"https:\\\/\\\/www.cargo-montreal.ca\\\/fr\\\/#\\\/schema\\\/person\\\/80476d173ce654813db9fd1533901365\",\"name\":\"Karine Dudognon\",\"image\":{\"@type\":\"ImageObject\",\"inLanguage\":\"fr-FR\",\"@id\":\"https:\\\/\\\/secure.gravatar.com\\\/avatar\\\/673bdfb703a9b6685a88bc7dfb04a9ea2b48b30e9d1663a5e759a4e9bfa3e2c0?s=96&d=mm&r=g\",\"url\":\"https:\\\/\\\/secure.gravatar.com\\\/avatar\\\/673bdfb703a9b6685a88bc7dfb04a9ea2b48b30e9d1663a5e759a4e9bfa3e2c0?s=96&d=mm&r=g\",\"contentUrl\":\"https:\\\/\\\/secure.gravatar.com\\\/avatar\\\/673bdfb703a9b6685a88bc7dfb04a9ea2b48b30e9d1663a5e759a4e9bfa3e2c0?s=96&d=mm&r=g\",\"caption\":\"Karine Dudognon\"},\"url\":\"https:\\\/\\\/www.cargo-montreal.ca\\\/fr\\\/author\\\/karine\\\/\"}]}<\/script>\n<!-- \/ Yoast SEO plugin. -->","yoast_head_json":{"title":"Pr\u00e8s de 15,5 M$ pour l\u2019Administration portuaire de Montr\u00e9al - CargoM","robots":{"index":"index","follow":"follow","max-snippet":"max-snippet:-1","max-image-preview":"max-image-preview:large","max-video-preview":"max-video-preview:-1"},"canonical":"https:\/\/www.cargo-montreal.ca\/fr\/pres-de-155-m-pour-ladministration-portuaire-de-montreal\/","og_locale":"fr_FR","og_type":"article","og_title":"Pr\u00e8s de 15,5 M$ pour l\u2019Administration portuaire de Montr\u00e9al - CargoM","og_description":"La ministre d\u00e9l\u00e9gu\u00e9e aux Transports et ministre responsable de la M\u00e9tropole et de la r\u00e9gion de Montr\u00e9al, Mme Chantal Rouleau, a annonc\u00e9 le 23 juin dernier, l\u2019attribution d\u2019une aide financi\u00e8re de 15 499 000 $ \u00e0 l\u2019Administration portuaire de Montr\u00e9al (APM) pour soutenir la construction et la r\u00e9fection d\u2019infrastructures maritimes. Cette somme servira \u00e0 la [&hellip;]","og_url":"https:\/\/www.cargo-montreal.ca\/fr\/pres-de-155-m-pour-ladministration-portuaire-de-montreal\/","og_site_name":"CargoM","article_published_time":"2022-08-25T12:05:57+00:00","article_modified_time":"2022-08-25T13:09:11+00:00","og_image":[{"width":1635,"height":1353,"url":"https:\/\/www.cargo-montreal.ca\/wp-content\/uploads\/2022\/08\/Imbleau-et-Rouleau.jpg","type":"image\/jpeg"}],"author":"Karine Dudognon","twitter_card":"summary_large_image","twitter_misc":{"\u00c9crit par":"Karine Dudognon","Dur\u00e9e de lecture estim\u00e9e":"1 minute"},"schema":{"@context":"https:\/\/schema.org","@graph":[{"@type":"Article","@id":"https:\/\/www.cargo-montreal.ca\/fr\/pres-de-155-m-pour-ladministration-portuaire-de-montreal\/#article","isPartOf":{"@id":"https:\/\/www.cargo-montreal.ca\/fr\/pres-de-155-m-pour-ladministration-portuaire-de-montreal\/"},"author":{"name":"Karine Dudognon","@id":"https:\/\/www.cargo-montreal.ca\/fr\/#\/schema\/person\/80476d173ce654813db9fd1533901365"},"headline":"Pr\u00e8s de 15,5 M$ pour l\u2019Administration portuaire de Montr\u00e9al","datePublished":"2022-08-25T12:05:57+00:00","dateModified":"2022-08-25T13:09:11+00:00","mainEntityOfPage":{"@id":"https:\/\/www.cargo-montreal.ca\/fr\/pres-de-155-m-pour-ladministration-portuaire-de-montreal\/"},"wordCount":163,"image":{"@id":"https:\/\/www.cargo-montreal.ca\/fr\/pres-de-155-m-pour-ladministration-portuaire-de-montreal\/#primaryimage"},"thumbnailUrl":"https:\/\/www.cargo-montreal.ca\/wp-content\/uploads\/2022\/08\/Imbleau-et-Rouleau.jpg","inLanguage":"fr-FR"},{"@type":"WebPage","@id":"https:\/\/www.cargo-montreal.ca\/fr\/pres-de-155-m-pour-ladministration-portuaire-de-montreal\/","url":"https:\/\/www.cargo-montreal.ca\/fr\/pres-de-155-m-pour-ladministration-portuaire-de-montreal\/","name":"Pr\u00e8s de 15,5 M$ pour l\u2019Administration portuaire de Montr\u00e9al - CargoM","isPartOf":{"@id":"https:\/\/www.cargo-montreal.ca\/fr\/#website"},"primaryImageOfPage":{"@id":"https:\/\/www.cargo-montreal.ca\/fr\/pres-de-155-m-pour-ladministration-portuaire-de-montreal\/#primaryimage"},"image":{"@id":"https:\/\/www.cargo-montreal.ca\/fr\/pres-de-155-m-pour-ladministration-portuaire-de-montreal\/#primaryimage"},"thumbnailUrl":"https:\/\/www.cargo-montreal.ca\/wp-content\/uploads\/2022\/08\/Imbleau-et-Rouleau.jpg","datePublished":"2022-08-25T12:05:57+00:00","dateModified":"2022-08-25T13:09:11+00:00","author":{"@id":"https:\/\/www.cargo-montreal.ca\/fr\/#\/schema\/person\/80476d173ce654813db9fd1533901365"},"breadcrumb":{"@id":"https:\/\/www.cargo-montreal.ca\/fr\/pres-de-155-m-pour-ladministration-portuaire-de-montreal\/#breadcrumb"},"inLanguage":"fr-FR","potentialAction":[{"@type":"ReadAction","target":["https:\/\/www.cargo-montreal.ca\/fr\/pres-de-155-m-pour-ladministration-portuaire-de-montreal\/"]}]},{"@type":"ImageObject","inLanguage":"fr-FR","@id":"https:\/\/www.cargo-montreal.ca\/fr\/pres-de-155-m-pour-ladministration-portuaire-de-montreal\/#primaryimage","url":"https:\/\/www.cargo-montreal.ca\/wp-content\/uploads\/2022\/08\/Imbleau-et-Rouleau.jpg","contentUrl":"https:\/\/www.cargo-montreal.ca\/wp-content\/uploads\/2022\/08\/Imbleau-et-Rouleau.jpg","width":1635,"height":1353},{"@type":"BreadcrumbList","@id":"https:\/\/www.cargo-montreal.ca\/fr\/pres-de-155-m-pour-ladministration-portuaire-de-montreal\/#breadcrumb","itemListElement":[{"@type":"ListItem","position":1,"name":"Home","item":"https:\/\/www.cargo-montreal.ca\/fr\/"},{"@type":"ListItem","position":2,"name":"Pr\u00e8s de 15,5 M$ pour l\u2019Administration portuaire de Montr\u00e9al"}]},{"@type":"WebSite","@id":"https:\/\/www.cargo-montreal.ca\/fr\/#website","url":"https:\/\/www.cargo-montreal.ca\/fr\/","name":"CargoM","description":"La mission de CargoM: Rassembler les acteurs de la logistique &amp; du transport de marchandises du Grand Montr\u00e9al autour d&#039;objectifs communs, d&#039;actions concert\u00e9es","potentialAction":[{"@type":"SearchAction","target":{"@type":"EntryPoint","urlTemplate":"https:\/\/www.cargo-montreal.ca\/fr\/?s={search_term_string}"},"query-input":{"@type":"PropertyValueSpecification","valueRequired":true,"valueName":"search_term_string"}}],"inLanguage":"fr-FR"},{"@type":"Person","@id":"https:\/\/www.cargo-montreal.ca\/fr\/#\/schema\/person\/80476d173ce654813db9fd1533901365","name":"Karine Dudognon","image":{"@type":"ImageObject","inLanguage":"fr-FR","@id":"https:\/\/secure.gravatar.com\/avatar\/673bdfb703a9b6685a88bc7dfb04a9ea2b48b30e9d1663a5e759a4e9bfa3e2c0?s=96&d=mm&r=g","url":"https:\/\/secure.gravatar.com\/avatar\/673bdfb703a9b6685a88bc7dfb04a9ea2b48b30e9d1663a5e759a4e9bfa3e2c0?s=96&d=mm&r=g","contentUrl":"https:\/\/secure.gravatar.com\/avatar\/673bdfb703a9b6685a88bc7dfb04a9ea2b48b30e9d1663a5e759a4e9bfa3e2c0?s=96&d=mm&r=g","caption":"Karine Dudognon"},"url":"https:\/\/www.cargo-montreal.ca\/fr\/author\/karine\/"}]}},"_links":{"self":[{"href":"https:\/\/www.cargo-montreal.ca\/fr\/wp-json\/wp\/v2\/posts\/13531","targetHints":{"allow":["GET"]}}],"collection":[{"href":"https:\/\/www.cargo-montreal.ca\/fr\/wp-json\/wp\/v2\/posts"}],"about":[{"href":"https:\/\/www.cargo-montreal.ca\/fr\/wp-json\/wp\/v2\/types\/post"}],"author":[{"embeddable":true,"href":"https:\/\/www.cargo-montreal.ca\/fr\/wp-json\/wp\/v2\/users\/39"}],"replies":[{"embeddable":true,"href":"https:\/\/www.cargo-montreal.ca\/fr\/wp-json\/wp\/v2\/comments?post=13531"}],"version-history":[{"count":1,"href":"https:\/\/www.cargo-montreal.ca\/fr\/wp-json\/wp\/v2\/posts\/13531\/revisions"}],"predecessor-version":[{"id":13534,"href":"https:\/\/www.cargo-montreal.ca\/fr\/wp-json\/wp\/v2\/posts\/13531\/revisions\/13534"}],"wp:featuredmedia":[{"embeddable":true,"href":"https:\/\/www.cargo-montreal.ca\/fr\/wp-json\/wp\/v2\/media\/13532"}],"wp:attachment":[{"href":"https:\/\/www.cargo-montreal.ca\/fr\/wp-json\/wp\/v2\/media?parent=13531"}],"wp:term":[{"taxonomy":"category","embeddable":true,"href":"https:\/\/www.cargo-montreal.ca\/fr\/wp-json\/wp\/v2\/categories?post=13531"},{"taxonomy":"post_tag","embeddable":true,"href":"https:\/\/www.cargo-montreal.ca\/fr\/wp-json\/wp\/v2\/tags?post=13531"}],"curies":[{"name":"wp","href":"https:\/\/api.w.org\/{rel}","templated":true}]}}