{"id":13661,"date":"2022-09-20T17:50:07","date_gmt":"2022-09-20T17:50:07","guid":{"rendered":"https:\/\/www.cargo-montreal.ca\/?p=13661"},"modified":"2022-09-20T17:50:42","modified_gmt":"2022-09-20T17:50:42","slug":"programmes-et-subventions","status":"publish","type":"post","link":"https:\/\/www.cargo-montreal.ca\/fr\/programmes-et-subventions\/","title":{"rendered":"Programmes et subventions"},"content":{"rendered":"<p style=\"text-align: center;\" align=\"justify\"><strong>Programme\u00a0MobilisActions du minist\u00e8re des Transports<\/strong><\/p>\r\n<p align=\"justify\">MobilisActions vise \u00e0 accorder une aide financi\u00e8re \u00e0 des partenaires pour la r\u00e9alisation d\u2019initiatives de mobilisation et de communication qui favorisent un changement de culture et de comportement en faveur de la mobilit\u00e9 durable chez les citoyens et les entreprises, pour qu\u2019ils privil\u00e9gient le bon mode du transport, au bon endroit et au bon moment.\u00a0 Les organismes municipaux (incluant les organismes de transport en commun), les organismes \u00e0 but non lucratif (OBNL), les coop\u00e9ratives, les communaut\u00e9s autochtones, ainsi que les regroupements de ces organismes font parties de la client\u00e8le admissible au programme.<\/p>\r\n<p align=\"justify\">Dans le cadre de ce programme, un premier appel \u00e0 projets est pr\u00e9sentement en cours, et ce\u00a0<strong>jusqu\u2019au 2 d\u00e9cembre 2022<\/strong>. D\u2019autres appels \u00e0 projets sont \u00e9galement pr\u00e9vus annuellement pour la dur\u00e9e de ce programme de trois ans.<\/p>\r\n<p align=\"justify\">Pour en savoir plus\u00a0:\u00a0<a href=\"https:\/\/www.transports.gouv.qc.ca\/fr\/aide-finan\/transport-collectif\/mobilisactions\/Pages\/mobilisactions.aspx?utm_source=hs_email&amp;utm_medium=email&amp;utm_content=226635810&amp;_hsenc=p2ANqtz-9aqKFAxOsC9b6Ady0mdWlZQNv-0CWPZ4vmvVPJlLj_YVm3fO6GEn0Vq4I9L0TgcUT0Mzf0mR8D02Cz4AFngHRgFQFzmcVTxIuzwNLY7V9_m71VIrM\" target=\"_blank\" rel=\"noopener\" data-hs-link-id=\"0\">Programme d\u2019aide financi\u00e8re aux activit\u00e9s de sensibilisation \u00e0 la mobilit\u00e9 durable \u2013 MobilisActions &#8211; Transports Qu\u00e9bec (gouv.qc.ca)<\/a><\/p>\r\n<p align=\"justify\">Source\u00a0: Minist\u00e8re des Transports<\/p>\r\n\r\n\r\n<hr \/>\r\n<p style=\"text-align: center;\"><strong>Appel de projets collaboratifs et mobilisateurs sur le d\u00e9veloppement des technologies des transports de demain<\/strong><\/p>\r\n<p align=\"justify\">En collaboration avec Investissement Qu\u00e9bec et dans le cadre du Programme innovation \u2013 volets 1 et volet 2, le minist\u00e8re de l\u2019\u00c9conomie et de l\u2019Innovation lance un appel de projets collaboratifs et mobilisateurs sur le d\u00e9veloppement des technologies relatives aux transports de demain. Celui-ci est dot\u00e9 d\u2019une enveloppe de plus de 115 millions de dollars sur cinq ans provenant de diverses strat\u00e9gies gouvernementales, dont :<\/p>\r\n\r\n<ul>\r\n \t<li>la Strat\u00e9gie qu\u00e9b\u00e9coise de d\u00e9veloppement de la fili\u00e8re batterie;<\/li>\r\n \t<li>la Strat\u00e9gie qu\u00e9b\u00e9coise de l\u2019a\u00e9rospatiale \u2013 Horizon 2026;<\/li>\r\n \t<li>la Strat\u00e9gie qu\u00e9b\u00e9coise de recherche et d\u2019investissement en innovation 2022-2027.<\/li>\r\n<\/ul>\r\n<p align=\"justify\">Ce programme peut financer des projets de recherche et d\u00e9veloppement. Il couvre des projets d\u2019un budget de 4M$ et plus, d\u2019une dur\u00e9e de 12 \u00e0 60 mois, r\u00e9alis\u00e9 avec au moins un partenaire priv\u00e9 qu\u00e9b\u00e9cois. Le financement du programme peut couvrir jusqu\u2019\u00e0 50 % des co\u00fbts du projet. L&rsquo;appel de projet se termine le 25 septembre \u00e0 23h59.<\/p>\r\n<p align=\"justify\"><a href=\"https:\/\/www.economie.gouv.qc.ca\/bibliotheques\/appels-projets\/transports-de-demain\/?utm_source=hs_email&amp;utm_medium=email&amp;utm_content=226635810&amp;_hsenc=p2ANqtz-9aqKFAxOsC9b6Ady0mdWlZQNv-0CWPZ4vmvVPJlLj_YVm3fO6GEn0Vq4I9L0TgcUT0Mzf0mR8D02Cz4AFngHRgFQFzmcVTxIuzwNLY7V9_m71VIrM\" target=\"_blank\" rel=\"noopener\" data-hs-link-id=\"0\">Pour en savoir plus<\/a>.<\/p>\r\n<p align=\"justify\">Source\u00a0: Minist\u00e8re de l\u2019\u00c9conomie et de l\u2019Innovation<\/p>\r\n\r\n\r\n<hr \/>\r\n<p style=\"text-align: center;\" align=\"justify\"><strong>Subvention pour la r\u00e9habilitation de terrains contamin\u00e9s dans l&rsquo;est de Montr\u00e9al<\/strong><\/p>\r\n<p align=\"justify\">Ce programme a \u00e9t\u00e9 con\u00e7u pour accompagner les propri\u00e9taires de terrains \u00e0 vocation industrielle situ\u00e9s dans l\u2019est de Montr\u00e9al dont les sols sont contamin\u00e9s, en leur attribuant une subvention pour la r\u00e9habilitation de leurs terrains. Ce programme vise \u00e0 r\u00e9habiliter des terrains contamin\u00e9s exclusivement industriels, situ\u00e9s dans les 2 secteurs vis\u00e9s, afin de favoriser les investissements et la commercialisation.<\/p>\r\nCrit\u00e8res d&rsquo;admissibilit\u00e9 des projets\r\n\r\nPour \u00eatre admissible, une demande doit inclure les \u00e9l\u00e9ments suivants :\r\n<ul>\r\n \t<li>respecter les lois et r\u00e8glements en vigueur au Qu\u00e9bec, notamment la Loi sur la qualit\u00e9 de l\u2019environnement;<\/li>\r\n \t<li>lorsque possible, favoriser le traitement des sols excav\u00e9s;<\/li>\r\n \t<li>pr\u00e9voir l\u2019utilisation d\u2019un syst\u00e8me de tra\u00e7abilit\u00e9 approuv\u00e9 par le MELCC.<\/li>\r\n<\/ul>\r\n<a href=\"https:\/\/montreal.ca\/programmes\/subvention-pour-la-rehabilitation-de-terrains-contamines-dans-lest-de-montreal?utm_source=hs_email&amp;utm_medium=email&amp;utm_content=226635810&amp;_hsenc=p2ANqtz-9aqKFAxOsC9b6Ady0mdWlZQNv-0CWPZ4vmvVPJlLj_YVm3fO6GEn0Vq4I9L0TgcUT0Mzf0mR8D02Cz4AFngHRgFQFzmcVTxIuzwNLY7V9_m71VIrM\" target=\"_blank\" rel=\"noopener\" data-hs-link-id=\"0\">Pour plus d\u2019informations<\/a>\r\n\r\n<hr \/>\r\n<p style=\"text-align: center;\"><strong>Nouvelle subvention pour augmenter votre productivit\u00e9<\/strong><\/p>\r\n<p align=\"justify\">Vous souhaitez vous transporter plus loin avec le num\u00e9rique ? C\u2019est facile et rapide avec Mon succ\u00e8s num\u00e9rique, le plus r\u00e9cent projet du\u00a0<a href=\"https:\/\/reseaucctt.ca\/?utm_source=hs_email&amp;utm_medium=email&amp;utm_content=226635810&amp;_hsenc=p2ANqtz-9aqKFAxOsC9b6Ady0mdWlZQNv-0CWPZ4vmvVPJlLj_YVm3fO6GEn0Vq4I9L0TgcUT0Mzf0mR8D02Cz4AFngHRgFQFzmcVTxIuzwNLY7V9_m71VIrM\" target=\"_blank\" rel=\"noopener\" data-hs-link-id=\"1\">R\u00e9seau des CCTT \u2013 Synchronex.<\/a><\/p>\r\n<p align=\"justify\">Que ce soit une analyse, une simulation, le d\u00e9veloppement d\u2019un concept ou une recherche en laboratoire, des conseillers et une escouade num\u00e9rique compos\u00e9e de 14 centres coll\u00e9giaux de transfert de technologie (CCTT) vous accompagneront vers votre premi\u00e8re transition num\u00e9rique.<\/p>\r\n<p align=\"justify\">Obtenez des b\u00e9n\u00e9fices concrets avec une solution accessible et durable ainsi qu&rsquo;une subvention pouvant aller jusqu&rsquo;\u00e0 22 500 $. Rendez vous sur\u00a0<a href=\"https:\/\/reseaucctt.ca\/mon-succes-numerique?utm_source=hs_email&amp;utm_medium=email&amp;utm_content=226635810&amp;_hsenc=p2ANqtz-9aqKFAxOsC9b6Ady0mdWlZQNv-0CWPZ4vmvVPJlLj_YVm3fO6GEn0Vq4I9L0TgcUT0Mzf0mR8D02Cz4AFngHRgFQFzmcVTxIuzwNLY7V9_m71VIrM\" target=\"_blank\" rel=\"noopener\" data-hs-link-id=\"0\">MonSuccesNumerique.ca<\/a>\u00a0pour soumettre votre projet via le formulaire en ligne.<\/p>\r\n<p align=\"justify\">Mon succ\u00e8s num\u00e9rique est un programme d\u00e9velopp\u00e9 via l\u2019Offensive de transformation num\u00e9rique (OTN) pour acc\u00e9l\u00e9rer le virage num\u00e9rique des entreprises du Qu\u00e9bec.<\/p>\r\n<p align=\"justify\"><strong>Pour plus d\u2019informations\u00a0:\u00a0<\/strong><a href=\"mailto:monsuccesnumerique@reseaucctt.ca\" target=\"_blank\" rel=\"noopener\" data-hs-link-id=\"0\">monsuccesnumerique@reseaucctt.ca<\/a>\u00a0418 653-6763, poste 107<\/p>","protected":false},"excerpt":{"rendered":"Programme\u00a0MobilisActions du minist\u00e8re des Transports MobilisActions vise \u00e0 accorder une aide financi\u00e8re \u00e0 des partenaires pour la r\u00e9alisation d\u2019initiatives de mobilisation et de communication qui favorisent un changement de culture et de comportement en faveur de la mobilit\u00e9 durable chez les citoyens et les entreprises, pour qu\u2019ils privil\u00e9gient le bon mode du transport, au bon [&hellip;]","protected":false},"author":39,"featured_media":13662,"comment_status":"closed","ping_status":"closed","sticky":false,"template":"","format":"standard","meta":{"_acf_changed":false,"footnotes":""},"categories":[20],"tags":[],"class_list":["post-13661","post","type-post","status-publish","format-standard","has-post-thumbnail","hentry","category-services-logistiques"],"acf":[],"yoast_head":"<!-- This site is optimized with the Yoast SEO plugin v27.3 - https:\/\/yoast.com\/product\/yoast-seo-wordpress\/ -->\n<title>Programmes et subventions - CargoM<\/title>\n<meta name=\"robots\" content=\"index, follow, max-snippet:-1, max-image-preview:large, max-video-preview:-1\" \/>\n<link rel=\"canonical\" href=\"https:\/\/www.cargo-montreal.ca\/fr\/programmes-et-subventions\/\" \/>\n<meta property=\"og:locale\" content=\"fr_FR\" \/>\n<meta property=\"og:type\" content=\"article\" \/>\n<meta property=\"og:title\" content=\"Programmes et subventions - CargoM\" \/>\n<meta property=\"og:description\" content=\"Programme\u00a0MobilisActions du minist\u00e8re des Transports MobilisActions vise \u00e0 accorder une aide financi\u00e8re \u00e0 des partenaires pour la r\u00e9alisation d\u2019initiatives de mobilisation et de communication qui favorisent un changement de culture et de comportement en faveur de la mobilit\u00e9 durable chez les citoyens et les entreprises, pour qu\u2019ils privil\u00e9gient le bon mode du transport, au bon [&hellip;]\" \/>\n<meta property=\"og:url\" content=\"https:\/\/www.cargo-montreal.ca\/fr\/programmes-et-subventions\/\" \/>\n<meta property=\"og:site_name\" content=\"CargoM\" \/>\n<meta property=\"article:published_time\" content=\"2022-09-20T17:50:07+00:00\" \/>\n<meta property=\"article:modified_time\" content=\"2022-09-20T17:50:42+00:00\" \/>\n<meta property=\"og:image\" content=\"https:\/\/www.cargo-montreal.ca\/wp-content\/uploads\/2022\/09\/Rehabilitation-des-sols-contamines.jpg\" \/>\n\t<meta property=\"og:image:width\" content=\"1203\" \/>\n\t<meta property=\"og:image:height\" content=\"719\" \/>\n\t<meta property=\"og:image:type\" content=\"image\/jpeg\" \/>\n<meta name=\"author\" content=\"Karine Dudognon\" \/>\n<meta name=\"twitter:card\" content=\"summary_large_image\" \/>\n<meta name=\"twitter:label1\" content=\"\u00c9crit par\" \/>\n\t<meta name=\"twitter:data1\" content=\"Karine Dudognon\" \/>\n\t<meta name=\"twitter:label2\" content=\"Dur\u00e9e de lecture estim\u00e9e\" \/>\n\t<meta name=\"twitter:data2\" content=\"3 minutes\" \/>\n<script type=\"application\/ld+json\" class=\"yoast-schema-graph\">{\"@context\":\"https:\\\/\\\/schema.org\",\"@graph\":[{\"@type\":\"Article\",\"@id\":\"https:\\\/\\\/www.cargo-montreal.ca\\\/fr\\\/programmes-et-subventions\\\/#article\",\"isPartOf\":{\"@id\":\"https:\\\/\\\/www.cargo-montreal.ca\\\/fr\\\/programmes-et-subventions\\\/\"},\"author\":{\"name\":\"Karine Dudognon\",\"@id\":\"https:\\\/\\\/www.cargo-montreal.ca\\\/fr\\\/#\\\/schema\\\/person\\\/80476d173ce654813db9fd1533901365\"},\"headline\":\"Programmes et subventions\",\"datePublished\":\"2022-09-20T17:50:07+00:00\",\"dateModified\":\"2022-09-20T17:50:42+00:00\",\"mainEntityOfPage\":{\"@id\":\"https:\\\/\\\/www.cargo-montreal.ca\\\/fr\\\/programmes-et-subventions\\\/\"},\"wordCount\":676,\"image\":{\"@id\":\"https:\\\/\\\/www.cargo-montreal.ca\\\/fr\\\/programmes-et-subventions\\\/#primaryimage\"},\"thumbnailUrl\":\"https:\\\/\\\/www.cargo-montreal.ca\\\/wp-content\\\/uploads\\\/2022\\\/09\\\/Rehabilitation-des-sols-contamines.jpg\",\"articleSection\":[\"Services logistiques\"],\"inLanguage\":\"fr-FR\"},{\"@type\":\"WebPage\",\"@id\":\"https:\\\/\\\/www.cargo-montreal.ca\\\/fr\\\/programmes-et-subventions\\\/\",\"url\":\"https:\\\/\\\/www.cargo-montreal.ca\\\/fr\\\/programmes-et-subventions\\\/\",\"name\":\"Programmes et subventions - CargoM\",\"isPartOf\":{\"@id\":\"https:\\\/\\\/www.cargo-montreal.ca\\\/fr\\\/#website\"},\"primaryImageOfPage\":{\"@id\":\"https:\\\/\\\/www.cargo-montreal.ca\\\/fr\\\/programmes-et-subventions\\\/#primaryimage\"},\"image\":{\"@id\":\"https:\\\/\\\/www.cargo-montreal.ca\\\/fr\\\/programmes-et-subventions\\\/#primaryimage\"},\"thumbnailUrl\":\"https:\\\/\\\/www.cargo-montreal.ca\\\/wp-content\\\/uploads\\\/2022\\\/09\\\/Rehabilitation-des-sols-contamines.jpg\",\"datePublished\":\"2022-09-20T17:50:07+00:00\",\"dateModified\":\"2022-09-20T17:50:42+00:00\",\"author\":{\"@id\":\"https:\\\/\\\/www.cargo-montreal.ca\\\/fr\\\/#\\\/schema\\\/person\\\/80476d173ce654813db9fd1533901365\"},\"breadcrumb\":{\"@id\":\"https:\\\/\\\/www.cargo-montreal.ca\\\/fr\\\/programmes-et-subventions\\\/#breadcrumb\"},\"inLanguage\":\"fr-FR\",\"potentialAction\":[{\"@type\":\"ReadAction\",\"target\":[\"https:\\\/\\\/www.cargo-montreal.ca\\\/fr\\\/programmes-et-subventions\\\/\"]}]},{\"@type\":\"ImageObject\",\"inLanguage\":\"fr-FR\",\"@id\":\"https:\\\/\\\/www.cargo-montreal.ca\\\/fr\\\/programmes-et-subventions\\\/#primaryimage\",\"url\":\"https:\\\/\\\/www.cargo-montreal.ca\\\/wp-content\\\/uploads\\\/2022\\\/09\\\/Rehabilitation-des-sols-contamines.jpg\",\"contentUrl\":\"https:\\\/\\\/www.cargo-montreal.ca\\\/wp-content\\\/uploads\\\/2022\\\/09\\\/Rehabilitation-des-sols-contamines.jpg\",\"width\":1203,\"height\":719},{\"@type\":\"BreadcrumbList\",\"@id\":\"https:\\\/\\\/www.cargo-montreal.ca\\\/fr\\\/programmes-et-subventions\\\/#breadcrumb\",\"itemListElement\":[{\"@type\":\"ListItem\",\"position\":1,\"name\":\"Home\",\"item\":\"https:\\\/\\\/www.cargo-montreal.ca\\\/fr\\\/\"},{\"@type\":\"ListItem\",\"position\":2,\"name\":\"Programmes et subventions\"}]},{\"@type\":\"WebSite\",\"@id\":\"https:\\\/\\\/www.cargo-montreal.ca\\\/fr\\\/#website\",\"url\":\"https:\\\/\\\/www.cargo-montreal.ca\\\/fr\\\/\",\"name\":\"CargoM\",\"description\":\"La mission de CargoM: Rassembler les acteurs de la logistique &amp; du transport de marchandises du Grand Montr\u00e9al autour d&#039;objectifs communs, d&#039;actions concert\u00e9es\",\"potentialAction\":[{\"@type\":\"SearchAction\",\"target\":{\"@type\":\"EntryPoint\",\"urlTemplate\":\"https:\\\/\\\/www.cargo-montreal.ca\\\/fr\\\/?s={search_term_string}\"},\"query-input\":{\"@type\":\"PropertyValueSpecification\",\"valueRequired\":true,\"valueName\":\"search_term_string\"}}],\"inLanguage\":\"fr-FR\"},{\"@type\":\"Person\",\"@id\":\"https:\\\/\\\/www.cargo-montreal.ca\\\/fr\\\/#\\\/schema\\\/person\\\/80476d173ce654813db9fd1533901365\",\"name\":\"Karine Dudognon\",\"image\":{\"@type\":\"ImageObject\",\"inLanguage\":\"fr-FR\",\"@id\":\"https:\\\/\\\/secure.gravatar.com\\\/avatar\\\/673bdfb703a9b6685a88bc7dfb04a9ea2b48b30e9d1663a5e759a4e9bfa3e2c0?s=96&d=mm&r=g\",\"url\":\"https:\\\/\\\/secure.gravatar.com\\\/avatar\\\/673bdfb703a9b6685a88bc7dfb04a9ea2b48b30e9d1663a5e759a4e9bfa3e2c0?s=96&d=mm&r=g\",\"contentUrl\":\"https:\\\/\\\/secure.gravatar.com\\\/avatar\\\/673bdfb703a9b6685a88bc7dfb04a9ea2b48b30e9d1663a5e759a4e9bfa3e2c0?s=96&d=mm&r=g\",\"caption\":\"Karine Dudognon\"},\"url\":\"https:\\\/\\\/www.cargo-montreal.ca\\\/fr\\\/author\\\/karine\\\/\"}]}<\/script>\n<!-- \/ Yoast SEO plugin. -->","yoast_head_json":{"title":"Programmes et subventions - CargoM","robots":{"index":"index","follow":"follow","max-snippet":"max-snippet:-1","max-image-preview":"max-image-preview:large","max-video-preview":"max-video-preview:-1"},"canonical":"https:\/\/www.cargo-montreal.ca\/fr\/programmes-et-subventions\/","og_locale":"fr_FR","og_type":"article","og_title":"Programmes et subventions - CargoM","og_description":"Programme\u00a0MobilisActions du minist\u00e8re des Transports MobilisActions vise \u00e0 accorder une aide financi\u00e8re \u00e0 des partenaires pour la r\u00e9alisation d\u2019initiatives de mobilisation et de communication qui favorisent un changement de culture et de comportement en faveur de la mobilit\u00e9 durable chez les citoyens et les entreprises, pour qu\u2019ils privil\u00e9gient le bon mode du transport, au bon [&hellip;]","og_url":"https:\/\/www.cargo-montreal.ca\/fr\/programmes-et-subventions\/","og_site_name":"CargoM","article_published_time":"2022-09-20T17:50:07+00:00","article_modified_time":"2022-09-20T17:50:42+00:00","og_image":[{"width":1203,"height":719,"url":"https:\/\/www.cargo-montreal.ca\/wp-content\/uploads\/2022\/09\/Rehabilitation-des-sols-contamines.jpg","type":"image\/jpeg"}],"author":"Karine Dudognon","twitter_card":"summary_large_image","twitter_misc":{"\u00c9crit par":"Karine Dudognon","Dur\u00e9e de lecture estim\u00e9e":"3 minutes"},"schema":{"@context":"https:\/\/schema.org","@graph":[{"@type":"Article","@id":"https:\/\/www.cargo-montreal.ca\/fr\/programmes-et-subventions\/#article","isPartOf":{"@id":"https:\/\/www.cargo-montreal.ca\/fr\/programmes-et-subventions\/"},"author":{"name":"Karine Dudognon","@id":"https:\/\/www.cargo-montreal.ca\/fr\/#\/schema\/person\/80476d173ce654813db9fd1533901365"},"headline":"Programmes et subventions","datePublished":"2022-09-20T17:50:07+00:00","dateModified":"2022-09-20T17:50:42+00:00","mainEntityOfPage":{"@id":"https:\/\/www.cargo-montreal.ca\/fr\/programmes-et-subventions\/"},"wordCount":676,"image":{"@id":"https:\/\/www.cargo-montreal.ca\/fr\/programmes-et-subventions\/#primaryimage"},"thumbnailUrl":"https:\/\/www.cargo-montreal.ca\/wp-content\/uploads\/2022\/09\/Rehabilitation-des-sols-contamines.jpg","articleSection":["Services logistiques"],"inLanguage":"fr-FR"},{"@type":"WebPage","@id":"https:\/\/www.cargo-montreal.ca\/fr\/programmes-et-subventions\/","url":"https:\/\/www.cargo-montreal.ca\/fr\/programmes-et-subventions\/","name":"Programmes et subventions - CargoM","isPartOf":{"@id":"https:\/\/www.cargo-montreal.ca\/fr\/#website"},"primaryImageOfPage":{"@id":"https:\/\/www.cargo-montreal.ca\/fr\/programmes-et-subventions\/#primaryimage"},"image":{"@id":"https:\/\/www.cargo-montreal.ca\/fr\/programmes-et-subventions\/#primaryimage"},"thumbnailUrl":"https:\/\/www.cargo-montreal.ca\/wp-content\/uploads\/2022\/09\/Rehabilitation-des-sols-contamines.jpg","datePublished":"2022-09-20T17:50:07+00:00","dateModified":"2022-09-20T17:50:42+00:00","author":{"@id":"https:\/\/www.cargo-montreal.ca\/fr\/#\/schema\/person\/80476d173ce654813db9fd1533901365"},"breadcrumb":{"@id":"https:\/\/www.cargo-montreal.ca\/fr\/programmes-et-subventions\/#breadcrumb"},"inLanguage":"fr-FR","potentialAction":[{"@type":"ReadAction","target":["https:\/\/www.cargo-montreal.ca\/fr\/programmes-et-subventions\/"]}]},{"@type":"ImageObject","inLanguage":"fr-FR","@id":"https:\/\/www.cargo-montreal.ca\/fr\/programmes-et-subventions\/#primaryimage","url":"https:\/\/www.cargo-montreal.ca\/wp-content\/uploads\/2022\/09\/Rehabilitation-des-sols-contamines.jpg","contentUrl":"https:\/\/www.cargo-montreal.ca\/wp-content\/uploads\/2022\/09\/Rehabilitation-des-sols-contamines.jpg","width":1203,"height":719},{"@type":"BreadcrumbList","@id":"https:\/\/www.cargo-montreal.ca\/fr\/programmes-et-subventions\/#breadcrumb","itemListElement":[{"@type":"ListItem","position":1,"name":"Home","item":"https:\/\/www.cargo-montreal.ca\/fr\/"},{"@type":"ListItem","position":2,"name":"Programmes et subventions"}]},{"@type":"WebSite","@id":"https:\/\/www.cargo-montreal.ca\/fr\/#website","url":"https:\/\/www.cargo-montreal.ca\/fr\/","name":"CargoM","description":"La mission de CargoM: Rassembler les acteurs de la logistique &amp; du transport de marchandises du Grand Montr\u00e9al autour d&#039;objectifs communs, d&#039;actions concert\u00e9es","potentialAction":[{"@type":"SearchAction","target":{"@type":"EntryPoint","urlTemplate":"https:\/\/www.cargo-montreal.ca\/fr\/?s={search_term_string}"},"query-input":{"@type":"PropertyValueSpecification","valueRequired":true,"valueName":"search_term_string"}}],"inLanguage":"fr-FR"},{"@type":"Person","@id":"https:\/\/www.cargo-montreal.ca\/fr\/#\/schema\/person\/80476d173ce654813db9fd1533901365","name":"Karine Dudognon","image":{"@type":"ImageObject","inLanguage":"fr-FR","@id":"https:\/\/secure.gravatar.com\/avatar\/673bdfb703a9b6685a88bc7dfb04a9ea2b48b30e9d1663a5e759a4e9bfa3e2c0?s=96&d=mm&r=g","url":"https:\/\/secure.gravatar.com\/avatar\/673bdfb703a9b6685a88bc7dfb04a9ea2b48b30e9d1663a5e759a4e9bfa3e2c0?s=96&d=mm&r=g","contentUrl":"https:\/\/secure.gravatar.com\/avatar\/673bdfb703a9b6685a88bc7dfb04a9ea2b48b30e9d1663a5e759a4e9bfa3e2c0?s=96&d=mm&r=g","caption":"Karine Dudognon"},"url":"https:\/\/www.cargo-montreal.ca\/fr\/author\/karine\/"}]}},"_links":{"self":[{"href":"https:\/\/www.cargo-montreal.ca\/fr\/wp-json\/wp\/v2\/posts\/13661","targetHints":{"allow":["GET"]}}],"collection":[{"href":"https:\/\/www.cargo-montreal.ca\/fr\/wp-json\/wp\/v2\/posts"}],"about":[{"href":"https:\/\/www.cargo-montreal.ca\/fr\/wp-json\/wp\/v2\/types\/post"}],"author":[{"embeddable":true,"href":"https:\/\/www.cargo-montreal.ca\/fr\/wp-json\/wp\/v2\/users\/39"}],"replies":[{"embeddable":true,"href":"https:\/\/www.cargo-montreal.ca\/fr\/wp-json\/wp\/v2\/comments?post=13661"}],"version-history":[{"count":2,"href":"https:\/\/www.cargo-montreal.ca\/fr\/wp-json\/wp\/v2\/posts\/13661\/revisions"}],"predecessor-version":[{"id":13665,"href":"https:\/\/www.cargo-montreal.ca\/fr\/wp-json\/wp\/v2\/posts\/13661\/revisions\/13665"}],"wp:featuredmedia":[{"embeddable":true,"href":"https:\/\/www.cargo-montreal.ca\/fr\/wp-json\/wp\/v2\/media\/13662"}],"wp:attachment":[{"href":"https:\/\/www.cargo-montreal.ca\/fr\/wp-json\/wp\/v2\/media?parent=13661"}],"wp:term":[{"taxonomy":"category","embeddable":true,"href":"https:\/\/www.cargo-montreal.ca\/fr\/wp-json\/wp\/v2\/categories?post=13661"},{"taxonomy":"post_tag","embeddable":true,"href":"https:\/\/www.cargo-montreal.ca\/fr\/wp-json\/wp\/v2\/tags?post=13661"}],"curies":[{"name":"wp","href":"https:\/\/api.w.org\/{rel}","templated":true}]}}