{"id":13666,"date":"2022-09-20T17:54:33","date_gmt":"2022-09-20T17:54:33","guid":{"rendered":"https:\/\/www.cargo-montreal.ca\/?p=13666"},"modified":"2022-09-20T17:56:30","modified_gmt":"2022-09-20T17:56:30","slug":"enquetes","status":"publish","type":"post","link":"https:\/\/www.cargo-montreal.ca\/fr\/enquetes\/","title":{"rendered":"Enqu\u00eates"},"content":{"rendered":"<p style=\"text-align: center;\" align=\"justify\"><strong>Nous avons besoin de votre participation : Enqu\u00eate de l&rsquo;Organisation<\/strong><strong>\u00a0de coop\u00e9ration et de d\u00e9veloppement \u00e9conomiques (OCDE)<\/strong><\/p>\r\n<p align=\"justify\">\u00c0 la demande d&rsquo;<a href=\"https:\/\/www.investircanada.ca\/?utm_source=hs_email&amp;utm_medium=email&amp;utm_content=226635810&amp;_hsenc=p2ANqtz-9aqKFAxOsC9b6Ady0mdWlZQNv-0CWPZ4vmvVPJlLj_YVm3fO6GEn0Vq4I9L0TgcUT0Mzf0mR8D02Cz4AFngHRgFQFzmcVTxIuzwNLY7V9_m71VIrM\" target=\"_blank\" rel=\"noopener\" data-hs-link-id=\"0\">Investir au Canada<\/a>, l&rsquo;<a href=\"https:\/\/www.oecd.org\/fr\/?utm_source=hs_email&amp;utm_medium=email&amp;utm_content=226635810&amp;_hsenc=p2ANqtz-9aqKFAxOsC9b6Ady0mdWlZQNv-0CWPZ4vmvVPJlLj_YVm3fO6GEn0Vq4I9L0TgcUT0Mzf0mR8D02Cz4AFngHRgFQFzmcVTxIuzwNLY7V9_m71VIrM\" target=\"_blank\" rel=\"noopener\" data-hs-link-id=\"0\">Organisation de coop\u00e9ration et de d\u00e9veloppement \u00e9conomiques (OCDE)<\/a>\u00a0est \u00e0 la recherche d&rsquo;entreprises dans le secteur des transports et de la logistique pr\u00eates \u00e0 prendre part \u00e0 une enqu\u00eate dont l\u2019objectif est d\u2019aider Investir au Canada \u00e0 am\u00e9liorer ses strat\u00e9gies d&rsquo;attraction des investissements dans ce secteur. L\u2019enqu\u00eate consiste en un questionnaire en ligne et un entretien t\u00e9l\u00e9phonique qui couvrent les pratiques des entreprises en mati\u00e8re de recherche et d\u00e9veloppement, d&rsquo;innovation, de qualit\u00e9 de l\u2019emploi, de d\u00e9veloppement des comp\u00e9tences, de diversit\u00e9, et de d\u00e9carbonation.<\/p>\r\n<p align=\"justify\">Les entreprises qui souhaitent participer \u00e0 l\u2019enqu\u00eate de l&rsquo;OCDE peuvent contacter\u00a0<a href=\"mailto:letizia.montinari@oecd.org\" target=\"_blank\" rel=\"noopener\" data-hs-link-id=\"0\">Letizia Montinari<\/a>, responsable du projet\u00a0et\u00a0<a href=\"mailto:mertol.ozaltan@oecd.org\" target=\"_blank\" rel=\"noopener\" data-hs-link-id=\"0\">Mertol Ozaltan<\/a>, analyste des politiques.<\/p>","protected":false},"excerpt":{"rendered":"Nous avons besoin de votre participation : Enqu\u00eate de l&rsquo;Organisation\u00a0de coop\u00e9ration et de d\u00e9veloppement \u00e9conomiques (OCDE) \u00c0 la demande d&rsquo;Investir au Canada, l&rsquo;Organisation de coop\u00e9ration et de d\u00e9veloppement \u00e9conomiques (OCDE)\u00a0est \u00e0 la recherche d&rsquo;entreprises dans le secteur des transports et de la logistique pr\u00eates \u00e0 prendre part \u00e0 une enqu\u00eate dont l\u2019objectif est d\u2019aider Investir [&hellip;]","protected":false},"author":39,"featured_media":13670,"comment_status":"closed","ping_status":"closed","sticky":false,"template":"","format":"standard","meta":{"_acf_changed":false,"footnotes":""},"categories":[20],"tags":[],"class_list":["post-13666","post","type-post","status-publish","format-standard","has-post-thumbnail","hentry","category-services-logistiques"],"acf":[],"yoast_head":"<!-- This site is optimized with the Yoast SEO plugin v27.3 - https:\/\/yoast.com\/product\/yoast-seo-wordpress\/ -->\n<title>Enqu\u00eates - CargoM<\/title>\n<meta name=\"robots\" content=\"index, follow, max-snippet:-1, max-image-preview:large, max-video-preview:-1\" \/>\n<link rel=\"canonical\" href=\"https:\/\/www.cargo-montreal.ca\/fr\/enquetes\/\" \/>\n<meta property=\"og:locale\" content=\"fr_FR\" \/>\n<meta property=\"og:type\" content=\"article\" \/>\n<meta property=\"og:title\" content=\"Enqu\u00eates - CargoM\" \/>\n<meta property=\"og:description\" content=\"Nous avons besoin de votre participation : Enqu\u00eate de l&rsquo;Organisation\u00a0de coop\u00e9ration et de d\u00e9veloppement \u00e9conomiques (OCDE) \u00c0 la demande d&rsquo;Investir au Canada, l&rsquo;Organisation de coop\u00e9ration et de d\u00e9veloppement \u00e9conomiques (OCDE)\u00a0est \u00e0 la recherche d&rsquo;entreprises dans le secteur des transports et de la logistique pr\u00eates \u00e0 prendre part \u00e0 une enqu\u00eate dont l\u2019objectif est d\u2019aider Investir [&hellip;]\" \/>\n<meta property=\"og:url\" content=\"https:\/\/www.cargo-montreal.ca\/fr\/enquetes\/\" \/>\n<meta property=\"og:site_name\" content=\"CargoM\" \/>\n<meta property=\"article:published_time\" content=\"2022-09-20T17:54:33+00:00\" \/>\n<meta property=\"article:modified_time\" content=\"2022-09-20T17:56:30+00:00\" \/>\n<meta property=\"og:image\" content=\"https:\/\/www.cargo-montreal.ca\/wp-content\/uploads\/2022\/09\/1280px-OCDE_logo.svg_.png\" \/>\n\t<meta property=\"og:image:width\" content=\"1280\" \/>\n\t<meta property=\"og:image:height\" content=\"307\" \/>\n\t<meta property=\"og:image:type\" content=\"image\/png\" \/>\n<meta name=\"author\" content=\"Karine Dudognon\" \/>\n<meta name=\"twitter:card\" content=\"summary_large_image\" \/>\n<meta name=\"twitter:label1\" content=\"\u00c9crit par\" \/>\n\t<meta name=\"twitter:data1\" content=\"Karine Dudognon\" \/>\n\t<meta name=\"twitter:label2\" content=\"Dur\u00e9e de lecture estim\u00e9e\" \/>\n\t<meta name=\"twitter:data2\" content=\"1 minute\" \/>\n<script type=\"application\/ld+json\" class=\"yoast-schema-graph\">{\"@context\":\"https:\\\/\\\/schema.org\",\"@graph\":[{\"@type\":\"Article\",\"@id\":\"https:\\\/\\\/www.cargo-montreal.ca\\\/fr\\\/enquetes\\\/#article\",\"isPartOf\":{\"@id\":\"https:\\\/\\\/www.cargo-montreal.ca\\\/fr\\\/enquetes\\\/\"},\"author\":{\"name\":\"Karine Dudognon\",\"@id\":\"https:\\\/\\\/www.cargo-montreal.ca\\\/fr\\\/#\\\/schema\\\/person\\\/80476d173ce654813db9fd1533901365\"},\"headline\":\"Enqu\u00eates\",\"datePublished\":\"2022-09-20T17:54:33+00:00\",\"dateModified\":\"2022-09-20T17:56:30+00:00\",\"mainEntityOfPage\":{\"@id\":\"https:\\\/\\\/www.cargo-montreal.ca\\\/fr\\\/enquetes\\\/\"},\"wordCount\":153,\"image\":{\"@id\":\"https:\\\/\\\/www.cargo-montreal.ca\\\/fr\\\/enquetes\\\/#primaryimage\"},\"thumbnailUrl\":\"https:\\\/\\\/www.cargo-montreal.ca\\\/wp-content\\\/uploads\\\/2022\\\/09\\\/1280px-OCDE_logo.svg_.png\",\"articleSection\":[\"Services logistiques\"],\"inLanguage\":\"fr-FR\"},{\"@type\":\"WebPage\",\"@id\":\"https:\\\/\\\/www.cargo-montreal.ca\\\/fr\\\/enquetes\\\/\",\"url\":\"https:\\\/\\\/www.cargo-montreal.ca\\\/fr\\\/enquetes\\\/\",\"name\":\"Enqu\u00eates - CargoM\",\"isPartOf\":{\"@id\":\"https:\\\/\\\/www.cargo-montreal.ca\\\/fr\\\/#website\"},\"primaryImageOfPage\":{\"@id\":\"https:\\\/\\\/www.cargo-montreal.ca\\\/fr\\\/enquetes\\\/#primaryimage\"},\"image\":{\"@id\":\"https:\\\/\\\/www.cargo-montreal.ca\\\/fr\\\/enquetes\\\/#primaryimage\"},\"thumbnailUrl\":\"https:\\\/\\\/www.cargo-montreal.ca\\\/wp-content\\\/uploads\\\/2022\\\/09\\\/1280px-OCDE_logo.svg_.png\",\"datePublished\":\"2022-09-20T17:54:33+00:00\",\"dateModified\":\"2022-09-20T17:56:30+00:00\",\"author\":{\"@id\":\"https:\\\/\\\/www.cargo-montreal.ca\\\/fr\\\/#\\\/schema\\\/person\\\/80476d173ce654813db9fd1533901365\"},\"breadcrumb\":{\"@id\":\"https:\\\/\\\/www.cargo-montreal.ca\\\/fr\\\/enquetes\\\/#breadcrumb\"},\"inLanguage\":\"fr-FR\",\"potentialAction\":[{\"@type\":\"ReadAction\",\"target\":[\"https:\\\/\\\/www.cargo-montreal.ca\\\/fr\\\/enquetes\\\/\"]}]},{\"@type\":\"ImageObject\",\"inLanguage\":\"fr-FR\",\"@id\":\"https:\\\/\\\/www.cargo-montreal.ca\\\/fr\\\/enquetes\\\/#primaryimage\",\"url\":\"https:\\\/\\\/www.cargo-montreal.ca\\\/wp-content\\\/uploads\\\/2022\\\/09\\\/1280px-OCDE_logo.svg_.png\",\"contentUrl\":\"https:\\\/\\\/www.cargo-montreal.ca\\\/wp-content\\\/uploads\\\/2022\\\/09\\\/1280px-OCDE_logo.svg_.png\",\"width\":1280,\"height\":307},{\"@type\":\"BreadcrumbList\",\"@id\":\"https:\\\/\\\/www.cargo-montreal.ca\\\/fr\\\/enquetes\\\/#breadcrumb\",\"itemListElement\":[{\"@type\":\"ListItem\",\"position\":1,\"name\":\"Home\",\"item\":\"https:\\\/\\\/www.cargo-montreal.ca\\\/fr\\\/\"},{\"@type\":\"ListItem\",\"position\":2,\"name\":\"Enqu\u00eates\"}]},{\"@type\":\"WebSite\",\"@id\":\"https:\\\/\\\/www.cargo-montreal.ca\\\/fr\\\/#website\",\"url\":\"https:\\\/\\\/www.cargo-montreal.ca\\\/fr\\\/\",\"name\":\"CargoM\",\"description\":\"La mission de CargoM: Rassembler les acteurs de la logistique &amp; du transport de marchandises du Grand Montr\u00e9al autour d&#039;objectifs communs, d&#039;actions concert\u00e9es\",\"potentialAction\":[{\"@type\":\"SearchAction\",\"target\":{\"@type\":\"EntryPoint\",\"urlTemplate\":\"https:\\\/\\\/www.cargo-montreal.ca\\\/fr\\\/?s={search_term_string}\"},\"query-input\":{\"@type\":\"PropertyValueSpecification\",\"valueRequired\":true,\"valueName\":\"search_term_string\"}}],\"inLanguage\":\"fr-FR\"},{\"@type\":\"Person\",\"@id\":\"https:\\\/\\\/www.cargo-montreal.ca\\\/fr\\\/#\\\/schema\\\/person\\\/80476d173ce654813db9fd1533901365\",\"name\":\"Karine Dudognon\",\"image\":{\"@type\":\"ImageObject\",\"inLanguage\":\"fr-FR\",\"@id\":\"https:\\\/\\\/secure.gravatar.com\\\/avatar\\\/673bdfb703a9b6685a88bc7dfb04a9ea2b48b30e9d1663a5e759a4e9bfa3e2c0?s=96&d=mm&r=g\",\"url\":\"https:\\\/\\\/secure.gravatar.com\\\/avatar\\\/673bdfb703a9b6685a88bc7dfb04a9ea2b48b30e9d1663a5e759a4e9bfa3e2c0?s=96&d=mm&r=g\",\"contentUrl\":\"https:\\\/\\\/secure.gravatar.com\\\/avatar\\\/673bdfb703a9b6685a88bc7dfb04a9ea2b48b30e9d1663a5e759a4e9bfa3e2c0?s=96&d=mm&r=g\",\"caption\":\"Karine Dudognon\"},\"url\":\"https:\\\/\\\/www.cargo-montreal.ca\\\/fr\\\/author\\\/karine\\\/\"}]}<\/script>\n<!-- \/ Yoast SEO plugin. -->","yoast_head_json":{"title":"Enqu\u00eates - CargoM","robots":{"index":"index","follow":"follow","max-snippet":"max-snippet:-1","max-image-preview":"max-image-preview:large","max-video-preview":"max-video-preview:-1"},"canonical":"https:\/\/www.cargo-montreal.ca\/fr\/enquetes\/","og_locale":"fr_FR","og_type":"article","og_title":"Enqu\u00eates - CargoM","og_description":"Nous avons besoin de votre participation : Enqu\u00eate de l&rsquo;Organisation\u00a0de coop\u00e9ration et de d\u00e9veloppement \u00e9conomiques (OCDE) \u00c0 la demande d&rsquo;Investir au Canada, l&rsquo;Organisation de coop\u00e9ration et de d\u00e9veloppement \u00e9conomiques (OCDE)\u00a0est \u00e0 la recherche d&rsquo;entreprises dans le secteur des transports et de la logistique pr\u00eates \u00e0 prendre part \u00e0 une enqu\u00eate dont l\u2019objectif est d\u2019aider Investir [&hellip;]","og_url":"https:\/\/www.cargo-montreal.ca\/fr\/enquetes\/","og_site_name":"CargoM","article_published_time":"2022-09-20T17:54:33+00:00","article_modified_time":"2022-09-20T17:56:30+00:00","og_image":[{"width":1280,"height":307,"url":"https:\/\/www.cargo-montreal.ca\/wp-content\/uploads\/2022\/09\/1280px-OCDE_logo.svg_.png","type":"image\/png"}],"author":"Karine Dudognon","twitter_card":"summary_large_image","twitter_misc":{"\u00c9crit par":"Karine Dudognon","Dur\u00e9e de lecture estim\u00e9e":"1 minute"},"schema":{"@context":"https:\/\/schema.org","@graph":[{"@type":"Article","@id":"https:\/\/www.cargo-montreal.ca\/fr\/enquetes\/#article","isPartOf":{"@id":"https:\/\/www.cargo-montreal.ca\/fr\/enquetes\/"},"author":{"name":"Karine Dudognon","@id":"https:\/\/www.cargo-montreal.ca\/fr\/#\/schema\/person\/80476d173ce654813db9fd1533901365"},"headline":"Enqu\u00eates","datePublished":"2022-09-20T17:54:33+00:00","dateModified":"2022-09-20T17:56:30+00:00","mainEntityOfPage":{"@id":"https:\/\/www.cargo-montreal.ca\/fr\/enquetes\/"},"wordCount":153,"image":{"@id":"https:\/\/www.cargo-montreal.ca\/fr\/enquetes\/#primaryimage"},"thumbnailUrl":"https:\/\/www.cargo-montreal.ca\/wp-content\/uploads\/2022\/09\/1280px-OCDE_logo.svg_.png","articleSection":["Services logistiques"],"inLanguage":"fr-FR"},{"@type":"WebPage","@id":"https:\/\/www.cargo-montreal.ca\/fr\/enquetes\/","url":"https:\/\/www.cargo-montreal.ca\/fr\/enquetes\/","name":"Enqu\u00eates - CargoM","isPartOf":{"@id":"https:\/\/www.cargo-montreal.ca\/fr\/#website"},"primaryImageOfPage":{"@id":"https:\/\/www.cargo-montreal.ca\/fr\/enquetes\/#primaryimage"},"image":{"@id":"https:\/\/www.cargo-montreal.ca\/fr\/enquetes\/#primaryimage"},"thumbnailUrl":"https:\/\/www.cargo-montreal.ca\/wp-content\/uploads\/2022\/09\/1280px-OCDE_logo.svg_.png","datePublished":"2022-09-20T17:54:33+00:00","dateModified":"2022-09-20T17:56:30+00:00","author":{"@id":"https:\/\/www.cargo-montreal.ca\/fr\/#\/schema\/person\/80476d173ce654813db9fd1533901365"},"breadcrumb":{"@id":"https:\/\/www.cargo-montreal.ca\/fr\/enquetes\/#breadcrumb"},"inLanguage":"fr-FR","potentialAction":[{"@type":"ReadAction","target":["https:\/\/www.cargo-montreal.ca\/fr\/enquetes\/"]}]},{"@type":"ImageObject","inLanguage":"fr-FR","@id":"https:\/\/www.cargo-montreal.ca\/fr\/enquetes\/#primaryimage","url":"https:\/\/www.cargo-montreal.ca\/wp-content\/uploads\/2022\/09\/1280px-OCDE_logo.svg_.png","contentUrl":"https:\/\/www.cargo-montreal.ca\/wp-content\/uploads\/2022\/09\/1280px-OCDE_logo.svg_.png","width":1280,"height":307},{"@type":"BreadcrumbList","@id":"https:\/\/www.cargo-montreal.ca\/fr\/enquetes\/#breadcrumb","itemListElement":[{"@type":"ListItem","position":1,"name":"Home","item":"https:\/\/www.cargo-montreal.ca\/fr\/"},{"@type":"ListItem","position":2,"name":"Enqu\u00eates"}]},{"@type":"WebSite","@id":"https:\/\/www.cargo-montreal.ca\/fr\/#website","url":"https:\/\/www.cargo-montreal.ca\/fr\/","name":"CargoM","description":"La mission de CargoM: Rassembler les acteurs de la logistique &amp; du transport de marchandises du Grand Montr\u00e9al autour d&#039;objectifs communs, d&#039;actions concert\u00e9es","potentialAction":[{"@type":"SearchAction","target":{"@type":"EntryPoint","urlTemplate":"https:\/\/www.cargo-montreal.ca\/fr\/?s={search_term_string}"},"query-input":{"@type":"PropertyValueSpecification","valueRequired":true,"valueName":"search_term_string"}}],"inLanguage":"fr-FR"},{"@type":"Person","@id":"https:\/\/www.cargo-montreal.ca\/fr\/#\/schema\/person\/80476d173ce654813db9fd1533901365","name":"Karine Dudognon","image":{"@type":"ImageObject","inLanguage":"fr-FR","@id":"https:\/\/secure.gravatar.com\/avatar\/673bdfb703a9b6685a88bc7dfb04a9ea2b48b30e9d1663a5e759a4e9bfa3e2c0?s=96&d=mm&r=g","url":"https:\/\/secure.gravatar.com\/avatar\/673bdfb703a9b6685a88bc7dfb04a9ea2b48b30e9d1663a5e759a4e9bfa3e2c0?s=96&d=mm&r=g","contentUrl":"https:\/\/secure.gravatar.com\/avatar\/673bdfb703a9b6685a88bc7dfb04a9ea2b48b30e9d1663a5e759a4e9bfa3e2c0?s=96&d=mm&r=g","caption":"Karine Dudognon"},"url":"https:\/\/www.cargo-montreal.ca\/fr\/author\/karine\/"}]}},"_links":{"self":[{"href":"https:\/\/www.cargo-montreal.ca\/fr\/wp-json\/wp\/v2\/posts\/13666","targetHints":{"allow":["GET"]}}],"collection":[{"href":"https:\/\/www.cargo-montreal.ca\/fr\/wp-json\/wp\/v2\/posts"}],"about":[{"href":"https:\/\/www.cargo-montreal.ca\/fr\/wp-json\/wp\/v2\/types\/post"}],"author":[{"embeddable":true,"href":"https:\/\/www.cargo-montreal.ca\/fr\/wp-json\/wp\/v2\/users\/39"}],"replies":[{"embeddable":true,"href":"https:\/\/www.cargo-montreal.ca\/fr\/wp-json\/wp\/v2\/comments?post=13666"}],"version-history":[{"count":1,"href":"https:\/\/www.cargo-montreal.ca\/fr\/wp-json\/wp\/v2\/posts\/13666\/revisions"}],"predecessor-version":[{"id":13669,"href":"https:\/\/www.cargo-montreal.ca\/fr\/wp-json\/wp\/v2\/posts\/13666\/revisions\/13669"}],"wp:featuredmedia":[{"embeddable":true,"href":"https:\/\/www.cargo-montreal.ca\/fr\/wp-json\/wp\/v2\/media\/13670"}],"wp:attachment":[{"href":"https:\/\/www.cargo-montreal.ca\/fr\/wp-json\/wp\/v2\/media?parent=13666"}],"wp:term":[{"taxonomy":"category","embeddable":true,"href":"https:\/\/www.cargo-montreal.ca\/fr\/wp-json\/wp\/v2\/categories?post=13666"},{"taxonomy":"post_tag","embeddable":true,"href":"https:\/\/www.cargo-montreal.ca\/fr\/wp-json\/wp\/v2\/tags?post=13666"}],"curies":[{"name":"wp","href":"https:\/\/api.w.org\/{rel}","templated":true}]}}