{"id":13898,"date":"2022-10-18T13:45:44","date_gmt":"2022-10-18T13:45:44","guid":{"rendered":"https:\/\/www.cargo-montreal.ca\/?p=13898"},"modified":"2022-10-18T13:45:44","modified_gmt":"2022-10-18T13:45:44","slug":"calendrier-des-evenements-4","status":"publish","type":"post","link":"https:\/\/www.cargo-montreal.ca\/fr\/calendrier-des-evenements-4\/","title":{"rendered":"Calendrier des \u00e9v\u00e9nements"},"content":{"rendered":"<div id=\"section_1652714751660\" class=\"hse-section\">\r\n<div class=\"hse-column-container hse-border\">\r\n<div id=\"column_1652714751660_0\" class=\"hse-column hse-size-12\">\r\n<table role=\"presentation\" width=\"100%\" cellspacing=\"0\" cellpadding=\"0\">\r\n<tbody>\r\n<tr>\r\n<td class=\"hs_padded\">\r\n<div id=\"hs_cos_wrapper_module_165271479545136\" class=\"hs_cos_wrapper hs_cos_wrapper_widget hs_cos_wrapper_type_module\" data-hs-cos-general-type=\"widget\" data-hs-cos-type=\"module\">\r\n<div id=\"hs_cos_wrapper_module_165271479545136_\" class=\"hs_cos_wrapper hs_cos_wrapper_widget hs_cos_wrapper_type_rich_text\" data-hs-cos-general-type=\"widget\" data-hs-cos-type=\"rich_text\">\r\n<p align=\"justify\">Ne manquez pas les \u00e9v\u00e9nements suivants. Si vous souhaitez que CargoM ajoute votre \u00e9v\u00e9nement \u00e0 son\u00a0<a href=\"https:\/\/www.cargo-montreal.ca\/fr\/calendrier\/?utm_source=hs_email&#038;utm_medium=email&#038;_hsenc=p2ANqtz--CzjLbKNPSmSN9r2TXWSndJOJYdxdk5gWx4A840hSyCo5R3dHHTHh2El_mlB75cosUPXjZLphPv5csgr-1RXudXUl2Xg\" target=\"_blank\" rel=\"noopener\" data-hs-link-id=\"0\">calendrier<\/a>, contactez Mme\u00a0<a href=\"mailto:kdudognon@cargo-montreal.ca\" target=\"_blank\" rel=\"noopener\" data-hs-link-id=\"0\">Karine Dudognon<\/a>.<\/p>\r\n\r\n<\/div>\r\n<\/div><\/td>\r\n<\/tr>\r\n<\/tbody>\r\n<\/table>\r\n<\/div>\r\n<\/div>\r\n<\/div>\r\n<div id=\"section_1639256373511\" class=\"hse-section\">\r\n<div class=\"hse-column-container hse-border\">\r\n<div id=\"column_1639256373511_0\" class=\"hse-column hse-size-12\">\r\n<table role=\"presentation\" width=\"100%\" cellspacing=\"0\" cellpadding=\"0\">\r\n<tbody>\r\n<tr>\r\n<td class=\"hs_padded\">\r\n<div id=\"hs_cos_wrapper_module_163925638129317\" class=\"hs_cos_wrapper hs_cos_wrapper_widget hs_cos_wrapper_type_module\" data-hs-cos-general-type=\"widget\" data-hs-cos-type=\"module\">\r\n<div id=\"hs_cos_wrapper_module_163925638129317_\" class=\"hs_cos_wrapper hs_cos_wrapper_widget hs_cos_wrapper_type_rich_text\" data-hs-cos-general-type=\"widget\" data-hs-cos-type=\"rich_text\">\r\n<p align=\"justify\">27 octobre 2022\u00a0\u2013\u00a0<a href=\"https:\/\/www.carrefour-acq.org\/evenements\/diner-annuel-crustaces22?utm_source=hs_email&amp;utm_medium=email&amp;_hsenc=p2ANqtz--CzjLbKNPSmSN9r2TXWSndJOJYdxdk5gWx4A840hSyCo5R3dHHTHh2El_mlB75cosUPXjZLphPv5csgr-1RXudXUl2Xg\" target=\"_blank\" rel=\"noopener\" data-hs-link-id=\"0\">D\u00eener annuel de crustac\u00e9s<\/a>\u00a0\u2013\u00a0<a href=\"https:\/\/www.carrefour-acq.org\/accueil?utm_source=hs_email&amp;utm_medium=email&amp;_hsenc=p2ANqtz--CzjLbKNPSmSN9r2TXWSndJOJYdxdk5gWx4A840hSyCo5R3dHHTHh2El_mlB75cosUPXjZLphPv5csgr-1RXudXUl2Xg\" target=\"_blank\" rel=\"noopener\" data-hs-link-id=\"0\">Association du camionnage du Qu\u00e9bec (ACQ)<\/a><\/p>\r\n<p align=\"justify\">31 octobre 2022 \u2013\u00a0<a href=\"https:\/\/www.cerclecanadien-montreal.ca\/fr\/tous-les-evenements-1\/detail\/martin-imbleau\/32754?utm_source=hs_email&amp;utm_medium=email&amp;_hsenc=p2ANqtz--CzjLbKNPSmSN9r2TXWSndJOJYdxdk5gWx4A840hSyCo5R3dHHTHh2El_mlB75cosUPXjZLphPv5csgr-1RXudXUl2Xg\" target=\"_blank\" rel=\"noopener\" data-hs-link-id=\"0\">Rendez-vous avec Martin Imbleau<\/a>\u00a0\u2013\u00a0<a href=\"https:\/\/www.cerclecanadien-montreal.ca\/fr\/?utm_source=hs_email&amp;utm_medium=email&amp;_hsenc=p2ANqtz--CzjLbKNPSmSN9r2TXWSndJOJYdxdk5gWx4A840hSyCo5R3dHHTHh2El_mlB75cosUPXjZLphPv5csgr-1RXudXUl2Xg\" target=\"_blank\" rel=\"noopener\" data-hs-link-id=\"0\">Le Cercle canadien<\/a><\/p>\r\n<p align=\"justify\">2 novembre 2022 \u2013\u00a0<a href=\"https:\/\/www.cargo-montreal.ca\/fr\/activities\/cargom-organise\/journee-carriere-cargom\/?utm_source=hs_email&#038;utm_medium=email&#038;_hsenc=p2ANqtz--CzjLbKNPSmSN9r2TXWSndJOJYdxdk5gWx4A840hSyCo5R3dHHTHh2El_mlB75cosUPXjZLphPv5csgr-1RXudXUl2Xg\" target=\"_blank\" rel=\"noopener\" data-hs-link-id=\"2\">Journ\u00e9e carri\u00e8res en transport et logistique<\/a>\u00a0\u2013\u00a0<a href=\"https:\/\/www.cargo-montreal.ca\/fr\/?utm_source=hs_email&amp;utm_medium=email&amp;_hsenc=p2ANqtz--CzjLbKNPSmSN9r2TXWSndJOJYdxdk5gWx4A840hSyCo5R3dHHTHh2El_mlB75cosUPXjZLphPv5csgr-1RXudXUl2Xg\" target=\"_blank\" rel=\"noopener\" data-hs-link-id=\"4\">CargoM<\/a><\/p>\r\n<p align=\"justify\">2 novembre 2022 \u2013\u00a0<a href=\"https:\/\/docs.google.com\/forms\/d\/e\/1FAIpQLSeOwjf9CeljPy6rUK-DkSELwrLbMHdos7brFbgPtUvFIRTNRw\/viewform?utm_source=hs_email&amp;utm_medium=email&amp;_hsenc=p2ANqtz--CzjLbKNPSmSN9r2TXWSndJOJYdxdk5gWx4A840hSyCo5R3dHHTHh2El_mlB75cosUPXjZLphPv5csgr-1RXudXUl2Xg\" target=\"_blank\" rel=\"noopener\" data-hs-link-id=\"2\">Activit\u00e9 r\u00e9seautage<\/a>\u00a0\u2013\u00a0<a href=\"https:\/\/www.cargo-montreal.ca\/fr\/?utm_source=hs_email&amp;utm_medium=email&amp;_hsenc=p2ANqtz--CzjLbKNPSmSN9r2TXWSndJOJYdxdk5gWx4A840hSyCo5R3dHHTHh2El_mlB75cosUPXjZLphPv5csgr-1RXudXUl2Xg\" target=\"_blank\" rel=\"noopener\" data-hs-link-id=\"5\">C<\/a><a href=\"https:\/\/www.cargo-montreal.ca\/fr\/?utm_source=hs_email&amp;utm_medium=email&amp;_hsenc=p2ANqtz--CzjLbKNPSmSN9r2TXWSndJOJYdxdk5gWx4A840hSyCo5R3dHHTHh2El_mlB75cosUPXjZLphPv5csgr-1RXudXUl2Xg\" target=\"_blank\" rel=\"noopener\" data-hs-link-id=\"6\">argoM<\/a><\/p>\r\n<p align=\"justify\">3 novembre 2022 \u2013\u00a0<a href=\"http:\/\/tcmtl.com\/event\/festival-annuel-dhuitres-2\/?utm_source=hs_email&amp;utm_medium=email&amp;_hsenc=p2ANqtz--CzjLbKNPSmSN9r2TXWSndJOJYdxdk5gWx4A840hSyCo5R3dHHTHh2El_mlB75cosUPXjZLphPv5csgr-1RXudXUl2Xg\" target=\"_blank\" rel=\"noopener\" data-hs-link-id=\"0\">77e Festival annuel d&rsquo;hu\u00eetres<\/a>\u00a0\u2013\u00a0<a href=\"http:\/\/tcmtl.com\/?utm_source=hs_email&amp;utm_medium=email&amp;_hsenc=p2ANqtz--CzjLbKNPSmSN9r2TXWSndJOJYdxdk5gWx4A840hSyCo5R3dHHTHh2El_mlB75cosUPXjZLphPv5csgr-1RXudXUl2Xg\" target=\"_blank\" rel=\"noopener\" data-hs-link-id=\"0\">Le club de trafic de Montr\u00e9al<\/a><\/p>\r\n<p align=\"justify\">9 novembre 2022\u00a0\u2013\u00a0<a href=\"https:\/\/www.carrefour-acq.org\/evenements\/colloquetmd?utm_source=hs_email&amp;utm_medium=email&amp;_hsenc=p2ANqtz--CzjLbKNPSmSN9r2TXWSndJOJYdxdk5gWx4A840hSyCo5R3dHHTHh2El_mlB75cosUPXjZLphPv5csgr-1RXudXUl2Xg\" target=\"_blank\" rel=\"noopener\" data-hs-link-id=\"0\">Colloque TMD\u00a0: Le rendez-vous des experts<\/a>\u00a0\u2013\u00a0<a href=\"https:\/\/www.carrefour-acq.org\/accueil?utm_source=hs_email&amp;utm_medium=email&amp;_hsenc=p2ANqtz--CzjLbKNPSmSN9r2TXWSndJOJYdxdk5gWx4A840hSyCo5R3dHHTHh2El_mlB75cosUPXjZLphPv5csgr-1RXudXUl2Xg\" target=\"_blank\" rel=\"noopener\" data-hs-link-id=\"1\">Association du camionnage du Qu\u00e9bec<\/a><\/p>\r\n<p align=\"justify\">16 novembre 2022 \u2013\u00a0<a href=\"https:\/\/www.supplychaincanada.com\/events\/10\/introduction-a-la-gestion-de-cha-ne-du-froid-enjeux-lies-aux-produits-alimentaires-et-de-sante-1517?utm_source=hs_email&amp;utm_medium=email&amp;_hsenc=p2ANqtz--CzjLbKNPSmSN9r2TXWSndJOJYdxdk5gWx4A840hSyCo5R3dHHTHh2El_mlB75cosUPXjZLphPv5csgr-1RXudXUl2Xg\" target=\"_blank\" rel=\"noopener\" data-hs-link-id=\"0\">Introduction \u00e0 la gestion de la cha\u00eene du froid : Enjeux li\u00e9s aux produits alimentaires et de sant\u00e9<\/a>\u00a0\u2013\u00a0<a href=\"https:\/\/www.supplychaincanada.com\/fr?utm_source=hs_email&amp;utm_medium=email&amp;_hsenc=p2ANqtz--CzjLbKNPSmSN9r2TXWSndJOJYdxdk5gWx4A840hSyCo5R3dHHTHh2El_mlB75cosUPXjZLphPv5csgr-1RXudXUl2Xg\" target=\"_blank\" rel=\"noopener\" data-hs-link-id=\"0\">Cha\u00eene d&rsquo;approvisionnement Canada<\/a><\/p>\r\n\r\n<\/div>\r\n<\/div><\/td>\r\n<\/tr>\r\n<\/tbody>\r\n<\/table>\r\n<\/div>\r\n<\/div>\r\n<\/div>","protected":false},"excerpt":{"rendered":"Ne manquez pas les \u00e9v\u00e9nements suivants. Si vous souhaitez que CargoM ajoute votre \u00e9v\u00e9nement \u00e0 son\u00a0calendrier, contactez Mme\u00a0Karine Dudognon. 27 octobre 2022\u00a0\u2013\u00a0D\u00eener annuel de crustac\u00e9s\u00a0\u2013\u00a0Association du camionnage du Qu\u00e9bec (ACQ) 31 octobre 2022 \u2013\u00a0Rendez-vous avec Martin Imbleau\u00a0\u2013\u00a0Le Cercle canadien 2 novembre 2022 \u2013\u00a0Journ\u00e9e carri\u00e8res en transport et logistique\u00a0\u2013\u00a0CargoM 2 novembre 2022 \u2013\u00a0Activit\u00e9 r\u00e9seautage\u00a0\u2013\u00a0CargoM 3 novembre [&hellip;]","protected":false},"author":39,"featured_media":13255,"comment_status":"closed","ping_status":"closed","sticky":false,"template":"","format":"standard","meta":{"_acf_changed":false,"footnotes":""},"categories":[20],"tags":[],"class_list":["post-13898","post","type-post","status-publish","format-standard","has-post-thumbnail","hentry","category-services-logistiques"],"acf":[],"yoast_head":"<!-- This site is optimized with the Yoast SEO plugin v27.3 - https:\/\/yoast.com\/product\/yoast-seo-wordpress\/ -->\n<title>Calendrier des \u00e9v\u00e9nements - CargoM<\/title>\n<meta name=\"robots\" content=\"index, follow, max-snippet:-1, max-image-preview:large, max-video-preview:-1\" \/>\n<link rel=\"canonical\" href=\"https:\/\/www.cargo-montreal.ca\/fr\/calendrier-des-evenements-4\/\" \/>\n<meta property=\"og:locale\" content=\"fr_FR\" \/>\n<meta property=\"og:type\" content=\"article\" \/>\n<meta property=\"og:title\" content=\"Calendrier des \u00e9v\u00e9nements - CargoM\" \/>\n<meta property=\"og:description\" content=\"Ne manquez pas les \u00e9v\u00e9nements suivants. Si vous souhaitez que CargoM ajoute votre \u00e9v\u00e9nement \u00e0 son\u00a0calendrier, contactez Mme\u00a0Karine Dudognon. 27 octobre 2022\u00a0\u2013\u00a0D\u00eener annuel de crustac\u00e9s\u00a0\u2013\u00a0Association du camionnage du Qu\u00e9bec (ACQ) 31 octobre 2022 \u2013\u00a0Rendez-vous avec Martin Imbleau\u00a0\u2013\u00a0Le Cercle canadien 2 novembre 2022 \u2013\u00a0Journ\u00e9e carri\u00e8res en transport et logistique\u00a0\u2013\u00a0CargoM 2 novembre 2022 \u2013\u00a0Activit\u00e9 r\u00e9seautage\u00a0\u2013\u00a0CargoM 3 novembre [&hellip;]\" \/>\n<meta property=\"og:url\" content=\"https:\/\/www.cargo-montreal.ca\/fr\/calendrier-des-evenements-4\/\" \/>\n<meta property=\"og:site_name\" content=\"CargoM\" \/>\n<meta property=\"article:published_time\" content=\"2022-10-18T13:45:44+00:00\" \/>\n<meta property=\"og:image\" content=\"https:\/\/www.cargo-montreal.ca\/wp-content\/uploads\/2022\/05\/calendrier-scaled.jpg\" \/>\n\t<meta property=\"og:image:width\" content=\"2560\" \/>\n\t<meta property=\"og:image:height\" content=\"2560\" \/>\n\t<meta property=\"og:image:type\" content=\"image\/jpeg\" \/>\n<meta name=\"author\" content=\"Karine Dudognon\" \/>\n<meta name=\"twitter:card\" content=\"summary_large_image\" \/>\n<meta name=\"twitter:label1\" content=\"\u00c9crit par\" \/>\n\t<meta name=\"twitter:data1\" content=\"Karine Dudognon\" \/>\n\t<meta name=\"twitter:label2\" content=\"Dur\u00e9e de lecture estim\u00e9e\" \/>\n\t<meta name=\"twitter:data2\" content=\"1 minute\" \/>\n<script type=\"application\/ld+json\" class=\"yoast-schema-graph\">{\"@context\":\"https:\\\/\\\/schema.org\",\"@graph\":[{\"@type\":\"Article\",\"@id\":\"https:\\\/\\\/www.cargo-montreal.ca\\\/fr\\\/calendrier-des-evenements-4\\\/#article\",\"isPartOf\":{\"@id\":\"https:\\\/\\\/www.cargo-montreal.ca\\\/fr\\\/calendrier-des-evenements-4\\\/\"},\"author\":{\"name\":\"Karine Dudognon\",\"@id\":\"https:\\\/\\\/www.cargo-montreal.ca\\\/fr\\\/#\\\/schema\\\/person\\\/80476d173ce654813db9fd1533901365\"},\"headline\":\"Calendrier des \u00e9v\u00e9nements\",\"datePublished\":\"2022-10-18T13:45:44+00:00\",\"mainEntityOfPage\":{\"@id\":\"https:\\\/\\\/www.cargo-montreal.ca\\\/fr\\\/calendrier-des-evenements-4\\\/\"},\"wordCount\":115,\"image\":{\"@id\":\"https:\\\/\\\/www.cargo-montreal.ca\\\/fr\\\/calendrier-des-evenements-4\\\/#primaryimage\"},\"thumbnailUrl\":\"https:\\\/\\\/www.cargo-montreal.ca\\\/wp-content\\\/uploads\\\/2022\\\/05\\\/calendrier-scaled.jpg\",\"articleSection\":[\"Services logistiques\"],\"inLanguage\":\"fr-FR\"},{\"@type\":\"WebPage\",\"@id\":\"https:\\\/\\\/www.cargo-montreal.ca\\\/fr\\\/calendrier-des-evenements-4\\\/\",\"url\":\"https:\\\/\\\/www.cargo-montreal.ca\\\/fr\\\/calendrier-des-evenements-4\\\/\",\"name\":\"Calendrier des \u00e9v\u00e9nements - CargoM\",\"isPartOf\":{\"@id\":\"https:\\\/\\\/www.cargo-montreal.ca\\\/fr\\\/#website\"},\"primaryImageOfPage\":{\"@id\":\"https:\\\/\\\/www.cargo-montreal.ca\\\/fr\\\/calendrier-des-evenements-4\\\/#primaryimage\"},\"image\":{\"@id\":\"https:\\\/\\\/www.cargo-montreal.ca\\\/fr\\\/calendrier-des-evenements-4\\\/#primaryimage\"},\"thumbnailUrl\":\"https:\\\/\\\/www.cargo-montreal.ca\\\/wp-content\\\/uploads\\\/2022\\\/05\\\/calendrier-scaled.jpg\",\"datePublished\":\"2022-10-18T13:45:44+00:00\",\"author\":{\"@id\":\"https:\\\/\\\/www.cargo-montreal.ca\\\/fr\\\/#\\\/schema\\\/person\\\/80476d173ce654813db9fd1533901365\"},\"breadcrumb\":{\"@id\":\"https:\\\/\\\/www.cargo-montreal.ca\\\/fr\\\/calendrier-des-evenements-4\\\/#breadcrumb\"},\"inLanguage\":\"fr-FR\",\"potentialAction\":[{\"@type\":\"ReadAction\",\"target\":[\"https:\\\/\\\/www.cargo-montreal.ca\\\/fr\\\/calendrier-des-evenements-4\\\/\"]}]},{\"@type\":\"ImageObject\",\"inLanguage\":\"fr-FR\",\"@id\":\"https:\\\/\\\/www.cargo-montreal.ca\\\/fr\\\/calendrier-des-evenements-4\\\/#primaryimage\",\"url\":\"https:\\\/\\\/www.cargo-montreal.ca\\\/wp-content\\\/uploads\\\/2022\\\/05\\\/calendrier-scaled.jpg\",\"contentUrl\":\"https:\\\/\\\/www.cargo-montreal.ca\\\/wp-content\\\/uploads\\\/2022\\\/05\\\/calendrier-scaled.jpg\",\"width\":2560,\"height\":2560},{\"@type\":\"BreadcrumbList\",\"@id\":\"https:\\\/\\\/www.cargo-montreal.ca\\\/fr\\\/calendrier-des-evenements-4\\\/#breadcrumb\",\"itemListElement\":[{\"@type\":\"ListItem\",\"position\":1,\"name\":\"Home\",\"item\":\"https:\\\/\\\/www.cargo-montreal.ca\\\/fr\\\/\"},{\"@type\":\"ListItem\",\"position\":2,\"name\":\"Calendrier des \u00e9v\u00e9nements\"}]},{\"@type\":\"WebSite\",\"@id\":\"https:\\\/\\\/www.cargo-montreal.ca\\\/fr\\\/#website\",\"url\":\"https:\\\/\\\/www.cargo-montreal.ca\\\/fr\\\/\",\"name\":\"CargoM\",\"description\":\"La mission de CargoM: Rassembler les acteurs de la logistique &amp; du transport de marchandises du Grand Montr\u00e9al autour d&#039;objectifs communs, d&#039;actions concert\u00e9es\",\"potentialAction\":[{\"@type\":\"SearchAction\",\"target\":{\"@type\":\"EntryPoint\",\"urlTemplate\":\"https:\\\/\\\/www.cargo-montreal.ca\\\/fr\\\/?s={search_term_string}\"},\"query-input\":{\"@type\":\"PropertyValueSpecification\",\"valueRequired\":true,\"valueName\":\"search_term_string\"}}],\"inLanguage\":\"fr-FR\"},{\"@type\":\"Person\",\"@id\":\"https:\\\/\\\/www.cargo-montreal.ca\\\/fr\\\/#\\\/schema\\\/person\\\/80476d173ce654813db9fd1533901365\",\"name\":\"Karine Dudognon\",\"image\":{\"@type\":\"ImageObject\",\"inLanguage\":\"fr-FR\",\"@id\":\"https:\\\/\\\/secure.gravatar.com\\\/avatar\\\/673bdfb703a9b6685a88bc7dfb04a9ea2b48b30e9d1663a5e759a4e9bfa3e2c0?s=96&d=mm&r=g\",\"url\":\"https:\\\/\\\/secure.gravatar.com\\\/avatar\\\/673bdfb703a9b6685a88bc7dfb04a9ea2b48b30e9d1663a5e759a4e9bfa3e2c0?s=96&d=mm&r=g\",\"contentUrl\":\"https:\\\/\\\/secure.gravatar.com\\\/avatar\\\/673bdfb703a9b6685a88bc7dfb04a9ea2b48b30e9d1663a5e759a4e9bfa3e2c0?s=96&d=mm&r=g\",\"caption\":\"Karine Dudognon\"},\"url\":\"https:\\\/\\\/www.cargo-montreal.ca\\\/fr\\\/author\\\/karine\\\/\"}]}<\/script>\n<!-- \/ Yoast SEO plugin. -->","yoast_head_json":{"title":"Calendrier des \u00e9v\u00e9nements - CargoM","robots":{"index":"index","follow":"follow","max-snippet":"max-snippet:-1","max-image-preview":"max-image-preview:large","max-video-preview":"max-video-preview:-1"},"canonical":"https:\/\/www.cargo-montreal.ca\/fr\/calendrier-des-evenements-4\/","og_locale":"fr_FR","og_type":"article","og_title":"Calendrier des \u00e9v\u00e9nements - CargoM","og_description":"Ne manquez pas les \u00e9v\u00e9nements suivants. Si vous souhaitez que CargoM ajoute votre \u00e9v\u00e9nement \u00e0 son\u00a0calendrier, contactez Mme\u00a0Karine Dudognon. 27 octobre 2022\u00a0\u2013\u00a0D\u00eener annuel de crustac\u00e9s\u00a0\u2013\u00a0Association du camionnage du Qu\u00e9bec (ACQ) 31 octobre 2022 \u2013\u00a0Rendez-vous avec Martin Imbleau\u00a0\u2013\u00a0Le Cercle canadien 2 novembre 2022 \u2013\u00a0Journ\u00e9e carri\u00e8res en transport et logistique\u00a0\u2013\u00a0CargoM 2 novembre 2022 \u2013\u00a0Activit\u00e9 r\u00e9seautage\u00a0\u2013\u00a0CargoM 3 novembre [&hellip;]","og_url":"https:\/\/www.cargo-montreal.ca\/fr\/calendrier-des-evenements-4\/","og_site_name":"CargoM","article_published_time":"2022-10-18T13:45:44+00:00","og_image":[{"width":2560,"height":2560,"url":"https:\/\/www.cargo-montreal.ca\/wp-content\/uploads\/2022\/05\/calendrier-scaled.jpg","type":"image\/jpeg"}],"author":"Karine Dudognon","twitter_card":"summary_large_image","twitter_misc":{"\u00c9crit par":"Karine Dudognon","Dur\u00e9e de lecture estim\u00e9e":"1 minute"},"schema":{"@context":"https:\/\/schema.org","@graph":[{"@type":"Article","@id":"https:\/\/www.cargo-montreal.ca\/fr\/calendrier-des-evenements-4\/#article","isPartOf":{"@id":"https:\/\/www.cargo-montreal.ca\/fr\/calendrier-des-evenements-4\/"},"author":{"name":"Karine Dudognon","@id":"https:\/\/www.cargo-montreal.ca\/fr\/#\/schema\/person\/80476d173ce654813db9fd1533901365"},"headline":"Calendrier des \u00e9v\u00e9nements","datePublished":"2022-10-18T13:45:44+00:00","mainEntityOfPage":{"@id":"https:\/\/www.cargo-montreal.ca\/fr\/calendrier-des-evenements-4\/"},"wordCount":115,"image":{"@id":"https:\/\/www.cargo-montreal.ca\/fr\/calendrier-des-evenements-4\/#primaryimage"},"thumbnailUrl":"https:\/\/www.cargo-montreal.ca\/wp-content\/uploads\/2022\/05\/calendrier-scaled.jpg","articleSection":["Services logistiques"],"inLanguage":"fr-FR"},{"@type":"WebPage","@id":"https:\/\/www.cargo-montreal.ca\/fr\/calendrier-des-evenements-4\/","url":"https:\/\/www.cargo-montreal.ca\/fr\/calendrier-des-evenements-4\/","name":"Calendrier des \u00e9v\u00e9nements - CargoM","isPartOf":{"@id":"https:\/\/www.cargo-montreal.ca\/fr\/#website"},"primaryImageOfPage":{"@id":"https:\/\/www.cargo-montreal.ca\/fr\/calendrier-des-evenements-4\/#primaryimage"},"image":{"@id":"https:\/\/www.cargo-montreal.ca\/fr\/calendrier-des-evenements-4\/#primaryimage"},"thumbnailUrl":"https:\/\/www.cargo-montreal.ca\/wp-content\/uploads\/2022\/05\/calendrier-scaled.jpg","datePublished":"2022-10-18T13:45:44+00:00","author":{"@id":"https:\/\/www.cargo-montreal.ca\/fr\/#\/schema\/person\/80476d173ce654813db9fd1533901365"},"breadcrumb":{"@id":"https:\/\/www.cargo-montreal.ca\/fr\/calendrier-des-evenements-4\/#breadcrumb"},"inLanguage":"fr-FR","potentialAction":[{"@type":"ReadAction","target":["https:\/\/www.cargo-montreal.ca\/fr\/calendrier-des-evenements-4\/"]}]},{"@type":"ImageObject","inLanguage":"fr-FR","@id":"https:\/\/www.cargo-montreal.ca\/fr\/calendrier-des-evenements-4\/#primaryimage","url":"https:\/\/www.cargo-montreal.ca\/wp-content\/uploads\/2022\/05\/calendrier-scaled.jpg","contentUrl":"https:\/\/www.cargo-montreal.ca\/wp-content\/uploads\/2022\/05\/calendrier-scaled.jpg","width":2560,"height":2560},{"@type":"BreadcrumbList","@id":"https:\/\/www.cargo-montreal.ca\/fr\/calendrier-des-evenements-4\/#breadcrumb","itemListElement":[{"@type":"ListItem","position":1,"name":"Home","item":"https:\/\/www.cargo-montreal.ca\/fr\/"},{"@type":"ListItem","position":2,"name":"Calendrier des \u00e9v\u00e9nements"}]},{"@type":"WebSite","@id":"https:\/\/www.cargo-montreal.ca\/fr\/#website","url":"https:\/\/www.cargo-montreal.ca\/fr\/","name":"CargoM","description":"La mission de CargoM: Rassembler les acteurs de la logistique &amp; du transport de marchandises du Grand Montr\u00e9al autour d&#039;objectifs communs, d&#039;actions concert\u00e9es","potentialAction":[{"@type":"SearchAction","target":{"@type":"EntryPoint","urlTemplate":"https:\/\/www.cargo-montreal.ca\/fr\/?s={search_term_string}"},"query-input":{"@type":"PropertyValueSpecification","valueRequired":true,"valueName":"search_term_string"}}],"inLanguage":"fr-FR"},{"@type":"Person","@id":"https:\/\/www.cargo-montreal.ca\/fr\/#\/schema\/person\/80476d173ce654813db9fd1533901365","name":"Karine Dudognon","image":{"@type":"ImageObject","inLanguage":"fr-FR","@id":"https:\/\/secure.gravatar.com\/avatar\/673bdfb703a9b6685a88bc7dfb04a9ea2b48b30e9d1663a5e759a4e9bfa3e2c0?s=96&d=mm&r=g","url":"https:\/\/secure.gravatar.com\/avatar\/673bdfb703a9b6685a88bc7dfb04a9ea2b48b30e9d1663a5e759a4e9bfa3e2c0?s=96&d=mm&r=g","contentUrl":"https:\/\/secure.gravatar.com\/avatar\/673bdfb703a9b6685a88bc7dfb04a9ea2b48b30e9d1663a5e759a4e9bfa3e2c0?s=96&d=mm&r=g","caption":"Karine Dudognon"},"url":"https:\/\/www.cargo-montreal.ca\/fr\/author\/karine\/"}]}},"_links":{"self":[{"href":"https:\/\/www.cargo-montreal.ca\/fr\/wp-json\/wp\/v2\/posts\/13898","targetHints":{"allow":["GET"]}}],"collection":[{"href":"https:\/\/www.cargo-montreal.ca\/fr\/wp-json\/wp\/v2\/posts"}],"about":[{"href":"https:\/\/www.cargo-montreal.ca\/fr\/wp-json\/wp\/v2\/types\/post"}],"author":[{"embeddable":true,"href":"https:\/\/www.cargo-montreal.ca\/fr\/wp-json\/wp\/v2\/users\/39"}],"replies":[{"embeddable":true,"href":"https:\/\/www.cargo-montreal.ca\/fr\/wp-json\/wp\/v2\/comments?post=13898"}],"version-history":[{"count":1,"href":"https:\/\/www.cargo-montreal.ca\/fr\/wp-json\/wp\/v2\/posts\/13898\/revisions"}],"predecessor-version":[{"id":13899,"href":"https:\/\/www.cargo-montreal.ca\/fr\/wp-json\/wp\/v2\/posts\/13898\/revisions\/13899"}],"wp:featuredmedia":[{"embeddable":true,"href":"https:\/\/www.cargo-montreal.ca\/fr\/wp-json\/wp\/v2\/media\/13255"}],"wp:attachment":[{"href":"https:\/\/www.cargo-montreal.ca\/fr\/wp-json\/wp\/v2\/media?parent=13898"}],"wp:term":[{"taxonomy":"category","embeddable":true,"href":"https:\/\/www.cargo-montreal.ca\/fr\/wp-json\/wp\/v2\/categories?post=13898"},{"taxonomy":"post_tag","embeddable":true,"href":"https:\/\/www.cargo-montreal.ca\/fr\/wp-json\/wp\/v2\/tags?post=13898"}],"curies":[{"name":"wp","href":"https:\/\/api.w.org\/{rel}","templated":true}]}}