{"id":14020,"date":"2022-11-16T15:14:29","date_gmt":"2022-11-16T15:14:29","guid":{"rendered":"https:\/\/www.cargo-montreal.ca\/?p=14020"},"modified":"2022-11-16T16:08:36","modified_gmt":"2022-11-16T16:08:36","slug":"nouveaux-membres","status":"publish","type":"post","link":"https:\/\/www.cargo-montreal.ca\/fr\/nouveaux-membres\/","title":{"rendered":"Nouveaux membres"},"content":{"rendered":"<p align=\"justify\">Nous souhaitons la bienvenue \u00e0 deux nouveaux membres qui viennent tout juste de se joindre \u00e0 la Grappe.<\/p>\r\n<p align=\"justify\">Tout d\u2019abord\u00a0<a href=\"https:\/\/info.cargo-montreal.ca\/e3t\/Ctc\/ZU+113\/d11nbd04\/VVpDBG1BlyxgN38_h8MQrq1GVQq1454SrKSZN4bXfJG3lLBmV1-WJV7CgzH-W5xNPT95fpGJPW2Bt-Q53_0jCTW7ryMG-1157jrVHwWTl2WG4gdW7_KpLz1BMZSLW6JZr6R311x55W8g1J8G1Q8XFDW7tf2v217JXfVW2rRFtW6yDnjVVfgmBm4vDN3zTQ7M76sFWMkW219zF04h7HT9Vd25fZ3h3bvSW4Bs5M04k9j94W8FkNwy3BTfjXW1QrY2r9lm_-QW8hD46z5_GNPzW31wKrx6jWVN6W1vxG8x1C-7gcW2hqLz53fZl2QVylJyd2b00RyW2xMpYD6MJGlD3b8X1\" target=\"_blank\" rel=\"noopener\" data-saferedirecturl=\"https:\/\/www.google.com\/url?q=https:\/\/info.cargo-montreal.ca\/e3t\/Ctc\/ZU%2B113\/d11nbd04\/VVpDBG1BlyxgN38_h8MQrq1GVQq1454SrKSZN4bXfJG3lLBmV1-WJV7CgzH-W5xNPT95fpGJPW2Bt-Q53_0jCTW7ryMG-1157jrVHwWTl2WG4gdW7_KpLz1BMZSLW6JZr6R311x55W8g1J8G1Q8XFDW7tf2v217JXfVW2rRFtW6yDnjVVfgmBm4vDN3zTQ7M76sFWMkW219zF04h7HT9Vd25fZ3h3bvSW4Bs5M04k9j94W8FkNwy3BTfjXW1QrY2r9lm_-QW8hD46z5_GNPzW31wKrx6jWVN6W1vxG8x1C-7gcW2hqLz53fZl2QVylJyd2b00RyW2xMpYD6MJGlD3b8X1&amp;source=gmail&amp;ust=1668694839226000&amp;usg=AOvVaw0d-K6S60CskiRaEQx2w4VC\">Logistics in Wallonia<\/a>, p\u00f4le de comp\u00e9titivit\u00e9 belge, qui contribue \u00e0 la mise en place et \u00e0 l\u2019op\u00e9rationnalisation d\u2019une strat\u00e9gie de transport de logistique et de mobilit\u00e9 durables. Le fer de lance de Logistics in Wallonia est de r\u00e9duire l\u2019impact environnemental tout en optimisant la performance \u00e9conomique du transport et de la logistique. L\u2019organisme accompagne ses quelque 300 membres du secteur via des projets d\u2019innovation afin de les amener vers une transformation r\u00e9pondant aux nouveaux d\u00e9fis socio\u00e9conomiques, organisationnels et environnementaux.<\/p>\r\n<p align=\"justify\">CargoM est \u00e9galement heureuse de l\u2019arriv\u00e9e du\u00a0<a href=\"https:\/\/info.cargo-montreal.ca\/e3t\/Ctc\/ZU+113\/d11nbd04\/VVpDBG1BlyxgN38_h8MQrq1GVQq1454SrKSZN4bXfJ33lLzNV1-WJV7CgRvyW76VyWm8vNnjqW4fFJ0l13bQglW21HkmW5Y6TzZW8fyLQd1cNmnJN9jjgpSS0QcsN5GqsHlstry4W5tjQ60836Bh8W6X_x6W1dW0JGW94x-Js4gK_gHW3BL8rh1SDW-KW7r997R1Gl9bGVf1PKl1LnNxFW4dqfH06DVFyNN8Y5mMfJqJ1SW6qzhky8wjnSdW6ZsB7161Js8lW7LQ6r12dcDPVW3m7zjJ4N-DHt34TS1\" target=\"_blank\" rel=\"noopener\" data-saferedirecturl=\"https:\/\/www.google.com\/url?q=https:\/\/info.cargo-montreal.ca\/e3t\/Ctc\/ZU%2B113\/d11nbd04\/VVpDBG1BlyxgN38_h8MQrq1GVQq1454SrKSZN4bXfJ33lLzNV1-WJV7CgRvyW76VyWm8vNnjqW4fFJ0l13bQglW21HkmW5Y6TzZW8fyLQd1cNmnJN9jjgpSS0QcsN5GqsHlstry4W5tjQ60836Bh8W6X_x6W1dW0JGW94x-Js4gK_gHW3BL8rh1SDW-KW7r997R1Gl9bGVf1PKl1LnNxFW4dqfH06DVFyNN8Y5mMfJqJ1SW6qzhky8wjnSdW6ZsB7161Js8lW7LQ6r12dcDPVW3m7zjJ4N-DHt34TS1&amp;source=gmail&amp;ust=1668694839226000&amp;usg=AOvVaw3Mb-I16eczu4HutUgMnFcW\">Coll\u00e8ge Lionel-Groulx<\/a>. La formation continue du coll\u00e8ge offre une large gamme de programmes de perfectionnement, notamment un\u00a0<a href=\"https:\/\/info.cargo-montreal.ca\/e3t\/Ctc\/ZU+113\/d11nbd04\/VVpDBG1BlyxgN38_h8MQrq1GVQq1454SrKSZN4bXfKf3lLBZV1-WJV7CgWWPW69BJsL2yJqHdW6y0_Wb2YKSBDN47YpwFBd4mCW3-q2-W2cnzdtW3T6Gz36yCdysW5qsXSg4DC1_YW5SLbYg9gvy6vW5nzsnW301Y9HW3ml81r4lFWwRW9f9vVX1Twls8W41zZM28Y_LhQW6F_Y-N6tq1VTW4DJ9pH2jHZ_ZVG8NZ32zzs4-W74sYm171YThdW4Ld1497W7bb6W5r3ncC7mpYnhM-Q-hy3pKycW6fqbyY6YJd1DW1m41ZD7J306kW286g2B1DKhQvW4pM4Nx6dGnrFW1yTqPp3jL2vlW8jC_MR1g91rFW1pYpWs1Cw8ZNW1K2tqV4Np47p31JJ1\" target=\"_blank\" rel=\"noopener\" data-saferedirecturl=\"https:\/\/www.google.com\/url?q=https:\/\/info.cargo-montreal.ca\/e3t\/Ctc\/ZU%2B113\/d11nbd04\/VVpDBG1BlyxgN38_h8MQrq1GVQq1454SrKSZN4bXfKf3lLBZV1-WJV7CgWWPW69BJsL2yJqHdW6y0_Wb2YKSBDN47YpwFBd4mCW3-q2-W2cnzdtW3T6Gz36yCdysW5qsXSg4DC1_YW5SLbYg9gvy6vW5nzsnW301Y9HW3ml81r4lFWwRW9f9vVX1Twls8W41zZM28Y_LhQW6F_Y-N6tq1VTW4DJ9pH2jHZ_ZVG8NZ32zzs4-W74sYm171YThdW4Ld1497W7bb6W5r3ncC7mpYnhM-Q-hy3pKycW6fqbyY6YJd1DW1m41ZD7J306kW286g2B1DKhQvW4pM4Nx6dGnrFW1yTqPp3jL2vlW8jC_MR1g91rFW1pYpWs1Cw8ZNW1K2tqV4Np47p31JJ1&amp;source=gmail&amp;ust=1668694839226000&amp;usg=AOvVaw3lQAjFX9MqtRGjewze1abZ\">AEC en logistique du transport\u00a0<\/a>et un\u00a0<a href=\"https:\/\/info.cargo-montreal.ca\/e3t\/Ctc\/ZU+113\/d11nbd04\/VVpDBG1BlyxgN38_h8MQrq1GVQq1454SrKSZN4bXfKS3lLCyV1-WJV7CgRSBW71JLc-7h4YK9W6l_Lyl7XdXYlW54CnQN98jgsvW7rnY4-8ssh3sW6zQ1XR3DP1m5W2gPXPr6MfpKyW3tJbrF5ZDwCWW44dkH53X5ynhW5Xvg8H2jp9g0W4x4NxL2_d3rbW85qbpJ4kf-76W330vY64KXjbYW6tCpPg6CD5_qW5QnN_p8VzdwzW5-VGGn40FVtpW2H53f55jB72rVwrQxk2Wf_t4W5bDxTD7TtVTLW322VSN7NkRlcW3vqx8K78c0gNW3-Lxbk2s4ZXJW8Xr7DQ1tzgV6W8P7ln727R9_3W73nwKk92CYJXW1F-G5q7MCG2lW4k6fCX9gT8rFVpFl_11plK8MW3Tznnt8JqT-sVGlQ5P3RqLj_W1DmgRj2MhHJb3gT31\" target=\"_blank\" rel=\"noopener\" data-saferedirecturl=\"https:\/\/www.google.com\/url?q=https:\/\/info.cargo-montreal.ca\/e3t\/Ctc\/ZU%2B113\/d11nbd04\/VVpDBG1BlyxgN38_h8MQrq1GVQq1454SrKSZN4bXfKS3lLCyV1-WJV7CgRSBW71JLc-7h4YK9W6l_Lyl7XdXYlW54CnQN98jgsvW7rnY4-8ssh3sW6zQ1XR3DP1m5W2gPXPr6MfpKyW3tJbrF5ZDwCWW44dkH53X5ynhW5Xvg8H2jp9g0W4x4NxL2_d3rbW85qbpJ4kf-76W330vY64KXjbYW6tCpPg6CD5_qW5QnN_p8VzdwzW5-VGGn40FVtpW2H53f55jB72rVwrQxk2Wf_t4W5bDxTD7TtVTLW322VSN7NkRlcW3vqx8K78c0gNW3-Lxbk2s4ZXJW8Xr7DQ1tzgV6W8P7ln727R9_3W73nwKk92CYJXW1F-G5q7MCG2lW4k6fCX9gT8rFVpFl_11plK8MW3Tznnt8JqT-sVGlQ5P3RqLj_W1DmgRj2MhHJb3gT31&amp;source=gmail&amp;ust=1668694839226000&amp;usg=AOvVaw2mmVCzIqQqXM8GcDZl2d0E\">AEC en gestion des approvisionnements<\/a><a href=\"https:\/\/info.cargo-montreal.ca\/e3t\/Ctc\/ZU+113\/d11nbd04\/VVpDBG1BlyxgN38_h8MQrq1GVQq1454SrKSZN4bXfKS3lLCyV1-WJV7CgQkHVJzhg-779_jLW7CWgtB4BB8sVW1JtcwT2Hr_gKW5XKKTv6LmVyxW8qZL-w1722LTW1HGzQW4xK_cnW5qCWJ08W42bgW6zn_2V8d-J-zN7WDWZfkR2DRN6nRhxScMPVBW2w3LPH3QvFCDW65RgsP7JtrtfW3p5RsC1DXnqMV-rfSv3htTFhW5MmMDS3gRWXbW2sY_NK5kyV4vW3kbWtJ6RD5lcVyVzqJ4J55yVW74kgrl3llFmNVX9Nd97NSGWvW6sd-fj67C1myW6ZdBXB3S6l20W8k96Wl8rC476W1-L0lL3xMDz9W5g5p6B6PVT-5W596HCr8Xq1s7W3b-0H_6lfDjtN8RDBfN6r94JW4NWwwb7s49WgW8zYRhf7hNjGB24L1\" target=\"_blank\" rel=\"noopener\" data-saferedirecturl=\"https:\/\/www.google.com\/url?q=https:\/\/info.cargo-montreal.ca\/e3t\/Ctc\/ZU%2B113\/d11nbd04\/VVpDBG1BlyxgN38_h8MQrq1GVQq1454SrKSZN4bXfKS3lLCyV1-WJV7CgQkHVJzhg-779_jLW7CWgtB4BB8sVW1JtcwT2Hr_gKW5XKKTv6LmVyxW8qZL-w1722LTW1HGzQW4xK_cnW5qCWJ08W42bgW6zn_2V8d-J-zN7WDWZfkR2DRN6nRhxScMPVBW2w3LPH3QvFCDW65RgsP7JtrtfW3p5RsC1DXnqMV-rfSv3htTFhW5MmMDS3gRWXbW2sY_NK5kyV4vW3kbWtJ6RD5lcVyVzqJ4J55yVW74kgrl3llFmNVX9Nd97NSGWvW6sd-fj67C1myW6ZdBXB3S6l20W8k96Wl8rC476W1-L0lL3xMDz9W5g5p6B6PVT-5W596HCr8Xq1s7W3b-0H_6lfDjtN8RDBfN6r94JW4NWwwb7s49WgW8zYRhf7hNjGB24L1&amp;source=gmail&amp;ust=1668694839226000&amp;usg=AOvVaw1dw5b2r_81RKfBJLQq_-R9\">\u00a0et planification de la production<\/a>.<\/p>\r\n<p align=\"justify\">Pour conna\u00eetre la liste compl\u00e8te des membres de CargoM,\u00a0<a href=\"https:\/\/info.cargo-montreal.ca\/e3t\/Ctc\/ZU+113\/d11nbd04\/VVpDBG1BlyxgN38_h8MQrq1GVQq1454SrKSZN4bXfJG3lLBmV1-WJV7CgDxfW5ZbPXT6BXFWWW2-4Ghs5-T0X6W7QYTGb4RVkZbW3GjL9j2kJbHlW76S68H9dZqZhN1Q_l19psZ5YW2f_tcB3_6H-MVx9ctG8xrpFvW1S8PzR1mfc2mW20GJj43qP4hpW4Nh1kn5J49WpW6hMGLY4sHGjDW54bm6c1-H_WgW2-LYHp6pD5bZW6ygSXJ1ScL9qW4lD0L72d0HvzW6-bczw98-mhsN237y0FD1DFWW8TJ7-G6S7D3tW8TWrbm83CR9cW2grn_699Kg-_W3pNFnX3NVw8m33PP1\" target=\"_blank\" rel=\"noopener\" data-saferedirecturl=\"https:\/\/www.google.com\/url?q=https:\/\/info.cargo-montreal.ca\/e3t\/Ctc\/ZU%2B113\/d11nbd04\/VVpDBG1BlyxgN38_h8MQrq1GVQq1454SrKSZN4bXfJG3lLBmV1-WJV7CgDxfW5ZbPXT6BXFWWW2-4Ghs5-T0X6W7QYTGb4RVkZbW3GjL9j2kJbHlW76S68H9dZqZhN1Q_l19psZ5YW2f_tcB3_6H-MVx9ctG8xrpFvW1S8PzR1mfc2mW20GJj43qP4hpW4Nh1kn5J49WpW6hMGLY4sHGjDW54bm6c1-H_WgW2-LYHp6pD5bZW6ygSXJ1ScL9qW4lD0L72d0HvzW6-bczw98-mhsN237y0FD1DFWW8TJ7-G6S7D3tW8TWrbm83CR9cW2grn_699Kg-_W3pNFnX3NVw8m33PP1&amp;source=gmail&amp;ust=1668694839226000&amp;usg=AOvVaw2aSn5erimZPguBxwBYMklP\">consultez notre site Internet<\/a>.<\/p>","protected":false},"excerpt":{"rendered":"Nous souhaitons la bienvenue \u00e0 deux nouveaux membres qui viennent tout juste de se joindre \u00e0 la Grappe. Tout d\u2019abord\u00a0Logistics in Wallonia, p\u00f4le de comp\u00e9titivit\u00e9 belge, qui contribue \u00e0 la mise en place et \u00e0 l\u2019op\u00e9rationnalisation d\u2019une strat\u00e9gie de transport de logistique et de mobilit\u00e9 durables. Le fer de lance de Logistics in Wallonia est [&hellip;]","protected":false},"author":39,"featured_media":14067,"comment_status":"closed","ping_status":"closed","sticky":false,"template":"","format":"standard","meta":{"_acf_changed":false,"footnotes":""},"categories":[20],"tags":[],"class_list":["post-14020","post","type-post","status-publish","format-standard","has-post-thumbnail","hentry","category-services-logistiques"],"acf":[],"yoast_head":"<!-- This site is optimized with the Yoast SEO plugin v27.3 - https:\/\/yoast.com\/product\/yoast-seo-wordpress\/ -->\n<title>Nouveaux membres - CargoM<\/title>\n<meta name=\"robots\" content=\"index, follow, max-snippet:-1, max-image-preview:large, max-video-preview:-1\" \/>\n<link rel=\"canonical\" href=\"https:\/\/www.cargo-montreal.ca\/fr\/nouveaux-membres\/\" \/>\n<meta property=\"og:locale\" content=\"fr_FR\" \/>\n<meta property=\"og:type\" content=\"article\" \/>\n<meta property=\"og:title\" content=\"Nouveaux membres - CargoM\" \/>\n<meta property=\"og:description\" content=\"Nous souhaitons la bienvenue \u00e0 deux nouveaux membres qui viennent tout juste de se joindre \u00e0 la Grappe. Tout d\u2019abord\u00a0Logistics in Wallonia, p\u00f4le de comp\u00e9titivit\u00e9 belge, qui contribue \u00e0 la mise en place et \u00e0 l\u2019op\u00e9rationnalisation d\u2019une strat\u00e9gie de transport de logistique et de mobilit\u00e9 durables. Le fer de lance de Logistics in Wallonia est [&hellip;]\" \/>\n<meta property=\"og:url\" content=\"https:\/\/www.cargo-montreal.ca\/fr\/nouveaux-membres\/\" \/>\n<meta property=\"og:site_name\" content=\"CargoM\" \/>\n<meta property=\"article:published_time\" content=\"2022-11-16T15:14:29+00:00\" \/>\n<meta property=\"article:modified_time\" content=\"2022-11-16T16:08:36+00:00\" \/>\n<meta property=\"og:image\" content=\"https:\/\/www.cargo-montreal.ca\/wp-content\/uploads\/2022\/11\/logos-membres-1.jpg\" \/>\n\t<meta property=\"og:image:width\" content=\"483\" \/>\n\t<meta property=\"og:image:height\" content=\"211\" \/>\n\t<meta property=\"og:image:type\" content=\"image\/jpeg\" \/>\n<meta name=\"author\" content=\"Karine Dudognon\" \/>\n<meta name=\"twitter:card\" content=\"summary_large_image\" \/>\n<meta name=\"twitter:label1\" content=\"\u00c9crit par\" \/>\n\t<meta name=\"twitter:data1\" content=\"Karine Dudognon\" \/>\n\t<meta name=\"twitter:label2\" content=\"Dur\u00e9e de lecture estim\u00e9e\" \/>\n\t<meta name=\"twitter:data2\" content=\"1 minute\" \/>\n<script type=\"application\/ld+json\" class=\"yoast-schema-graph\">{\"@context\":\"https:\\\/\\\/schema.org\",\"@graph\":[{\"@type\":\"Article\",\"@id\":\"https:\\\/\\\/www.cargo-montreal.ca\\\/fr\\\/nouveaux-membres\\\/#article\",\"isPartOf\":{\"@id\":\"https:\\\/\\\/www.cargo-montreal.ca\\\/fr\\\/nouveaux-membres\\\/\"},\"author\":{\"name\":\"Karine Dudognon\",\"@id\":\"https:\\\/\\\/www.cargo-montreal.ca\\\/fr\\\/#\\\/schema\\\/person\\\/80476d173ce654813db9fd1533901365\"},\"headline\":\"Nouveaux membres\",\"datePublished\":\"2022-11-16T15:14:29+00:00\",\"dateModified\":\"2022-11-16T16:08:36+00:00\",\"mainEntityOfPage\":{\"@id\":\"https:\\\/\\\/www.cargo-montreal.ca\\\/fr\\\/nouveaux-membres\\\/\"},\"wordCount\":170,\"image\":{\"@id\":\"https:\\\/\\\/www.cargo-montreal.ca\\\/fr\\\/nouveaux-membres\\\/#primaryimage\"},\"thumbnailUrl\":\"https:\\\/\\\/www.cargo-montreal.ca\\\/wp-content\\\/uploads\\\/2022\\\/11\\\/logos-membres-1.jpg\",\"articleSection\":[\"Services logistiques\"],\"inLanguage\":\"fr-FR\"},{\"@type\":\"WebPage\",\"@id\":\"https:\\\/\\\/www.cargo-montreal.ca\\\/fr\\\/nouveaux-membres\\\/\",\"url\":\"https:\\\/\\\/www.cargo-montreal.ca\\\/fr\\\/nouveaux-membres\\\/\",\"name\":\"Nouveaux membres - CargoM\",\"isPartOf\":{\"@id\":\"https:\\\/\\\/www.cargo-montreal.ca\\\/fr\\\/#website\"},\"primaryImageOfPage\":{\"@id\":\"https:\\\/\\\/www.cargo-montreal.ca\\\/fr\\\/nouveaux-membres\\\/#primaryimage\"},\"image\":{\"@id\":\"https:\\\/\\\/www.cargo-montreal.ca\\\/fr\\\/nouveaux-membres\\\/#primaryimage\"},\"thumbnailUrl\":\"https:\\\/\\\/www.cargo-montreal.ca\\\/wp-content\\\/uploads\\\/2022\\\/11\\\/logos-membres-1.jpg\",\"datePublished\":\"2022-11-16T15:14:29+00:00\",\"dateModified\":\"2022-11-16T16:08:36+00:00\",\"author\":{\"@id\":\"https:\\\/\\\/www.cargo-montreal.ca\\\/fr\\\/#\\\/schema\\\/person\\\/80476d173ce654813db9fd1533901365\"},\"breadcrumb\":{\"@id\":\"https:\\\/\\\/www.cargo-montreal.ca\\\/fr\\\/nouveaux-membres\\\/#breadcrumb\"},\"inLanguage\":\"fr-FR\",\"potentialAction\":[{\"@type\":\"ReadAction\",\"target\":[\"https:\\\/\\\/www.cargo-montreal.ca\\\/fr\\\/nouveaux-membres\\\/\"]}]},{\"@type\":\"ImageObject\",\"inLanguage\":\"fr-FR\",\"@id\":\"https:\\\/\\\/www.cargo-montreal.ca\\\/fr\\\/nouveaux-membres\\\/#primaryimage\",\"url\":\"https:\\\/\\\/www.cargo-montreal.ca\\\/wp-content\\\/uploads\\\/2022\\\/11\\\/logos-membres-1.jpg\",\"contentUrl\":\"https:\\\/\\\/www.cargo-montreal.ca\\\/wp-content\\\/uploads\\\/2022\\\/11\\\/logos-membres-1.jpg\",\"width\":483,\"height\":211},{\"@type\":\"BreadcrumbList\",\"@id\":\"https:\\\/\\\/www.cargo-montreal.ca\\\/fr\\\/nouveaux-membres\\\/#breadcrumb\",\"itemListElement\":[{\"@type\":\"ListItem\",\"position\":1,\"name\":\"Home\",\"item\":\"https:\\\/\\\/www.cargo-montreal.ca\\\/fr\\\/\"},{\"@type\":\"ListItem\",\"position\":2,\"name\":\"Nouveaux membres\"}]},{\"@type\":\"WebSite\",\"@id\":\"https:\\\/\\\/www.cargo-montreal.ca\\\/fr\\\/#website\",\"url\":\"https:\\\/\\\/www.cargo-montreal.ca\\\/fr\\\/\",\"name\":\"CargoM\",\"description\":\"La mission de CargoM: Rassembler les acteurs de la logistique &amp; du transport de marchandises du Grand Montr\u00e9al autour d&#039;objectifs communs, d&#039;actions concert\u00e9es\",\"potentialAction\":[{\"@type\":\"SearchAction\",\"target\":{\"@type\":\"EntryPoint\",\"urlTemplate\":\"https:\\\/\\\/www.cargo-montreal.ca\\\/fr\\\/?s={search_term_string}\"},\"query-input\":{\"@type\":\"PropertyValueSpecification\",\"valueRequired\":true,\"valueName\":\"search_term_string\"}}],\"inLanguage\":\"fr-FR\"},{\"@type\":\"Person\",\"@id\":\"https:\\\/\\\/www.cargo-montreal.ca\\\/fr\\\/#\\\/schema\\\/person\\\/80476d173ce654813db9fd1533901365\",\"name\":\"Karine Dudognon\",\"image\":{\"@type\":\"ImageObject\",\"inLanguage\":\"fr-FR\",\"@id\":\"https:\\\/\\\/secure.gravatar.com\\\/avatar\\\/673bdfb703a9b6685a88bc7dfb04a9ea2b48b30e9d1663a5e759a4e9bfa3e2c0?s=96&d=mm&r=g\",\"url\":\"https:\\\/\\\/secure.gravatar.com\\\/avatar\\\/673bdfb703a9b6685a88bc7dfb04a9ea2b48b30e9d1663a5e759a4e9bfa3e2c0?s=96&d=mm&r=g\",\"contentUrl\":\"https:\\\/\\\/secure.gravatar.com\\\/avatar\\\/673bdfb703a9b6685a88bc7dfb04a9ea2b48b30e9d1663a5e759a4e9bfa3e2c0?s=96&d=mm&r=g\",\"caption\":\"Karine Dudognon\"},\"url\":\"https:\\\/\\\/www.cargo-montreal.ca\\\/fr\\\/author\\\/karine\\\/\"}]}<\/script>\n<!-- \/ Yoast SEO plugin. -->","yoast_head_json":{"title":"Nouveaux membres - CargoM","robots":{"index":"index","follow":"follow","max-snippet":"max-snippet:-1","max-image-preview":"max-image-preview:large","max-video-preview":"max-video-preview:-1"},"canonical":"https:\/\/www.cargo-montreal.ca\/fr\/nouveaux-membres\/","og_locale":"fr_FR","og_type":"article","og_title":"Nouveaux membres - CargoM","og_description":"Nous souhaitons la bienvenue \u00e0 deux nouveaux membres qui viennent tout juste de se joindre \u00e0 la Grappe. Tout d\u2019abord\u00a0Logistics in Wallonia, p\u00f4le de comp\u00e9titivit\u00e9 belge, qui contribue \u00e0 la mise en place et \u00e0 l\u2019op\u00e9rationnalisation d\u2019une strat\u00e9gie de transport de logistique et de mobilit\u00e9 durables. Le fer de lance de Logistics in Wallonia est [&hellip;]","og_url":"https:\/\/www.cargo-montreal.ca\/fr\/nouveaux-membres\/","og_site_name":"CargoM","article_published_time":"2022-11-16T15:14:29+00:00","article_modified_time":"2022-11-16T16:08:36+00:00","og_image":[{"width":483,"height":211,"url":"https:\/\/www.cargo-montreal.ca\/wp-content\/uploads\/2022\/11\/logos-membres-1.jpg","type":"image\/jpeg"}],"author":"Karine Dudognon","twitter_card":"summary_large_image","twitter_misc":{"\u00c9crit par":"Karine Dudognon","Dur\u00e9e de lecture estim\u00e9e":"1 minute"},"schema":{"@context":"https:\/\/schema.org","@graph":[{"@type":"Article","@id":"https:\/\/www.cargo-montreal.ca\/fr\/nouveaux-membres\/#article","isPartOf":{"@id":"https:\/\/www.cargo-montreal.ca\/fr\/nouveaux-membres\/"},"author":{"name":"Karine Dudognon","@id":"https:\/\/www.cargo-montreal.ca\/fr\/#\/schema\/person\/80476d173ce654813db9fd1533901365"},"headline":"Nouveaux membres","datePublished":"2022-11-16T15:14:29+00:00","dateModified":"2022-11-16T16:08:36+00:00","mainEntityOfPage":{"@id":"https:\/\/www.cargo-montreal.ca\/fr\/nouveaux-membres\/"},"wordCount":170,"image":{"@id":"https:\/\/www.cargo-montreal.ca\/fr\/nouveaux-membres\/#primaryimage"},"thumbnailUrl":"https:\/\/www.cargo-montreal.ca\/wp-content\/uploads\/2022\/11\/logos-membres-1.jpg","articleSection":["Services logistiques"],"inLanguage":"fr-FR"},{"@type":"WebPage","@id":"https:\/\/www.cargo-montreal.ca\/fr\/nouveaux-membres\/","url":"https:\/\/www.cargo-montreal.ca\/fr\/nouveaux-membres\/","name":"Nouveaux membres - CargoM","isPartOf":{"@id":"https:\/\/www.cargo-montreal.ca\/fr\/#website"},"primaryImageOfPage":{"@id":"https:\/\/www.cargo-montreal.ca\/fr\/nouveaux-membres\/#primaryimage"},"image":{"@id":"https:\/\/www.cargo-montreal.ca\/fr\/nouveaux-membres\/#primaryimage"},"thumbnailUrl":"https:\/\/www.cargo-montreal.ca\/wp-content\/uploads\/2022\/11\/logos-membres-1.jpg","datePublished":"2022-11-16T15:14:29+00:00","dateModified":"2022-11-16T16:08:36+00:00","author":{"@id":"https:\/\/www.cargo-montreal.ca\/fr\/#\/schema\/person\/80476d173ce654813db9fd1533901365"},"breadcrumb":{"@id":"https:\/\/www.cargo-montreal.ca\/fr\/nouveaux-membres\/#breadcrumb"},"inLanguage":"fr-FR","potentialAction":[{"@type":"ReadAction","target":["https:\/\/www.cargo-montreal.ca\/fr\/nouveaux-membres\/"]}]},{"@type":"ImageObject","inLanguage":"fr-FR","@id":"https:\/\/www.cargo-montreal.ca\/fr\/nouveaux-membres\/#primaryimage","url":"https:\/\/www.cargo-montreal.ca\/wp-content\/uploads\/2022\/11\/logos-membres-1.jpg","contentUrl":"https:\/\/www.cargo-montreal.ca\/wp-content\/uploads\/2022\/11\/logos-membres-1.jpg","width":483,"height":211},{"@type":"BreadcrumbList","@id":"https:\/\/www.cargo-montreal.ca\/fr\/nouveaux-membres\/#breadcrumb","itemListElement":[{"@type":"ListItem","position":1,"name":"Home","item":"https:\/\/www.cargo-montreal.ca\/fr\/"},{"@type":"ListItem","position":2,"name":"Nouveaux membres"}]},{"@type":"WebSite","@id":"https:\/\/www.cargo-montreal.ca\/fr\/#website","url":"https:\/\/www.cargo-montreal.ca\/fr\/","name":"CargoM","description":"La mission de CargoM: Rassembler les acteurs de la logistique &amp; du transport de marchandises du Grand Montr\u00e9al autour d&#039;objectifs communs, d&#039;actions concert\u00e9es","potentialAction":[{"@type":"SearchAction","target":{"@type":"EntryPoint","urlTemplate":"https:\/\/www.cargo-montreal.ca\/fr\/?s={search_term_string}"},"query-input":{"@type":"PropertyValueSpecification","valueRequired":true,"valueName":"search_term_string"}}],"inLanguage":"fr-FR"},{"@type":"Person","@id":"https:\/\/www.cargo-montreal.ca\/fr\/#\/schema\/person\/80476d173ce654813db9fd1533901365","name":"Karine Dudognon","image":{"@type":"ImageObject","inLanguage":"fr-FR","@id":"https:\/\/secure.gravatar.com\/avatar\/673bdfb703a9b6685a88bc7dfb04a9ea2b48b30e9d1663a5e759a4e9bfa3e2c0?s=96&d=mm&r=g","url":"https:\/\/secure.gravatar.com\/avatar\/673bdfb703a9b6685a88bc7dfb04a9ea2b48b30e9d1663a5e759a4e9bfa3e2c0?s=96&d=mm&r=g","contentUrl":"https:\/\/secure.gravatar.com\/avatar\/673bdfb703a9b6685a88bc7dfb04a9ea2b48b30e9d1663a5e759a4e9bfa3e2c0?s=96&d=mm&r=g","caption":"Karine Dudognon"},"url":"https:\/\/www.cargo-montreal.ca\/fr\/author\/karine\/"}]}},"_links":{"self":[{"href":"https:\/\/www.cargo-montreal.ca\/fr\/wp-json\/wp\/v2\/posts\/14020","targetHints":{"allow":["GET"]}}],"collection":[{"href":"https:\/\/www.cargo-montreal.ca\/fr\/wp-json\/wp\/v2\/posts"}],"about":[{"href":"https:\/\/www.cargo-montreal.ca\/fr\/wp-json\/wp\/v2\/types\/post"}],"author":[{"embeddable":true,"href":"https:\/\/www.cargo-montreal.ca\/fr\/wp-json\/wp\/v2\/users\/39"}],"replies":[{"embeddable":true,"href":"https:\/\/www.cargo-montreal.ca\/fr\/wp-json\/wp\/v2\/comments?post=14020"}],"version-history":[{"count":6,"href":"https:\/\/www.cargo-montreal.ca\/fr\/wp-json\/wp\/v2\/posts\/14020\/revisions"}],"predecessor-version":[{"id":14069,"href":"https:\/\/www.cargo-montreal.ca\/fr\/wp-json\/wp\/v2\/posts\/14020\/revisions\/14069"}],"wp:featuredmedia":[{"embeddable":true,"href":"https:\/\/www.cargo-montreal.ca\/fr\/wp-json\/wp\/v2\/media\/14067"}],"wp:attachment":[{"href":"https:\/\/www.cargo-montreal.ca\/fr\/wp-json\/wp\/v2\/media?parent=14020"}],"wp:term":[{"taxonomy":"category","embeddable":true,"href":"https:\/\/www.cargo-montreal.ca\/fr\/wp-json\/wp\/v2\/categories?post=14020"},{"taxonomy":"post_tag","embeddable":true,"href":"https:\/\/www.cargo-montreal.ca\/fr\/wp-json\/wp\/v2\/tags?post=14020"}],"curies":[{"name":"wp","href":"https:\/\/api.w.org\/{rel}","templated":true}]}}