{"id":14049,"date":"2022-11-16T15:39:40","date_gmt":"2022-11-16T15:39:40","guid":{"rendered":"https:\/\/www.cargo-montreal.ca\/?p=14049"},"modified":"2022-11-16T16:11:30","modified_gmt":"2022-11-16T16:11:30","slug":"cegep-andre-laurendeau-5","status":"publish","type":"post","link":"https:\/\/www.cargo-montreal.ca\/fr\/cegep-andre-laurendeau-5\/","title":{"rendered":"Formation : C\u00e9gep Andr\u00e9-Laurendeau"},"content":{"rendered":"<strong>Formations<\/strong>\r\n\r\n7 d\u00e9cembre 2022\u00a0\u2013\u00a0<a href=\"https:\/\/info.cargo-montreal.ca\/e3t\/Ctc\/ZU+113\/d11nbd04\/VVpDBG1BlyxgN38_h8MQrq1GVQq1454SrKSZN4bXfHN5kh3GV3Zsc37CgTDQW76G5-57F3w8NW5VCLxF7kLfbpW2-83LY95ygHZW2h4HHg6lh5R2W7yBwQz5SZ8wSW6v0W5p8WXk8GW8yNFgL20NqrJW2G8QWS1sJDLxW1dmSLn1QlglZW14wSWH4qrBtvN3x92hzF1D5bVy1T1Z6TpG06W3KjzWp4zMwCyW1r-rmZ2qNHJCW5Z3kKl2GvDX5W2KFzMV6crqd1N4j32LK3SNtkW6dXCqB17j9Z4W3RbMKZ6gtzSqN4Ll8pyQJZKkW8vNL_F3n1pwhW4lS3Xj5tpzG4W4Xb5Xp5sgkK-W3_-HSC3HVjKcW14Xtw82dfc73W1vXwN848yL2lW6gHGVy1zb3JFW1hWqhR3_VkxmW8nS_tx5vNR5SW2b7NhF3Z3LMWW7fYfy646BLHDW2Z_0K11z645_341L1\" target=\"_blank\" rel=\"noopener\" data-saferedirecturl=\"https:\/\/www.google.com\/url?hl=fr-CA&amp;q=https:\/\/info.cargo-montreal.ca\/e3t\/Ctc\/ZU%2B113\/d11nbd04\/VVpDBG1BlyxgN38_h8MQrq1GVQq1454SrKSZN4bXfHN5kh3GV3Zsc37CgTDQW76G5-57F3w8NW5VCLxF7kLfbpW2-83LY95ygHZW2h4HHg6lh5R2W7yBwQz5SZ8wSW6v0W5p8WXk8GW8yNFgL20NqrJW2G8QWS1sJDLxW1dmSLn1QlglZW14wSWH4qrBtvN3x92hzF1D5bVy1T1Z6TpG06W3KjzWp4zMwCyW1r-rmZ2qNHJCW5Z3kKl2GvDX5W2KFzMV6crqd1N4j32LK3SNtkW6dXCqB17j9Z4W3RbMKZ6gtzSqN4Ll8pyQJZKkW8vNL_F3n1pwhW4lS3Xj5tpzG4W4Xb5Xp5sgkK-W3_-HSC3HVjKcW14Xtw82dfc73W1vXwN848yL2lW6gHGVy1zb3JFW1hWqhR3_VkxmW8nS_tx5vNR5SW2b7NhF3Z3LMWW7fYfy646BLHDW2Z_0K11z645_341L1&amp;source=gmail&amp;ust=1668698771769000&amp;usg=AOvVaw0u9n33tg4MPEqIlaov3FTb\">Les essentiels de la gestion de projet<strong>\u00a0<\/strong><\/a><strong>\u00a0<\/strong>(Offre de lancement : 50 $ de r\u00e9duction \u00e0 partir de la deuxi\u00e8me inscription)\r\n\r\n\u00c0 partir du 6 f\u00e9vrier 2023\u00a0\u2013\u00a0<a href=\"https:\/\/info.cargo-montreal.ca\/e3t\/Ctc\/ZU+113\/d11nbd04\/VVpDBG1BlyxgN38_h8MQrq1GVQq1454SrKSZN4bXfKS3lLCyV1-WJV7CgRL8W4HKsbx8p53_hW6sr_Ss1gyJh0W8phRZ93y91gDW5n5dlj3yTCQGW8Wp7FF8pcKLhW3XDppT78_BWrW8_WJ4x8sHcp-W2Bj4S891S016W4XXqtD6sSsqnW7D8bvt27R_s3W2RDWpC2YbDvYW5tT42n4-R26PN1qx9HL3Kh5SN35F5r1d4YJ2W6m3cf52dJ5CQW20Tlmz8G_r2jW5JJ-5B5C2zv4W3xxnXM7Rc2tsV4k6pY7vr6mTVxZ8b14qjG-CW2qHRcS3MyLq6W1HC0Sy7VrKcfVD1Dj34pWTFrW8dShXz6bwjzPW3MBQ357KyH31W37rjV98dqYQsW5L4g1r4c65ltW87_BtS5DMxVRW90rrQn5ClcQNW3vHnty2rFWj73b-b1\" target=\"_blank\" rel=\"noopener\" data-saferedirecturl=\"https:\/\/www.google.com\/url?hl=fr-CA&amp;q=https:\/\/info.cargo-montreal.ca\/e3t\/Ctc\/ZU%2B113\/d11nbd04\/VVpDBG1BlyxgN38_h8MQrq1GVQq1454SrKSZN4bXfKS3lLCyV1-WJV7CgRL8W4HKsbx8p53_hW6sr_Ss1gyJh0W8phRZ93y91gDW5n5dlj3yTCQGW8Wp7FF8pcKLhW3XDppT78_BWrW8_WJ4x8sHcp-W2Bj4S891S016W4XXqtD6sSsqnW7D8bvt27R_s3W2RDWpC2YbDvYW5tT42n4-R26PN1qx9HL3Kh5SN35F5r1d4YJ2W6m3cf52dJ5CQW20Tlmz8G_r2jW5JJ-5B5C2zv4W3xxnXM7Rc2tsV4k6pY7vr6mTVxZ8b14qjG-CW2qHRcS3MyLq6W1HC0Sy7VrKcfVD1Dj34pWTFrW8dShXz6bwjzPW3MBQ357KyH31W37rjV98dqYQsW5L4g1r4c65ltW87_BtS5DMxVRW90rrQn5ClcQNW3vHnty2rFWj73b-b1&amp;source=gmail&amp;ust=1668698771769000&amp;usg=AOvVaw1A9aKOtJKudDS8mtSLPXrn\">AEC Gestion des approvisionnements dans le secteur public qu\u00e9b\u00e9cois<\/a>\r\n\r\n\u00c0 partir du 1er mai 2023 \u2013\u00a0<a href=\"https:\/\/info.cargo-montreal.ca\/e3t\/Ctc\/ZU+113\/d11nbd04\/VVpDBG1BlyxgN38_h8MQrq1GVQq1454SrKSZN4bXfKf3lLBZV1-WJV7CgZn4W3PQsJN4g8gglW61n_fn5s3YfXW5nbtSm8ZTVdfW8mJWy43P7NNFW7TJh686k7wdSVjCDYz5SJq9pN61qlpPLwJrRW2fgSGD5g-K8mW1NFG8G8d41NyN193vNrxg5RLW5TthGv8MB5mhW40xWxS90h3n2W1NfpFf1jPzMsW5xq8Q-1qb-NmW6t7XRZ6mS1hQW7c2_ZX2HxG7ZW2YJ_XJ780W2bVr73Hs3TZdk7W7pCxhG85Fl2GW718wDg5Jx0t2W942Jwb2WJ4k5W6psKnw8NqwmMN2dZvw7Vyhf6W37KfMJ60nM4GW68Mb8S7DJlq1W83DwVj6NMr673bWd1\" target=\"_blank\" rel=\"noopener\" data-saferedirecturl=\"https:\/\/www.google.com\/url?hl=fr-CA&amp;q=https:\/\/info.cargo-montreal.ca\/e3t\/Ctc\/ZU%2B113\/d11nbd04\/VVpDBG1BlyxgN38_h8MQrq1GVQq1454SrKSZN4bXfKf3lLBZV1-WJV7CgZn4W3PQsJN4g8gglW61n_fn5s3YfXW5nbtSm8ZTVdfW8mJWy43P7NNFW7TJh686k7wdSVjCDYz5SJq9pN61qlpPLwJrRW2fgSGD5g-K8mW1NFG8G8d41NyN193vNrxg5RLW5TthGv8MB5mhW40xWxS90h3n2W1NfpFf1jPzMsW5xq8Q-1qb-NmW6t7XRZ6mS1hQW7c2_ZX2HxG7ZW2YJ_XJ780W2bVr73Hs3TZdk7W7pCxhG85Fl2GW718wDg5Jx0t2W942Jwb2WJ4k5W6psKnw8NqwmMN2dZvw7Vyhf6W37KfMJ60nM4GW68Mb8S7DJlq1W83DwVj6NMr673bWd1&amp;source=gmail&amp;ust=1668698771769000&amp;usg=AOvVaw1zQt15K1H8saD2nTcEe2cM\">AEC Logistique du transport<\/a>\r\n\r\n<strong>En continu &#8211; Reconnaissance des acquis et des comp\u00e9tences (RAC)<\/strong>\r\n\r\n<a href=\"https:\/\/info.cargo-montreal.ca\/e3t\/Ctc\/ZU+113\/d11nbd04\/VVpDBG1BlyxgN38_h8MQrq1GVQq1454SrKSZN4bXfKf3lLBZV1-WJV7CgKztW7tNT718B-PlwW6B-n6x2pWF7zW46jQbd8pfXY_W5yssbw7bQbCpW7Qxt0l2tlmWPW1cvwHW30Jrp1W2jMJ793qTDbMW6w-Ln91Y0Xp1W2dn3VN6Dz78sW8cM_Kx28ZW5ZMH056zHGP43W1YvB-w6k13VhVtSNhG7LS2G2W3FMMsx42SNBtV4xqF_5KpbfgW8JFNqs3_r8LWW49P8_C6TfGctW5mLMTQ1nndWbVLVsLc1Jhw4BVqZYJy43KR89W7lhXgW2k1p_hW10w97n8GSNYNW1BmNdj3Xs3qcN8FVFG8SNZ49W8KJj-n2fMsrZW76F3K150dbd53c2p1\" target=\"_blank\" rel=\"noopener\" data-saferedirecturl=\"https:\/\/www.google.com\/url?hl=fr-CA&amp;q=https:\/\/info.cargo-montreal.ca\/e3t\/Ctc\/ZU%2B113\/d11nbd04\/VVpDBG1BlyxgN38_h8MQrq1GVQq1454SrKSZN4bXfKf3lLBZV1-WJV7CgKztW7tNT718B-PlwW6B-n6x2pWF7zW46jQbd8pfXY_W5yssbw7bQbCpW7Qxt0l2tlmWPW1cvwHW30Jrp1W2jMJ793qTDbMW6w-Ln91Y0Xp1W2dn3VN6Dz78sW8cM_Kx28ZW5ZMH056zHGP43W1YvB-w6k13VhVtSNhG7LS2G2W3FMMsx42SNBtV4xqF_5KpbfgW8JFNqs3_r8LWW49P8_C6TfGctW5mLMTQ1nndWbVLVsLc1Jhw4BVqZYJy43KR89W7lhXgW2k1p_hW10w97n8GSNYNW1BmNdj3Xs3qcN8FVFG8SNZ49W8KJj-n2fMsrZW76F3K150dbd53c2p1&amp;source=gmail&amp;ust=1668698771769000&amp;usg=AOvVaw3EV-IesKOkXZQOGUWK81ZP\">Logistique du transport<\/a>\r\n\r\n<a href=\"https:\/\/info.cargo-montreal.ca\/e3t\/Ctc\/ZU+113\/d11nbd04\/VVpDBG1BlyxgN38_h8MQrq1GVQq1454SrKSZN4bXfHN5kh3GV3Zsc37CgXtsW2yQ66C7BFb22W7Hh0g68LhRHQW4Ppk4_9hm_CFN13RNW5YYhPzW3rJxYj68WskkW84zNxz8FdqcLW95X1jT7b-hjvW5lVgkf4BHWX5W4nP1Fw6JqRWWW7RRZ2-4lBhbhW5C8v1942XXdGW43Tgbg7rRrW0W8Z8Fsg2BDrMXW1VQDLJ871VL9W7j47hp4qJPdWW4r4ywm2glY6jW7NBhWl6GnchKW37yQzd3nWH6BW6nKXwB3nGTpbW6CM7Qc7MfdcDW8hpMZ32HZdbFW3lk7lC2tYdd_W1Fz4Hv4Q1l5JN8jhhNtKBbwZW5cSyY260K4BfV_gWdP4hSX44W60gh_G36gh7YW5H3Cn36MxC6gW8PcLNw2K1MWHW6KVQFr2VX3B5W7BgK-b3CxDskV4_96l5wBByz34w91\" target=\"_blank\" rel=\"noopener\" data-saferedirecturl=\"https:\/\/www.google.com\/url?hl=fr-CA&amp;q=https:\/\/info.cargo-montreal.ca\/e3t\/Ctc\/ZU%2B113\/d11nbd04\/VVpDBG1BlyxgN38_h8MQrq1GVQq1454SrKSZN4bXfHN5kh3GV3Zsc37CgXtsW2yQ66C7BFb22W7Hh0g68LhRHQW4Ppk4_9hm_CFN13RNW5YYhPzW3rJxYj68WskkW84zNxz8FdqcLW95X1jT7b-hjvW5lVgkf4BHWX5W4nP1Fw6JqRWWW7RRZ2-4lBhbhW5C8v1942XXdGW43Tgbg7rRrW0W8Z8Fsg2BDrMXW1VQDLJ871VL9W7j47hp4qJPdWW4r4ywm2glY6jW7NBhWl6GnchKW37yQzd3nWH6BW6nKXwB3nGTpbW6CM7Qc7MfdcDW8hpMZ32HZdbFW3lk7lC2tYdd_W1Fz4Hv4Q1l5JN8jhhNtKBbwZW5cSyY260K4BfV_gWdP4hSX44W60gh_G36gh7YW5H3Cn36MxC6gW8PcLNw2K1MWHW6KVQFr2VX3B5W7BgK-b3CxDskV4_96l5wBByz34w91&amp;source=gmail&amp;ust=1668698771769000&amp;usg=AOvVaw2ghr10TcsBjqiGExoroz04\">Gestion des approvisionnements dans le secteur public qu\u00e9b\u00e9cois<\/a>\r\n\r\n<a href=\"https:\/\/info.cargo-montreal.ca\/e3t\/Ctc\/ZU+113\/d11nbd04\/VVpDBG1BlyxgN38_h8MQrq1GVQq1454SrKSZN4bXfKS3lLCyV1-WJV7CgTh1W6XYlpv8M001jW62sW6l5BNX56W3l9x0B657QF7VYpxWV5lTyRWN4_sbcVVp_RDW71cdrJ7FWJwtW5CMY6K7Z6xqVN4nqYd1TmG8NW2SJW-c19vfXHW73wc2k9kyGhWW3sKX0b59m1cxW6XqbCw5MKBgnW3TngMl6Lx30dW20Ccy35zB09kM6G8kfdCPknW1cMtSG1j8m0DW4KMNkn4rR9nYW6dLpM_33YQPwW5sGPwT83yvWCW29mFNv6pB9gwW5dYTlq57qm_HW6mFJS26hyP0zW6B9r9J1DjzTBW2dn7215QqwBWW39cctt4glmb4W5snRBB35sWnsN6yWxtSKXJblVkTx534nGmgSW2yMLgp7G0TyvN5dqnnRZBCTY3bKP1\" target=\"_blank\" rel=\"noopener\" data-saferedirecturl=\"https:\/\/www.google.com\/url?hl=fr-CA&amp;q=https:\/\/info.cargo-montreal.ca\/e3t\/Ctc\/ZU%2B113\/d11nbd04\/VVpDBG1BlyxgN38_h8MQrq1GVQq1454SrKSZN4bXfKS3lLCyV1-WJV7CgTh1W6XYlpv8M001jW62sW6l5BNX56W3l9x0B657QF7VYpxWV5lTyRWN4_sbcVVp_RDW71cdrJ7FWJwtW5CMY6K7Z6xqVN4nqYd1TmG8NW2SJW-c19vfXHW73wc2k9kyGhWW3sKX0b59m1cxW6XqbCw5MKBgnW3TngMl6Lx30dW20Ccy35zB09kM6G8kfdCPknW1cMtSG1j8m0DW4KMNkn4rR9nYW6dLpM_33YQPwW5sGPwT83yvWCW29mFNv6pB9gwW5dYTlq57qm_HW6mFJS26hyP0zW6B9r9J1DjzTBW2dn7215QqwBWW39cctt4glmb4W5snRBB35sWnsN6yWxtSKXJblVkTx534nGmgSW2yMLgp7G0TyvN5dqnnRZBCTY3bKP1&amp;source=gmail&amp;ust=1668698771769000&amp;usg=AOvVaw3CS72kFqNZ7VZux8hawSU0\">Sp\u00e9cialiste \u00e0 la r\u00e9partition en transport et logistique<\/a>\r\n\r\n<strong>Montez de niveau 2$\/h<\/strong>\r\n\r\n11 f\u00e9vrier au 25 mars 2023\u00a0\u2013\u00a0<a href=\"https:\/\/info.cargo-montreal.ca\/e3t\/Ctc\/ZU+113\/d11nbd04\/VVpDBG1BlyxgN38_h8MQrq1GVQq1454SrKSZN4bXfHN5kh3GV3Zsc37CgQcPW4SyzMQ802mZyW2zHsZ01ZgbMLW52FR_Y1Bmj3LW5ZFxvP5YYJWXW8_QMVC1YLlrkW1RvSz68CRwbXW48wmS72jdDV5W3t3t_-9jM1bHW8R1lHT4T8jgZW1xrr1d8L3WRPW45lMBJ95Ql9XW7hqN5M7PVwfQW87q_lJ1lrd7BW7-8gk94FNHSWW718vj84H4zS0W4VLgJg9d48QPN6LtL26p-kN4W64HPx05tv8gtW4f1Q3w8D21kjW5W44Py2fv7fqW5smF8v7fDVPTW2QNS7c7KtqW6W6mrtDp6TpScTW6gWXZk6x8lCvW24ZmVw8s0K8JW3GxdMJ4CCdy9VcktWH35MT58W13b5s_75ycrbN471yJVC2HpWW1Ctd3f6_J1VcW8lGQN65PNY3tW6XcK8J8S-92s32lv1\" target=\"_blank\" rel=\"noopener\" data-saferedirecturl=\"https:\/\/www.google.com\/url?hl=fr-CA&amp;q=https:\/\/info.cargo-montreal.ca\/e3t\/Ctc\/ZU%2B113\/d11nbd04\/VVpDBG1BlyxgN38_h8MQrq1GVQq1454SrKSZN4bXfHN5kh3GV3Zsc37CgQcPW4SyzMQ802mZyW2zHsZ01ZgbMLW52FR_Y1Bmj3LW5ZFxvP5YYJWXW8_QMVC1YLlrkW1RvSz68CRwbXW48wmS72jdDV5W3t3t_-9jM1bHW8R1lHT4T8jgZW1xrr1d8L3WRPW45lMBJ95Ql9XW7hqN5M7PVwfQW87q_lJ1lrd7BW7-8gk94FNHSWW718vj84H4zS0W4VLgJg9d48QPN6LtL26p-kN4W64HPx05tv8gtW4f1Q3w8D21kjW5W44Py2fv7fqW5smF8v7fDVPTW2QNS7c7KtqW6W6mrtDp6TpScTW6gWXZk6x8lCvW24ZmVw8s0K8JW3GxdMJ4CCdy9VcktWH35MT58W13b5s_75ycrbN471yJVC2HpWW1Ctd3f6_J1VcW8lGQN65PNY3tW6XcK8J8S-92s32lv1&amp;source=gmail&amp;ust=1668698771769000&amp;usg=AOvVaw3jLUzApULToUnmX-13bLsj\">Introduction aux proc\u00e9dures douani\u00e8res canadiennes<\/a>\r\n\r\n<strong>Perfectionnement\u00a0<\/strong>\r\n\r\n7 d\u00e9cembre 2022 \u2013\u00a0<a href=\"https:\/\/info.cargo-montreal.ca\/e3t\/Ctc\/ZU+113\/d11nbd04\/VVpDBG1BlyxgN38_h8MQrq1GVQq1454SrKSZN4bXfHN5kh3GV3Zsc37CgVD7N96HHCR38Ds8W5xdw955gYSk8W3PFtBs73JVVcW21HyCx431FT6W7L9K4034W5WjW6p7n1d2l72_BW6bWr-L1G1X35VrBFv53W8P52W86x-Xj6SK18BN1tFpWppqByBVtWKMJ8hyWlWW6gWtfc5JsJ2RW4c-86-5bvzJ-W4vmK2J4sG-2fN2bxZ0RBmd0MW4CpcPB2ppT9vW4F5vV7862K2xMN83b2Lkkc5W4jRzFY75SmsWW7C7tfN2JP4_KN1vD_MjrrWzNN6YllJDPZK8mW1sxqhX5stGBTW3PX9mZ1kQ9GyW8_bTlm2x_RtvW7H0ZRX9jXMYRW2RvvS27_xBdQW2X4Lcf1Yrgq_W55ltTY1yB3tGVktklC6HZCKFW3_LmGX6mQwTpN4DnzBG78jR1337X1\" target=\"_blank\" rel=\"noopener\" data-saferedirecturl=\"https:\/\/www.google.com\/url?hl=fr-CA&amp;q=https:\/\/info.cargo-montreal.ca\/e3t\/Ctc\/ZU%2B113\/d11nbd04\/VVpDBG1BlyxgN38_h8MQrq1GVQq1454SrKSZN4bXfHN5kh3GV3Zsc37CgVD7N96HHCR38Ds8W5xdw955gYSk8W3PFtBs73JVVcW21HyCx431FT6W7L9K4034W5WjW6p7n1d2l72_BW6bWr-L1G1X35VrBFv53W8P52W86x-Xj6SK18BN1tFpWppqByBVtWKMJ8hyWlWW6gWtfc5JsJ2RW4c-86-5bvzJ-W4vmK2J4sG-2fN2bxZ0RBmd0MW4CpcPB2ppT9vW4F5vV7862K2xMN83b2Lkkc5W4jRzFY75SmsWW7C7tfN2JP4_KN1vD_MjrrWzNN6YllJDPZK8mW1sxqhX5stGBTW3PX9mZ1kQ9GyW8_bTlm2x_RtvW7H0ZRX9jXMYRW2RvvS27_xBdQW2X4Lcf1Yrgq_W55ltTY1yB3tGVktklC6HZCKFW3_LmGX6mQwTpN4DnzBG78jR1337X1&amp;source=gmail&amp;ust=1668698771769000&amp;usg=AOvVaw0sT0h_pYj4RgPgqB89ZzIv\">L\u2019optimisation des espaces d\u2019entreposage<\/a>\r\n\r\n12 au 14 d\u00e9cembre 2022 \u2013\u00a0<a href=\"https:\/\/info.cargo-montreal.ca\/e3t\/Ctc\/ZU+113\/d11nbd04\/VVpDBG1BlyxgN38_h8MQrq1GVQq1454SrKSZN4bXfHN5kh3GV3Zsc37CgGmsW6rdl7b6nj-qGW8pTR5m2zzwnhW85YBnf2zq1qKN74xpKj9MbX5W1Q7c6d2DNgFDW4s0SSy3Z3j3XW4yHfFq3fQgXdW3clDbV3bdplBN5W4db5PmfqcW4_zWmS8q-35TVX31Kt92p307W7fsJHY4f82n3W1KTHfg2FPc9JW7JbbQW1mBFL4W6ztS4w6lPVJWW8cFg6536f1S0W68CmR72-P4YKW9hLj_y72dY64W8GPQyl5SCNcVW7rQKz62J2qCFW6tCwSW5lL0-5W89PWtk5MV3NqW5Zz2sg92KDLyW8YgnTR7jxPKTW3Lt-QB5DpvLKW34dylZ3fkC_BW8W8VYg1Q3CDzW3bv3hR23j9gxW4Gg_QK2YNbgtN7SQ7fsSSRX_W9dsLNj5KpByxW4LXws51DjkCd3nw41\" target=\"_blank\" rel=\"noopener\" data-saferedirecturl=\"https:\/\/www.google.com\/url?hl=fr-CA&amp;q=https:\/\/info.cargo-montreal.ca\/e3t\/Ctc\/ZU%2B113\/d11nbd04\/VVpDBG1BlyxgN38_h8MQrq1GVQq1454SrKSZN4bXfHN5kh3GV3Zsc37CgGmsW6rdl7b6nj-qGW8pTR5m2zzwnhW85YBnf2zq1qKN74xpKj9MbX5W1Q7c6d2DNgFDW4s0SSy3Z3j3XW4yHfFq3fQgXdW3clDbV3bdplBN5W4db5PmfqcW4_zWmS8q-35TVX31Kt92p307W7fsJHY4f82n3W1KTHfg2FPc9JW7JbbQW1mBFL4W6ztS4w6lPVJWW8cFg6536f1S0W68CmR72-P4YKW9hLj_y72dY64W8GPQyl5SCNcVW7rQKz62J2qCFW6tCwSW5lL0-5W89PWtk5MV3NqW5Zz2sg92KDLyW8YgnTR7jxPKTW3Lt-QB5DpvLKW34dylZ3fkC_BW8W8VYg1Q3CDzW3bv3hR23j9gxW4Gg_QK2YNbgtN7SQ7fsSSRX_W9dsLNj5KpByxW4LXws51DjkCd3nw41&amp;source=gmail&amp;ust=1668698771769000&amp;usg=AOvVaw3PXMJRIuqMhGv_5d5FET6Y\">Les proc\u00e9dures douani\u00e8res am\u00e9ricaines<\/a>\r\n\r\n6 f\u00e9vrier au 10 avril 2023\u00a0\u2013\u00a0<a href=\"https:\/\/info.cargo-montreal.ca\/e3t\/Ctc\/ZU+113\/d11nbd04\/VVpDBG1BlyxgN38_h8MQrq1GVQq1454SrKSZN4bXfHN5kh3GV3Zsc37CgGmsW6rdl7b6nj-qGW8pTR5m2zzwnhW85YBnf2zq1qKN74xpKj9MbX5W1Q7c6d2DNgFDW4s0SSy3Z3j3XW4yHfFq3fQgXdW3clDbV3bdplBN5W4db5PmfqcW4_zWmS8q-35TVX31Kt92p307W7fsJHY4f82n3W1KTHfg2FPc9JW7JbbQW1mBFL4W6ztS4w6lPVJWW8cFg6536f1S0W68CmR72-P4YKW9hLj_y72dY64W8GPQyl5SCNcVW7rQKz62J2qCFW6tCwSW5lL0-5W89PWtk5MV3NqW5Zz2sg92KDLyW8YgnTR7jxPKTW3Lt-QB5DpvLKW34dylZ3fkC_BW8W8VYg1Q3CDzW3bv3hR23j9gxW4Gg_QK2YNbgtN7SQ7fsSSRX_W9dsLNj5KpByxW4LXws51DjkCd3nw41\" target=\"_blank\" rel=\"noopener\" data-saferedirecturl=\"https:\/\/www.google.com\/url?hl=fr-CA&amp;q=https:\/\/info.cargo-montreal.ca\/e3t\/Ctc\/ZU%2B113\/d11nbd04\/VVpDBG1BlyxgN38_h8MQrq1GVQq1454SrKSZN4bXfHN5kh3GV3Zsc37CgGmsW6rdl7b6nj-qGW8pTR5m2zzwnhW85YBnf2zq1qKN74xpKj9MbX5W1Q7c6d2DNgFDW4s0SSy3Z3j3XW4yHfFq3fQgXdW3clDbV3bdplBN5W4db5PmfqcW4_zWmS8q-35TVX31Kt92p307W7fsJHY4f82n3W1KTHfg2FPc9JW7JbbQW1mBFL4W6ztS4w6lPVJWW8cFg6536f1S0W68CmR72-P4YKW9hLj_y72dY64W8GPQyl5SCNcVW7rQKz62J2qCFW6tCwSW5lL0-5W89PWtk5MV3NqW5Zz2sg92KDLyW8YgnTR7jxPKTW3Lt-QB5DpvLKW34dylZ3fkC_BW8W8VYg1Q3CDzW3bv3hR23j9gxW4Gg_QK2YNbgtN7SQ7fsSSRX_W9dsLNj5KpByxW4LXws51DjkCd3nw41&amp;source=gmail&amp;ust=1668698771769000&amp;usg=AOvVaw3PXMJRIuqMhGv_5d5FET6Y\">Les proc\u00e9dures douani\u00e8res am\u00e9ricaines<\/a>\r\n\r\n<strong>Certifications coll\u00e9giales<\/strong>\r\n\r\n\u00c0 partir du 8 mars 2023\u00a0\u2013\u00a0<a href=\"https:\/\/info.cargo-montreal.ca\/e3t\/Ctc\/ZU+113\/d11nbd04\/VVpDBG1BlyxgN38_h8MQrq1GVQq1454SrKSZN4bXfHN5kh3GV3Zsc37CgHLTW7pPRKK2FrHwvW428JWd1_SC6HN5WLjJ9dlHqPW6x2Kg_7-6-fbW2jkPpt8T8QjTW4yX_G97hZcykN6Vl3MH7YvXWN1_QG7f569GxW1djR1s2pcDBHW1lqTpt8MHJPmW2Fqtd88Fx94dW7jNHLW6n9dr8W3rnB3n8Fht9sW5078vQ7rMLRLW8nKMLR7GXkn9W82qQ5-847hRXW3yFkx59gz-LLV1QqmP5j0_3xW2GmTSL7kxpPtW1FKGdt6VbCwSVklM1F5SDH_mW2tKCBn5h9zH2W5b7VlZ5W80L6W2hNzZ226Zq_xW3b5CVx1pjf6JN3btWTWf8vgxW8j_XHS5xn5rMW1T5nZs6sxddNW3ZXVzJ2XBMlLW4kBmfV7xpt58W3dnNjz40FlYdW5cQ2cp8-FzLw39FM1\" target=\"_blank\" rel=\"noopener\" data-saferedirecturl=\"https:\/\/www.google.com\/url?hl=fr-CA&amp;q=https:\/\/info.cargo-montreal.ca\/e3t\/Ctc\/ZU%2B113\/d11nbd04\/VVpDBG1BlyxgN38_h8MQrq1GVQq1454SrKSZN4bXfHN5kh3GV3Zsc37CgHLTW7pPRKK2FrHwvW428JWd1_SC6HN5WLjJ9dlHqPW6x2Kg_7-6-fbW2jkPpt8T8QjTW4yX_G97hZcykN6Vl3MH7YvXWN1_QG7f569GxW1djR1s2pcDBHW1lqTpt8MHJPmW2Fqtd88Fx94dW7jNHLW6n9dr8W3rnB3n8Fht9sW5078vQ7rMLRLW8nKMLR7GXkn9W82qQ5-847hRXW3yFkx59gz-LLV1QqmP5j0_3xW2GmTSL7kxpPtW1FKGdt6VbCwSVklM1F5SDH_mW2tKCBn5h9zH2W5b7VlZ5W80L6W2hNzZ226Zq_xW3b5CVx1pjf6JN3btWTWf8vgxW8j_XHS5xn5rMW1T5nZs6sxddNW3ZXVzJ2XBMlLW4kBmfV7xpt58W3dnNjz40FlYdW5cQ2cp8-FzLw39FM1&amp;source=gmail&amp;ust=1668698771769000&amp;usg=AOvVaw1NuUtfO18xv-Jk3rdLftLF\">Optimisation des processus industriels<\/a>\r\n\r\n<a href=\"https:\/\/info.cargo-montreal.ca\/e3t\/Ctc\/ZU+113\/d11nbd04\/VVpDBG1BlyxgN38_h8MQrq1GVQq1454SrKSZN4bXfKf3lLBZV1-WJV7CgXpxW7ztZ3N32NRTqW8JjMcv4cK_cDVkB7RX6tq9BdW2pBK7M8K93wpW7kPFpb6tMshFW6PDtdP4WPV1vW6JmLDG8LD6KKW4tpPSr2SjQWNW5PkVhB6XD2MnW5Cl6nb9cNfS_N7xPqglq8L7-W241x0l8hLZ4FVStMdb70LnhTW5p6HPz882pykW8jSCwn5hTtmzN1ywGZ61xyVdW6MB4g_670rpkW5DmTbd1ymJB3N5B5FnfLCdcvW3YNbLD8Z1qHMW83MKnh9kdbT1N17ZLy4fhHScW1SmFXV3HdxDBW3GPJCQ8M3R2DW62q1KM4n6Jr4W8bJtXh72D52836Bx1\" target=\"_blank\" rel=\"noopener\" data-saferedirecturl=\"https:\/\/www.google.com\/url?hl=fr-CA&amp;q=https:\/\/info.cargo-montreal.ca\/e3t\/Ctc\/ZU%2B113\/d11nbd04\/VVpDBG1BlyxgN38_h8MQrq1GVQq1454SrKSZN4bXfKf3lLBZV1-WJV7CgXpxW7ztZ3N32NRTqW8JjMcv4cK_cDVkB7RX6tq9BdW2pBK7M8K93wpW7kPFpb6tMshFW6PDtdP4WPV1vW6JmLDG8LD6KKW4tpPSr2SjQWNW5PkVhB6XD2MnW5Cl6nb9cNfS_N7xPqglq8L7-W241x0l8hLZ4FVStMdb70LnhTW5p6HPz882pykW8jSCwn5hTtmzN1ywGZ61xyVdW6MB4g_670rpkW5DmTbd1ymJB3N5B5FnfLCdcvW3YNbLD8Z1qHMW83MKnh9kdbT1N17ZLy4fhHScW1SmFXV3HdxDBW3GPJCQ8M3R2DW62q1KM4n6Jr4W8bJtXh72D52836Bx1&amp;source=gmail&amp;ust=1668698771769000&amp;usg=AOvVaw3QmpYW81chuLmVDqdzqoa0\"><strong>Consultez le catalogue de formations et de perfectionnements offerts aux travailleurs<\/strong><\/a>","protected":false},"excerpt":{"rendered":"Formations 7 d\u00e9cembre 2022\u00a0\u2013\u00a0Les essentiels de la gestion de projet\u00a0\u00a0(Offre de lancement : 50 $ de r\u00e9duction \u00e0 partir de la deuxi\u00e8me inscription) \u00c0 partir du 6 f\u00e9vrier 2023\u00a0\u2013\u00a0AEC Gestion des approvisionnements dans le secteur public qu\u00e9b\u00e9cois \u00c0 partir du 1er mai 2023 \u2013\u00a0AEC Logistique du transport En continu &#8211; Reconnaissance des acquis et des [&hellip;]","protected":false},"author":39,"featured_media":13995,"comment_status":"closed","ping_status":"closed","sticky":false,"template":"","format":"standard","meta":{"_acf_changed":false,"footnotes":""},"categories":[20],"tags":[],"class_list":["post-14049","post","type-post","status-publish","format-standard","has-post-thumbnail","hentry","category-services-logistiques"],"acf":[],"yoast_head":"<!-- This site is optimized with the Yoast SEO plugin v27.3 - https:\/\/yoast.com\/product\/yoast-seo-wordpress\/ -->\n<title>Formation : C\u00e9gep Andr\u00e9-Laurendeau - CargoM<\/title>\n<meta name=\"robots\" content=\"index, follow, max-snippet:-1, max-image-preview:large, max-video-preview:-1\" \/>\n<link rel=\"canonical\" href=\"https:\/\/www.cargo-montreal.ca\/fr\/cegep-andre-laurendeau-5\/\" \/>\n<meta property=\"og:locale\" content=\"fr_FR\" \/>\n<meta property=\"og:type\" content=\"article\" \/>\n<meta property=\"og:title\" content=\"Formation : C\u00e9gep Andr\u00e9-Laurendeau - CargoM\" \/>\n<meta property=\"og:description\" content=\"Formations 7 d\u00e9cembre 2022\u00a0\u2013\u00a0Les essentiels de la gestion de projet\u00a0\u00a0(Offre de lancement : 50 $ de r\u00e9duction \u00e0 partir de la deuxi\u00e8me inscription) \u00c0 partir du 6 f\u00e9vrier 2023\u00a0\u2013\u00a0AEC Gestion des approvisionnements dans le secteur public qu\u00e9b\u00e9cois \u00c0 partir du 1er mai 2023 \u2013\u00a0AEC Logistique du transport En continu &#8211; Reconnaissance des acquis et des [&hellip;]\" \/>\n<meta property=\"og:url\" content=\"https:\/\/www.cargo-montreal.ca\/fr\/cegep-andre-laurendeau-5\/\" \/>\n<meta property=\"og:site_name\" content=\"CargoM\" \/>\n<meta property=\"article:published_time\" content=\"2022-11-16T15:39:40+00:00\" \/>\n<meta property=\"article:modified_time\" content=\"2022-11-16T16:11:30+00:00\" \/>\n<meta property=\"og:image\" content=\"https:\/\/www.cargo-montreal.ca\/wp-content\/uploads\/2022\/11\/FormationsCAL-6.png\" \/>\n\t<meta property=\"og:image:width\" content=\"1112\" \/>\n\t<meta property=\"og:image:height\" content=\"628\" \/>\n\t<meta property=\"og:image:type\" content=\"image\/png\" \/>\n<meta name=\"author\" content=\"Karine Dudognon\" \/>\n<meta name=\"twitter:card\" content=\"summary_large_image\" \/>\n<meta name=\"twitter:label1\" content=\"\u00c9crit par\" \/>\n\t<meta name=\"twitter:data1\" content=\"Karine Dudognon\" \/>\n\t<meta name=\"twitter:label2\" content=\"Dur\u00e9e de lecture estim\u00e9e\" \/>\n\t<meta name=\"twitter:data2\" content=\"1 minute\" \/>\n<script type=\"application\/ld+json\" class=\"yoast-schema-graph\">{\"@context\":\"https:\\\/\\\/schema.org\",\"@graph\":[{\"@type\":\"Article\",\"@id\":\"https:\\\/\\\/www.cargo-montreal.ca\\\/fr\\\/cegep-andre-laurendeau-5\\\/#article\",\"isPartOf\":{\"@id\":\"https:\\\/\\\/www.cargo-montreal.ca\\\/fr\\\/cegep-andre-laurendeau-5\\\/\"},\"author\":{\"name\":\"Karine Dudognon\",\"@id\":\"https:\\\/\\\/www.cargo-montreal.ca\\\/fr\\\/#\\\/schema\\\/person\\\/80476d173ce654813db9fd1533901365\"},\"headline\":\"Formation : C\u00e9gep Andr\u00e9-Laurendeau\",\"datePublished\":\"2022-11-16T15:39:40+00:00\",\"dateModified\":\"2022-11-16T16:11:30+00:00\",\"mainEntityOfPage\":{\"@id\":\"https:\\\/\\\/www.cargo-montreal.ca\\\/fr\\\/cegep-andre-laurendeau-5\\\/\"},\"wordCount\":149,\"image\":{\"@id\":\"https:\\\/\\\/www.cargo-montreal.ca\\\/fr\\\/cegep-andre-laurendeau-5\\\/#primaryimage\"},\"thumbnailUrl\":\"https:\\\/\\\/www.cargo-montreal.ca\\\/wp-content\\\/uploads\\\/2022\\\/11\\\/FormationsCAL-6.png\",\"articleSection\":[\"Services logistiques\"],\"inLanguage\":\"fr-FR\"},{\"@type\":\"WebPage\",\"@id\":\"https:\\\/\\\/www.cargo-montreal.ca\\\/fr\\\/cegep-andre-laurendeau-5\\\/\",\"url\":\"https:\\\/\\\/www.cargo-montreal.ca\\\/fr\\\/cegep-andre-laurendeau-5\\\/\",\"name\":\"Formation : C\u00e9gep Andr\u00e9-Laurendeau - CargoM\",\"isPartOf\":{\"@id\":\"https:\\\/\\\/www.cargo-montreal.ca\\\/fr\\\/#website\"},\"primaryImageOfPage\":{\"@id\":\"https:\\\/\\\/www.cargo-montreal.ca\\\/fr\\\/cegep-andre-laurendeau-5\\\/#primaryimage\"},\"image\":{\"@id\":\"https:\\\/\\\/www.cargo-montreal.ca\\\/fr\\\/cegep-andre-laurendeau-5\\\/#primaryimage\"},\"thumbnailUrl\":\"https:\\\/\\\/www.cargo-montreal.ca\\\/wp-content\\\/uploads\\\/2022\\\/11\\\/FormationsCAL-6.png\",\"datePublished\":\"2022-11-16T15:39:40+00:00\",\"dateModified\":\"2022-11-16T16:11:30+00:00\",\"author\":{\"@id\":\"https:\\\/\\\/www.cargo-montreal.ca\\\/fr\\\/#\\\/schema\\\/person\\\/80476d173ce654813db9fd1533901365\"},\"breadcrumb\":{\"@id\":\"https:\\\/\\\/www.cargo-montreal.ca\\\/fr\\\/cegep-andre-laurendeau-5\\\/#breadcrumb\"},\"inLanguage\":\"fr-FR\",\"potentialAction\":[{\"@type\":\"ReadAction\",\"target\":[\"https:\\\/\\\/www.cargo-montreal.ca\\\/fr\\\/cegep-andre-laurendeau-5\\\/\"]}]},{\"@type\":\"ImageObject\",\"inLanguage\":\"fr-FR\",\"@id\":\"https:\\\/\\\/www.cargo-montreal.ca\\\/fr\\\/cegep-andre-laurendeau-5\\\/#primaryimage\",\"url\":\"https:\\\/\\\/www.cargo-montreal.ca\\\/wp-content\\\/uploads\\\/2022\\\/11\\\/FormationsCAL-6.png\",\"contentUrl\":\"https:\\\/\\\/www.cargo-montreal.ca\\\/wp-content\\\/uploads\\\/2022\\\/11\\\/FormationsCAL-6.png\",\"width\":1112,\"height\":628},{\"@type\":\"BreadcrumbList\",\"@id\":\"https:\\\/\\\/www.cargo-montreal.ca\\\/fr\\\/cegep-andre-laurendeau-5\\\/#breadcrumb\",\"itemListElement\":[{\"@type\":\"ListItem\",\"position\":1,\"name\":\"Home\",\"item\":\"https:\\\/\\\/www.cargo-montreal.ca\\\/fr\\\/\"},{\"@type\":\"ListItem\",\"position\":2,\"name\":\"Formation : C\u00e9gep Andr\u00e9-Laurendeau\"}]},{\"@type\":\"WebSite\",\"@id\":\"https:\\\/\\\/www.cargo-montreal.ca\\\/fr\\\/#website\",\"url\":\"https:\\\/\\\/www.cargo-montreal.ca\\\/fr\\\/\",\"name\":\"CargoM\",\"description\":\"La mission de CargoM: Rassembler les acteurs de la logistique &amp; du transport de marchandises du Grand Montr\u00e9al autour d&#039;objectifs communs, d&#039;actions concert\u00e9es\",\"potentialAction\":[{\"@type\":\"SearchAction\",\"target\":{\"@type\":\"EntryPoint\",\"urlTemplate\":\"https:\\\/\\\/www.cargo-montreal.ca\\\/fr\\\/?s={search_term_string}\"},\"query-input\":{\"@type\":\"PropertyValueSpecification\",\"valueRequired\":true,\"valueName\":\"search_term_string\"}}],\"inLanguage\":\"fr-FR\"},{\"@type\":\"Person\",\"@id\":\"https:\\\/\\\/www.cargo-montreal.ca\\\/fr\\\/#\\\/schema\\\/person\\\/80476d173ce654813db9fd1533901365\",\"name\":\"Karine Dudognon\",\"image\":{\"@type\":\"ImageObject\",\"inLanguage\":\"fr-FR\",\"@id\":\"https:\\\/\\\/secure.gravatar.com\\\/avatar\\\/673bdfb703a9b6685a88bc7dfb04a9ea2b48b30e9d1663a5e759a4e9bfa3e2c0?s=96&d=mm&r=g\",\"url\":\"https:\\\/\\\/secure.gravatar.com\\\/avatar\\\/673bdfb703a9b6685a88bc7dfb04a9ea2b48b30e9d1663a5e759a4e9bfa3e2c0?s=96&d=mm&r=g\",\"contentUrl\":\"https:\\\/\\\/secure.gravatar.com\\\/avatar\\\/673bdfb703a9b6685a88bc7dfb04a9ea2b48b30e9d1663a5e759a4e9bfa3e2c0?s=96&d=mm&r=g\",\"caption\":\"Karine Dudognon\"},\"url\":\"https:\\\/\\\/www.cargo-montreal.ca\\\/fr\\\/author\\\/karine\\\/\"}]}<\/script>\n<!-- \/ Yoast SEO plugin. -->","yoast_head_json":{"title":"Formation : C\u00e9gep Andr\u00e9-Laurendeau - CargoM","robots":{"index":"index","follow":"follow","max-snippet":"max-snippet:-1","max-image-preview":"max-image-preview:large","max-video-preview":"max-video-preview:-1"},"canonical":"https:\/\/www.cargo-montreal.ca\/fr\/cegep-andre-laurendeau-5\/","og_locale":"fr_FR","og_type":"article","og_title":"Formation : C\u00e9gep Andr\u00e9-Laurendeau - CargoM","og_description":"Formations 7 d\u00e9cembre 2022\u00a0\u2013\u00a0Les essentiels de la gestion de projet\u00a0\u00a0(Offre de lancement : 50 $ de r\u00e9duction \u00e0 partir de la deuxi\u00e8me inscription) \u00c0 partir du 6 f\u00e9vrier 2023\u00a0\u2013\u00a0AEC Gestion des approvisionnements dans le secteur public qu\u00e9b\u00e9cois \u00c0 partir du 1er mai 2023 \u2013\u00a0AEC Logistique du transport En continu &#8211; Reconnaissance des acquis et des [&hellip;]","og_url":"https:\/\/www.cargo-montreal.ca\/fr\/cegep-andre-laurendeau-5\/","og_site_name":"CargoM","article_published_time":"2022-11-16T15:39:40+00:00","article_modified_time":"2022-11-16T16:11:30+00:00","og_image":[{"width":1112,"height":628,"url":"https:\/\/www.cargo-montreal.ca\/wp-content\/uploads\/2022\/11\/FormationsCAL-6.png","type":"image\/png"}],"author":"Karine Dudognon","twitter_card":"summary_large_image","twitter_misc":{"\u00c9crit par":"Karine Dudognon","Dur\u00e9e de lecture estim\u00e9e":"1 minute"},"schema":{"@context":"https:\/\/schema.org","@graph":[{"@type":"Article","@id":"https:\/\/www.cargo-montreal.ca\/fr\/cegep-andre-laurendeau-5\/#article","isPartOf":{"@id":"https:\/\/www.cargo-montreal.ca\/fr\/cegep-andre-laurendeau-5\/"},"author":{"name":"Karine Dudognon","@id":"https:\/\/www.cargo-montreal.ca\/fr\/#\/schema\/person\/80476d173ce654813db9fd1533901365"},"headline":"Formation : C\u00e9gep Andr\u00e9-Laurendeau","datePublished":"2022-11-16T15:39:40+00:00","dateModified":"2022-11-16T16:11:30+00:00","mainEntityOfPage":{"@id":"https:\/\/www.cargo-montreal.ca\/fr\/cegep-andre-laurendeau-5\/"},"wordCount":149,"image":{"@id":"https:\/\/www.cargo-montreal.ca\/fr\/cegep-andre-laurendeau-5\/#primaryimage"},"thumbnailUrl":"https:\/\/www.cargo-montreal.ca\/wp-content\/uploads\/2022\/11\/FormationsCAL-6.png","articleSection":["Services logistiques"],"inLanguage":"fr-FR"},{"@type":"WebPage","@id":"https:\/\/www.cargo-montreal.ca\/fr\/cegep-andre-laurendeau-5\/","url":"https:\/\/www.cargo-montreal.ca\/fr\/cegep-andre-laurendeau-5\/","name":"Formation : C\u00e9gep Andr\u00e9-Laurendeau - CargoM","isPartOf":{"@id":"https:\/\/www.cargo-montreal.ca\/fr\/#website"},"primaryImageOfPage":{"@id":"https:\/\/www.cargo-montreal.ca\/fr\/cegep-andre-laurendeau-5\/#primaryimage"},"image":{"@id":"https:\/\/www.cargo-montreal.ca\/fr\/cegep-andre-laurendeau-5\/#primaryimage"},"thumbnailUrl":"https:\/\/www.cargo-montreal.ca\/wp-content\/uploads\/2022\/11\/FormationsCAL-6.png","datePublished":"2022-11-16T15:39:40+00:00","dateModified":"2022-11-16T16:11:30+00:00","author":{"@id":"https:\/\/www.cargo-montreal.ca\/fr\/#\/schema\/person\/80476d173ce654813db9fd1533901365"},"breadcrumb":{"@id":"https:\/\/www.cargo-montreal.ca\/fr\/cegep-andre-laurendeau-5\/#breadcrumb"},"inLanguage":"fr-FR","potentialAction":[{"@type":"ReadAction","target":["https:\/\/www.cargo-montreal.ca\/fr\/cegep-andre-laurendeau-5\/"]}]},{"@type":"ImageObject","inLanguage":"fr-FR","@id":"https:\/\/www.cargo-montreal.ca\/fr\/cegep-andre-laurendeau-5\/#primaryimage","url":"https:\/\/www.cargo-montreal.ca\/wp-content\/uploads\/2022\/11\/FormationsCAL-6.png","contentUrl":"https:\/\/www.cargo-montreal.ca\/wp-content\/uploads\/2022\/11\/FormationsCAL-6.png","width":1112,"height":628},{"@type":"BreadcrumbList","@id":"https:\/\/www.cargo-montreal.ca\/fr\/cegep-andre-laurendeau-5\/#breadcrumb","itemListElement":[{"@type":"ListItem","position":1,"name":"Home","item":"https:\/\/www.cargo-montreal.ca\/fr\/"},{"@type":"ListItem","position":2,"name":"Formation : C\u00e9gep Andr\u00e9-Laurendeau"}]},{"@type":"WebSite","@id":"https:\/\/www.cargo-montreal.ca\/fr\/#website","url":"https:\/\/www.cargo-montreal.ca\/fr\/","name":"CargoM","description":"La mission de CargoM: Rassembler les acteurs de la logistique &amp; du transport de marchandises du Grand Montr\u00e9al autour d&#039;objectifs communs, d&#039;actions concert\u00e9es","potentialAction":[{"@type":"SearchAction","target":{"@type":"EntryPoint","urlTemplate":"https:\/\/www.cargo-montreal.ca\/fr\/?s={search_term_string}"},"query-input":{"@type":"PropertyValueSpecification","valueRequired":true,"valueName":"search_term_string"}}],"inLanguage":"fr-FR"},{"@type":"Person","@id":"https:\/\/www.cargo-montreal.ca\/fr\/#\/schema\/person\/80476d173ce654813db9fd1533901365","name":"Karine Dudognon","image":{"@type":"ImageObject","inLanguage":"fr-FR","@id":"https:\/\/secure.gravatar.com\/avatar\/673bdfb703a9b6685a88bc7dfb04a9ea2b48b30e9d1663a5e759a4e9bfa3e2c0?s=96&d=mm&r=g","url":"https:\/\/secure.gravatar.com\/avatar\/673bdfb703a9b6685a88bc7dfb04a9ea2b48b30e9d1663a5e759a4e9bfa3e2c0?s=96&d=mm&r=g","contentUrl":"https:\/\/secure.gravatar.com\/avatar\/673bdfb703a9b6685a88bc7dfb04a9ea2b48b30e9d1663a5e759a4e9bfa3e2c0?s=96&d=mm&r=g","caption":"Karine Dudognon"},"url":"https:\/\/www.cargo-montreal.ca\/fr\/author\/karine\/"}]}},"_links":{"self":[{"href":"https:\/\/www.cargo-montreal.ca\/fr\/wp-json\/wp\/v2\/posts\/14049","targetHints":{"allow":["GET"]}}],"collection":[{"href":"https:\/\/www.cargo-montreal.ca\/fr\/wp-json\/wp\/v2\/posts"}],"about":[{"href":"https:\/\/www.cargo-montreal.ca\/fr\/wp-json\/wp\/v2\/types\/post"}],"author":[{"embeddable":true,"href":"https:\/\/www.cargo-montreal.ca\/fr\/wp-json\/wp\/v2\/users\/39"}],"replies":[{"embeddable":true,"href":"https:\/\/www.cargo-montreal.ca\/fr\/wp-json\/wp\/v2\/comments?post=14049"}],"version-history":[{"count":3,"href":"https:\/\/www.cargo-montreal.ca\/fr\/wp-json\/wp\/v2\/posts\/14049\/revisions"}],"predecessor-version":[{"id":14072,"href":"https:\/\/www.cargo-montreal.ca\/fr\/wp-json\/wp\/v2\/posts\/14049\/revisions\/14072"}],"wp:featuredmedia":[{"embeddable":true,"href":"https:\/\/www.cargo-montreal.ca\/fr\/wp-json\/wp\/v2\/media\/13995"}],"wp:attachment":[{"href":"https:\/\/www.cargo-montreal.ca\/fr\/wp-json\/wp\/v2\/media?parent=14049"}],"wp:term":[{"taxonomy":"category","embeddable":true,"href":"https:\/\/www.cargo-montreal.ca\/fr\/wp-json\/wp\/v2\/categories?post=14049"},{"taxonomy":"post_tag","embeddable":true,"href":"https:\/\/www.cargo-montreal.ca\/fr\/wp-json\/wp\/v2\/tags?post=14049"}],"curies":[{"name":"wp","href":"https:\/\/api.w.org\/{rel}","templated":true}]}}