{"id":14264,"date":"2023-01-18T14:03:37","date_gmt":"2023-01-18T14:03:37","guid":{"rendered":"https:\/\/www.cargo-montreal.ca\/?p=14264"},"modified":"2023-01-18T14:45:00","modified_gmt":"2023-01-18T14:45:00","slug":"1-prolongation-des-heures-douverture-de-termont-et-de-mgt","status":"publish","type":"post","link":"https:\/\/www.cargo-montreal.ca\/fr\/1-prolongation-des-heures-douverture-de-termont-et-de-mgt\/","title":{"rendered":"Prolongation des heures d\u2019ouverture de Termont et de MGT"},"content":{"rendered":"<p align=\"justify\">Depuis le 9 janvier 2023, les heures d\u2019op\u00e9ration des gu\u00e9rites pour les terminaux Termont et MGT sont prolong\u00e9es, ouvrant \u00e0 5 h du lundi au vendredi au lieu de 6 h. Les heures de fermeture pour Termont et MGT reste inchang\u00e9es, soit respectivement 22 h et 23 h.<\/p>\r\n<p align=\"justify\">L\u2019objectif de ces prolongations d&rsquo;heures de services est d\u2019am\u00e9liorer la fluidit\u00e9 tout en r\u00e9pondant aux besoins de la cha\u00eene logistique, particuli\u00e8rement du secteur du camionnage, \u00e0 l\u2019heure des grands chantiers, notamment celui du tunnel Louis-Hippolyte-La Fontaine.<\/p>\r\n<p align=\"justify\">Pour conna\u00eetre tous les d\u00e9tails, veuillez consulter les sites Internet de\u00a0<a href=\"https:\/\/www.termont.com\/wp-content\/uploads\/2023\/01\/Communication-Termont-Avis-Prolongation-Gate_FR_EN.pdf\" target=\"_blank\" rel=\"noopener\" data-hs-link-id=\"0\">Termont<\/a>\u00a0et de\u00a0<a href=\"https:\/\/mailchi.mp\/abe23482318b\/horaire-des-ftes-holiday-schedule-2020-13836740?e=1cb9b3a1a6\" target=\"_blank\" rel=\"noopener\" data-hs-link-id=\"0\">MGT<\/a>.<\/p>","protected":false},"excerpt":{"rendered":"Depuis le 9 janvier 2023, les heures d\u2019op\u00e9ration des gu\u00e9rites pour les terminaux Termont et MGT sont prolong\u00e9es, ouvrant \u00e0 5 h du lundi au vendredi au lieu de 6 h. Les heures de fermeture pour Termont et MGT reste inchang\u00e9es, soit respectivement 22 h et 23 h. L\u2019objectif de ces prolongations d&rsquo;heures de services [&hellip;]","protected":false},"author":39,"featured_media":14267,"comment_status":"closed","ping_status":"closed","sticky":false,"template":"","format":"standard","meta":{"_acf_changed":false,"footnotes":""},"categories":[20],"tags":[],"class_list":["post-14264","post","type-post","status-publish","format-standard","has-post-thumbnail","hentry","category-services-logistiques"],"acf":[],"yoast_head":"<!-- This site is optimized with the Yoast SEO plugin v27.3 - https:\/\/yoast.com\/product\/yoast-seo-wordpress\/ -->\n<title>Prolongation des heures d\u2019ouverture de Termont et de MGT - CargoM<\/title>\n<meta name=\"robots\" content=\"index, follow, max-snippet:-1, max-image-preview:large, max-video-preview:-1\" \/>\n<link rel=\"canonical\" href=\"https:\/\/www.cargo-montreal.ca\/fr\/1-prolongation-des-heures-douverture-de-termont-et-de-mgt\/\" \/>\n<meta property=\"og:locale\" content=\"fr_FR\" \/>\n<meta property=\"og:type\" content=\"article\" \/>\n<meta property=\"og:title\" content=\"Prolongation des heures d\u2019ouverture de Termont et de MGT - CargoM\" \/>\n<meta property=\"og:description\" content=\"Depuis le 9 janvier 2023, les heures d\u2019op\u00e9ration des gu\u00e9rites pour les terminaux Termont et MGT sont prolong\u00e9es, ouvrant \u00e0 5 h du lundi au vendredi au lieu de 6 h. Les heures de fermeture pour Termont et MGT reste inchang\u00e9es, soit respectivement 22 h et 23 h. L\u2019objectif de ces prolongations d&rsquo;heures de services [&hellip;]\" \/>\n<meta property=\"og:url\" content=\"https:\/\/www.cargo-montreal.ca\/fr\/1-prolongation-des-heures-douverture-de-termont-et-de-mgt\/\" \/>\n<meta property=\"og:site_name\" content=\"CargoM\" \/>\n<meta property=\"article:published_time\" content=\"2023-01-18T14:03:37+00:00\" \/>\n<meta property=\"article:modified_time\" content=\"2023-01-18T14:45:00+00:00\" \/>\n<meta property=\"og:image\" content=\"https:\/\/www.cargo-montreal.ca\/wp-content\/uploads\/2023\/01\/Capture-1.jpg\" \/>\n\t<meta property=\"og:image:width\" content=\"883\" \/>\n\t<meta property=\"og:image:height\" content=\"202\" \/>\n\t<meta property=\"og:image:type\" content=\"image\/jpeg\" \/>\n<meta name=\"author\" content=\"Karine Dudognon\" \/>\n<meta name=\"twitter:card\" content=\"summary_large_image\" \/>\n<meta name=\"twitter:label1\" content=\"\u00c9crit par\" \/>\n\t<meta name=\"twitter:data1\" content=\"Karine Dudognon\" \/>\n\t<meta name=\"twitter:label2\" content=\"Dur\u00e9e de lecture estim\u00e9e\" \/>\n\t<meta name=\"twitter:data2\" content=\"1 minute\" \/>\n<script type=\"application\/ld+json\" class=\"yoast-schema-graph\">{\"@context\":\"https:\\\/\\\/schema.org\",\"@graph\":[{\"@type\":\"Article\",\"@id\":\"https:\\\/\\\/www.cargo-montreal.ca\\\/fr\\\/1-prolongation-des-heures-douverture-de-termont-et-de-mgt\\\/#article\",\"isPartOf\":{\"@id\":\"https:\\\/\\\/www.cargo-montreal.ca\\\/fr\\\/1-prolongation-des-heures-douverture-de-termont-et-de-mgt\\\/\"},\"author\":{\"name\":\"Karine Dudognon\",\"@id\":\"https:\\\/\\\/www.cargo-montreal.ca\\\/fr\\\/#\\\/schema\\\/person\\\/80476d173ce654813db9fd1533901365\"},\"headline\":\"Prolongation des heures d\u2019ouverture de Termont et de MGT\",\"datePublished\":\"2023-01-18T14:03:37+00:00\",\"dateModified\":\"2023-01-18T14:45:00+00:00\",\"mainEntityOfPage\":{\"@id\":\"https:\\\/\\\/www.cargo-montreal.ca\\\/fr\\\/1-prolongation-des-heures-douverture-de-termont-et-de-mgt\\\/\"},\"wordCount\":116,\"image\":{\"@id\":\"https:\\\/\\\/www.cargo-montreal.ca\\\/fr\\\/1-prolongation-des-heures-douverture-de-termont-et-de-mgt\\\/#primaryimage\"},\"thumbnailUrl\":\"https:\\\/\\\/www.cargo-montreal.ca\\\/wp-content\\\/uploads\\\/2023\\\/01\\\/Capture-1.jpg\",\"articleSection\":[\"Services logistiques\"],\"inLanguage\":\"fr-FR\"},{\"@type\":\"WebPage\",\"@id\":\"https:\\\/\\\/www.cargo-montreal.ca\\\/fr\\\/1-prolongation-des-heures-douverture-de-termont-et-de-mgt\\\/\",\"url\":\"https:\\\/\\\/www.cargo-montreal.ca\\\/fr\\\/1-prolongation-des-heures-douverture-de-termont-et-de-mgt\\\/\",\"name\":\"Prolongation des heures d\u2019ouverture de Termont et de MGT - CargoM\",\"isPartOf\":{\"@id\":\"https:\\\/\\\/www.cargo-montreal.ca\\\/fr\\\/#website\"},\"primaryImageOfPage\":{\"@id\":\"https:\\\/\\\/www.cargo-montreal.ca\\\/fr\\\/1-prolongation-des-heures-douverture-de-termont-et-de-mgt\\\/#primaryimage\"},\"image\":{\"@id\":\"https:\\\/\\\/www.cargo-montreal.ca\\\/fr\\\/1-prolongation-des-heures-douverture-de-termont-et-de-mgt\\\/#primaryimage\"},\"thumbnailUrl\":\"https:\\\/\\\/www.cargo-montreal.ca\\\/wp-content\\\/uploads\\\/2023\\\/01\\\/Capture-1.jpg\",\"datePublished\":\"2023-01-18T14:03:37+00:00\",\"dateModified\":\"2023-01-18T14:45:00+00:00\",\"author\":{\"@id\":\"https:\\\/\\\/www.cargo-montreal.ca\\\/fr\\\/#\\\/schema\\\/person\\\/80476d173ce654813db9fd1533901365\"},\"breadcrumb\":{\"@id\":\"https:\\\/\\\/www.cargo-montreal.ca\\\/fr\\\/1-prolongation-des-heures-douverture-de-termont-et-de-mgt\\\/#breadcrumb\"},\"inLanguage\":\"fr-FR\",\"potentialAction\":[{\"@type\":\"ReadAction\",\"target\":[\"https:\\\/\\\/www.cargo-montreal.ca\\\/fr\\\/1-prolongation-des-heures-douverture-de-termont-et-de-mgt\\\/\"]}]},{\"@type\":\"ImageObject\",\"inLanguage\":\"fr-FR\",\"@id\":\"https:\\\/\\\/www.cargo-montreal.ca\\\/fr\\\/1-prolongation-des-heures-douverture-de-termont-et-de-mgt\\\/#primaryimage\",\"url\":\"https:\\\/\\\/www.cargo-montreal.ca\\\/wp-content\\\/uploads\\\/2023\\\/01\\\/Capture-1.jpg\",\"contentUrl\":\"https:\\\/\\\/www.cargo-montreal.ca\\\/wp-content\\\/uploads\\\/2023\\\/01\\\/Capture-1.jpg\",\"width\":883,\"height\":202},{\"@type\":\"BreadcrumbList\",\"@id\":\"https:\\\/\\\/www.cargo-montreal.ca\\\/fr\\\/1-prolongation-des-heures-douverture-de-termont-et-de-mgt\\\/#breadcrumb\",\"itemListElement\":[{\"@type\":\"ListItem\",\"position\":1,\"name\":\"Home\",\"item\":\"https:\\\/\\\/www.cargo-montreal.ca\\\/fr\\\/\"},{\"@type\":\"ListItem\",\"position\":2,\"name\":\"Prolongation des heures d\u2019ouverture de Termont et de MGT\"}]},{\"@type\":\"WebSite\",\"@id\":\"https:\\\/\\\/www.cargo-montreal.ca\\\/fr\\\/#website\",\"url\":\"https:\\\/\\\/www.cargo-montreal.ca\\\/fr\\\/\",\"name\":\"CargoM\",\"description\":\"La mission de CargoM: Rassembler les acteurs de la logistique &amp; du transport de marchandises du Grand Montr\u00e9al autour d&#039;objectifs communs, d&#039;actions concert\u00e9es\",\"potentialAction\":[{\"@type\":\"SearchAction\",\"target\":{\"@type\":\"EntryPoint\",\"urlTemplate\":\"https:\\\/\\\/www.cargo-montreal.ca\\\/fr\\\/?s={search_term_string}\"},\"query-input\":{\"@type\":\"PropertyValueSpecification\",\"valueRequired\":true,\"valueName\":\"search_term_string\"}}],\"inLanguage\":\"fr-FR\"},{\"@type\":\"Person\",\"@id\":\"https:\\\/\\\/www.cargo-montreal.ca\\\/fr\\\/#\\\/schema\\\/person\\\/80476d173ce654813db9fd1533901365\",\"name\":\"Karine Dudognon\",\"image\":{\"@type\":\"ImageObject\",\"inLanguage\":\"fr-FR\",\"@id\":\"https:\\\/\\\/secure.gravatar.com\\\/avatar\\\/673bdfb703a9b6685a88bc7dfb04a9ea2b48b30e9d1663a5e759a4e9bfa3e2c0?s=96&d=mm&r=g\",\"url\":\"https:\\\/\\\/secure.gravatar.com\\\/avatar\\\/673bdfb703a9b6685a88bc7dfb04a9ea2b48b30e9d1663a5e759a4e9bfa3e2c0?s=96&d=mm&r=g\",\"contentUrl\":\"https:\\\/\\\/secure.gravatar.com\\\/avatar\\\/673bdfb703a9b6685a88bc7dfb04a9ea2b48b30e9d1663a5e759a4e9bfa3e2c0?s=96&d=mm&r=g\",\"caption\":\"Karine Dudognon\"},\"url\":\"https:\\\/\\\/www.cargo-montreal.ca\\\/fr\\\/author\\\/karine\\\/\"}]}<\/script>\n<!-- \/ Yoast SEO plugin. -->","yoast_head_json":{"title":"Prolongation des heures d\u2019ouverture de Termont et de MGT - CargoM","robots":{"index":"index","follow":"follow","max-snippet":"max-snippet:-1","max-image-preview":"max-image-preview:large","max-video-preview":"max-video-preview:-1"},"canonical":"https:\/\/www.cargo-montreal.ca\/fr\/1-prolongation-des-heures-douverture-de-termont-et-de-mgt\/","og_locale":"fr_FR","og_type":"article","og_title":"Prolongation des heures d\u2019ouverture de Termont et de MGT - CargoM","og_description":"Depuis le 9 janvier 2023, les heures d\u2019op\u00e9ration des gu\u00e9rites pour les terminaux Termont et MGT sont prolong\u00e9es, ouvrant \u00e0 5 h du lundi au vendredi au lieu de 6 h. Les heures de fermeture pour Termont et MGT reste inchang\u00e9es, soit respectivement 22 h et 23 h. L\u2019objectif de ces prolongations d&rsquo;heures de services [&hellip;]","og_url":"https:\/\/www.cargo-montreal.ca\/fr\/1-prolongation-des-heures-douverture-de-termont-et-de-mgt\/","og_site_name":"CargoM","article_published_time":"2023-01-18T14:03:37+00:00","article_modified_time":"2023-01-18T14:45:00+00:00","og_image":[{"width":883,"height":202,"url":"https:\/\/www.cargo-montreal.ca\/wp-content\/uploads\/2023\/01\/Capture-1.jpg","type":"image\/jpeg"}],"author":"Karine Dudognon","twitter_card":"summary_large_image","twitter_misc":{"\u00c9crit par":"Karine Dudognon","Dur\u00e9e de lecture estim\u00e9e":"1 minute"},"schema":{"@context":"https:\/\/schema.org","@graph":[{"@type":"Article","@id":"https:\/\/www.cargo-montreal.ca\/fr\/1-prolongation-des-heures-douverture-de-termont-et-de-mgt\/#article","isPartOf":{"@id":"https:\/\/www.cargo-montreal.ca\/fr\/1-prolongation-des-heures-douverture-de-termont-et-de-mgt\/"},"author":{"name":"Karine Dudognon","@id":"https:\/\/www.cargo-montreal.ca\/fr\/#\/schema\/person\/80476d173ce654813db9fd1533901365"},"headline":"Prolongation des heures d\u2019ouverture de Termont et de MGT","datePublished":"2023-01-18T14:03:37+00:00","dateModified":"2023-01-18T14:45:00+00:00","mainEntityOfPage":{"@id":"https:\/\/www.cargo-montreal.ca\/fr\/1-prolongation-des-heures-douverture-de-termont-et-de-mgt\/"},"wordCount":116,"image":{"@id":"https:\/\/www.cargo-montreal.ca\/fr\/1-prolongation-des-heures-douverture-de-termont-et-de-mgt\/#primaryimage"},"thumbnailUrl":"https:\/\/www.cargo-montreal.ca\/wp-content\/uploads\/2023\/01\/Capture-1.jpg","articleSection":["Services logistiques"],"inLanguage":"fr-FR"},{"@type":"WebPage","@id":"https:\/\/www.cargo-montreal.ca\/fr\/1-prolongation-des-heures-douverture-de-termont-et-de-mgt\/","url":"https:\/\/www.cargo-montreal.ca\/fr\/1-prolongation-des-heures-douverture-de-termont-et-de-mgt\/","name":"Prolongation des heures d\u2019ouverture de Termont et de MGT - CargoM","isPartOf":{"@id":"https:\/\/www.cargo-montreal.ca\/fr\/#website"},"primaryImageOfPage":{"@id":"https:\/\/www.cargo-montreal.ca\/fr\/1-prolongation-des-heures-douverture-de-termont-et-de-mgt\/#primaryimage"},"image":{"@id":"https:\/\/www.cargo-montreal.ca\/fr\/1-prolongation-des-heures-douverture-de-termont-et-de-mgt\/#primaryimage"},"thumbnailUrl":"https:\/\/www.cargo-montreal.ca\/wp-content\/uploads\/2023\/01\/Capture-1.jpg","datePublished":"2023-01-18T14:03:37+00:00","dateModified":"2023-01-18T14:45:00+00:00","author":{"@id":"https:\/\/www.cargo-montreal.ca\/fr\/#\/schema\/person\/80476d173ce654813db9fd1533901365"},"breadcrumb":{"@id":"https:\/\/www.cargo-montreal.ca\/fr\/1-prolongation-des-heures-douverture-de-termont-et-de-mgt\/#breadcrumb"},"inLanguage":"fr-FR","potentialAction":[{"@type":"ReadAction","target":["https:\/\/www.cargo-montreal.ca\/fr\/1-prolongation-des-heures-douverture-de-termont-et-de-mgt\/"]}]},{"@type":"ImageObject","inLanguage":"fr-FR","@id":"https:\/\/www.cargo-montreal.ca\/fr\/1-prolongation-des-heures-douverture-de-termont-et-de-mgt\/#primaryimage","url":"https:\/\/www.cargo-montreal.ca\/wp-content\/uploads\/2023\/01\/Capture-1.jpg","contentUrl":"https:\/\/www.cargo-montreal.ca\/wp-content\/uploads\/2023\/01\/Capture-1.jpg","width":883,"height":202},{"@type":"BreadcrumbList","@id":"https:\/\/www.cargo-montreal.ca\/fr\/1-prolongation-des-heures-douverture-de-termont-et-de-mgt\/#breadcrumb","itemListElement":[{"@type":"ListItem","position":1,"name":"Home","item":"https:\/\/www.cargo-montreal.ca\/fr\/"},{"@type":"ListItem","position":2,"name":"Prolongation des heures d\u2019ouverture de Termont et de MGT"}]},{"@type":"WebSite","@id":"https:\/\/www.cargo-montreal.ca\/fr\/#website","url":"https:\/\/www.cargo-montreal.ca\/fr\/","name":"CargoM","description":"La mission de CargoM: Rassembler les acteurs de la logistique &amp; du transport de marchandises du Grand Montr\u00e9al autour d&#039;objectifs communs, d&#039;actions concert\u00e9es","potentialAction":[{"@type":"SearchAction","target":{"@type":"EntryPoint","urlTemplate":"https:\/\/www.cargo-montreal.ca\/fr\/?s={search_term_string}"},"query-input":{"@type":"PropertyValueSpecification","valueRequired":true,"valueName":"search_term_string"}}],"inLanguage":"fr-FR"},{"@type":"Person","@id":"https:\/\/www.cargo-montreal.ca\/fr\/#\/schema\/person\/80476d173ce654813db9fd1533901365","name":"Karine Dudognon","image":{"@type":"ImageObject","inLanguage":"fr-FR","@id":"https:\/\/secure.gravatar.com\/avatar\/673bdfb703a9b6685a88bc7dfb04a9ea2b48b30e9d1663a5e759a4e9bfa3e2c0?s=96&d=mm&r=g","url":"https:\/\/secure.gravatar.com\/avatar\/673bdfb703a9b6685a88bc7dfb04a9ea2b48b30e9d1663a5e759a4e9bfa3e2c0?s=96&d=mm&r=g","contentUrl":"https:\/\/secure.gravatar.com\/avatar\/673bdfb703a9b6685a88bc7dfb04a9ea2b48b30e9d1663a5e759a4e9bfa3e2c0?s=96&d=mm&r=g","caption":"Karine Dudognon"},"url":"https:\/\/www.cargo-montreal.ca\/fr\/author\/karine\/"}]}},"_links":{"self":[{"href":"https:\/\/www.cargo-montreal.ca\/fr\/wp-json\/wp\/v2\/posts\/14264","targetHints":{"allow":["GET"]}}],"collection":[{"href":"https:\/\/www.cargo-montreal.ca\/fr\/wp-json\/wp\/v2\/posts"}],"about":[{"href":"https:\/\/www.cargo-montreal.ca\/fr\/wp-json\/wp\/v2\/types\/post"}],"author":[{"embeddable":true,"href":"https:\/\/www.cargo-montreal.ca\/fr\/wp-json\/wp\/v2\/users\/39"}],"replies":[{"embeddable":true,"href":"https:\/\/www.cargo-montreal.ca\/fr\/wp-json\/wp\/v2\/comments?post=14264"}],"version-history":[{"count":2,"href":"https:\/\/www.cargo-montreal.ca\/fr\/wp-json\/wp\/v2\/posts\/14264\/revisions"}],"predecessor-version":[{"id":14307,"href":"https:\/\/www.cargo-montreal.ca\/fr\/wp-json\/wp\/v2\/posts\/14264\/revisions\/14307"}],"wp:featuredmedia":[{"embeddable":true,"href":"https:\/\/www.cargo-montreal.ca\/fr\/wp-json\/wp\/v2\/media\/14267"}],"wp:attachment":[{"href":"https:\/\/www.cargo-montreal.ca\/fr\/wp-json\/wp\/v2\/media?parent=14264"}],"wp:term":[{"taxonomy":"category","embeddable":true,"href":"https:\/\/www.cargo-montreal.ca\/fr\/wp-json\/wp\/v2\/categories?post=14264"},{"taxonomy":"post_tag","embeddable":true,"href":"https:\/\/www.cargo-montreal.ca\/fr\/wp-json\/wp\/v2\/tags?post=14264"}],"curies":[{"name":"wp","href":"https:\/\/api.w.org\/{rel}","templated":true}]}}