{"id":14282,"date":"2023-01-18T14:18:30","date_gmt":"2023-01-18T14:18:30","guid":{"rendered":"https:\/\/www.cargo-montreal.ca\/?p=14282"},"modified":"2023-01-18T14:42:45","modified_gmt":"2023-01-18T14:42:45","slug":"1-calendrier-des-evenements","status":"publish","type":"post","link":"https:\/\/www.cargo-montreal.ca\/fr\/1-calendrier-des-evenements\/","title":{"rendered":"Calendrier des \u00e9v\u00e9nements"},"content":{"rendered":"Ne manquez pas les \u00e9v\u00e9nements suivants. Si vous souhaitez que CargoM ajoute votre \u00e9v\u00e9nement \u00e0 son\u00a0<a href=\"https:\/\/www.cargo-montreal.ca\/fr\/calendrier\/\" target=\"_blank\" rel=\"noopener\" data-hs-link-id=\"0\">calendrier<\/a>, contactez Mme\u00a0<a href=\"mailto:kdudognon@cargo-montreal.ca\" target=\"_blank\" rel=\"noopener\" data-hs-link-id=\"0\">Karine Dudognon<\/a>.\r\n<p align=\"justify\">24 janvier 2023\u00a0\u2013\u00a0<a href=\"https:\/\/www.carrefour-acq.org\/evenements\/le-darkweb-realite-cybercrimes-au-quebec\" target=\"_blank\" rel=\"noopener\" data-hs-link-id=\"0\">Le Darkweb et la r\u00e9alit\u00e9 des cybercrimes au Qu\u00e9bec<\/a>\u00a0\u2013\u00a0<a href=\"https:\/\/www.carrefour-acq.org\/accueil\" target=\"_blank\" rel=\"noopener\" data-hs-link-id=\"0\">ACQ<\/a><\/p>\r\n<p align=\"justify\">13 au 15 mars 2023\u00a0(participation de CargoM le 14 mars)\u00a0\u2013\u00a0<a href=\"https:\/\/www.eventbrite.ca\/e\/billets-impulsion-sommet-international-des-transports-electriques-et-intelligents-470435835247?aff=odeimcmailchimp&amp;mc_cid=8fc555e760&amp;mc_eid=ddccdd523d\" target=\"_blank\" rel=\"noopener\" data-hs-link-id=\"0\">Impulsion \u00e9dition innovation\u00a0<\/a>\u2013\u00a0<a href=\"https:\/\/propulsionquebec.com\/\" target=\"_blank\" rel=\"noopener\" data-hs-link-id=\"0\">Propulsion Qu\u00e9bec<\/a><\/p>\r\n<p align=\"justify\">16 mars 2023\u00a0\u2013\u00a0<a href=\"http:\/\/www.tcmtl.com\/event\/femmes-en-logistique-2\/\" target=\"_blank\" rel=\"noopener\" data-hs-link-id=\"0\">Les femmes en logistique<\/a>\u00a0\u2013\u00a0<a href=\"http:\/\/www.tcmtl.com\/\" target=\"_blank\" rel=\"noopener\" data-hs-link-id=\"0\">Le Club de Trafic de Montr\u00e9al<\/a><\/p>\r\n<p align=\"justify\">20 avril 2023 \u2013\u00a0<a href=\"http:\/\/www.tcmtl.com\/event\/gala\/\" target=\"_blank\" rel=\"noopener\" data-hs-link-id=\"0\">D\u00eener annuel IGNITE<\/a>\u00a0\u2013\u00a0<a href=\"http:\/\/www.tcmtl.com\/\" target=\"_blank\" rel=\"noopener\" data-hs-link-id=\"1\">Le Club de Trafic de Montr\u00e9al<\/a><\/p>\r\n<p align=\"justify\">27 au 29 avril 2023\u00a0\u2013\u00a0<a href=\"https:\/\/www.carrefour-acq.org\/evenements\/congres-annuel-2023\" target=\"_blank\" rel=\"noopener\" data-hs-link-id=\"0\">70<sup>e<\/sup>\u00a0Congr\u00e8s annuel de l\u2019ACQ<\/a>\u00a0\u2013\u00a0<a href=\"https:\/\/www.carrefour-acq.org\/accueil\" target=\"_blank\" rel=\"noopener\" data-hs-link-id=\"1\">Association du camionnage du Qu\u00e9bec<\/a><\/p>\r\n<p align=\"justify\">23 mai 2023\u00a0\u2013 5<sup>e<\/sup>\u00a0\u00e9dition de l\u2019agora de la CMM (Inscription \u00e0 venir) \u2013\u00a0<a href=\"https:\/\/cmm.qc.ca\/\" target=\"_blank\" rel=\"noopener\" data-hs-link-id=\"0\">Communaut\u00e9 m\u00e9tropolitaine de Montr\u00e9al<\/a><\/p>\r\n<p align=\"justify\">24 mai 2023 \u2013\u00a0<a href=\"https:\/\/mercador.ca\/\" target=\"_blank\" rel=\"noopener\" data-hs-link-id=\"1\">Gala MercadOr<\/a>\u00a0\u2013\u00a0<a href=\"https:\/\/ciquebec.ca\/\" target=\"_blank\" rel=\"noopener\" data-hs-link-id=\"1\">Commerce international Qu\u00e9bec<\/a><\/p>\r\n<p align=\"justify\"><strong>\u00c0 mettre \u00e0 vos agendas\u00a0<\/strong><\/p>\r\n<p align=\"justify\">31 mai 2023 \u2013 Assembl\u00e9e g\u00e9n\u00e9rale annuelle de CargoM et Cocktail 10<sup>e<\/sup>\u00a0anniversaire \u2013\u00a0<a href=\"https:\/\/www.cargo-montreal.ca\/fr\/\" target=\"_blank\" rel=\"noopener\" data-hs-link-id=\"2\">CargoM<\/a><\/p>","protected":false},"excerpt":{"rendered":"Ne manquez pas les \u00e9v\u00e9nements suivants. Si vous souhaitez que CargoM ajoute votre \u00e9v\u00e9nement \u00e0 son\u00a0calendrier, contactez Mme\u00a0Karine Dudognon. 24 janvier 2023\u00a0\u2013\u00a0Le Darkweb et la r\u00e9alit\u00e9 des cybercrimes au Qu\u00e9bec\u00a0\u2013\u00a0ACQ 13 au 15 mars 2023\u00a0(participation de CargoM le 14 mars)\u00a0\u2013\u00a0Impulsion \u00e9dition innovation\u00a0\u2013\u00a0Propulsion Qu\u00e9bec 16 mars 2023\u00a0\u2013\u00a0Les femmes en logistique\u00a0\u2013\u00a0Le Club de Trafic de Montr\u00e9al 20 [&hellip;]","protected":false},"author":39,"featured_media":13255,"comment_status":"closed","ping_status":"closed","sticky":false,"template":"","format":"standard","meta":{"_acf_changed":false,"footnotes":""},"categories":[20],"tags":[],"class_list":["post-14282","post","type-post","status-publish","format-standard","has-post-thumbnail","hentry","category-services-logistiques"],"acf":[],"yoast_head":"<!-- This site is optimized with the Yoast SEO plugin v27.3 - https:\/\/yoast.com\/product\/yoast-seo-wordpress\/ -->\n<title>Calendrier des \u00e9v\u00e9nements - CargoM<\/title>\n<meta name=\"robots\" content=\"index, follow, max-snippet:-1, max-image-preview:large, max-video-preview:-1\" \/>\n<link rel=\"canonical\" href=\"https:\/\/www.cargo-montreal.ca\/fr\/1-calendrier-des-evenements\/\" \/>\n<meta property=\"og:locale\" content=\"fr_FR\" \/>\n<meta property=\"og:type\" content=\"article\" \/>\n<meta property=\"og:title\" content=\"Calendrier des \u00e9v\u00e9nements - CargoM\" \/>\n<meta property=\"og:description\" content=\"Ne manquez pas les \u00e9v\u00e9nements suivants. Si vous souhaitez que CargoM ajoute votre \u00e9v\u00e9nement \u00e0 son\u00a0calendrier, contactez Mme\u00a0Karine Dudognon. 24 janvier 2023\u00a0\u2013\u00a0Le Darkweb et la r\u00e9alit\u00e9 des cybercrimes au Qu\u00e9bec\u00a0\u2013\u00a0ACQ 13 au 15 mars 2023\u00a0(participation de CargoM le 14 mars)\u00a0\u2013\u00a0Impulsion \u00e9dition innovation\u00a0\u2013\u00a0Propulsion Qu\u00e9bec 16 mars 2023\u00a0\u2013\u00a0Les femmes en logistique\u00a0\u2013\u00a0Le Club de Trafic de Montr\u00e9al 20 [&hellip;]\" \/>\n<meta property=\"og:url\" content=\"https:\/\/www.cargo-montreal.ca\/fr\/1-calendrier-des-evenements\/\" \/>\n<meta property=\"og:site_name\" content=\"CargoM\" \/>\n<meta property=\"article:published_time\" content=\"2023-01-18T14:18:30+00:00\" \/>\n<meta property=\"article:modified_time\" content=\"2023-01-18T14:42:45+00:00\" \/>\n<meta property=\"og:image\" content=\"https:\/\/www.cargo-montreal.ca\/wp-content\/uploads\/2022\/05\/calendrier-scaled.jpg\" \/>\n\t<meta property=\"og:image:width\" content=\"2560\" \/>\n\t<meta property=\"og:image:height\" content=\"2560\" \/>\n\t<meta property=\"og:image:type\" content=\"image\/jpeg\" \/>\n<meta name=\"author\" content=\"Karine Dudognon\" \/>\n<meta name=\"twitter:card\" content=\"summary_large_image\" \/>\n<meta name=\"twitter:label1\" content=\"\u00c9crit par\" \/>\n\t<meta name=\"twitter:data1\" content=\"Karine Dudognon\" \/>\n\t<meta name=\"twitter:label2\" content=\"Dur\u00e9e de lecture estim\u00e9e\" \/>\n\t<meta name=\"twitter:data2\" content=\"1 minute\" \/>\n<script type=\"application\/ld+json\" class=\"yoast-schema-graph\">{\"@context\":\"https:\\\/\\\/schema.org\",\"@graph\":[{\"@type\":\"Article\",\"@id\":\"https:\\\/\\\/www.cargo-montreal.ca\\\/fr\\\/1-calendrier-des-evenements\\\/#article\",\"isPartOf\":{\"@id\":\"https:\\\/\\\/www.cargo-montreal.ca\\\/fr\\\/1-calendrier-des-evenements\\\/\"},\"author\":{\"name\":\"Karine Dudognon\",\"@id\":\"https:\\\/\\\/www.cargo-montreal.ca\\\/fr\\\/#\\\/schema\\\/person\\\/80476d173ce654813db9fd1533901365\"},\"headline\":\"Calendrier des \u00e9v\u00e9nements\",\"datePublished\":\"2023-01-18T14:18:30+00:00\",\"dateModified\":\"2023-01-18T14:42:45+00:00\",\"mainEntityOfPage\":{\"@id\":\"https:\\\/\\\/www.cargo-montreal.ca\\\/fr\\\/1-calendrier-des-evenements\\\/\"},\"wordCount\":132,\"image\":{\"@id\":\"https:\\\/\\\/www.cargo-montreal.ca\\\/fr\\\/1-calendrier-des-evenements\\\/#primaryimage\"},\"thumbnailUrl\":\"https:\\\/\\\/www.cargo-montreal.ca\\\/wp-content\\\/uploads\\\/2022\\\/05\\\/calendrier-scaled.jpg\",\"articleSection\":[\"Services logistiques\"],\"inLanguage\":\"fr-FR\"},{\"@type\":\"WebPage\",\"@id\":\"https:\\\/\\\/www.cargo-montreal.ca\\\/fr\\\/1-calendrier-des-evenements\\\/\",\"url\":\"https:\\\/\\\/www.cargo-montreal.ca\\\/fr\\\/1-calendrier-des-evenements\\\/\",\"name\":\"Calendrier des \u00e9v\u00e9nements - CargoM\",\"isPartOf\":{\"@id\":\"https:\\\/\\\/www.cargo-montreal.ca\\\/fr\\\/#website\"},\"primaryImageOfPage\":{\"@id\":\"https:\\\/\\\/www.cargo-montreal.ca\\\/fr\\\/1-calendrier-des-evenements\\\/#primaryimage\"},\"image\":{\"@id\":\"https:\\\/\\\/www.cargo-montreal.ca\\\/fr\\\/1-calendrier-des-evenements\\\/#primaryimage\"},\"thumbnailUrl\":\"https:\\\/\\\/www.cargo-montreal.ca\\\/wp-content\\\/uploads\\\/2022\\\/05\\\/calendrier-scaled.jpg\",\"datePublished\":\"2023-01-18T14:18:30+00:00\",\"dateModified\":\"2023-01-18T14:42:45+00:00\",\"author\":{\"@id\":\"https:\\\/\\\/www.cargo-montreal.ca\\\/fr\\\/#\\\/schema\\\/person\\\/80476d173ce654813db9fd1533901365\"},\"breadcrumb\":{\"@id\":\"https:\\\/\\\/www.cargo-montreal.ca\\\/fr\\\/1-calendrier-des-evenements\\\/#breadcrumb\"},\"inLanguage\":\"fr-FR\",\"potentialAction\":[{\"@type\":\"ReadAction\",\"target\":[\"https:\\\/\\\/www.cargo-montreal.ca\\\/fr\\\/1-calendrier-des-evenements\\\/\"]}]},{\"@type\":\"ImageObject\",\"inLanguage\":\"fr-FR\",\"@id\":\"https:\\\/\\\/www.cargo-montreal.ca\\\/fr\\\/1-calendrier-des-evenements\\\/#primaryimage\",\"url\":\"https:\\\/\\\/www.cargo-montreal.ca\\\/wp-content\\\/uploads\\\/2022\\\/05\\\/calendrier-scaled.jpg\",\"contentUrl\":\"https:\\\/\\\/www.cargo-montreal.ca\\\/wp-content\\\/uploads\\\/2022\\\/05\\\/calendrier-scaled.jpg\",\"width\":2560,\"height\":2560},{\"@type\":\"BreadcrumbList\",\"@id\":\"https:\\\/\\\/www.cargo-montreal.ca\\\/fr\\\/1-calendrier-des-evenements\\\/#breadcrumb\",\"itemListElement\":[{\"@type\":\"ListItem\",\"position\":1,\"name\":\"Home\",\"item\":\"https:\\\/\\\/www.cargo-montreal.ca\\\/fr\\\/\"},{\"@type\":\"ListItem\",\"position\":2,\"name\":\"Calendrier des \u00e9v\u00e9nements\"}]},{\"@type\":\"WebSite\",\"@id\":\"https:\\\/\\\/www.cargo-montreal.ca\\\/fr\\\/#website\",\"url\":\"https:\\\/\\\/www.cargo-montreal.ca\\\/fr\\\/\",\"name\":\"CargoM\",\"description\":\"La mission de CargoM: Rassembler les acteurs de la logistique &amp; du transport de marchandises du Grand Montr\u00e9al autour d&#039;objectifs communs, d&#039;actions concert\u00e9es\",\"potentialAction\":[{\"@type\":\"SearchAction\",\"target\":{\"@type\":\"EntryPoint\",\"urlTemplate\":\"https:\\\/\\\/www.cargo-montreal.ca\\\/fr\\\/?s={search_term_string}\"},\"query-input\":{\"@type\":\"PropertyValueSpecification\",\"valueRequired\":true,\"valueName\":\"search_term_string\"}}],\"inLanguage\":\"fr-FR\"},{\"@type\":\"Person\",\"@id\":\"https:\\\/\\\/www.cargo-montreal.ca\\\/fr\\\/#\\\/schema\\\/person\\\/80476d173ce654813db9fd1533901365\",\"name\":\"Karine Dudognon\",\"image\":{\"@type\":\"ImageObject\",\"inLanguage\":\"fr-FR\",\"@id\":\"https:\\\/\\\/secure.gravatar.com\\\/avatar\\\/673bdfb703a9b6685a88bc7dfb04a9ea2b48b30e9d1663a5e759a4e9bfa3e2c0?s=96&d=mm&r=g\",\"url\":\"https:\\\/\\\/secure.gravatar.com\\\/avatar\\\/673bdfb703a9b6685a88bc7dfb04a9ea2b48b30e9d1663a5e759a4e9bfa3e2c0?s=96&d=mm&r=g\",\"contentUrl\":\"https:\\\/\\\/secure.gravatar.com\\\/avatar\\\/673bdfb703a9b6685a88bc7dfb04a9ea2b48b30e9d1663a5e759a4e9bfa3e2c0?s=96&d=mm&r=g\",\"caption\":\"Karine Dudognon\"},\"url\":\"https:\\\/\\\/www.cargo-montreal.ca\\\/fr\\\/author\\\/karine\\\/\"}]}<\/script>\n<!-- \/ Yoast SEO plugin. -->","yoast_head_json":{"title":"Calendrier des \u00e9v\u00e9nements - CargoM","robots":{"index":"index","follow":"follow","max-snippet":"max-snippet:-1","max-image-preview":"max-image-preview:large","max-video-preview":"max-video-preview:-1"},"canonical":"https:\/\/www.cargo-montreal.ca\/fr\/1-calendrier-des-evenements\/","og_locale":"fr_FR","og_type":"article","og_title":"Calendrier des \u00e9v\u00e9nements - CargoM","og_description":"Ne manquez pas les \u00e9v\u00e9nements suivants. Si vous souhaitez que CargoM ajoute votre \u00e9v\u00e9nement \u00e0 son\u00a0calendrier, contactez Mme\u00a0Karine Dudognon. 24 janvier 2023\u00a0\u2013\u00a0Le Darkweb et la r\u00e9alit\u00e9 des cybercrimes au Qu\u00e9bec\u00a0\u2013\u00a0ACQ 13 au 15 mars 2023\u00a0(participation de CargoM le 14 mars)\u00a0\u2013\u00a0Impulsion \u00e9dition innovation\u00a0\u2013\u00a0Propulsion Qu\u00e9bec 16 mars 2023\u00a0\u2013\u00a0Les femmes en logistique\u00a0\u2013\u00a0Le Club de Trafic de Montr\u00e9al 20 [&hellip;]","og_url":"https:\/\/www.cargo-montreal.ca\/fr\/1-calendrier-des-evenements\/","og_site_name":"CargoM","article_published_time":"2023-01-18T14:18:30+00:00","article_modified_time":"2023-01-18T14:42:45+00:00","og_image":[{"width":2560,"height":2560,"url":"https:\/\/www.cargo-montreal.ca\/wp-content\/uploads\/2022\/05\/calendrier-scaled.jpg","type":"image\/jpeg"}],"author":"Karine Dudognon","twitter_card":"summary_large_image","twitter_misc":{"\u00c9crit par":"Karine Dudognon","Dur\u00e9e de lecture estim\u00e9e":"1 minute"},"schema":{"@context":"https:\/\/schema.org","@graph":[{"@type":"Article","@id":"https:\/\/www.cargo-montreal.ca\/fr\/1-calendrier-des-evenements\/#article","isPartOf":{"@id":"https:\/\/www.cargo-montreal.ca\/fr\/1-calendrier-des-evenements\/"},"author":{"name":"Karine Dudognon","@id":"https:\/\/www.cargo-montreal.ca\/fr\/#\/schema\/person\/80476d173ce654813db9fd1533901365"},"headline":"Calendrier des \u00e9v\u00e9nements","datePublished":"2023-01-18T14:18:30+00:00","dateModified":"2023-01-18T14:42:45+00:00","mainEntityOfPage":{"@id":"https:\/\/www.cargo-montreal.ca\/fr\/1-calendrier-des-evenements\/"},"wordCount":132,"image":{"@id":"https:\/\/www.cargo-montreal.ca\/fr\/1-calendrier-des-evenements\/#primaryimage"},"thumbnailUrl":"https:\/\/www.cargo-montreal.ca\/wp-content\/uploads\/2022\/05\/calendrier-scaled.jpg","articleSection":["Services logistiques"],"inLanguage":"fr-FR"},{"@type":"WebPage","@id":"https:\/\/www.cargo-montreal.ca\/fr\/1-calendrier-des-evenements\/","url":"https:\/\/www.cargo-montreal.ca\/fr\/1-calendrier-des-evenements\/","name":"Calendrier des \u00e9v\u00e9nements - CargoM","isPartOf":{"@id":"https:\/\/www.cargo-montreal.ca\/fr\/#website"},"primaryImageOfPage":{"@id":"https:\/\/www.cargo-montreal.ca\/fr\/1-calendrier-des-evenements\/#primaryimage"},"image":{"@id":"https:\/\/www.cargo-montreal.ca\/fr\/1-calendrier-des-evenements\/#primaryimage"},"thumbnailUrl":"https:\/\/www.cargo-montreal.ca\/wp-content\/uploads\/2022\/05\/calendrier-scaled.jpg","datePublished":"2023-01-18T14:18:30+00:00","dateModified":"2023-01-18T14:42:45+00:00","author":{"@id":"https:\/\/www.cargo-montreal.ca\/fr\/#\/schema\/person\/80476d173ce654813db9fd1533901365"},"breadcrumb":{"@id":"https:\/\/www.cargo-montreal.ca\/fr\/1-calendrier-des-evenements\/#breadcrumb"},"inLanguage":"fr-FR","potentialAction":[{"@type":"ReadAction","target":["https:\/\/www.cargo-montreal.ca\/fr\/1-calendrier-des-evenements\/"]}]},{"@type":"ImageObject","inLanguage":"fr-FR","@id":"https:\/\/www.cargo-montreal.ca\/fr\/1-calendrier-des-evenements\/#primaryimage","url":"https:\/\/www.cargo-montreal.ca\/wp-content\/uploads\/2022\/05\/calendrier-scaled.jpg","contentUrl":"https:\/\/www.cargo-montreal.ca\/wp-content\/uploads\/2022\/05\/calendrier-scaled.jpg","width":2560,"height":2560},{"@type":"BreadcrumbList","@id":"https:\/\/www.cargo-montreal.ca\/fr\/1-calendrier-des-evenements\/#breadcrumb","itemListElement":[{"@type":"ListItem","position":1,"name":"Home","item":"https:\/\/www.cargo-montreal.ca\/fr\/"},{"@type":"ListItem","position":2,"name":"Calendrier des \u00e9v\u00e9nements"}]},{"@type":"WebSite","@id":"https:\/\/www.cargo-montreal.ca\/fr\/#website","url":"https:\/\/www.cargo-montreal.ca\/fr\/","name":"CargoM","description":"La mission de CargoM: Rassembler les acteurs de la logistique &amp; du transport de marchandises du Grand Montr\u00e9al autour d&#039;objectifs communs, d&#039;actions concert\u00e9es","potentialAction":[{"@type":"SearchAction","target":{"@type":"EntryPoint","urlTemplate":"https:\/\/www.cargo-montreal.ca\/fr\/?s={search_term_string}"},"query-input":{"@type":"PropertyValueSpecification","valueRequired":true,"valueName":"search_term_string"}}],"inLanguage":"fr-FR"},{"@type":"Person","@id":"https:\/\/www.cargo-montreal.ca\/fr\/#\/schema\/person\/80476d173ce654813db9fd1533901365","name":"Karine Dudognon","image":{"@type":"ImageObject","inLanguage":"fr-FR","@id":"https:\/\/secure.gravatar.com\/avatar\/673bdfb703a9b6685a88bc7dfb04a9ea2b48b30e9d1663a5e759a4e9bfa3e2c0?s=96&d=mm&r=g","url":"https:\/\/secure.gravatar.com\/avatar\/673bdfb703a9b6685a88bc7dfb04a9ea2b48b30e9d1663a5e759a4e9bfa3e2c0?s=96&d=mm&r=g","contentUrl":"https:\/\/secure.gravatar.com\/avatar\/673bdfb703a9b6685a88bc7dfb04a9ea2b48b30e9d1663a5e759a4e9bfa3e2c0?s=96&d=mm&r=g","caption":"Karine Dudognon"},"url":"https:\/\/www.cargo-montreal.ca\/fr\/author\/karine\/"}]}},"_links":{"self":[{"href":"https:\/\/www.cargo-montreal.ca\/fr\/wp-json\/wp\/v2\/posts\/14282","targetHints":{"allow":["GET"]}}],"collection":[{"href":"https:\/\/www.cargo-montreal.ca\/fr\/wp-json\/wp\/v2\/posts"}],"about":[{"href":"https:\/\/www.cargo-montreal.ca\/fr\/wp-json\/wp\/v2\/types\/post"}],"author":[{"embeddable":true,"href":"https:\/\/www.cargo-montreal.ca\/fr\/wp-json\/wp\/v2\/users\/39"}],"replies":[{"embeddable":true,"href":"https:\/\/www.cargo-montreal.ca\/fr\/wp-json\/wp\/v2\/comments?post=14282"}],"version-history":[{"count":2,"href":"https:\/\/www.cargo-montreal.ca\/fr\/wp-json\/wp\/v2\/posts\/14282\/revisions"}],"predecessor-version":[{"id":14303,"href":"https:\/\/www.cargo-montreal.ca\/fr\/wp-json\/wp\/v2\/posts\/14282\/revisions\/14303"}],"wp:featuredmedia":[{"embeddable":true,"href":"https:\/\/www.cargo-montreal.ca\/fr\/wp-json\/wp\/v2\/media\/13255"}],"wp:attachment":[{"href":"https:\/\/www.cargo-montreal.ca\/fr\/wp-json\/wp\/v2\/media?parent=14282"}],"wp:term":[{"taxonomy":"category","embeddable":true,"href":"https:\/\/www.cargo-montreal.ca\/fr\/wp-json\/wp\/v2\/categories?post=14282"},{"taxonomy":"post_tag","embeddable":true,"href":"https:\/\/www.cargo-montreal.ca\/fr\/wp-json\/wp\/v2\/tags?post=14282"}],"curies":[{"name":"wp","href":"https:\/\/api.w.org\/{rel}","templated":true}]}}