{"id":14364,"date":"2023-02-15T16:32:10","date_gmt":"2023-02-15T16:32:10","guid":{"rendered":"https:\/\/www.cargo-montreal.ca\/?p=14364"},"modified":"2023-02-15T16:32:10","modified_gmt":"2023-02-15T16:32:10","slug":"mise-a-jour-de-letude-profile-du-secteur-de-la-logistique-et-des-transports-du-grand-montreal","status":"publish","type":"post","link":"https:\/\/www.cargo-montreal.ca\/fr\/mise-a-jour-de-letude-profile-du-secteur-de-la-logistique-et-des-transports-du-grand-montreal\/","title":{"rendered":"Mise \u00e0 jour de l\u2019\u00e9tude : Profile du secteur de la logistique et des transports du Grand Montr\u00e9al"},"content":{"rendered":"CargoM, est heureuse de pr\u00e9senter les r\u00e9sultats mis \u00e0 jour de l\u2019\u00e9tude r\u00e9alis\u00e9e par KPMG en 2013-2014 portant sur le secteur de la logistique et du transport de marchandises\u00a0au Qu\u00e9bec et plus particuli\u00e8rement dans le Grand Montr\u00e9al. \u00a0Cette \u00e9tude, qui a servi de fondation aux premiers projets de la Grappe, regroupe les donn\u00e9es disponibles sur les diff\u00e9rents segments du transport routier, maritime, ferroviaire et a\u00e9rien.\r\n<p align=\"justify\">Entre 2012 et 2021, pour le Grand Montr\u00e9al, l&rsquo;\u00e9tude d\u00e9montre :<\/p>\r\n\u2b06\ufe0fAugmentation du nombre d\u2019emplois directs de plus de 10 000 de 43 700 \u00e0 54 100\r\n\r\n\u2b07\ufe0fDiminution du nombre d\u2019entreprises de 6 297 \u00e0 6 089\r\n<p align=\"justify\">\u2b06\ufe0fAugmentation de la valeur ajout\u00e9e de 4 G$ \u00e0 8,7 G$<\/p>\r\n<p align=\"justify\">Les donn\u00e9es sur les \u00e9l\u00e9ments suivants ont \u00e9galement \u00e9t\u00e9 r\u00e9actualis\u00e9es : la position du Canada \u00e0 l\u2019\u00e9chelle mondiale; le portrait de l\u2019industrie au Canada, au Qu\u00e9bec et dans le Grand Montr\u00e9al; l\u2019impact \u00e9conomique de l\u2019industrie; et la main-d\u2019\u0153uvre.<\/p>\r\n<p align=\"justify\">Gr\u00e2ce \u00e0 cette mise \u00e0 jour, CargoM se dote de donn\u00e9es r\u00e9centes afin de mettre en place, avec le soutien de ses membres partenaires, des strat\u00e9gies efficaces et coh\u00e9rentes en tenant compte de l\u2019environnement actuel.<\/p>\r\n<a href=\"https:\/\/www.cargo-montreal.ca\/wp-content\/uploads\/2023\/02\/Communique_M-a-J_etude-KPMG_Fr-VF.pdf\" target=\"_blank\" rel=\"noopener\" data-hs-link-id=\"0\">Lire le communiqu\u00e9<\/a>\u00a0pour conna\u00eetre les faits saillants de l\u2019\u00e9tude\r\n<a href=\"https:\/\/www.cargo-montreal.ca\/wp-content\/uploads\/2023\/01\/CargoM-Rapport-final-2022.pdf\" target=\"_blank\" rel=\"noopener\" data-hs-link-id=\"0\">Consultez l\u2019\u00e9tude compl\u00e8te<\/a>\u00a0ou le\u00a0<a href=\"https:\/\/www.cargo-montreal.ca\/wp-content\/uploads\/2023\/01\/CargoM-Rapport-final-2022-Sommaire-Executif.pdf\" target=\"_blank\" rel=\"noopener\" data-hs-link-id=\"1\">sommaire ex\u00e9cutif<\/a>","protected":false},"excerpt":{"rendered":"CargoM, est heureuse de pr\u00e9senter les r\u00e9sultats mis \u00e0 jour de l\u2019\u00e9tude r\u00e9alis\u00e9e par KPMG en 2013-2014 portant sur le secteur de la logistique et du transport de marchandises\u00a0au Qu\u00e9bec et plus particuli\u00e8rement dans le Grand Montr\u00e9al. \u00a0Cette \u00e9tude, qui a servi de fondation aux premiers projets de la Grappe, regroupe les donn\u00e9es disponibles sur [&hellip;]","protected":false},"author":39,"featured_media":14395,"comment_status":"closed","ping_status":"closed","sticky":false,"template":"","format":"standard","meta":{"_acf_changed":false,"footnotes":""},"categories":[20],"tags":[],"class_list":["post-14364","post","type-post","status-publish","format-standard","has-post-thumbnail","hentry","category-services-logistiques"],"acf":[],"yoast_head":"<!-- This site is optimized with the Yoast SEO plugin v27.3 - https:\/\/yoast.com\/product\/yoast-seo-wordpress\/ -->\n<title>Mise \u00e0 jour de l\u2019\u00e9tude : Profile du secteur de la logistique et des transports du Grand Montr\u00e9al - CargoM<\/title>\n<meta name=\"robots\" content=\"index, follow, max-snippet:-1, max-image-preview:large, max-video-preview:-1\" \/>\n<link rel=\"canonical\" href=\"https:\/\/www.cargo-montreal.ca\/fr\/mise-a-jour-de-letude-profile-du-secteur-de-la-logistique-et-des-transports-du-grand-montreal\/\" \/>\n<meta property=\"og:locale\" content=\"fr_FR\" \/>\n<meta property=\"og:type\" content=\"article\" \/>\n<meta property=\"og:title\" content=\"Mise \u00e0 jour de l\u2019\u00e9tude : Profile du secteur de la logistique et des transports du Grand Montr\u00e9al - CargoM\" \/>\n<meta property=\"og:description\" content=\"CargoM, est heureuse de pr\u00e9senter les r\u00e9sultats mis \u00e0 jour de l\u2019\u00e9tude r\u00e9alis\u00e9e par KPMG en 2013-2014 portant sur le secteur de la logistique et du transport de marchandises\u00a0au Qu\u00e9bec et plus particuli\u00e8rement dans le Grand Montr\u00e9al. \u00a0Cette \u00e9tude, qui a servi de fondation aux premiers projets de la Grappe, regroupe les donn\u00e9es disponibles sur [&hellip;]\" \/>\n<meta property=\"og:url\" content=\"https:\/\/www.cargo-montreal.ca\/fr\/mise-a-jour-de-letude-profile-du-secteur-de-la-logistique-et-des-transports-du-grand-montreal\/\" \/>\n<meta property=\"og:site_name\" content=\"CargoM\" \/>\n<meta property=\"article:published_time\" content=\"2023-02-15T16:32:10+00:00\" \/>\n<meta property=\"og:image\" content=\"https:\/\/www.cargo-montreal.ca\/wp-content\/uploads\/2023\/02\/M-A-J_EtudeKPMG.jpg\" \/>\n\t<meta property=\"og:image:width\" content=\"1523\" \/>\n\t<meta property=\"og:image:height\" content=\"855\" \/>\n\t<meta property=\"og:image:type\" content=\"image\/jpeg\" \/>\n<meta name=\"author\" content=\"Karine Dudognon\" \/>\n<meta name=\"twitter:card\" content=\"summary_large_image\" \/>\n<meta name=\"twitter:label1\" content=\"\u00c9crit par\" \/>\n\t<meta name=\"twitter:data1\" content=\"Karine Dudognon\" \/>\n\t<meta name=\"twitter:label2\" content=\"Dur\u00e9e de lecture estim\u00e9e\" \/>\n\t<meta name=\"twitter:data2\" content=\"1 minute\" \/>\n<script type=\"application\/ld+json\" class=\"yoast-schema-graph\">{\"@context\":\"https:\\\/\\\/schema.org\",\"@graph\":[{\"@type\":\"Article\",\"@id\":\"https:\\\/\\\/www.cargo-montreal.ca\\\/fr\\\/mise-a-jour-de-letude-profile-du-secteur-de-la-logistique-et-des-transports-du-grand-montreal\\\/#article\",\"isPartOf\":{\"@id\":\"https:\\\/\\\/www.cargo-montreal.ca\\\/fr\\\/mise-a-jour-de-letude-profile-du-secteur-de-la-logistique-et-des-transports-du-grand-montreal\\\/\"},\"author\":{\"name\":\"Karine Dudognon\",\"@id\":\"https:\\\/\\\/www.cargo-montreal.ca\\\/fr\\\/#\\\/schema\\\/person\\\/80476d173ce654813db9fd1533901365\"},\"headline\":\"Mise \u00e0 jour de l\u2019\u00e9tude : Profile du secteur de la logistique et des transports du Grand Montr\u00e9al\",\"datePublished\":\"2023-02-15T16:32:10+00:00\",\"mainEntityOfPage\":{\"@id\":\"https:\\\/\\\/www.cargo-montreal.ca\\\/fr\\\/mise-a-jour-de-letude-profile-du-secteur-de-la-logistique-et-des-transports-du-grand-montreal\\\/\"},\"wordCount\":238,\"image\":{\"@id\":\"https:\\\/\\\/www.cargo-montreal.ca\\\/fr\\\/mise-a-jour-de-letude-profile-du-secteur-de-la-logistique-et-des-transports-du-grand-montreal\\\/#primaryimage\"},\"thumbnailUrl\":\"https:\\\/\\\/www.cargo-montreal.ca\\\/wp-content\\\/uploads\\\/2023\\\/02\\\/M-A-J_EtudeKPMG.jpg\",\"articleSection\":[\"Services logistiques\"],\"inLanguage\":\"fr-FR\"},{\"@type\":\"WebPage\",\"@id\":\"https:\\\/\\\/www.cargo-montreal.ca\\\/fr\\\/mise-a-jour-de-letude-profile-du-secteur-de-la-logistique-et-des-transports-du-grand-montreal\\\/\",\"url\":\"https:\\\/\\\/www.cargo-montreal.ca\\\/fr\\\/mise-a-jour-de-letude-profile-du-secteur-de-la-logistique-et-des-transports-du-grand-montreal\\\/\",\"name\":\"Mise \u00e0 jour de l\u2019\u00e9tude : Profile du secteur de la logistique et des transports du Grand Montr\u00e9al - CargoM\",\"isPartOf\":{\"@id\":\"https:\\\/\\\/www.cargo-montreal.ca\\\/fr\\\/#website\"},\"primaryImageOfPage\":{\"@id\":\"https:\\\/\\\/www.cargo-montreal.ca\\\/fr\\\/mise-a-jour-de-letude-profile-du-secteur-de-la-logistique-et-des-transports-du-grand-montreal\\\/#primaryimage\"},\"image\":{\"@id\":\"https:\\\/\\\/www.cargo-montreal.ca\\\/fr\\\/mise-a-jour-de-letude-profile-du-secteur-de-la-logistique-et-des-transports-du-grand-montreal\\\/#primaryimage\"},\"thumbnailUrl\":\"https:\\\/\\\/www.cargo-montreal.ca\\\/wp-content\\\/uploads\\\/2023\\\/02\\\/M-A-J_EtudeKPMG.jpg\",\"datePublished\":\"2023-02-15T16:32:10+00:00\",\"author\":{\"@id\":\"https:\\\/\\\/www.cargo-montreal.ca\\\/fr\\\/#\\\/schema\\\/person\\\/80476d173ce654813db9fd1533901365\"},\"breadcrumb\":{\"@id\":\"https:\\\/\\\/www.cargo-montreal.ca\\\/fr\\\/mise-a-jour-de-letude-profile-du-secteur-de-la-logistique-et-des-transports-du-grand-montreal\\\/#breadcrumb\"},\"inLanguage\":\"fr-FR\",\"potentialAction\":[{\"@type\":\"ReadAction\",\"target\":[\"https:\\\/\\\/www.cargo-montreal.ca\\\/fr\\\/mise-a-jour-de-letude-profile-du-secteur-de-la-logistique-et-des-transports-du-grand-montreal\\\/\"]}]},{\"@type\":\"ImageObject\",\"inLanguage\":\"fr-FR\",\"@id\":\"https:\\\/\\\/www.cargo-montreal.ca\\\/fr\\\/mise-a-jour-de-letude-profile-du-secteur-de-la-logistique-et-des-transports-du-grand-montreal\\\/#primaryimage\",\"url\":\"https:\\\/\\\/www.cargo-montreal.ca\\\/wp-content\\\/uploads\\\/2023\\\/02\\\/M-A-J_EtudeKPMG.jpg\",\"contentUrl\":\"https:\\\/\\\/www.cargo-montreal.ca\\\/wp-content\\\/uploads\\\/2023\\\/02\\\/M-A-J_EtudeKPMG.jpg\",\"width\":1523,\"height\":855},{\"@type\":\"BreadcrumbList\",\"@id\":\"https:\\\/\\\/www.cargo-montreal.ca\\\/fr\\\/mise-a-jour-de-letude-profile-du-secteur-de-la-logistique-et-des-transports-du-grand-montreal\\\/#breadcrumb\",\"itemListElement\":[{\"@type\":\"ListItem\",\"position\":1,\"name\":\"Home\",\"item\":\"https:\\\/\\\/www.cargo-montreal.ca\\\/fr\\\/\"},{\"@type\":\"ListItem\",\"position\":2,\"name\":\"Mise \u00e0 jour de l\u2019\u00e9tude : Profile du secteur de la logistique et des transports du Grand Montr\u00e9al\"}]},{\"@type\":\"WebSite\",\"@id\":\"https:\\\/\\\/www.cargo-montreal.ca\\\/fr\\\/#website\",\"url\":\"https:\\\/\\\/www.cargo-montreal.ca\\\/fr\\\/\",\"name\":\"CargoM\",\"description\":\"La mission de CargoM: Rassembler les acteurs de la logistique &amp; du transport de marchandises du Grand Montr\u00e9al autour d&#039;objectifs communs, d&#039;actions concert\u00e9es\",\"potentialAction\":[{\"@type\":\"SearchAction\",\"target\":{\"@type\":\"EntryPoint\",\"urlTemplate\":\"https:\\\/\\\/www.cargo-montreal.ca\\\/fr\\\/?s={search_term_string}\"},\"query-input\":{\"@type\":\"PropertyValueSpecification\",\"valueRequired\":true,\"valueName\":\"search_term_string\"}}],\"inLanguage\":\"fr-FR\"},{\"@type\":\"Person\",\"@id\":\"https:\\\/\\\/www.cargo-montreal.ca\\\/fr\\\/#\\\/schema\\\/person\\\/80476d173ce654813db9fd1533901365\",\"name\":\"Karine Dudognon\",\"image\":{\"@type\":\"ImageObject\",\"inLanguage\":\"fr-FR\",\"@id\":\"https:\\\/\\\/secure.gravatar.com\\\/avatar\\\/673bdfb703a9b6685a88bc7dfb04a9ea2b48b30e9d1663a5e759a4e9bfa3e2c0?s=96&d=mm&r=g\",\"url\":\"https:\\\/\\\/secure.gravatar.com\\\/avatar\\\/673bdfb703a9b6685a88bc7dfb04a9ea2b48b30e9d1663a5e759a4e9bfa3e2c0?s=96&d=mm&r=g\",\"contentUrl\":\"https:\\\/\\\/secure.gravatar.com\\\/avatar\\\/673bdfb703a9b6685a88bc7dfb04a9ea2b48b30e9d1663a5e759a4e9bfa3e2c0?s=96&d=mm&r=g\",\"caption\":\"Karine Dudognon\"},\"url\":\"https:\\\/\\\/www.cargo-montreal.ca\\\/fr\\\/author\\\/karine\\\/\"}]}<\/script>\n<!-- \/ Yoast SEO plugin. -->","yoast_head_json":{"title":"Mise \u00e0 jour de l\u2019\u00e9tude : Profile du secteur de la logistique et des transports du Grand Montr\u00e9al - CargoM","robots":{"index":"index","follow":"follow","max-snippet":"max-snippet:-1","max-image-preview":"max-image-preview:large","max-video-preview":"max-video-preview:-1"},"canonical":"https:\/\/www.cargo-montreal.ca\/fr\/mise-a-jour-de-letude-profile-du-secteur-de-la-logistique-et-des-transports-du-grand-montreal\/","og_locale":"fr_FR","og_type":"article","og_title":"Mise \u00e0 jour de l\u2019\u00e9tude : Profile du secteur de la logistique et des transports du Grand Montr\u00e9al - CargoM","og_description":"CargoM, est heureuse de pr\u00e9senter les r\u00e9sultats mis \u00e0 jour de l\u2019\u00e9tude r\u00e9alis\u00e9e par KPMG en 2013-2014 portant sur le secteur de la logistique et du transport de marchandises\u00a0au Qu\u00e9bec et plus particuli\u00e8rement dans le Grand Montr\u00e9al. \u00a0Cette \u00e9tude, qui a servi de fondation aux premiers projets de la Grappe, regroupe les donn\u00e9es disponibles sur [&hellip;]","og_url":"https:\/\/www.cargo-montreal.ca\/fr\/mise-a-jour-de-letude-profile-du-secteur-de-la-logistique-et-des-transports-du-grand-montreal\/","og_site_name":"CargoM","article_published_time":"2023-02-15T16:32:10+00:00","og_image":[{"width":1523,"height":855,"url":"https:\/\/www.cargo-montreal.ca\/wp-content\/uploads\/2023\/02\/M-A-J_EtudeKPMG.jpg","type":"image\/jpeg"}],"author":"Karine Dudognon","twitter_card":"summary_large_image","twitter_misc":{"\u00c9crit par":"Karine Dudognon","Dur\u00e9e de lecture estim\u00e9e":"1 minute"},"schema":{"@context":"https:\/\/schema.org","@graph":[{"@type":"Article","@id":"https:\/\/www.cargo-montreal.ca\/fr\/mise-a-jour-de-letude-profile-du-secteur-de-la-logistique-et-des-transports-du-grand-montreal\/#article","isPartOf":{"@id":"https:\/\/www.cargo-montreal.ca\/fr\/mise-a-jour-de-letude-profile-du-secteur-de-la-logistique-et-des-transports-du-grand-montreal\/"},"author":{"name":"Karine Dudognon","@id":"https:\/\/www.cargo-montreal.ca\/fr\/#\/schema\/person\/80476d173ce654813db9fd1533901365"},"headline":"Mise \u00e0 jour de l\u2019\u00e9tude : Profile du secteur de la logistique et des transports du Grand Montr\u00e9al","datePublished":"2023-02-15T16:32:10+00:00","mainEntityOfPage":{"@id":"https:\/\/www.cargo-montreal.ca\/fr\/mise-a-jour-de-letude-profile-du-secteur-de-la-logistique-et-des-transports-du-grand-montreal\/"},"wordCount":238,"image":{"@id":"https:\/\/www.cargo-montreal.ca\/fr\/mise-a-jour-de-letude-profile-du-secteur-de-la-logistique-et-des-transports-du-grand-montreal\/#primaryimage"},"thumbnailUrl":"https:\/\/www.cargo-montreal.ca\/wp-content\/uploads\/2023\/02\/M-A-J_EtudeKPMG.jpg","articleSection":["Services logistiques"],"inLanguage":"fr-FR"},{"@type":"WebPage","@id":"https:\/\/www.cargo-montreal.ca\/fr\/mise-a-jour-de-letude-profile-du-secteur-de-la-logistique-et-des-transports-du-grand-montreal\/","url":"https:\/\/www.cargo-montreal.ca\/fr\/mise-a-jour-de-letude-profile-du-secteur-de-la-logistique-et-des-transports-du-grand-montreal\/","name":"Mise \u00e0 jour de l\u2019\u00e9tude : Profile du secteur de la logistique et des transports du Grand Montr\u00e9al - CargoM","isPartOf":{"@id":"https:\/\/www.cargo-montreal.ca\/fr\/#website"},"primaryImageOfPage":{"@id":"https:\/\/www.cargo-montreal.ca\/fr\/mise-a-jour-de-letude-profile-du-secteur-de-la-logistique-et-des-transports-du-grand-montreal\/#primaryimage"},"image":{"@id":"https:\/\/www.cargo-montreal.ca\/fr\/mise-a-jour-de-letude-profile-du-secteur-de-la-logistique-et-des-transports-du-grand-montreal\/#primaryimage"},"thumbnailUrl":"https:\/\/www.cargo-montreal.ca\/wp-content\/uploads\/2023\/02\/M-A-J_EtudeKPMG.jpg","datePublished":"2023-02-15T16:32:10+00:00","author":{"@id":"https:\/\/www.cargo-montreal.ca\/fr\/#\/schema\/person\/80476d173ce654813db9fd1533901365"},"breadcrumb":{"@id":"https:\/\/www.cargo-montreal.ca\/fr\/mise-a-jour-de-letude-profile-du-secteur-de-la-logistique-et-des-transports-du-grand-montreal\/#breadcrumb"},"inLanguage":"fr-FR","potentialAction":[{"@type":"ReadAction","target":["https:\/\/www.cargo-montreal.ca\/fr\/mise-a-jour-de-letude-profile-du-secteur-de-la-logistique-et-des-transports-du-grand-montreal\/"]}]},{"@type":"ImageObject","inLanguage":"fr-FR","@id":"https:\/\/www.cargo-montreal.ca\/fr\/mise-a-jour-de-letude-profile-du-secteur-de-la-logistique-et-des-transports-du-grand-montreal\/#primaryimage","url":"https:\/\/www.cargo-montreal.ca\/wp-content\/uploads\/2023\/02\/M-A-J_EtudeKPMG.jpg","contentUrl":"https:\/\/www.cargo-montreal.ca\/wp-content\/uploads\/2023\/02\/M-A-J_EtudeKPMG.jpg","width":1523,"height":855},{"@type":"BreadcrumbList","@id":"https:\/\/www.cargo-montreal.ca\/fr\/mise-a-jour-de-letude-profile-du-secteur-de-la-logistique-et-des-transports-du-grand-montreal\/#breadcrumb","itemListElement":[{"@type":"ListItem","position":1,"name":"Home","item":"https:\/\/www.cargo-montreal.ca\/fr\/"},{"@type":"ListItem","position":2,"name":"Mise \u00e0 jour de l\u2019\u00e9tude : Profile du secteur de la logistique et des transports du Grand Montr\u00e9al"}]},{"@type":"WebSite","@id":"https:\/\/www.cargo-montreal.ca\/fr\/#website","url":"https:\/\/www.cargo-montreal.ca\/fr\/","name":"CargoM","description":"La mission de CargoM: Rassembler les acteurs de la logistique &amp; du transport de marchandises du Grand Montr\u00e9al autour d&#039;objectifs communs, d&#039;actions concert\u00e9es","potentialAction":[{"@type":"SearchAction","target":{"@type":"EntryPoint","urlTemplate":"https:\/\/www.cargo-montreal.ca\/fr\/?s={search_term_string}"},"query-input":{"@type":"PropertyValueSpecification","valueRequired":true,"valueName":"search_term_string"}}],"inLanguage":"fr-FR"},{"@type":"Person","@id":"https:\/\/www.cargo-montreal.ca\/fr\/#\/schema\/person\/80476d173ce654813db9fd1533901365","name":"Karine Dudognon","image":{"@type":"ImageObject","inLanguage":"fr-FR","@id":"https:\/\/secure.gravatar.com\/avatar\/673bdfb703a9b6685a88bc7dfb04a9ea2b48b30e9d1663a5e759a4e9bfa3e2c0?s=96&d=mm&r=g","url":"https:\/\/secure.gravatar.com\/avatar\/673bdfb703a9b6685a88bc7dfb04a9ea2b48b30e9d1663a5e759a4e9bfa3e2c0?s=96&d=mm&r=g","contentUrl":"https:\/\/secure.gravatar.com\/avatar\/673bdfb703a9b6685a88bc7dfb04a9ea2b48b30e9d1663a5e759a4e9bfa3e2c0?s=96&d=mm&r=g","caption":"Karine Dudognon"},"url":"https:\/\/www.cargo-montreal.ca\/fr\/author\/karine\/"}]}},"_links":{"self":[{"href":"https:\/\/www.cargo-montreal.ca\/fr\/wp-json\/wp\/v2\/posts\/14364","targetHints":{"allow":["GET"]}}],"collection":[{"href":"https:\/\/www.cargo-montreal.ca\/fr\/wp-json\/wp\/v2\/posts"}],"about":[{"href":"https:\/\/www.cargo-montreal.ca\/fr\/wp-json\/wp\/v2\/types\/post"}],"author":[{"embeddable":true,"href":"https:\/\/www.cargo-montreal.ca\/fr\/wp-json\/wp\/v2\/users\/39"}],"replies":[{"embeddable":true,"href":"https:\/\/www.cargo-montreal.ca\/fr\/wp-json\/wp\/v2\/comments?post=14364"}],"version-history":[{"count":1,"href":"https:\/\/www.cargo-montreal.ca\/fr\/wp-json\/wp\/v2\/posts\/14364\/revisions"}],"predecessor-version":[{"id":14403,"href":"https:\/\/www.cargo-montreal.ca\/fr\/wp-json\/wp\/v2\/posts\/14364\/revisions\/14403"}],"wp:featuredmedia":[{"embeddable":true,"href":"https:\/\/www.cargo-montreal.ca\/fr\/wp-json\/wp\/v2\/media\/14395"}],"wp:attachment":[{"href":"https:\/\/www.cargo-montreal.ca\/fr\/wp-json\/wp\/v2\/media?parent=14364"}],"wp:term":[{"taxonomy":"category","embeddable":true,"href":"https:\/\/www.cargo-montreal.ca\/fr\/wp-json\/wp\/v2\/categories?post=14364"},{"taxonomy":"post_tag","embeddable":true,"href":"https:\/\/www.cargo-montreal.ca\/fr\/wp-json\/wp\/v2\/tags?post=14364"}],"curies":[{"name":"wp","href":"https:\/\/api.w.org\/{rel}","templated":true}]}}